{"id":219992,"date":"2026-08-31T11:07:01","date_gmt":"2026-08-31T14:07:01","guid":{"rendered":"https:\/\/folhapopular.info\/?p=219992"},"modified":"2026-08-31T11:07:03","modified_gmt":"2026-08-31T14:07:03","slug":"homem-e-preso-por-trafico-de-drogas-em-roca-sales-4","status":"publish","type":"post","link":"https:\/\/folhapopular.info\/index.php\/2026\/08\/31\/homem-e-preso-por-trafico-de-drogas-em-roca-sales-4\/","title":{"rendered":"Homem \u00e9 preso por tr\u00e1fico de drogas em Roca Sales"},"content":{"rendered":"\n<p class=\"wp-block-paragraph\">Um homem de 23 anos foi preso por tr\u00e1fico de drogas na noite deste domingo (30\/8), no bairro Dois Lajeados, em Roca Sales.<\/p>\n\n\n\n<p class=\"wp-block-paragraph\">Conforme a Brigada Militar, durante patrulhamento, os policiais identificaram uma situa\u00e7\u00e3o relacionada \u00e0 comercializa\u00e7\u00e3o de entorpecentes em uma resid\u00eancia. No local, foram apreendidas por\u00e7\u00f5es de drogas, uma balan\u00e7a de precis\u00e3o, materiais utilizados para armazenamento e fracionamento, celulares e dinheiro em esp\u00e9cie.<\/p>\n\n\n\n<p class=\"wp-block-paragraph\">Inicialmente, uma mulher foi conduzida \u00e0 Delegacia de Pol\u00edcia para prestar esclarecimentos. Durante o registro da ocorr\u00eancia, um homem de 23 anos compareceu acompanhado de uma advogada e assumiu a propriedade do material apreendido.<\/p>\n\n\n\n<p class=\"wp-block-paragraph\">Diante da declara\u00e7\u00e3o, a autoridade policial determinou a pris\u00e3o em flagrante do homem. A mulher foi qualificada como testemunha e posteriormente liberada.<\/p>\n\n\n\n<p class=\"wp-block-paragraph\">O preso passou por atendimento m\u00e9dico e, na sequ\u00eancia, foi apresentado \u00e0 autoridade policial para os procedimentos legais.<\/p>\n","protected":false},"excerpt":{"rendered":"<p>Um homem de 23 anos foi preso por tr\u00e1fico de drogas na noite deste domingo (30\/8), no bairro Dois Lajeados, em Roca Sales. Conforme a Brigada Militar, durante patrulhamento, os policiais identificaram uma situa\u00e7\u00e3o relacionada \u00e0 comercializa\u00e7\u00e3o de entorpecentes em uma resid\u00eancia. No local, foram apreendidas por\u00e7\u00f5es de drogas, uma balan\u00e7a de precis\u00e3o, materiais utilizados [&hellip;]<\/p>\n","protected":false},"author":8,"featured_media":219993,"comment_status":"open","ping_status":"open","sticky":false,"template":"","format":"standard","meta":{"pmpro_default_level":"","_jetpack_memberships_contains_paid_content":false,"footnotes":""},"categories":[10982,7],"tags":[107,707,9884],"class_list":["post-219992","post","type-post","status-publish","format-standard","has-post-thumbnail","category-policia","category-seguranca","tag-prisao","tag-roca-sales","tag-trafico-de-drgas","pmpro-has-access"],"yoast_head":"<!-- This site is optimized with the Yoast SEO plugin v28.3 - https:\/\/yoast.com\/product\/yoast-seo-wordpress\/ -->\n<title>Homem \u00e9 preso por tr\u00e1fico de drogas em Roca Sales - Folha Popular<\/title>\n<meta name=\"robots\" content=\"index, follow, max-snippet:-1, max-image-preview:large, max-video-preview:-1\" \/>\n<link rel=\"canonical\" href=\"https:\/\/folhapopular.info\/index.php\/2026\/08\/31\/homem-e-preso-por-trafico-de-drogas-em-roca-sales-4\/\" \/>\n<meta property=\"og:locale\" content=\"pt_BR\" \/>\n<meta property=\"og:type\" content=\"article\" \/>\n<meta property=\"og:title\" content=\"Homem \u00e9 preso por tr\u00e1fico de drogas em Roca Sales - Folha Popular\" \/>\n<meta property=\"og:description\" content=\"Um homem de 23 anos foi preso por tr\u00e1fico de drogas na noite deste domingo (30\/8), no bairro Dois Lajeados, em Roca Sales. Conforme a Brigada Militar, durante patrulhamento, os policiais identificaram uma situa\u00e7\u00e3o relacionada \u00e0 comercializa\u00e7\u00e3o de entorpecentes em uma resid\u00eancia. No local, foram apreendidas por\u00e7\u00f5es de drogas, uma balan\u00e7a de precis\u00e3o, materiais utilizados [&hellip;]\" \/>\n<meta property=\"og:url\" content=\"https:\/\/folhapopular.info\/index.php\/2026\/08\/31\/homem-e-preso-por-trafico-de-drogas-em-roca-sales-4\/\" \/>\n<meta property=\"og:site_name\" content=\"Folha Popular\" \/>\n<meta property=\"article:published_time\" content=\"2026-08-31T14:07:01+00:00\" \/>\n<meta property=\"article:modified_time\" content=\"2026-08-31T14:07:03+00:00\" \/>\n<meta property=\"og:image\" content=\"https:\/\/folhapopular.info\/wp-content\/uploads\/2026\/08\/WhatsApp-Image-2026-08-31-at-07.19.57.webp\" \/>\n\t<meta property=\"og:image:width\" content=\"960\" \/>\n\t<meta property=\"og:image:height\" content=\"1280\" \/>\n\t<meta property=\"og:image:type\" content=\"image\/webp\" \/>\n<meta name=\"author\" content=\"Reda\u00e7\u00e3o Folha Popular\" \/>\n<meta name=\"twitter:card\" content=\"summary_large_image\" \/>\n<meta name=\"twitter:label1\" content=\"Escrito por\" \/>\n\t<meta name=\"twitter:data1\" content=\"Reda\u00e7\u00e3o Folha Popular\" \/>\n\t<meta name=\"twitter:label2\" content=\"Est. tempo de leitura\" \/>\n\t<meta name=\"twitter:data2\" content=\"1 minuto\" \/>\n<script type=\"application\/ld+json\" class=\"yoast-schema-graph\">{\"@context\":\"https:\\\/\\\/schema.org\",\"@graph\":[{\"@type\":\"Article\",\"@id\":\"https:\\\/\\\/folhapopular.info\\\/index.php\\\/2026\\\/08\\\/31\\\/homem-e-preso-por-trafico-de-drogas-em-roca-sales-4\\\/#article\",\"isPartOf\":{\"@id\":\"https:\\\/\\\/folhapopular.info\\\/index.php\\\/2026\\\/08\\\/31\\\/homem-e-preso-por-trafico-de-drogas-em-roca-sales-4\\\/\"},\"author\":{\"name\":\"Reda\u00e7\u00e3o Folha Popular\",\"@id\":\"https:\\\/\\\/folhapopular.info\\\/#\\\/schema\\\/person\\\/2814e8a0df7643585a9ca38bc6eb9d4b\"},\"headline\":\"Homem \u00e9 preso por tr\u00e1fico de drogas em Roca Sales\",\"datePublished\":\"2026-08-31T14:07:01+00:00\",\"dateModified\":\"2026-08-31T14:07:03+00:00\",\"mainEntityOfPage\":{\"@id\":\"https:\\\/\\\/folhapopular.info\\\/index.php\\\/2026\\\/08\\\/31\\\/homem-e-preso-por-trafico-de-drogas-em-roca-sales-4\\\/\"},\"wordCount\":156,\"commentCount\":0,\"image\":{\"@id\":\"https:\\\/\\\/folhapopular.info\\\/index.php\\\/2026\\\/08\\\/31\\\/homem-e-preso-por-trafico-de-drogas-em-roca-sales-4\\\/#primaryimage\"},\"thumbnailUrl\":\"https:\\\/\\\/folhapopular.info\\\/wp-content\\\/uploads\\\/2026\\\/08\\\/WhatsApp-Image-2026-08-31-at-07.19.57.webp\",\"keywords\":[\"Pris\u00e3o\",\"Roca Sales\",\"Tr\u00e1fico de drgas\"],\"articleSection\":[\"Pol\u00edcia\",\"Seguran\u00e7a\"],\"inLanguage\":\"pt-BR\",\"potentialAction\":[{\"@type\":\"CommentAction\",\"name\":\"Comment\",\"target\":[\"https:\\\/\\\/folhapopular.info\\\/index.php\\\/2026\\\/08\\\/31\\\/homem-e-preso-por-trafico-de-drogas-em-roca-sales-4\\\/#respond\"]}]},{\"@type\":\"WebPage\",\"@id\":\"https:\\\/\\\/folhapopular.info\\\/index.php\\\/2026\\\/08\\\/31\\\/homem-e-preso-por-trafico-de-drogas-em-roca-sales-4\\\/\",\"url\":\"https:\\\/\\\/folhapopular.info\\\/index.php\\\/2026\\\/08\\\/31\\\/homem-e-preso-por-trafico-de-drogas-em-roca-sales-4\\\/\",\"name\":\"Homem \u00e9 preso por tr\u00e1fico de drogas em Roca Sales - Folha Popular\",\"isPartOf\":{\"@id\":\"https:\\\/\\\/folhapopular.info\\\/#website\"},\"primaryImageOfPage\":{\"@id\":\"https:\\\/\\\/folhapopular.info\\\/index.php\\\/2026\\\/08\\\/31\\\/homem-e-preso-por-trafico-de-drogas-em-roca-sales-4\\\/#primaryimage\"},\"image\":{\"@id\":\"https:\\\/\\\/folhapopular.info\\\/index.php\\\/2026\\\/08\\\/31\\\/homem-e-preso-por-trafico-de-drogas-em-roca-sales-4\\\/#primaryimage\"},\"thumbnailUrl\":\"https:\\\/\\\/folhapopular.info\\\/wp-content\\\/uploads\\\/2026\\\/08\\\/WhatsApp-Image-2026-08-31-at-07.19.57.webp\",\"datePublished\":\"2026-08-31T14:07:01+00:00\",\"dateModified\":\"2026-08-31T14:07:03+00:00\",\"author\":{\"@id\":\"https:\\\/\\\/folhapopular.info\\\/#\\\/schema\\\/person\\\/2814e8a0df7643585a9ca38bc6eb9d4b\"},\"breadcrumb\":{\"@id\":\"https:\\\/\\\/folhapopular.info\\\/index.php\\\/2026\\\/08\\\/31\\\/homem-e-preso-por-trafico-de-drogas-em-roca-sales-4\\\/#breadcrumb\"},\"inLanguage\":\"pt-BR\",\"potentialAction\":[{\"@type\":\"ReadAction\",\"target\":[\"https:\\\/\\\/folhapopular.info\\\/index.php\\\/2026\\\/08\\\/31\\\/homem-e-preso-por-trafico-de-drogas-em-roca-sales-4\\\/\"]}]},{\"@type\":\"ImageObject\",\"inLanguage\":\"pt-BR\",\"@id\":\"https:\\\/\\\/folhapopular.info\\\/index.php\\\/2026\\\/08\\\/31\\\/homem-e-preso-por-trafico-de-drogas-em-roca-sales-4\\\/#primaryimage\",\"url\":\"https:\\\/\\\/folhapopular.info\\\/wp-content\\\/uploads\\\/2026\\\/08\\\/WhatsApp-Image-2026-08-31-at-07.19.57.webp\",\"contentUrl\":\"https:\\\/\\\/folhapopular.info\\\/wp-content\\\/uploads\\\/2026\\\/08\\\/WhatsApp-Image-2026-08-31-at-07.19.57.webp\",\"width\":960,\"height\":1280},{\"@type\":\"BreadcrumbList\",\"@id\":\"https:\\\/\\\/folhapopular.info\\\/index.php\\\/2026\\\/08\\\/31\\\/homem-e-preso-por-trafico-de-drogas-em-roca-sales-4\\\/#breadcrumb\",\"itemListElement\":[{\"@type\":\"ListItem\",\"position\":1,\"name\":\"In\u00edcio\",\"item\":\"https:\\\/\\\/folhapopular.info\\\/\"},{\"@type\":\"ListItem\",\"position\":2,\"name\":\"Homem \u00e9 preso por tr\u00e1fico de drogas em Roca Sales\"}]},{\"@type\":\"WebSite\",\"@id\":\"https:\\\/\\\/folhapopular.info\\\/#website\",\"url\":\"https:\\\/\\\/folhapopular.info\\\/\",\"name\":\"Folha Popular\",\"description\":\"Onde voc\u00ea tem vez e voz\",\"potentialAction\":[{\"@type\":\"SearchAction\",\"target\":{\"@type\":\"EntryPoint\",\"urlTemplate\":\"https:\\\/\\\/folhapopular.info\\\/?s={search_term_string}\"},\"query-input\":{\"@type\":\"PropertyValueSpecification\",\"valueRequired\":true,\"valueName\":\"search_term_string\"}}],\"inLanguage\":\"pt-BR\"},{\"@type\":\"Person\",\"@id\":\"https:\\\/\\\/folhapopular.info\\\/#\\\/schema\\\/person\\\/2814e8a0df7643585a9ca38bc6eb9d4b\",\"name\":\"Reda\u00e7\u00e3o Folha Popular\",\"image\":{\"@type\":\"ImageObject\",\"inLanguage\":\"pt-BR\",\"@id\":\"https:\\\/\\\/folhapopular.info\\\/wp-content\\\/uploads\\\/2026\\\/04\\\/Folha-1.webp\",\"url\":\"https:\\\/\\\/folhapopular.info\\\/wp-content\\\/uploads\\\/2026\\\/04\\\/Folha-1.webp\",\"contentUrl\":\"https:\\\/\\\/folhapopular.info\\\/wp-content\\\/uploads\\\/2026\\\/04\\\/Folha-1.webp\",\"caption\":\"Reda\u00e7\u00e3o Folha Popular\"},\"url\":\"https:\\\/\\\/folhapopular.info\\\/index.php\\\/author\\\/redacao\\\/\"}]}<\/script>\n<!-- \/ Yoast SEO plugin. -->","yoast_head_json":{"title":"Homem \u00e9 preso por tr\u00e1fico de drogas em Roca Sales - Folha Popular","robots":{"index":"index","follow":"follow","max-snippet":"max-snippet:-1","max-image-preview":"max-image-preview:large","max-video-preview":"max-video-preview:-1"},"canonical":"https:\/\/folhapopular.info\/index.php\/2026\/08\/31\/homem-e-preso-por-trafico-de-drogas-em-roca-sales-4\/","og_locale":"pt_BR","og_type":"article","og_title":"Homem \u00e9 preso por tr\u00e1fico de drogas em Roca Sales - Folha Popular","og_description":"Um homem de 23 anos foi preso por tr\u00e1fico de drogas na noite deste domingo (30\/8), no bairro Dois Lajeados, em Roca Sales. Conforme a Brigada Militar, durante patrulhamento, os policiais identificaram uma situa\u00e7\u00e3o relacionada \u00e0 comercializa\u00e7\u00e3o de entorpecentes em uma resid\u00eancia. No local, foram apreendidas por\u00e7\u00f5es de drogas, uma balan\u00e7a de precis\u00e3o, materiais utilizados [&hellip;]","og_url":"https:\/\/folhapopular.info\/index.php\/2026\/08\/31\/homem-e-preso-por-trafico-de-drogas-em-roca-sales-4\/","og_site_name":"Folha Popular","article_published_time":"2026-08-31T14:07:01+00:00","article_modified_time":"2026-08-31T14:07:03+00:00","og_image":[{"width":960,"height":1280,"url":"https:\/\/folhapopular.info\/wp-content\/uploads\/2026\/08\/WhatsApp-Image-2026-08-31-at-07.19.57.webp","type":"image\/webp"}],"author":"Reda\u00e7\u00e3o Folha Popular","twitter_card":"summary_large_image","twitter_misc":{"Escrito por":"Reda\u00e7\u00e3o Folha Popular","Est. tempo de leitura":"1 minuto"},"schema":{"@context":"https:\/\/schema.org","@graph":[{"@type":"Article","@id":"https:\/\/folhapopular.info\/index.php\/2026\/08\/31\/homem-e-preso-por-trafico-de-drogas-em-roca-sales-4\/#article","isPartOf":{"@id":"https:\/\/folhapopular.info\/index.php\/2026\/08\/31\/homem-e-preso-por-trafico-de-drogas-em-roca-sales-4\/"},"author":{"name":"Reda\u00e7\u00e3o Folha Popular","@id":"https:\/\/folhapopular.info\/#\/schema\/person\/2814e8a0df7643585a9ca38bc6eb9d4b"},"headline":"Homem \u00e9 preso por tr\u00e1fico de drogas em Roca Sales","datePublished":"2026-08-31T14:07:01+00:00","dateModified":"2026-08-31T14:07:03+00:00","mainEntityOfPage":{"@id":"https:\/\/folhapopular.info\/index.php\/2026\/08\/31\/homem-e-preso-por-trafico-de-drogas-em-roca-sales-4\/"},"wordCount":156,"commentCount":0,"image":{"@id":"https:\/\/folhapopular.info\/index.php\/2026\/08\/31\/homem-e-preso-por-trafico-de-drogas-em-roca-sales-4\/#primaryimage"},"thumbnailUrl":"https:\/\/folhapopular.info\/wp-content\/uploads\/2026\/08\/WhatsApp-Image-2026-08-31-at-07.19.57.webp","keywords":["Pris\u00e3o","Roca Sales","Tr\u00e1fico de drgas"],"articleSection":["Pol\u00edcia","Seguran\u00e7a"],"inLanguage":"pt-BR","potentialAction":[{"@type":"CommentAction","name":"Comment","target":["https:\/\/folhapopular.info\/index.php\/2026\/08\/31\/homem-e-preso-por-trafico-de-drogas-em-roca-sales-4\/#respond"]}]},{"@type":"WebPage","@id":"https:\/\/folhapopular.info\/index.php\/2026\/08\/31\/homem-e-preso-por-trafico-de-drogas-em-roca-sales-4\/","url":"https:\/\/folhapopular.info\/index.php\/2026\/08\/31\/homem-e-preso-por-trafico-de-drogas-em-roca-sales-4\/","name":"Homem \u00e9 preso por tr\u00e1fico de drogas em Roca Sales - Folha Popular","isPartOf":{"@id":"https:\/\/folhapopular.info\/#website"},"primaryImageOfPage":{"@id":"https:\/\/folhapopular.info\/index.php\/2026\/08\/31\/homem-e-preso-por-trafico-de-drogas-em-roca-sales-4\/#primaryimage"},"image":{"@id":"https:\/\/folhapopular.info\/index.php\/2026\/08\/31\/homem-e-preso-por-trafico-de-drogas-em-roca-sales-4\/#primaryimage"},"thumbnailUrl":"https:\/\/folhapopular.info\/wp-content\/uploads\/2026\/08\/WhatsApp-Image-2026-08-31-at-07.19.57.webp","datePublished":"2026-08-31T14:07:01+00:00","dateModified":"2026-08-31T14:07:03+00:00","author":{"@id":"https:\/\/folhapopular.info\/#\/schema\/person\/2814e8a0df7643585a9ca38bc6eb9d4b"},"breadcrumb":{"@id":"https:\/\/folhapopular.info\/index.php\/2026\/08\/31\/homem-e-preso-por-trafico-de-drogas-em-roca-sales-4\/#breadcrumb"},"inLanguage":"pt-BR","potentialAction":[{"@type":"ReadAction","target":["https:\/\/folhapopular.info\/index.php\/2026\/08\/31\/homem-e-preso-por-trafico-de-drogas-em-roca-sales-4\/"]}]},{"@type":"ImageObject","inLanguage":"pt-BR","@id":"https:\/\/folhapopular.info\/index.php\/2026\/08\/31\/homem-e-preso-por-trafico-de-drogas-em-roca-sales-4\/#primaryimage","url":"https:\/\/folhapopular.info\/wp-content\/uploads\/2026\/08\/WhatsApp-Image-2026-08-31-at-07.19.57.webp","contentUrl":"https:\/\/folhapopular.info\/wp-content\/uploads\/2026\/08\/WhatsApp-Image-2026-08-31-at-07.19.57.webp","width":960,"height":1280},{"@type":"BreadcrumbList","@id":"https:\/\/folhapopular.info\/index.php\/2026\/08\/31\/homem-e-preso-por-trafico-de-drogas-em-roca-sales-4\/#breadcrumb","itemListElement":[{"@type":"ListItem","position":1,"name":"In\u00edcio","item":"https:\/\/folhapopular.info\/"},{"@type":"ListItem","position":2,"name":"Homem \u00e9 preso por tr\u00e1fico de drogas em Roca Sales"}]},{"@type":"WebSite","@id":"https:\/\/folhapopular.info\/#website","url":"https:\/\/folhapopular.info\/","name":"Folha Popular","description":"Onde voc\u00ea tem vez e voz","potentialAction":[{"@type":"SearchAction","target":{"@type":"EntryPoint","urlTemplate":"https:\/\/folhapopular.info\/?s={search_term_string}"},"query-input":{"@type":"PropertyValueSpecification","valueRequired":true,"valueName":"search_term_string"}}],"inLanguage":"pt-BR"},{"@type":"Person","@id":"https:\/\/folhapopular.info\/#\/schema\/person\/2814e8a0df7643585a9ca38bc6eb9d4b","name":"Reda\u00e7\u00e3o Folha Popular","image":{"@type":"ImageObject","inLanguage":"pt-BR","@id":"https:\/\/folhapopular.info\/wp-content\/uploads\/2026\/04\/Folha-1.webp","url":"https:\/\/folhapopular.info\/wp-content\/uploads\/2026\/04\/Folha-1.webp","contentUrl":"https:\/\/folhapopular.info\/wp-content\/uploads\/2026\/04\/Folha-1.webp","caption":"Reda\u00e7\u00e3o Folha Popular"},"url":"https:\/\/folhapopular.info\/index.php\/author\/redacao\/"}]}},"jetpack_sharing_enabled":true,"amp_enabled":true,"jetpack_featured_media_url":"https:\/\/folhapopular.info\/wp-content\/uploads\/2026\/08\/WhatsApp-Image-2026-08-31-at-07.19.57.webp","_links":{"self":[{"href":"https:\/\/folhapopular.info\/index.php\/wp-json\/wp\/v2\/posts\/219992","targetHints":{"allow":["GET"]}}],"collection":[{"href":"https:\/\/folhapopular.info\/index.php\/wp-json\/wp\/v2\/posts"}],"about":[{"href":"https:\/\/folhapopular.info\/index.php\/wp-json\/wp\/v2\/types\/post"}],"author":[{"embeddable":true,"href":"https:\/\/folhapopular.info\/index.php\/wp-json\/wp\/v2\/users\/8"}],"replies":[{"embeddable":true,"href":"https:\/\/folhapopular.info\/index.php\/wp-json\/wp\/v2\/comments?post=219992"}],"version-history":[{"count":1,"href":"https:\/\/folhapopular.info\/index.php\/wp-json\/wp\/v2\/posts\/219992\/revisions"}],"predecessor-version":[{"id":219994,"href":"https:\/\/folhapopular.info\/index.php\/wp-json\/wp\/v2\/posts\/219992\/revisions\/219994"}],"wp:featuredmedia":[{"embeddable":true,"href":"https:\/\/folhapopular.info\/index.php\/wp-json\/wp\/v2\/media\/219993"}],"wp:attachment":[{"href":"https:\/\/folhapopular.info\/index.php\/wp-json\/wp\/v2\/media?parent=219992"}],"wp:term":[{"taxonomy":"category","embeddable":true,"href":"https:\/\/folhapopular.info\/index.php\/wp-json\/wp\/v2\/categories?post=219992"},{"taxonomy":"post_tag","embeddable":true,"href":"https:\/\/folhapopular.info\/index.php\/wp-json\/wp\/v2\/tags?post=219992"}],"curies":[{"name":"wp","href":"https:\/\/api.w.org\/{rel}","templated":true}]}}