{"id":220017,"date":"2026-08-31T15:45:00","date_gmt":"2026-08-31T18:45:00","guid":{"rendered":"https:\/\/folhapopular.info\/?p=220017"},"modified":"2026-08-31T15:13:06","modified_gmt":"2026-08-31T18:13:06","slug":"base-do-samu-entra-na-fase-de-acabamentos-em-marques-de-souza","status":"publish","type":"post","link":"https:\/\/folhapopular.info\/index.php\/2026\/08\/31\/base-do-samu-entra-na-fase-de-acabamentos-em-marques-de-souza\/","title":{"rendered":"Base do Samu entra na fase de acabamentos em Marques de Souza"},"content":{"rendered":"\n<p class=\"wp-block-paragraph\">As obras da Base Descentralizada de Suporte B\u00e1sico do Servi\u00e7o de Atendimento M\u00f3vel de Urg\u00eancia (Samu), em Marques de Souza, avan\u00e7aram para a etapa de acabamentos. A estrutura est\u00e1 sendo constru\u00edda junto \u00e0 Unidade B\u00e1sica de Sa\u00fade Dr. Juca, no Centro do munic\u00edpio.<\/p>\n\n\n\n<p class=\"wp-block-paragraph\">Nesta fase, os trabalhos de reboco foram conclu\u00eddos e teve in\u00edcio a instala\u00e7\u00e3o dos pisos. Tamb\u00e9m est\u00e3o sendo realizados os acabamentos dos banheiros. As pr\u00f3ximas etapas incluem a execu\u00e7\u00e3o da parte el\u00e9trica, pintura, instala\u00e7\u00e3o das esquadrias e coloca\u00e7\u00e3o dos m\u00f3veis.<\/p>\n\n\n\n<p class=\"wp-block-paragraph\">Atualmente, Lajeado \u00e9 o \u00fanico munic\u00edpio da regi\u00e3o que conta com uma estrutura descentralizada desse tipo, respons\u00e1vel pelo atendimento de 32 munic\u00edpios do Vale do Taquari. Com a implanta\u00e7\u00e3o da nova base em Marques de Souza, a expectativa \u00e9 ampliar a cobertura do servi\u00e7o e diminuir o tempo de resposta em situa\u00e7\u00f5es de emerg\u00eancia.<\/p>\n\n\n\n<p class=\"wp-block-paragraph\">A estrutura tamb\u00e9m dever\u00e1 beneficiar munic\u00edpios pr\u00f3ximos, como Travesseiro e Coqueiro Baixo, al\u00e9m de contribuir para o atendimento de ocorr\u00eancias registradas na BR-386.<\/p>\n\n\n\n<h2 class=\"wp-block-heading\"><strong>Atendimento mais \u00e1gil<\/strong><\/h2>\n\n\n\n<p class=\"wp-block-paragraph\">De acordo com o prefeito F\u00e1bio Mertz, o cronograma da obra segue conforme o planejamento previsto. Para ele, a instala\u00e7\u00e3o da base representa um avan\u00e7o na estrutura de atendimento de urg\u00eancia do munic\u00edpio e da regi\u00e3o.<\/p>\n\n\n\n<p class=\"wp-block-paragraph\">&#8220;A nova base contribuir\u00e1 para respostas mais r\u00e1pidas e eficientes em situa\u00e7\u00f5es de acidentes e emerg\u00eancias, proporcionando mais seguran\u00e7a para a popula\u00e7\u00e3o de Marques de Souza e tamb\u00e9m para as comunidades da regi\u00e3o.&#8221;<\/p>\n\n\n\n<h2 class=\"wp-block-heading\"><strong>Investimento de R$ 242,5 mil<\/strong><\/h2>\n\n\n\n<p class=\"wp-block-paragraph\">A Base Descentralizada de Suporte B\u00e1sico do Samu ter\u00e1 aproximadamente 64 metros quadrados. O investimento previsto \u00e9 de R$ 242,5 mil, com recursos pr\u00f3prios do munic\u00edpio.<\/p>\n\n\n\n<p class=\"wp-block-paragraph\">A estrutura ser\u00e1 preparada para atender \u00e0s necessidades de funcionamento da equipe e da unidade m\u00f3vel. Os profissionais que atuar\u00e3o na base ser\u00e3o custeados pelo Cons\u00f3rcio Intermunicipal de Servi\u00e7os do Vale do Taquari (Consisa), enquanto a unidade m\u00f3vel ficar\u00e1 sob responsabilidade do Governo Federal.<\/p>\n","protected":false},"excerpt":{"rendered":"<p>As obras da Base Descentralizada de Suporte B\u00e1sico do Servi\u00e7o de Atendimento M\u00f3vel de Urg\u00eancia (Samu), em Marques de Souza, avan\u00e7aram para a etapa de acabamentos. A estrutura est\u00e1 sendo constru\u00edda junto \u00e0 Unidade B\u00e1sica de Sa\u00fade Dr. Juca, no Centro do munic\u00edpio. Nesta fase, os trabalhos de reboco foram conclu\u00eddos e teve in\u00edcio a [&hellip;]<\/p>\n","protected":false},"author":8,"featured_media":220018,"comment_status":"open","ping_status":"open","sticky":false,"template":"","format":"standard","meta":{"pmpro_default_level":"","_jetpack_memberships_contains_paid_content":false,"footnotes":""},"categories":[3,10986],"tags":[21865,21864,555,32,156],"class_list":["post-220017","post","type-post","status-publish","format-standard","has-post-thumbnail","category-geral","category-saude","tag-acabamentos","tag-base-do-samu","tag-marques-de-souza","tag-obras","tag-vale-do-taquari","pmpro-has-access"],"yoast_head":"<!-- This site is optimized with the Yoast SEO plugin v28.3 - https:\/\/yoast.com\/product\/yoast-seo-wordpress\/ -->\n<title>Base do Samu entra na fase de acabamentos em Marques de Souza - Folha Popular<\/title>\n<meta name=\"description\" content=\"As obras da Base Descentralizada de Suporte B\u00e1sico do Servi\u00e7o de Atendimento M\u00f3vel de Urg\u00eancia (Samu), em Marques de Souza, avan\u00e7aram para a etapa de acabamentos. A estrutura est\u00e1 sendo constru\u00edda junto \u00e0 Unidade B\u00e1sica de Sa\u00fade Dr. Juca, no Centro do munic\u00edpio.\" \/>\n<meta name=\"robots\" content=\"index, follow, max-snippet:-1, max-image-preview:large, max-video-preview:-1\" \/>\n<link rel=\"canonical\" href=\"https:\/\/folhapopular.info\/index.php\/2026\/08\/31\/base-do-samu-entra-na-fase-de-acabamentos-em-marques-de-souza\/\" \/>\n<meta property=\"og:locale\" content=\"pt_BR\" \/>\n<meta property=\"og:type\" content=\"article\" \/>\n<meta property=\"og:title\" content=\"Base do Samu entra na fase de acabamentos em Marques de Souza - Folha Popular\" \/>\n<meta property=\"og:description\" content=\"As obras da Base Descentralizada de Suporte B\u00e1sico do Servi\u00e7o de Atendimento M\u00f3vel de Urg\u00eancia (Samu), em Marques de Souza, avan\u00e7aram para a etapa de acabamentos. A estrutura est\u00e1 sendo constru\u00edda junto \u00e0 Unidade B\u00e1sica de Sa\u00fade Dr. Juca, no Centro do munic\u00edpio.\" \/>\n<meta property=\"og:url\" content=\"https:\/\/folhapopular.info\/index.php\/2026\/08\/31\/base-do-samu-entra-na-fase-de-acabamentos-em-marques-de-souza\/\" \/>\n<meta property=\"og:site_name\" content=\"Folha Popular\" \/>\n<meta property=\"article:published_time\" content=\"2026-08-31T18:45:00+00:00\" \/>\n<meta property=\"og:image\" content=\"https:\/\/folhapopular.info\/wp-content\/uploads\/2026\/08\/Samu-scaled-e1788199691851.webp\" \/>\n\t<meta property=\"og:image:width\" content=\"1920\" \/>\n\t<meta property=\"og:image:height\" content=\"1374\" \/>\n\t<meta property=\"og:image:type\" content=\"image\/webp\" \/>\n<meta name=\"author\" content=\"Reda\u00e7\u00e3o Folha Popular\" \/>\n<meta name=\"twitter:card\" content=\"summary_large_image\" \/>\n<meta name=\"twitter:label1\" content=\"Escrito por\" \/>\n\t<meta name=\"twitter:data1\" content=\"Reda\u00e7\u00e3o Folha Popular\" \/>\n\t<meta name=\"twitter:label2\" content=\"Est. tempo de leitura\" \/>\n\t<meta name=\"twitter:data2\" content=\"2 minutos\" \/>\n<script type=\"application\/ld+json\" class=\"yoast-schema-graph\">{\"@context\":\"https:\\\/\\\/schema.org\",\"@graph\":[{\"@type\":\"Article\",\"@id\":\"https:\\\/\\\/folhapopular.info\\\/index.php\\\/2026\\\/08\\\/31\\\/base-do-samu-entra-na-fase-de-acabamentos-em-marques-de-souza\\\/#article\",\"isPartOf\":{\"@id\":\"https:\\\/\\\/folhapopular.info\\\/index.php\\\/2026\\\/08\\\/31\\\/base-do-samu-entra-na-fase-de-acabamentos-em-marques-de-souza\\\/\"},\"author\":{\"name\":\"Reda\u00e7\u00e3o Folha Popular\",\"@id\":\"https:\\\/\\\/folhapopular.info\\\/#\\\/schema\\\/person\\\/2814e8a0df7643585a9ca38bc6eb9d4b\"},\"headline\":\"Base do Samu entra na fase de acabamentos em Marques de Souza\",\"datePublished\":\"2026-08-31T18:45:00+00:00\",\"mainEntityOfPage\":{\"@id\":\"https:\\\/\\\/folhapopular.info\\\/index.php\\\/2026\\\/08\\\/31\\\/base-do-samu-entra-na-fase-de-acabamentos-em-marques-de-souza\\\/\"},\"wordCount\":366,\"commentCount\":0,\"image\":{\"@id\":\"https:\\\/\\\/folhapopular.info\\\/index.php\\\/2026\\\/08\\\/31\\\/base-do-samu-entra-na-fase-de-acabamentos-em-marques-de-souza\\\/#primaryimage\"},\"thumbnailUrl\":\"https:\\\/\\\/folhapopular.info\\\/wp-content\\\/uploads\\\/2026\\\/08\\\/Samu-scaled-e1788199691851.webp\",\"keywords\":[\"acabamentos\",\"Base do Samu\",\"Marques de Souza\",\"Obras\",\"Vale do Taquari\"],\"articleSection\":[\"Geral\",\"Sa\u00fade\"],\"inLanguage\":\"pt-BR\",\"potentialAction\":[{\"@type\":\"CommentAction\",\"name\":\"Comment\",\"target\":[\"https:\\\/\\\/folhapopular.info\\\/index.php\\\/2026\\\/08\\\/31\\\/base-do-samu-entra-na-fase-de-acabamentos-em-marques-de-souza\\\/#respond\"]}]},{\"@type\":\"WebPage\",\"@id\":\"https:\\\/\\\/folhapopular.info\\\/index.php\\\/2026\\\/08\\\/31\\\/base-do-samu-entra-na-fase-de-acabamentos-em-marques-de-souza\\\/\",\"url\":\"https:\\\/\\\/folhapopular.info\\\/index.php\\\/2026\\\/08\\\/31\\\/base-do-samu-entra-na-fase-de-acabamentos-em-marques-de-souza\\\/\",\"name\":\"Base do Samu entra na fase de acabamentos em Marques de Souza - Folha Popular\",\"isPartOf\":{\"@id\":\"https:\\\/\\\/folhapopular.info\\\/#website\"},\"primaryImageOfPage\":{\"@id\":\"https:\\\/\\\/folhapopular.info\\\/index.php\\\/2026\\\/08\\\/31\\\/base-do-samu-entra-na-fase-de-acabamentos-em-marques-de-souza\\\/#primaryimage\"},\"image\":{\"@id\":\"https:\\\/\\\/folhapopular.info\\\/index.php\\\/2026\\\/08\\\/31\\\/base-do-samu-entra-na-fase-de-acabamentos-em-marques-de-souza\\\/#primaryimage\"},\"thumbnailUrl\":\"https:\\\/\\\/folhapopular.info\\\/wp-content\\\/uploads\\\/2026\\\/08\\\/Samu-scaled-e1788199691851.webp\",\"datePublished\":\"2026-08-31T18:45:00+00:00\",\"author\":{\"@id\":\"https:\\\/\\\/folhapopular.info\\\/#\\\/schema\\\/person\\\/2814e8a0df7643585a9ca38bc6eb9d4b\"},\"description\":\"As obras da Base Descentralizada de Suporte B\u00e1sico do Servi\u00e7o de Atendimento M\u00f3vel de Urg\u00eancia (Samu), em Marques de Souza, avan\u00e7aram para a etapa de acabamentos. A estrutura est\u00e1 sendo constru\u00edda junto \u00e0 Unidade B\u00e1sica de Sa\u00fade Dr. Juca, no Centro do munic\u00edpio.\",\"breadcrumb\":{\"@id\":\"https:\\\/\\\/folhapopular.info\\\/index.php\\\/2026\\\/08\\\/31\\\/base-do-samu-entra-na-fase-de-acabamentos-em-marques-de-souza\\\/#breadcrumb\"},\"inLanguage\":\"pt-BR\",\"potentialAction\":[{\"@type\":\"ReadAction\",\"target\":[\"https:\\\/\\\/folhapopular.info\\\/index.php\\\/2026\\\/08\\\/31\\\/base-do-samu-entra-na-fase-de-acabamentos-em-marques-de-souza\\\/\"]}]},{\"@type\":\"ImageObject\",\"inLanguage\":\"pt-BR\",\"@id\":\"https:\\\/\\\/folhapopular.info\\\/index.php\\\/2026\\\/08\\\/31\\\/base-do-samu-entra-na-fase-de-acabamentos-em-marques-de-souza\\\/#primaryimage\",\"url\":\"https:\\\/\\\/folhapopular.info\\\/wp-content\\\/uploads\\\/2026\\\/08\\\/Samu-scaled-e1788199691851.webp\",\"contentUrl\":\"https:\\\/\\\/folhapopular.info\\\/wp-content\\\/uploads\\\/2026\\\/08\\\/Samu-scaled-e1788199691851.webp\",\"width\":1920,\"height\":1374,\"caption\":\"Cr\u00e9dito: Giovane Weber \\\/ FW Comunica\u00e7\u00e3o\"},{\"@type\":\"BreadcrumbList\",\"@id\":\"https:\\\/\\\/folhapopular.info\\\/index.php\\\/2026\\\/08\\\/31\\\/base-do-samu-entra-na-fase-de-acabamentos-em-marques-de-souza\\\/#breadcrumb\",\"itemListElement\":[{\"@type\":\"ListItem\",\"position\":1,\"name\":\"In\u00edcio\",\"item\":\"https:\\\/\\\/folhapopular.info\\\/\"},{\"@type\":\"ListItem\",\"position\":2,\"name\":\"Base do Samu entra na fase de acabamentos em Marques de Souza\"}]},{\"@type\":\"WebSite\",\"@id\":\"https:\\\/\\\/folhapopular.info\\\/#website\",\"url\":\"https:\\\/\\\/folhapopular.info\\\/\",\"name\":\"Folha Popular\",\"description\":\"Onde voc\u00ea tem vez e voz\",\"potentialAction\":[{\"@type\":\"SearchAction\",\"target\":{\"@type\":\"EntryPoint\",\"urlTemplate\":\"https:\\\/\\\/folhapopular.info\\\/?s={search_term_string}\"},\"query-input\":{\"@type\":\"PropertyValueSpecification\",\"valueRequired\":true,\"valueName\":\"search_term_string\"}}],\"inLanguage\":\"pt-BR\"},{\"@type\":\"Person\",\"@id\":\"https:\\\/\\\/folhapopular.info\\\/#\\\/schema\\\/person\\\/2814e8a0df7643585a9ca38bc6eb9d4b\",\"name\":\"Reda\u00e7\u00e3o Folha Popular\",\"image\":{\"@type\":\"ImageObject\",\"inLanguage\":\"pt-BR\",\"@id\":\"https:\\\/\\\/folhapopular.info\\\/wp-content\\\/uploads\\\/2026\\\/04\\\/Folha-1.webp\",\"url\":\"https:\\\/\\\/folhapopular.info\\\/wp-content\\\/uploads\\\/2026\\\/04\\\/Folha-1.webp\",\"contentUrl\":\"https:\\\/\\\/folhapopular.info\\\/wp-content\\\/uploads\\\/2026\\\/04\\\/Folha-1.webp\",\"caption\":\"Reda\u00e7\u00e3o Folha Popular\"},\"url\":\"https:\\\/\\\/folhapopular.info\\\/index.php\\\/author\\\/redacao\\\/\"}]}<\/script>\n<!-- \/ Yoast SEO plugin. -->","yoast_head_json":{"title":"Base do Samu entra na fase de acabamentos em Marques de Souza - Folha Popular","description":"As obras da Base Descentralizada de Suporte B\u00e1sico do Servi\u00e7o de Atendimento M\u00f3vel de Urg\u00eancia (Samu), em Marques de Souza, avan\u00e7aram para a etapa de acabamentos. A estrutura est\u00e1 sendo constru\u00edda junto \u00e0 Unidade B\u00e1sica de Sa\u00fade Dr. Juca, no Centro do munic\u00edpio.","robots":{"index":"index","follow":"follow","max-snippet":"max-snippet:-1","max-image-preview":"max-image-preview:large","max-video-preview":"max-video-preview:-1"},"canonical":"https:\/\/folhapopular.info\/index.php\/2026\/08\/31\/base-do-samu-entra-na-fase-de-acabamentos-em-marques-de-souza\/","og_locale":"pt_BR","og_type":"article","og_title":"Base do Samu entra na fase de acabamentos em Marques de Souza - Folha Popular","og_description":"As obras da Base Descentralizada de Suporte B\u00e1sico do Servi\u00e7o de Atendimento M\u00f3vel de Urg\u00eancia (Samu), em Marques de Souza, avan\u00e7aram para a etapa de acabamentos. A estrutura est\u00e1 sendo constru\u00edda junto \u00e0 Unidade B\u00e1sica de Sa\u00fade Dr. Juca, no Centro do munic\u00edpio.","og_url":"https:\/\/folhapopular.info\/index.php\/2026\/08\/31\/base-do-samu-entra-na-fase-de-acabamentos-em-marques-de-souza\/","og_site_name":"Folha Popular","article_published_time":"2026-08-31T18:45:00+00:00","og_image":[{"width":1920,"height":1374,"url":"https:\/\/folhapopular.info\/wp-content\/uploads\/2026\/08\/Samu-scaled-e1788199691851.webp","type":"image\/webp"}],"author":"Reda\u00e7\u00e3o Folha Popular","twitter_card":"summary_large_image","twitter_misc":{"Escrito por":"Reda\u00e7\u00e3o Folha Popular","Est. tempo de leitura":"2 minutos"},"schema":{"@context":"https:\/\/schema.org","@graph":[{"@type":"Article","@id":"https:\/\/folhapopular.info\/index.php\/2026\/08\/31\/base-do-samu-entra-na-fase-de-acabamentos-em-marques-de-souza\/#article","isPartOf":{"@id":"https:\/\/folhapopular.info\/index.php\/2026\/08\/31\/base-do-samu-entra-na-fase-de-acabamentos-em-marques-de-souza\/"},"author":{"name":"Reda\u00e7\u00e3o Folha Popular","@id":"https:\/\/folhapopular.info\/#\/schema\/person\/2814e8a0df7643585a9ca38bc6eb9d4b"},"headline":"Base do Samu entra na fase de acabamentos em Marques de Souza","datePublished":"2026-08-31T18:45:00+00:00","mainEntityOfPage":{"@id":"https:\/\/folhapopular.info\/index.php\/2026\/08\/31\/base-do-samu-entra-na-fase-de-acabamentos-em-marques-de-souza\/"},"wordCount":366,"commentCount":0,"image":{"@id":"https:\/\/folhapopular.info\/index.php\/2026\/08\/31\/base-do-samu-entra-na-fase-de-acabamentos-em-marques-de-souza\/#primaryimage"},"thumbnailUrl":"https:\/\/folhapopular.info\/wp-content\/uploads\/2026\/08\/Samu-scaled-e1788199691851.webp","keywords":["acabamentos","Base do Samu","Marques de Souza","Obras","Vale do Taquari"],"articleSection":["Geral","Sa\u00fade"],"inLanguage":"pt-BR","potentialAction":[{"@type":"CommentAction","name":"Comment","target":["https:\/\/folhapopular.info\/index.php\/2026\/08\/31\/base-do-samu-entra-na-fase-de-acabamentos-em-marques-de-souza\/#respond"]}]},{"@type":"WebPage","@id":"https:\/\/folhapopular.info\/index.php\/2026\/08\/31\/base-do-samu-entra-na-fase-de-acabamentos-em-marques-de-souza\/","url":"https:\/\/folhapopular.info\/index.php\/2026\/08\/31\/base-do-samu-entra-na-fase-de-acabamentos-em-marques-de-souza\/","name":"Base do Samu entra na fase de acabamentos em Marques de Souza - Folha Popular","isPartOf":{"@id":"https:\/\/folhapopular.info\/#website"},"primaryImageOfPage":{"@id":"https:\/\/folhapopular.info\/index.php\/2026\/08\/31\/base-do-samu-entra-na-fase-de-acabamentos-em-marques-de-souza\/#primaryimage"},"image":{"@id":"https:\/\/folhapopular.info\/index.php\/2026\/08\/31\/base-do-samu-entra-na-fase-de-acabamentos-em-marques-de-souza\/#primaryimage"},"thumbnailUrl":"https:\/\/folhapopular.info\/wp-content\/uploads\/2026\/08\/Samu-scaled-e1788199691851.webp","datePublished":"2026-08-31T18:45:00+00:00","author":{"@id":"https:\/\/folhapopular.info\/#\/schema\/person\/2814e8a0df7643585a9ca38bc6eb9d4b"},"description":"As obras da Base Descentralizada de Suporte B\u00e1sico do Servi\u00e7o de Atendimento M\u00f3vel de Urg\u00eancia (Samu), em Marques de Souza, avan\u00e7aram para a etapa de acabamentos. A estrutura est\u00e1 sendo constru\u00edda junto \u00e0 Unidade B\u00e1sica de Sa\u00fade Dr. Juca, no Centro do munic\u00edpio.","breadcrumb":{"@id":"https:\/\/folhapopular.info\/index.php\/2026\/08\/31\/base-do-samu-entra-na-fase-de-acabamentos-em-marques-de-souza\/#breadcrumb"},"inLanguage":"pt-BR","potentialAction":[{"@type":"ReadAction","target":["https:\/\/folhapopular.info\/index.php\/2026\/08\/31\/base-do-samu-entra-na-fase-de-acabamentos-em-marques-de-souza\/"]}]},{"@type":"ImageObject","inLanguage":"pt-BR","@id":"https:\/\/folhapopular.info\/index.php\/2026\/08\/31\/base-do-samu-entra-na-fase-de-acabamentos-em-marques-de-souza\/#primaryimage","url":"https:\/\/folhapopular.info\/wp-content\/uploads\/2026\/08\/Samu-scaled-e1788199691851.webp","contentUrl":"https:\/\/folhapopular.info\/wp-content\/uploads\/2026\/08\/Samu-scaled-e1788199691851.webp","width":1920,"height":1374,"caption":"Cr\u00e9dito: Giovane Weber \/ FW Comunica\u00e7\u00e3o"},{"@type":"BreadcrumbList","@id":"https:\/\/folhapopular.info\/index.php\/2026\/08\/31\/base-do-samu-entra-na-fase-de-acabamentos-em-marques-de-souza\/#breadcrumb","itemListElement":[{"@type":"ListItem","position":1,"name":"In\u00edcio","item":"https:\/\/folhapopular.info\/"},{"@type":"ListItem","position":2,"name":"Base do Samu entra na fase de acabamentos em Marques de Souza"}]},{"@type":"WebSite","@id":"https:\/\/folhapopular.info\/#website","url":"https:\/\/folhapopular.info\/","name":"Folha Popular","description":"Onde voc\u00ea tem vez e voz","potentialAction":[{"@type":"SearchAction","target":{"@type":"EntryPoint","urlTemplate":"https:\/\/folhapopular.info\/?s={search_term_string}"},"query-input":{"@type":"PropertyValueSpecification","valueRequired":true,"valueName":"search_term_string"}}],"inLanguage":"pt-BR"},{"@type":"Person","@id":"https:\/\/folhapopular.info\/#\/schema\/person\/2814e8a0df7643585a9ca38bc6eb9d4b","name":"Reda\u00e7\u00e3o Folha Popular","image":{"@type":"ImageObject","inLanguage":"pt-BR","@id":"https:\/\/folhapopular.info\/wp-content\/uploads\/2026\/04\/Folha-1.webp","url":"https:\/\/folhapopular.info\/wp-content\/uploads\/2026\/04\/Folha-1.webp","contentUrl":"https:\/\/folhapopular.info\/wp-content\/uploads\/2026\/04\/Folha-1.webp","caption":"Reda\u00e7\u00e3o Folha Popular"},"url":"https:\/\/folhapopular.info\/index.php\/author\/redacao\/"}]}},"jetpack_sharing_enabled":true,"amp_enabled":true,"jetpack_featured_media_url":"https:\/\/folhapopular.info\/wp-content\/uploads\/2026\/08\/Samu-scaled-e1788199691851.webp","_links":{"self":[{"href":"https:\/\/folhapopular.info\/index.php\/wp-json\/wp\/v2\/posts\/220017","targetHints":{"allow":["GET"]}}],"collection":[{"href":"https:\/\/folhapopular.info\/index.php\/wp-json\/wp\/v2\/posts"}],"about":[{"href":"https:\/\/folhapopular.info\/index.php\/wp-json\/wp\/v2\/types\/post"}],"author":[{"embeddable":true,"href":"https:\/\/folhapopular.info\/index.php\/wp-json\/wp\/v2\/users\/8"}],"replies":[{"embeddable":true,"href":"https:\/\/folhapopular.info\/index.php\/wp-json\/wp\/v2\/comments?post=220017"}],"version-history":[{"count":1,"href":"https:\/\/folhapopular.info\/index.php\/wp-json\/wp\/v2\/posts\/220017\/revisions"}],"predecessor-version":[{"id":220019,"href":"https:\/\/folhapopular.info\/index.php\/wp-json\/wp\/v2\/posts\/220017\/revisions\/220019"}],"wp:featuredmedia":[{"embeddable":true,"href":"https:\/\/folhapopular.info\/index.php\/wp-json\/wp\/v2\/media\/220018"}],"wp:attachment":[{"href":"https:\/\/folhapopular.info\/index.php\/wp-json\/wp\/v2\/media?parent=220017"}],"wp:term":[{"taxonomy":"category","embeddable":true,"href":"https:\/\/folhapopular.info\/index.php\/wp-json\/wp\/v2\/categories?post=220017"},{"taxonomy":"post_tag","embeddable":true,"href":"https:\/\/folhapopular.info\/index.php\/wp-json\/wp\/v2\/tags?post=220017"}],"curies":[{"name":"wp","href":"https:\/\/api.w.org\/{rel}","templated":true}]}}