{"id":220020,"date":"2026-09-01T09:48:26","date_gmt":"2026-09-01T12:48:26","guid":{"rendered":"https:\/\/folhapopular.info\/?p=220020"},"modified":"2026-09-01T09:48:28","modified_gmt":"2026-09-01T12:48:28","slug":"colegio-teutonia-apresenta-mba-em-gestao-industrial-e-eficiencia-produtiva","status":"publish","type":"post","link":"https:\/\/folhapopular.info\/index.php\/2026\/09\/01\/colegio-teutonia-apresenta-mba-em-gestao-industrial-e-eficiencia-produtiva\/","title":{"rendered":"Col\u00e9gio Teut\u00f4nia apresenta MBA em Gest\u00e3o Industrial e Efici\u00eancia Produtiva"},"content":{"rendered":"\n<p class=\"wp-block-paragraph\">Na manh\u00e3 desta ter\u00e7a-feira (1\u00ba\/9), O Col\u00e9gio Teut\u00f4nia apresentou a proposta do MBA em Gest\u00e3o Industrial e Efici\u00eancia Produtiva. A forma\u00e7\u00e3o \u00e9 voltada a profissionais com ensino superior que atuam ou desejam ampliar sua atua\u00e7\u00e3o no setor industrial e em \u00e1reas relacionadas \u00e0 gest\u00e3o, produ\u00e7\u00e3o, processos e inova\u00e7\u00e3o.<\/p>\n\n\n\n<p class=\"wp-block-paragraph\">Com carga hor\u00e1ria de 360 horas, o curso ter\u00e1 aulas quinzenais, \u00e0s sextas-feiras, das 19h \u00e0s 23h, e aos s\u00e1bados, das 8h \u00e0s 12h e das 13h \u00e0s 17h. As atividades presenciais ser\u00e3o realizadas no Col\u00e9gio Teut\u00f4nia, com in\u00edcio previsto para outubro.<\/p>\n\n\n\n<p class=\"wp-block-paragraph\">A forma\u00e7\u00e3o contempla \u00e1reas como gest\u00e3o industrial e produ\u00e7\u00e3o, engenharia e melhoria de processos, planejamento e controle da produ\u00e7\u00e3o, qualidade, manuten\u00e7\u00e3o, log\u00edstica e cadeia de suprimentos, custos e investimentos, tecnologia, dados, inova\u00e7\u00e3o e lideran\u00e7a de equipes.<\/p>\n\n\n\n<p class=\"wp-block-paragraph\">Entre os diferenciais apresentados est\u00e3o a conex\u00e3o dos conte\u00fados com desafios reais das ind\u00fastrias, projetos aplicados \u00e0s demandas de empresas parceiras, al\u00e9m de viagens, visitas t\u00e9cnicas e experi\u00eancias em ambientes industriais e tecnol\u00f3gicos nacionais e internacionais. O curso tamb\u00e9m contar\u00e1 com professores especialistas e executivos do setor, aproximando conhecimento acad\u00eamico e experi\u00eancia profissional.<\/p>\n\n\n\n<p class=\"wp-block-paragraph\">Aos interessados, as inscri\u00e7\u00f5es est\u00e3o abertas no site da <a href=\"https:\/\/fahor.com.br\/\" data-type=\"link\" data-id=\"https:\/\/fahor.com.br\/\">Fahor<\/a>.<\/p>\n","protected":false},"excerpt":{"rendered":"<p>Na manh\u00e3 desta ter\u00e7a-feira (1\u00ba\/9), O Col\u00e9gio Teut\u00f4nia apresentou a proposta do MBA em Gest\u00e3o Industrial e Efici\u00eancia Produtiva. A forma\u00e7\u00e3o \u00e9 voltada a profissionais com ensino superior que atuam ou desejam ampliar sua atua\u00e7\u00e3o no setor industrial e em \u00e1reas relacionadas \u00e0 gest\u00e3o, produ\u00e7\u00e3o, processos e inova\u00e7\u00e3o. Com carga hor\u00e1ria de 360 horas, o [&hellip;]<\/p>\n","protected":false},"author":782,"featured_media":220073,"comment_status":"open","ping_status":"open","sticky":false,"template":"","format":"standard","meta":{"pmpro_default_level":"","_jetpack_memberships_contains_paid_content":false,"footnotes":""},"categories":[2,3],"tags":[131,21874,21873,2264,26],"class_list":["post-220020","post","type-post","status-publish","format-standard","has-post-thumbnail","category-featured","category-geral","tag-colegio-teutonia","tag-eficiencia-produtiva","tag-gestao-industrial","tag-mba","tag-teutonia","pmpro-has-access"],"yoast_head":"<!-- This site is optimized with the Yoast SEO plugin v28.3 - https:\/\/yoast.com\/product\/yoast-seo-wordpress\/ -->\n<title>Col\u00e9gio Teut\u00f4nia apresenta MBA em Gest\u00e3o Industrial e Efici\u00eancia Produtiva - Folha Popular<\/title>\n<meta name=\"description\" content=\"Na manh\u00e3 desta ter\u00e7a-feira (1\u00ba\/9), O Col\u00e9gio Teut\u00f4nia apresentou a proposta do MBA em Gest\u00e3o Industrial e Efici\u00eancia Produtiva. A forma\u00e7\u00e3o \u00e9 voltada a profissionais com ensino superior que atuam ou desejam ampliar sua atua\u00e7\u00e3o no setor industrial e em \u00e1reas relacionadas \u00e0 gest\u00e3o, produ\u00e7\u00e3o, processos e inova\u00e7\u00e3o.\" \/>\n<meta name=\"robots\" content=\"index, follow, max-snippet:-1, max-image-preview:large, max-video-preview:-1\" \/>\n<link rel=\"canonical\" href=\"https:\/\/folhapopular.info\/index.php\/2026\/09\/01\/colegio-teutonia-apresenta-mba-em-gestao-industrial-e-eficiencia-produtiva\/\" \/>\n<meta property=\"og:locale\" content=\"pt_BR\" \/>\n<meta property=\"og:type\" content=\"article\" \/>\n<meta property=\"og:title\" content=\"Col\u00e9gio Teut\u00f4nia apresenta MBA em Gest\u00e3o Industrial e Efici\u00eancia Produtiva - Folha Popular\" \/>\n<meta property=\"og:description\" content=\"Na manh\u00e3 desta ter\u00e7a-feira (1\u00ba\/9), O Col\u00e9gio Teut\u00f4nia apresentou a proposta do MBA em Gest\u00e3o Industrial e Efici\u00eancia Produtiva. A forma\u00e7\u00e3o \u00e9 voltada a profissionais com ensino superior que atuam ou desejam ampliar sua atua\u00e7\u00e3o no setor industrial e em \u00e1reas relacionadas \u00e0 gest\u00e3o, produ\u00e7\u00e3o, processos e inova\u00e7\u00e3o.\" \/>\n<meta property=\"og:url\" content=\"https:\/\/folhapopular.info\/index.php\/2026\/09\/01\/colegio-teutonia-apresenta-mba-em-gestao-industrial-e-eficiencia-produtiva\/\" \/>\n<meta property=\"og:site_name\" content=\"Folha Popular\" \/>\n<meta property=\"article:published_time\" content=\"2026-09-01T12:48:26+00:00\" \/>\n<meta property=\"article:modified_time\" content=\"2026-09-01T12:48:28+00:00\" \/>\n<meta property=\"og:image\" content=\"https:\/\/folhapopular.info\/wp-content\/uploads\/2026\/09\/WhatsApp-Image-2026-09-01-at-09.38.18.webp\" \/>\n\t<meta property=\"og:image:width\" content=\"1280\" \/>\n\t<meta property=\"og:image:height\" content=\"960\" \/>\n\t<meta property=\"og:image:type\" content=\"image\/webp\" \/>\n<meta name=\"author\" content=\"Rafaela Zappaz\" \/>\n<meta name=\"twitter:card\" content=\"summary_large_image\" \/>\n<meta name=\"twitter:label1\" content=\"Escrito por\" \/>\n\t<meta name=\"twitter:data1\" content=\"Rafaela Zappaz\" \/>\n\t<meta name=\"twitter:label2\" content=\"Est. tempo de leitura\" \/>\n\t<meta name=\"twitter:data2\" content=\"2 minutos\" \/>\n<script type=\"application\/ld+json\" class=\"yoast-schema-graph\">{\"@context\":\"https:\\\/\\\/schema.org\",\"@graph\":[{\"@type\":\"Article\",\"@id\":\"https:\\\/\\\/folhapopular.info\\\/index.php\\\/2026\\\/09\\\/01\\\/colegio-teutonia-apresenta-mba-em-gestao-industrial-e-eficiencia-produtiva\\\/#article\",\"isPartOf\":{\"@id\":\"https:\\\/\\\/folhapopular.info\\\/index.php\\\/2026\\\/09\\\/01\\\/colegio-teutonia-apresenta-mba-em-gestao-industrial-e-eficiencia-produtiva\\\/\"},\"author\":{\"name\":\"Rafaela Zappaz\",\"@id\":\"https:\\\/\\\/folhapopular.info\\\/#\\\/schema\\\/person\\\/87aa1d7488478bf03a40dc0a852db19d\"},\"headline\":\"Col\u00e9gio Teut\u00f4nia apresenta MBA em Gest\u00e3o Industrial e Efici\u00eancia Produtiva\",\"datePublished\":\"2026-09-01T12:48:26+00:00\",\"dateModified\":\"2026-09-01T12:48:28+00:00\",\"mainEntityOfPage\":{\"@id\":\"https:\\\/\\\/folhapopular.info\\\/index.php\\\/2026\\\/09\\\/01\\\/colegio-teutonia-apresenta-mba-em-gestao-industrial-e-eficiencia-produtiva\\\/\"},\"wordCount\":236,\"commentCount\":0,\"image\":{\"@id\":\"https:\\\/\\\/folhapopular.info\\\/index.php\\\/2026\\\/09\\\/01\\\/colegio-teutonia-apresenta-mba-em-gestao-industrial-e-eficiencia-produtiva\\\/#primaryimage\"},\"thumbnailUrl\":\"https:\\\/\\\/folhapopular.info\\\/wp-content\\\/uploads\\\/2026\\\/09\\\/WhatsApp-Image-2026-09-01-at-09.38.18.webp\",\"keywords\":[\"Col\u00e9gio Teut\u00f4nia\",\"Efici\u00eancia Produtiva\",\"Gest\u00e3o Industrial\",\"MBA\",\"Teut\u00f4nia\"],\"articleSection\":[\"Destaques\",\"Geral\"],\"inLanguage\":\"pt-BR\",\"potentialAction\":[{\"@type\":\"CommentAction\",\"name\":\"Comment\",\"target\":[\"https:\\\/\\\/folhapopular.info\\\/index.php\\\/2026\\\/09\\\/01\\\/colegio-teutonia-apresenta-mba-em-gestao-industrial-e-eficiencia-produtiva\\\/#respond\"]}]},{\"@type\":\"WebPage\",\"@id\":\"https:\\\/\\\/folhapopular.info\\\/index.php\\\/2026\\\/09\\\/01\\\/colegio-teutonia-apresenta-mba-em-gestao-industrial-e-eficiencia-produtiva\\\/\",\"url\":\"https:\\\/\\\/folhapopular.info\\\/index.php\\\/2026\\\/09\\\/01\\\/colegio-teutonia-apresenta-mba-em-gestao-industrial-e-eficiencia-produtiva\\\/\",\"name\":\"Col\u00e9gio Teut\u00f4nia apresenta MBA em Gest\u00e3o Industrial e Efici\u00eancia Produtiva - Folha Popular\",\"isPartOf\":{\"@id\":\"https:\\\/\\\/folhapopular.info\\\/#website\"},\"primaryImageOfPage\":{\"@id\":\"https:\\\/\\\/folhapopular.info\\\/index.php\\\/2026\\\/09\\\/01\\\/colegio-teutonia-apresenta-mba-em-gestao-industrial-e-eficiencia-produtiva\\\/#primaryimage\"},\"image\":{\"@id\":\"https:\\\/\\\/folhapopular.info\\\/index.php\\\/2026\\\/09\\\/01\\\/colegio-teutonia-apresenta-mba-em-gestao-industrial-e-eficiencia-produtiva\\\/#primaryimage\"},\"thumbnailUrl\":\"https:\\\/\\\/folhapopular.info\\\/wp-content\\\/uploads\\\/2026\\\/09\\\/WhatsApp-Image-2026-09-01-at-09.38.18.webp\",\"datePublished\":\"2026-09-01T12:48:26+00:00\",\"dateModified\":\"2026-09-01T12:48:28+00:00\",\"author\":{\"@id\":\"https:\\\/\\\/folhapopular.info\\\/#\\\/schema\\\/person\\\/87aa1d7488478bf03a40dc0a852db19d\"},\"description\":\"Na manh\u00e3 desta ter\u00e7a-feira (1\u00ba\\\/9), O Col\u00e9gio Teut\u00f4nia apresentou a proposta do MBA em Gest\u00e3o Industrial e Efici\u00eancia Produtiva. A forma\u00e7\u00e3o \u00e9 voltada a profissionais com ensino superior que atuam ou desejam ampliar sua atua\u00e7\u00e3o no setor industrial e em \u00e1reas relacionadas \u00e0 gest\u00e3o, produ\u00e7\u00e3o, processos e inova\u00e7\u00e3o.\",\"breadcrumb\":{\"@id\":\"https:\\\/\\\/folhapopular.info\\\/index.php\\\/2026\\\/09\\\/01\\\/colegio-teutonia-apresenta-mba-em-gestao-industrial-e-eficiencia-produtiva\\\/#breadcrumb\"},\"inLanguage\":\"pt-BR\",\"potentialAction\":[{\"@type\":\"ReadAction\",\"target\":[\"https:\\\/\\\/folhapopular.info\\\/index.php\\\/2026\\\/09\\\/01\\\/colegio-teutonia-apresenta-mba-em-gestao-industrial-e-eficiencia-produtiva\\\/\"]}]},{\"@type\":\"ImageObject\",\"inLanguage\":\"pt-BR\",\"@id\":\"https:\\\/\\\/folhapopular.info\\\/index.php\\\/2026\\\/09\\\/01\\\/colegio-teutonia-apresenta-mba-em-gestao-industrial-e-eficiencia-produtiva\\\/#primaryimage\",\"url\":\"https:\\\/\\\/folhapopular.info\\\/wp-content\\\/uploads\\\/2026\\\/09\\\/WhatsApp-Image-2026-09-01-at-09.38.18.webp\",\"contentUrl\":\"https:\\\/\\\/folhapopular.info\\\/wp-content\\\/uploads\\\/2026\\\/09\\\/WhatsApp-Image-2026-09-01-at-09.38.18.webp\",\"width\":1280,\"height\":960,\"caption\":\"Diretora do CT, Fabiane Dentee Wommer realizou a abertura da manh\u00e3 de troca de conhecimentos - Cr\u00e9dito: Rafaela Zappaz\"},{\"@type\":\"BreadcrumbList\",\"@id\":\"https:\\\/\\\/folhapopular.info\\\/index.php\\\/2026\\\/09\\\/01\\\/colegio-teutonia-apresenta-mba-em-gestao-industrial-e-eficiencia-produtiva\\\/#breadcrumb\",\"itemListElement\":[{\"@type\":\"ListItem\",\"position\":1,\"name\":\"In\u00edcio\",\"item\":\"https:\\\/\\\/folhapopular.info\\\/\"},{\"@type\":\"ListItem\",\"position\":2,\"name\":\"Col\u00e9gio Teut\u00f4nia apresenta MBA em Gest\u00e3o Industrial e Efici\u00eancia Produtiva\"}]},{\"@type\":\"WebSite\",\"@id\":\"https:\\\/\\\/folhapopular.info\\\/#website\",\"url\":\"https:\\\/\\\/folhapopular.info\\\/\",\"name\":\"Folha Popular\",\"description\":\"Onde voc\u00ea tem vez e voz\",\"potentialAction\":[{\"@type\":\"SearchAction\",\"target\":{\"@type\":\"EntryPoint\",\"urlTemplate\":\"https:\\\/\\\/folhapopular.info\\\/?s={search_term_string}\"},\"query-input\":{\"@type\":\"PropertyValueSpecification\",\"valueRequired\":true,\"valueName\":\"search_term_string\"}}],\"inLanguage\":\"pt-BR\"},{\"@type\":\"Person\",\"@id\":\"https:\\\/\\\/folhapopular.info\\\/#\\\/schema\\\/person\\\/87aa1d7488478bf03a40dc0a852db19d\",\"name\":\"Rafaela Zappaz\",\"image\":{\"@type\":\"ImageObject\",\"inLanguage\":\"pt-BR\",\"@id\":\"https:\\\/\\\/secure.gravatar.com\\\/avatar\\\/7b6259df2b1311e565e2e930bcf599e41eca901dc1e0e850d699f28cc7ea8de8?s=96&d=mm&r=g\",\"url\":\"https:\\\/\\\/secure.gravatar.com\\\/avatar\\\/7b6259df2b1311e565e2e930bcf599e41eca901dc1e0e850d699f28cc7ea8de8?s=96&d=mm&r=g\",\"contentUrl\":\"https:\\\/\\\/secure.gravatar.com\\\/avatar\\\/7b6259df2b1311e565e2e930bcf599e41eca901dc1e0e850d699f28cc7ea8de8?s=96&d=mm&r=g\",\"caption\":\"Rafaela Zappaz\"},\"url\":\"https:\\\/\\\/folhapopular.info\\\/index.php\\\/author\\\/rafaela-zappaz\\\/\"}]}<\/script>\n<!-- \/ Yoast SEO plugin. -->","yoast_head_json":{"title":"Col\u00e9gio Teut\u00f4nia apresenta MBA em Gest\u00e3o Industrial e Efici\u00eancia Produtiva - Folha Popular","description":"Na manh\u00e3 desta ter\u00e7a-feira (1\u00ba\/9), O Col\u00e9gio Teut\u00f4nia apresentou a proposta do MBA em Gest\u00e3o Industrial e Efici\u00eancia Produtiva. A forma\u00e7\u00e3o \u00e9 voltada a profissionais com ensino superior que atuam ou desejam ampliar sua atua\u00e7\u00e3o no setor industrial e em \u00e1reas relacionadas \u00e0 gest\u00e3o, produ\u00e7\u00e3o, processos e inova\u00e7\u00e3o.","robots":{"index":"index","follow":"follow","max-snippet":"max-snippet:-1","max-image-preview":"max-image-preview:large","max-video-preview":"max-video-preview:-1"},"canonical":"https:\/\/folhapopular.info\/index.php\/2026\/09\/01\/colegio-teutonia-apresenta-mba-em-gestao-industrial-e-eficiencia-produtiva\/","og_locale":"pt_BR","og_type":"article","og_title":"Col\u00e9gio Teut\u00f4nia apresenta MBA em Gest\u00e3o Industrial e Efici\u00eancia Produtiva - Folha Popular","og_description":"Na manh\u00e3 desta ter\u00e7a-feira (1\u00ba\/9), O Col\u00e9gio Teut\u00f4nia apresentou a proposta do MBA em Gest\u00e3o Industrial e Efici\u00eancia Produtiva. A forma\u00e7\u00e3o \u00e9 voltada a profissionais com ensino superior que atuam ou desejam ampliar sua atua\u00e7\u00e3o no setor industrial e em \u00e1reas relacionadas \u00e0 gest\u00e3o, produ\u00e7\u00e3o, processos e inova\u00e7\u00e3o.","og_url":"https:\/\/folhapopular.info\/index.php\/2026\/09\/01\/colegio-teutonia-apresenta-mba-em-gestao-industrial-e-eficiencia-produtiva\/","og_site_name":"Folha Popular","article_published_time":"2026-09-01T12:48:26+00:00","article_modified_time":"2026-09-01T12:48:28+00:00","og_image":[{"width":1280,"height":960,"url":"https:\/\/folhapopular.info\/wp-content\/uploads\/2026\/09\/WhatsApp-Image-2026-09-01-at-09.38.18.webp","type":"image\/webp"}],"author":"Rafaela Zappaz","twitter_card":"summary_large_image","twitter_misc":{"Escrito por":"Rafaela Zappaz","Est. tempo de leitura":"2 minutos"},"schema":{"@context":"https:\/\/schema.org","@graph":[{"@type":"Article","@id":"https:\/\/folhapopular.info\/index.php\/2026\/09\/01\/colegio-teutonia-apresenta-mba-em-gestao-industrial-e-eficiencia-produtiva\/#article","isPartOf":{"@id":"https:\/\/folhapopular.info\/index.php\/2026\/09\/01\/colegio-teutonia-apresenta-mba-em-gestao-industrial-e-eficiencia-produtiva\/"},"author":{"name":"Rafaela Zappaz","@id":"https:\/\/folhapopular.info\/#\/schema\/person\/87aa1d7488478bf03a40dc0a852db19d"},"headline":"Col\u00e9gio Teut\u00f4nia apresenta MBA em Gest\u00e3o Industrial e Efici\u00eancia Produtiva","datePublished":"2026-09-01T12:48:26+00:00","dateModified":"2026-09-01T12:48:28+00:00","mainEntityOfPage":{"@id":"https:\/\/folhapopular.info\/index.php\/2026\/09\/01\/colegio-teutonia-apresenta-mba-em-gestao-industrial-e-eficiencia-produtiva\/"},"wordCount":236,"commentCount":0,"image":{"@id":"https:\/\/folhapopular.info\/index.php\/2026\/09\/01\/colegio-teutonia-apresenta-mba-em-gestao-industrial-e-eficiencia-produtiva\/#primaryimage"},"thumbnailUrl":"https:\/\/folhapopular.info\/wp-content\/uploads\/2026\/09\/WhatsApp-Image-2026-09-01-at-09.38.18.webp","keywords":["Col\u00e9gio Teut\u00f4nia","Efici\u00eancia Produtiva","Gest\u00e3o Industrial","MBA","Teut\u00f4nia"],"articleSection":["Destaques","Geral"],"inLanguage":"pt-BR","potentialAction":[{"@type":"CommentAction","name":"Comment","target":["https:\/\/folhapopular.info\/index.php\/2026\/09\/01\/colegio-teutonia-apresenta-mba-em-gestao-industrial-e-eficiencia-produtiva\/#respond"]}]},{"@type":"WebPage","@id":"https:\/\/folhapopular.info\/index.php\/2026\/09\/01\/colegio-teutonia-apresenta-mba-em-gestao-industrial-e-eficiencia-produtiva\/","url":"https:\/\/folhapopular.info\/index.php\/2026\/09\/01\/colegio-teutonia-apresenta-mba-em-gestao-industrial-e-eficiencia-produtiva\/","name":"Col\u00e9gio Teut\u00f4nia apresenta MBA em Gest\u00e3o Industrial e Efici\u00eancia Produtiva - Folha Popular","isPartOf":{"@id":"https:\/\/folhapopular.info\/#website"},"primaryImageOfPage":{"@id":"https:\/\/folhapopular.info\/index.php\/2026\/09\/01\/colegio-teutonia-apresenta-mba-em-gestao-industrial-e-eficiencia-produtiva\/#primaryimage"},"image":{"@id":"https:\/\/folhapopular.info\/index.php\/2026\/09\/01\/colegio-teutonia-apresenta-mba-em-gestao-industrial-e-eficiencia-produtiva\/#primaryimage"},"thumbnailUrl":"https:\/\/folhapopular.info\/wp-content\/uploads\/2026\/09\/WhatsApp-Image-2026-09-01-at-09.38.18.webp","datePublished":"2026-09-01T12:48:26+00:00","dateModified":"2026-09-01T12:48:28+00:00","author":{"@id":"https:\/\/folhapopular.info\/#\/schema\/person\/87aa1d7488478bf03a40dc0a852db19d"},"description":"Na manh\u00e3 desta ter\u00e7a-feira (1\u00ba\/9), O Col\u00e9gio Teut\u00f4nia apresentou a proposta do MBA em Gest\u00e3o Industrial e Efici\u00eancia Produtiva. A forma\u00e7\u00e3o \u00e9 voltada a profissionais com ensino superior que atuam ou desejam ampliar sua atua\u00e7\u00e3o no setor industrial e em \u00e1reas relacionadas \u00e0 gest\u00e3o, produ\u00e7\u00e3o, processos e inova\u00e7\u00e3o.","breadcrumb":{"@id":"https:\/\/folhapopular.info\/index.php\/2026\/09\/01\/colegio-teutonia-apresenta-mba-em-gestao-industrial-e-eficiencia-produtiva\/#breadcrumb"},"inLanguage":"pt-BR","potentialAction":[{"@type":"ReadAction","target":["https:\/\/folhapopular.info\/index.php\/2026\/09\/01\/colegio-teutonia-apresenta-mba-em-gestao-industrial-e-eficiencia-produtiva\/"]}]},{"@type":"ImageObject","inLanguage":"pt-BR","@id":"https:\/\/folhapopular.info\/index.php\/2026\/09\/01\/colegio-teutonia-apresenta-mba-em-gestao-industrial-e-eficiencia-produtiva\/#primaryimage","url":"https:\/\/folhapopular.info\/wp-content\/uploads\/2026\/09\/WhatsApp-Image-2026-09-01-at-09.38.18.webp","contentUrl":"https:\/\/folhapopular.info\/wp-content\/uploads\/2026\/09\/WhatsApp-Image-2026-09-01-at-09.38.18.webp","width":1280,"height":960,"caption":"Diretora do CT, Fabiane Dentee Wommer realizou a abertura da manh\u00e3 de troca de conhecimentos - Cr\u00e9dito: Rafaela Zappaz"},{"@type":"BreadcrumbList","@id":"https:\/\/folhapopular.info\/index.php\/2026\/09\/01\/colegio-teutonia-apresenta-mba-em-gestao-industrial-e-eficiencia-produtiva\/#breadcrumb","itemListElement":[{"@type":"ListItem","position":1,"name":"In\u00edcio","item":"https:\/\/folhapopular.info\/"},{"@type":"ListItem","position":2,"name":"Col\u00e9gio Teut\u00f4nia apresenta MBA em Gest\u00e3o Industrial e Efici\u00eancia Produtiva"}]},{"@type":"WebSite","@id":"https:\/\/folhapopular.info\/#website","url":"https:\/\/folhapopular.info\/","name":"Folha Popular","description":"Onde voc\u00ea tem vez e voz","potentialAction":[{"@type":"SearchAction","target":{"@type":"EntryPoint","urlTemplate":"https:\/\/folhapopular.info\/?s={search_term_string}"},"query-input":{"@type":"PropertyValueSpecification","valueRequired":true,"valueName":"search_term_string"}}],"inLanguage":"pt-BR"},{"@type":"Person","@id":"https:\/\/folhapopular.info\/#\/schema\/person\/87aa1d7488478bf03a40dc0a852db19d","name":"Rafaela Zappaz","image":{"@type":"ImageObject","inLanguage":"pt-BR","@id":"https:\/\/secure.gravatar.com\/avatar\/7b6259df2b1311e565e2e930bcf599e41eca901dc1e0e850d699f28cc7ea8de8?s=96&d=mm&r=g","url":"https:\/\/secure.gravatar.com\/avatar\/7b6259df2b1311e565e2e930bcf599e41eca901dc1e0e850d699f28cc7ea8de8?s=96&d=mm&r=g","contentUrl":"https:\/\/secure.gravatar.com\/avatar\/7b6259df2b1311e565e2e930bcf599e41eca901dc1e0e850d699f28cc7ea8de8?s=96&d=mm&r=g","caption":"Rafaela Zappaz"},"url":"https:\/\/folhapopular.info\/index.php\/author\/rafaela-zappaz\/"}]}},"jetpack_sharing_enabled":true,"amp_enabled":true,"jetpack_featured_media_url":"https:\/\/folhapopular.info\/wp-content\/uploads\/2026\/09\/WhatsApp-Image-2026-09-01-at-09.38.18.webp","_links":{"self":[{"href":"https:\/\/folhapopular.info\/index.php\/wp-json\/wp\/v2\/posts\/220020","targetHints":{"allow":["GET"]}}],"collection":[{"href":"https:\/\/folhapopular.info\/index.php\/wp-json\/wp\/v2\/posts"}],"about":[{"href":"https:\/\/folhapopular.info\/index.php\/wp-json\/wp\/v2\/types\/post"}],"author":[{"embeddable":true,"href":"https:\/\/folhapopular.info\/index.php\/wp-json\/wp\/v2\/users\/782"}],"replies":[{"embeddable":true,"href":"https:\/\/folhapopular.info\/index.php\/wp-json\/wp\/v2\/comments?post=220020"}],"version-history":[{"count":2,"href":"https:\/\/folhapopular.info\/index.php\/wp-json\/wp\/v2\/posts\/220020\/revisions"}],"predecessor-version":[{"id":220077,"href":"https:\/\/folhapopular.info\/index.php\/wp-json\/wp\/v2\/posts\/220020\/revisions\/220077"}],"wp:featuredmedia":[{"embeddable":true,"href":"https:\/\/folhapopular.info\/index.php\/wp-json\/wp\/v2\/media\/220073"}],"wp:attachment":[{"href":"https:\/\/folhapopular.info\/index.php\/wp-json\/wp\/v2\/media?parent=220020"}],"wp:term":[{"taxonomy":"category","embeddable":true,"href":"https:\/\/folhapopular.info\/index.php\/wp-json\/wp\/v2\/categories?post=220020"},{"taxonomy":"post_tag","embeddable":true,"href":"https:\/\/folhapopular.info\/index.php\/wp-json\/wp\/v2\/tags?post=220020"}],"curies":[{"name":"wp","href":"https:\/\/api.w.org\/{rel}","templated":true}]}}