{"id":220025,"date":"2026-08-29T07:00:00","date_gmt":"2026-08-29T10:00:00","guid":{"rendered":"https:\/\/folhapopular.info\/?p=220025"},"modified":"2026-09-01T07:46:26","modified_gmt":"2026-09-01T10:46:26","slug":"sicredi-45-anos-e-essa-conexao-que-temos-com-a-sociedade-que-faz-o-cooperativismo-ser-tao-forte","status":"publish","type":"post","link":"https:\/\/folhapopular.info\/index.php\/2026\/08\/29\/sicredi-45-anos-e-essa-conexao-que-temos-com-a-sociedade-que-faz-o-cooperativismo-ser-tao-forte\/","title":{"rendered":"Sicredi 45 anos: \u201c\u00c9 essa conex\u00e3o que temos com a sociedade que faz o cooperativismo ser t\u00e3o forte\u201d"},"content":{"rendered":"<p>Chegar aos 45 anos como uma cooperativa presente em 77 munic\u00edpios \u00e9 resultado de uma trajet\u00f3ria que, para Francisco Jos\u00e9 Diel, n\u00e3o pode ser explicada por um \u00fanico fator. Integrante da diretoria-executiva desde 2019, ele acompanhou de diferentes posi\u00e7\u00f5es a transforma\u00e7\u00e3o da Sicredi Ouro Branco e identifica, nesse percurso, uma combina\u00e7\u00e3o entre a atua\u00e7\u00e3o dos&#8230; <\/p>\n<div class=\"pmpro\">\n<div class=\"pmpro_card pmpro_content_message\">\n<div class=\"pmpro_card_content\">Este conte\u00fado \u00e9 apenas para associados Grupo Popular &#8211; Conte\u00fado Total Anual e Grupo Popular &#8211; Conte\u00fado Total Mensal. <br \/><a href=\"https:\/\/folhapopular.info\/wp-login.php?action=register\">Cadastre-se<\/a><\/div>\n<div class=\"pmpro_card_actions pmpro_font-medium\">J\u00e1 se associou? <a href=\"https:\/\/folhapopular.info\/wp-login.php?redirect_to=https%3A%2F%2Ffolhapopular.info%2Findex.php%2F2026%2F08%2F29%2Fsicredi-45-anos-e-essa-conexao-que-temos-com-a-sociedade-que-faz-o-cooperativismo-ser-tao-forte%2F\">Acesse aqui<\/a><\/div>\n<\/div>\n<\/div>\n","protected":false},"excerpt":{"rendered":"<p>Chegar aos 45 anos como uma cooperativa presente em 77 munic\u00edpios \u00e9 resultado de uma trajet\u00f3ria que, para Francisco Jos\u00e9 Diel, n\u00e3o pode ser explicada por um \u00fanico fator. Integrante da diretoria-executiva desde 2019, ele acompanhou de diferentes posi\u00e7\u00f5es a transforma\u00e7\u00e3o da Sicredi Ouro Branco e identifica, nesse percurso, uma combina\u00e7\u00e3o entre a atua\u00e7\u00e3o dos... <\/p>\n<div class=\"pmpro\"><div class=\"pmpro_card pmpro_content_message\"><div class=\"pmpro_card_content\">Este conte\u00fado \u00e9 apenas para associados Grupo Popular - Conte\u00fado Total Anual e Grupo Popular - Conte\u00fado Total Mensal. <br \/><a href=\"https:\/\/folhapopular.info\/wp-login.php?action=register\">Cadastre-se<\/a><\/div><div class=\"pmpro_card_actions pmpro_font-medium\">J\u00e1 se associou? <a href=\"https:\/\/folhapopular.info\/wp-login.php?redirect_to=https%3A%2F%2Ffolhapopular.info%2Findex.php%2F2026%2F08%2F29%2Fsicredi-45-anos-e-essa-conexao-que-temos-com-a-sociedade-que-faz-o-cooperativismo-ser-tao-forte%2F\">Acesse aqui<\/a><\/div><\/div><\/div>","protected":false},"author":764,"featured_media":220026,"comment_status":"open","ping_status":"open","sticky":false,"template":"","format":"standard","meta":{"pmpro_default_level":"","_jetpack_memberships_contains_paid_content":false,"footnotes":""},"categories":[11078,20098],"tags":[2303,21866,21807,12001],"class_list":["post-220025","post","type-post","status-publish","format-standard","has-post-thumbnail","category-assinantes","category-cadernos-especiais","tag-cooperativismo","tag-francisco-jose-diel","tag-sicredi-45-anos","tag-sicredi-ouro-branco-rs-mg-2","pmpro-level-required","pmpro-level-2","pmpro-level-4","pmpro-level-5","pmpro-no-access"],"yoast_head":"<!-- This site is optimized with the Yoast SEO plugin v28.4 - https:\/\/yoast.com\/product\/yoast-seo-wordpress\/ -->\n<title>Sicredi 45 anos: \u201c\u00c9 essa conex\u00e3o que temos com a sociedade que faz o cooperativismo ser t\u00e3o forte\u201d - Folha Popular<\/title>\n<meta name=\"robots\" content=\"index, follow, max-snippet:-1, max-image-preview:large, max-video-preview:-1\" \/>\n<link rel=\"canonical\" href=\"https:\/\/folhapopular.info\/index.php\/2026\/08\/29\/sicredi-45-anos-e-essa-conexao-que-temos-com-a-sociedade-que-faz-o-cooperativismo-ser-tao-forte\/\" \/>\n<meta property=\"og:locale\" content=\"pt_BR\" \/>\n<meta property=\"og:type\" content=\"article\" \/>\n<meta property=\"og:title\" content=\"Sicredi 45 anos: \u201c\u00c9 essa conex\u00e3o que temos com a sociedade que faz o cooperativismo ser t\u00e3o forte\u201d - Folha Popular\" \/>\n<meta property=\"og:description\" content=\"Chegar aos 45 anos como uma cooperativa presente em 77 munic\u00edpios \u00e9 resultado de uma trajet\u00f3ria que, para Francisco Jos\u00e9 Diel, n\u00e3o pode ser explicada por um \u00fanico fator. Integrante da diretoria-executiva desde 2019, ele acompanhou de diferentes posi\u00e7\u00f5es a transforma\u00e7\u00e3o da Sicredi Ouro Branco e identifica, nesse percurso, uma combina\u00e7\u00e3o entre a atua\u00e7\u00e3o dos [&hellip;]\" \/>\n<meta property=\"og:url\" content=\"https:\/\/folhapopular.info\/index.php\/2026\/08\/29\/sicredi-45-anos-e-essa-conexao-que-temos-com-a-sociedade-que-faz-o-cooperativismo-ser-tao-forte\/\" \/>\n<meta property=\"og:site_name\" content=\"Folha Popular\" \/>\n<meta property=\"article:published_time\" content=\"2026-08-29T10:00:00+00:00\" \/>\n<meta property=\"article:modified_time\" content=\"2026-09-01T10:46:26+00:00\" \/>\n<meta property=\"og:image\" content=\"https:\/\/folhapopular.info\/wp-content\/uploads\/2026\/09\/Francisco-scaled.webp\" \/>\n\t<meta property=\"og:image:width\" content=\"2560\" \/>\n\t<meta property=\"og:image:height\" content=\"1920\" \/>\n\t<meta property=\"og:image:type\" content=\"image\/webp\" \/>\n<meta name=\"author\" content=\"J\u00e9ssica Bayer\" \/>\n<meta name=\"twitter:card\" content=\"summary_large_image\" \/>\n<meta name=\"twitter:label1\" content=\"Escrito por\" \/>\n\t<meta name=\"twitter:data1\" content=\"J\u00e9ssica Bayer\" \/>\n\t<meta name=\"twitter:label2\" content=\"Est. tempo de leitura\" \/>\n\t<meta name=\"twitter:data2\" content=\"4 minutos\" \/>\n<script type=\"application\/ld+json\" class=\"yoast-schema-graph\">{\"@context\":\"https:\\\/\\\/schema.org\",\"@graph\":[{\"@type\":\"Article\",\"@id\":\"https:\\\/\\\/folhapopular.info\\\/index.php\\\/2026\\\/08\\\/29\\\/sicredi-45-anos-e-essa-conexao-que-temos-com-a-sociedade-que-faz-o-cooperativismo-ser-tao-forte\\\/#article\",\"isPartOf\":{\"@id\":\"https:\\\/\\\/folhapopular.info\\\/index.php\\\/2026\\\/08\\\/29\\\/sicredi-45-anos-e-essa-conexao-que-temos-com-a-sociedade-que-faz-o-cooperativismo-ser-tao-forte\\\/\"},\"author\":{\"name\":\"J\u00e9ssica Bayer\",\"@id\":\"https:\\\/\\\/folhapopular.info\\\/#\\\/schema\\\/person\\\/9c3bd49fe9d74793decad1d4c83fa974\"},\"headline\":\"Sicredi 45 anos: \u201c\u00c9 essa conex\u00e3o que temos com a sociedade que faz o cooperativismo ser t\u00e3o forte\u201d\",\"datePublished\":\"2026-08-29T10:00:00+00:00\",\"dateModified\":\"2026-09-01T10:46:26+00:00\",\"mainEntityOfPage\":{\"@id\":\"https:\\\/\\\/folhapopular.info\\\/index.php\\\/2026\\\/08\\\/29\\\/sicredi-45-anos-e-essa-conexao-que-temos-com-a-sociedade-que-faz-o-cooperativismo-ser-tao-forte\\\/\"},\"wordCount\":699,\"commentCount\":0,\"image\":{\"@id\":\"https:\\\/\\\/folhapopular.info\\\/index.php\\\/2026\\\/08\\\/29\\\/sicredi-45-anos-e-essa-conexao-que-temos-com-a-sociedade-que-faz-o-cooperativismo-ser-tao-forte\\\/#primaryimage\"},\"thumbnailUrl\":\"https:\\\/\\\/folhapopular.info\\\/wp-content\\\/uploads\\\/2026\\\/09\\\/Francisco-scaled.webp\",\"keywords\":[\"cooperativismo\",\"Francisco Jos\u00e9 Diel\",\"Sicredi 45 anos\",\"Sicredi Ouro Branco RS\\\/MG\"],\"articleSection\":[\"Assinantes\",\"Cadernos Especiais\"],\"inLanguage\":\"pt-BR\",\"potentialAction\":[{\"@type\":\"CommentAction\",\"name\":\"Comment\",\"target\":[\"https:\\\/\\\/folhapopular.info\\\/index.php\\\/2026\\\/08\\\/29\\\/sicredi-45-anos-e-essa-conexao-que-temos-com-a-sociedade-que-faz-o-cooperativismo-ser-tao-forte\\\/#respond\"]}]},{\"@type\":\"WebPage\",\"@id\":\"https:\\\/\\\/folhapopular.info\\\/index.php\\\/2026\\\/08\\\/29\\\/sicredi-45-anos-e-essa-conexao-que-temos-com-a-sociedade-que-faz-o-cooperativismo-ser-tao-forte\\\/\",\"url\":\"https:\\\/\\\/folhapopular.info\\\/index.php\\\/2026\\\/08\\\/29\\\/sicredi-45-anos-e-essa-conexao-que-temos-com-a-sociedade-que-faz-o-cooperativismo-ser-tao-forte\\\/\",\"name\":\"Sicredi 45 anos: \u201c\u00c9 essa conex\u00e3o que temos com a sociedade que faz o cooperativismo ser t\u00e3o forte\u201d - Folha Popular\",\"isPartOf\":{\"@id\":\"https:\\\/\\\/folhapopular.info\\\/#website\"},\"primaryImageOfPage\":{\"@id\":\"https:\\\/\\\/folhapopular.info\\\/index.php\\\/2026\\\/08\\\/29\\\/sicredi-45-anos-e-essa-conexao-que-temos-com-a-sociedade-que-faz-o-cooperativismo-ser-tao-forte\\\/#primaryimage\"},\"image\":{\"@id\":\"https:\\\/\\\/folhapopular.info\\\/index.php\\\/2026\\\/08\\\/29\\\/sicredi-45-anos-e-essa-conexao-que-temos-com-a-sociedade-que-faz-o-cooperativismo-ser-tao-forte\\\/#primaryimage\"},\"thumbnailUrl\":\"https:\\\/\\\/folhapopular.info\\\/wp-content\\\/uploads\\\/2026\\\/09\\\/Francisco-scaled.webp\",\"datePublished\":\"2026-08-29T10:00:00+00:00\",\"dateModified\":\"2026-09-01T10:46:26+00:00\",\"author\":{\"@id\":\"https:\\\/\\\/folhapopular.info\\\/#\\\/schema\\\/person\\\/9c3bd49fe9d74793decad1d4c83fa974\"},\"breadcrumb\":{\"@id\":\"https:\\\/\\\/folhapopular.info\\\/index.php\\\/2026\\\/08\\\/29\\\/sicredi-45-anos-e-essa-conexao-que-temos-com-a-sociedade-que-faz-o-cooperativismo-ser-tao-forte\\\/#breadcrumb\"},\"inLanguage\":\"pt-BR\",\"potentialAction\":[{\"@type\":\"ReadAction\",\"target\":[\"https:\\\/\\\/folhapopular.info\\\/index.php\\\/2026\\\/08\\\/29\\\/sicredi-45-anos-e-essa-conexao-que-temos-com-a-sociedade-que-faz-o-cooperativismo-ser-tao-forte\\\/\"]}]},{\"@type\":\"ImageObject\",\"inLanguage\":\"pt-BR\",\"@id\":\"https:\\\/\\\/folhapopular.info\\\/index.php\\\/2026\\\/08\\\/29\\\/sicredi-45-anos-e-essa-conexao-que-temos-com-a-sociedade-que-faz-o-cooperativismo-ser-tao-forte\\\/#primaryimage\",\"url\":\"https:\\\/\\\/folhapopular.info\\\/wp-content\\\/uploads\\\/2026\\\/09\\\/Francisco-scaled.webp\",\"contentUrl\":\"https:\\\/\\\/folhapopular.info\\\/wp-content\\\/uploads\\\/2026\\\/09\\\/Francisco-scaled.webp\",\"width\":2560,\"height\":1920,\"caption\":\"Francisco Diel \\\/ Cr\u00e9dito: Let\u00edcia Echer\"},{\"@type\":\"BreadcrumbList\",\"@id\":\"https:\\\/\\\/folhapopular.info\\\/index.php\\\/2026\\\/08\\\/29\\\/sicredi-45-anos-e-essa-conexao-que-temos-com-a-sociedade-que-faz-o-cooperativismo-ser-tao-forte\\\/#breadcrumb\",\"itemListElement\":[{\"@type\":\"ListItem\",\"position\":1,\"name\":\"In\u00edcio\",\"item\":\"https:\\\/\\\/folhapopular.info\\\/\"},{\"@type\":\"ListItem\",\"position\":2,\"name\":\"Sicredi 45 anos: \u201c\u00c9 essa conex\u00e3o que temos com a sociedade que faz o cooperativismo ser t\u00e3o forte\u201d\"}]},{\"@type\":\"WebSite\",\"@id\":\"https:\\\/\\\/folhapopular.info\\\/#website\",\"url\":\"https:\\\/\\\/folhapopular.info\\\/\",\"name\":\"Folha Popular\",\"description\":\"Onde voc\u00ea tem vez e voz\",\"potentialAction\":[{\"@type\":\"SearchAction\",\"target\":{\"@type\":\"EntryPoint\",\"urlTemplate\":\"https:\\\/\\\/folhapopular.info\\\/?s={search_term_string}\"},\"query-input\":{\"@type\":\"PropertyValueSpecification\",\"valueRequired\":true,\"valueName\":\"search_term_string\"}}],\"inLanguage\":\"pt-BR\"},{\"@type\":\"Person\",\"@id\":\"https:\\\/\\\/folhapopular.info\\\/#\\\/schema\\\/person\\\/9c3bd49fe9d74793decad1d4c83fa974\",\"name\":\"J\u00e9ssica Bayer\",\"image\":{\"@type\":\"ImageObject\",\"inLanguage\":\"pt-BR\",\"@id\":\"https:\\\/\\\/secure.gravatar.com\\\/avatar\\\/66a5b729e90fb69c858616142b10a981fcab7744c95a8bfabc31856b5c9df354?s=96&d=mm&r=g\",\"url\":\"https:\\\/\\\/secure.gravatar.com\\\/avatar\\\/66a5b729e90fb69c858616142b10a981fcab7744c95a8bfabc31856b5c9df354?s=96&d=mm&r=g\",\"contentUrl\":\"https:\\\/\\\/secure.gravatar.com\\\/avatar\\\/66a5b729e90fb69c858616142b10a981fcab7744c95a8bfabc31856b5c9df354?s=96&d=mm&r=g\",\"caption\":\"J\u00e9ssica Bayer\"},\"url\":\"https:\\\/\\\/folhapopular.info\\\/index.php\\\/author\\\/jessicad-bayergmail-com\\\/\"}]}<\/script>\n<!-- \/ Yoast SEO plugin. -->","yoast_head_json":{"title":"Sicredi 45 anos: \u201c\u00c9 essa conex\u00e3o que temos com a sociedade que faz o cooperativismo ser t\u00e3o forte\u201d - Folha Popular","robots":{"index":"index","follow":"follow","max-snippet":"max-snippet:-1","max-image-preview":"max-image-preview:large","max-video-preview":"max-video-preview:-1"},"canonical":"https:\/\/folhapopular.info\/index.php\/2026\/08\/29\/sicredi-45-anos-e-essa-conexao-que-temos-com-a-sociedade-que-faz-o-cooperativismo-ser-tao-forte\/","og_locale":"pt_BR","og_type":"article","og_title":"Sicredi 45 anos: \u201c\u00c9 essa conex\u00e3o que temos com a sociedade que faz o cooperativismo ser t\u00e3o forte\u201d - Folha Popular","og_description":"Chegar aos 45 anos como uma cooperativa presente em 77 munic\u00edpios \u00e9 resultado de uma trajet\u00f3ria que, para Francisco Jos\u00e9 Diel, n\u00e3o pode ser explicada por um \u00fanico fator. Integrante da diretoria-executiva desde 2019, ele acompanhou de diferentes posi\u00e7\u00f5es a transforma\u00e7\u00e3o da Sicredi Ouro Branco e identifica, nesse percurso, uma combina\u00e7\u00e3o entre a atua\u00e7\u00e3o dos [&hellip;]","og_url":"https:\/\/folhapopular.info\/index.php\/2026\/08\/29\/sicredi-45-anos-e-essa-conexao-que-temos-com-a-sociedade-que-faz-o-cooperativismo-ser-tao-forte\/","og_site_name":"Folha Popular","article_published_time":"2026-08-29T10:00:00+00:00","article_modified_time":"2026-09-01T10:46:26+00:00","og_image":[{"width":2560,"height":1920,"url":"https:\/\/folhapopular.info\/wp-content\/uploads\/2026\/09\/Francisco-scaled.webp","type":"image\/webp"}],"author":"J\u00e9ssica Bayer","twitter_card":"summary_large_image","twitter_misc":{"Escrito por":"J\u00e9ssica Bayer","Est. tempo de leitura":"4 minutos"},"schema":{"@context":"https:\/\/schema.org","@graph":[{"@type":"Article","@id":"https:\/\/folhapopular.info\/index.php\/2026\/08\/29\/sicredi-45-anos-e-essa-conexao-que-temos-com-a-sociedade-que-faz-o-cooperativismo-ser-tao-forte\/#article","isPartOf":{"@id":"https:\/\/folhapopular.info\/index.php\/2026\/08\/29\/sicredi-45-anos-e-essa-conexao-que-temos-com-a-sociedade-que-faz-o-cooperativismo-ser-tao-forte\/"},"author":{"name":"J\u00e9ssica Bayer","@id":"https:\/\/folhapopular.info\/#\/schema\/person\/9c3bd49fe9d74793decad1d4c83fa974"},"headline":"Sicredi 45 anos: \u201c\u00c9 essa conex\u00e3o que temos com a sociedade que faz o cooperativismo ser t\u00e3o forte\u201d","datePublished":"2026-08-29T10:00:00+00:00","dateModified":"2026-09-01T10:46:26+00:00","mainEntityOfPage":{"@id":"https:\/\/folhapopular.info\/index.php\/2026\/08\/29\/sicredi-45-anos-e-essa-conexao-que-temos-com-a-sociedade-que-faz-o-cooperativismo-ser-tao-forte\/"},"wordCount":699,"commentCount":0,"image":{"@id":"https:\/\/folhapopular.info\/index.php\/2026\/08\/29\/sicredi-45-anos-e-essa-conexao-que-temos-com-a-sociedade-que-faz-o-cooperativismo-ser-tao-forte\/#primaryimage"},"thumbnailUrl":"https:\/\/folhapopular.info\/wp-content\/uploads\/2026\/09\/Francisco-scaled.webp","keywords":["cooperativismo","Francisco Jos\u00e9 Diel","Sicredi 45 anos","Sicredi Ouro Branco RS\/MG"],"articleSection":["Assinantes","Cadernos Especiais"],"inLanguage":"pt-BR","potentialAction":[{"@type":"CommentAction","name":"Comment","target":["https:\/\/folhapopular.info\/index.php\/2026\/08\/29\/sicredi-45-anos-e-essa-conexao-que-temos-com-a-sociedade-que-faz-o-cooperativismo-ser-tao-forte\/#respond"]}]},{"@type":"WebPage","@id":"https:\/\/folhapopular.info\/index.php\/2026\/08\/29\/sicredi-45-anos-e-essa-conexao-que-temos-com-a-sociedade-que-faz-o-cooperativismo-ser-tao-forte\/","url":"https:\/\/folhapopular.info\/index.php\/2026\/08\/29\/sicredi-45-anos-e-essa-conexao-que-temos-com-a-sociedade-que-faz-o-cooperativismo-ser-tao-forte\/","name":"Sicredi 45 anos: \u201c\u00c9 essa conex\u00e3o que temos com a sociedade que faz o cooperativismo ser t\u00e3o forte\u201d - Folha Popular","isPartOf":{"@id":"https:\/\/folhapopular.info\/#website"},"primaryImageOfPage":{"@id":"https:\/\/folhapopular.info\/index.php\/2026\/08\/29\/sicredi-45-anos-e-essa-conexao-que-temos-com-a-sociedade-que-faz-o-cooperativismo-ser-tao-forte\/#primaryimage"},"image":{"@id":"https:\/\/folhapopular.info\/index.php\/2026\/08\/29\/sicredi-45-anos-e-essa-conexao-que-temos-com-a-sociedade-que-faz-o-cooperativismo-ser-tao-forte\/#primaryimage"},"thumbnailUrl":"https:\/\/folhapopular.info\/wp-content\/uploads\/2026\/09\/Francisco-scaled.webp","datePublished":"2026-08-29T10:00:00+00:00","dateModified":"2026-09-01T10:46:26+00:00","author":{"@id":"https:\/\/folhapopular.info\/#\/schema\/person\/9c3bd49fe9d74793decad1d4c83fa974"},"breadcrumb":{"@id":"https:\/\/folhapopular.info\/index.php\/2026\/08\/29\/sicredi-45-anos-e-essa-conexao-que-temos-com-a-sociedade-que-faz-o-cooperativismo-ser-tao-forte\/#breadcrumb"},"inLanguage":"pt-BR","potentialAction":[{"@type":"ReadAction","target":["https:\/\/folhapopular.info\/index.php\/2026\/08\/29\/sicredi-45-anos-e-essa-conexao-que-temos-com-a-sociedade-que-faz-o-cooperativismo-ser-tao-forte\/"]}]},{"@type":"ImageObject","inLanguage":"pt-BR","@id":"https:\/\/folhapopular.info\/index.php\/2026\/08\/29\/sicredi-45-anos-e-essa-conexao-que-temos-com-a-sociedade-que-faz-o-cooperativismo-ser-tao-forte\/#primaryimage","url":"https:\/\/folhapopular.info\/wp-content\/uploads\/2026\/09\/Francisco-scaled.webp","contentUrl":"https:\/\/folhapopular.info\/wp-content\/uploads\/2026\/09\/Francisco-scaled.webp","width":2560,"height":1920,"caption":"Francisco Diel \/ Cr\u00e9dito: Let\u00edcia Echer"},{"@type":"BreadcrumbList","@id":"https:\/\/folhapopular.info\/index.php\/2026\/08\/29\/sicredi-45-anos-e-essa-conexao-que-temos-com-a-sociedade-que-faz-o-cooperativismo-ser-tao-forte\/#breadcrumb","itemListElement":[{"@type":"ListItem","position":1,"name":"In\u00edcio","item":"https:\/\/folhapopular.info\/"},{"@type":"ListItem","position":2,"name":"Sicredi 45 anos: \u201c\u00c9 essa conex\u00e3o que temos com a sociedade que faz o cooperativismo ser t\u00e3o forte\u201d"}]},{"@type":"WebSite","@id":"https:\/\/folhapopular.info\/#website","url":"https:\/\/folhapopular.info\/","name":"Folha Popular","description":"Onde voc\u00ea tem vez e voz","potentialAction":[{"@type":"SearchAction","target":{"@type":"EntryPoint","urlTemplate":"https:\/\/folhapopular.info\/?s={search_term_string}"},"query-input":{"@type":"PropertyValueSpecification","valueRequired":true,"valueName":"search_term_string"}}],"inLanguage":"pt-BR"},{"@type":"Person","@id":"https:\/\/folhapopular.info\/#\/schema\/person\/9c3bd49fe9d74793decad1d4c83fa974","name":"J\u00e9ssica Bayer","image":{"@type":"ImageObject","inLanguage":"pt-BR","@id":"https:\/\/secure.gravatar.com\/avatar\/66a5b729e90fb69c858616142b10a981fcab7744c95a8bfabc31856b5c9df354?s=96&d=mm&r=g","url":"https:\/\/secure.gravatar.com\/avatar\/66a5b729e90fb69c858616142b10a981fcab7744c95a8bfabc31856b5c9df354?s=96&d=mm&r=g","contentUrl":"https:\/\/secure.gravatar.com\/avatar\/66a5b729e90fb69c858616142b10a981fcab7744c95a8bfabc31856b5c9df354?s=96&d=mm&r=g","caption":"J\u00e9ssica Bayer"},"url":"https:\/\/folhapopular.info\/index.php\/author\/jessicad-bayergmail-com\/"}]}},"jetpack_sharing_enabled":true,"amp_enabled":true,"jetpack_featured_media_url":"https:\/\/folhapopular.info\/wp-content\/uploads\/2026\/09\/Francisco-scaled.webp","_links":{"self":[{"href":"https:\/\/folhapopular.info\/index.php\/wp-json\/wp\/v2\/posts\/220025","targetHints":{"allow":["GET"]}}],"collection":[{"href":"https:\/\/folhapopular.info\/index.php\/wp-json\/wp\/v2\/posts"}],"about":[{"href":"https:\/\/folhapopular.info\/index.php\/wp-json\/wp\/v2\/types\/post"}],"author":[{"embeddable":true,"href":"https:\/\/folhapopular.info\/index.php\/wp-json\/wp\/v2\/users\/764"}],"replies":[{"embeddable":true,"href":"https:\/\/folhapopular.info\/index.php\/wp-json\/wp\/v2\/comments?post=220025"}],"version-history":[{"count":1,"href":"https:\/\/folhapopular.info\/index.php\/wp-json\/wp\/v2\/posts\/220025\/revisions"}],"predecessor-version":[{"id":220027,"href":"https:\/\/folhapopular.info\/index.php\/wp-json\/wp\/v2\/posts\/220025\/revisions\/220027"}],"wp:featuredmedia":[{"embeddable":true,"href":"https:\/\/folhapopular.info\/index.php\/wp-json\/wp\/v2\/media\/220026"}],"wp:attachment":[{"href":"https:\/\/folhapopular.info\/index.php\/wp-json\/wp\/v2\/media?parent=220025"}],"wp:term":[{"taxonomy":"category","embeddable":true,"href":"https:\/\/folhapopular.info\/index.php\/wp-json\/wp\/v2\/categories?post=220025"},{"taxonomy":"post_tag","embeddable":true,"href":"https:\/\/folhapopular.info\/index.php\/wp-json\/wp\/v2\/tags?post=220025"}],"curies":[{"name":"wp","href":"https:\/\/api.w.org\/{rel}","templated":true}]}}