{"id":220052,"date":"2026-08-29T13:00:00","date_gmt":"2026-08-29T16:00:00","guid":{"rendered":"https:\/\/folhapopular.info\/?p=220052"},"modified":"2026-09-01T08:59:42","modified_gmt":"2026-09-01T11:59:42","slug":"importancia-do-jornal-na-sociedade","status":"publish","type":"post","link":"https:\/\/folhapopular.info\/index.php\/2026\/08\/29\/importancia-do-jornal-na-sociedade\/","title":{"rendered":"Import\u00e2ncia do jornal na sociedade"},"content":{"rendered":"<p>Por: Ana Mari Tedeschi Sociedade sem not\u00edcia,informa\u00e7\u00f5es \u00e9 um rosto enfaixado.Um Tempo Hist\u00f3rico \u00f4co, vazio, de sonhos perdidos, sem horizonte.Um espa\u00e7o sem saberes, fazeres,referenciais onde nada acontece.Um corpo social de f\u00f4lego de olhos vazados onde a vida se consome em si mesma, incompleta&#8230;&#8230; <\/p>\n<div class=\"pmpro\">\n<div class=\"pmpro_card pmpro_content_message\">\n<div class=\"pmpro_card_content\">Este conte\u00fado \u00e9 apenas para associados Grupo Popular &#8211; Conte\u00fado Total Anual e Grupo Popular &#8211; Conte\u00fado Total Mensal. <br \/><a href=\"https:\/\/folhapopular.info\/wp-login.php?action=register\">Cadastre-se<\/a><\/div>\n<div class=\"pmpro_card_actions pmpro_font-medium\">J\u00e1 se associou? <a href=\"https:\/\/folhapopular.info\/wp-login.php?redirect_to=https%3A%2F%2Ffolhapopular.info%2Findex.php%2F2026%2F08%2F29%2Fimportancia-do-jornal-na-sociedade%2F\">Acesse aqui<\/a><\/div>\n<\/div>\n<\/div>\n","protected":false},"excerpt":{"rendered":"<p>Por: Ana Mari Tedeschi Sociedade sem not\u00edcia,informa\u00e7\u00f5es \u00e9 um rosto enfaixado.Um Tempo Hist\u00f3rico \u00f4co, vazio, de sonhos perdidos, sem horizonte.Um espa\u00e7o sem saberes, fazeres,referenciais onde nada acontece.Um corpo social de f\u00f4lego de olhos vazados onde a vida se consome em si mesma, incompleta&#8230;... <\/p>\n<div class=\"pmpro\"><div class=\"pmpro_card pmpro_content_message\"><div class=\"pmpro_card_content\">Este conte\u00fado \u00e9 apenas para associados Grupo Popular - Conte\u00fado Total Anual e Grupo Popular - Conte\u00fado Total Mensal. <br \/><a href=\"https:\/\/folhapopular.info\/wp-login.php?action=register\">Cadastre-se<\/a><\/div><div class=\"pmpro_card_actions pmpro_font-medium\">J\u00e1 se associou? <a href=\"https:\/\/folhapopular.info\/wp-login.php?redirect_to=https%3A%2F%2Ffolhapopular.info%2Findex.php%2F2026%2F08%2F29%2Fimportancia-do-jornal-na-sociedade%2F\">Acesse aqui<\/a><\/div><\/div><\/div>","protected":false},"author":8,"featured_media":220054,"comment_status":"open","ping_status":"open","sticky":false,"template":"","format":"standard","meta":{"pmpro_default_level":"","_jetpack_memberships_contains_paid_content":false,"footnotes":""},"categories":[11078,5495,21302],"tags":[21871,3559,19051],"class_list":["post-220052","post","type-post","status-publish","format-standard","has-post-thumbnail","category-assinantes","category-colunistas","category-gente-que-escreve","tag-ana-mari-tedeschi","tag-folha-popular","tag-gente-que-escreve","pmpro-level-required","pmpro-level-2","pmpro-level-4","pmpro-level-5","pmpro-no-access"],"yoast_head":"<!-- This site is optimized with the Yoast SEO plugin v28.4 - https:\/\/yoast.com\/product\/yoast-seo-wordpress\/ -->\n<title>Import\u00e2ncia do jornal na sociedade - Folha Popular<\/title>\n<meta name=\"robots\" content=\"index, follow, max-snippet:-1, max-image-preview:large, max-video-preview:-1\" \/>\n<link rel=\"canonical\" href=\"https:\/\/folhapopular.info\/index.php\/2026\/08\/29\/importancia-do-jornal-na-sociedade\/\" \/>\n<meta property=\"og:locale\" content=\"pt_BR\" \/>\n<meta property=\"og:type\" content=\"article\" \/>\n<meta property=\"og:title\" content=\"Import\u00e2ncia do jornal na sociedade - Folha Popular\" \/>\n<meta property=\"og:description\" content=\"Por: Ana Mari Tedeschi Sociedade sem not\u00edcia,informa\u00e7\u00f5es \u00e9 um rosto enfaixado.Um Tempo Hist\u00f3rico \u00f4co, vazio, de sonhos perdidos, sem horizonte.Um espa\u00e7o sem saberes, fazeres,referenciais onde nada acontece.Um corpo social de f\u00f4lego de olhos vazados onde a vida se consome em si mesma, incompleta&#8230;\" \/>\n<meta property=\"og:url\" content=\"https:\/\/folhapopular.info\/index.php\/2026\/08\/29\/importancia-do-jornal-na-sociedade\/\" \/>\n<meta property=\"og:site_name\" content=\"Folha Popular\" \/>\n<meta property=\"article:published_time\" content=\"2026-08-29T16:00:00+00:00\" \/>\n<meta property=\"article:modified_time\" content=\"2026-09-01T11:59:42+00:00\" \/>\n<meta property=\"og:image\" content=\"https:\/\/folhapopular.info\/wp-content\/uploads\/2026\/09\/Ana-Mari-Tedeschi.webp\" \/>\n\t<meta property=\"og:image:width\" content=\"505\" \/>\n\t<meta property=\"og:image:height\" content=\"506\" \/>\n\t<meta property=\"og:image:type\" content=\"image\/webp\" \/>\n<meta name=\"author\" content=\"Reda\u00e7\u00e3o Folha Popular\" \/>\n<meta name=\"twitter:card\" content=\"summary_large_image\" \/>\n<meta name=\"twitter:label1\" content=\"Escrito por\" \/>\n\t<meta name=\"twitter:data1\" content=\"Reda\u00e7\u00e3o Folha Popular\" \/>\n\t<meta name=\"twitter:label2\" content=\"Est. tempo de leitura\" \/>\n\t<meta name=\"twitter:data2\" content=\"1 minuto\" \/>\n<script type=\"application\/ld+json\" class=\"yoast-schema-graph\">{\"@context\":\"https:\\\/\\\/schema.org\",\"@graph\":[{\"@type\":\"Article\",\"@id\":\"https:\\\/\\\/folhapopular.info\\\/index.php\\\/2026\\\/08\\\/29\\\/importancia-do-jornal-na-sociedade\\\/#article\",\"isPartOf\":{\"@id\":\"https:\\\/\\\/folhapopular.info\\\/index.php\\\/2026\\\/08\\\/29\\\/importancia-do-jornal-na-sociedade\\\/\"},\"author\":{\"name\":\"Reda\u00e7\u00e3o Folha Popular\",\"@id\":\"https:\\\/\\\/folhapopular.info\\\/#\\\/schema\\\/person\\\/2814e8a0df7643585a9ca38bc6eb9d4b\"},\"headline\":\"Import\u00e2ncia do jornal na sociedade\",\"datePublished\":\"2026-08-29T16:00:00+00:00\",\"dateModified\":\"2026-09-01T11:59:42+00:00\",\"mainEntityOfPage\":{\"@id\":\"https:\\\/\\\/folhapopular.info\\\/index.php\\\/2026\\\/08\\\/29\\\/importancia-do-jornal-na-sociedade\\\/\"},\"wordCount\":58,\"commentCount\":0,\"image\":{\"@id\":\"https:\\\/\\\/folhapopular.info\\\/index.php\\\/2026\\\/08\\\/29\\\/importancia-do-jornal-na-sociedade\\\/#primaryimage\"},\"thumbnailUrl\":\"https:\\\/\\\/folhapopular.info\\\/wp-content\\\/uploads\\\/2026\\\/09\\\/Ana-Mari-Tedeschi.webp\",\"keywords\":[\"Ana Mari Tedeschi\",\"Folha Popular\",\"Gente que Escreve\"],\"articleSection\":[\"Assinantes\",\"Colunistas\",\"Gente que Escreve\"],\"inLanguage\":\"pt-BR\",\"potentialAction\":[{\"@type\":\"CommentAction\",\"name\":\"Comment\",\"target\":[\"https:\\\/\\\/folhapopular.info\\\/index.php\\\/2026\\\/08\\\/29\\\/importancia-do-jornal-na-sociedade\\\/#respond\"]}]},{\"@type\":\"WebPage\",\"@id\":\"https:\\\/\\\/folhapopular.info\\\/index.php\\\/2026\\\/08\\\/29\\\/importancia-do-jornal-na-sociedade\\\/\",\"url\":\"https:\\\/\\\/folhapopular.info\\\/index.php\\\/2026\\\/08\\\/29\\\/importancia-do-jornal-na-sociedade\\\/\",\"name\":\"Import\u00e2ncia do jornal na sociedade - Folha Popular\",\"isPartOf\":{\"@id\":\"https:\\\/\\\/folhapopular.info\\\/#website\"},\"primaryImageOfPage\":{\"@id\":\"https:\\\/\\\/folhapopular.info\\\/index.php\\\/2026\\\/08\\\/29\\\/importancia-do-jornal-na-sociedade\\\/#primaryimage\"},\"image\":{\"@id\":\"https:\\\/\\\/folhapopular.info\\\/index.php\\\/2026\\\/08\\\/29\\\/importancia-do-jornal-na-sociedade\\\/#primaryimage\"},\"thumbnailUrl\":\"https:\\\/\\\/folhapopular.info\\\/wp-content\\\/uploads\\\/2026\\\/09\\\/Ana-Mari-Tedeschi.webp\",\"datePublished\":\"2026-08-29T16:00:00+00:00\",\"dateModified\":\"2026-09-01T11:59:42+00:00\",\"author\":{\"@id\":\"https:\\\/\\\/folhapopular.info\\\/#\\\/schema\\\/person\\\/2814e8a0df7643585a9ca38bc6eb9d4b\"},\"breadcrumb\":{\"@id\":\"https:\\\/\\\/folhapopular.info\\\/index.php\\\/2026\\\/08\\\/29\\\/importancia-do-jornal-na-sociedade\\\/#breadcrumb\"},\"inLanguage\":\"pt-BR\",\"potentialAction\":[{\"@type\":\"ReadAction\",\"target\":[\"https:\\\/\\\/folhapopular.info\\\/index.php\\\/2026\\\/08\\\/29\\\/importancia-do-jornal-na-sociedade\\\/\"]}]},{\"@type\":\"ImageObject\",\"inLanguage\":\"pt-BR\",\"@id\":\"https:\\\/\\\/folhapopular.info\\\/index.php\\\/2026\\\/08\\\/29\\\/importancia-do-jornal-na-sociedade\\\/#primaryimage\",\"url\":\"https:\\\/\\\/folhapopular.info\\\/wp-content\\\/uploads\\\/2026\\\/09\\\/Ana-Mari-Tedeschi.webp\",\"contentUrl\":\"https:\\\/\\\/folhapopular.info\\\/wp-content\\\/uploads\\\/2026\\\/09\\\/Ana-Mari-Tedeschi.webp\",\"width\":505,\"height\":506,\"caption\":\"Ana Mari Tedeschi \\\/ Cr\u00e9dito: Arquivo Pessoal\"},{\"@type\":\"BreadcrumbList\",\"@id\":\"https:\\\/\\\/folhapopular.info\\\/index.php\\\/2026\\\/08\\\/29\\\/importancia-do-jornal-na-sociedade\\\/#breadcrumb\",\"itemListElement\":[{\"@type\":\"ListItem\",\"position\":1,\"name\":\"In\u00edcio\",\"item\":\"https:\\\/\\\/folhapopular.info\\\/\"},{\"@type\":\"ListItem\",\"position\":2,\"name\":\"Import\u00e2ncia do jornal na sociedade\"}]},{\"@type\":\"WebSite\",\"@id\":\"https:\\\/\\\/folhapopular.info\\\/#website\",\"url\":\"https:\\\/\\\/folhapopular.info\\\/\",\"name\":\"Folha Popular\",\"description\":\"Onde voc\u00ea tem vez e voz\",\"potentialAction\":[{\"@type\":\"SearchAction\",\"target\":{\"@type\":\"EntryPoint\",\"urlTemplate\":\"https:\\\/\\\/folhapopular.info\\\/?s={search_term_string}\"},\"query-input\":{\"@type\":\"PropertyValueSpecification\",\"valueRequired\":true,\"valueName\":\"search_term_string\"}}],\"inLanguage\":\"pt-BR\"},{\"@type\":\"Person\",\"@id\":\"https:\\\/\\\/folhapopular.info\\\/#\\\/schema\\\/person\\\/2814e8a0df7643585a9ca38bc6eb9d4b\",\"name\":\"Reda\u00e7\u00e3o Folha Popular\",\"image\":{\"@type\":\"ImageObject\",\"inLanguage\":\"pt-BR\",\"@id\":\"https:\\\/\\\/folhapopular.info\\\/wp-content\\\/uploads\\\/2026\\\/04\\\/Folha-1.webp\",\"url\":\"https:\\\/\\\/folhapopular.info\\\/wp-content\\\/uploads\\\/2026\\\/04\\\/Folha-1.webp\",\"contentUrl\":\"https:\\\/\\\/folhapopular.info\\\/wp-content\\\/uploads\\\/2026\\\/04\\\/Folha-1.webp\",\"caption\":\"Reda\u00e7\u00e3o Folha Popular\"},\"url\":\"https:\\\/\\\/folhapopular.info\\\/index.php\\\/author\\\/redacao\\\/\"}]}<\/script>\n<!-- \/ Yoast SEO plugin. -->","yoast_head_json":{"title":"Import\u00e2ncia do jornal na sociedade - Folha Popular","robots":{"index":"index","follow":"follow","max-snippet":"max-snippet:-1","max-image-preview":"max-image-preview:large","max-video-preview":"max-video-preview:-1"},"canonical":"https:\/\/folhapopular.info\/index.php\/2026\/08\/29\/importancia-do-jornal-na-sociedade\/","og_locale":"pt_BR","og_type":"article","og_title":"Import\u00e2ncia do jornal na sociedade - Folha Popular","og_description":"Por: Ana Mari Tedeschi Sociedade sem not\u00edcia,informa\u00e7\u00f5es \u00e9 um rosto enfaixado.Um Tempo Hist\u00f3rico \u00f4co, vazio, de sonhos perdidos, sem horizonte.Um espa\u00e7o sem saberes, fazeres,referenciais onde nada acontece.Um corpo social de f\u00f4lego de olhos vazados onde a vida se consome em si mesma, incompleta&#8230;","og_url":"https:\/\/folhapopular.info\/index.php\/2026\/08\/29\/importancia-do-jornal-na-sociedade\/","og_site_name":"Folha Popular","article_published_time":"2026-08-29T16:00:00+00:00","article_modified_time":"2026-09-01T11:59:42+00:00","og_image":[{"width":505,"height":506,"url":"https:\/\/folhapopular.info\/wp-content\/uploads\/2026\/09\/Ana-Mari-Tedeschi.webp","type":"image\/webp"}],"author":"Reda\u00e7\u00e3o Folha Popular","twitter_card":"summary_large_image","twitter_misc":{"Escrito por":"Reda\u00e7\u00e3o Folha Popular","Est. tempo de leitura":"1 minuto"},"schema":{"@context":"https:\/\/schema.org","@graph":[{"@type":"Article","@id":"https:\/\/folhapopular.info\/index.php\/2026\/08\/29\/importancia-do-jornal-na-sociedade\/#article","isPartOf":{"@id":"https:\/\/folhapopular.info\/index.php\/2026\/08\/29\/importancia-do-jornal-na-sociedade\/"},"author":{"name":"Reda\u00e7\u00e3o Folha Popular","@id":"https:\/\/folhapopular.info\/#\/schema\/person\/2814e8a0df7643585a9ca38bc6eb9d4b"},"headline":"Import\u00e2ncia do jornal na sociedade","datePublished":"2026-08-29T16:00:00+00:00","dateModified":"2026-09-01T11:59:42+00:00","mainEntityOfPage":{"@id":"https:\/\/folhapopular.info\/index.php\/2026\/08\/29\/importancia-do-jornal-na-sociedade\/"},"wordCount":58,"commentCount":0,"image":{"@id":"https:\/\/folhapopular.info\/index.php\/2026\/08\/29\/importancia-do-jornal-na-sociedade\/#primaryimage"},"thumbnailUrl":"https:\/\/folhapopular.info\/wp-content\/uploads\/2026\/09\/Ana-Mari-Tedeschi.webp","keywords":["Ana Mari Tedeschi","Folha Popular","Gente que Escreve"],"articleSection":["Assinantes","Colunistas","Gente que Escreve"],"inLanguage":"pt-BR","potentialAction":[{"@type":"CommentAction","name":"Comment","target":["https:\/\/folhapopular.info\/index.php\/2026\/08\/29\/importancia-do-jornal-na-sociedade\/#respond"]}]},{"@type":"WebPage","@id":"https:\/\/folhapopular.info\/index.php\/2026\/08\/29\/importancia-do-jornal-na-sociedade\/","url":"https:\/\/folhapopular.info\/index.php\/2026\/08\/29\/importancia-do-jornal-na-sociedade\/","name":"Import\u00e2ncia do jornal na sociedade - Folha Popular","isPartOf":{"@id":"https:\/\/folhapopular.info\/#website"},"primaryImageOfPage":{"@id":"https:\/\/folhapopular.info\/index.php\/2026\/08\/29\/importancia-do-jornal-na-sociedade\/#primaryimage"},"image":{"@id":"https:\/\/folhapopular.info\/index.php\/2026\/08\/29\/importancia-do-jornal-na-sociedade\/#primaryimage"},"thumbnailUrl":"https:\/\/folhapopular.info\/wp-content\/uploads\/2026\/09\/Ana-Mari-Tedeschi.webp","datePublished":"2026-08-29T16:00:00+00:00","dateModified":"2026-09-01T11:59:42+00:00","author":{"@id":"https:\/\/folhapopular.info\/#\/schema\/person\/2814e8a0df7643585a9ca38bc6eb9d4b"},"breadcrumb":{"@id":"https:\/\/folhapopular.info\/index.php\/2026\/08\/29\/importancia-do-jornal-na-sociedade\/#breadcrumb"},"inLanguage":"pt-BR","potentialAction":[{"@type":"ReadAction","target":["https:\/\/folhapopular.info\/index.php\/2026\/08\/29\/importancia-do-jornal-na-sociedade\/"]}]},{"@type":"ImageObject","inLanguage":"pt-BR","@id":"https:\/\/folhapopular.info\/index.php\/2026\/08\/29\/importancia-do-jornal-na-sociedade\/#primaryimage","url":"https:\/\/folhapopular.info\/wp-content\/uploads\/2026\/09\/Ana-Mari-Tedeschi.webp","contentUrl":"https:\/\/folhapopular.info\/wp-content\/uploads\/2026\/09\/Ana-Mari-Tedeschi.webp","width":505,"height":506,"caption":"Ana Mari Tedeschi \/ Cr\u00e9dito: Arquivo Pessoal"},{"@type":"BreadcrumbList","@id":"https:\/\/folhapopular.info\/index.php\/2026\/08\/29\/importancia-do-jornal-na-sociedade\/#breadcrumb","itemListElement":[{"@type":"ListItem","position":1,"name":"In\u00edcio","item":"https:\/\/folhapopular.info\/"},{"@type":"ListItem","position":2,"name":"Import\u00e2ncia do jornal na sociedade"}]},{"@type":"WebSite","@id":"https:\/\/folhapopular.info\/#website","url":"https:\/\/folhapopular.info\/","name":"Folha Popular","description":"Onde voc\u00ea tem vez e voz","potentialAction":[{"@type":"SearchAction","target":{"@type":"EntryPoint","urlTemplate":"https:\/\/folhapopular.info\/?s={search_term_string}"},"query-input":{"@type":"PropertyValueSpecification","valueRequired":true,"valueName":"search_term_string"}}],"inLanguage":"pt-BR"},{"@type":"Person","@id":"https:\/\/folhapopular.info\/#\/schema\/person\/2814e8a0df7643585a9ca38bc6eb9d4b","name":"Reda\u00e7\u00e3o Folha Popular","image":{"@type":"ImageObject","inLanguage":"pt-BR","@id":"https:\/\/folhapopular.info\/wp-content\/uploads\/2026\/04\/Folha-1.webp","url":"https:\/\/folhapopular.info\/wp-content\/uploads\/2026\/04\/Folha-1.webp","contentUrl":"https:\/\/folhapopular.info\/wp-content\/uploads\/2026\/04\/Folha-1.webp","caption":"Reda\u00e7\u00e3o Folha Popular"},"url":"https:\/\/folhapopular.info\/index.php\/author\/redacao\/"}]}},"jetpack_sharing_enabled":true,"amp_enabled":true,"jetpack_featured_media_url":"https:\/\/folhapopular.info\/wp-content\/uploads\/2026\/09\/Ana-Mari-Tedeschi.webp","_links":{"self":[{"href":"https:\/\/folhapopular.info\/index.php\/wp-json\/wp\/v2\/posts\/220052","targetHints":{"allow":["GET"]}}],"collection":[{"href":"https:\/\/folhapopular.info\/index.php\/wp-json\/wp\/v2\/posts"}],"about":[{"href":"https:\/\/folhapopular.info\/index.php\/wp-json\/wp\/v2\/types\/post"}],"author":[{"embeddable":true,"href":"https:\/\/folhapopular.info\/index.php\/wp-json\/wp\/v2\/users\/8"}],"replies":[{"embeddable":true,"href":"https:\/\/folhapopular.info\/index.php\/wp-json\/wp\/v2\/comments?post=220052"}],"version-history":[{"count":1,"href":"https:\/\/folhapopular.info\/index.php\/wp-json\/wp\/v2\/posts\/220052\/revisions"}],"predecessor-version":[{"id":220055,"href":"https:\/\/folhapopular.info\/index.php\/wp-json\/wp\/v2\/posts\/220052\/revisions\/220055"}],"wp:featuredmedia":[{"embeddable":true,"href":"https:\/\/folhapopular.info\/index.php\/wp-json\/wp\/v2\/media\/220054"}],"wp:attachment":[{"href":"https:\/\/folhapopular.info\/index.php\/wp-json\/wp\/v2\/media?parent=220052"}],"wp:term":[{"taxonomy":"category","embeddable":true,"href":"https:\/\/folhapopular.info\/index.php\/wp-json\/wp\/v2\/categories?post=220052"},{"taxonomy":"post_tag","embeddable":true,"href":"https:\/\/folhapopular.info\/index.php\/wp-json\/wp\/v2\/tags?post=220052"}],"curies":[{"name":"wp","href":"https:\/\/api.w.org\/{rel}","templated":true}]}}