{"id":220053,"date":"2026-09-01T09:02:38","date_gmt":"2026-09-01T12:02:38","guid":{"rendered":"https:\/\/folhapopular.info\/?p=220053"},"modified":"2026-09-01T09:19:13","modified_gmt":"2026-09-01T12:19:13","slug":"de-roca-sales-gabriel-lourenco-luta-por-vaga-no-ufc","status":"publish","type":"post","link":"https:\/\/folhapopular.info\/index.php\/2026\/09\/01\/de-roca-sales-gabriel-lourenco-luta-por-vaga-no-ufc\/","title":{"rendered":"De Roca Sales, Gabriel Louren\u00e7o luta por vaga no UFC"},"content":{"rendered":"\n<p class=\"wp-block-paragraph\">Criado em Roca Sales, Gabriel \u201c<em>Black<\/em> Mamba\u201d Louren\u00e7o vive o momento mais importante de sua carreira no MMA na noite desta ter\u00e7a-feira (1\u00ba\/9). Aos 26 anos, o lutador entra no oct\u00f3gono do UFC Apex, em <em>Las Vegas<\/em>, nos Estados Unidos, para enfrentar o norte-americano Charlie Cleveland pelo quarto epis\u00f3dio da 10\u00aa temporada do Dana White\u2019s <em>Contender Series<\/em> (DWCS).<\/p>\n\n\n\n<p class=\"wp-block-paragraph\">A luta \u00e9 uma oportunidade de chegar \u00e0 maior organiza\u00e7\u00e3o de MMA do mundo. Para isso, Gabriel precisa convencer Dana White e os respons\u00e1veis pelo evento de que merece um contrato com o UFC.<\/p>\n\n\n\n<p class=\"wp-block-paragraph\">A rela\u00e7\u00e3o de Gabriel com as artes marciais come\u00e7ou ainda na inf\u00e2ncia. Aos 9 anos, iniciou no <em>taekwondo<\/em>, depois de ser apresentado \u00e0 modalidade pelo irm\u00e3o. A partir da\u00ed, passou a dedicar cada vez mais espa\u00e7o dos seus dias aos treinamentos e \u00e0s competi\u00e7\u00f5es.<\/p>\n\n\n\n<p class=\"wp-block-paragraph\">A trajet\u00f3ria tamb\u00e9m passou por academias da regi\u00e3o, como a Gracie Barra de Encantado. Em 2023, Gabriel recebeu o convite do mestre Luciano \u201cMutante\u201d para treinar na Chute Boxe, mudan\u00e7a que marcou uma nova etapa da carreira.<\/p>\n\n\n\n<p class=\"wp-block-paragraph\">\u201cA partir desse momento, montamos um plano, uma estrat\u00e9gia para chegar ao UFC\u201d, conta o lutador.<\/p>\n\n\n\n<h2 class=\"wp-block-heading\"><strong>Cartel e prepara\u00e7\u00e3o<\/strong><\/h2>\n\n\n\n<p class=\"wp-block-paragraph\">Gabriel chega a Las Vegas com cartel de 7 vit\u00f3rias e 1 derrota no MMA Profissional. O bom momento \u00e9 refor\u00e7ado por uma sequ\u00eancia de triunfos que colocou o peso-pesado ga\u00facho no radar do <em>Contender Series<\/em>.<\/p>\n\n\n\n<p class=\"wp-block-paragraph\">A prepara\u00e7\u00e3o para o desafio nos Estados Unidos envolveu uma rotina intensa. Gabriel conta que vive dentro da academia, com treinos, estudo dos advers\u00e1rios, alimenta\u00e7\u00e3o e descanso.<\/p>\n\n\n\n<p class=\"wp-block-paragraph\">\u201cMeu <em>hobby <\/em>\u00e9 treinar e morar dentro da academia. Aprendo com estudos de luta, treinos, na alimenta\u00e7\u00e3o e \u2013 principalmente &#8211; descanso\u201d, afirma.<\/p>\n\n\n\n<p class=\"wp-block-paragraph\">Do outro lado do oct\u00f3gono estar\u00e1 Charlie Cleveland, com 1 derrota e 6 vit\u00f3rias no MMA profissional. O norte-americano \u00e9 apontado como um lutador agressivo e chega ao combate com caracter\u00edsticas semelhantes \u00e0s do brasileiro: busca pelo nocaute e capacidade de atuar em diferentes \u00e1reas da luta.<\/p>\n\n\n\n<p class=\"wp-block-paragraph\">O confronto ser\u00e1 de dois pesos-pesados que chegam ao <em>Contender Series<\/em> em busca de uma oportunidade de entrar definitivamente no UFC.<\/p>\n\n\n\n<h2 class=\"wp-block-heading\"><strong>Pelo<\/strong><strong> fim da luta<\/strong><\/h2>\n\n\n\n<p class=\"wp-block-paragraph\">Apesar da import\u00e2ncia do confronto, Gabriel afirma que pretende manter o estilo apresentado ao longo da carreira. Para ele, a estrat\u00e9gia \u00e9 buscar o encerramento da luta sempre que houver oportunidade. \u201cTreino para nocautear ou finalizar. Sempre dou o melhor de mim, meus treinos s\u00e3o bem intensos. Chego para nocautear ou finalizar\u201d, diz.<\/p>\n\n\n\n<p class=\"wp-block-paragraph\">O lutador trata a oportunidade em Las Vegas como consequ\u00eancia de anos de dedica\u00e7\u00e3o. \u201c\u00c9 uma oportunidade quase que divina. Uma baita chance na vida. Ent\u00e3o, n\u00e3o vou desperdi\u00e7ar. Vou chegar l\u00e1, dar o meu melhor e toda honra, toda gl\u00f3ria vai ser dada a Deus\u201d, afirma.<\/p>\n\n\n\n<h2 class=\"wp-block-heading\"><strong>Noite que pode mudar a carreira<\/strong><\/h2>\n\n\n\n<p class=\"wp-block-paragraph\">O Dana White\u2019s <em>Contender Series<\/em> funciona como uma das principais portas de entrada de novos talentos para o UFC. Uma vit\u00f3ria convincente pode significar muito. Al\u00e9m de acrescentar mais um resultado ao cartel, ela pode colocar Gabriel oficialmente entre os atletas da principal organiza\u00e7\u00e3o de MMA do mundo.<\/p>\n\n\n\n<p class=\"wp-block-paragraph\">Depois de come\u00e7ar no <em>taekwondo<\/em> aos 9 anos e construir sua trajet\u00f3ria nas academias do Vale do Taquari, Gabriel \u201c<em>Black <\/em>Mamba\u201d Louren\u00e7o chega ao deserto de Nevada diante da maior oportunidade da carreira. Para o lutador de Roca Sales, o pr\u00f3ximo passo est\u00e1 logo ali, dentro do oct\u00f3gono.<\/p>\n\n\n\n<figure class=\"wp-block-gallery has-nested-images columns-default is-cropped wp-block-gallery-1 is-layout-flex wp-block-gallery-is-layout-flex\">\n<figure class=\"wp-block-image size-large\"><img loading=\"lazy\" decoding=\"async\" width=\"1024\" height=\"683\" data-id=\"220060\" src=\"https:\/\/folhapopular.info\/wp-content\/uploads\/2026\/09\/9d177cde939a4c05e269d3816f51e3ectGGgCBeqqpXke0hi-0-1024x683.webp\" alt=\"Encarada foi tranquila - Cr\u00e9dito: Divulga\u00e7\u00e3o\" class=\"wp-image-220060\" srcset=\"https:\/\/folhapopular.info\/wp-content\/uploads\/2026\/09\/9d177cde939a4c05e269d3816f51e3ectGGgCBeqqpXke0hi-0-1024x683.webp 1024w, https:\/\/folhapopular.info\/wp-content\/uploads\/2026\/09\/9d177cde939a4c05e269d3816f51e3ectGGgCBeqqpXke0hi-0-300x200.webp 300w, https:\/\/folhapopular.info\/wp-content\/uploads\/2026\/09\/9d177cde939a4c05e269d3816f51e3ectGGgCBeqqpXke0hi-0-768x512.webp 768w, https:\/\/folhapopular.info\/wp-content\/uploads\/2026\/09\/9d177cde939a4c05e269d3816f51e3ectGGgCBeqqpXke0hi-0-630x420.webp 630w, https:\/\/folhapopular.info\/wp-content\/uploads\/2026\/09\/9d177cde939a4c05e269d3816f51e3ectGGgCBeqqpXke0hi-0-696x464.webp 696w, https:\/\/folhapopular.info\/wp-content\/uploads\/2026\/09\/9d177cde939a4c05e269d3816f51e3ectGGgCBeqqpXke0hi-0-1068x712.webp 1068w, https:\/\/folhapopular.info\/wp-content\/uploads\/2026\/09\/9d177cde939a4c05e269d3816f51e3ectGGgCBeqqpXke0hi-0.webp 1080w\" sizes=\"auto, (max-width: 1024px) 100vw, 1024px\" \/><figcaption class=\"wp-element-caption\">Encarada foi tranquila<br>Cr\u00e9dito: Divulga\u00e7\u00e3o<\/figcaption><\/figure>\n<\/figure>\n","protected":false},"excerpt":{"rendered":"<p>Criado em Roca Sales, Gabriel \u201cBlack Mamba\u201d Louren\u00e7o vive o momento mais importante de sua carreira no MMA na noite desta ter\u00e7a-feira (1\u00ba\/9). Aos 26 anos, o lutador entra no oct\u00f3gono do UFC Apex, em Las Vegas, nos Estados Unidos, para enfrentar o norte-americano Charlie Cleveland pelo quarto epis\u00f3dio da 10\u00aa temporada do Dana White\u2019s [&hellip;]<\/p>\n","protected":false},"author":732,"featured_media":220064,"comment_status":"open","ping_status":"open","sticky":false,"template":"","format":"standard","meta":{"pmpro_default_level":"","_jetpack_memberships_contains_paid_content":false,"footnotes":""},"categories":[18195,5],"tags":[9681,21872,707,10776],"class_list":["post-220053","post","type-post","status-publish","format-standard","has-post-thumbnail","category-artes-marciais","category-esportes","tag-artes-marciais","tag-gabriel-lourenco","tag-roca-sales","tag-ufc","pmpro-has-access"],"yoast_head":"<!-- This site is optimized with the Yoast SEO plugin v28.3 - https:\/\/yoast.com\/product\/yoast-seo-wordpress\/ -->\n<title>De Roca Sales, Gabriel Louren\u00e7o luta por vaga no UFC - Folha Popular<\/title>\n<meta name=\"robots\" content=\"index, follow, max-snippet:-1, max-image-preview:large, max-video-preview:-1\" \/>\n<link rel=\"canonical\" href=\"https:\/\/folhapopular.info\/index.php\/2026\/09\/01\/de-roca-sales-gabriel-lourenco-luta-por-vaga-no-ufc\/\" \/>\n<meta property=\"og:locale\" content=\"pt_BR\" \/>\n<meta property=\"og:type\" content=\"article\" \/>\n<meta property=\"og:title\" content=\"De Roca Sales, Gabriel Louren\u00e7o luta por vaga no UFC - Folha Popular\" \/>\n<meta property=\"og:description\" content=\"Criado em Roca Sales, Gabriel \u201cBlack Mamba\u201d Louren\u00e7o vive o momento mais importante de sua carreira no MMA na noite desta ter\u00e7a-feira (1\u00ba\/9). Aos 26 anos, o lutador entra no oct\u00f3gono do UFC Apex, em Las Vegas, nos Estados Unidos, para enfrentar o norte-americano Charlie Cleveland pelo quarto epis\u00f3dio da 10\u00aa temporada do Dana White\u2019s [&hellip;]\" \/>\n<meta property=\"og:url\" content=\"https:\/\/folhapopular.info\/index.php\/2026\/09\/01\/de-roca-sales-gabriel-lourenco-luta-por-vaga-no-ufc\/\" \/>\n<meta property=\"og:site_name\" content=\"Folha Popular\" \/>\n<meta property=\"article:author\" content=\"https:\/\/www.facebook.com\/luis.huppes\/\" \/>\n<meta property=\"article:published_time\" content=\"2026-09-01T12:02:38+00:00\" \/>\n<meta property=\"article:modified_time\" content=\"2026-09-01T12:19:13+00:00\" \/>\n<meta property=\"og:image\" content=\"https:\/\/folhapopular.info\/wp-content\/uploads\/2026\/09\/564331763_18299100643271511_870478652149452537_n.webp\" \/>\n\t<meta property=\"og:image:width\" content=\"1440\" \/>\n\t<meta property=\"og:image:height\" content=\"960\" \/>\n\t<meta property=\"og:image:type\" content=\"image\/webp\" \/>\n<meta name=\"author\" content=\"Luis Augusto Huppes\" \/>\n<meta name=\"twitter:card\" content=\"summary_large_image\" \/>\n<meta name=\"twitter:label1\" content=\"Escrito por\" \/>\n\t<meta name=\"twitter:data1\" content=\"Luis Augusto Huppes\" \/>\n\t<meta name=\"twitter:label2\" content=\"Est. tempo de leitura\" \/>\n\t<meta name=\"twitter:data2\" content=\"4 minutos\" \/>\n<script type=\"application\/ld+json\" class=\"yoast-schema-graph\">{\"@context\":\"https:\\\/\\\/schema.org\",\"@graph\":[{\"@type\":\"Article\",\"@id\":\"https:\\\/\\\/folhapopular.info\\\/index.php\\\/2026\\\/09\\\/01\\\/de-roca-sales-gabriel-lourenco-luta-por-vaga-no-ufc\\\/#article\",\"isPartOf\":{\"@id\":\"https:\\\/\\\/folhapopular.info\\\/index.php\\\/2026\\\/09\\\/01\\\/de-roca-sales-gabriel-lourenco-luta-por-vaga-no-ufc\\\/\"},\"author\":{\"name\":\"Luis Augusto Huppes\",\"@id\":\"https:\\\/\\\/folhapopular.info\\\/#\\\/schema\\\/person\\\/e852c327371714676d02e58cf917fd9f\"},\"headline\":\"De Roca Sales, Gabriel Louren\u00e7o luta por vaga no UFC\",\"datePublished\":\"2026-09-01T12:02:38+00:00\",\"dateModified\":\"2026-09-01T12:19:13+00:00\",\"mainEntityOfPage\":{\"@id\":\"https:\\\/\\\/folhapopular.info\\\/index.php\\\/2026\\\/09\\\/01\\\/de-roca-sales-gabriel-lourenco-luta-por-vaga-no-ufc\\\/\"},\"wordCount\":598,\"commentCount\":0,\"image\":{\"@id\":\"https:\\\/\\\/folhapopular.info\\\/index.php\\\/2026\\\/09\\\/01\\\/de-roca-sales-gabriel-lourenco-luta-por-vaga-no-ufc\\\/#primaryimage\"},\"thumbnailUrl\":\"https:\\\/\\\/folhapopular.info\\\/wp-content\\\/uploads\\\/2026\\\/09\\\/564331763_18299100643271511_870478652149452537_n.webp\",\"keywords\":[\"Artes Marciais\",\"Gabriel Louren\u00e7o\",\"Roca Sales\",\"UFC\"],\"articleSection\":[\"Artes Marciais\",\"Esportes\"],\"inLanguage\":\"pt-BR\",\"potentialAction\":[{\"@type\":\"CommentAction\",\"name\":\"Comment\",\"target\":[\"https:\\\/\\\/folhapopular.info\\\/index.php\\\/2026\\\/09\\\/01\\\/de-roca-sales-gabriel-lourenco-luta-por-vaga-no-ufc\\\/#respond\"]}]},{\"@type\":\"WebPage\",\"@id\":\"https:\\\/\\\/folhapopular.info\\\/index.php\\\/2026\\\/09\\\/01\\\/de-roca-sales-gabriel-lourenco-luta-por-vaga-no-ufc\\\/\",\"url\":\"https:\\\/\\\/folhapopular.info\\\/index.php\\\/2026\\\/09\\\/01\\\/de-roca-sales-gabriel-lourenco-luta-por-vaga-no-ufc\\\/\",\"name\":\"De Roca Sales, Gabriel Louren\u00e7o luta por vaga no UFC - Folha Popular\",\"isPartOf\":{\"@id\":\"https:\\\/\\\/folhapopular.info\\\/#website\"},\"primaryImageOfPage\":{\"@id\":\"https:\\\/\\\/folhapopular.info\\\/index.php\\\/2026\\\/09\\\/01\\\/de-roca-sales-gabriel-lourenco-luta-por-vaga-no-ufc\\\/#primaryimage\"},\"image\":{\"@id\":\"https:\\\/\\\/folhapopular.info\\\/index.php\\\/2026\\\/09\\\/01\\\/de-roca-sales-gabriel-lourenco-luta-por-vaga-no-ufc\\\/#primaryimage\"},\"thumbnailUrl\":\"https:\\\/\\\/folhapopular.info\\\/wp-content\\\/uploads\\\/2026\\\/09\\\/564331763_18299100643271511_870478652149452537_n.webp\",\"datePublished\":\"2026-09-01T12:02:38+00:00\",\"dateModified\":\"2026-09-01T12:19:13+00:00\",\"author\":{\"@id\":\"https:\\\/\\\/folhapopular.info\\\/#\\\/schema\\\/person\\\/e852c327371714676d02e58cf917fd9f\"},\"breadcrumb\":{\"@id\":\"https:\\\/\\\/folhapopular.info\\\/index.php\\\/2026\\\/09\\\/01\\\/de-roca-sales-gabriel-lourenco-luta-por-vaga-no-ufc\\\/#breadcrumb\"},\"inLanguage\":\"pt-BR\",\"potentialAction\":[{\"@type\":\"ReadAction\",\"target\":[\"https:\\\/\\\/folhapopular.info\\\/index.php\\\/2026\\\/09\\\/01\\\/de-roca-sales-gabriel-lourenco-luta-por-vaga-no-ufc\\\/\"]}]},{\"@type\":\"ImageObject\",\"inLanguage\":\"pt-BR\",\"@id\":\"https:\\\/\\\/folhapopular.info\\\/index.php\\\/2026\\\/09\\\/01\\\/de-roca-sales-gabriel-lourenco-luta-por-vaga-no-ufc\\\/#primaryimage\",\"url\":\"https:\\\/\\\/folhapopular.info\\\/wp-content\\\/uploads\\\/2026\\\/09\\\/564331763_18299100643271511_870478652149452537_n.webp\",\"contentUrl\":\"https:\\\/\\\/folhapopular.info\\\/wp-content\\\/uploads\\\/2026\\\/09\\\/564331763_18299100643271511_870478652149452537_n.webp\",\"width\":1440,\"height\":960,\"caption\":\"Gabriel representar\u00e1 Roca Sales, o Rio Grande do Sul e o Brasil na noite desta ter\u00e7a - Cr\u00e9dito: Arquivo Pessoal\"},{\"@type\":\"BreadcrumbList\",\"@id\":\"https:\\\/\\\/folhapopular.info\\\/index.php\\\/2026\\\/09\\\/01\\\/de-roca-sales-gabriel-lourenco-luta-por-vaga-no-ufc\\\/#breadcrumb\",\"itemListElement\":[{\"@type\":\"ListItem\",\"position\":1,\"name\":\"In\u00edcio\",\"item\":\"https:\\\/\\\/folhapopular.info\\\/\"},{\"@type\":\"ListItem\",\"position\":2,\"name\":\"De Roca Sales, Gabriel Louren\u00e7o luta por vaga no UFC\"}]},{\"@type\":\"WebSite\",\"@id\":\"https:\\\/\\\/folhapopular.info\\\/#website\",\"url\":\"https:\\\/\\\/folhapopular.info\\\/\",\"name\":\"Folha Popular\",\"description\":\"Onde voc\u00ea tem vez e voz\",\"potentialAction\":[{\"@type\":\"SearchAction\",\"target\":{\"@type\":\"EntryPoint\",\"urlTemplate\":\"https:\\\/\\\/folhapopular.info\\\/?s={search_term_string}\"},\"query-input\":{\"@type\":\"PropertyValueSpecification\",\"valueRequired\":true,\"valueName\":\"search_term_string\"}}],\"inLanguage\":\"pt-BR\"},{\"@type\":\"Person\",\"@id\":\"https:\\\/\\\/folhapopular.info\\\/#\\\/schema\\\/person\\\/e852c327371714676d02e58cf917fd9f\",\"name\":\"Luis Augusto Huppes\",\"image\":{\"@type\":\"ImageObject\",\"inLanguage\":\"pt-BR\",\"@id\":\"https:\\\/\\\/folhapopular.info\\\/wp-content\\\/uploads\\\/2026\\\/04\\\/Luis-Augusto-Huppes-1-1.webp\",\"url\":\"https:\\\/\\\/folhapopular.info\\\/wp-content\\\/uploads\\\/2026\\\/04\\\/Luis-Augusto-Huppes-1-1.webp\",\"contentUrl\":\"https:\\\/\\\/folhapopular.info\\\/wp-content\\\/uploads\\\/2026\\\/04\\\/Luis-Augusto-Huppes-1-1.webp\",\"caption\":\"Luis Augusto Huppes\"},\"sameAs\":[\"https:\\\/\\\/www.facebook.com\\\/luis.huppes\\\/\",\"https:\\\/\\\/www.instagram.com\\\/luis.huppes\\\/\",\"https:\\\/\\\/www.linkedin.com\\\/in\\\/luis-augusto-huppes-2554b52b7\\\/\"],\"url\":\"https:\\\/\\\/folhapopular.info\\\/index.php\\\/author\\\/luis-augusto-huppes\\\/\"}]}<\/script>\n<!-- \/ Yoast SEO plugin. -->","yoast_head_json":{"title":"De Roca Sales, Gabriel Louren\u00e7o luta por vaga no UFC - Folha Popular","robots":{"index":"index","follow":"follow","max-snippet":"max-snippet:-1","max-image-preview":"max-image-preview:large","max-video-preview":"max-video-preview:-1"},"canonical":"https:\/\/folhapopular.info\/index.php\/2026\/09\/01\/de-roca-sales-gabriel-lourenco-luta-por-vaga-no-ufc\/","og_locale":"pt_BR","og_type":"article","og_title":"De Roca Sales, Gabriel Louren\u00e7o luta por vaga no UFC - Folha Popular","og_description":"Criado em Roca Sales, Gabriel \u201cBlack Mamba\u201d Louren\u00e7o vive o momento mais importante de sua carreira no MMA na noite desta ter\u00e7a-feira (1\u00ba\/9). Aos 26 anos, o lutador entra no oct\u00f3gono do UFC Apex, em Las Vegas, nos Estados Unidos, para enfrentar o norte-americano Charlie Cleveland pelo quarto epis\u00f3dio da 10\u00aa temporada do Dana White\u2019s [&hellip;]","og_url":"https:\/\/folhapopular.info\/index.php\/2026\/09\/01\/de-roca-sales-gabriel-lourenco-luta-por-vaga-no-ufc\/","og_site_name":"Folha Popular","article_author":"https:\/\/www.facebook.com\/luis.huppes\/","article_published_time":"2026-09-01T12:02:38+00:00","article_modified_time":"2026-09-01T12:19:13+00:00","og_image":[{"width":1440,"height":960,"url":"https:\/\/folhapopular.info\/wp-content\/uploads\/2026\/09\/564331763_18299100643271511_870478652149452537_n.webp","type":"image\/webp"}],"author":"Luis Augusto Huppes","twitter_card":"summary_large_image","twitter_misc":{"Escrito por":"Luis Augusto Huppes","Est. tempo de leitura":"4 minutos"},"schema":{"@context":"https:\/\/schema.org","@graph":[{"@type":"Article","@id":"https:\/\/folhapopular.info\/index.php\/2026\/09\/01\/de-roca-sales-gabriel-lourenco-luta-por-vaga-no-ufc\/#article","isPartOf":{"@id":"https:\/\/folhapopular.info\/index.php\/2026\/09\/01\/de-roca-sales-gabriel-lourenco-luta-por-vaga-no-ufc\/"},"author":{"name":"Luis Augusto Huppes","@id":"https:\/\/folhapopular.info\/#\/schema\/person\/e852c327371714676d02e58cf917fd9f"},"headline":"De Roca Sales, Gabriel Louren\u00e7o luta por vaga no UFC","datePublished":"2026-09-01T12:02:38+00:00","dateModified":"2026-09-01T12:19:13+00:00","mainEntityOfPage":{"@id":"https:\/\/folhapopular.info\/index.php\/2026\/09\/01\/de-roca-sales-gabriel-lourenco-luta-por-vaga-no-ufc\/"},"wordCount":598,"commentCount":0,"image":{"@id":"https:\/\/folhapopular.info\/index.php\/2026\/09\/01\/de-roca-sales-gabriel-lourenco-luta-por-vaga-no-ufc\/#primaryimage"},"thumbnailUrl":"https:\/\/folhapopular.info\/wp-content\/uploads\/2026\/09\/564331763_18299100643271511_870478652149452537_n.webp","keywords":["Artes Marciais","Gabriel Louren\u00e7o","Roca Sales","UFC"],"articleSection":["Artes Marciais","Esportes"],"inLanguage":"pt-BR","potentialAction":[{"@type":"CommentAction","name":"Comment","target":["https:\/\/folhapopular.info\/index.php\/2026\/09\/01\/de-roca-sales-gabriel-lourenco-luta-por-vaga-no-ufc\/#respond"]}]},{"@type":"WebPage","@id":"https:\/\/folhapopular.info\/index.php\/2026\/09\/01\/de-roca-sales-gabriel-lourenco-luta-por-vaga-no-ufc\/","url":"https:\/\/folhapopular.info\/index.php\/2026\/09\/01\/de-roca-sales-gabriel-lourenco-luta-por-vaga-no-ufc\/","name":"De Roca Sales, Gabriel Louren\u00e7o luta por vaga no UFC - Folha Popular","isPartOf":{"@id":"https:\/\/folhapopular.info\/#website"},"primaryImageOfPage":{"@id":"https:\/\/folhapopular.info\/index.php\/2026\/09\/01\/de-roca-sales-gabriel-lourenco-luta-por-vaga-no-ufc\/#primaryimage"},"image":{"@id":"https:\/\/folhapopular.info\/index.php\/2026\/09\/01\/de-roca-sales-gabriel-lourenco-luta-por-vaga-no-ufc\/#primaryimage"},"thumbnailUrl":"https:\/\/folhapopular.info\/wp-content\/uploads\/2026\/09\/564331763_18299100643271511_870478652149452537_n.webp","datePublished":"2026-09-01T12:02:38+00:00","dateModified":"2026-09-01T12:19:13+00:00","author":{"@id":"https:\/\/folhapopular.info\/#\/schema\/person\/e852c327371714676d02e58cf917fd9f"},"breadcrumb":{"@id":"https:\/\/folhapopular.info\/index.php\/2026\/09\/01\/de-roca-sales-gabriel-lourenco-luta-por-vaga-no-ufc\/#breadcrumb"},"inLanguage":"pt-BR","potentialAction":[{"@type":"ReadAction","target":["https:\/\/folhapopular.info\/index.php\/2026\/09\/01\/de-roca-sales-gabriel-lourenco-luta-por-vaga-no-ufc\/"]}]},{"@type":"ImageObject","inLanguage":"pt-BR","@id":"https:\/\/folhapopular.info\/index.php\/2026\/09\/01\/de-roca-sales-gabriel-lourenco-luta-por-vaga-no-ufc\/#primaryimage","url":"https:\/\/folhapopular.info\/wp-content\/uploads\/2026\/09\/564331763_18299100643271511_870478652149452537_n.webp","contentUrl":"https:\/\/folhapopular.info\/wp-content\/uploads\/2026\/09\/564331763_18299100643271511_870478652149452537_n.webp","width":1440,"height":960,"caption":"Gabriel representar\u00e1 Roca Sales, o Rio Grande do Sul e o Brasil na noite desta ter\u00e7a - Cr\u00e9dito: Arquivo Pessoal"},{"@type":"BreadcrumbList","@id":"https:\/\/folhapopular.info\/index.php\/2026\/09\/01\/de-roca-sales-gabriel-lourenco-luta-por-vaga-no-ufc\/#breadcrumb","itemListElement":[{"@type":"ListItem","position":1,"name":"In\u00edcio","item":"https:\/\/folhapopular.info\/"},{"@type":"ListItem","position":2,"name":"De Roca Sales, Gabriel Louren\u00e7o luta por vaga no UFC"}]},{"@type":"WebSite","@id":"https:\/\/folhapopular.info\/#website","url":"https:\/\/folhapopular.info\/","name":"Folha Popular","description":"Onde voc\u00ea tem vez e voz","potentialAction":[{"@type":"SearchAction","target":{"@type":"EntryPoint","urlTemplate":"https:\/\/folhapopular.info\/?s={search_term_string}"},"query-input":{"@type":"PropertyValueSpecification","valueRequired":true,"valueName":"search_term_string"}}],"inLanguage":"pt-BR"},{"@type":"Person","@id":"https:\/\/folhapopular.info\/#\/schema\/person\/e852c327371714676d02e58cf917fd9f","name":"Luis Augusto Huppes","image":{"@type":"ImageObject","inLanguage":"pt-BR","@id":"https:\/\/folhapopular.info\/wp-content\/uploads\/2026\/04\/Luis-Augusto-Huppes-1-1.webp","url":"https:\/\/folhapopular.info\/wp-content\/uploads\/2026\/04\/Luis-Augusto-Huppes-1-1.webp","contentUrl":"https:\/\/folhapopular.info\/wp-content\/uploads\/2026\/04\/Luis-Augusto-Huppes-1-1.webp","caption":"Luis Augusto Huppes"},"sameAs":["https:\/\/www.facebook.com\/luis.huppes\/","https:\/\/www.instagram.com\/luis.huppes\/","https:\/\/www.linkedin.com\/in\/luis-augusto-huppes-2554b52b7\/"],"url":"https:\/\/folhapopular.info\/index.php\/author\/luis-augusto-huppes\/"}]}},"jetpack_sharing_enabled":true,"amp_enabled":true,"jetpack_featured_media_url":"https:\/\/folhapopular.info\/wp-content\/uploads\/2026\/09\/564331763_18299100643271511_870478652149452537_n.webp","_links":{"self":[{"href":"https:\/\/folhapopular.info\/index.php\/wp-json\/wp\/v2\/posts\/220053","targetHints":{"allow":["GET"]}}],"collection":[{"href":"https:\/\/folhapopular.info\/index.php\/wp-json\/wp\/v2\/posts"}],"about":[{"href":"https:\/\/folhapopular.info\/index.php\/wp-json\/wp\/v2\/types\/post"}],"author":[{"embeddable":true,"href":"https:\/\/folhapopular.info\/index.php\/wp-json\/wp\/v2\/users\/732"}],"replies":[{"embeddable":true,"href":"https:\/\/folhapopular.info\/index.php\/wp-json\/wp\/v2\/comments?post=220053"}],"version-history":[{"count":2,"href":"https:\/\/folhapopular.info\/index.php\/wp-json\/wp\/v2\/posts\/220053\/revisions"}],"predecessor-version":[{"id":220063,"href":"https:\/\/folhapopular.info\/index.php\/wp-json\/wp\/v2\/posts\/220053\/revisions\/220063"}],"wp:featuredmedia":[{"embeddable":true,"href":"https:\/\/folhapopular.info\/index.php\/wp-json\/wp\/v2\/media\/220064"}],"wp:attachment":[{"href":"https:\/\/folhapopular.info\/index.php\/wp-json\/wp\/v2\/media?parent=220053"}],"wp:term":[{"taxonomy":"category","embeddable":true,"href":"https:\/\/folhapopular.info\/index.php\/wp-json\/wp\/v2\/categories?post=220053"},{"taxonomy":"post_tag","embeddable":true,"href":"https:\/\/folhapopular.info\/index.php\/wp-json\/wp\/v2\/tags?post=220053"}],"curies":[{"name":"wp","href":"https:\/\/api.w.org\/{rel}","templated":true}]}}