{"id":220071,"date":"2026-09-01T11:00:00","date_gmt":"2026-09-01T14:00:00","guid":{"rendered":"https:\/\/folhapopular.info\/?p=220071"},"modified":"2026-09-01T09:48:13","modified_gmt":"2026-09-01T12:48:13","slug":"univates-estrutura-plano-de-contingencia","status":"publish","type":"post","link":"https:\/\/folhapopular.info\/index.php\/2026\/09\/01\/univates-estrutura-plano-de-contingencia\/","title":{"rendered":"Univates estrutura plano de conting\u00eancia"},"content":{"rendered":"\n<p class=\"wp-block-paragraph\">A Universidade do Vale do Taquari (Univates) deu in\u00edcio \u00e0 elabora\u00e7\u00e3o de um Plano de Conting\u00eancia (Plancon) para riscos e desastres, especialmente eventos clim\u00e1ticos. O objetivo \u00e9 definir estrat\u00e9gias de mitiga\u00e7\u00e3o e enfrentamento dos desafios que podem envolver a comunidade acad\u00eamica e todos aqueles que se relacionam com a Institui\u00e7\u00e3o.<\/p>\n\n\n\n<p class=\"wp-block-paragraph\">A elabora\u00e7\u00e3o do Plano de Conting\u00eancia ser\u00e1 feita em etapas e dever\u00e1 ser conclu\u00edda at\u00e9 o final do ano. O trabalho \u00e9 coordenado por uma equipe do Escrit\u00f3rio Modelo de Arquitetura e Urbanismo (Semeia Emau), que tem atuado em a\u00e7\u00f5es relacionadas \u00e0 recupera\u00e7\u00e3o dos munic\u00edpios afetados pelas inunda\u00e7\u00f5es.<\/p>\n\n\n\n<p class=\"wp-block-paragraph\">O documento ser\u00e1 revisado e atualizado periodicamente, e toda a comunidade acad\u00eamica ter\u00e1 acesso a uma vers\u00e3o reduzida, com orienta\u00e7\u00f5es sobre o que fazer em situa\u00e7\u00f5es de risco ou emerg\u00eancia.<\/p>\n\n\n\n<h2 class=\"wp-block-heading\"><strong>Prepara\u00e7\u00e3o e estudo<\/strong><\/h2>\n\n\n\n<p class=\"wp-block-paragraph\">Nos dias 27 e 28 de agosto, representantes da Univates participaram de um workshop realizado em parceria com o Programa Regional de Assist\u00eancia para Desastres (RDAP), do Departamento de Resposta a Desastres e Ajuda Humanit\u00e1ria do governo dos Estados Unidos.<\/p>\n\n\n\n<p class=\"wp-block-paragraph\">A programa\u00e7\u00e3o incluiu exerc\u00edcios pr\u00e1ticos e palestras com os representantes do RDAP, coronel Paulo Jos\u00e9 Barbosa de Souza e Juan Ramos Panduro, e com o coordenador Regional da Defesa Civil dos Vales do Taquari e Rio Pardo (8\u00aa Crepdec), coronel Ivan Alves.  \u201cSe queremos continuar vivendo neste Vale, precisamos aprender a conviver da forma mais adequada com aquilo que a natureza est\u00e1 nos demonstrando. \u00c9 uma oportunidade de aprender com quem vive isso h\u00e1 mais tempo\u201d, destaca a vice-reitora, C\u00edntia Agostini.<\/p>\n\n\n\n<p class=\"wp-block-paragraph\"><\/p>\n","protected":false},"excerpt":{"rendered":"<p>A Universidade do Vale do Taquari (Univates) deu in\u00edcio \u00e0 elabora\u00e7\u00e3o de um Plano de Conting\u00eancia (Plancon) para riscos e desastres, especialmente eventos clim\u00e1ticos. O objetivo \u00e9 definir estrat\u00e9gias de mitiga\u00e7\u00e3o e enfrentamento dos desafios que podem envolver a comunidade acad\u00eamica e todos aqueles que se relacionam com a Institui\u00e7\u00e3o. A elabora\u00e7\u00e3o do Plano de [&hellip;]<\/p>\n","protected":false},"author":8,"featured_media":220075,"comment_status":"open","ping_status":"open","sticky":false,"template":"","format":"standard","meta":{"pmpro_default_level":"","_jetpack_memberships_contains_paid_content":false,"footnotes":""},"categories":[2,3],"tags":[208,1853,83],"class_list":["post-220071","post","type-post","status-publish","format-standard","has-post-thumbnail","category-featured","category-geral","tag-defesa-civil","tag-plano-de-contingencia","tag-univates","pmpro-has-access"],"yoast_head":"<!-- This site is optimized with the Yoast SEO plugin v28.3 - https:\/\/yoast.com\/product\/yoast-seo-wordpress\/ -->\n<title>Univates estrutura plano de conting\u00eancia - Folha Popular<\/title>\n<meta name=\"robots\" content=\"index, follow, max-snippet:-1, max-image-preview:large, max-video-preview:-1\" \/>\n<link rel=\"canonical\" href=\"https:\/\/folhapopular.info\/index.php\/2026\/09\/01\/univates-estrutura-plano-de-contingencia\/\" \/>\n<meta property=\"og:locale\" content=\"pt_BR\" \/>\n<meta property=\"og:type\" content=\"article\" \/>\n<meta property=\"og:title\" content=\"Univates estrutura plano de conting\u00eancia - Folha Popular\" \/>\n<meta property=\"og:description\" content=\"A Universidade do Vale do Taquari (Univates) deu in\u00edcio \u00e0 elabora\u00e7\u00e3o de um Plano de Conting\u00eancia (Plancon) para riscos e desastres, especialmente eventos clim\u00e1ticos. O objetivo \u00e9 definir estrat\u00e9gias de mitiga\u00e7\u00e3o e enfrentamento dos desafios que podem envolver a comunidade acad\u00eamica e todos aqueles que se relacionam com a Institui\u00e7\u00e3o. A elabora\u00e7\u00e3o do Plano de [&hellip;]\" \/>\n<meta property=\"og:url\" content=\"https:\/\/folhapopular.info\/index.php\/2026\/09\/01\/univates-estrutura-plano-de-contingencia\/\" \/>\n<meta property=\"og:site_name\" content=\"Folha Popular\" \/>\n<meta property=\"article:published_time\" content=\"2026-09-01T14:00:00+00:00\" \/>\n<meta property=\"og:image\" content=\"https:\/\/folhapopular.info\/wp-content\/uploads\/2026\/09\/2-Coordenador-Regional-da-Defesa-Civil-dos-Vales-do-Taquari-e-Rio-Pardo-coronel-Ivan-Alves-realizou-palestra-durante-workshop-Credito-Pietra-Darde-Univates.jpg-scaled.webp\" \/>\n\t<meta property=\"og:image:width\" content=\"2560\" \/>\n\t<meta property=\"og:image:height\" content=\"1707\" \/>\n\t<meta property=\"og:image:type\" content=\"image\/webp\" \/>\n<meta name=\"author\" content=\"Reda\u00e7\u00e3o Folha Popular\" \/>\n<meta name=\"twitter:card\" content=\"summary_large_image\" \/>\n<meta name=\"twitter:label1\" content=\"Escrito por\" \/>\n\t<meta name=\"twitter:data1\" content=\"Reda\u00e7\u00e3o Folha Popular\" \/>\n\t<meta name=\"twitter:label2\" content=\"Est. tempo de leitura\" \/>\n\t<meta name=\"twitter:data2\" content=\"2 minutos\" \/>\n<script type=\"application\/ld+json\" class=\"yoast-schema-graph\">{\"@context\":\"https:\\\/\\\/schema.org\",\"@graph\":[{\"@type\":\"Article\",\"@id\":\"https:\\\/\\\/folhapopular.info\\\/index.php\\\/2026\\\/09\\\/01\\\/univates-estrutura-plano-de-contingencia\\\/#article\",\"isPartOf\":{\"@id\":\"https:\\\/\\\/folhapopular.info\\\/index.php\\\/2026\\\/09\\\/01\\\/univates-estrutura-plano-de-contingencia\\\/\"},\"author\":{\"name\":\"Reda\u00e7\u00e3o Folha Popular\",\"@id\":\"https:\\\/\\\/folhapopular.info\\\/#\\\/schema\\\/person\\\/2814e8a0df7643585a9ca38bc6eb9d4b\"},\"headline\":\"Univates estrutura plano de conting\u00eancia\",\"datePublished\":\"2026-09-01T14:00:00+00:00\",\"mainEntityOfPage\":{\"@id\":\"https:\\\/\\\/folhapopular.info\\\/index.php\\\/2026\\\/09\\\/01\\\/univates-estrutura-plano-de-contingencia\\\/\"},\"wordCount\":278,\"commentCount\":0,\"image\":{\"@id\":\"https:\\\/\\\/folhapopular.info\\\/index.php\\\/2026\\\/09\\\/01\\\/univates-estrutura-plano-de-contingencia\\\/#primaryimage\"},\"thumbnailUrl\":\"https:\\\/\\\/folhapopular.info\\\/wp-content\\\/uploads\\\/2026\\\/09\\\/2-Coordenador-Regional-da-Defesa-Civil-dos-Vales-do-Taquari-e-Rio-Pardo-coronel-Ivan-Alves-realizou-palestra-durante-workshop-Credito-Pietra-Darde-Univates.jpg-scaled.webp\",\"keywords\":[\"Defesa Civil\",\"Plano de Conting\u00eancia\",\"Univates\"],\"articleSection\":[\"Destaques\",\"Geral\"],\"inLanguage\":\"pt-BR\",\"potentialAction\":[{\"@type\":\"CommentAction\",\"name\":\"Comment\",\"target\":[\"https:\\\/\\\/folhapopular.info\\\/index.php\\\/2026\\\/09\\\/01\\\/univates-estrutura-plano-de-contingencia\\\/#respond\"]}]},{\"@type\":\"WebPage\",\"@id\":\"https:\\\/\\\/folhapopular.info\\\/index.php\\\/2026\\\/09\\\/01\\\/univates-estrutura-plano-de-contingencia\\\/\",\"url\":\"https:\\\/\\\/folhapopular.info\\\/index.php\\\/2026\\\/09\\\/01\\\/univates-estrutura-plano-de-contingencia\\\/\",\"name\":\"Univates estrutura plano de conting\u00eancia - Folha Popular\",\"isPartOf\":{\"@id\":\"https:\\\/\\\/folhapopular.info\\\/#website\"},\"primaryImageOfPage\":{\"@id\":\"https:\\\/\\\/folhapopular.info\\\/index.php\\\/2026\\\/09\\\/01\\\/univates-estrutura-plano-de-contingencia\\\/#primaryimage\"},\"image\":{\"@id\":\"https:\\\/\\\/folhapopular.info\\\/index.php\\\/2026\\\/09\\\/01\\\/univates-estrutura-plano-de-contingencia\\\/#primaryimage\"},\"thumbnailUrl\":\"https:\\\/\\\/folhapopular.info\\\/wp-content\\\/uploads\\\/2026\\\/09\\\/2-Coordenador-Regional-da-Defesa-Civil-dos-Vales-do-Taquari-e-Rio-Pardo-coronel-Ivan-Alves-realizou-palestra-durante-workshop-Credito-Pietra-Darde-Univates.jpg-scaled.webp\",\"datePublished\":\"2026-09-01T14:00:00+00:00\",\"author\":{\"@id\":\"https:\\\/\\\/folhapopular.info\\\/#\\\/schema\\\/person\\\/2814e8a0df7643585a9ca38bc6eb9d4b\"},\"breadcrumb\":{\"@id\":\"https:\\\/\\\/folhapopular.info\\\/index.php\\\/2026\\\/09\\\/01\\\/univates-estrutura-plano-de-contingencia\\\/#breadcrumb\"},\"inLanguage\":\"pt-BR\",\"potentialAction\":[{\"@type\":\"ReadAction\",\"target\":[\"https:\\\/\\\/folhapopular.info\\\/index.php\\\/2026\\\/09\\\/01\\\/univates-estrutura-plano-de-contingencia\\\/\"]}]},{\"@type\":\"ImageObject\",\"inLanguage\":\"pt-BR\",\"@id\":\"https:\\\/\\\/folhapopular.info\\\/index.php\\\/2026\\\/09\\\/01\\\/univates-estrutura-plano-de-contingencia\\\/#primaryimage\",\"url\":\"https:\\\/\\\/folhapopular.info\\\/wp-content\\\/uploads\\\/2026\\\/09\\\/2-Coordenador-Regional-da-Defesa-Civil-dos-Vales-do-Taquari-e-Rio-Pardo-coronel-Ivan-Alves-realizou-palestra-durante-workshop-Credito-Pietra-Darde-Univates.jpg-scaled.webp\",\"contentUrl\":\"https:\\\/\\\/folhapopular.info\\\/wp-content\\\/uploads\\\/2026\\\/09\\\/2-Coordenador-Regional-da-Defesa-Civil-dos-Vales-do-Taquari-e-Rio-Pardo-coronel-Ivan-Alves-realizou-palestra-durante-workshop-Credito-Pietra-Darde-Univates.jpg-scaled.webp\",\"width\":2560,\"height\":1707,\"caption\":\"Cr\u00e9dito: Pietra Darde \\\/ Univates\"},{\"@type\":\"BreadcrumbList\",\"@id\":\"https:\\\/\\\/folhapopular.info\\\/index.php\\\/2026\\\/09\\\/01\\\/univates-estrutura-plano-de-contingencia\\\/#breadcrumb\",\"itemListElement\":[{\"@type\":\"ListItem\",\"position\":1,\"name\":\"In\u00edcio\",\"item\":\"https:\\\/\\\/folhapopular.info\\\/\"},{\"@type\":\"ListItem\",\"position\":2,\"name\":\"Univates estrutura plano de conting\u00eancia\"}]},{\"@type\":\"WebSite\",\"@id\":\"https:\\\/\\\/folhapopular.info\\\/#website\",\"url\":\"https:\\\/\\\/folhapopular.info\\\/\",\"name\":\"Folha Popular\",\"description\":\"Onde voc\u00ea tem vez e voz\",\"potentialAction\":[{\"@type\":\"SearchAction\",\"target\":{\"@type\":\"EntryPoint\",\"urlTemplate\":\"https:\\\/\\\/folhapopular.info\\\/?s={search_term_string}\"},\"query-input\":{\"@type\":\"PropertyValueSpecification\",\"valueRequired\":true,\"valueName\":\"search_term_string\"}}],\"inLanguage\":\"pt-BR\"},{\"@type\":\"Person\",\"@id\":\"https:\\\/\\\/folhapopular.info\\\/#\\\/schema\\\/person\\\/2814e8a0df7643585a9ca38bc6eb9d4b\",\"name\":\"Reda\u00e7\u00e3o Folha Popular\",\"image\":{\"@type\":\"ImageObject\",\"inLanguage\":\"pt-BR\",\"@id\":\"https:\\\/\\\/folhapopular.info\\\/wp-content\\\/uploads\\\/2026\\\/04\\\/Folha-1.webp\",\"url\":\"https:\\\/\\\/folhapopular.info\\\/wp-content\\\/uploads\\\/2026\\\/04\\\/Folha-1.webp\",\"contentUrl\":\"https:\\\/\\\/folhapopular.info\\\/wp-content\\\/uploads\\\/2026\\\/04\\\/Folha-1.webp\",\"caption\":\"Reda\u00e7\u00e3o Folha Popular\"},\"url\":\"https:\\\/\\\/folhapopular.info\\\/index.php\\\/author\\\/redacao\\\/\"}]}<\/script>\n<!-- \/ Yoast SEO plugin. -->","yoast_head_json":{"title":"Univates estrutura plano de conting\u00eancia - Folha Popular","robots":{"index":"index","follow":"follow","max-snippet":"max-snippet:-1","max-image-preview":"max-image-preview:large","max-video-preview":"max-video-preview:-1"},"canonical":"https:\/\/folhapopular.info\/index.php\/2026\/09\/01\/univates-estrutura-plano-de-contingencia\/","og_locale":"pt_BR","og_type":"article","og_title":"Univates estrutura plano de conting\u00eancia - Folha Popular","og_description":"A Universidade do Vale do Taquari (Univates) deu in\u00edcio \u00e0 elabora\u00e7\u00e3o de um Plano de Conting\u00eancia (Plancon) para riscos e desastres, especialmente eventos clim\u00e1ticos. O objetivo \u00e9 definir estrat\u00e9gias de mitiga\u00e7\u00e3o e enfrentamento dos desafios que podem envolver a comunidade acad\u00eamica e todos aqueles que se relacionam com a Institui\u00e7\u00e3o. A elabora\u00e7\u00e3o do Plano de [&hellip;]","og_url":"https:\/\/folhapopular.info\/index.php\/2026\/09\/01\/univates-estrutura-plano-de-contingencia\/","og_site_name":"Folha Popular","article_published_time":"2026-09-01T14:00:00+00:00","og_image":[{"width":2560,"height":1707,"url":"https:\/\/folhapopular.info\/wp-content\/uploads\/2026\/09\/2-Coordenador-Regional-da-Defesa-Civil-dos-Vales-do-Taquari-e-Rio-Pardo-coronel-Ivan-Alves-realizou-palestra-durante-workshop-Credito-Pietra-Darde-Univates.jpg-scaled.webp","type":"image\/webp"}],"author":"Reda\u00e7\u00e3o Folha Popular","twitter_card":"summary_large_image","twitter_misc":{"Escrito por":"Reda\u00e7\u00e3o Folha Popular","Est. tempo de leitura":"2 minutos"},"schema":{"@context":"https:\/\/schema.org","@graph":[{"@type":"Article","@id":"https:\/\/folhapopular.info\/index.php\/2026\/09\/01\/univates-estrutura-plano-de-contingencia\/#article","isPartOf":{"@id":"https:\/\/folhapopular.info\/index.php\/2026\/09\/01\/univates-estrutura-plano-de-contingencia\/"},"author":{"name":"Reda\u00e7\u00e3o Folha Popular","@id":"https:\/\/folhapopular.info\/#\/schema\/person\/2814e8a0df7643585a9ca38bc6eb9d4b"},"headline":"Univates estrutura plano de conting\u00eancia","datePublished":"2026-09-01T14:00:00+00:00","mainEntityOfPage":{"@id":"https:\/\/folhapopular.info\/index.php\/2026\/09\/01\/univates-estrutura-plano-de-contingencia\/"},"wordCount":278,"commentCount":0,"image":{"@id":"https:\/\/folhapopular.info\/index.php\/2026\/09\/01\/univates-estrutura-plano-de-contingencia\/#primaryimage"},"thumbnailUrl":"https:\/\/folhapopular.info\/wp-content\/uploads\/2026\/09\/2-Coordenador-Regional-da-Defesa-Civil-dos-Vales-do-Taquari-e-Rio-Pardo-coronel-Ivan-Alves-realizou-palestra-durante-workshop-Credito-Pietra-Darde-Univates.jpg-scaled.webp","keywords":["Defesa Civil","Plano de Conting\u00eancia","Univates"],"articleSection":["Destaques","Geral"],"inLanguage":"pt-BR","potentialAction":[{"@type":"CommentAction","name":"Comment","target":["https:\/\/folhapopular.info\/index.php\/2026\/09\/01\/univates-estrutura-plano-de-contingencia\/#respond"]}]},{"@type":"WebPage","@id":"https:\/\/folhapopular.info\/index.php\/2026\/09\/01\/univates-estrutura-plano-de-contingencia\/","url":"https:\/\/folhapopular.info\/index.php\/2026\/09\/01\/univates-estrutura-plano-de-contingencia\/","name":"Univates estrutura plano de conting\u00eancia - Folha Popular","isPartOf":{"@id":"https:\/\/folhapopular.info\/#website"},"primaryImageOfPage":{"@id":"https:\/\/folhapopular.info\/index.php\/2026\/09\/01\/univates-estrutura-plano-de-contingencia\/#primaryimage"},"image":{"@id":"https:\/\/folhapopular.info\/index.php\/2026\/09\/01\/univates-estrutura-plano-de-contingencia\/#primaryimage"},"thumbnailUrl":"https:\/\/folhapopular.info\/wp-content\/uploads\/2026\/09\/2-Coordenador-Regional-da-Defesa-Civil-dos-Vales-do-Taquari-e-Rio-Pardo-coronel-Ivan-Alves-realizou-palestra-durante-workshop-Credito-Pietra-Darde-Univates.jpg-scaled.webp","datePublished":"2026-09-01T14:00:00+00:00","author":{"@id":"https:\/\/folhapopular.info\/#\/schema\/person\/2814e8a0df7643585a9ca38bc6eb9d4b"},"breadcrumb":{"@id":"https:\/\/folhapopular.info\/index.php\/2026\/09\/01\/univates-estrutura-plano-de-contingencia\/#breadcrumb"},"inLanguage":"pt-BR","potentialAction":[{"@type":"ReadAction","target":["https:\/\/folhapopular.info\/index.php\/2026\/09\/01\/univates-estrutura-plano-de-contingencia\/"]}]},{"@type":"ImageObject","inLanguage":"pt-BR","@id":"https:\/\/folhapopular.info\/index.php\/2026\/09\/01\/univates-estrutura-plano-de-contingencia\/#primaryimage","url":"https:\/\/folhapopular.info\/wp-content\/uploads\/2026\/09\/2-Coordenador-Regional-da-Defesa-Civil-dos-Vales-do-Taquari-e-Rio-Pardo-coronel-Ivan-Alves-realizou-palestra-durante-workshop-Credito-Pietra-Darde-Univates.jpg-scaled.webp","contentUrl":"https:\/\/folhapopular.info\/wp-content\/uploads\/2026\/09\/2-Coordenador-Regional-da-Defesa-Civil-dos-Vales-do-Taquari-e-Rio-Pardo-coronel-Ivan-Alves-realizou-palestra-durante-workshop-Credito-Pietra-Darde-Univates.jpg-scaled.webp","width":2560,"height":1707,"caption":"Cr\u00e9dito: Pietra Darde \/ Univates"},{"@type":"BreadcrumbList","@id":"https:\/\/folhapopular.info\/index.php\/2026\/09\/01\/univates-estrutura-plano-de-contingencia\/#breadcrumb","itemListElement":[{"@type":"ListItem","position":1,"name":"In\u00edcio","item":"https:\/\/folhapopular.info\/"},{"@type":"ListItem","position":2,"name":"Univates estrutura plano de conting\u00eancia"}]},{"@type":"WebSite","@id":"https:\/\/folhapopular.info\/#website","url":"https:\/\/folhapopular.info\/","name":"Folha Popular","description":"Onde voc\u00ea tem vez e voz","potentialAction":[{"@type":"SearchAction","target":{"@type":"EntryPoint","urlTemplate":"https:\/\/folhapopular.info\/?s={search_term_string}"},"query-input":{"@type":"PropertyValueSpecification","valueRequired":true,"valueName":"search_term_string"}}],"inLanguage":"pt-BR"},{"@type":"Person","@id":"https:\/\/folhapopular.info\/#\/schema\/person\/2814e8a0df7643585a9ca38bc6eb9d4b","name":"Reda\u00e7\u00e3o Folha Popular","image":{"@type":"ImageObject","inLanguage":"pt-BR","@id":"https:\/\/folhapopular.info\/wp-content\/uploads\/2026\/04\/Folha-1.webp","url":"https:\/\/folhapopular.info\/wp-content\/uploads\/2026\/04\/Folha-1.webp","contentUrl":"https:\/\/folhapopular.info\/wp-content\/uploads\/2026\/04\/Folha-1.webp","caption":"Reda\u00e7\u00e3o Folha Popular"},"url":"https:\/\/folhapopular.info\/index.php\/author\/redacao\/"}]}},"jetpack_sharing_enabled":true,"amp_enabled":true,"jetpack_featured_media_url":"https:\/\/folhapopular.info\/wp-content\/uploads\/2026\/09\/2-Coordenador-Regional-da-Defesa-Civil-dos-Vales-do-Taquari-e-Rio-Pardo-coronel-Ivan-Alves-realizou-palestra-durante-workshop-Credito-Pietra-Darde-Univates.jpg-scaled.webp","_links":{"self":[{"href":"https:\/\/folhapopular.info\/index.php\/wp-json\/wp\/v2\/posts\/220071","targetHints":{"allow":["GET"]}}],"collection":[{"href":"https:\/\/folhapopular.info\/index.php\/wp-json\/wp\/v2\/posts"}],"about":[{"href":"https:\/\/folhapopular.info\/index.php\/wp-json\/wp\/v2\/types\/post"}],"author":[{"embeddable":true,"href":"https:\/\/folhapopular.info\/index.php\/wp-json\/wp\/v2\/users\/8"}],"replies":[{"embeddable":true,"href":"https:\/\/folhapopular.info\/index.php\/wp-json\/wp\/v2\/comments?post=220071"}],"version-history":[{"count":1,"href":"https:\/\/folhapopular.info\/index.php\/wp-json\/wp\/v2\/posts\/220071\/revisions"}],"predecessor-version":[{"id":220076,"href":"https:\/\/folhapopular.info\/index.php\/wp-json\/wp\/v2\/posts\/220071\/revisions\/220076"}],"wp:featuredmedia":[{"embeddable":true,"href":"https:\/\/folhapopular.info\/index.php\/wp-json\/wp\/v2\/media\/220075"}],"wp:attachment":[{"href":"https:\/\/folhapopular.info\/index.php\/wp-json\/wp\/v2\/media?parent=220071"}],"wp:term":[{"taxonomy":"category","embeddable":true,"href":"https:\/\/folhapopular.info\/index.php\/wp-json\/wp\/v2\/categories?post=220071"},{"taxonomy":"post_tag","embeddable":true,"href":"https:\/\/folhapopular.info\/index.php\/wp-json\/wp\/v2\/tags?post=220071"}],"curies":[{"name":"wp","href":"https:\/\/api.w.org\/{rel}","templated":true}]}}