{"id":220074,"date":"2026-09-01T09:58:06","date_gmt":"2026-09-01T12:58:06","guid":{"rendered":"https:\/\/folhapopular.info\/?p=220074"},"modified":"2026-09-01T10:04:00","modified_gmt":"2026-09-01T13:04:00","slug":"brasil-larga-forte-e-reafirma-ambicao-pelo-tetra-do-regional","status":"publish","type":"post","link":"https:\/\/folhapopular.info\/index.php\/2026\/09\/01\/brasil-larga-forte-e-reafirma-ambicao-pelo-tetra-do-regional\/","title":{"rendered":"Brasil larga forte e reafirma ambi\u00e7\u00e3o pelo tetra do Regional"},"content":{"rendered":"\n<p class=\"wp-block-paragraph\">O Brasil de Marques de Souza come\u00e7ou a S\u00e9rie A do Regional da Aslivata 2026 com aproveitamento perfeito. Em tr\u00eas partidas, a equipe venceu Cruzeiro, Internacional e Po\u00e7o das Antas, marcou 5 gols, sofreu apenas 1 e assumiu a lideran\u00e7a. O in\u00edcio confirma a proposta apresentada pela dire\u00e7\u00e3o: montar um elenco competitivo, equilibrado e preparado para enfrentar uma das edi\u00e7\u00f5es mais parelhas da competi\u00e7\u00e3o.<\/p>\n\n\n\n<p class=\"wp-block-paragraph\">Na avalia\u00e7\u00e3o do presidente Tiago Rother, o desempenho n\u00e3o surpreende, mas tamb\u00e9m n\u00e3o permite acomoda\u00e7\u00e3o. O dirigente destaca que o Regional ganhou for\u00e7a recentemente e exige prepara\u00e7\u00e3o. \u201c\u00c9 um campeonato muito equilibrado. Sabemos que n\u00e3o teve barbada em nenhum dos jogos\u201d, resume.<\/p>\n\n\n\n<p class=\"wp-block-paragraph\">A caminhada come\u00e7ou em 2 de agosto, com vit\u00f3ria por 1 a 0 sobre o Cruzeiro. Uma semana depois, o Brasil voltou para casa e repetiu o placar diante do Internacional. O terceiro compromisso trouxe um teste mais exigente. Em 16 de agosto, a equipe foi at\u00e9 Po\u00e7o das Antas e venceu o atual vice-campe\u00e3o por 3 a 1. No ano passado, Po\u00e7o havia eliminado o Brasil nos p\u00eanaltis, nas quartas de final.<\/p>\n\n\n\n<p class=\"wp-block-paragraph\">Desta vez, por\u00e9m, o time de Marques de Souza mostrou uma caracter\u00edstica que, segundo Tiago, foi trabalhada durante a prepara\u00e7\u00e3o: a capacidade de competir fisicamente. \u201cO Regional \u00e9 muito t\u00e9cnico, mas tamb\u00e9m f\u00edsico. Precis\u00e1vamos encontrar esse equil\u00edbrio\u201d, afirma Rother.<\/p>\n\n\n\n<p class=\"wp-block-paragraph\">Com 100% de aproveitamento, o Brasil chega \u00e0 sequ\u00eancia da competi\u00e7\u00e3o como uma das principais refer\u00eancias da S\u00e9rie A. A campanha, no entanto, \u00e9 tratada internamente com cautela. Para ele, o desempenho na classificat\u00f3ria precisa servir como constru\u00e7\u00e3o para o mata-mata.<\/p>\n\n\n\n<h2 class=\"wp-block-heading\"><strong>Refor\u00e7os e identidade<\/strong><\/h2>\n\n\n\n<p class=\"wp-block-paragraph\">A diretoria apostou na manuten\u00e7\u00e3o da base de 2025, mas tamb\u00e9m buscou nomes para elevar o n\u00edvel do grupo. Entre os refor\u00e7os est\u00e3o Mateus\u00e3o, Z\u00e9 Mateus, Poio e M\u00e1rcio Jonathan, al\u00e9m de Felipe Guedes.<\/p>\n\n\n\n<p class=\"wp-block-paragraph\">A montagem seguiu uma ideia defendida pelo presidente, n\u00e3o basta contratar jogadores conhecidos. Para vestir a camiseta do Brasil, \u00e9 preciso estar alinhado ao perfil do clube. \u201c\u00c9 importante o atleta tenha um DNA vencedor para chegar ao clube\u201d, destaca Tiago.<\/p>\n\n\n\n<p class=\"wp-block-paragraph\">A inten\u00e7\u00e3o \u00e9 formar um grupo capaz de suportar uma competi\u00e7\u00e3o longa, marcada por cart\u00f5es, les\u00f5es e mudan\u00e7as de escala\u00e7\u00e3o. O dirigente tamb\u00e9m ressalta a necessidade de administrar o elenco com transpar\u00eancia, especialmente diante da necessidade de conciliar atletas experientes e jovens.<\/p>\n\n\n\n<p class=\"wp-block-paragraph\">Nesse processo, o trabalho do t\u00e9cnico S\u00edrio Pereira Duarte aparece como um dos pilares do projeto. Depois da elimina\u00e7\u00e3o de 2025, quando chegou a cogitar o encerramento do ciclo, o treinador decidiu permanecer.<\/p>\n\n\n\n<p class=\"wp-block-paragraph\">A continuidade foi constru\u00edda a partir da rela\u00e7\u00e3o de confian\u00e7a com a dire\u00e7\u00e3o. Tiago conta que deixou claro ao treinador que a perman\u00eancia dependia apenas de sua vontade. Pouco tempo depois, o acordo para seguir no comando estava encaminhado. \u201cEu e o S\u00edrio temos pensamentos parecido. O que eu fizer, ele assina embaixo; o que ele fizer, eu assino embaixo\u201d, relata.<\/p>\n\n\n\n<h2 class=\"wp-block-heading\"><strong>Aspirantes<\/strong><\/h2>\n\n\n\n<p class=\"wp-block-paragraph\">O bom momento n\u00e3o se limita \u00e0 equipe Principal. Atual campe\u00e3o dos Aspirantes, o Brasil tamb\u00e9m mant\u00e9m uma campanha competitiva no segundo quadro e trabalha para que as duas categorias estejam integradas.<\/p>\n\n\n\n<p class=\"wp-block-paragraph\">O t\u00e9cnico Alan segue \u00e0 frente, com liberdade para conduzir a montagem da equipe. Para a dire\u00e7\u00e3o, n\u00e3o existe dvis\u00e3o entre as categorias. A ideia \u00e9 tratar o clube como um \u00fanico projeto. \u201cA camiseta \u00e9 a mesma. Tentamos deixar isso o mais igual poss\u00edvel para ter uma sintonia boa\u201d, explica.<\/p>\n\n\n\n<p class=\"wp-block-paragraph\">A filosofia tamb\u00e9m abre espa\u00e7o para que jogadores mais jovens possam ser aproveitados no Principal quando houver necessidade.<\/p>\n\n\n\n<h2 class=\"wp-block-heading\"><strong>Comunidade <\/strong><strong>e reconstru\u00e7\u00e3o<\/strong><\/h2>\n\n\n\n<p class=\"wp-block-paragraph\">Outro diferencial do Brasil est\u00e1 fora de campo. A mobiliza\u00e7\u00e3o de Marques de Souza acompanha o desempenho da equipe e se tornou parte importante da identidade do clube.<\/p>\n\n\n\n<p class=\"wp-block-paragraph\">Em casa, a torcida costuma lotar o entorno do campo e acompanhar de perto cada partida. Na vit\u00f3ria sobre o Internacional, a dire\u00e7\u00e3o contabilizou cerca de 800 pessoas.<\/p>\n\n\n\n<p class=\"wp-block-paragraph\">A presen\u00e7a tamb\u00e9m aparece nos jogos fora de casa. Mesmo na partida contra o Po\u00e7o das Antas, em um confronto menos decisivo do que o mata-mata da temporada anterior, o Brasil teve apoio significativo.<\/p>\n\n\n\n<p class=\"wp-block-paragraph\">Para Tiago, esse envolvimento \u00e9 consequ\u00eancia da rela\u00e7\u00e3o constru\u00edda entre clube, equipe e comunidade. \u201cAs pessoas respiram futebol em Marques. Domingo de jogo do Brasil \u00e9 diferente\u201d, comenta.<\/p>\n\n\n\n<p class=\"wp-block-paragraph\">A identidade do clube ganhou mais significado depois das enchentes que atingiram a regi\u00e3o. O Brasil sofreu danos e precisou mobilizar a comunidade para recuperar sua estrutura.<\/p>\n\n\n\n<p class=\"wp-block-paragraph\">Hoje, o presidente trata a reconstru\u00e7\u00e3o como um exemplo da capacidade de rea\u00e7\u00e3o da institui\u00e7\u00e3o. \u201cSofremos muito, mas, se voc\u00ea passar aqui no Brasil e olhar para o campo, parece que n\u00e3o teve enchente alguma\u201d, aponta.<\/p>\n\n\n\n<p class=\"wp-block-paragraph\">A recupera\u00e7\u00e3o da sede e do campo \u00e9 lembrada como parte de uma hist\u00f3ria recente que refor\u00e7ou os v\u00ednculos entre clube e comunidade. Para a dire\u00e7\u00e3o, a mesma uni\u00e3o que ajudou a reconstruir o patrim\u00f4nio agora impulsiona o time no Regional.<\/p>\n\n\n\n<h2 class=\"wp-block-heading\"><strong>Sequ\u00eancia<\/strong><\/h2>\n\n\n\n<p class=\"wp-block-paragraph\">Depois das tr\u00eas vit\u00f3rias, o Brasil encara o Minuano, em Marques de Souza. Na sequ\u00eancia, enfrenta o Juventude de Guapor\u00e9, antes de fechar a primeira fase contra o Tiradentes, em casa.<\/p>\n\n\n\n<p class=\"wp-block-paragraph\">S\u00e3o confrontos que devem colocar a campanha \u00e0 prova. O Tiradentes, em especial, aparece como um dos duelos mais aguardados, diante da for\u00e7a do elenco e da expectativa de grande presen\u00e7a de p\u00fablico.<\/p>\n\n\n\n<p class=\"wp-block-paragraph\">Mesmo com a lideran\u00e7a e desempenho perfeito, Tiago evita transformar o in\u00edcio em euforia. A dire\u00e7\u00e3o sabe que o campeonato est\u00e1 no come\u00e7o e que o verdadeiro desafio ser\u00e1 a eliminat\u00f3ria. \u201cN\u00e3o adianta ganhar tudo agora e cair no primeiro mata-mata. Precisamos manter os p\u00e9s no ch\u00e3o\u201d, destaca.<\/p>\n\n\n\n<p class=\"wp-block-paragraph\">A meta, entretanto, est\u00e1 definida. Tricampe\u00e3o Regional, o Brasil entra em 2026 com a expectativa de conquistar o quarto t\u00edtulo. O presidente n\u00e3o esconde a ambi\u00e7\u00e3o, mas refor\u00e7a que ela vem acompanhada de respeito aos advers\u00e1rios. \u201cVamos entrar para ganhar e conquistar o t\u00edtulo. Lutaremos por isso, sempre com respeito para todas as equipes\u201d, completa Tiago.<\/p>\n\n\n\n<figure class=\"wp-block-gallery has-nested-images columns-default is-cropped wp-block-gallery-1 is-layout-flex wp-block-gallery-is-layout-flex\">\n<figure class=\"wp-block-image size-large\"><img loading=\"lazy\" decoding=\"async\" width=\"1024\" height=\"683\" data-id=\"220080\" src=\"https:\/\/folhapopular.info\/wp-content\/uploads\/2026\/09\/BRASIL_Paixao-da-torcida-e-um-dos-diferenciais-do-Brasil_Jonathan-Rocha_Divulgacao-1024x683.webp\" alt=\"Paix\u00e3o da torcida \u00e9 um dos diferenciais do Brasil - Cr\u00e9dito: Jonathan Rocha \/ Divulga\u00e7\u00e3o\" class=\"wp-image-220080\" srcset=\"https:\/\/folhapopular.info\/wp-content\/uploads\/2026\/09\/BRASIL_Paixao-da-torcida-e-um-dos-diferenciais-do-Brasil_Jonathan-Rocha_Divulgacao-1024x683.webp 1024w, https:\/\/folhapopular.info\/wp-content\/uploads\/2026\/09\/BRASIL_Paixao-da-torcida-e-um-dos-diferenciais-do-Brasil_Jonathan-Rocha_Divulgacao-300x200.webp 300w, https:\/\/folhapopular.info\/wp-content\/uploads\/2026\/09\/BRASIL_Paixao-da-torcida-e-um-dos-diferenciais-do-Brasil_Jonathan-Rocha_Divulgacao-768x512.webp 768w, https:\/\/folhapopular.info\/wp-content\/uploads\/2026\/09\/BRASIL_Paixao-da-torcida-e-um-dos-diferenciais-do-Brasil_Jonathan-Rocha_Divulgacao-1536x1024.webp 1536w, https:\/\/folhapopular.info\/wp-content\/uploads\/2026\/09\/BRASIL_Paixao-da-torcida-e-um-dos-diferenciais-do-Brasil_Jonathan-Rocha_Divulgacao-2048x1365.webp 2048w, https:\/\/folhapopular.info\/wp-content\/uploads\/2026\/09\/BRASIL_Paixao-da-torcida-e-um-dos-diferenciais-do-Brasil_Jonathan-Rocha_Divulgacao-630x420.webp 630w, https:\/\/folhapopular.info\/wp-content\/uploads\/2026\/09\/BRASIL_Paixao-da-torcida-e-um-dos-diferenciais-do-Brasil_Jonathan-Rocha_Divulgacao-696x464.webp 696w, https:\/\/folhapopular.info\/wp-content\/uploads\/2026\/09\/BRASIL_Paixao-da-torcida-e-um-dos-diferenciais-do-Brasil_Jonathan-Rocha_Divulgacao-1068x712.webp 1068w, https:\/\/folhapopular.info\/wp-content\/uploads\/2026\/09\/BRASIL_Paixao-da-torcida-e-um-dos-diferenciais-do-Brasil_Jonathan-Rocha_Divulgacao-1920x1280.webp 1920w\" sizes=\"auto, (max-width: 1024px) 100vw, 1024px\" \/><figcaption class=\"wp-element-caption\">Paix\u00e3o da torcida \u00e9 um dos diferenciais do Brasil<br>Cr\u00e9dito: Jonathan Rocha \/ Divulga\u00e7\u00e3o<\/figcaption><\/figure>\n<\/figure>\n","protected":false},"excerpt":{"rendered":"<p>O Brasil de Marques de Souza come\u00e7ou a S\u00e9rie A do Regional da Aslivata 2026 com aproveitamento perfeito. Em tr\u00eas partidas, a equipe venceu Cruzeiro, Internacional e Po\u00e7o das Antas, marcou 5 gols, sofreu apenas 1 e assumiu a lideran\u00e7a. O in\u00edcio confirma a proposta apresentada pela dire\u00e7\u00e3o: montar um elenco competitivo, equilibrado e preparado [&hellip;]<\/p>\n","protected":false},"author":732,"featured_media":220079,"comment_status":"open","ping_status":"open","sticky":false,"template":"","format":"standard","meta":{"pmpro_default_level":"","_jetpack_memberships_contains_paid_content":false,"footnotes":""},"categories":[5,240,21363,288],"tags":[263,147,555,994],"class_list":["post-220074","post","type-post","status-publish","format-standard","has-post-thumbnail","category-esportes","category-futebol-amador","category-regional-2026","category-regional-da-aslivata","tag-brasil","tag-futebol-amador","tag-marques-de-souza","tag-regional-aslivata","pmpro-has-access"],"yoast_head":"<!-- This site is optimized with the Yoast SEO plugin v28.3 - https:\/\/yoast.com\/product\/yoast-seo-wordpress\/ -->\n<title>Brasil larga forte e reafirma ambi\u00e7\u00e3o pelo tetra do Regional - Folha Popular<\/title>\n<meta name=\"robots\" content=\"index, follow, max-snippet:-1, max-image-preview:large, max-video-preview:-1\" \/>\n<link rel=\"canonical\" href=\"https:\/\/folhapopular.info\/index.php\/2026\/09\/01\/brasil-larga-forte-e-reafirma-ambicao-pelo-tetra-do-regional\/\" \/>\n<meta property=\"og:locale\" content=\"pt_BR\" \/>\n<meta property=\"og:type\" content=\"article\" \/>\n<meta property=\"og:title\" content=\"Brasil larga forte e reafirma ambi\u00e7\u00e3o pelo tetra do Regional - Folha Popular\" \/>\n<meta property=\"og:description\" content=\"O Brasil de Marques de Souza come\u00e7ou a S\u00e9rie A do Regional da Aslivata 2026 com aproveitamento perfeito. Em tr\u00eas partidas, a equipe venceu Cruzeiro, Internacional e Po\u00e7o das Antas, marcou 5 gols, sofreu apenas 1 e assumiu a lideran\u00e7a. O in\u00edcio confirma a proposta apresentada pela dire\u00e7\u00e3o: montar um elenco competitivo, equilibrado e preparado [&hellip;]\" \/>\n<meta property=\"og:url\" content=\"https:\/\/folhapopular.info\/index.php\/2026\/09\/01\/brasil-larga-forte-e-reafirma-ambicao-pelo-tetra-do-regional\/\" \/>\n<meta property=\"og:site_name\" content=\"Folha Popular\" \/>\n<meta property=\"article:author\" content=\"https:\/\/www.facebook.com\/luis.huppes\/\" \/>\n<meta property=\"article:published_time\" content=\"2026-09-01T12:58:06+00:00\" \/>\n<meta property=\"article:modified_time\" content=\"2026-09-01T13:04:00+00:00\" \/>\n<meta property=\"og:image\" content=\"https:\/\/folhapopular.info\/wp-content\/uploads\/2026\/09\/BRASIL_Grupo-foi-montado-com-foco-em-ser-campeao_Jonathan-Rocha_Divulgacao.jpeg\" \/>\n\t<meta property=\"og:image:width\" content=\"1\" \/>\n\t<meta property=\"og:image:height\" content=\"1\" \/>\n\t<meta property=\"og:image:type\" content=\"image\/jpeg\" \/>\n<meta name=\"author\" content=\"Luis Augusto Huppes\" \/>\n<meta name=\"twitter:card\" content=\"summary_large_image\" \/>\n<meta name=\"twitter:label1\" content=\"Escrito por\" \/>\n\t<meta name=\"twitter:data1\" content=\"Luis Augusto Huppes\" \/>\n\t<meta name=\"twitter:label2\" content=\"Est. tempo de leitura\" \/>\n\t<meta name=\"twitter:data2\" content=\"6 minutos\" \/>\n<script type=\"application\/ld+json\" class=\"yoast-schema-graph\">{\"@context\":\"https:\\\/\\\/schema.org\",\"@graph\":[{\"@type\":\"Article\",\"@id\":\"https:\\\/\\\/folhapopular.info\\\/index.php\\\/2026\\\/09\\\/01\\\/brasil-larga-forte-e-reafirma-ambicao-pelo-tetra-do-regional\\\/#article\",\"isPartOf\":{\"@id\":\"https:\\\/\\\/folhapopular.info\\\/index.php\\\/2026\\\/09\\\/01\\\/brasil-larga-forte-e-reafirma-ambicao-pelo-tetra-do-regional\\\/\"},\"author\":{\"name\":\"Luis Augusto Huppes\",\"@id\":\"https:\\\/\\\/folhapopular.info\\\/#\\\/schema\\\/person\\\/e852c327371714676d02e58cf917fd9f\"},\"headline\":\"Brasil larga forte e reafirma ambi\u00e7\u00e3o pelo tetra do Regional\",\"datePublished\":\"2026-09-01T12:58:06+00:00\",\"dateModified\":\"2026-09-01T13:04:00+00:00\",\"mainEntityOfPage\":{\"@id\":\"https:\\\/\\\/folhapopular.info\\\/index.php\\\/2026\\\/09\\\/01\\\/brasil-larga-forte-e-reafirma-ambicao-pelo-tetra-do-regional\\\/\"},\"wordCount\":1085,\"commentCount\":0,\"image\":{\"@id\":\"https:\\\/\\\/folhapopular.info\\\/index.php\\\/2026\\\/09\\\/01\\\/brasil-larga-forte-e-reafirma-ambicao-pelo-tetra-do-regional\\\/#primaryimage\"},\"thumbnailUrl\":\"https:\\\/\\\/folhapopular.info\\\/wp-content\\\/uploads\\\/2026\\\/09\\\/BRASIL_Grupo-foi-montado-com-foco-em-ser-campeao_Jonathan-Rocha_Divulgacao.jpeg\",\"keywords\":[\"Brasil\",\"futebol amador\",\"Marques de Souza\",\"Regional Aslivata\"],\"articleSection\":[\"Esportes\",\"Futebol Amador\",\"Regional 2026\",\"Regional da Aslivata\"],\"inLanguage\":\"pt-BR\",\"potentialAction\":[{\"@type\":\"CommentAction\",\"name\":\"Comment\",\"target\":[\"https:\\\/\\\/folhapopular.info\\\/index.php\\\/2026\\\/09\\\/01\\\/brasil-larga-forte-e-reafirma-ambicao-pelo-tetra-do-regional\\\/#respond\"]}]},{\"@type\":\"WebPage\",\"@id\":\"https:\\\/\\\/folhapopular.info\\\/index.php\\\/2026\\\/09\\\/01\\\/brasil-larga-forte-e-reafirma-ambicao-pelo-tetra-do-regional\\\/\",\"url\":\"https:\\\/\\\/folhapopular.info\\\/index.php\\\/2026\\\/09\\\/01\\\/brasil-larga-forte-e-reafirma-ambicao-pelo-tetra-do-regional\\\/\",\"name\":\"Brasil larga forte e reafirma ambi\u00e7\u00e3o pelo tetra do Regional - Folha Popular\",\"isPartOf\":{\"@id\":\"https:\\\/\\\/folhapopular.info\\\/#website\"},\"primaryImageOfPage\":{\"@id\":\"https:\\\/\\\/folhapopular.info\\\/index.php\\\/2026\\\/09\\\/01\\\/brasil-larga-forte-e-reafirma-ambicao-pelo-tetra-do-regional\\\/#primaryimage\"},\"image\":{\"@id\":\"https:\\\/\\\/folhapopular.info\\\/index.php\\\/2026\\\/09\\\/01\\\/brasil-larga-forte-e-reafirma-ambicao-pelo-tetra-do-regional\\\/#primaryimage\"},\"thumbnailUrl\":\"https:\\\/\\\/folhapopular.info\\\/wp-content\\\/uploads\\\/2026\\\/09\\\/BRASIL_Grupo-foi-montado-com-foco-em-ser-campeao_Jonathan-Rocha_Divulgacao.jpeg\",\"datePublished\":\"2026-09-01T12:58:06+00:00\",\"dateModified\":\"2026-09-01T13:04:00+00:00\",\"author\":{\"@id\":\"https:\\\/\\\/folhapopular.info\\\/#\\\/schema\\\/person\\\/e852c327371714676d02e58cf917fd9f\"},\"breadcrumb\":{\"@id\":\"https:\\\/\\\/folhapopular.info\\\/index.php\\\/2026\\\/09\\\/01\\\/brasil-larga-forte-e-reafirma-ambicao-pelo-tetra-do-regional\\\/#breadcrumb\"},\"inLanguage\":\"pt-BR\",\"potentialAction\":[{\"@type\":\"ReadAction\",\"target\":[\"https:\\\/\\\/folhapopular.info\\\/index.php\\\/2026\\\/09\\\/01\\\/brasil-larga-forte-e-reafirma-ambicao-pelo-tetra-do-regional\\\/\"]}]},{\"@type\":\"ImageObject\",\"inLanguage\":\"pt-BR\",\"@id\":\"https:\\\/\\\/folhapopular.info\\\/index.php\\\/2026\\\/09\\\/01\\\/brasil-larga-forte-e-reafirma-ambicao-pelo-tetra-do-regional\\\/#primaryimage\",\"url\":\"https:\\\/\\\/folhapopular.info\\\/wp-content\\\/uploads\\\/2026\\\/09\\\/BRASIL_Grupo-foi-montado-com-foco-em-ser-campeao_Jonathan-Rocha_Divulgacao.jpeg\",\"contentUrl\":\"https:\\\/\\\/folhapopular.info\\\/wp-content\\\/uploads\\\/2026\\\/09\\\/BRASIL_Grupo-foi-montado-com-foco-em-ser-campeao_Jonathan-Rocha_Divulgacao.jpeg\",\"caption\":\"Grupo foi montado com foco em ser campe\u00e3o - Cr\u00e9dito: Jonathan Rocha \\\/ Divulga\u00e7\u00e3o\"},{\"@type\":\"BreadcrumbList\",\"@id\":\"https:\\\/\\\/folhapopular.info\\\/index.php\\\/2026\\\/09\\\/01\\\/brasil-larga-forte-e-reafirma-ambicao-pelo-tetra-do-regional\\\/#breadcrumb\",\"itemListElement\":[{\"@type\":\"ListItem\",\"position\":1,\"name\":\"In\u00edcio\",\"item\":\"https:\\\/\\\/folhapopular.info\\\/\"},{\"@type\":\"ListItem\",\"position\":2,\"name\":\"Brasil larga forte e reafirma ambi\u00e7\u00e3o pelo tetra do Regional\"}]},{\"@type\":\"WebSite\",\"@id\":\"https:\\\/\\\/folhapopular.info\\\/#website\",\"url\":\"https:\\\/\\\/folhapopular.info\\\/\",\"name\":\"Folha Popular\",\"description\":\"Onde voc\u00ea tem vez e voz\",\"potentialAction\":[{\"@type\":\"SearchAction\",\"target\":{\"@type\":\"EntryPoint\",\"urlTemplate\":\"https:\\\/\\\/folhapopular.info\\\/?s={search_term_string}\"},\"query-input\":{\"@type\":\"PropertyValueSpecification\",\"valueRequired\":true,\"valueName\":\"search_term_string\"}}],\"inLanguage\":\"pt-BR\"},{\"@type\":\"Person\",\"@id\":\"https:\\\/\\\/folhapopular.info\\\/#\\\/schema\\\/person\\\/e852c327371714676d02e58cf917fd9f\",\"name\":\"Luis Augusto Huppes\",\"image\":{\"@type\":\"ImageObject\",\"inLanguage\":\"pt-BR\",\"@id\":\"https:\\\/\\\/folhapopular.info\\\/wp-content\\\/uploads\\\/2026\\\/04\\\/Luis-Augusto-Huppes-1-1.webp\",\"url\":\"https:\\\/\\\/folhapopular.info\\\/wp-content\\\/uploads\\\/2026\\\/04\\\/Luis-Augusto-Huppes-1-1.webp\",\"contentUrl\":\"https:\\\/\\\/folhapopular.info\\\/wp-content\\\/uploads\\\/2026\\\/04\\\/Luis-Augusto-Huppes-1-1.webp\",\"caption\":\"Luis Augusto Huppes\"},\"sameAs\":[\"https:\\\/\\\/www.facebook.com\\\/luis.huppes\\\/\",\"https:\\\/\\\/www.instagram.com\\\/luis.huppes\\\/\",\"https:\\\/\\\/www.linkedin.com\\\/in\\\/luis-augusto-huppes-2554b52b7\\\/\"],\"url\":\"https:\\\/\\\/folhapopular.info\\\/index.php\\\/author\\\/luis-augusto-huppes\\\/\"}]}<\/script>\n<!-- \/ Yoast SEO plugin. -->","yoast_head_json":{"title":"Brasil larga forte e reafirma ambi\u00e7\u00e3o pelo tetra do Regional - Folha Popular","robots":{"index":"index","follow":"follow","max-snippet":"max-snippet:-1","max-image-preview":"max-image-preview:large","max-video-preview":"max-video-preview:-1"},"canonical":"https:\/\/folhapopular.info\/index.php\/2026\/09\/01\/brasil-larga-forte-e-reafirma-ambicao-pelo-tetra-do-regional\/","og_locale":"pt_BR","og_type":"article","og_title":"Brasil larga forte e reafirma ambi\u00e7\u00e3o pelo tetra do Regional - Folha Popular","og_description":"O Brasil de Marques de Souza come\u00e7ou a S\u00e9rie A do Regional da Aslivata 2026 com aproveitamento perfeito. Em tr\u00eas partidas, a equipe venceu Cruzeiro, Internacional e Po\u00e7o das Antas, marcou 5 gols, sofreu apenas 1 e assumiu a lideran\u00e7a. O in\u00edcio confirma a proposta apresentada pela dire\u00e7\u00e3o: montar um elenco competitivo, equilibrado e preparado [&hellip;]","og_url":"https:\/\/folhapopular.info\/index.php\/2026\/09\/01\/brasil-larga-forte-e-reafirma-ambicao-pelo-tetra-do-regional\/","og_site_name":"Folha Popular","article_author":"https:\/\/www.facebook.com\/luis.huppes\/","article_published_time":"2026-09-01T12:58:06+00:00","article_modified_time":"2026-09-01T13:04:00+00:00","og_image":[{"url":"https:\/\/folhapopular.info\/wp-content\/uploads\/2026\/09\/BRASIL_Grupo-foi-montado-com-foco-em-ser-campeao_Jonathan-Rocha_Divulgacao.jpeg","width":1,"height":1,"type":"image\/jpeg"}],"author":"Luis Augusto Huppes","twitter_card":"summary_large_image","twitter_misc":{"Escrito por":"Luis Augusto Huppes","Est. tempo de leitura":"6 minutos"},"schema":{"@context":"https:\/\/schema.org","@graph":[{"@type":"Article","@id":"https:\/\/folhapopular.info\/index.php\/2026\/09\/01\/brasil-larga-forte-e-reafirma-ambicao-pelo-tetra-do-regional\/#article","isPartOf":{"@id":"https:\/\/folhapopular.info\/index.php\/2026\/09\/01\/brasil-larga-forte-e-reafirma-ambicao-pelo-tetra-do-regional\/"},"author":{"name":"Luis Augusto Huppes","@id":"https:\/\/folhapopular.info\/#\/schema\/person\/e852c327371714676d02e58cf917fd9f"},"headline":"Brasil larga forte e reafirma ambi\u00e7\u00e3o pelo tetra do Regional","datePublished":"2026-09-01T12:58:06+00:00","dateModified":"2026-09-01T13:04:00+00:00","mainEntityOfPage":{"@id":"https:\/\/folhapopular.info\/index.php\/2026\/09\/01\/brasil-larga-forte-e-reafirma-ambicao-pelo-tetra-do-regional\/"},"wordCount":1085,"commentCount":0,"image":{"@id":"https:\/\/folhapopular.info\/index.php\/2026\/09\/01\/brasil-larga-forte-e-reafirma-ambicao-pelo-tetra-do-regional\/#primaryimage"},"thumbnailUrl":"https:\/\/folhapopular.info\/wp-content\/uploads\/2026\/09\/BRASIL_Grupo-foi-montado-com-foco-em-ser-campeao_Jonathan-Rocha_Divulgacao.jpeg","keywords":["Brasil","futebol amador","Marques de Souza","Regional Aslivata"],"articleSection":["Esportes","Futebol Amador","Regional 2026","Regional da Aslivata"],"inLanguage":"pt-BR","potentialAction":[{"@type":"CommentAction","name":"Comment","target":["https:\/\/folhapopular.info\/index.php\/2026\/09\/01\/brasil-larga-forte-e-reafirma-ambicao-pelo-tetra-do-regional\/#respond"]}]},{"@type":"WebPage","@id":"https:\/\/folhapopular.info\/index.php\/2026\/09\/01\/brasil-larga-forte-e-reafirma-ambicao-pelo-tetra-do-regional\/","url":"https:\/\/folhapopular.info\/index.php\/2026\/09\/01\/brasil-larga-forte-e-reafirma-ambicao-pelo-tetra-do-regional\/","name":"Brasil larga forte e reafirma ambi\u00e7\u00e3o pelo tetra do Regional - Folha Popular","isPartOf":{"@id":"https:\/\/folhapopular.info\/#website"},"primaryImageOfPage":{"@id":"https:\/\/folhapopular.info\/index.php\/2026\/09\/01\/brasil-larga-forte-e-reafirma-ambicao-pelo-tetra-do-regional\/#primaryimage"},"image":{"@id":"https:\/\/folhapopular.info\/index.php\/2026\/09\/01\/brasil-larga-forte-e-reafirma-ambicao-pelo-tetra-do-regional\/#primaryimage"},"thumbnailUrl":"https:\/\/folhapopular.info\/wp-content\/uploads\/2026\/09\/BRASIL_Grupo-foi-montado-com-foco-em-ser-campeao_Jonathan-Rocha_Divulgacao.jpeg","datePublished":"2026-09-01T12:58:06+00:00","dateModified":"2026-09-01T13:04:00+00:00","author":{"@id":"https:\/\/folhapopular.info\/#\/schema\/person\/e852c327371714676d02e58cf917fd9f"},"breadcrumb":{"@id":"https:\/\/folhapopular.info\/index.php\/2026\/09\/01\/brasil-larga-forte-e-reafirma-ambicao-pelo-tetra-do-regional\/#breadcrumb"},"inLanguage":"pt-BR","potentialAction":[{"@type":"ReadAction","target":["https:\/\/folhapopular.info\/index.php\/2026\/09\/01\/brasil-larga-forte-e-reafirma-ambicao-pelo-tetra-do-regional\/"]}]},{"@type":"ImageObject","inLanguage":"pt-BR","@id":"https:\/\/folhapopular.info\/index.php\/2026\/09\/01\/brasil-larga-forte-e-reafirma-ambicao-pelo-tetra-do-regional\/#primaryimage","url":"https:\/\/folhapopular.info\/wp-content\/uploads\/2026\/09\/BRASIL_Grupo-foi-montado-com-foco-em-ser-campeao_Jonathan-Rocha_Divulgacao.jpeg","contentUrl":"https:\/\/folhapopular.info\/wp-content\/uploads\/2026\/09\/BRASIL_Grupo-foi-montado-com-foco-em-ser-campeao_Jonathan-Rocha_Divulgacao.jpeg","caption":"Grupo foi montado com foco em ser campe\u00e3o - Cr\u00e9dito: Jonathan Rocha \/ Divulga\u00e7\u00e3o"},{"@type":"BreadcrumbList","@id":"https:\/\/folhapopular.info\/index.php\/2026\/09\/01\/brasil-larga-forte-e-reafirma-ambicao-pelo-tetra-do-regional\/#breadcrumb","itemListElement":[{"@type":"ListItem","position":1,"name":"In\u00edcio","item":"https:\/\/folhapopular.info\/"},{"@type":"ListItem","position":2,"name":"Brasil larga forte e reafirma ambi\u00e7\u00e3o pelo tetra do Regional"}]},{"@type":"WebSite","@id":"https:\/\/folhapopular.info\/#website","url":"https:\/\/folhapopular.info\/","name":"Folha Popular","description":"Onde voc\u00ea tem vez e voz","potentialAction":[{"@type":"SearchAction","target":{"@type":"EntryPoint","urlTemplate":"https:\/\/folhapopular.info\/?s={search_term_string}"},"query-input":{"@type":"PropertyValueSpecification","valueRequired":true,"valueName":"search_term_string"}}],"inLanguage":"pt-BR"},{"@type":"Person","@id":"https:\/\/folhapopular.info\/#\/schema\/person\/e852c327371714676d02e58cf917fd9f","name":"Luis Augusto Huppes","image":{"@type":"ImageObject","inLanguage":"pt-BR","@id":"https:\/\/folhapopular.info\/wp-content\/uploads\/2026\/04\/Luis-Augusto-Huppes-1-1.webp","url":"https:\/\/folhapopular.info\/wp-content\/uploads\/2026\/04\/Luis-Augusto-Huppes-1-1.webp","contentUrl":"https:\/\/folhapopular.info\/wp-content\/uploads\/2026\/04\/Luis-Augusto-Huppes-1-1.webp","caption":"Luis Augusto Huppes"},"sameAs":["https:\/\/www.facebook.com\/luis.huppes\/","https:\/\/www.instagram.com\/luis.huppes\/","https:\/\/www.linkedin.com\/in\/luis-augusto-huppes-2554b52b7\/"],"url":"https:\/\/folhapopular.info\/index.php\/author\/luis-augusto-huppes\/"}]}},"jetpack_sharing_enabled":true,"amp_enabled":true,"jetpack_featured_media_url":"https:\/\/folhapopular.info\/wp-content\/uploads\/2026\/09\/BRASIL_Grupo-foi-montado-com-foco-em-ser-campeao_Jonathan-Rocha_Divulgacao.jpeg","_links":{"self":[{"href":"https:\/\/folhapopular.info\/index.php\/wp-json\/wp\/v2\/posts\/220074","targetHints":{"allow":["GET"]}}],"collection":[{"href":"https:\/\/folhapopular.info\/index.php\/wp-json\/wp\/v2\/posts"}],"about":[{"href":"https:\/\/folhapopular.info\/index.php\/wp-json\/wp\/v2\/types\/post"}],"author":[{"embeddable":true,"href":"https:\/\/folhapopular.info\/index.php\/wp-json\/wp\/v2\/users\/732"}],"replies":[{"embeddable":true,"href":"https:\/\/folhapopular.info\/index.php\/wp-json\/wp\/v2\/comments?post=220074"}],"version-history":[{"count":2,"href":"https:\/\/folhapopular.info\/index.php\/wp-json\/wp\/v2\/posts\/220074\/revisions"}],"predecessor-version":[{"id":220084,"href":"https:\/\/folhapopular.info\/index.php\/wp-json\/wp\/v2\/posts\/220074\/revisions\/220084"}],"wp:featuredmedia":[{"embeddable":true,"href":"https:\/\/folhapopular.info\/index.php\/wp-json\/wp\/v2\/media\/220079"}],"wp:attachment":[{"href":"https:\/\/folhapopular.info\/index.php\/wp-json\/wp\/v2\/media?parent=220074"}],"wp:term":[{"taxonomy":"category","embeddable":true,"href":"https:\/\/folhapopular.info\/index.php\/wp-json\/wp\/v2\/categories?post=220074"},{"taxonomy":"post_tag","embeddable":true,"href":"https:\/\/folhapopular.info\/index.php\/wp-json\/wp\/v2\/tags?post=220074"}],"curies":[{"name":"wp","href":"https:\/\/api.w.org\/{rel}","templated":true}]}}