{"id":220078,"date":"2026-09-01T13:41:03","date_gmt":"2026-09-01T16:41:03","guid":{"rendered":"https:\/\/folhapopular.info\/?p=220078"},"modified":"2026-09-01T13:41:09","modified_gmt":"2026-09-01T16:41:09","slug":"encontro-reune-13-municipios-para-o-fortalecimento-da-agricultura-familiar","status":"publish","type":"post","link":"https:\/\/folhapopular.info\/index.php\/2026\/09\/01\/encontro-reune-13-municipios-para-o-fortalecimento-da-agricultura-familiar\/","title":{"rendered":"Encontro re\u00fane 13 munic\u00edpios para o fortalecimento da Agricultura Familiar"},"content":{"rendered":"\n<p class=\"wp-block-paragraph\">Em torno de 70 pessoas participaram do Encontro Microrregional do Programa de Recupera\u00e7\u00e3o S\u00f3cio Produtiva, Ambiental e de Resili\u00eancia Clim\u00e1tica da Agricultura Familiar Ga\u00facha, na tarde de quinta-feira (27\/8), no Audit\u00f3rio Municipal de Po\u00e7o das Antas. A programa\u00e7\u00e3o promoveu a troca de conhecimentos e experi\u00eancias sobre pr\u00e1ticas voltadas \u00e0 sustentabilidade, \u00e0 recupera\u00e7\u00e3o das propriedades e ao fortalecimento da agricultura familiar.<\/p>\n\n\n\n<p class=\"wp-block-paragraph\">Participaram do encontro representantes dos munic\u00edpios de Po\u00e7o das Antas, Teut\u00f4nia, Westf\u00e1lia, Imigrante, Bar\u00e3o, S\u00e3o Vendelino, Feliz, Alto Feliz, Vale Real, Bom Princ\u00edpio, Tupandi, S\u00e3o Jos\u00e9 do Hort\u00eancio e Linha Nova.<\/p>\n\n\n\n<p class=\"wp-block-paragraph\">A programa\u00e7\u00e3o foi organizada em torno dos temas: \u201cConstruindo uma terra forte: solos e plantas de cobertura\u201d, \u201cUso de bioinsumos no tratamento de dejetos\u201d e \u201cA import\u00e2ncia da horta na seguran\u00e7a e soberania alimentar\u201d. As discuss\u00f5es abordaram alternativas e pr\u00e1ticas que podem contribuir para a conserva\u00e7\u00e3o do solo e dos recursos naturais, a sustentabilidade das propriedades e a capacidade de adapta\u00e7\u00e3o da produ\u00e7\u00e3o agr\u00edcola diante dos desafios ambientais e clim\u00e1ticos.<\/p>\n\n\n\n<p class=\"wp-block-paragraph\">O encontro integra as a\u00e7\u00f5es do Programa de Recupera\u00e7\u00e3o S\u00f3cio Produtiva, Ambiental e de Resili\u00eancia Clim\u00e1tica da Agricultura Familiar Ga\u00facha. Um segundo encontro microrregional ser\u00e1 realizado no dia 18 de setembro.<\/p>\n\n\n\n<p class=\"wp-block-paragraph\">\u201c\u00c9 uma satisfa\u00e7\u00e3o para Po\u00e7o das Antas receber representantes de tantos munic\u00edpios em um momento de troca de experi\u00eancias e conhecimento. A agricultura familiar tem uma import\u00e2ncia muito grande para a nossa regi\u00e3o, e discutir pr\u00e1ticas de produ\u00e7\u00e3o, conserva\u00e7\u00e3o do solo, sustentabilidade e resili\u00eancia \u00e9 tamb\u00e9m pensar no futuro das propriedades e das fam\u00edlias que vivem no meio rural\u201d, destacou o secret\u00e1rio de Administra\u00e7\u00e3o, Ind\u00fastria e Com\u00e9rcio, Romeu Forneck.<\/p>\n\n\n\n<p class=\"wp-block-paragraph\"><\/p>\n\n\n\n<p class=\"wp-block-paragraph\"><\/p>\n","protected":false},"excerpt":{"rendered":"<p>Em torno de 70 pessoas participaram do Encontro Microrregional do Programa de Recupera\u00e7\u00e3o S\u00f3cio Produtiva, Ambiental e de Resili\u00eancia Clim\u00e1tica da Agricultura Familiar Ga\u00facha, na tarde de quinta-feira (27\/8), no Audit\u00f3rio Municipal de Po\u00e7o das Antas. A programa\u00e7\u00e3o promoveu a troca de conhecimentos e experi\u00eancias sobre pr\u00e1ticas voltadas \u00e0 sustentabilidade, \u00e0 recupera\u00e7\u00e3o das propriedades e [&hellip;]<\/p>\n","protected":false},"author":8,"featured_media":220100,"comment_status":"open","ping_status":"open","sticky":false,"template":"","format":"standard","meta":{"pmpro_default_level":"","_jetpack_memberships_contains_paid_content":false,"footnotes":""},"categories":[2,10991,10994],"tags":[235,160,40,11027],"class_list":["post-220078","post","type-post","status-publish","format-standard","has-post-thumbnail","category-featured","category-economia","category-rural","tag-agricultura","tag-agricultura-familiar","tag-poco-das-antas","tag-rural","pmpro-has-access"],"yoast_head":"<!-- This site is optimized with the Yoast SEO plugin v28.3 - https:\/\/yoast.com\/product\/yoast-seo-wordpress\/ -->\n<title>Encontro re\u00fane 13 munic\u00edpios para o fortalecimento da Agricultura Familiar - Folha Popular<\/title>\n<meta name=\"robots\" content=\"index, follow, max-snippet:-1, max-image-preview:large, max-video-preview:-1\" \/>\n<link rel=\"canonical\" href=\"https:\/\/folhapopular.info\/index.php\/2026\/09\/01\/encontro-reune-13-municipios-para-o-fortalecimento-da-agricultura-familiar\/\" \/>\n<meta property=\"og:locale\" content=\"pt_BR\" \/>\n<meta property=\"og:type\" content=\"article\" \/>\n<meta property=\"og:title\" content=\"Encontro re\u00fane 13 munic\u00edpios para o fortalecimento da Agricultura Familiar - Folha Popular\" \/>\n<meta property=\"og:description\" content=\"Em torno de 70 pessoas participaram do Encontro Microrregional do Programa de Recupera\u00e7\u00e3o S\u00f3cio Produtiva, Ambiental e de Resili\u00eancia Clim\u00e1tica da Agricultura Familiar Ga\u00facha, na tarde de quinta-feira (27\/8), no Audit\u00f3rio Municipal de Po\u00e7o das Antas. A programa\u00e7\u00e3o promoveu a troca de conhecimentos e experi\u00eancias sobre pr\u00e1ticas voltadas \u00e0 sustentabilidade, \u00e0 recupera\u00e7\u00e3o das propriedades e [&hellip;]\" \/>\n<meta property=\"og:url\" content=\"https:\/\/folhapopular.info\/index.php\/2026\/09\/01\/encontro-reune-13-municipios-para-o-fortalecimento-da-agricultura-familiar\/\" \/>\n<meta property=\"og:site_name\" content=\"Folha Popular\" \/>\n<meta property=\"article:published_time\" content=\"2026-09-01T16:41:03+00:00\" \/>\n<meta property=\"article:modified_time\" content=\"2026-09-01T16:41:09+00:00\" \/>\n<meta property=\"og:image\" content=\"https:\/\/folhapopular.info\/wp-content\/uploads\/2026\/09\/WhatsApp-Image-2026-09-01-at-11.22.45.webp\" \/>\n\t<meta property=\"og:image:width\" content=\"1600\" \/>\n\t<meta property=\"og:image:height\" content=\"1066\" \/>\n\t<meta property=\"og:image:type\" content=\"image\/webp\" \/>\n<meta name=\"author\" content=\"Reda\u00e7\u00e3o Folha Popular\" \/>\n<meta name=\"twitter:card\" content=\"summary_large_image\" \/>\n<meta name=\"twitter:label1\" content=\"Escrito por\" \/>\n\t<meta name=\"twitter:data1\" content=\"Reda\u00e7\u00e3o Folha Popular\" \/>\n\t<meta name=\"twitter:label2\" content=\"Est. tempo de leitura\" \/>\n\t<meta name=\"twitter:data2\" content=\"2 minutos\" \/>\n<script type=\"application\/ld+json\" class=\"yoast-schema-graph\">{\"@context\":\"https:\\\/\\\/schema.org\",\"@graph\":[{\"@type\":\"Article\",\"@id\":\"https:\\\/\\\/folhapopular.info\\\/index.php\\\/2026\\\/09\\\/01\\\/encontro-reune-13-municipios-para-o-fortalecimento-da-agricultura-familiar\\\/#article\",\"isPartOf\":{\"@id\":\"https:\\\/\\\/folhapopular.info\\\/index.php\\\/2026\\\/09\\\/01\\\/encontro-reune-13-municipios-para-o-fortalecimento-da-agricultura-familiar\\\/\"},\"author\":{\"name\":\"Reda\u00e7\u00e3o Folha Popular\",\"@id\":\"https:\\\/\\\/folhapopular.info\\\/#\\\/schema\\\/person\\\/2814e8a0df7643585a9ca38bc6eb9d4b\"},\"headline\":\"Encontro re\u00fane 13 munic\u00edpios para o fortalecimento da Agricultura Familiar\",\"datePublished\":\"2026-09-01T16:41:03+00:00\",\"dateModified\":\"2026-09-01T16:41:09+00:00\",\"mainEntityOfPage\":{\"@id\":\"https:\\\/\\\/folhapopular.info\\\/index.php\\\/2026\\\/09\\\/01\\\/encontro-reune-13-municipios-para-o-fortalecimento-da-agricultura-familiar\\\/\"},\"wordCount\":317,\"commentCount\":0,\"image\":{\"@id\":\"https:\\\/\\\/folhapopular.info\\\/index.php\\\/2026\\\/09\\\/01\\\/encontro-reune-13-municipios-para-o-fortalecimento-da-agricultura-familiar\\\/#primaryimage\"},\"thumbnailUrl\":\"https:\\\/\\\/folhapopular.info\\\/wp-content\\\/uploads\\\/2026\\\/09\\\/WhatsApp-Image-2026-09-01-at-11.22.45.webp\",\"keywords\":[\"Agricultura\",\"Agricultura Familiar\",\"Po\u00e7o das Antas\",\"rural\"],\"articleSection\":[\"Destaques\",\"Economia\",\"Rural\"],\"inLanguage\":\"pt-BR\",\"potentialAction\":[{\"@type\":\"CommentAction\",\"name\":\"Comment\",\"target\":[\"https:\\\/\\\/folhapopular.info\\\/index.php\\\/2026\\\/09\\\/01\\\/encontro-reune-13-municipios-para-o-fortalecimento-da-agricultura-familiar\\\/#respond\"]}]},{\"@type\":\"WebPage\",\"@id\":\"https:\\\/\\\/folhapopular.info\\\/index.php\\\/2026\\\/09\\\/01\\\/encontro-reune-13-municipios-para-o-fortalecimento-da-agricultura-familiar\\\/\",\"url\":\"https:\\\/\\\/folhapopular.info\\\/index.php\\\/2026\\\/09\\\/01\\\/encontro-reune-13-municipios-para-o-fortalecimento-da-agricultura-familiar\\\/\",\"name\":\"Encontro re\u00fane 13 munic\u00edpios para o fortalecimento da Agricultura Familiar - Folha Popular\",\"isPartOf\":{\"@id\":\"https:\\\/\\\/folhapopular.info\\\/#website\"},\"primaryImageOfPage\":{\"@id\":\"https:\\\/\\\/folhapopular.info\\\/index.php\\\/2026\\\/09\\\/01\\\/encontro-reune-13-municipios-para-o-fortalecimento-da-agricultura-familiar\\\/#primaryimage\"},\"image\":{\"@id\":\"https:\\\/\\\/folhapopular.info\\\/index.php\\\/2026\\\/09\\\/01\\\/encontro-reune-13-municipios-para-o-fortalecimento-da-agricultura-familiar\\\/#primaryimage\"},\"thumbnailUrl\":\"https:\\\/\\\/folhapopular.info\\\/wp-content\\\/uploads\\\/2026\\\/09\\\/WhatsApp-Image-2026-09-01-at-11.22.45.webp\",\"datePublished\":\"2026-09-01T16:41:03+00:00\",\"dateModified\":\"2026-09-01T16:41:09+00:00\",\"author\":{\"@id\":\"https:\\\/\\\/folhapopular.info\\\/#\\\/schema\\\/person\\\/2814e8a0df7643585a9ca38bc6eb9d4b\"},\"breadcrumb\":{\"@id\":\"https:\\\/\\\/folhapopular.info\\\/index.php\\\/2026\\\/09\\\/01\\\/encontro-reune-13-municipios-para-o-fortalecimento-da-agricultura-familiar\\\/#breadcrumb\"},\"inLanguage\":\"pt-BR\",\"potentialAction\":[{\"@type\":\"ReadAction\",\"target\":[\"https:\\\/\\\/folhapopular.info\\\/index.php\\\/2026\\\/09\\\/01\\\/encontro-reune-13-municipios-para-o-fortalecimento-da-agricultura-familiar\\\/\"]}]},{\"@type\":\"ImageObject\",\"inLanguage\":\"pt-BR\",\"@id\":\"https:\\\/\\\/folhapopular.info\\\/index.php\\\/2026\\\/09\\\/01\\\/encontro-reune-13-municipios-para-o-fortalecimento-da-agricultura-familiar\\\/#primaryimage\",\"url\":\"https:\\\/\\\/folhapopular.info\\\/wp-content\\\/uploads\\\/2026\\\/09\\\/WhatsApp-Image-2026-09-01-at-11.22.45.webp\",\"contentUrl\":\"https:\\\/\\\/folhapopular.info\\\/wp-content\\\/uploads\\\/2026\\\/09\\\/WhatsApp-Image-2026-09-01-at-11.22.45.webp\",\"width\":1600,\"height\":1066,\"caption\":\"Cr\u00e9dito: Prefeitura de Po\u00e7o das Antas \\\/ Divulga\u00e7\u00e3o\"},{\"@type\":\"BreadcrumbList\",\"@id\":\"https:\\\/\\\/folhapopular.info\\\/index.php\\\/2026\\\/09\\\/01\\\/encontro-reune-13-municipios-para-o-fortalecimento-da-agricultura-familiar\\\/#breadcrumb\",\"itemListElement\":[{\"@type\":\"ListItem\",\"position\":1,\"name\":\"In\u00edcio\",\"item\":\"https:\\\/\\\/folhapopular.info\\\/\"},{\"@type\":\"ListItem\",\"position\":2,\"name\":\"Encontro re\u00fane 13 munic\u00edpios para o fortalecimento da Agricultura Familiar\"}]},{\"@type\":\"WebSite\",\"@id\":\"https:\\\/\\\/folhapopular.info\\\/#website\",\"url\":\"https:\\\/\\\/folhapopular.info\\\/\",\"name\":\"Folha Popular\",\"description\":\"Onde voc\u00ea tem vez e voz\",\"potentialAction\":[{\"@type\":\"SearchAction\",\"target\":{\"@type\":\"EntryPoint\",\"urlTemplate\":\"https:\\\/\\\/folhapopular.info\\\/?s={search_term_string}\"},\"query-input\":{\"@type\":\"PropertyValueSpecification\",\"valueRequired\":true,\"valueName\":\"search_term_string\"}}],\"inLanguage\":\"pt-BR\"},{\"@type\":\"Person\",\"@id\":\"https:\\\/\\\/folhapopular.info\\\/#\\\/schema\\\/person\\\/2814e8a0df7643585a9ca38bc6eb9d4b\",\"name\":\"Reda\u00e7\u00e3o Folha Popular\",\"image\":{\"@type\":\"ImageObject\",\"inLanguage\":\"pt-BR\",\"@id\":\"https:\\\/\\\/folhapopular.info\\\/wp-content\\\/uploads\\\/2026\\\/04\\\/Folha-1.webp\",\"url\":\"https:\\\/\\\/folhapopular.info\\\/wp-content\\\/uploads\\\/2026\\\/04\\\/Folha-1.webp\",\"contentUrl\":\"https:\\\/\\\/folhapopular.info\\\/wp-content\\\/uploads\\\/2026\\\/04\\\/Folha-1.webp\",\"caption\":\"Reda\u00e7\u00e3o Folha Popular\"},\"url\":\"https:\\\/\\\/folhapopular.info\\\/index.php\\\/author\\\/redacao\\\/\"}]}<\/script>\n<!-- \/ Yoast SEO plugin. -->","yoast_head_json":{"title":"Encontro re\u00fane 13 munic\u00edpios para o fortalecimento da Agricultura Familiar - Folha Popular","robots":{"index":"index","follow":"follow","max-snippet":"max-snippet:-1","max-image-preview":"max-image-preview:large","max-video-preview":"max-video-preview:-1"},"canonical":"https:\/\/folhapopular.info\/index.php\/2026\/09\/01\/encontro-reune-13-municipios-para-o-fortalecimento-da-agricultura-familiar\/","og_locale":"pt_BR","og_type":"article","og_title":"Encontro re\u00fane 13 munic\u00edpios para o fortalecimento da Agricultura Familiar - Folha Popular","og_description":"Em torno de 70 pessoas participaram do Encontro Microrregional do Programa de Recupera\u00e7\u00e3o S\u00f3cio Produtiva, Ambiental e de Resili\u00eancia Clim\u00e1tica da Agricultura Familiar Ga\u00facha, na tarde de quinta-feira (27\/8), no Audit\u00f3rio Municipal de Po\u00e7o das Antas. A programa\u00e7\u00e3o promoveu a troca de conhecimentos e experi\u00eancias sobre pr\u00e1ticas voltadas \u00e0 sustentabilidade, \u00e0 recupera\u00e7\u00e3o das propriedades e [&hellip;]","og_url":"https:\/\/folhapopular.info\/index.php\/2026\/09\/01\/encontro-reune-13-municipios-para-o-fortalecimento-da-agricultura-familiar\/","og_site_name":"Folha Popular","article_published_time":"2026-09-01T16:41:03+00:00","article_modified_time":"2026-09-01T16:41:09+00:00","og_image":[{"width":1600,"height":1066,"url":"https:\/\/folhapopular.info\/wp-content\/uploads\/2026\/09\/WhatsApp-Image-2026-09-01-at-11.22.45.webp","type":"image\/webp"}],"author":"Reda\u00e7\u00e3o Folha Popular","twitter_card":"summary_large_image","twitter_misc":{"Escrito por":"Reda\u00e7\u00e3o Folha Popular","Est. tempo de leitura":"2 minutos"},"schema":{"@context":"https:\/\/schema.org","@graph":[{"@type":"Article","@id":"https:\/\/folhapopular.info\/index.php\/2026\/09\/01\/encontro-reune-13-municipios-para-o-fortalecimento-da-agricultura-familiar\/#article","isPartOf":{"@id":"https:\/\/folhapopular.info\/index.php\/2026\/09\/01\/encontro-reune-13-municipios-para-o-fortalecimento-da-agricultura-familiar\/"},"author":{"name":"Reda\u00e7\u00e3o Folha Popular","@id":"https:\/\/folhapopular.info\/#\/schema\/person\/2814e8a0df7643585a9ca38bc6eb9d4b"},"headline":"Encontro re\u00fane 13 munic\u00edpios para o fortalecimento da Agricultura Familiar","datePublished":"2026-09-01T16:41:03+00:00","dateModified":"2026-09-01T16:41:09+00:00","mainEntityOfPage":{"@id":"https:\/\/folhapopular.info\/index.php\/2026\/09\/01\/encontro-reune-13-municipios-para-o-fortalecimento-da-agricultura-familiar\/"},"wordCount":317,"commentCount":0,"image":{"@id":"https:\/\/folhapopular.info\/index.php\/2026\/09\/01\/encontro-reune-13-municipios-para-o-fortalecimento-da-agricultura-familiar\/#primaryimage"},"thumbnailUrl":"https:\/\/folhapopular.info\/wp-content\/uploads\/2026\/09\/WhatsApp-Image-2026-09-01-at-11.22.45.webp","keywords":["Agricultura","Agricultura Familiar","Po\u00e7o das Antas","rural"],"articleSection":["Destaques","Economia","Rural"],"inLanguage":"pt-BR","potentialAction":[{"@type":"CommentAction","name":"Comment","target":["https:\/\/folhapopular.info\/index.php\/2026\/09\/01\/encontro-reune-13-municipios-para-o-fortalecimento-da-agricultura-familiar\/#respond"]}]},{"@type":"WebPage","@id":"https:\/\/folhapopular.info\/index.php\/2026\/09\/01\/encontro-reune-13-municipios-para-o-fortalecimento-da-agricultura-familiar\/","url":"https:\/\/folhapopular.info\/index.php\/2026\/09\/01\/encontro-reune-13-municipios-para-o-fortalecimento-da-agricultura-familiar\/","name":"Encontro re\u00fane 13 munic\u00edpios para o fortalecimento da Agricultura Familiar - Folha Popular","isPartOf":{"@id":"https:\/\/folhapopular.info\/#website"},"primaryImageOfPage":{"@id":"https:\/\/folhapopular.info\/index.php\/2026\/09\/01\/encontro-reune-13-municipios-para-o-fortalecimento-da-agricultura-familiar\/#primaryimage"},"image":{"@id":"https:\/\/folhapopular.info\/index.php\/2026\/09\/01\/encontro-reune-13-municipios-para-o-fortalecimento-da-agricultura-familiar\/#primaryimage"},"thumbnailUrl":"https:\/\/folhapopular.info\/wp-content\/uploads\/2026\/09\/WhatsApp-Image-2026-09-01-at-11.22.45.webp","datePublished":"2026-09-01T16:41:03+00:00","dateModified":"2026-09-01T16:41:09+00:00","author":{"@id":"https:\/\/folhapopular.info\/#\/schema\/person\/2814e8a0df7643585a9ca38bc6eb9d4b"},"breadcrumb":{"@id":"https:\/\/folhapopular.info\/index.php\/2026\/09\/01\/encontro-reune-13-municipios-para-o-fortalecimento-da-agricultura-familiar\/#breadcrumb"},"inLanguage":"pt-BR","potentialAction":[{"@type":"ReadAction","target":["https:\/\/folhapopular.info\/index.php\/2026\/09\/01\/encontro-reune-13-municipios-para-o-fortalecimento-da-agricultura-familiar\/"]}]},{"@type":"ImageObject","inLanguage":"pt-BR","@id":"https:\/\/folhapopular.info\/index.php\/2026\/09\/01\/encontro-reune-13-municipios-para-o-fortalecimento-da-agricultura-familiar\/#primaryimage","url":"https:\/\/folhapopular.info\/wp-content\/uploads\/2026\/09\/WhatsApp-Image-2026-09-01-at-11.22.45.webp","contentUrl":"https:\/\/folhapopular.info\/wp-content\/uploads\/2026\/09\/WhatsApp-Image-2026-09-01-at-11.22.45.webp","width":1600,"height":1066,"caption":"Cr\u00e9dito: Prefeitura de Po\u00e7o das Antas \/ Divulga\u00e7\u00e3o"},{"@type":"BreadcrumbList","@id":"https:\/\/folhapopular.info\/index.php\/2026\/09\/01\/encontro-reune-13-municipios-para-o-fortalecimento-da-agricultura-familiar\/#breadcrumb","itemListElement":[{"@type":"ListItem","position":1,"name":"In\u00edcio","item":"https:\/\/folhapopular.info\/"},{"@type":"ListItem","position":2,"name":"Encontro re\u00fane 13 munic\u00edpios para o fortalecimento da Agricultura Familiar"}]},{"@type":"WebSite","@id":"https:\/\/folhapopular.info\/#website","url":"https:\/\/folhapopular.info\/","name":"Folha Popular","description":"Onde voc\u00ea tem vez e voz","potentialAction":[{"@type":"SearchAction","target":{"@type":"EntryPoint","urlTemplate":"https:\/\/folhapopular.info\/?s={search_term_string}"},"query-input":{"@type":"PropertyValueSpecification","valueRequired":true,"valueName":"search_term_string"}}],"inLanguage":"pt-BR"},{"@type":"Person","@id":"https:\/\/folhapopular.info\/#\/schema\/person\/2814e8a0df7643585a9ca38bc6eb9d4b","name":"Reda\u00e7\u00e3o Folha Popular","image":{"@type":"ImageObject","inLanguage":"pt-BR","@id":"https:\/\/folhapopular.info\/wp-content\/uploads\/2026\/04\/Folha-1.webp","url":"https:\/\/folhapopular.info\/wp-content\/uploads\/2026\/04\/Folha-1.webp","contentUrl":"https:\/\/folhapopular.info\/wp-content\/uploads\/2026\/04\/Folha-1.webp","caption":"Reda\u00e7\u00e3o Folha Popular"},"url":"https:\/\/folhapopular.info\/index.php\/author\/redacao\/"}]}},"jetpack_sharing_enabled":true,"amp_enabled":true,"jetpack_featured_media_url":"https:\/\/folhapopular.info\/wp-content\/uploads\/2026\/09\/WhatsApp-Image-2026-09-01-at-11.22.45.webp","_links":{"self":[{"href":"https:\/\/folhapopular.info\/index.php\/wp-json\/wp\/v2\/posts\/220078","targetHints":{"allow":["GET"]}}],"collection":[{"href":"https:\/\/folhapopular.info\/index.php\/wp-json\/wp\/v2\/posts"}],"about":[{"href":"https:\/\/folhapopular.info\/index.php\/wp-json\/wp\/v2\/types\/post"}],"author":[{"embeddable":true,"href":"https:\/\/folhapopular.info\/index.php\/wp-json\/wp\/v2\/users\/8"}],"replies":[{"embeddable":true,"href":"https:\/\/folhapopular.info\/index.php\/wp-json\/wp\/v2\/comments?post=220078"}],"version-history":[{"count":1,"href":"https:\/\/folhapopular.info\/index.php\/wp-json\/wp\/v2\/posts\/220078\/revisions"}],"predecessor-version":[{"id":220101,"href":"https:\/\/folhapopular.info\/index.php\/wp-json\/wp\/v2\/posts\/220078\/revisions\/220101"}],"wp:featuredmedia":[{"embeddable":true,"href":"https:\/\/folhapopular.info\/index.php\/wp-json\/wp\/v2\/media\/220100"}],"wp:attachment":[{"href":"https:\/\/folhapopular.info\/index.php\/wp-json\/wp\/v2\/media?parent=220078"}],"wp:term":[{"taxonomy":"category","embeddable":true,"href":"https:\/\/folhapopular.info\/index.php\/wp-json\/wp\/v2\/categories?post=220078"},{"taxonomy":"post_tag","embeddable":true,"href":"https:\/\/folhapopular.info\/index.php\/wp-json\/wp\/v2\/tags?post=220078"}],"curies":[{"name":"wp","href":"https:\/\/api.w.org\/{rel}","templated":true}]}}