{"id":220099,"date":"2026-09-01T16:15:00","date_gmt":"2026-09-01T19:15:00","guid":{"rendered":"https:\/\/folhapopular.info\/?p=220099"},"modified":"2026-09-01T15:55:34","modified_gmt":"2026-09-01T18:55:34","slug":"fazenda-vilanova-participa-de-seminario-estadual-de-turismo","status":"publish","type":"post","link":"https:\/\/folhapopular.info\/index.php\/2026\/09\/01\/fazenda-vilanova-participa-de-seminario-estadual-de-turismo\/","title":{"rendered":"Fazenda Vilanova participa de semin\u00e1rio estadual de turismo"},"content":{"rendered":"\n<p class=\"wp-block-paragraph\">Representantes de Fazenda Vilanova participaram do 9\u00ba Semin\u00e1rio Estadual de Turismo, realizado em Tr\u00eas Coroas entre os dias 26 e 29 de agosto. Integraram a comitiva o secret\u00e1rio de Esporte e Turismo e presidente do Conselho Municipal de Turismo (Comtur), Evandro Junior Maria, o coordenador da pasta, Edson Cardoso, e a coordenadora de Cultura, Ana T\u00e9rcia de Souza.<\/p>\n\n\n\n<p class=\"wp-block-paragraph\">O evento reuniu profissionais do turismo, gestores p\u00fablicos, empreendedores, pesquisadores, estudantes e representantes de entidades ligadas ao setor. A programa\u00e7\u00e3o foi marcada pela troca de experi\u00eancias e por debates sobre estrat\u00e9gias para o desenvolvimento do turismo, principalmente em ambientes naturais. Tamb\u00e9m foram apresentadas tend\u00eancias e iniciativas desenvolvidas em diferentes regi\u00f5es do Brasil.<\/p>\n\n\n\n<p class=\"wp-block-paragraph\">Durante o semin\u00e1rio, a comitiva de Fazenda Vilanova teve contato com exemplos de iniciativas bem-sucedidas e alternativas voltadas ao fortalecimento da atividade tur\u00edstica. As experi\u00eancias apresentadas mostraram possibilidades para ampliar oportunidades e contribuir para a gera\u00e7\u00e3o de empregos e renda nos munic\u00edpios.<\/p>\n\n\n\n<p class=\"wp-block-paragraph\">A participa\u00e7\u00e3o no encontro tamb\u00e9m permitiu ampliar conhecimentos e buscar refer\u00eancias que possam ser adaptadas \u00e0 realidade e \u00e0s potencialidades de Fazenda Vilanova, contribuindo para o planejamento e o desenvolvimento do setor no munic\u00edpio.<\/p>\n\n\n\n<p class=\"wp-block-paragraph\">O 9\u00ba Semin\u00e1rio Estadual de Turismo foi promovido pela Associa\u00e7\u00e3o Brasileira de Turism\u00f3logos e Profissionais de Turismo, Seccional Rio Grande do Sul (ABBTUR-RS), e pela Associa\u00e7\u00e3o Brasileira das Empresas de Ecoturismo e Turismo de Aventura (Abeta).<\/p>\n","protected":false},"excerpt":{"rendered":"<p>Representantes de Fazenda Vilanova participaram do 9\u00ba Semin\u00e1rio Estadual de Turismo, realizado em Tr\u00eas Coroas entre os dias 26 e 29 de agosto. Integraram a comitiva o secret\u00e1rio de Esporte e Turismo e presidente do Conselho Municipal de Turismo (Comtur), Evandro Junior Maria, o coordenador da pasta, Edson Cardoso, e a coordenadora de Cultura, Ana [&hellip;]<\/p>\n","protected":false},"author":8,"featured_media":220116,"comment_status":"open","ping_status":"open","sticky":false,"template":"","format":"standard","meta":{"pmpro_default_level":"","_jetpack_memberships_contains_paid_content":false,"footnotes":""},"categories":[3],"tags":[8011,801,21877,82],"class_list":["post-220099","post","type-post","status-publish","format-standard","has-post-thumbnail","category-geral","tag-comtur","tag-fazenda-vilanova","tag-seminario-estadual","tag-turismo","pmpro-has-access"],"yoast_head":"<!-- This site is optimized with the Yoast SEO plugin v28.4 - https:\/\/yoast.com\/product\/yoast-seo-wordpress\/ -->\n<title>Fazenda Vilanova participa de semin\u00e1rio estadual de turismo - Folha Popular<\/title>\n<meta name=\"description\" content=\"Representantes de Fazenda Vilanova participaram do 9\u00ba Semin\u00e1rio Estadual de Turismo, realizado em Tr\u00eas Coroas entre os dias 26 e 29 de agosto. Integraram a comitiva o secret\u00e1rio de Esporte e Turismo e presidente do Conselho Municipal de Turismo (Comtur), Evandro Junior Maria, o coordenador da pasta, Edson Cardoso, e a coordenadora de Cultura, Ana T\u00e9rcia de Souza.\" \/>\n<meta name=\"robots\" content=\"index, follow, max-snippet:-1, max-image-preview:large, max-video-preview:-1\" \/>\n<link rel=\"canonical\" href=\"https:\/\/folhapopular.info\/index.php\/2026\/09\/01\/fazenda-vilanova-participa-de-seminario-estadual-de-turismo\/\" \/>\n<meta property=\"og:locale\" content=\"pt_BR\" \/>\n<meta property=\"og:type\" content=\"article\" \/>\n<meta property=\"og:title\" content=\"Fazenda Vilanova participa de semin\u00e1rio estadual de turismo - Folha Popular\" \/>\n<meta property=\"og:description\" content=\"Representantes de Fazenda Vilanova participaram do 9\u00ba Semin\u00e1rio Estadual de Turismo, realizado em Tr\u00eas Coroas entre os dias 26 e 29 de agosto. Integraram a comitiva o secret\u00e1rio de Esporte e Turismo e presidente do Conselho Municipal de Turismo (Comtur), Evandro Junior Maria, o coordenador da pasta, Edson Cardoso, e a coordenadora de Cultura, Ana T\u00e9rcia de Souza.\" \/>\n<meta property=\"og:url\" content=\"https:\/\/folhapopular.info\/index.php\/2026\/09\/01\/fazenda-vilanova-participa-de-seminario-estadual-de-turismo\/\" \/>\n<meta property=\"og:site_name\" content=\"Folha Popular\" \/>\n<meta property=\"article:published_time\" content=\"2026-09-01T19:15:00+00:00\" \/>\n<meta property=\"og:image\" content=\"https:\/\/folhapopular.info\/wp-content\/uploads\/2026\/09\/Turismo-e1788288645765.webp\" \/>\n\t<meta property=\"og:image:width\" content=\"960\" \/>\n\t<meta property=\"og:image:height\" content=\"806\" \/>\n\t<meta property=\"og:image:type\" content=\"image\/webp\" \/>\n<meta name=\"author\" content=\"Reda\u00e7\u00e3o Folha Popular\" \/>\n<meta name=\"twitter:card\" content=\"summary_large_image\" \/>\n<meta name=\"twitter:label1\" content=\"Escrito por\" \/>\n\t<meta name=\"twitter:data1\" content=\"Reda\u00e7\u00e3o Folha Popular\" \/>\n\t<meta name=\"twitter:label2\" content=\"Est. tempo de leitura\" \/>\n\t<meta name=\"twitter:data2\" content=\"2 minutos\" \/>\n<script type=\"application\/ld+json\" class=\"yoast-schema-graph\">{\"@context\":\"https:\\\/\\\/schema.org\",\"@graph\":[{\"@type\":\"Article\",\"@id\":\"https:\\\/\\\/folhapopular.info\\\/index.php\\\/2026\\\/09\\\/01\\\/fazenda-vilanova-participa-de-seminario-estadual-de-turismo\\\/#article\",\"isPartOf\":{\"@id\":\"https:\\\/\\\/folhapopular.info\\\/index.php\\\/2026\\\/09\\\/01\\\/fazenda-vilanova-participa-de-seminario-estadual-de-turismo\\\/\"},\"author\":{\"name\":\"Reda\u00e7\u00e3o Folha Popular\",\"@id\":\"https:\\\/\\\/folhapopular.info\\\/#\\\/schema\\\/person\\\/2814e8a0df7643585a9ca38bc6eb9d4b\"},\"headline\":\"Fazenda Vilanova participa de semin\u00e1rio estadual de turismo\",\"datePublished\":\"2026-09-01T19:15:00+00:00\",\"mainEntityOfPage\":{\"@id\":\"https:\\\/\\\/folhapopular.info\\\/index.php\\\/2026\\\/09\\\/01\\\/fazenda-vilanova-participa-de-seminario-estadual-de-turismo\\\/\"},\"wordCount\":250,\"commentCount\":0,\"image\":{\"@id\":\"https:\\\/\\\/folhapopular.info\\\/index.php\\\/2026\\\/09\\\/01\\\/fazenda-vilanova-participa-de-seminario-estadual-de-turismo\\\/#primaryimage\"},\"thumbnailUrl\":\"https:\\\/\\\/folhapopular.info\\\/wp-content\\\/uploads\\\/2026\\\/09\\\/Turismo-e1788288645765.webp\",\"keywords\":[\"Comtur\",\"Fazenda Vilanova\",\"semin\u00e1rio estadual\",\"Turismo\"],\"articleSection\":[\"Geral\"],\"inLanguage\":\"pt-BR\",\"potentialAction\":[{\"@type\":\"CommentAction\",\"name\":\"Comment\",\"target\":[\"https:\\\/\\\/folhapopular.info\\\/index.php\\\/2026\\\/09\\\/01\\\/fazenda-vilanova-participa-de-seminario-estadual-de-turismo\\\/#respond\"]}]},{\"@type\":\"WebPage\",\"@id\":\"https:\\\/\\\/folhapopular.info\\\/index.php\\\/2026\\\/09\\\/01\\\/fazenda-vilanova-participa-de-seminario-estadual-de-turismo\\\/\",\"url\":\"https:\\\/\\\/folhapopular.info\\\/index.php\\\/2026\\\/09\\\/01\\\/fazenda-vilanova-participa-de-seminario-estadual-de-turismo\\\/\",\"name\":\"Fazenda Vilanova participa de semin\u00e1rio estadual de turismo - Folha Popular\",\"isPartOf\":{\"@id\":\"https:\\\/\\\/folhapopular.info\\\/#website\"},\"primaryImageOfPage\":{\"@id\":\"https:\\\/\\\/folhapopular.info\\\/index.php\\\/2026\\\/09\\\/01\\\/fazenda-vilanova-participa-de-seminario-estadual-de-turismo\\\/#primaryimage\"},\"image\":{\"@id\":\"https:\\\/\\\/folhapopular.info\\\/index.php\\\/2026\\\/09\\\/01\\\/fazenda-vilanova-participa-de-seminario-estadual-de-turismo\\\/#primaryimage\"},\"thumbnailUrl\":\"https:\\\/\\\/folhapopular.info\\\/wp-content\\\/uploads\\\/2026\\\/09\\\/Turismo-e1788288645765.webp\",\"datePublished\":\"2026-09-01T19:15:00+00:00\",\"author\":{\"@id\":\"https:\\\/\\\/folhapopular.info\\\/#\\\/schema\\\/person\\\/2814e8a0df7643585a9ca38bc6eb9d4b\"},\"description\":\"Representantes de Fazenda Vilanova participaram do 9\u00ba Semin\u00e1rio Estadual de Turismo, realizado em Tr\u00eas Coroas entre os dias 26 e 29 de agosto. Integraram a comitiva o secret\u00e1rio de Esporte e Turismo e presidente do Conselho Municipal de Turismo (Comtur), Evandro Junior Maria, o coordenador da pasta, Edson Cardoso, e a coordenadora de Cultura, Ana T\u00e9rcia de Souza.\",\"breadcrumb\":{\"@id\":\"https:\\\/\\\/folhapopular.info\\\/index.php\\\/2026\\\/09\\\/01\\\/fazenda-vilanova-participa-de-seminario-estadual-de-turismo\\\/#breadcrumb\"},\"inLanguage\":\"pt-BR\",\"potentialAction\":[{\"@type\":\"ReadAction\",\"target\":[\"https:\\\/\\\/folhapopular.info\\\/index.php\\\/2026\\\/09\\\/01\\\/fazenda-vilanova-participa-de-seminario-estadual-de-turismo\\\/\"]}]},{\"@type\":\"ImageObject\",\"inLanguage\":\"pt-BR\",\"@id\":\"https:\\\/\\\/folhapopular.info\\\/index.php\\\/2026\\\/09\\\/01\\\/fazenda-vilanova-participa-de-seminario-estadual-de-turismo\\\/#primaryimage\",\"url\":\"https:\\\/\\\/folhapopular.info\\\/wp-content\\\/uploads\\\/2026\\\/09\\\/Turismo-e1788288645765.webp\",\"contentUrl\":\"https:\\\/\\\/folhapopular.info\\\/wp-content\\\/uploads\\\/2026\\\/09\\\/Turismo-e1788288645765.webp\",\"width\":960,\"height\":806,\"caption\":\"Cr\u00e9dito: Prefeitura de Fazenda Vilanova\"},{\"@type\":\"BreadcrumbList\",\"@id\":\"https:\\\/\\\/folhapopular.info\\\/index.php\\\/2026\\\/09\\\/01\\\/fazenda-vilanova-participa-de-seminario-estadual-de-turismo\\\/#breadcrumb\",\"itemListElement\":[{\"@type\":\"ListItem\",\"position\":1,\"name\":\"In\u00edcio\",\"item\":\"https:\\\/\\\/folhapopular.info\\\/\"},{\"@type\":\"ListItem\",\"position\":2,\"name\":\"Fazenda Vilanova participa de semin\u00e1rio estadual de turismo\"}]},{\"@type\":\"WebSite\",\"@id\":\"https:\\\/\\\/folhapopular.info\\\/#website\",\"url\":\"https:\\\/\\\/folhapopular.info\\\/\",\"name\":\"Folha Popular\",\"description\":\"Onde voc\u00ea tem vez e voz\",\"potentialAction\":[{\"@type\":\"SearchAction\",\"target\":{\"@type\":\"EntryPoint\",\"urlTemplate\":\"https:\\\/\\\/folhapopular.info\\\/?s={search_term_string}\"},\"query-input\":{\"@type\":\"PropertyValueSpecification\",\"valueRequired\":true,\"valueName\":\"search_term_string\"}}],\"inLanguage\":\"pt-BR\"},{\"@type\":\"Person\",\"@id\":\"https:\\\/\\\/folhapopular.info\\\/#\\\/schema\\\/person\\\/2814e8a0df7643585a9ca38bc6eb9d4b\",\"name\":\"Reda\u00e7\u00e3o Folha Popular\",\"image\":{\"@type\":\"ImageObject\",\"inLanguage\":\"pt-BR\",\"@id\":\"https:\\\/\\\/folhapopular.info\\\/wp-content\\\/uploads\\\/2026\\\/04\\\/Folha-1.webp\",\"url\":\"https:\\\/\\\/folhapopular.info\\\/wp-content\\\/uploads\\\/2026\\\/04\\\/Folha-1.webp\",\"contentUrl\":\"https:\\\/\\\/folhapopular.info\\\/wp-content\\\/uploads\\\/2026\\\/04\\\/Folha-1.webp\",\"caption\":\"Reda\u00e7\u00e3o Folha Popular\"},\"url\":\"https:\\\/\\\/folhapopular.info\\\/index.php\\\/author\\\/redacao\\\/\"}]}<\/script>\n<!-- \/ Yoast SEO plugin. -->","yoast_head_json":{"title":"Fazenda Vilanova participa de semin\u00e1rio estadual de turismo - Folha Popular","description":"Representantes de Fazenda Vilanova participaram do 9\u00ba Semin\u00e1rio Estadual de Turismo, realizado em Tr\u00eas Coroas entre os dias 26 e 29 de agosto. Integraram a comitiva o secret\u00e1rio de Esporte e Turismo e presidente do Conselho Municipal de Turismo (Comtur), Evandro Junior Maria, o coordenador da pasta, Edson Cardoso, e a coordenadora de Cultura, Ana T\u00e9rcia de Souza.","robots":{"index":"index","follow":"follow","max-snippet":"max-snippet:-1","max-image-preview":"max-image-preview:large","max-video-preview":"max-video-preview:-1"},"canonical":"https:\/\/folhapopular.info\/index.php\/2026\/09\/01\/fazenda-vilanova-participa-de-seminario-estadual-de-turismo\/","og_locale":"pt_BR","og_type":"article","og_title":"Fazenda Vilanova participa de semin\u00e1rio estadual de turismo - Folha Popular","og_description":"Representantes de Fazenda Vilanova participaram do 9\u00ba Semin\u00e1rio Estadual de Turismo, realizado em Tr\u00eas Coroas entre os dias 26 e 29 de agosto. Integraram a comitiva o secret\u00e1rio de Esporte e Turismo e presidente do Conselho Municipal de Turismo (Comtur), Evandro Junior Maria, o coordenador da pasta, Edson Cardoso, e a coordenadora de Cultura, Ana T\u00e9rcia de Souza.","og_url":"https:\/\/folhapopular.info\/index.php\/2026\/09\/01\/fazenda-vilanova-participa-de-seminario-estadual-de-turismo\/","og_site_name":"Folha Popular","article_published_time":"2026-09-01T19:15:00+00:00","og_image":[{"width":960,"height":806,"url":"https:\/\/folhapopular.info\/wp-content\/uploads\/2026\/09\/Turismo-e1788288645765.webp","type":"image\/webp"}],"author":"Reda\u00e7\u00e3o Folha Popular","twitter_card":"summary_large_image","twitter_misc":{"Escrito por":"Reda\u00e7\u00e3o Folha Popular","Est. tempo de leitura":"2 minutos"},"schema":{"@context":"https:\/\/schema.org","@graph":[{"@type":"Article","@id":"https:\/\/folhapopular.info\/index.php\/2026\/09\/01\/fazenda-vilanova-participa-de-seminario-estadual-de-turismo\/#article","isPartOf":{"@id":"https:\/\/folhapopular.info\/index.php\/2026\/09\/01\/fazenda-vilanova-participa-de-seminario-estadual-de-turismo\/"},"author":{"name":"Reda\u00e7\u00e3o Folha Popular","@id":"https:\/\/folhapopular.info\/#\/schema\/person\/2814e8a0df7643585a9ca38bc6eb9d4b"},"headline":"Fazenda Vilanova participa de semin\u00e1rio estadual de turismo","datePublished":"2026-09-01T19:15:00+00:00","mainEntityOfPage":{"@id":"https:\/\/folhapopular.info\/index.php\/2026\/09\/01\/fazenda-vilanova-participa-de-seminario-estadual-de-turismo\/"},"wordCount":250,"commentCount":0,"image":{"@id":"https:\/\/folhapopular.info\/index.php\/2026\/09\/01\/fazenda-vilanova-participa-de-seminario-estadual-de-turismo\/#primaryimage"},"thumbnailUrl":"https:\/\/folhapopular.info\/wp-content\/uploads\/2026\/09\/Turismo-e1788288645765.webp","keywords":["Comtur","Fazenda Vilanova","semin\u00e1rio estadual","Turismo"],"articleSection":["Geral"],"inLanguage":"pt-BR","potentialAction":[{"@type":"CommentAction","name":"Comment","target":["https:\/\/folhapopular.info\/index.php\/2026\/09\/01\/fazenda-vilanova-participa-de-seminario-estadual-de-turismo\/#respond"]}]},{"@type":"WebPage","@id":"https:\/\/folhapopular.info\/index.php\/2026\/09\/01\/fazenda-vilanova-participa-de-seminario-estadual-de-turismo\/","url":"https:\/\/folhapopular.info\/index.php\/2026\/09\/01\/fazenda-vilanova-participa-de-seminario-estadual-de-turismo\/","name":"Fazenda Vilanova participa de semin\u00e1rio estadual de turismo - Folha Popular","isPartOf":{"@id":"https:\/\/folhapopular.info\/#website"},"primaryImageOfPage":{"@id":"https:\/\/folhapopular.info\/index.php\/2026\/09\/01\/fazenda-vilanova-participa-de-seminario-estadual-de-turismo\/#primaryimage"},"image":{"@id":"https:\/\/folhapopular.info\/index.php\/2026\/09\/01\/fazenda-vilanova-participa-de-seminario-estadual-de-turismo\/#primaryimage"},"thumbnailUrl":"https:\/\/folhapopular.info\/wp-content\/uploads\/2026\/09\/Turismo-e1788288645765.webp","datePublished":"2026-09-01T19:15:00+00:00","author":{"@id":"https:\/\/folhapopular.info\/#\/schema\/person\/2814e8a0df7643585a9ca38bc6eb9d4b"},"description":"Representantes de Fazenda Vilanova participaram do 9\u00ba Semin\u00e1rio Estadual de Turismo, realizado em Tr\u00eas Coroas entre os dias 26 e 29 de agosto. Integraram a comitiva o secret\u00e1rio de Esporte e Turismo e presidente do Conselho Municipal de Turismo (Comtur), Evandro Junior Maria, o coordenador da pasta, Edson Cardoso, e a coordenadora de Cultura, Ana T\u00e9rcia de Souza.","breadcrumb":{"@id":"https:\/\/folhapopular.info\/index.php\/2026\/09\/01\/fazenda-vilanova-participa-de-seminario-estadual-de-turismo\/#breadcrumb"},"inLanguage":"pt-BR","potentialAction":[{"@type":"ReadAction","target":["https:\/\/folhapopular.info\/index.php\/2026\/09\/01\/fazenda-vilanova-participa-de-seminario-estadual-de-turismo\/"]}]},{"@type":"ImageObject","inLanguage":"pt-BR","@id":"https:\/\/folhapopular.info\/index.php\/2026\/09\/01\/fazenda-vilanova-participa-de-seminario-estadual-de-turismo\/#primaryimage","url":"https:\/\/folhapopular.info\/wp-content\/uploads\/2026\/09\/Turismo-e1788288645765.webp","contentUrl":"https:\/\/folhapopular.info\/wp-content\/uploads\/2026\/09\/Turismo-e1788288645765.webp","width":960,"height":806,"caption":"Cr\u00e9dito: Prefeitura de Fazenda Vilanova"},{"@type":"BreadcrumbList","@id":"https:\/\/folhapopular.info\/index.php\/2026\/09\/01\/fazenda-vilanova-participa-de-seminario-estadual-de-turismo\/#breadcrumb","itemListElement":[{"@type":"ListItem","position":1,"name":"In\u00edcio","item":"https:\/\/folhapopular.info\/"},{"@type":"ListItem","position":2,"name":"Fazenda Vilanova participa de semin\u00e1rio estadual de turismo"}]},{"@type":"WebSite","@id":"https:\/\/folhapopular.info\/#website","url":"https:\/\/folhapopular.info\/","name":"Folha Popular","description":"Onde voc\u00ea tem vez e voz","potentialAction":[{"@type":"SearchAction","target":{"@type":"EntryPoint","urlTemplate":"https:\/\/folhapopular.info\/?s={search_term_string}"},"query-input":{"@type":"PropertyValueSpecification","valueRequired":true,"valueName":"search_term_string"}}],"inLanguage":"pt-BR"},{"@type":"Person","@id":"https:\/\/folhapopular.info\/#\/schema\/person\/2814e8a0df7643585a9ca38bc6eb9d4b","name":"Reda\u00e7\u00e3o Folha Popular","image":{"@type":"ImageObject","inLanguage":"pt-BR","@id":"https:\/\/folhapopular.info\/wp-content\/uploads\/2026\/04\/Folha-1.webp","url":"https:\/\/folhapopular.info\/wp-content\/uploads\/2026\/04\/Folha-1.webp","contentUrl":"https:\/\/folhapopular.info\/wp-content\/uploads\/2026\/04\/Folha-1.webp","caption":"Reda\u00e7\u00e3o Folha Popular"},"url":"https:\/\/folhapopular.info\/index.php\/author\/redacao\/"}]}},"jetpack_sharing_enabled":true,"amp_enabled":true,"jetpack_featured_media_url":"https:\/\/folhapopular.info\/wp-content\/uploads\/2026\/09\/Turismo-e1788288645765.webp","_links":{"self":[{"href":"https:\/\/folhapopular.info\/index.php\/wp-json\/wp\/v2\/posts\/220099","targetHints":{"allow":["GET"]}}],"collection":[{"href":"https:\/\/folhapopular.info\/index.php\/wp-json\/wp\/v2\/posts"}],"about":[{"href":"https:\/\/folhapopular.info\/index.php\/wp-json\/wp\/v2\/types\/post"}],"author":[{"embeddable":true,"href":"https:\/\/folhapopular.info\/index.php\/wp-json\/wp\/v2\/users\/8"}],"replies":[{"embeddable":true,"href":"https:\/\/folhapopular.info\/index.php\/wp-json\/wp\/v2\/comments?post=220099"}],"version-history":[{"count":1,"href":"https:\/\/folhapopular.info\/index.php\/wp-json\/wp\/v2\/posts\/220099\/revisions"}],"predecessor-version":[{"id":220117,"href":"https:\/\/folhapopular.info\/index.php\/wp-json\/wp\/v2\/posts\/220099\/revisions\/220117"}],"wp:featuredmedia":[{"embeddable":true,"href":"https:\/\/folhapopular.info\/index.php\/wp-json\/wp\/v2\/media\/220116"}],"wp:attachment":[{"href":"https:\/\/folhapopular.info\/index.php\/wp-json\/wp\/v2\/media?parent=220099"}],"wp:term":[{"taxonomy":"category","embeddable":true,"href":"https:\/\/folhapopular.info\/index.php\/wp-json\/wp\/v2\/categories?post=220099"},{"taxonomy":"post_tag","embeddable":true,"href":"https:\/\/folhapopular.info\/index.php\/wp-json\/wp\/v2\/tags?post=220099"}],"curies":[{"name":"wp","href":"https:\/\/api.w.org\/{rel}","templated":true}]}}