{"id":220148,"date":"2026-09-02T08:00:00","date_gmt":"2026-09-02T11:00:00","guid":{"rendered":"https:\/\/folhapopular.info\/?p=220148"},"modified":"2026-09-02T09:16:06","modified_gmt":"2026-09-02T12:16:06","slug":"quando-a-previsao-do-tempo-nao-se-confirma","status":"publish","type":"post","link":"https:\/\/folhapopular.info\/index.php\/2026\/09\/02\/quando-a-previsao-do-tempo-nao-se-confirma\/","title":{"rendered":"Quando a previs\u00e3o do tempo n\u00e3o se confirma"},"content":{"rendered":"\n<p class=\"wp-block-paragraph\">Previs\u00f5es de temporais severos e possibilidade de enchentes colocaram o Vale do Taquari em estado de aten\u00e7\u00e3o no \u00faltimo fim de semana de agosto. Equipes ficaram de prontid\u00e3o e competi\u00e7\u00f5es esportivas e eventos sociais foram cancelados diante da possibilidade de tempestades severas. No entanto, entre s\u00e1bado (29\/8) e domingo, o cen\u00e1rio n\u00e3o se confirmou. A chuva ocorreu de forma esparsa e sem grande volume.<\/p>\n\n\n\n<p class=\"wp-block-paragraph\">O epis\u00f3dio voltou a levantar uma quest\u00e3o que ganhou ainda mais import\u00e2ncia no Vale do Taquari depois das enchentes de 2023, 2024 e das enchentes registradas em julho deste ano. Existe uma impossibilidade de confiar em uma previs\u00e3o meteorol\u00f3gica que muda muito r\u00e1pido.<\/p>\n\n\n\n<h2 class=\"wp-block-heading\"><strong>Chuva forte n\u00e3o \u00e9 sin\u00f4nimo de enchente<\/strong><\/h2>\n\n\n\n<p class=\"wp-block-paragraph\">A diferen\u00e7a entre previs\u00e3o meteorol\u00f3gica e previs\u00e3o de cheia \u00e9 especialmente importante no Vale do Taquari. O professor e pesquisador Edelbert Jasper acompanha h\u00e1 50 anos os fen\u00f4menos relacionados \u00e0s chuvas e \u00e0s cheias do Rio Taquari e de sua bacia, especialmente em Colinas.<\/p>\n\n\n\n<p class=\"wp-block-paragraph\">Uma previs\u00e3o de chuva intensa n\u00e3o significa, necessariamente, que haver\u00e1 uma grande enchente no Vale. Depende da forma como a precipita\u00e7\u00e3o se apresenta em toda a bacia hidrogr\u00e1fica. \u201cA Bacia do Taquari-Antas possui uma extensa \u00e1rea. Assim, uma chuva muito volumosa em determinado ponto pode provocar alagamentos e elevar o n\u00edvel dos rios naquela regi\u00e3o sem necessariamente produzir uma grande enchente no Vale do Taquari\u201d, explica.<\/p>\n\n\n\n<p class=\"wp-block-paragraph\">Para que ocorra uma cheia de grandes propor\u00e7\u00f5es, \u00e9 necess\u00e1rio que volumes significativos de chuva atinjam uma \u00e1rea mais ampla da bacia, fazendo com que uma grande quantidade de \u00e1gua seja direcionada para o Rio Taquari. \u201cN\u00e3o \u00e9 apenas a quantidade de chuva que importa, mas tamb\u00e9m onde ela ocorre, por quanto tempo e como se distribui pela bacia\u201d, observa.<\/p>\n\n\n\n<h2 class=\"wp-block-heading\"><strong>Julho mostrou incerteza<\/strong><\/h2>\n\n\n\n<p class=\"wp-block-paragraph\">Se o fim de agosto mostrou o impacto de uma previs\u00e3o que n\u00e3o se confirmou, o epis\u00f3dio de julho apresentou o risco inverso devido a um cen\u00e1rio que acabou sendo muito mais grave do que a avalia\u00e7\u00e3o feita horas antes do evento.<\/p>\n\n\n\n<p class=\"wp-block-paragraph\">Naquele epis\u00f3dio, a previs\u00e3o de uma grande cheia n\u00e3o era considerada confirmada. Um dia antes do avan\u00e7o das \u00e1guas, o coordenador estadual da Defesa Civil do Vale do Taquari havia reproduzido a informa\u00e7\u00e3o comunicada pelo governador do estado, Eduardo Leite, amenizado o cen\u00e1rio e descartado a ocorr\u00eancia de uma enchente de grandes propor\u00e7\u00f5es.<\/p>\n\n\n\n<p class=\"wp-block-paragraph\">Na madrugada daquele mesmo dia, entretanto, o cen\u00e1rio mudou rapidamente. Equipes de resgate precisaram acordar fam\u00edlias e retir\u00e1-las de \u00e1reas que seriam atingidas pela eleva\u00e7\u00e3o das \u00e1guas.<\/p>\n\n\n\n<h2 class=\"wp-block-heading\"><strong>Inmet responde<\/strong><\/h2>\n\n\n\n<p class=\"wp-block-paragraph\">Para o Instituto Nacional de Meteorologia (Inmet), a resposta passa por compreender que uma previs\u00e3o representa o cen\u00e1rio atmosf\u00e9rico mais prov\u00e1vel, e n\u00e3o uma certeza sobre o que acontecer\u00e1. \u201cUma previs\u00e3o pode indicar condi\u00e7\u00f5es favor\u00e1veis \u00e0 ocorr\u00eancia de chuva intensa, mas o fen\u00f4meno pode ocorrer com menor intensidade, em outra \u00e1rea ou n\u00e3o se concretizar conforme inicialmente previsto\u201d, explica \u00e0 reportagem, o Inmet.<\/p>\n\n\n\n<p class=\"wp-block-paragraph\">As proje\u00e7\u00f5es para as 24 a 48 horas seguintes apresentam maior confiabilidade quanto \u00e0 evolu\u00e7\u00e3o dos sistemas meteorol\u00f3gicos. Ainda assim, o instituto ressalta que nem mesmo nesse intervalo \u00e9 poss\u00edvel tratar um evento como absolutamente \u201cconfirmado\u201d apenas com base na anteced\u00eancia.<\/p>\n\n\n\n<p class=\"wp-block-paragraph\">Isso ocorre porque os sistemas atmosf\u00e9ricos podem sofrer altera\u00e7\u00f5es de trajet\u00f3ria, intensidade e dura\u00e7\u00e3o, modificando a localiza\u00e7\u00e3o e os volumes de chuva previstos. Por isso, uma previs\u00e3o feita com v\u00e1rios dias de anteced\u00eancia deve ser entendida como uma indica\u00e7\u00e3o de tend\u00eancia e possibilidade. \u00c0 medida que o evento se aproxima, novas informa\u00e7\u00f5es permitem atualizar o cen\u00e1rio.<\/p>\n\n\n\n<h2 class=\"wp-block-heading\"><strong>Prepara\u00e7\u00e3o continua necess\u00e1ria<\/strong><\/h2>\n\n\n\n<p class=\"wp-block-paragraph\">Jasper avalia que o caminho n\u00e3o est\u00e1 em ignorar os alertas por causa da possibilidade de eles n\u00e3o se confirmarem, mas em compreender o grau de incerteza de cada previs\u00e3o. Para ele, os alertas s\u00e3o indispens\u00e1veis e devem ser levados a s\u00e9rio.<\/p>\n\n\n\n<p class=\"wp-block-paragraph\">Ao mesmo tempo, \u00e9 necess\u00e1rio evitar que toda previs\u00e3o de chuva intensa seja automaticamente transformada em uma previs\u00e3o de enchente. O Inmet segue a mesma l\u00f3gica ao recomendar que, em situa\u00e7\u00f5es de risco, a popula\u00e7\u00e3o acompanhe continuamente as previs\u00f5es, os avisos emitidos pelos \u00f3rg\u00e3os oficiais e, principalmente, os dados observados em tempo real.<\/p>\n","protected":false},"excerpt":{"rendered":"<p>Previs\u00f5es de temporais severos e possibilidade de enchentes colocaram o Vale do Taquari em estado de aten\u00e7\u00e3o no \u00faltimo fim de semana de agosto. Equipes ficaram de prontid\u00e3o e competi\u00e7\u00f5es esportivas e eventos sociais foram cancelados diante da possibilidade de tempestades severas. No entanto, entre s\u00e1bado (29\/8) e domingo, o cen\u00e1rio n\u00e3o se confirmou. A [&hellip;]<\/p>\n","protected":false},"author":772,"featured_media":220149,"comment_status":"open","ping_status":"open","sticky":false,"template":"","format":"standard","meta":{"pmpro_default_level":"","_jetpack_memberships_contains_paid_content":false,"footnotes":""},"categories":[12655,2,3],"tags":[1057,4784,14570,13399],"class_list":["post-220148","post","type-post","status-publish","format-standard","has-post-thumbnail","category-clima","category-featured","category-geral","tag-chuva","tag-clima","tag-inmet","tag-previsao-do-tempo","pmpro-has-access"],"yoast_head":"<!-- This site is optimized with the Yoast SEO plugin v28.4 - https:\/\/yoast.com\/product\/yoast-seo-wordpress\/ -->\n<title>Quando a previs\u00e3o do tempo n\u00e3o se confirma - Folha Popular<\/title>\n<meta name=\"description\" content=\"Previs\u00e3o de temporais severos e possibilidade de enchentes colocaram o Vale do Taquari em estado de aten\u00e7\u00e3o no \u00faltimo fim de semana de agosto.\" \/>\n<meta name=\"robots\" content=\"index, follow, max-snippet:-1, max-image-preview:large, max-video-preview:-1\" \/>\n<link rel=\"canonical\" href=\"https:\/\/folhapopular.info\/index.php\/2026\/09\/02\/quando-a-previsao-do-tempo-nao-se-confirma\/\" \/>\n<meta property=\"og:locale\" content=\"pt_BR\" \/>\n<meta property=\"og:type\" content=\"article\" \/>\n<meta property=\"og:title\" content=\"Quando a previs\u00e3o do tempo n\u00e3o se confirma - Folha Popular\" \/>\n<meta property=\"og:description\" content=\"Previs\u00e3o de temporais severos e possibilidade de enchentes colocaram o Vale do Taquari em estado de aten\u00e7\u00e3o no \u00faltimo fim de semana de agosto.\" \/>\n<meta property=\"og:url\" content=\"https:\/\/folhapopular.info\/index.php\/2026\/09\/02\/quando-a-previsao-do-tempo-nao-se-confirma\/\" \/>\n<meta property=\"og:site_name\" content=\"Folha Popular\" \/>\n<meta property=\"article:published_time\" content=\"2026-09-02T11:00:00+00:00\" \/>\n<meta property=\"article:modified_time\" content=\"2026-09-02T12:16:06+00:00\" \/>\n<meta property=\"og:image\" content=\"https:\/\/folhapopular.info\/wp-content\/uploads\/2026\/09\/Previsoes-tempo-evento-gaucho-2.webp\" \/>\n\t<meta property=\"og:image:width\" content=\"1280\" \/>\n\t<meta property=\"og:image:height\" content=\"960\" \/>\n\t<meta property=\"og:image:type\" content=\"image\/webp\" \/>\n<meta name=\"author\" content=\"Anderson Lopes\" \/>\n<meta name=\"twitter:card\" content=\"summary_large_image\" \/>\n<meta name=\"twitter:label1\" content=\"Escrito por\" \/>\n\t<meta name=\"twitter:data1\" content=\"Anderson Lopes\" \/>\n\t<meta name=\"twitter:label2\" content=\"Est. tempo de leitura\" \/>\n\t<meta name=\"twitter:data2\" content=\"4 minutos\" \/>\n<script type=\"application\/ld+json\" class=\"yoast-schema-graph\">{\"@context\":\"https:\\\/\\\/schema.org\",\"@graph\":[{\"@type\":\"Article\",\"@id\":\"https:\\\/\\\/folhapopular.info\\\/index.php\\\/2026\\\/09\\\/02\\\/quando-a-previsao-do-tempo-nao-se-confirma\\\/#article\",\"isPartOf\":{\"@id\":\"https:\\\/\\\/folhapopular.info\\\/index.php\\\/2026\\\/09\\\/02\\\/quando-a-previsao-do-tempo-nao-se-confirma\\\/\"},\"author\":{\"name\":\"Anderson Lopes\",\"@id\":\"https:\\\/\\\/folhapopular.info\\\/#\\\/schema\\\/person\\\/50fd7636116370b67381921e65092a49\"},\"headline\":\"Quando a previs\u00e3o do tempo n\u00e3o se confirma\",\"datePublished\":\"2026-09-02T11:00:00+00:00\",\"dateModified\":\"2026-09-02T12:16:06+00:00\",\"mainEntityOfPage\":{\"@id\":\"https:\\\/\\\/folhapopular.info\\\/index.php\\\/2026\\\/09\\\/02\\\/quando-a-previsao-do-tempo-nao-se-confirma\\\/\"},\"wordCount\":754,\"commentCount\":0,\"image\":{\"@id\":\"https:\\\/\\\/folhapopular.info\\\/index.php\\\/2026\\\/09\\\/02\\\/quando-a-previsao-do-tempo-nao-se-confirma\\\/#primaryimage\"},\"thumbnailUrl\":\"https:\\\/\\\/folhapopular.info\\\/wp-content\\\/uploads\\\/2026\\\/09\\\/Previsoes-tempo-evento-gaucho-2.webp\",\"keywords\":[\"chuva\",\"clima\",\"Inmet\",\"Previs\u00e3o do Tempo\"],\"articleSection\":[\"Clima\",\"Destaques\",\"Geral\"],\"inLanguage\":\"pt-BR\",\"potentialAction\":[{\"@type\":\"CommentAction\",\"name\":\"Comment\",\"target\":[\"https:\\\/\\\/folhapopular.info\\\/index.php\\\/2026\\\/09\\\/02\\\/quando-a-previsao-do-tempo-nao-se-confirma\\\/#respond\"]}]},{\"@type\":\"WebPage\",\"@id\":\"https:\\\/\\\/folhapopular.info\\\/index.php\\\/2026\\\/09\\\/02\\\/quando-a-previsao-do-tempo-nao-se-confirma\\\/\",\"url\":\"https:\\\/\\\/folhapopular.info\\\/index.php\\\/2026\\\/09\\\/02\\\/quando-a-previsao-do-tempo-nao-se-confirma\\\/\",\"name\":\"Quando a previs\u00e3o do tempo n\u00e3o se confirma - Folha Popular\",\"isPartOf\":{\"@id\":\"https:\\\/\\\/folhapopular.info\\\/#website\"},\"primaryImageOfPage\":{\"@id\":\"https:\\\/\\\/folhapopular.info\\\/index.php\\\/2026\\\/09\\\/02\\\/quando-a-previsao-do-tempo-nao-se-confirma\\\/#primaryimage\"},\"image\":{\"@id\":\"https:\\\/\\\/folhapopular.info\\\/index.php\\\/2026\\\/09\\\/02\\\/quando-a-previsao-do-tempo-nao-se-confirma\\\/#primaryimage\"},\"thumbnailUrl\":\"https:\\\/\\\/folhapopular.info\\\/wp-content\\\/uploads\\\/2026\\\/09\\\/Previsoes-tempo-evento-gaucho-2.webp\",\"datePublished\":\"2026-09-02T11:00:00+00:00\",\"dateModified\":\"2026-09-02T12:16:06+00:00\",\"author\":{\"@id\":\"https:\\\/\\\/folhapopular.info\\\/#\\\/schema\\\/person\\\/50fd7636116370b67381921e65092a49\"},\"description\":\"Previs\u00e3o de temporais severos e possibilidade de enchentes colocaram o Vale do Taquari em estado de aten\u00e7\u00e3o no \u00faltimo fim de semana de agosto.\",\"breadcrumb\":{\"@id\":\"https:\\\/\\\/folhapopular.info\\\/index.php\\\/2026\\\/09\\\/02\\\/quando-a-previsao-do-tempo-nao-se-confirma\\\/#breadcrumb\"},\"inLanguage\":\"pt-BR\",\"potentialAction\":[{\"@type\":\"ReadAction\",\"target\":[\"https:\\\/\\\/folhapopular.info\\\/index.php\\\/2026\\\/09\\\/02\\\/quando-a-previsao-do-tempo-nao-se-confirma\\\/\"]}]},{\"@type\":\"ImageObject\",\"inLanguage\":\"pt-BR\",\"@id\":\"https:\\\/\\\/folhapopular.info\\\/index.php\\\/2026\\\/09\\\/02\\\/quando-a-previsao-do-tempo-nao-se-confirma\\\/#primaryimage\",\"url\":\"https:\\\/\\\/folhapopular.info\\\/wp-content\\\/uploads\\\/2026\\\/09\\\/Previsoes-tempo-evento-gaucho-2.webp\",\"contentUrl\":\"https:\\\/\\\/folhapopular.info\\\/wp-content\\\/uploads\\\/2026\\\/09\\\/Previsoes-tempo-evento-gaucho-2.webp\",\"width\":1280,\"height\":960,\"caption\":\"Acampamento farroupilha de Teut\u00f4nia ter\u00e1 \u00e1rea coberta, mas previs\u00f5es meteorol\u00f3gicas seguem fundamentais para o evento \\\/ Cr\u00e9dito: Anderson Lopes\"},{\"@type\":\"BreadcrumbList\",\"@id\":\"https:\\\/\\\/folhapopular.info\\\/index.php\\\/2026\\\/09\\\/02\\\/quando-a-previsao-do-tempo-nao-se-confirma\\\/#breadcrumb\",\"itemListElement\":[{\"@type\":\"ListItem\",\"position\":1,\"name\":\"In\u00edcio\",\"item\":\"https:\\\/\\\/folhapopular.info\\\/\"},{\"@type\":\"ListItem\",\"position\":2,\"name\":\"Quando a previs\u00e3o do tempo n\u00e3o se confirma\"}]},{\"@type\":\"WebSite\",\"@id\":\"https:\\\/\\\/folhapopular.info\\\/#website\",\"url\":\"https:\\\/\\\/folhapopular.info\\\/\",\"name\":\"Folha Popular\",\"description\":\"Onde voc\u00ea tem vez e voz\",\"potentialAction\":[{\"@type\":\"SearchAction\",\"target\":{\"@type\":\"EntryPoint\",\"urlTemplate\":\"https:\\\/\\\/folhapopular.info\\\/?s={search_term_string}\"},\"query-input\":{\"@type\":\"PropertyValueSpecification\",\"valueRequired\":true,\"valueName\":\"search_term_string\"}}],\"inLanguage\":\"pt-BR\"},{\"@type\":\"Person\",\"@id\":\"https:\\\/\\\/folhapopular.info\\\/#\\\/schema\\\/person\\\/50fd7636116370b67381921e65092a49\",\"name\":\"Anderson Lopes\",\"image\":{\"@type\":\"ImageObject\",\"inLanguage\":\"pt-BR\",\"@id\":\"https:\\\/\\\/folhapopular.info\\\/wp-content\\\/uploads\\\/2026\\\/06\\\/WhatsApp-Image-2026-06-16-at-22.08.50.webp\",\"url\":\"https:\\\/\\\/folhapopular.info\\\/wp-content\\\/uploads\\\/2026\\\/06\\\/WhatsApp-Image-2026-06-16-at-22.08.50.webp\",\"contentUrl\":\"https:\\\/\\\/folhapopular.info\\\/wp-content\\\/uploads\\\/2026\\\/06\\\/WhatsApp-Image-2026-06-16-at-22.08.50.webp\",\"caption\":\"Anderson Lopes\"},\"url\":\"https:\\\/\\\/folhapopular.info\\\/index.php\\\/author\\\/anderson-lopes\\\/\"}]}<\/script>\n<!-- \/ Yoast SEO plugin. -->","yoast_head_json":{"title":"Quando a previs\u00e3o do tempo n\u00e3o se confirma - Folha Popular","description":"Previs\u00e3o de temporais severos e possibilidade de enchentes colocaram o Vale do Taquari em estado de aten\u00e7\u00e3o no \u00faltimo fim de semana de agosto.","robots":{"index":"index","follow":"follow","max-snippet":"max-snippet:-1","max-image-preview":"max-image-preview:large","max-video-preview":"max-video-preview:-1"},"canonical":"https:\/\/folhapopular.info\/index.php\/2026\/09\/02\/quando-a-previsao-do-tempo-nao-se-confirma\/","og_locale":"pt_BR","og_type":"article","og_title":"Quando a previs\u00e3o do tempo n\u00e3o se confirma - Folha Popular","og_description":"Previs\u00e3o de temporais severos e possibilidade de enchentes colocaram o Vale do Taquari em estado de aten\u00e7\u00e3o no \u00faltimo fim de semana de agosto.","og_url":"https:\/\/folhapopular.info\/index.php\/2026\/09\/02\/quando-a-previsao-do-tempo-nao-se-confirma\/","og_site_name":"Folha Popular","article_published_time":"2026-09-02T11:00:00+00:00","article_modified_time":"2026-09-02T12:16:06+00:00","og_image":[{"width":1280,"height":960,"url":"https:\/\/folhapopular.info\/wp-content\/uploads\/2026\/09\/Previsoes-tempo-evento-gaucho-2.webp","type":"image\/webp"}],"author":"Anderson Lopes","twitter_card":"summary_large_image","twitter_misc":{"Escrito por":"Anderson Lopes","Est. tempo de leitura":"4 minutos"},"schema":{"@context":"https:\/\/schema.org","@graph":[{"@type":"Article","@id":"https:\/\/folhapopular.info\/index.php\/2026\/09\/02\/quando-a-previsao-do-tempo-nao-se-confirma\/#article","isPartOf":{"@id":"https:\/\/folhapopular.info\/index.php\/2026\/09\/02\/quando-a-previsao-do-tempo-nao-se-confirma\/"},"author":{"name":"Anderson Lopes","@id":"https:\/\/folhapopular.info\/#\/schema\/person\/50fd7636116370b67381921e65092a49"},"headline":"Quando a previs\u00e3o do tempo n\u00e3o se confirma","datePublished":"2026-09-02T11:00:00+00:00","dateModified":"2026-09-02T12:16:06+00:00","mainEntityOfPage":{"@id":"https:\/\/folhapopular.info\/index.php\/2026\/09\/02\/quando-a-previsao-do-tempo-nao-se-confirma\/"},"wordCount":754,"commentCount":0,"image":{"@id":"https:\/\/folhapopular.info\/index.php\/2026\/09\/02\/quando-a-previsao-do-tempo-nao-se-confirma\/#primaryimage"},"thumbnailUrl":"https:\/\/folhapopular.info\/wp-content\/uploads\/2026\/09\/Previsoes-tempo-evento-gaucho-2.webp","keywords":["chuva","clima","Inmet","Previs\u00e3o do Tempo"],"articleSection":["Clima","Destaques","Geral"],"inLanguage":"pt-BR","potentialAction":[{"@type":"CommentAction","name":"Comment","target":["https:\/\/folhapopular.info\/index.php\/2026\/09\/02\/quando-a-previsao-do-tempo-nao-se-confirma\/#respond"]}]},{"@type":"WebPage","@id":"https:\/\/folhapopular.info\/index.php\/2026\/09\/02\/quando-a-previsao-do-tempo-nao-se-confirma\/","url":"https:\/\/folhapopular.info\/index.php\/2026\/09\/02\/quando-a-previsao-do-tempo-nao-se-confirma\/","name":"Quando a previs\u00e3o do tempo n\u00e3o se confirma - Folha Popular","isPartOf":{"@id":"https:\/\/folhapopular.info\/#website"},"primaryImageOfPage":{"@id":"https:\/\/folhapopular.info\/index.php\/2026\/09\/02\/quando-a-previsao-do-tempo-nao-se-confirma\/#primaryimage"},"image":{"@id":"https:\/\/folhapopular.info\/index.php\/2026\/09\/02\/quando-a-previsao-do-tempo-nao-se-confirma\/#primaryimage"},"thumbnailUrl":"https:\/\/folhapopular.info\/wp-content\/uploads\/2026\/09\/Previsoes-tempo-evento-gaucho-2.webp","datePublished":"2026-09-02T11:00:00+00:00","dateModified":"2026-09-02T12:16:06+00:00","author":{"@id":"https:\/\/folhapopular.info\/#\/schema\/person\/50fd7636116370b67381921e65092a49"},"description":"Previs\u00e3o de temporais severos e possibilidade de enchentes colocaram o Vale do Taquari em estado de aten\u00e7\u00e3o no \u00faltimo fim de semana de agosto.","breadcrumb":{"@id":"https:\/\/folhapopular.info\/index.php\/2026\/09\/02\/quando-a-previsao-do-tempo-nao-se-confirma\/#breadcrumb"},"inLanguage":"pt-BR","potentialAction":[{"@type":"ReadAction","target":["https:\/\/folhapopular.info\/index.php\/2026\/09\/02\/quando-a-previsao-do-tempo-nao-se-confirma\/"]}]},{"@type":"ImageObject","inLanguage":"pt-BR","@id":"https:\/\/folhapopular.info\/index.php\/2026\/09\/02\/quando-a-previsao-do-tempo-nao-se-confirma\/#primaryimage","url":"https:\/\/folhapopular.info\/wp-content\/uploads\/2026\/09\/Previsoes-tempo-evento-gaucho-2.webp","contentUrl":"https:\/\/folhapopular.info\/wp-content\/uploads\/2026\/09\/Previsoes-tempo-evento-gaucho-2.webp","width":1280,"height":960,"caption":"Acampamento farroupilha de Teut\u00f4nia ter\u00e1 \u00e1rea coberta, mas previs\u00f5es meteorol\u00f3gicas seguem fundamentais para o evento \/ Cr\u00e9dito: Anderson Lopes"},{"@type":"BreadcrumbList","@id":"https:\/\/folhapopular.info\/index.php\/2026\/09\/02\/quando-a-previsao-do-tempo-nao-se-confirma\/#breadcrumb","itemListElement":[{"@type":"ListItem","position":1,"name":"In\u00edcio","item":"https:\/\/folhapopular.info\/"},{"@type":"ListItem","position":2,"name":"Quando a previs\u00e3o do tempo n\u00e3o se confirma"}]},{"@type":"WebSite","@id":"https:\/\/folhapopular.info\/#website","url":"https:\/\/folhapopular.info\/","name":"Folha Popular","description":"Onde voc\u00ea tem vez e voz","potentialAction":[{"@type":"SearchAction","target":{"@type":"EntryPoint","urlTemplate":"https:\/\/folhapopular.info\/?s={search_term_string}"},"query-input":{"@type":"PropertyValueSpecification","valueRequired":true,"valueName":"search_term_string"}}],"inLanguage":"pt-BR"},{"@type":"Person","@id":"https:\/\/folhapopular.info\/#\/schema\/person\/50fd7636116370b67381921e65092a49","name":"Anderson Lopes","image":{"@type":"ImageObject","inLanguage":"pt-BR","@id":"https:\/\/folhapopular.info\/wp-content\/uploads\/2026\/06\/WhatsApp-Image-2026-06-16-at-22.08.50.webp","url":"https:\/\/folhapopular.info\/wp-content\/uploads\/2026\/06\/WhatsApp-Image-2026-06-16-at-22.08.50.webp","contentUrl":"https:\/\/folhapopular.info\/wp-content\/uploads\/2026\/06\/WhatsApp-Image-2026-06-16-at-22.08.50.webp","caption":"Anderson Lopes"},"url":"https:\/\/folhapopular.info\/index.php\/author\/anderson-lopes\/"}]}},"jetpack_sharing_enabled":true,"amp_enabled":true,"jetpack_featured_media_url":"https:\/\/folhapopular.info\/wp-content\/uploads\/2026\/09\/Previsoes-tempo-evento-gaucho-2.webp","_links":{"self":[{"href":"https:\/\/folhapopular.info\/index.php\/wp-json\/wp\/v2\/posts\/220148","targetHints":{"allow":["GET"]}}],"collection":[{"href":"https:\/\/folhapopular.info\/index.php\/wp-json\/wp\/v2\/posts"}],"about":[{"href":"https:\/\/folhapopular.info\/index.php\/wp-json\/wp\/v2\/types\/post"}],"author":[{"embeddable":true,"href":"https:\/\/folhapopular.info\/index.php\/wp-json\/wp\/v2\/users\/772"}],"replies":[{"embeddable":true,"href":"https:\/\/folhapopular.info\/index.php\/wp-json\/wp\/v2\/comments?post=220148"}],"version-history":[{"count":1,"href":"https:\/\/folhapopular.info\/index.php\/wp-json\/wp\/v2\/posts\/220148\/revisions"}],"predecessor-version":[{"id":220150,"href":"https:\/\/folhapopular.info\/index.php\/wp-json\/wp\/v2\/posts\/220148\/revisions\/220150"}],"wp:featuredmedia":[{"embeddable":true,"href":"https:\/\/folhapopular.info\/index.php\/wp-json\/wp\/v2\/media\/220149"}],"wp:attachment":[{"href":"https:\/\/folhapopular.info\/index.php\/wp-json\/wp\/v2\/media?parent=220148"}],"wp:term":[{"taxonomy":"category","embeddable":true,"href":"https:\/\/folhapopular.info\/index.php\/wp-json\/wp\/v2\/categories?post=220148"},{"taxonomy":"post_tag","embeddable":true,"href":"https:\/\/folhapopular.info\/index.php\/wp-json\/wp\/v2\/tags?post=220148"}],"curies":[{"name":"wp","href":"https:\/\/api.w.org\/{rel}","templated":true}]}}