{"id":220151,"date":"2026-09-02T10:00:00","date_gmt":"2026-09-02T13:00:00","guid":{"rendered":"https:\/\/folhapopular.info\/?p=220151"},"modified":"2026-09-02T10:07:23","modified_gmt":"2026-09-02T13:07:23","slug":"dia-de-cooperar-reuniu-comunidade-em-prol-do-hospital-ouro-branco","status":"publish","type":"post","link":"https:\/\/folhapopular.info\/index.php\/2026\/09\/02\/dia-de-cooperar-reuniu-comunidade-em-prol-do-hospital-ouro-branco\/","title":{"rendered":"Dia de Cooperar reuniu comunidade em prol do Hospital Ouro Branco"},"content":{"rendered":"\n<p class=\"wp-block-paragraph\">O Dia C de Cooperar reuniu sete cooperativas na tarde de s\u00e1bado (29\/9), no Gr\u00eamio Cultural e Recreativo Teutoniense, em Teut\u00f4nia. A a\u00e7\u00e3o foi realizada em benef\u00edcio do Polo de Sa\u00fade do Hospital Ouro Branco e contou com atividades para crian\u00e7as, brinquedos infl\u00e1veis, a\u00e7\u00f5es de entidades e empresas parceiras e participa\u00e7\u00e3o de representantes das cooperativas envolvidas. Al\u00e9m disso, houve a apresenta\u00e7\u00e3o da pe\u00e7a teatral \u201cDe gr\u00e3o em gr\u00e3o a gente muda o mundo\u201d, dirigida por Marcelo Brentano.<\/p>\n\n\n\n<p class=\"wp-block-paragraph\">Participaram da iniciativa Certel, Cooperagri, Cresol Ess\u00eancia, Languiru, Sicoob S\u00e3o Miguel, Sicredi Ouro Branco e Unimed Vales do Taquari e Rio Pardo (VTRP), com apoio do Sistema Ocergs. Mesmo com chuva, certa de 450 pessoas participaram das atividades, o n\u00famero n\u00e3o inclui o p\u00fablico que passou pelo espa\u00e7o exclusivamente para retirar as bandejas.<\/p>\n\n\n\n<p class=\"wp-block-paragraph\">Antes do Dia C, as cooperativas se mobilizaram dia 8 de agosto, quando 12 volunt\u00e1rios participaram de uma a\u00e7\u00e3o voltada \u00e0 arrecada\u00e7\u00e3o de alimentos n\u00e3o perec\u00edveis para o Hospital Ouro Branco. Ao todo, foram comercializadas 2.624 bandejas de doces e salgados, ao valor de R$ 20 cada e o lucro ser\u00e1 destinado \u00e0 casa de sa\u00fade. A mobiliza\u00e7\u00e3o tamb\u00e9m resultou na arrecada\u00e7\u00e3o de mais de 800 quilos de alimentos, entregues \u00e0 institui\u00e7\u00e3o.<\/p>\n\n\n\n<h2 class=\"wp-block-heading\"><strong>Intercoopera\u00e7\u00e3o<\/strong><\/h2>\n\n\n\n<p class=\"wp-block-paragraph\">Durante a programa\u00e7\u00e3o, representantes das cooperativas participantes falaram sobre o significado da iniciativa e a participa\u00e7\u00e3o das institui\u00e7\u00f5es na a\u00e7\u00e3o. O vice-presidente da Certel, Daniel Secchi, afirmou que a uni\u00e3o das cooperativas representa uma forma de transformar os resultados das institui\u00e7\u00f5es em a\u00e7\u00f5es sociais.<\/p>\n\n\n\n<p class=\"wp-block-paragraph\">\u201cQuando todas as cooperativas se juntam e fazem um momento, cooperar \u00e9 isso. \u00c9 transbordar o resultado dos nossos neg\u00f3cios, das nossas cooperativas em a\u00e7\u00f5es sociais\u201d, diz Secchi. Ele tamb\u00e9m destacou que a coopera\u00e7\u00e3o envolve a participa\u00e7\u00e3o das pessoas. E para a cooperativa \u00e9 essa for\u00e7a que traz resultados para a comunidade.<\/p>\n\n\n\n<p class=\"wp-block-paragraph\">A supervisora de Qualidade da Certel, Alana Dili, deu \u00eanfase na participa\u00e7\u00e3o conjunta de todos em uma oportunidade das cooperativas trabalharem em prol das comunidades. Na Languiru, a coordenadora de Recursos Humanos, Charline Dhein, observou a participa\u00e7\u00e3o da cooperativa na iniciativa. \u201cCooperar envolve o pensar na comunidade como um todo, prosperar a nossa regi\u00e3o. Nada \u00e9 poss\u00edvel de ser feito sem sa\u00fade\u201d, afirmou.<\/p>\n\n\n\n<p class=\"wp-block-paragraph\">Por falar em sa\u00fade, representando a Unimed Vales do Taquari e Rio Pardo, a consultora de vendas Carla Sulzbach associou a coopera\u00e7\u00e3o ao cuidado com as pessoas.\u201cPara a Unimed, cooperar \u00e9 cuidar uns dos outros. Esse \u00e9 o nosso prop\u00f3sito h\u00e1 mais de 55 anos\u201d, afirmou.<\/p>\n\n\n\n<p class=\"wp-block-paragraph\">Na Cresol Ess\u00eancia, o novo gerente da unidade de Teut\u00f4nia, Alisson Brum, elogiou a realiza\u00e7\u00e3o de atividades voltadas \u00e0 comunidade. Para ele, cooperar \u00e9: \u201cTirar do papel os projetos, n\u00e3o s\u00f3 em palavras, esse momento que n\u00f3s estamos proporcionando para o p\u00fablico, para todas as crian\u00e7as que est\u00e3o aqui, para a a\u00e7\u00e3o em prol do hospital\u201d, afirmou.<\/p>\n\n\n\n<p class=\"wp-block-paragraph\">A coopera\u00e7\u00e3o \u00e9 fortemente ligada ao voluntariado e isso que resulta em um evento beneficente unindo divers\u00e3o, doa\u00e7\u00e3o e a entrega a uma causa maior que \u00e9 a sa\u00fade da comunidade.<\/p>\n\n\n\n<p class=\"wp-block-paragraph\">Pelo Sicoob S\u00e3o Miguel, a gestora de Pessoa F\u00edsica, Tatieli Br\u00f6nstrup, definiu a coopera\u00e7\u00e3o como uma forma de atua\u00e7\u00e3o da institui\u00e7\u00e3o junto \u00e0 comunidade. \u201cCooperar para o Sicoob \u00e9 estar presente na sociedade, transformar a vida das pessoas, pensar no pr\u00f3ximo e pensar de qual forma, de qual modo as a\u00e7\u00f5es que o Sicoob est\u00e1 realizando, n\u00e3o somente na ag\u00eancia, mas tamb\u00e9m na comunidade, como a\u00e7\u00f5es como essa hoje do Dia C, v\u00e3o impactar e v\u00e3o transformar as pessoas\u201d, afirmou.<\/p>\n\n\n\n<figure class=\"wp-block-image size-large\"><img loading=\"lazy\" decoding=\"async\" width=\"1024\" height=\"768\" src=\"https:\/\/folhapopular.info\/wp-content\/uploads\/2026\/09\/O-lucro-d-venda-das-bandejas-sera-integralmente-repassado-ao-HOB_AO-1024x768.webp\" alt=\"\" class=\"wp-image-220158\" srcset=\"https:\/\/folhapopular.info\/wp-content\/uploads\/2026\/09\/O-lucro-d-venda-das-bandejas-sera-integralmente-repassado-ao-HOB_AO-1024x768.webp 1024w, https:\/\/folhapopular.info\/wp-content\/uploads\/2026\/09\/O-lucro-d-venda-das-bandejas-sera-integralmente-repassado-ao-HOB_AO-300x225.webp 300w, https:\/\/folhapopular.info\/wp-content\/uploads\/2026\/09\/O-lucro-d-venda-das-bandejas-sera-integralmente-repassado-ao-HOB_AO-768x576.webp 768w, https:\/\/folhapopular.info\/wp-content\/uploads\/2026\/09\/O-lucro-d-venda-das-bandejas-sera-integralmente-repassado-ao-HOB_AO-560x420.webp 560w, https:\/\/folhapopular.info\/wp-content\/uploads\/2026\/09\/O-lucro-d-venda-das-bandejas-sera-integralmente-repassado-ao-HOB_AO-80x60.webp 80w, https:\/\/folhapopular.info\/wp-content\/uploads\/2026\/09\/O-lucro-d-venda-das-bandejas-sera-integralmente-repassado-ao-HOB_AO-696x522.webp 696w, https:\/\/folhapopular.info\/wp-content\/uploads\/2026\/09\/O-lucro-d-venda-das-bandejas-sera-integralmente-repassado-ao-HOB_AO-1068x801.webp 1068w, https:\/\/folhapopular.info\/wp-content\/uploads\/2026\/09\/O-lucro-d-venda-das-bandejas-sera-integralmente-repassado-ao-HOB_AO.webp 1280w\" sizes=\"auto, (max-width: 1024px) 100vw, 1024px\" \/><figcaption class=\"wp-element-caption\">O lucro da venda das bandejas ser\u00e1 integralmente repassado ao HOB \/ Cr\u00e9dito: Ariana de Oliveira<\/figcaption><\/figure>\n\n\n\n<h2 class=\"wp-block-heading\"><strong>Hospital \u00e9 refer\u00eancia para 38 munic\u00edpios<\/strong><\/h2>\n\n\n\n<p class=\"wp-block-paragraph\">O diretor executivo do Hospital Ouro Branco, Gilson Silveira, acompanhou a programa\u00e7\u00e3o e destacou a participa\u00e7\u00e3o da comunidade e das cooperativas. \u201cRealmente a casa est\u00e1 cheia, sinal que a comunidade aceitou o convite, que as cooperativas se organizaram esse ano para esse evento t\u00e3o importante para o nosso hospital, que \u00e9 em prol do nosso Polo\u201d, afirmou.<\/p>\n\n\n\n<p class=\"wp-block-paragraph\">Entre as estruturas previstas est\u00e3o uma UTI adulta com 10 leitos, Ag\u00eancia Transfusional, Oncologia Ambulatorial, servi\u00e7os de Oftalmologia, Endoscopia e Colonoscopia, al\u00e9m de leitos para longa perman\u00eancia e amplia\u00e7\u00e3o da disponibilidade de vagas para pacientes do SUS, particulares e conv\u00eanios.<br><br><br><\/p>\n","protected":false},"excerpt":{"rendered":"<p>O Dia C de Cooperar reuniu sete cooperativas na tarde de s\u00e1bado (29\/9), no Gr\u00eamio Cultural e Recreativo Teutoniense, em Teut\u00f4nia. A a\u00e7\u00e3o foi realizada em benef\u00edcio do Polo de Sa\u00fade do Hospital Ouro Branco e contou com atividades para crian\u00e7as, brinquedos infl\u00e1veis, a\u00e7\u00f5es de entidades e empresas parceiras e participa\u00e7\u00e3o de representantes das cooperativas [&hellip;]<\/p>\n","protected":false},"author":707,"featured_media":220152,"comment_status":"open","ping_status":"open","sticky":false,"template":"","format":"standard","meta":{"pmpro_default_level":"","_jetpack_memberships_contains_paid_content":false,"footnotes":""},"categories":[2,3],"tags":[2303,226,12581,1185],"class_list":["post-220151","post","type-post","status-publish","format-standard","has-post-thumbnail","category-featured","category-geral","tag-cooperativismo","tag-dia-c","tag-dia-de-cooperar","tag-hospital-ouro-branco","pmpro-has-access"],"yoast_head":"<!-- This site is optimized with the Yoast SEO plugin v28.4 - https:\/\/yoast.com\/product\/yoast-seo-wordpress\/ -->\n<title>Dia de Cooperar reuniu comunidade em prol do Hospital Ouro Branco - Folha Popular<\/title>\n<meta name=\"description\" content=\"Dia de Cooperar ocorreu no Clube Teutoniense, com atividades para crian\u00e7as, arrecada\u00e7\u00e3o de alimentos e comercializa\u00e7\u00e3o de bandejas.\" \/>\n<meta name=\"robots\" content=\"index, follow, max-snippet:-1, max-image-preview:large, max-video-preview:-1\" \/>\n<link rel=\"canonical\" href=\"https:\/\/folhapopular.info\/index.php\/2026\/09\/02\/dia-de-cooperar-reuniu-comunidade-em-prol-do-hospital-ouro-branco\/\" \/>\n<meta property=\"og:locale\" content=\"pt_BR\" \/>\n<meta property=\"og:type\" content=\"article\" \/>\n<meta property=\"og:title\" content=\"Dia de Cooperar reuniu comunidade em prol do Hospital Ouro Branco - Folha Popular\" \/>\n<meta property=\"og:description\" content=\"Dia de Cooperar ocorreu no Clube Teutoniense, com atividades para crian\u00e7as, arrecada\u00e7\u00e3o de alimentos e comercializa\u00e7\u00e3o de bandejas.\" \/>\n<meta property=\"og:url\" content=\"https:\/\/folhapopular.info\/index.php\/2026\/09\/02\/dia-de-cooperar-reuniu-comunidade-em-prol-do-hospital-ouro-branco\/\" \/>\n<meta property=\"og:site_name\" content=\"Folha Popular\" \/>\n<meta property=\"article:published_time\" content=\"2026-09-02T13:00:00+00:00\" \/>\n<meta property=\"article:modified_time\" content=\"2026-09-02T13:07:23+00:00\" \/>\n<meta property=\"og:image\" content=\"https:\/\/folhapopular.info\/wp-content\/uploads\/2026\/09\/voluntarios-das-cooperativas.webp\" \/>\n\t<meta property=\"og:image:width\" content=\"1280\" \/>\n\t<meta property=\"og:image:height\" content=\"960\" \/>\n\t<meta property=\"og:image:type\" content=\"image\/webp\" \/>\n<meta name=\"author\" content=\"Ariana de Oliveira\" \/>\n<meta name=\"twitter:card\" content=\"summary_large_image\" \/>\n<meta name=\"twitter:label1\" content=\"Escrito por\" \/>\n\t<meta name=\"twitter:data1\" content=\"Ariana de Oliveira\" \/>\n\t<meta name=\"twitter:label2\" content=\"Est. tempo de leitura\" \/>\n\t<meta name=\"twitter:data2\" content=\"5 minutos\" \/>\n<script type=\"application\/ld+json\" class=\"yoast-schema-graph\">{\"@context\":\"https:\\\/\\\/schema.org\",\"@graph\":[{\"@type\":\"Article\",\"@id\":\"https:\\\/\\\/folhapopular.info\\\/index.php\\\/2026\\\/09\\\/02\\\/dia-de-cooperar-reuniu-comunidade-em-prol-do-hospital-ouro-branco\\\/#article\",\"isPartOf\":{\"@id\":\"https:\\\/\\\/folhapopular.info\\\/index.php\\\/2026\\\/09\\\/02\\\/dia-de-cooperar-reuniu-comunidade-em-prol-do-hospital-ouro-branco\\\/\"},\"author\":{\"name\":\"Ariana de Oliveira\",\"@id\":\"https:\\\/\\\/folhapopular.info\\\/#\\\/schema\\\/person\\\/e80d332e33633a6164933af03d7ee1b2\"},\"headline\":\"Dia de Cooperar reuniu comunidade em prol do Hospital Ouro Branco\",\"datePublished\":\"2026-09-02T13:00:00+00:00\",\"dateModified\":\"2026-09-02T13:07:23+00:00\",\"mainEntityOfPage\":{\"@id\":\"https:\\\/\\\/folhapopular.info\\\/index.php\\\/2026\\\/09\\\/02\\\/dia-de-cooperar-reuniu-comunidade-em-prol-do-hospital-ouro-branco\\\/\"},\"wordCount\":772,\"commentCount\":0,\"image\":{\"@id\":\"https:\\\/\\\/folhapopular.info\\\/index.php\\\/2026\\\/09\\\/02\\\/dia-de-cooperar-reuniu-comunidade-em-prol-do-hospital-ouro-branco\\\/#primaryimage\"},\"thumbnailUrl\":\"https:\\\/\\\/folhapopular.info\\\/wp-content\\\/uploads\\\/2026\\\/09\\\/voluntarios-das-cooperativas.webp\",\"keywords\":[\"cooperativismo\",\"Dia C\",\"dia de cooperar\",\"Hospital Ouro Branco\"],\"articleSection\":[\"Destaques\",\"Geral\"],\"inLanguage\":\"pt-BR\",\"potentialAction\":[{\"@type\":\"CommentAction\",\"name\":\"Comment\",\"target\":[\"https:\\\/\\\/folhapopular.info\\\/index.php\\\/2026\\\/09\\\/02\\\/dia-de-cooperar-reuniu-comunidade-em-prol-do-hospital-ouro-branco\\\/#respond\"]}]},{\"@type\":\"WebPage\",\"@id\":\"https:\\\/\\\/folhapopular.info\\\/index.php\\\/2026\\\/09\\\/02\\\/dia-de-cooperar-reuniu-comunidade-em-prol-do-hospital-ouro-branco\\\/\",\"url\":\"https:\\\/\\\/folhapopular.info\\\/index.php\\\/2026\\\/09\\\/02\\\/dia-de-cooperar-reuniu-comunidade-em-prol-do-hospital-ouro-branco\\\/\",\"name\":\"Dia de Cooperar reuniu comunidade em prol do Hospital Ouro Branco - Folha Popular\",\"isPartOf\":{\"@id\":\"https:\\\/\\\/folhapopular.info\\\/#website\"},\"primaryImageOfPage\":{\"@id\":\"https:\\\/\\\/folhapopular.info\\\/index.php\\\/2026\\\/09\\\/02\\\/dia-de-cooperar-reuniu-comunidade-em-prol-do-hospital-ouro-branco\\\/#primaryimage\"},\"image\":{\"@id\":\"https:\\\/\\\/folhapopular.info\\\/index.php\\\/2026\\\/09\\\/02\\\/dia-de-cooperar-reuniu-comunidade-em-prol-do-hospital-ouro-branco\\\/#primaryimage\"},\"thumbnailUrl\":\"https:\\\/\\\/folhapopular.info\\\/wp-content\\\/uploads\\\/2026\\\/09\\\/voluntarios-das-cooperativas.webp\",\"datePublished\":\"2026-09-02T13:00:00+00:00\",\"dateModified\":\"2026-09-02T13:07:23+00:00\",\"author\":{\"@id\":\"https:\\\/\\\/folhapopular.info\\\/#\\\/schema\\\/person\\\/e80d332e33633a6164933af03d7ee1b2\"},\"description\":\"Dia de Cooperar ocorreu no Clube Teutoniense, com atividades para crian\u00e7as, arrecada\u00e7\u00e3o de alimentos e comercializa\u00e7\u00e3o de bandejas.\",\"breadcrumb\":{\"@id\":\"https:\\\/\\\/folhapopular.info\\\/index.php\\\/2026\\\/09\\\/02\\\/dia-de-cooperar-reuniu-comunidade-em-prol-do-hospital-ouro-branco\\\/#breadcrumb\"},\"inLanguage\":\"pt-BR\",\"potentialAction\":[{\"@type\":\"ReadAction\",\"target\":[\"https:\\\/\\\/folhapopular.info\\\/index.php\\\/2026\\\/09\\\/02\\\/dia-de-cooperar-reuniu-comunidade-em-prol-do-hospital-ouro-branco\\\/\"]}]},{\"@type\":\"ImageObject\",\"inLanguage\":\"pt-BR\",\"@id\":\"https:\\\/\\\/folhapopular.info\\\/index.php\\\/2026\\\/09\\\/02\\\/dia-de-cooperar-reuniu-comunidade-em-prol-do-hospital-ouro-branco\\\/#primaryimage\",\"url\":\"https:\\\/\\\/folhapopular.info\\\/wp-content\\\/uploads\\\/2026\\\/09\\\/voluntarios-das-cooperativas.webp\",\"contentUrl\":\"https:\\\/\\\/folhapopular.info\\\/wp-content\\\/uploads\\\/2026\\\/09\\\/voluntarios-das-cooperativas.webp\",\"width\":1280,\"height\":960,\"caption\":\"Mais de 450 pessoas se mobilizaram no s\u00e1bado \\\/ Cr\u00e9dito: Ariana de Oliveira\"},{\"@type\":\"BreadcrumbList\",\"@id\":\"https:\\\/\\\/folhapopular.info\\\/index.php\\\/2026\\\/09\\\/02\\\/dia-de-cooperar-reuniu-comunidade-em-prol-do-hospital-ouro-branco\\\/#breadcrumb\",\"itemListElement\":[{\"@type\":\"ListItem\",\"position\":1,\"name\":\"In\u00edcio\",\"item\":\"https:\\\/\\\/folhapopular.info\\\/\"},{\"@type\":\"ListItem\",\"position\":2,\"name\":\"Dia de Cooperar reuniu comunidade em prol do Hospital Ouro Branco\"}]},{\"@type\":\"WebSite\",\"@id\":\"https:\\\/\\\/folhapopular.info\\\/#website\",\"url\":\"https:\\\/\\\/folhapopular.info\\\/\",\"name\":\"Folha Popular\",\"description\":\"Onde voc\u00ea tem vez e voz\",\"potentialAction\":[{\"@type\":\"SearchAction\",\"target\":{\"@type\":\"EntryPoint\",\"urlTemplate\":\"https:\\\/\\\/folhapopular.info\\\/?s={search_term_string}\"},\"query-input\":{\"@type\":\"PropertyValueSpecification\",\"valueRequired\":true,\"valueName\":\"search_term_string\"}}],\"inLanguage\":\"pt-BR\"},{\"@type\":\"Person\",\"@id\":\"https:\\\/\\\/folhapopular.info\\\/#\\\/schema\\\/person\\\/e80d332e33633a6164933af03d7ee1b2\",\"name\":\"Ariana de Oliveira\",\"image\":{\"@type\":\"ImageObject\",\"inLanguage\":\"pt-BR\",\"@id\":\"https:\\\/\\\/folhapopular.info\\\/wp-content\\\/uploads\\\/2026\\\/05\\\/file-_27_.webp\",\"url\":\"https:\\\/\\\/folhapopular.info\\\/wp-content\\\/uploads\\\/2026\\\/05\\\/file-_27_.webp\",\"contentUrl\":\"https:\\\/\\\/folhapopular.info\\\/wp-content\\\/uploads\\\/2026\\\/05\\\/file-_27_.webp\",\"caption\":\"Ariana de Oliveira\"},\"url\":\"https:\\\/\\\/folhapopular.info\\\/index.php\\\/author\\\/ariana-deoliveiragmail-com\\\/\"}]}<\/script>\n<!-- \/ Yoast SEO plugin. -->","yoast_head_json":{"title":"Dia de Cooperar reuniu comunidade em prol do Hospital Ouro Branco - Folha Popular","description":"Dia de Cooperar ocorreu no Clube Teutoniense, com atividades para crian\u00e7as, arrecada\u00e7\u00e3o de alimentos e comercializa\u00e7\u00e3o de bandejas.","robots":{"index":"index","follow":"follow","max-snippet":"max-snippet:-1","max-image-preview":"max-image-preview:large","max-video-preview":"max-video-preview:-1"},"canonical":"https:\/\/folhapopular.info\/index.php\/2026\/09\/02\/dia-de-cooperar-reuniu-comunidade-em-prol-do-hospital-ouro-branco\/","og_locale":"pt_BR","og_type":"article","og_title":"Dia de Cooperar reuniu comunidade em prol do Hospital Ouro Branco - Folha Popular","og_description":"Dia de Cooperar ocorreu no Clube Teutoniense, com atividades para crian\u00e7as, arrecada\u00e7\u00e3o de alimentos e comercializa\u00e7\u00e3o de bandejas.","og_url":"https:\/\/folhapopular.info\/index.php\/2026\/09\/02\/dia-de-cooperar-reuniu-comunidade-em-prol-do-hospital-ouro-branco\/","og_site_name":"Folha Popular","article_published_time":"2026-09-02T13:00:00+00:00","article_modified_time":"2026-09-02T13:07:23+00:00","og_image":[{"width":1280,"height":960,"url":"https:\/\/folhapopular.info\/wp-content\/uploads\/2026\/09\/voluntarios-das-cooperativas.webp","type":"image\/webp"}],"author":"Ariana de Oliveira","twitter_card":"summary_large_image","twitter_misc":{"Escrito por":"Ariana de Oliveira","Est. tempo de leitura":"5 minutos"},"schema":{"@context":"https:\/\/schema.org","@graph":[{"@type":"Article","@id":"https:\/\/folhapopular.info\/index.php\/2026\/09\/02\/dia-de-cooperar-reuniu-comunidade-em-prol-do-hospital-ouro-branco\/#article","isPartOf":{"@id":"https:\/\/folhapopular.info\/index.php\/2026\/09\/02\/dia-de-cooperar-reuniu-comunidade-em-prol-do-hospital-ouro-branco\/"},"author":{"name":"Ariana de Oliveira","@id":"https:\/\/folhapopular.info\/#\/schema\/person\/e80d332e33633a6164933af03d7ee1b2"},"headline":"Dia de Cooperar reuniu comunidade em prol do Hospital Ouro Branco","datePublished":"2026-09-02T13:00:00+00:00","dateModified":"2026-09-02T13:07:23+00:00","mainEntityOfPage":{"@id":"https:\/\/folhapopular.info\/index.php\/2026\/09\/02\/dia-de-cooperar-reuniu-comunidade-em-prol-do-hospital-ouro-branco\/"},"wordCount":772,"commentCount":0,"image":{"@id":"https:\/\/folhapopular.info\/index.php\/2026\/09\/02\/dia-de-cooperar-reuniu-comunidade-em-prol-do-hospital-ouro-branco\/#primaryimage"},"thumbnailUrl":"https:\/\/folhapopular.info\/wp-content\/uploads\/2026\/09\/voluntarios-das-cooperativas.webp","keywords":["cooperativismo","Dia C","dia de cooperar","Hospital Ouro Branco"],"articleSection":["Destaques","Geral"],"inLanguage":"pt-BR","potentialAction":[{"@type":"CommentAction","name":"Comment","target":["https:\/\/folhapopular.info\/index.php\/2026\/09\/02\/dia-de-cooperar-reuniu-comunidade-em-prol-do-hospital-ouro-branco\/#respond"]}]},{"@type":"WebPage","@id":"https:\/\/folhapopular.info\/index.php\/2026\/09\/02\/dia-de-cooperar-reuniu-comunidade-em-prol-do-hospital-ouro-branco\/","url":"https:\/\/folhapopular.info\/index.php\/2026\/09\/02\/dia-de-cooperar-reuniu-comunidade-em-prol-do-hospital-ouro-branco\/","name":"Dia de Cooperar reuniu comunidade em prol do Hospital Ouro Branco - Folha Popular","isPartOf":{"@id":"https:\/\/folhapopular.info\/#website"},"primaryImageOfPage":{"@id":"https:\/\/folhapopular.info\/index.php\/2026\/09\/02\/dia-de-cooperar-reuniu-comunidade-em-prol-do-hospital-ouro-branco\/#primaryimage"},"image":{"@id":"https:\/\/folhapopular.info\/index.php\/2026\/09\/02\/dia-de-cooperar-reuniu-comunidade-em-prol-do-hospital-ouro-branco\/#primaryimage"},"thumbnailUrl":"https:\/\/folhapopular.info\/wp-content\/uploads\/2026\/09\/voluntarios-das-cooperativas.webp","datePublished":"2026-09-02T13:00:00+00:00","dateModified":"2026-09-02T13:07:23+00:00","author":{"@id":"https:\/\/folhapopular.info\/#\/schema\/person\/e80d332e33633a6164933af03d7ee1b2"},"description":"Dia de Cooperar ocorreu no Clube Teutoniense, com atividades para crian\u00e7as, arrecada\u00e7\u00e3o de alimentos e comercializa\u00e7\u00e3o de bandejas.","breadcrumb":{"@id":"https:\/\/folhapopular.info\/index.php\/2026\/09\/02\/dia-de-cooperar-reuniu-comunidade-em-prol-do-hospital-ouro-branco\/#breadcrumb"},"inLanguage":"pt-BR","potentialAction":[{"@type":"ReadAction","target":["https:\/\/folhapopular.info\/index.php\/2026\/09\/02\/dia-de-cooperar-reuniu-comunidade-em-prol-do-hospital-ouro-branco\/"]}]},{"@type":"ImageObject","inLanguage":"pt-BR","@id":"https:\/\/folhapopular.info\/index.php\/2026\/09\/02\/dia-de-cooperar-reuniu-comunidade-em-prol-do-hospital-ouro-branco\/#primaryimage","url":"https:\/\/folhapopular.info\/wp-content\/uploads\/2026\/09\/voluntarios-das-cooperativas.webp","contentUrl":"https:\/\/folhapopular.info\/wp-content\/uploads\/2026\/09\/voluntarios-das-cooperativas.webp","width":1280,"height":960,"caption":"Mais de 450 pessoas se mobilizaram no s\u00e1bado \/ Cr\u00e9dito: Ariana de Oliveira"},{"@type":"BreadcrumbList","@id":"https:\/\/folhapopular.info\/index.php\/2026\/09\/02\/dia-de-cooperar-reuniu-comunidade-em-prol-do-hospital-ouro-branco\/#breadcrumb","itemListElement":[{"@type":"ListItem","position":1,"name":"In\u00edcio","item":"https:\/\/folhapopular.info\/"},{"@type":"ListItem","position":2,"name":"Dia de Cooperar reuniu comunidade em prol do Hospital Ouro Branco"}]},{"@type":"WebSite","@id":"https:\/\/folhapopular.info\/#website","url":"https:\/\/folhapopular.info\/","name":"Folha Popular","description":"Onde voc\u00ea tem vez e voz","potentialAction":[{"@type":"SearchAction","target":{"@type":"EntryPoint","urlTemplate":"https:\/\/folhapopular.info\/?s={search_term_string}"},"query-input":{"@type":"PropertyValueSpecification","valueRequired":true,"valueName":"search_term_string"}}],"inLanguage":"pt-BR"},{"@type":"Person","@id":"https:\/\/folhapopular.info\/#\/schema\/person\/e80d332e33633a6164933af03d7ee1b2","name":"Ariana de Oliveira","image":{"@type":"ImageObject","inLanguage":"pt-BR","@id":"https:\/\/folhapopular.info\/wp-content\/uploads\/2026\/05\/file-_27_.webp","url":"https:\/\/folhapopular.info\/wp-content\/uploads\/2026\/05\/file-_27_.webp","contentUrl":"https:\/\/folhapopular.info\/wp-content\/uploads\/2026\/05\/file-_27_.webp","caption":"Ariana de Oliveira"},"url":"https:\/\/folhapopular.info\/index.php\/author\/ariana-deoliveiragmail-com\/"}]}},"jetpack_sharing_enabled":true,"amp_enabled":true,"jetpack_featured_media_url":"https:\/\/folhapopular.info\/wp-content\/uploads\/2026\/09\/voluntarios-das-cooperativas.webp","_links":{"self":[{"href":"https:\/\/folhapopular.info\/index.php\/wp-json\/wp\/v2\/posts\/220151","targetHints":{"allow":["GET"]}}],"collection":[{"href":"https:\/\/folhapopular.info\/index.php\/wp-json\/wp\/v2\/posts"}],"about":[{"href":"https:\/\/folhapopular.info\/index.php\/wp-json\/wp\/v2\/types\/post"}],"author":[{"embeddable":true,"href":"https:\/\/folhapopular.info\/index.php\/wp-json\/wp\/v2\/users\/707"}],"replies":[{"embeddable":true,"href":"https:\/\/folhapopular.info\/index.php\/wp-json\/wp\/v2\/comments?post=220151"}],"version-history":[{"count":4,"href":"https:\/\/folhapopular.info\/index.php\/wp-json\/wp\/v2\/posts\/220151\/revisions"}],"predecessor-version":[{"id":220198,"href":"https:\/\/folhapopular.info\/index.php\/wp-json\/wp\/v2\/posts\/220151\/revisions\/220198"}],"wp:featuredmedia":[{"embeddable":true,"href":"https:\/\/folhapopular.info\/index.php\/wp-json\/wp\/v2\/media\/220152"}],"wp:attachment":[{"href":"https:\/\/folhapopular.info\/index.php\/wp-json\/wp\/v2\/media?parent=220151"}],"wp:term":[{"taxonomy":"category","embeddable":true,"href":"https:\/\/folhapopular.info\/index.php\/wp-json\/wp\/v2\/categories?post=220151"},{"taxonomy":"post_tag","embeddable":true,"href":"https:\/\/folhapopular.info\/index.php\/wp-json\/wp\/v2\/tags?post=220151"}],"curies":[{"name":"wp","href":"https:\/\/api.w.org\/{rel}","templated":true}]}}