{"id":220160,"date":"2026-09-02T12:00:00","date_gmt":"2026-09-02T15:00:00","guid":{"rendered":"https:\/\/folhapopular.info\/?p=220160"},"modified":"2026-09-02T12:55:47","modified_gmt":"2026-09-02T15:55:47","slug":"projeto-planeta-ecos-encerra-ciclo-de-apresentacoes-e-debates","status":"publish","type":"post","link":"https:\/\/folhapopular.info\/index.php\/2026\/09\/02\/projeto-planeta-ecos-encerra-ciclo-de-apresentacoes-e-debates\/","title":{"rendered":"Projeto Planeta Ecos encerra ciclo de apresenta\u00e7\u00f5es e debates"},"content":{"rendered":"\n<p class=\"wp-block-paragraph\">O projeto Planeta Ecos \u2013 A Noite Mais Longa do Mundo encerra, nesta quinta-feira (3\/9), em Lajeado, um ciclo de 13 anos de a\u00e7\u00f5es voltadas \u00e0 conscientiza\u00e7\u00e3o ambiental. A \u00faltima apresenta\u00e7\u00e3o do espet\u00e1culo adulto ocorre \u00e0s 19h, no Audit\u00f3rio do IFSul \u2013 Campus Lajeado, com entrada gratuita para a comunidade. A pe\u00e7a aborda o aquecimento global, os impactos das cat\u00e1strofes ambientais e o desequil\u00edbrio ecol\u00f3gico, relacionando a fic\u00e7\u00e3o \u00e0s experi\u00eancias vividas pela popula\u00e7\u00e3o do Vale do Taquari diante de eventos clim\u00e1ticos extremos.<\/p>\n\n\n\n<p class=\"wp-block-paragraph\">Coordenado pelo Teatro Social Tio Tony, em parceria com a Associa\u00e7\u00e3o Grito dos Exclu\u00eddos Continental, o projeto utiliza o teatro e atividades educativas como ferramentas para aproximar temas ambientais do cotidiano da popula\u00e7\u00e3o. Em 2026, a iniciativa passou por escolas, pra\u00e7as, feiras e outros espa\u00e7os comunit\u00e1rios de Lajeado, com foco na valoriza\u00e7\u00e3o do Rio Taquari, dos recursos h\u00eddricos e da biodiversidade local.<\/p>\n\n\n\n<p class=\"wp-block-paragraph\">A apresenta\u00e7\u00e3o desta quinta-feira ocorre na Rua Jo\u00e3o Goulart, 2150, no bairro Olarias. O espet\u00e1culo adulto \u00e9 considerado o encerramento oficial de um ciclo iniciado h\u00e1 13 anos.<\/p>\n\n\n\n<h2 class=\"wp-block-heading\"><strong>Teatro para conscientizar<\/strong><\/h2>\n\n\n\n<p class=\"wp-block-paragraph\">O projeto desenvolveu atividades voltadas principalmente ao p\u00fablico infantil. Foram realizadas 20 apresenta\u00e7\u00f5es gratuitas da pe\u00e7a \u201cO Serelepe e o Ti\u00e3o Lenhador\u201d em escolas p\u00fablicas, al\u00e9m de oficinas e a\u00e7\u00f5es educativas relacionadas \u00e0 sustentabilidade e \u00e0 preserva\u00e7\u00e3o ambiental.<\/p>\n\n\n\n<p class=\"wp-block-paragraph\">A proposta \u00e9 utilizar a linguagem art\u00edstica para facilitar a compreens\u00e3o de assuntos como preven\u00e7\u00e3o de desastres clim\u00e1ticos, descarte correto de res\u00edduos, sustentabilidade, preserva\u00e7\u00e3o dos recursos naturais e solidariedade coletiva.<\/p>\n\n\n\n<p class=\"wp-block-paragraph\">As a\u00e7\u00f5es tamb\u00e9m ultrapassaram os muros das escolas. Oficinas e interven\u00e7\u00f5es foram realizadas em pra\u00e7as e espa\u00e7os p\u00fablicos de Lajeado, aproximando as fam\u00edlias e a comunidade das discuss\u00f5es trabalhadas com os estudantes.<\/p>\n\n\n\n<h2 class=\"wp-block-heading\">\u201c<strong>Casa do Rio\u201d<\/strong><\/h2>\n\n\n\n<p class=\"wp-block-paragraph\">Entre as a\u00e7\u00f5es realizadas em 2026 esteve a performance \u201cCasa do Rio\u201d, que chegou \u00e0 sua 10\u00aa edi\u00e7\u00e3o durante a 20\u00aa Feira do Livro de Lajeado, na Pra\u00e7a da Matriz. A interven\u00e7\u00e3o buscou surpreender os visitantes e estimular a participa\u00e7\u00e3o direta do p\u00fablico. Em vez de apenas assistir, as pessoas eram convidadas a integrar a performance e assumir o papel de protagonistas da atividade.<\/p>\n\n\n\n<p class=\"wp-block-paragraph\">Para o diretor do espet\u00e1culo, Ant\u00f4nio Lopes, a intera\u00e7\u00e3o demonstra a import\u00e2ncia de aproximar a popula\u00e7\u00e3o das quest\u00f5es ambientais. \u201cDe uma forma muito r\u00e1pida e objetiva, conseguimos fazer parte de todo o trabalho. Eles interagiram, fizeram a pr\u00f3pria performance, viraram protagonistas e sa\u00edram daqui sens\u00edveis de que o rio nunca fez mal a ningu\u00e9m. \u00c9 a a\u00e7\u00e3o humana descoordenada que faz mal ao rio\u201d, avaliou.<\/p>\n\n\n\n<h2 class=\"wp-block-heading\"><strong>Hist\u00f3ria se conecta \u00e0s enchentes<\/strong><\/h2>\n\n\n\n<p class=\"wp-block-paragraph\">O espet\u00e1culo \u201cPlaneta Ecos &#8211; A Noite Mais Longa do Mundo\u201d foi escrito originalmente em 2005 por Ant\u00f4nio Lopes. O drama psicol\u00f3gico aborda quest\u00f5es relacionadas ao aquecimento global, \u00e0s cat\u00e1strofes ambientais e ao desequil\u00edbrio ecol\u00f3gico.<\/p>\n\n\n\n<p class=\"wp-block-paragraph\">O t\u00edtulo faz refer\u00eancia \u00e0s experi\u00eancias enfrentadas por pessoas durante eventos clim\u00e1ticos extremos, como situa\u00e7\u00f5es de isolamento em telhados durante per\u00edodos de chuva, frio e enchentes. A narrativa ganhou uma dimens\u00e3o ainda mais pr\u00f3xima da realidade ap\u00f3s as hist\u00f3ricas inunda\u00e7\u00f5es registradas no Vale do Taquari.<\/p>\n\n\n\n<p class=\"wp-block-paragraph\">Apesar de tratar de situa\u00e7\u00f5es dram\u00e1ticas, a proposta n\u00e3o \u00e9 provocar medo no p\u00fablico. A inten\u00e7\u00e3o \u00e9 estimular a reflex\u00e3o e mostrar que a preven\u00e7\u00e3o e a preserva\u00e7\u00e3o ambiental dependem de a\u00e7\u00f5es coletivas.<\/p>\n\n\n\n<h2 class=\"wp-block-heading\"><strong>Um ciclo de 13 anos<\/strong><\/h2>\n\n\n\n<p class=\"wp-block-paragraph\">O Planeta Ecos foi lan\u00e7ado em 5 de junho, Dia Mundial do Meio Ambiente, na Casa de Cultura de Lajeado. Ao longo de sua trajet\u00f3ria, o projeto passou a utilizar diferentes linguagens art\u00edsticas e atividades educativas para discutir a rela\u00e7\u00e3o entre sociedade e meio ambiente.<\/p>\n\n\n\n<p class=\"wp-block-paragraph\">A programa\u00e7\u00e3o de 2026 refor\u00e7ou essa proposta ao levar as discuss\u00f5es para diferentes territ\u00f3rios da cidade. Al\u00e9m das apresenta\u00e7\u00f5es teatrais nas escolas, as oficinas \u201cTeatro e Sustentabilidade nas Pra\u00e7as\u201d e a performance \u201cCasa do Rio\u201d ampliaram o alcance das atividades.<\/p>\n\n\n\n<p class=\"wp-block-paragraph\">O encerramento com \u201cA Noite Mais Longa do Mundo\u201d retoma os principais temas trabalhados pelo projeto e busca deixar uma mensagem sobre responsabilidade coletiva. A iniciativa defende que a preserva\u00e7\u00e3o do meio ambiente n\u00e3o est\u00e1 distante da rotina das pessoas, mas relacionada \u00e0s escolhas feitas diariamente e \u00e0 forma como a comunidade se relaciona com o territ\u00f3rio onde vive.<\/p>\n","protected":false},"excerpt":{"rendered":"<p>O projeto Planeta Ecos \u2013 A Noite Mais Longa do Mundo encerra, nesta quinta-feira (3\/9), em Lajeado, um ciclo de 13 anos de a\u00e7\u00f5es voltadas \u00e0 conscientiza\u00e7\u00e3o ambiental. A \u00faltima apresenta\u00e7\u00e3o do espet\u00e1culo adulto ocorre \u00e0s 19h, no Audit\u00f3rio do IFSul \u2013 Campus Lajeado, com entrada gratuita para a comunidade. A pe\u00e7a aborda o aquecimento [&hellip;]<\/p>\n","protected":false},"author":772,"featured_media":220161,"comment_status":"open","ping_status":"open","sticky":false,"template":"","format":"standard","meta":{"pmpro_default_level":"","_jetpack_memberships_contains_paid_content":false,"footnotes":""},"categories":[2,6],"tags":[21882,27,21881,19920],"class_list":["post-220160","post","type-post","status-publish","format-standard","has-post-thumbnail","category-featured","category-inclusive","tag-conscientizacao-ambiental","tag-lajeado","tag-planeta-ecos","tag-teatro-social","pmpro-has-access"],"yoast_head":"<!-- This site is optimized with the Yoast SEO plugin v28.4 - https:\/\/yoast.com\/product\/yoast-seo-wordpress\/ -->\n<title>Projeto Planeta Ecos encerra ciclo de apresenta\u00e7\u00f5es e debates - Folha Popular<\/title>\n<meta name=\"description\" content=\"O projeto Planeta Ecos \u2013 A Noite Mais Longa do Mundo encerra um ciclo de 13 anos de a\u00e7\u00f5es voltadas \u00e0 conscientiza\u00e7\u00e3o ambiental.\" \/>\n<meta name=\"robots\" content=\"index, follow, max-snippet:-1, max-image-preview:large, max-video-preview:-1\" \/>\n<link rel=\"canonical\" href=\"https:\/\/folhapopular.info\/index.php\/2026\/09\/02\/projeto-planeta-ecos-encerra-ciclo-de-apresentacoes-e-debates\/\" \/>\n<meta property=\"og:locale\" content=\"pt_BR\" \/>\n<meta property=\"og:type\" content=\"article\" \/>\n<meta property=\"og:title\" content=\"Projeto Planeta Ecos encerra ciclo de apresenta\u00e7\u00f5es e debates - Folha Popular\" \/>\n<meta property=\"og:description\" content=\"O projeto Planeta Ecos \u2013 A Noite Mais Longa do Mundo encerra um ciclo de 13 anos de a\u00e7\u00f5es voltadas \u00e0 conscientiza\u00e7\u00e3o ambiental.\" \/>\n<meta property=\"og:url\" content=\"https:\/\/folhapopular.info\/index.php\/2026\/09\/02\/projeto-planeta-ecos-encerra-ciclo-de-apresentacoes-e-debates\/\" \/>\n<meta property=\"og:site_name\" content=\"Folha Popular\" \/>\n<meta property=\"article:published_time\" content=\"2026-09-02T15:00:00+00:00\" \/>\n<meta property=\"article:modified_time\" content=\"2026-09-02T15:55:47+00:00\" \/>\n<meta property=\"og:image\" content=\"https:\/\/folhapopular.info\/wp-content\/uploads\/2026\/09\/Planeta-Ecos-scaled.webp\" \/>\n\t<meta property=\"og:image:width\" content=\"2560\" \/>\n\t<meta property=\"og:image:height\" content=\"1707\" \/>\n\t<meta property=\"og:image:type\" content=\"image\/webp\" \/>\n<meta name=\"author\" content=\"Anderson Lopes\" \/>\n<meta name=\"twitter:card\" content=\"summary_large_image\" \/>\n<meta name=\"twitter:label1\" content=\"Escrito por\" \/>\n\t<meta name=\"twitter:data1\" content=\"Anderson Lopes\" \/>\n\t<meta name=\"twitter:label2\" content=\"Est. tempo de leitura\" \/>\n\t<meta name=\"twitter:data2\" content=\"4 minutos\" \/>\n<script type=\"application\/ld+json\" class=\"yoast-schema-graph\">{\"@context\":\"https:\\\/\\\/schema.org\",\"@graph\":[{\"@type\":\"Article\",\"@id\":\"https:\\\/\\\/folhapopular.info\\\/index.php\\\/2026\\\/09\\\/02\\\/projeto-planeta-ecos-encerra-ciclo-de-apresentacoes-e-debates\\\/#article\",\"isPartOf\":{\"@id\":\"https:\\\/\\\/folhapopular.info\\\/index.php\\\/2026\\\/09\\\/02\\\/projeto-planeta-ecos-encerra-ciclo-de-apresentacoes-e-debates\\\/\"},\"author\":{\"name\":\"Anderson Lopes\",\"@id\":\"https:\\\/\\\/folhapopular.info\\\/#\\\/schema\\\/person\\\/50fd7636116370b67381921e65092a49\"},\"headline\":\"Projeto Planeta Ecos encerra ciclo de apresenta\u00e7\u00f5es e debates\",\"datePublished\":\"2026-09-02T15:00:00+00:00\",\"dateModified\":\"2026-09-02T15:55:47+00:00\",\"mainEntityOfPage\":{\"@id\":\"https:\\\/\\\/folhapopular.info\\\/index.php\\\/2026\\\/09\\\/02\\\/projeto-planeta-ecos-encerra-ciclo-de-apresentacoes-e-debates\\\/\"},\"wordCount\":765,\"commentCount\":0,\"image\":{\"@id\":\"https:\\\/\\\/folhapopular.info\\\/index.php\\\/2026\\\/09\\\/02\\\/projeto-planeta-ecos-encerra-ciclo-de-apresentacoes-e-debates\\\/#primaryimage\"},\"thumbnailUrl\":\"https:\\\/\\\/folhapopular.info\\\/wp-content\\\/uploads\\\/2026\\\/09\\\/Planeta-Ecos-scaled.webp\",\"keywords\":[\"Conscientiza\u00e7\u00e3o ambiental\",\"Lajeado\",\"Planeta Ecos\",\"Teatro social\"],\"articleSection\":[\"Destaques\",\"Inclusive\"],\"inLanguage\":\"pt-BR\",\"potentialAction\":[{\"@type\":\"CommentAction\",\"name\":\"Comment\",\"target\":[\"https:\\\/\\\/folhapopular.info\\\/index.php\\\/2026\\\/09\\\/02\\\/projeto-planeta-ecos-encerra-ciclo-de-apresentacoes-e-debates\\\/#respond\"]}]},{\"@type\":\"WebPage\",\"@id\":\"https:\\\/\\\/folhapopular.info\\\/index.php\\\/2026\\\/09\\\/02\\\/projeto-planeta-ecos-encerra-ciclo-de-apresentacoes-e-debates\\\/\",\"url\":\"https:\\\/\\\/folhapopular.info\\\/index.php\\\/2026\\\/09\\\/02\\\/projeto-planeta-ecos-encerra-ciclo-de-apresentacoes-e-debates\\\/\",\"name\":\"Projeto Planeta Ecos encerra ciclo de apresenta\u00e7\u00f5es e debates - Folha Popular\",\"isPartOf\":{\"@id\":\"https:\\\/\\\/folhapopular.info\\\/#website\"},\"primaryImageOfPage\":{\"@id\":\"https:\\\/\\\/folhapopular.info\\\/index.php\\\/2026\\\/09\\\/02\\\/projeto-planeta-ecos-encerra-ciclo-de-apresentacoes-e-debates\\\/#primaryimage\"},\"image\":{\"@id\":\"https:\\\/\\\/folhapopular.info\\\/index.php\\\/2026\\\/09\\\/02\\\/projeto-planeta-ecos-encerra-ciclo-de-apresentacoes-e-debates\\\/#primaryimage\"},\"thumbnailUrl\":\"https:\\\/\\\/folhapopular.info\\\/wp-content\\\/uploads\\\/2026\\\/09\\\/Planeta-Ecos-scaled.webp\",\"datePublished\":\"2026-09-02T15:00:00+00:00\",\"dateModified\":\"2026-09-02T15:55:47+00:00\",\"author\":{\"@id\":\"https:\\\/\\\/folhapopular.info\\\/#\\\/schema\\\/person\\\/50fd7636116370b67381921e65092a49\"},\"description\":\"O projeto Planeta Ecos \u2013 A Noite Mais Longa do Mundo encerra um ciclo de 13 anos de a\u00e7\u00f5es voltadas \u00e0 conscientiza\u00e7\u00e3o ambiental.\",\"breadcrumb\":{\"@id\":\"https:\\\/\\\/folhapopular.info\\\/index.php\\\/2026\\\/09\\\/02\\\/projeto-planeta-ecos-encerra-ciclo-de-apresentacoes-e-debates\\\/#breadcrumb\"},\"inLanguage\":\"pt-BR\",\"potentialAction\":[{\"@type\":\"ReadAction\",\"target\":[\"https:\\\/\\\/folhapopular.info\\\/index.php\\\/2026\\\/09\\\/02\\\/projeto-planeta-ecos-encerra-ciclo-de-apresentacoes-e-debates\\\/\"]}]},{\"@type\":\"ImageObject\",\"inLanguage\":\"pt-BR\",\"@id\":\"https:\\\/\\\/folhapopular.info\\\/index.php\\\/2026\\\/09\\\/02\\\/projeto-planeta-ecos-encerra-ciclo-de-apresentacoes-e-debates\\\/#primaryimage\",\"url\":\"https:\\\/\\\/folhapopular.info\\\/wp-content\\\/uploads\\\/2026\\\/09\\\/Planeta-Ecos-scaled.webp\",\"contentUrl\":\"https:\\\/\\\/folhapopular.info\\\/wp-content\\\/uploads\\\/2026\\\/09\\\/Planeta-Ecos-scaled.webp\",\"width\":2560,\"height\":1707,\"caption\":\"Espet\u00e1culo Planeta Ecos ser\u00e1 apresentado no audit\u00f3rio do IFSul, com entrada gratuita para a comunidade \\\/ Cr\u00e9dito: Anderson Lopes\"},{\"@type\":\"BreadcrumbList\",\"@id\":\"https:\\\/\\\/folhapopular.info\\\/index.php\\\/2026\\\/09\\\/02\\\/projeto-planeta-ecos-encerra-ciclo-de-apresentacoes-e-debates\\\/#breadcrumb\",\"itemListElement\":[{\"@type\":\"ListItem\",\"position\":1,\"name\":\"In\u00edcio\",\"item\":\"https:\\\/\\\/folhapopular.info\\\/\"},{\"@type\":\"ListItem\",\"position\":2,\"name\":\"Projeto Planeta Ecos encerra ciclo de apresenta\u00e7\u00f5es e debates\"}]},{\"@type\":\"WebSite\",\"@id\":\"https:\\\/\\\/folhapopular.info\\\/#website\",\"url\":\"https:\\\/\\\/folhapopular.info\\\/\",\"name\":\"Folha Popular\",\"description\":\"Onde voc\u00ea tem vez e voz\",\"potentialAction\":[{\"@type\":\"SearchAction\",\"target\":{\"@type\":\"EntryPoint\",\"urlTemplate\":\"https:\\\/\\\/folhapopular.info\\\/?s={search_term_string}\"},\"query-input\":{\"@type\":\"PropertyValueSpecification\",\"valueRequired\":true,\"valueName\":\"search_term_string\"}}],\"inLanguage\":\"pt-BR\"},{\"@type\":\"Person\",\"@id\":\"https:\\\/\\\/folhapopular.info\\\/#\\\/schema\\\/person\\\/50fd7636116370b67381921e65092a49\",\"name\":\"Anderson Lopes\",\"image\":{\"@type\":\"ImageObject\",\"inLanguage\":\"pt-BR\",\"@id\":\"https:\\\/\\\/folhapopular.info\\\/wp-content\\\/uploads\\\/2026\\\/06\\\/WhatsApp-Image-2026-06-16-at-22.08.50.webp\",\"url\":\"https:\\\/\\\/folhapopular.info\\\/wp-content\\\/uploads\\\/2026\\\/06\\\/WhatsApp-Image-2026-06-16-at-22.08.50.webp\",\"contentUrl\":\"https:\\\/\\\/folhapopular.info\\\/wp-content\\\/uploads\\\/2026\\\/06\\\/WhatsApp-Image-2026-06-16-at-22.08.50.webp\",\"caption\":\"Anderson Lopes\"},\"url\":\"https:\\\/\\\/folhapopular.info\\\/index.php\\\/author\\\/anderson-lopes\\\/\"}]}<\/script>\n<!-- \/ Yoast SEO plugin. -->","yoast_head_json":{"title":"Projeto Planeta Ecos encerra ciclo de apresenta\u00e7\u00f5es e debates - Folha Popular","description":"O projeto Planeta Ecos \u2013 A Noite Mais Longa do Mundo encerra um ciclo de 13 anos de a\u00e7\u00f5es voltadas \u00e0 conscientiza\u00e7\u00e3o ambiental.","robots":{"index":"index","follow":"follow","max-snippet":"max-snippet:-1","max-image-preview":"max-image-preview:large","max-video-preview":"max-video-preview:-1"},"canonical":"https:\/\/folhapopular.info\/index.php\/2026\/09\/02\/projeto-planeta-ecos-encerra-ciclo-de-apresentacoes-e-debates\/","og_locale":"pt_BR","og_type":"article","og_title":"Projeto Planeta Ecos encerra ciclo de apresenta\u00e7\u00f5es e debates - Folha Popular","og_description":"O projeto Planeta Ecos \u2013 A Noite Mais Longa do Mundo encerra um ciclo de 13 anos de a\u00e7\u00f5es voltadas \u00e0 conscientiza\u00e7\u00e3o ambiental.","og_url":"https:\/\/folhapopular.info\/index.php\/2026\/09\/02\/projeto-planeta-ecos-encerra-ciclo-de-apresentacoes-e-debates\/","og_site_name":"Folha Popular","article_published_time":"2026-09-02T15:00:00+00:00","article_modified_time":"2026-09-02T15:55:47+00:00","og_image":[{"width":2560,"height":1707,"url":"https:\/\/folhapopular.info\/wp-content\/uploads\/2026\/09\/Planeta-Ecos-scaled.webp","type":"image\/webp"}],"author":"Anderson Lopes","twitter_card":"summary_large_image","twitter_misc":{"Escrito por":"Anderson Lopes","Est. tempo de leitura":"4 minutos"},"schema":{"@context":"https:\/\/schema.org","@graph":[{"@type":"Article","@id":"https:\/\/folhapopular.info\/index.php\/2026\/09\/02\/projeto-planeta-ecos-encerra-ciclo-de-apresentacoes-e-debates\/#article","isPartOf":{"@id":"https:\/\/folhapopular.info\/index.php\/2026\/09\/02\/projeto-planeta-ecos-encerra-ciclo-de-apresentacoes-e-debates\/"},"author":{"name":"Anderson Lopes","@id":"https:\/\/folhapopular.info\/#\/schema\/person\/50fd7636116370b67381921e65092a49"},"headline":"Projeto Planeta Ecos encerra ciclo de apresenta\u00e7\u00f5es e debates","datePublished":"2026-09-02T15:00:00+00:00","dateModified":"2026-09-02T15:55:47+00:00","mainEntityOfPage":{"@id":"https:\/\/folhapopular.info\/index.php\/2026\/09\/02\/projeto-planeta-ecos-encerra-ciclo-de-apresentacoes-e-debates\/"},"wordCount":765,"commentCount":0,"image":{"@id":"https:\/\/folhapopular.info\/index.php\/2026\/09\/02\/projeto-planeta-ecos-encerra-ciclo-de-apresentacoes-e-debates\/#primaryimage"},"thumbnailUrl":"https:\/\/folhapopular.info\/wp-content\/uploads\/2026\/09\/Planeta-Ecos-scaled.webp","keywords":["Conscientiza\u00e7\u00e3o ambiental","Lajeado","Planeta Ecos","Teatro social"],"articleSection":["Destaques","Inclusive"],"inLanguage":"pt-BR","potentialAction":[{"@type":"CommentAction","name":"Comment","target":["https:\/\/folhapopular.info\/index.php\/2026\/09\/02\/projeto-planeta-ecos-encerra-ciclo-de-apresentacoes-e-debates\/#respond"]}]},{"@type":"WebPage","@id":"https:\/\/folhapopular.info\/index.php\/2026\/09\/02\/projeto-planeta-ecos-encerra-ciclo-de-apresentacoes-e-debates\/","url":"https:\/\/folhapopular.info\/index.php\/2026\/09\/02\/projeto-planeta-ecos-encerra-ciclo-de-apresentacoes-e-debates\/","name":"Projeto Planeta Ecos encerra ciclo de apresenta\u00e7\u00f5es e debates - Folha Popular","isPartOf":{"@id":"https:\/\/folhapopular.info\/#website"},"primaryImageOfPage":{"@id":"https:\/\/folhapopular.info\/index.php\/2026\/09\/02\/projeto-planeta-ecos-encerra-ciclo-de-apresentacoes-e-debates\/#primaryimage"},"image":{"@id":"https:\/\/folhapopular.info\/index.php\/2026\/09\/02\/projeto-planeta-ecos-encerra-ciclo-de-apresentacoes-e-debates\/#primaryimage"},"thumbnailUrl":"https:\/\/folhapopular.info\/wp-content\/uploads\/2026\/09\/Planeta-Ecos-scaled.webp","datePublished":"2026-09-02T15:00:00+00:00","dateModified":"2026-09-02T15:55:47+00:00","author":{"@id":"https:\/\/folhapopular.info\/#\/schema\/person\/50fd7636116370b67381921e65092a49"},"description":"O projeto Planeta Ecos \u2013 A Noite Mais Longa do Mundo encerra um ciclo de 13 anos de a\u00e7\u00f5es voltadas \u00e0 conscientiza\u00e7\u00e3o ambiental.","breadcrumb":{"@id":"https:\/\/folhapopular.info\/index.php\/2026\/09\/02\/projeto-planeta-ecos-encerra-ciclo-de-apresentacoes-e-debates\/#breadcrumb"},"inLanguage":"pt-BR","potentialAction":[{"@type":"ReadAction","target":["https:\/\/folhapopular.info\/index.php\/2026\/09\/02\/projeto-planeta-ecos-encerra-ciclo-de-apresentacoes-e-debates\/"]}]},{"@type":"ImageObject","inLanguage":"pt-BR","@id":"https:\/\/folhapopular.info\/index.php\/2026\/09\/02\/projeto-planeta-ecos-encerra-ciclo-de-apresentacoes-e-debates\/#primaryimage","url":"https:\/\/folhapopular.info\/wp-content\/uploads\/2026\/09\/Planeta-Ecos-scaled.webp","contentUrl":"https:\/\/folhapopular.info\/wp-content\/uploads\/2026\/09\/Planeta-Ecos-scaled.webp","width":2560,"height":1707,"caption":"Espet\u00e1culo Planeta Ecos ser\u00e1 apresentado no audit\u00f3rio do IFSul, com entrada gratuita para a comunidade \/ Cr\u00e9dito: Anderson Lopes"},{"@type":"BreadcrumbList","@id":"https:\/\/folhapopular.info\/index.php\/2026\/09\/02\/projeto-planeta-ecos-encerra-ciclo-de-apresentacoes-e-debates\/#breadcrumb","itemListElement":[{"@type":"ListItem","position":1,"name":"In\u00edcio","item":"https:\/\/folhapopular.info\/"},{"@type":"ListItem","position":2,"name":"Projeto Planeta Ecos encerra ciclo de apresenta\u00e7\u00f5es e debates"}]},{"@type":"WebSite","@id":"https:\/\/folhapopular.info\/#website","url":"https:\/\/folhapopular.info\/","name":"Folha Popular","description":"Onde voc\u00ea tem vez e voz","potentialAction":[{"@type":"SearchAction","target":{"@type":"EntryPoint","urlTemplate":"https:\/\/folhapopular.info\/?s={search_term_string}"},"query-input":{"@type":"PropertyValueSpecification","valueRequired":true,"valueName":"search_term_string"}}],"inLanguage":"pt-BR"},{"@type":"Person","@id":"https:\/\/folhapopular.info\/#\/schema\/person\/50fd7636116370b67381921e65092a49","name":"Anderson Lopes","image":{"@type":"ImageObject","inLanguage":"pt-BR","@id":"https:\/\/folhapopular.info\/wp-content\/uploads\/2026\/06\/WhatsApp-Image-2026-06-16-at-22.08.50.webp","url":"https:\/\/folhapopular.info\/wp-content\/uploads\/2026\/06\/WhatsApp-Image-2026-06-16-at-22.08.50.webp","contentUrl":"https:\/\/folhapopular.info\/wp-content\/uploads\/2026\/06\/WhatsApp-Image-2026-06-16-at-22.08.50.webp","caption":"Anderson Lopes"},"url":"https:\/\/folhapopular.info\/index.php\/author\/anderson-lopes\/"}]}},"jetpack_sharing_enabled":true,"amp_enabled":true,"jetpack_featured_media_url":"https:\/\/folhapopular.info\/wp-content\/uploads\/2026\/09\/Planeta-Ecos-scaled.webp","_links":{"self":[{"href":"https:\/\/folhapopular.info\/index.php\/wp-json\/wp\/v2\/posts\/220160","targetHints":{"allow":["GET"]}}],"collection":[{"href":"https:\/\/folhapopular.info\/index.php\/wp-json\/wp\/v2\/posts"}],"about":[{"href":"https:\/\/folhapopular.info\/index.php\/wp-json\/wp\/v2\/types\/post"}],"author":[{"embeddable":true,"href":"https:\/\/folhapopular.info\/index.php\/wp-json\/wp\/v2\/users\/772"}],"replies":[{"embeddable":true,"href":"https:\/\/folhapopular.info\/index.php\/wp-json\/wp\/v2\/comments?post=220160"}],"version-history":[{"count":1,"href":"https:\/\/folhapopular.info\/index.php\/wp-json\/wp\/v2\/posts\/220160\/revisions"}],"predecessor-version":[{"id":220162,"href":"https:\/\/folhapopular.info\/index.php\/wp-json\/wp\/v2\/posts\/220160\/revisions\/220162"}],"wp:featuredmedia":[{"embeddable":true,"href":"https:\/\/folhapopular.info\/index.php\/wp-json\/wp\/v2\/media\/220161"}],"wp:attachment":[{"href":"https:\/\/folhapopular.info\/index.php\/wp-json\/wp\/v2\/media?parent=220160"}],"wp:term":[{"taxonomy":"category","embeddable":true,"href":"https:\/\/folhapopular.info\/index.php\/wp-json\/wp\/v2\/categories?post=220160"},{"taxonomy":"post_tag","embeddable":true,"href":"https:\/\/folhapopular.info\/index.php\/wp-json\/wp\/v2\/tags?post=220160"}],"curies":[{"name":"wp","href":"https:\/\/api.w.org\/{rel}","templated":true}]}}