{"id":220165,"date":"2026-09-02T07:00:00","date_gmt":"2026-09-02T10:00:00","guid":{"rendered":"https:\/\/folhapopular.info\/?p=220165"},"modified":"2026-09-02T09:17:36","modified_gmt":"2026-09-02T12:17:36","slug":"novo-conjunto-de-semaforos-comeca-a-funcionar-em-canabarro","status":"publish","type":"post","link":"https:\/\/folhapopular.info\/index.php\/2026\/09\/02\/novo-conjunto-de-semaforos-comeca-a-funcionar-em-canabarro\/","title":{"rendered":"Novo conjunto de sem\u00e1foros come\u00e7a a funcionar em Canabarro"},"content":{"rendered":"\n<p class=\"wp-block-paragraph\">Um novo conjunto de sem\u00e1foros come\u00e7ou a funcionar na manh\u00e3 desta ter\u00e7a-feira (1\u00ba\/9), no cruzamento da Rua Dom Pedro II com a Rua Arnaldo Krug, no Bairro Canabarro, em Teut\u00f4nia. A instala\u00e7\u00e3o ocorre em um ponto de intenso movimento de ve\u00edculos e pedestres, especialmente pela proximidade com o Col\u00e9gio Cenecista General Canabarro e do Centro Avan\u00e7ado de Sa\u00fade (CAS). Ainda h\u00e1 fluxo de trabalhadores da Cal\u00e7ados Beira Rio.<\/p>\n\n\n\n<p class=\"wp-block-paragraph\">A mudan\u00e7a busca organizar o tr\u00e2nsito no local e oferecer mais seguran\u00e7a para quem circula pela regi\u00e3o. Durante os primeiros dias de funcionamento, equipes do Departamento de Tr\u00e2nsito acompanhar\u00e3o o movimento e orientar\u00e3o os condutores sobre a nova sinaliza\u00e7\u00e3o.<\/p>\n\n\n\n<p class=\"wp-block-paragraph\">Para a diretora da escola, Graziela Cristina Lorencet Malmann, a principal preocupa\u00e7\u00e3o \u00e9 a seguran\u00e7a dos estudantes. De acordo com ela, a Rua Dom Pedro II concentra um fluxo expressivo n\u00e3o apenas de pais e familiares que levam os alunos \u00e0 escola, mas tamb\u00e9m de moradores que utilizam a via como liga\u00e7\u00e3o entre diferentes bairros.<\/p>\n\n\n\n<p class=\"wp-block-paragraph\">Para Graziela, a adapta\u00e7\u00e3o \u00e0 novidade exige aten\u00e7\u00e3o de todos. \u201cParticipar disso significa se reeducar. Toda mudan\u00e7a cria um desconforto, gira em torno de uma mudan\u00e7a comportamental\u201d, observa.<\/p>\n\n\n\n<h2 class=\"wp-block-heading\"><strong>Per\u00edodo de adapta\u00e7\u00e3o<\/strong><\/h2>\n\n\n\n<p class=\"wp-block-paragraph\">O diretor do Departamento de Tr\u00e2nsito de Teut\u00f4nia, Roger Lagemann, explica que a instala\u00e7\u00e3o foi resultado de avalia\u00e7\u00f5es realizadas ao longo do tempo e tamb\u00e9m de solicita\u00e7\u00f5es de moradores da regi\u00e3o. O equipamento foi planejado para auxiliar na organiza\u00e7\u00e3o do fluxo e contribuir para a redu\u00e7\u00e3o de sinistros no cruzamento.<\/p>\n\n\n\n<p class=\"wp-block-paragraph\">Neste in\u00edcio, a orienta\u00e7\u00e3o \u00e9 que os motoristas tenham paci\u00eancia e aten\u00e7\u00e3o redobrada. O sem\u00e1foro possui um ciclo programado, com aproximadamente 15 segundos de sinal aberto e cerca de 30 segundos de sinal fechado. Os tempos foram definidos a partir de um estudo realizado para considerar o fluxo de ve\u00edculos no local.<\/p>\n\n\n\n<p class=\"wp-block-paragraph\">\u201cA gente pede muita cautela neste momento, que \u00e9 um per\u00edodo de adapta\u00e7\u00e3o\u201d, destaca Roger. Ele tamb\u00e9m lembra que a regi\u00e3o possui circula\u00e7\u00e3o escolar e refor\u00e7a o respeito ao limite de velocidade de 30 km\/h.<\/p>\n\n\n\n<h2 class=\"wp-block-heading\"><strong>Mais seguran\u00e7a para pedestres<\/strong><\/h2>\n\n\n\n<p class=\"wp-block-paragraph\">Quem trabalha nas proximidades tamb\u00e9m percebe a mudan\u00e7a positiva. A gerente das Farm\u00e1cias Associadas, Stefani Vieira Mello, conta que a passagem de pedestres era uma preocupa\u00e7\u00e3o frequente antes da instala\u00e7\u00e3o do equipamento. \u201cToda semana tinha um acidente diferente\u201d, relata. Para ela, a nova sinaliza\u00e7\u00e3o proporciona mais tranquilidade para quem precisa atravessar a via.<\/p>\n\n\n\n<p class=\"wp-block-paragraph\">Com o in\u00edcio do funcionamento, a expectativa \u00e9 de que motoristas, pedestres e moradores se adaptem gradualmente \u00e0 nova din\u00e2mica do cruzamento. A orienta\u00e7\u00e3o do Departamento de Tr\u00e2nsito \u00e9 para que todos respeitem a sinaliza\u00e7\u00e3o e redobrem a aten\u00e7\u00e3o, principalmente por se tratar de uma \u00e1rea com circula\u00e7\u00e3o de estudantes.<\/p>\n","protected":false},"excerpt":{"rendered":"<p>Um novo conjunto de sem\u00e1foros come\u00e7ou a funcionar na manh\u00e3 desta ter\u00e7a-feira (1\u00ba\/9), no cruzamento da Rua Dom Pedro II com a Rua Arnaldo Krug, no Bairro Canabarro, em Teut\u00f4nia. A instala\u00e7\u00e3o ocorre em um ponto de intenso movimento de ve\u00edculos e pedestres, especialmente pela proximidade com o Col\u00e9gio Cenecista General Canabarro e do Centro [&hellip;]<\/p>\n","protected":false},"author":782,"featured_media":220166,"comment_status":"open","ping_status":"open","sticky":false,"template":"","format":"standard","meta":{"pmpro_default_level":"","_jetpack_memberships_contains_paid_content":false,"footnotes":""},"categories":[2,3],"tags":[216,10673,26,113],"class_list":["post-220165","post","type-post","status-publish","format-standard","has-post-thumbnail","category-featured","category-geral","tag-bairro-canabarro","tag-semaforo","tag-teutonia","tag-transito","pmpro-has-access"],"yoast_head":"<!-- This site is optimized with the Yoast SEO plugin v28.4 - https:\/\/yoast.com\/product\/yoast-seo-wordpress\/ -->\n<title>Novo conjunto de sem\u00e1foros come\u00e7a a funcionar em Canabarro - Folha Popular<\/title>\n<meta name=\"description\" content=\"Sem\u00e1foro foi instalado no cruzamento das ruas Dom Pedro II e Arnaldo Krug e busca organizar o fluxo e ampliar a seguran\u00e7a no entorno\" \/>\n<meta name=\"robots\" content=\"index, follow, max-snippet:-1, max-image-preview:large, max-video-preview:-1\" \/>\n<link rel=\"canonical\" href=\"https:\/\/folhapopular.info\/index.php\/2026\/09\/02\/novo-conjunto-de-semaforos-comeca-a-funcionar-em-canabarro\/\" \/>\n<meta property=\"og:locale\" content=\"pt_BR\" \/>\n<meta property=\"og:type\" content=\"article\" \/>\n<meta property=\"og:title\" content=\"Novo conjunto de sem\u00e1foros come\u00e7a a funcionar em Canabarro - Folha Popular\" \/>\n<meta property=\"og:description\" content=\"Sem\u00e1foro foi instalado no cruzamento das ruas Dom Pedro II e Arnaldo Krug e busca organizar o fluxo e ampliar a seguran\u00e7a no entorno\" \/>\n<meta property=\"og:url\" content=\"https:\/\/folhapopular.info\/index.php\/2026\/09\/02\/novo-conjunto-de-semaforos-comeca-a-funcionar-em-canabarro\/\" \/>\n<meta property=\"og:site_name\" content=\"Folha Popular\" \/>\n<meta property=\"article:published_time\" content=\"2026-09-02T10:00:00+00:00\" \/>\n<meta property=\"article:modified_time\" content=\"2026-09-02T12:17:36+00:00\" \/>\n<meta property=\"og:image\" content=\"https:\/\/folhapopular.info\/wp-content\/uploads\/2026\/09\/Equipamento-passou-a-funcionar-apartir-das-6h-desta-terca-feira-1o9_RZ.webp\" \/>\n\t<meta property=\"og:image:width\" content=\"1280\" \/>\n\t<meta property=\"og:image:height\" content=\"960\" \/>\n\t<meta property=\"og:image:type\" content=\"image\/webp\" \/>\n<meta name=\"author\" content=\"Rafaela Zappaz\" \/>\n<meta name=\"twitter:card\" content=\"summary_large_image\" \/>\n<meta name=\"twitter:label1\" content=\"Escrito por\" \/>\n\t<meta name=\"twitter:data1\" content=\"Rafaela Zappaz\" \/>\n\t<meta name=\"twitter:label2\" content=\"Est. tempo de leitura\" \/>\n\t<meta name=\"twitter:data2\" content=\"3 minutos\" \/>\n<script type=\"application\/ld+json\" class=\"yoast-schema-graph\">{\"@context\":\"https:\\\/\\\/schema.org\",\"@graph\":[{\"@type\":\"Article\",\"@id\":\"https:\\\/\\\/folhapopular.info\\\/index.php\\\/2026\\\/09\\\/02\\\/novo-conjunto-de-semaforos-comeca-a-funcionar-em-canabarro\\\/#article\",\"isPartOf\":{\"@id\":\"https:\\\/\\\/folhapopular.info\\\/index.php\\\/2026\\\/09\\\/02\\\/novo-conjunto-de-semaforos-comeca-a-funcionar-em-canabarro\\\/\"},\"author\":{\"name\":\"Rafaela Zappaz\",\"@id\":\"https:\\\/\\\/folhapopular.info\\\/#\\\/schema\\\/person\\\/87aa1d7488478bf03a40dc0a852db19d\"},\"headline\":\"Novo conjunto de sem\u00e1foros come\u00e7a a funcionar em Canabarro\",\"datePublished\":\"2026-09-02T10:00:00+00:00\",\"dateModified\":\"2026-09-02T12:17:36+00:00\",\"mainEntityOfPage\":{\"@id\":\"https:\\\/\\\/folhapopular.info\\\/index.php\\\/2026\\\/09\\\/02\\\/novo-conjunto-de-semaforos-comeca-a-funcionar-em-canabarro\\\/\"},\"wordCount\":501,\"commentCount\":0,\"image\":{\"@id\":\"https:\\\/\\\/folhapopular.info\\\/index.php\\\/2026\\\/09\\\/02\\\/novo-conjunto-de-semaforos-comeca-a-funcionar-em-canabarro\\\/#primaryimage\"},\"thumbnailUrl\":\"https:\\\/\\\/folhapopular.info\\\/wp-content\\\/uploads\\\/2026\\\/09\\\/Equipamento-passou-a-funcionar-apartir-das-6h-desta-terca-feira-1o9_RZ.webp\",\"keywords\":[\"Bairro Canabarro\",\"sem\u00e1foro\",\"Teut\u00f4nia\",\"Tr\u00e2nsito\"],\"articleSection\":[\"Destaques\",\"Geral\"],\"inLanguage\":\"pt-BR\",\"potentialAction\":[{\"@type\":\"CommentAction\",\"name\":\"Comment\",\"target\":[\"https:\\\/\\\/folhapopular.info\\\/index.php\\\/2026\\\/09\\\/02\\\/novo-conjunto-de-semaforos-comeca-a-funcionar-em-canabarro\\\/#respond\"]}]},{\"@type\":\"WebPage\",\"@id\":\"https:\\\/\\\/folhapopular.info\\\/index.php\\\/2026\\\/09\\\/02\\\/novo-conjunto-de-semaforos-comeca-a-funcionar-em-canabarro\\\/\",\"url\":\"https:\\\/\\\/folhapopular.info\\\/index.php\\\/2026\\\/09\\\/02\\\/novo-conjunto-de-semaforos-comeca-a-funcionar-em-canabarro\\\/\",\"name\":\"Novo conjunto de sem\u00e1foros come\u00e7a a funcionar em Canabarro - Folha Popular\",\"isPartOf\":{\"@id\":\"https:\\\/\\\/folhapopular.info\\\/#website\"},\"primaryImageOfPage\":{\"@id\":\"https:\\\/\\\/folhapopular.info\\\/index.php\\\/2026\\\/09\\\/02\\\/novo-conjunto-de-semaforos-comeca-a-funcionar-em-canabarro\\\/#primaryimage\"},\"image\":{\"@id\":\"https:\\\/\\\/folhapopular.info\\\/index.php\\\/2026\\\/09\\\/02\\\/novo-conjunto-de-semaforos-comeca-a-funcionar-em-canabarro\\\/#primaryimage\"},\"thumbnailUrl\":\"https:\\\/\\\/folhapopular.info\\\/wp-content\\\/uploads\\\/2026\\\/09\\\/Equipamento-passou-a-funcionar-apartir-das-6h-desta-terca-feira-1o9_RZ.webp\",\"datePublished\":\"2026-09-02T10:00:00+00:00\",\"dateModified\":\"2026-09-02T12:17:36+00:00\",\"author\":{\"@id\":\"https:\\\/\\\/folhapopular.info\\\/#\\\/schema\\\/person\\\/87aa1d7488478bf03a40dc0a852db19d\"},\"description\":\"Sem\u00e1foro foi instalado no cruzamento das ruas Dom Pedro II e Arnaldo Krug e busca organizar o fluxo e ampliar a seguran\u00e7a no entorno\",\"breadcrumb\":{\"@id\":\"https:\\\/\\\/folhapopular.info\\\/index.php\\\/2026\\\/09\\\/02\\\/novo-conjunto-de-semaforos-comeca-a-funcionar-em-canabarro\\\/#breadcrumb\"},\"inLanguage\":\"pt-BR\",\"potentialAction\":[{\"@type\":\"ReadAction\",\"target\":[\"https:\\\/\\\/folhapopular.info\\\/index.php\\\/2026\\\/09\\\/02\\\/novo-conjunto-de-semaforos-comeca-a-funcionar-em-canabarro\\\/\"]}]},{\"@type\":\"ImageObject\",\"inLanguage\":\"pt-BR\",\"@id\":\"https:\\\/\\\/folhapopular.info\\\/index.php\\\/2026\\\/09\\\/02\\\/novo-conjunto-de-semaforos-comeca-a-funcionar-em-canabarro\\\/#primaryimage\",\"url\":\"https:\\\/\\\/folhapopular.info\\\/wp-content\\\/uploads\\\/2026\\\/09\\\/Equipamento-passou-a-funcionar-apartir-das-6h-desta-terca-feira-1o9_RZ.webp\",\"contentUrl\":\"https:\\\/\\\/folhapopular.info\\\/wp-content\\\/uploads\\\/2026\\\/09\\\/Equipamento-passou-a-funcionar-apartir-das-6h-desta-terca-feira-1o9_RZ.webp\",\"width\":1280,\"height\":960,\"caption\":\"Equipamento passou a funcionar apartir das 6h desta ter\u00e7a-feira \\\/ Cr\u00e9dito: Rafaela Zappaz\"},{\"@type\":\"BreadcrumbList\",\"@id\":\"https:\\\/\\\/folhapopular.info\\\/index.php\\\/2026\\\/09\\\/02\\\/novo-conjunto-de-semaforos-comeca-a-funcionar-em-canabarro\\\/#breadcrumb\",\"itemListElement\":[{\"@type\":\"ListItem\",\"position\":1,\"name\":\"In\u00edcio\",\"item\":\"https:\\\/\\\/folhapopular.info\\\/\"},{\"@type\":\"ListItem\",\"position\":2,\"name\":\"Novo conjunto de sem\u00e1foros come\u00e7a a funcionar em Canabarro\"}]},{\"@type\":\"WebSite\",\"@id\":\"https:\\\/\\\/folhapopular.info\\\/#website\",\"url\":\"https:\\\/\\\/folhapopular.info\\\/\",\"name\":\"Folha Popular\",\"description\":\"Onde voc\u00ea tem vez e voz\",\"potentialAction\":[{\"@type\":\"SearchAction\",\"target\":{\"@type\":\"EntryPoint\",\"urlTemplate\":\"https:\\\/\\\/folhapopular.info\\\/?s={search_term_string}\"},\"query-input\":{\"@type\":\"PropertyValueSpecification\",\"valueRequired\":true,\"valueName\":\"search_term_string\"}}],\"inLanguage\":\"pt-BR\"},{\"@type\":\"Person\",\"@id\":\"https:\\\/\\\/folhapopular.info\\\/#\\\/schema\\\/person\\\/87aa1d7488478bf03a40dc0a852db19d\",\"name\":\"Rafaela Zappaz\",\"image\":{\"@type\":\"ImageObject\",\"inLanguage\":\"pt-BR\",\"@id\":\"https:\\\/\\\/secure.gravatar.com\\\/avatar\\\/7b6259df2b1311e565e2e930bcf599e41eca901dc1e0e850d699f28cc7ea8de8?s=96&d=mm&r=g\",\"url\":\"https:\\\/\\\/secure.gravatar.com\\\/avatar\\\/7b6259df2b1311e565e2e930bcf599e41eca901dc1e0e850d699f28cc7ea8de8?s=96&d=mm&r=g\",\"contentUrl\":\"https:\\\/\\\/secure.gravatar.com\\\/avatar\\\/7b6259df2b1311e565e2e930bcf599e41eca901dc1e0e850d699f28cc7ea8de8?s=96&d=mm&r=g\",\"caption\":\"Rafaela Zappaz\"},\"url\":\"https:\\\/\\\/folhapopular.info\\\/index.php\\\/author\\\/rafaela-zappaz\\\/\"}]}<\/script>\n<!-- \/ Yoast SEO plugin. -->","yoast_head_json":{"title":"Novo conjunto de sem\u00e1foros come\u00e7a a funcionar em Canabarro - Folha Popular","description":"Sem\u00e1foro foi instalado no cruzamento das ruas Dom Pedro II e Arnaldo Krug e busca organizar o fluxo e ampliar a seguran\u00e7a no entorno","robots":{"index":"index","follow":"follow","max-snippet":"max-snippet:-1","max-image-preview":"max-image-preview:large","max-video-preview":"max-video-preview:-1"},"canonical":"https:\/\/folhapopular.info\/index.php\/2026\/09\/02\/novo-conjunto-de-semaforos-comeca-a-funcionar-em-canabarro\/","og_locale":"pt_BR","og_type":"article","og_title":"Novo conjunto de sem\u00e1foros come\u00e7a a funcionar em Canabarro - Folha Popular","og_description":"Sem\u00e1foro foi instalado no cruzamento das ruas Dom Pedro II e Arnaldo Krug e busca organizar o fluxo e ampliar a seguran\u00e7a no entorno","og_url":"https:\/\/folhapopular.info\/index.php\/2026\/09\/02\/novo-conjunto-de-semaforos-comeca-a-funcionar-em-canabarro\/","og_site_name":"Folha Popular","article_published_time":"2026-09-02T10:00:00+00:00","article_modified_time":"2026-09-02T12:17:36+00:00","og_image":[{"width":1280,"height":960,"url":"https:\/\/folhapopular.info\/wp-content\/uploads\/2026\/09\/Equipamento-passou-a-funcionar-apartir-das-6h-desta-terca-feira-1o9_RZ.webp","type":"image\/webp"}],"author":"Rafaela Zappaz","twitter_card":"summary_large_image","twitter_misc":{"Escrito por":"Rafaela Zappaz","Est. tempo de leitura":"3 minutos"},"schema":{"@context":"https:\/\/schema.org","@graph":[{"@type":"Article","@id":"https:\/\/folhapopular.info\/index.php\/2026\/09\/02\/novo-conjunto-de-semaforos-comeca-a-funcionar-em-canabarro\/#article","isPartOf":{"@id":"https:\/\/folhapopular.info\/index.php\/2026\/09\/02\/novo-conjunto-de-semaforos-comeca-a-funcionar-em-canabarro\/"},"author":{"name":"Rafaela Zappaz","@id":"https:\/\/folhapopular.info\/#\/schema\/person\/87aa1d7488478bf03a40dc0a852db19d"},"headline":"Novo conjunto de sem\u00e1foros come\u00e7a a funcionar em Canabarro","datePublished":"2026-09-02T10:00:00+00:00","dateModified":"2026-09-02T12:17:36+00:00","mainEntityOfPage":{"@id":"https:\/\/folhapopular.info\/index.php\/2026\/09\/02\/novo-conjunto-de-semaforos-comeca-a-funcionar-em-canabarro\/"},"wordCount":501,"commentCount":0,"image":{"@id":"https:\/\/folhapopular.info\/index.php\/2026\/09\/02\/novo-conjunto-de-semaforos-comeca-a-funcionar-em-canabarro\/#primaryimage"},"thumbnailUrl":"https:\/\/folhapopular.info\/wp-content\/uploads\/2026\/09\/Equipamento-passou-a-funcionar-apartir-das-6h-desta-terca-feira-1o9_RZ.webp","keywords":["Bairro Canabarro","sem\u00e1foro","Teut\u00f4nia","Tr\u00e2nsito"],"articleSection":["Destaques","Geral"],"inLanguage":"pt-BR","potentialAction":[{"@type":"CommentAction","name":"Comment","target":["https:\/\/folhapopular.info\/index.php\/2026\/09\/02\/novo-conjunto-de-semaforos-comeca-a-funcionar-em-canabarro\/#respond"]}]},{"@type":"WebPage","@id":"https:\/\/folhapopular.info\/index.php\/2026\/09\/02\/novo-conjunto-de-semaforos-comeca-a-funcionar-em-canabarro\/","url":"https:\/\/folhapopular.info\/index.php\/2026\/09\/02\/novo-conjunto-de-semaforos-comeca-a-funcionar-em-canabarro\/","name":"Novo conjunto de sem\u00e1foros come\u00e7a a funcionar em Canabarro - Folha Popular","isPartOf":{"@id":"https:\/\/folhapopular.info\/#website"},"primaryImageOfPage":{"@id":"https:\/\/folhapopular.info\/index.php\/2026\/09\/02\/novo-conjunto-de-semaforos-comeca-a-funcionar-em-canabarro\/#primaryimage"},"image":{"@id":"https:\/\/folhapopular.info\/index.php\/2026\/09\/02\/novo-conjunto-de-semaforos-comeca-a-funcionar-em-canabarro\/#primaryimage"},"thumbnailUrl":"https:\/\/folhapopular.info\/wp-content\/uploads\/2026\/09\/Equipamento-passou-a-funcionar-apartir-das-6h-desta-terca-feira-1o9_RZ.webp","datePublished":"2026-09-02T10:00:00+00:00","dateModified":"2026-09-02T12:17:36+00:00","author":{"@id":"https:\/\/folhapopular.info\/#\/schema\/person\/87aa1d7488478bf03a40dc0a852db19d"},"description":"Sem\u00e1foro foi instalado no cruzamento das ruas Dom Pedro II e Arnaldo Krug e busca organizar o fluxo e ampliar a seguran\u00e7a no entorno","breadcrumb":{"@id":"https:\/\/folhapopular.info\/index.php\/2026\/09\/02\/novo-conjunto-de-semaforos-comeca-a-funcionar-em-canabarro\/#breadcrumb"},"inLanguage":"pt-BR","potentialAction":[{"@type":"ReadAction","target":["https:\/\/folhapopular.info\/index.php\/2026\/09\/02\/novo-conjunto-de-semaforos-comeca-a-funcionar-em-canabarro\/"]}]},{"@type":"ImageObject","inLanguage":"pt-BR","@id":"https:\/\/folhapopular.info\/index.php\/2026\/09\/02\/novo-conjunto-de-semaforos-comeca-a-funcionar-em-canabarro\/#primaryimage","url":"https:\/\/folhapopular.info\/wp-content\/uploads\/2026\/09\/Equipamento-passou-a-funcionar-apartir-das-6h-desta-terca-feira-1o9_RZ.webp","contentUrl":"https:\/\/folhapopular.info\/wp-content\/uploads\/2026\/09\/Equipamento-passou-a-funcionar-apartir-das-6h-desta-terca-feira-1o9_RZ.webp","width":1280,"height":960,"caption":"Equipamento passou a funcionar apartir das 6h desta ter\u00e7a-feira \/ Cr\u00e9dito: Rafaela Zappaz"},{"@type":"BreadcrumbList","@id":"https:\/\/folhapopular.info\/index.php\/2026\/09\/02\/novo-conjunto-de-semaforos-comeca-a-funcionar-em-canabarro\/#breadcrumb","itemListElement":[{"@type":"ListItem","position":1,"name":"In\u00edcio","item":"https:\/\/folhapopular.info\/"},{"@type":"ListItem","position":2,"name":"Novo conjunto de sem\u00e1foros come\u00e7a a funcionar em Canabarro"}]},{"@type":"WebSite","@id":"https:\/\/folhapopular.info\/#website","url":"https:\/\/folhapopular.info\/","name":"Folha Popular","description":"Onde voc\u00ea tem vez e voz","potentialAction":[{"@type":"SearchAction","target":{"@type":"EntryPoint","urlTemplate":"https:\/\/folhapopular.info\/?s={search_term_string}"},"query-input":{"@type":"PropertyValueSpecification","valueRequired":true,"valueName":"search_term_string"}}],"inLanguage":"pt-BR"},{"@type":"Person","@id":"https:\/\/folhapopular.info\/#\/schema\/person\/87aa1d7488478bf03a40dc0a852db19d","name":"Rafaela Zappaz","image":{"@type":"ImageObject","inLanguage":"pt-BR","@id":"https:\/\/secure.gravatar.com\/avatar\/7b6259df2b1311e565e2e930bcf599e41eca901dc1e0e850d699f28cc7ea8de8?s=96&d=mm&r=g","url":"https:\/\/secure.gravatar.com\/avatar\/7b6259df2b1311e565e2e930bcf599e41eca901dc1e0e850d699f28cc7ea8de8?s=96&d=mm&r=g","contentUrl":"https:\/\/secure.gravatar.com\/avatar\/7b6259df2b1311e565e2e930bcf599e41eca901dc1e0e850d699f28cc7ea8de8?s=96&d=mm&r=g","caption":"Rafaela Zappaz"},"url":"https:\/\/folhapopular.info\/index.php\/author\/rafaela-zappaz\/"}]}},"jetpack_sharing_enabled":true,"amp_enabled":true,"jetpack_featured_media_url":"https:\/\/folhapopular.info\/wp-content\/uploads\/2026\/09\/Equipamento-passou-a-funcionar-apartir-das-6h-desta-terca-feira-1o9_RZ.webp","_links":{"self":[{"href":"https:\/\/folhapopular.info\/index.php\/wp-json\/wp\/v2\/posts\/220165","targetHints":{"allow":["GET"]}}],"collection":[{"href":"https:\/\/folhapopular.info\/index.php\/wp-json\/wp\/v2\/posts"}],"about":[{"href":"https:\/\/folhapopular.info\/index.php\/wp-json\/wp\/v2\/types\/post"}],"author":[{"embeddable":true,"href":"https:\/\/folhapopular.info\/index.php\/wp-json\/wp\/v2\/users\/782"}],"replies":[{"embeddable":true,"href":"https:\/\/folhapopular.info\/index.php\/wp-json\/wp\/v2\/comments?post=220165"}],"version-history":[{"count":1,"href":"https:\/\/folhapopular.info\/index.php\/wp-json\/wp\/v2\/posts\/220165\/revisions"}],"predecessor-version":[{"id":220167,"href":"https:\/\/folhapopular.info\/index.php\/wp-json\/wp\/v2\/posts\/220165\/revisions\/220167"}],"wp:featuredmedia":[{"embeddable":true,"href":"https:\/\/folhapopular.info\/index.php\/wp-json\/wp\/v2\/media\/220166"}],"wp:attachment":[{"href":"https:\/\/folhapopular.info\/index.php\/wp-json\/wp\/v2\/media?parent=220165"}],"wp:term":[{"taxonomy":"category","embeddable":true,"href":"https:\/\/folhapopular.info\/index.php\/wp-json\/wp\/v2\/categories?post=220165"},{"taxonomy":"post_tag","embeddable":true,"href":"https:\/\/folhapopular.info\/index.php\/wp-json\/wp\/v2\/tags?post=220165"}],"curies":[{"name":"wp","href":"https:\/\/api.w.org\/{rel}","templated":true}]}}