{"id":220180,"date":"2026-09-02T16:00:00","date_gmt":"2026-09-02T19:00:00","guid":{"rendered":"https:\/\/folhapopular.info\/?p=220180"},"modified":"2026-09-02T09:06:00","modified_gmt":"2026-09-02T12:06:00","slug":"joana-conquista-o-palco-e-celebra-uma-trajetoria-de-dedicacao","status":"publish","type":"post","link":"https:\/\/folhapopular.info\/index.php\/2026\/09\/02\/joana-conquista-o-palco-e-celebra-uma-trajetoria-de-dedicacao\/","title":{"rendered":"Joana conquista o palco e celebra uma trajet\u00f3ria de dedica\u00e7\u00e3o"},"content":{"rendered":"\n<p class=\"wp-block-paragraph\">A m\u00fasica acompanha Joana Maria Konrath da Silva desde a inf\u00e2ncia. Aos 13 anos, a jovem, que mora em Lajeado e \u00e9 natural de Estrela, conquistou o 1\u00ba lugar na categoria infantil do Festival Popular da Can\u00e7\u00e3o. A vit\u00f3ria ocorreu na final disputada dia 21 de agosto, no audit\u00f3rio do Col\u00e9gio Teut\u00f4nia, com a apresenta\u00e7\u00e3o de \u201cMerceditas\u201d, de Ana Castela.<\/p>\n\n\n\n<p class=\"wp-block-paragraph\">A conquista encerra uma trajet\u00f3ria de evolu\u00e7\u00e3o dentro da competi\u00e7\u00e3o. Joana participa pela primeira vez do festival em 2023 e ficou em 3\u00ba lugar. Em 2024, retornou ao palco e conquistou a 2\u00aa coloca\u00e7\u00e3o. Ap\u00f3s uma pausa em 2025, a terceira participa\u00e7\u00e3o foi em 2026 e ela alcan\u00e7ou a 1\u00aa posi\u00e7\u00e3o.<\/p>\n\n\n\n<p class=\"wp-block-paragraph\">Ao ouvir seu nome anunciado como campe\u00e3, Joana conta que sentiu uma grande felicidade, especialmente por todo o empenho dedicado \u00e0 prepara\u00e7\u00e3o. \u201cFiquei muito feliz, pois me esforcei muito para esse festival e escolhi as m\u00fasicas com carinho e pensando em todos os p\u00fablicos\u201d, destaca.<\/p>\n\n\n\n<p class=\"wp-block-paragraph\">A fam\u00edlia acompanha de perto cada etapa dessa caminhada. Al\u00e9m de estar presente durante o processo de prepara\u00e7\u00e3o, os familiares s\u00e3o uma importante fonte de incentivo para Joana. Por isso, a vit\u00f3ria tamb\u00e9m \u00e9 comemorada por eles, que ficaram orgulhosos com o resultado alcan\u00e7ado.<\/p>\n\n\n\n<h2 class=\"wp-block-heading\"><strong>Paix\u00e3o de inf\u00e2ncia<\/strong><\/h2>\n\n\n\n<p class=\"wp-block-paragraph\">O interesse pela m\u00fasica come\u00e7ou cedo. Joana diz que gosta de cantar desde pequena e sua rela\u00e7\u00e3o com a m\u00fasica n\u00e3o surgiu necessariamente pela influ\u00eancia de algu\u00e9m, mas pelos momentos em que sente uma conex\u00e3o especial com ela.<\/p>\n\n\n\n<p class=\"wp-block-paragraph\">Aos poucos, o que iniciou como uma paix\u00e3o tamb\u00e9m passou a ser visto como um poss\u00edvel caminho profissional. Joana pretende seguir carreira na m\u00fasica e reconhece que ainda tem muito a aprender e desafios pela frente. Mesmo assim, afirma estar disposta a continuar se dedicando ao que ama. \u201cPara mim, a m\u00fasica significa a minha vida, ela \u00e9 um sentimento e faz parte de mim\u201d, ressalta.<\/p>\n\n\n\n<p class=\"wp-block-paragraph\">Entre as experi\u00eancias que mais marcaram sua trajet\u00f3ria est\u00e1 uma apresenta\u00e7\u00e3o realizada quando tinha apenas 9 anos. Na ocasi\u00e3o, Joana subiu ao palco ao lado de Maiara e Mara\u00edsa e se apresentou para um p\u00fablico de mais de 3 mil pessoas.<\/p>\n\n\n\n<p class=\"wp-block-paragraph\">A experi\u00eancia permanece como uma lembran\u00e7a especial e ajuda a fortalecer a certeza de que deseja seguir na m\u00fasica. Para uma menina ainda t\u00e3o jovem, estar diante de uma plateia daquele tamanho representa um momento decisivo em sua carreira. \u201cFoi uma experi\u00eancia muito especial e que me fez ter certeza de que seguirei nessa \u00e1rea\u201d, ressalta.<\/p>\n\n\n\n<p class=\"wp-block-paragraph\">Quatro anos depois daquela apresenta\u00e7\u00e3o, Joana volta a viver uma noite especial no palco. Desta vez, a emo\u00e7\u00e3o vem acompanhada de um trof\u00e9u e do reconhecimento como campe\u00e3 da categoria Infantil do 6\u00ba Festival Popular da Can\u00e7\u00e3o.<\/p>\n","protected":false},"excerpt":{"rendered":"<p>A m\u00fasica acompanha Joana Maria Konrath da Silva desde a inf\u00e2ncia. Aos 13 anos, a jovem, que mora em Lajeado e \u00e9 natural de Estrela, conquistou o 1\u00ba lugar na categoria infantil do Festival Popular da Can\u00e7\u00e3o. A vit\u00f3ria ocorreu na final disputada dia 21 de agosto, no audit\u00f3rio do Col\u00e9gio Teut\u00f4nia, com a apresenta\u00e7\u00e3o [&hellip;]<\/p>\n","protected":false},"author":782,"featured_media":220181,"comment_status":"open","ping_status":"open","sticky":false,"template":"","format":"standard","meta":{"pmpro_default_level":"","_jetpack_memberships_contains_paid_content":false,"footnotes":""},"categories":[2,6],"tags":[20953,4445,21886,4846],"class_list":["post-220180","post","type-post","status-publish","format-standard","has-post-thumbnail","category-featured","category-inclusive","tag-6o-festival-popular-da-cancao","tag-festival-popular-da-cancao","tag-joana-maria-konrath-da-silva","tag-musica-2","pmpro-has-access"],"yoast_head":"<!-- This site is optimized with the Yoast SEO plugin v28.4 - https:\/\/yoast.com\/product\/yoast-seo-wordpress\/ -->\n<title>Joana conquista o palco e celebra uma trajet\u00f3ria de dedica\u00e7\u00e3o - Folha Popular<\/title>\n<meta name=\"robots\" content=\"index, follow, max-snippet:-1, max-image-preview:large, max-video-preview:-1\" \/>\n<link rel=\"canonical\" href=\"https:\/\/folhapopular.info\/index.php\/2026\/09\/02\/joana-conquista-o-palco-e-celebra-uma-trajetoria-de-dedicacao\/\" \/>\n<meta property=\"og:locale\" content=\"pt_BR\" \/>\n<meta property=\"og:type\" content=\"article\" \/>\n<meta property=\"og:title\" content=\"Joana conquista o palco e celebra uma trajet\u00f3ria de dedica\u00e7\u00e3o - Folha Popular\" \/>\n<meta property=\"og:description\" content=\"A m\u00fasica acompanha Joana Maria Konrath da Silva desde a inf\u00e2ncia. Aos 13 anos, a jovem, que mora em Lajeado e \u00e9 natural de Estrela, conquistou o 1\u00ba lugar na categoria infantil do Festival Popular da Can\u00e7\u00e3o. A vit\u00f3ria ocorreu na final disputada dia 21 de agosto, no audit\u00f3rio do Col\u00e9gio Teut\u00f4nia, com a apresenta\u00e7\u00e3o [&hellip;]\" \/>\n<meta property=\"og:url\" content=\"https:\/\/folhapopular.info\/index.php\/2026\/09\/02\/joana-conquista-o-palco-e-celebra-uma-trajetoria-de-dedicacao\/\" \/>\n<meta property=\"og:site_name\" content=\"Folha Popular\" \/>\n<meta property=\"article:published_time\" content=\"2026-09-02T19:00:00+00:00\" \/>\n<meta property=\"og:image\" content=\"https:\/\/folhapopular.info\/wp-content\/uploads\/2026\/09\/DSC_5743-scaled.webp\" \/>\n\t<meta property=\"og:image:width\" content=\"2560\" \/>\n\t<meta property=\"og:image:height\" content=\"1696\" \/>\n\t<meta property=\"og:image:type\" content=\"image\/webp\" \/>\n<meta name=\"author\" content=\"Rafaela Zappaz\" \/>\n<meta name=\"twitter:card\" content=\"summary_large_image\" \/>\n<meta name=\"twitter:label1\" content=\"Escrito por\" \/>\n\t<meta name=\"twitter:data1\" content=\"Rafaela Zappaz\" \/>\n\t<meta name=\"twitter:label2\" content=\"Est. tempo de leitura\" \/>\n\t<meta name=\"twitter:data2\" content=\"3 minutos\" \/>\n<script type=\"application\/ld+json\" class=\"yoast-schema-graph\">{\"@context\":\"https:\\\/\\\/schema.org\",\"@graph\":[{\"@type\":\"Article\",\"@id\":\"https:\\\/\\\/folhapopular.info\\\/index.php\\\/2026\\\/09\\\/02\\\/joana-conquista-o-palco-e-celebra-uma-trajetoria-de-dedicacao\\\/#article\",\"isPartOf\":{\"@id\":\"https:\\\/\\\/folhapopular.info\\\/index.php\\\/2026\\\/09\\\/02\\\/joana-conquista-o-palco-e-celebra-uma-trajetoria-de-dedicacao\\\/\"},\"author\":{\"name\":\"Rafaela Zappaz\",\"@id\":\"https:\\\/\\\/folhapopular.info\\\/#\\\/schema\\\/person\\\/87aa1d7488478bf03a40dc0a852db19d\"},\"headline\":\"Joana conquista o palco e celebra uma trajet\u00f3ria de dedica\u00e7\u00e3o\",\"datePublished\":\"2026-09-02T19:00:00+00:00\",\"mainEntityOfPage\":{\"@id\":\"https:\\\/\\\/folhapopular.info\\\/index.php\\\/2026\\\/09\\\/02\\\/joana-conquista-o-palco-e-celebra-uma-trajetoria-de-dedicacao\\\/\"},\"wordCount\":492,\"commentCount\":0,\"image\":{\"@id\":\"https:\\\/\\\/folhapopular.info\\\/index.php\\\/2026\\\/09\\\/02\\\/joana-conquista-o-palco-e-celebra-uma-trajetoria-de-dedicacao\\\/#primaryimage\"},\"thumbnailUrl\":\"https:\\\/\\\/folhapopular.info\\\/wp-content\\\/uploads\\\/2026\\\/09\\\/DSC_5743-scaled.webp\",\"keywords\":[\"6\u00ba Festival Popular da Can\u00e7\u00e3o\",\"Festival Popular da Can\u00e7\u00e3o\",\"Joana Maria Konrath da Silva\",\"M\u00fasica\"],\"articleSection\":[\"Destaques\",\"Inclusive\"],\"inLanguage\":\"pt-BR\",\"potentialAction\":[{\"@type\":\"CommentAction\",\"name\":\"Comment\",\"target\":[\"https:\\\/\\\/folhapopular.info\\\/index.php\\\/2026\\\/09\\\/02\\\/joana-conquista-o-palco-e-celebra-uma-trajetoria-de-dedicacao\\\/#respond\"]}]},{\"@type\":\"WebPage\",\"@id\":\"https:\\\/\\\/folhapopular.info\\\/index.php\\\/2026\\\/09\\\/02\\\/joana-conquista-o-palco-e-celebra-uma-trajetoria-de-dedicacao\\\/\",\"url\":\"https:\\\/\\\/folhapopular.info\\\/index.php\\\/2026\\\/09\\\/02\\\/joana-conquista-o-palco-e-celebra-uma-trajetoria-de-dedicacao\\\/\",\"name\":\"Joana conquista o palco e celebra uma trajet\u00f3ria de dedica\u00e7\u00e3o - Folha Popular\",\"isPartOf\":{\"@id\":\"https:\\\/\\\/folhapopular.info\\\/#website\"},\"primaryImageOfPage\":{\"@id\":\"https:\\\/\\\/folhapopular.info\\\/index.php\\\/2026\\\/09\\\/02\\\/joana-conquista-o-palco-e-celebra-uma-trajetoria-de-dedicacao\\\/#primaryimage\"},\"image\":{\"@id\":\"https:\\\/\\\/folhapopular.info\\\/index.php\\\/2026\\\/09\\\/02\\\/joana-conquista-o-palco-e-celebra-uma-trajetoria-de-dedicacao\\\/#primaryimage\"},\"thumbnailUrl\":\"https:\\\/\\\/folhapopular.info\\\/wp-content\\\/uploads\\\/2026\\\/09\\\/DSC_5743-scaled.webp\",\"datePublished\":\"2026-09-02T19:00:00+00:00\",\"author\":{\"@id\":\"https:\\\/\\\/folhapopular.info\\\/#\\\/schema\\\/person\\\/87aa1d7488478bf03a40dc0a852db19d\"},\"breadcrumb\":{\"@id\":\"https:\\\/\\\/folhapopular.info\\\/index.php\\\/2026\\\/09\\\/02\\\/joana-conquista-o-palco-e-celebra-uma-trajetoria-de-dedicacao\\\/#breadcrumb\"},\"inLanguage\":\"pt-BR\",\"potentialAction\":[{\"@type\":\"ReadAction\",\"target\":[\"https:\\\/\\\/folhapopular.info\\\/index.php\\\/2026\\\/09\\\/02\\\/joana-conquista-o-palco-e-celebra-uma-trajetoria-de-dedicacao\\\/\"]}]},{\"@type\":\"ImageObject\",\"inLanguage\":\"pt-BR\",\"@id\":\"https:\\\/\\\/folhapopular.info\\\/index.php\\\/2026\\\/09\\\/02\\\/joana-conquista-o-palco-e-celebra-uma-trajetoria-de-dedicacao\\\/#primaryimage\",\"url\":\"https:\\\/\\\/folhapopular.info\\\/wp-content\\\/uploads\\\/2026\\\/09\\\/DSC_5743-scaled.webp\",\"contentUrl\":\"https:\\\/\\\/folhapopular.info\\\/wp-content\\\/uploads\\\/2026\\\/09\\\/DSC_5743-scaled.webp\",\"width\":2560,\"height\":1696,\"caption\":\"Joana venceu ap\u00f3s cantar a m\u00fasica \u201cMerceditas\u201d \\\/ Cr\u00e9dito: Anderson Lopes\"},{\"@type\":\"BreadcrumbList\",\"@id\":\"https:\\\/\\\/folhapopular.info\\\/index.php\\\/2026\\\/09\\\/02\\\/joana-conquista-o-palco-e-celebra-uma-trajetoria-de-dedicacao\\\/#breadcrumb\",\"itemListElement\":[{\"@type\":\"ListItem\",\"position\":1,\"name\":\"In\u00edcio\",\"item\":\"https:\\\/\\\/folhapopular.info\\\/\"},{\"@type\":\"ListItem\",\"position\":2,\"name\":\"Joana conquista o palco e celebra uma trajet\u00f3ria de dedica\u00e7\u00e3o\"}]},{\"@type\":\"WebSite\",\"@id\":\"https:\\\/\\\/folhapopular.info\\\/#website\",\"url\":\"https:\\\/\\\/folhapopular.info\\\/\",\"name\":\"Folha Popular\",\"description\":\"Onde voc\u00ea tem vez e voz\",\"potentialAction\":[{\"@type\":\"SearchAction\",\"target\":{\"@type\":\"EntryPoint\",\"urlTemplate\":\"https:\\\/\\\/folhapopular.info\\\/?s={search_term_string}\"},\"query-input\":{\"@type\":\"PropertyValueSpecification\",\"valueRequired\":true,\"valueName\":\"search_term_string\"}}],\"inLanguage\":\"pt-BR\"},{\"@type\":\"Person\",\"@id\":\"https:\\\/\\\/folhapopular.info\\\/#\\\/schema\\\/person\\\/87aa1d7488478bf03a40dc0a852db19d\",\"name\":\"Rafaela Zappaz\",\"image\":{\"@type\":\"ImageObject\",\"inLanguage\":\"pt-BR\",\"@id\":\"https:\\\/\\\/secure.gravatar.com\\\/avatar\\\/7b6259df2b1311e565e2e930bcf599e41eca901dc1e0e850d699f28cc7ea8de8?s=96&d=mm&r=g\",\"url\":\"https:\\\/\\\/secure.gravatar.com\\\/avatar\\\/7b6259df2b1311e565e2e930bcf599e41eca901dc1e0e850d699f28cc7ea8de8?s=96&d=mm&r=g\",\"contentUrl\":\"https:\\\/\\\/secure.gravatar.com\\\/avatar\\\/7b6259df2b1311e565e2e930bcf599e41eca901dc1e0e850d699f28cc7ea8de8?s=96&d=mm&r=g\",\"caption\":\"Rafaela Zappaz\"},\"url\":\"https:\\\/\\\/folhapopular.info\\\/index.php\\\/author\\\/rafaela-zappaz\\\/\"}]}<\/script>\n<!-- \/ Yoast SEO plugin. -->","yoast_head_json":{"title":"Joana conquista o palco e celebra uma trajet\u00f3ria de dedica\u00e7\u00e3o - Folha Popular","robots":{"index":"index","follow":"follow","max-snippet":"max-snippet:-1","max-image-preview":"max-image-preview:large","max-video-preview":"max-video-preview:-1"},"canonical":"https:\/\/folhapopular.info\/index.php\/2026\/09\/02\/joana-conquista-o-palco-e-celebra-uma-trajetoria-de-dedicacao\/","og_locale":"pt_BR","og_type":"article","og_title":"Joana conquista o palco e celebra uma trajet\u00f3ria de dedica\u00e7\u00e3o - Folha Popular","og_description":"A m\u00fasica acompanha Joana Maria Konrath da Silva desde a inf\u00e2ncia. Aos 13 anos, a jovem, que mora em Lajeado e \u00e9 natural de Estrela, conquistou o 1\u00ba lugar na categoria infantil do Festival Popular da Can\u00e7\u00e3o. A vit\u00f3ria ocorreu na final disputada dia 21 de agosto, no audit\u00f3rio do Col\u00e9gio Teut\u00f4nia, com a apresenta\u00e7\u00e3o [&hellip;]","og_url":"https:\/\/folhapopular.info\/index.php\/2026\/09\/02\/joana-conquista-o-palco-e-celebra-uma-trajetoria-de-dedicacao\/","og_site_name":"Folha Popular","article_published_time":"2026-09-02T19:00:00+00:00","og_image":[{"width":2560,"height":1696,"url":"https:\/\/folhapopular.info\/wp-content\/uploads\/2026\/09\/DSC_5743-scaled.webp","type":"image\/webp"}],"author":"Rafaela Zappaz","twitter_card":"summary_large_image","twitter_misc":{"Escrito por":"Rafaela Zappaz","Est. tempo de leitura":"3 minutos"},"schema":{"@context":"https:\/\/schema.org","@graph":[{"@type":"Article","@id":"https:\/\/folhapopular.info\/index.php\/2026\/09\/02\/joana-conquista-o-palco-e-celebra-uma-trajetoria-de-dedicacao\/#article","isPartOf":{"@id":"https:\/\/folhapopular.info\/index.php\/2026\/09\/02\/joana-conquista-o-palco-e-celebra-uma-trajetoria-de-dedicacao\/"},"author":{"name":"Rafaela Zappaz","@id":"https:\/\/folhapopular.info\/#\/schema\/person\/87aa1d7488478bf03a40dc0a852db19d"},"headline":"Joana conquista o palco e celebra uma trajet\u00f3ria de dedica\u00e7\u00e3o","datePublished":"2026-09-02T19:00:00+00:00","mainEntityOfPage":{"@id":"https:\/\/folhapopular.info\/index.php\/2026\/09\/02\/joana-conquista-o-palco-e-celebra-uma-trajetoria-de-dedicacao\/"},"wordCount":492,"commentCount":0,"image":{"@id":"https:\/\/folhapopular.info\/index.php\/2026\/09\/02\/joana-conquista-o-palco-e-celebra-uma-trajetoria-de-dedicacao\/#primaryimage"},"thumbnailUrl":"https:\/\/folhapopular.info\/wp-content\/uploads\/2026\/09\/DSC_5743-scaled.webp","keywords":["6\u00ba Festival Popular da Can\u00e7\u00e3o","Festival Popular da Can\u00e7\u00e3o","Joana Maria Konrath da Silva","M\u00fasica"],"articleSection":["Destaques","Inclusive"],"inLanguage":"pt-BR","potentialAction":[{"@type":"CommentAction","name":"Comment","target":["https:\/\/folhapopular.info\/index.php\/2026\/09\/02\/joana-conquista-o-palco-e-celebra-uma-trajetoria-de-dedicacao\/#respond"]}]},{"@type":"WebPage","@id":"https:\/\/folhapopular.info\/index.php\/2026\/09\/02\/joana-conquista-o-palco-e-celebra-uma-trajetoria-de-dedicacao\/","url":"https:\/\/folhapopular.info\/index.php\/2026\/09\/02\/joana-conquista-o-palco-e-celebra-uma-trajetoria-de-dedicacao\/","name":"Joana conquista o palco e celebra uma trajet\u00f3ria de dedica\u00e7\u00e3o - Folha Popular","isPartOf":{"@id":"https:\/\/folhapopular.info\/#website"},"primaryImageOfPage":{"@id":"https:\/\/folhapopular.info\/index.php\/2026\/09\/02\/joana-conquista-o-palco-e-celebra-uma-trajetoria-de-dedicacao\/#primaryimage"},"image":{"@id":"https:\/\/folhapopular.info\/index.php\/2026\/09\/02\/joana-conquista-o-palco-e-celebra-uma-trajetoria-de-dedicacao\/#primaryimage"},"thumbnailUrl":"https:\/\/folhapopular.info\/wp-content\/uploads\/2026\/09\/DSC_5743-scaled.webp","datePublished":"2026-09-02T19:00:00+00:00","author":{"@id":"https:\/\/folhapopular.info\/#\/schema\/person\/87aa1d7488478bf03a40dc0a852db19d"},"breadcrumb":{"@id":"https:\/\/folhapopular.info\/index.php\/2026\/09\/02\/joana-conquista-o-palco-e-celebra-uma-trajetoria-de-dedicacao\/#breadcrumb"},"inLanguage":"pt-BR","potentialAction":[{"@type":"ReadAction","target":["https:\/\/folhapopular.info\/index.php\/2026\/09\/02\/joana-conquista-o-palco-e-celebra-uma-trajetoria-de-dedicacao\/"]}]},{"@type":"ImageObject","inLanguage":"pt-BR","@id":"https:\/\/folhapopular.info\/index.php\/2026\/09\/02\/joana-conquista-o-palco-e-celebra-uma-trajetoria-de-dedicacao\/#primaryimage","url":"https:\/\/folhapopular.info\/wp-content\/uploads\/2026\/09\/DSC_5743-scaled.webp","contentUrl":"https:\/\/folhapopular.info\/wp-content\/uploads\/2026\/09\/DSC_5743-scaled.webp","width":2560,"height":1696,"caption":"Joana venceu ap\u00f3s cantar a m\u00fasica \u201cMerceditas\u201d \/ Cr\u00e9dito: Anderson Lopes"},{"@type":"BreadcrumbList","@id":"https:\/\/folhapopular.info\/index.php\/2026\/09\/02\/joana-conquista-o-palco-e-celebra-uma-trajetoria-de-dedicacao\/#breadcrumb","itemListElement":[{"@type":"ListItem","position":1,"name":"In\u00edcio","item":"https:\/\/folhapopular.info\/"},{"@type":"ListItem","position":2,"name":"Joana conquista o palco e celebra uma trajet\u00f3ria de dedica\u00e7\u00e3o"}]},{"@type":"WebSite","@id":"https:\/\/folhapopular.info\/#website","url":"https:\/\/folhapopular.info\/","name":"Folha Popular","description":"Onde voc\u00ea tem vez e voz","potentialAction":[{"@type":"SearchAction","target":{"@type":"EntryPoint","urlTemplate":"https:\/\/folhapopular.info\/?s={search_term_string}"},"query-input":{"@type":"PropertyValueSpecification","valueRequired":true,"valueName":"search_term_string"}}],"inLanguage":"pt-BR"},{"@type":"Person","@id":"https:\/\/folhapopular.info\/#\/schema\/person\/87aa1d7488478bf03a40dc0a852db19d","name":"Rafaela Zappaz","image":{"@type":"ImageObject","inLanguage":"pt-BR","@id":"https:\/\/secure.gravatar.com\/avatar\/7b6259df2b1311e565e2e930bcf599e41eca901dc1e0e850d699f28cc7ea8de8?s=96&d=mm&r=g","url":"https:\/\/secure.gravatar.com\/avatar\/7b6259df2b1311e565e2e930bcf599e41eca901dc1e0e850d699f28cc7ea8de8?s=96&d=mm&r=g","contentUrl":"https:\/\/secure.gravatar.com\/avatar\/7b6259df2b1311e565e2e930bcf599e41eca901dc1e0e850d699f28cc7ea8de8?s=96&d=mm&r=g","caption":"Rafaela Zappaz"},"url":"https:\/\/folhapopular.info\/index.php\/author\/rafaela-zappaz\/"}]}},"jetpack_sharing_enabled":true,"amp_enabled":true,"jetpack_featured_media_url":"https:\/\/folhapopular.info\/wp-content\/uploads\/2026\/09\/DSC_5743-scaled.webp","_links":{"self":[{"href":"https:\/\/folhapopular.info\/index.php\/wp-json\/wp\/v2\/posts\/220180","targetHints":{"allow":["GET"]}}],"collection":[{"href":"https:\/\/folhapopular.info\/index.php\/wp-json\/wp\/v2\/posts"}],"about":[{"href":"https:\/\/folhapopular.info\/index.php\/wp-json\/wp\/v2\/types\/post"}],"author":[{"embeddable":true,"href":"https:\/\/folhapopular.info\/index.php\/wp-json\/wp\/v2\/users\/782"}],"replies":[{"embeddable":true,"href":"https:\/\/folhapopular.info\/index.php\/wp-json\/wp\/v2\/comments?post=220180"}],"version-history":[{"count":1,"href":"https:\/\/folhapopular.info\/index.php\/wp-json\/wp\/v2\/posts\/220180\/revisions"}],"predecessor-version":[{"id":220182,"href":"https:\/\/folhapopular.info\/index.php\/wp-json\/wp\/v2\/posts\/220180\/revisions\/220182"}],"wp:featuredmedia":[{"embeddable":true,"href":"https:\/\/folhapopular.info\/index.php\/wp-json\/wp\/v2\/media\/220181"}],"wp:attachment":[{"href":"https:\/\/folhapopular.info\/index.php\/wp-json\/wp\/v2\/media?parent=220180"}],"wp:term":[{"taxonomy":"category","embeddable":true,"href":"https:\/\/folhapopular.info\/index.php\/wp-json\/wp\/v2\/categories?post=220180"},{"taxonomy":"post_tag","embeddable":true,"href":"https:\/\/folhapopular.info\/index.php\/wp-json\/wp\/v2\/tags?post=220180"}],"curies":[{"name":"wp","href":"https:\/\/api.w.org\/{rel}","templated":true}]}}