{"id":220185,"date":"2026-09-02T09:40:51","date_gmt":"2026-09-02T12:40:51","guid":{"rendered":"https:\/\/folhapopular.info\/?p=220185"},"modified":"2026-09-02T09:40:53","modified_gmt":"2026-09-02T12:40:53","slug":"juventus-se-destaca-na-copa-base-de-futebol-society","status":"publish","type":"post","link":"https:\/\/folhapopular.info\/index.php\/2026\/09\/02\/juventus-se-destaca-na-copa-base-de-futebol-society\/","title":{"rendered":"Juventus se destaca na Copa Base de Futebol Society"},"content":{"rendered":"\n<p class=\"wp-block-paragraph\">A Juventus encerrou sua participa\u00e7\u00e3o na Copa Base de Futebol <em>Society<\/em> no s\u00e1bado (29\/8). A rodada final foi disputada no CT Cristal, em Porto Alegre, espa\u00e7o destinado \u00e0s categorias de base do Gr\u00eamio.<\/p>\n\n\n\n<p class=\"wp-block-paragraph\">Ao longo da competi\u00e7\u00e3o, o clube esteve presente na Sub-8, Sub-10, Sub-12 e Sub-14, com dois times em cada faixa et\u00e1ria.<\/p>\n\n\n\n<p class=\"wp-block-paragraph\">A competi\u00e7\u00e3o foi realizada em tr\u00eas rodadas. A primeira ocorreu no Complexo da MiMi, em Teut\u00f4nia. A segunda foi disputada em Brochier, enquanto a etapa decisiva teve como sede o CT Cristal, na capital ga\u00facha.<\/p>\n\n\n\n<p class=\"wp-block-paragraph\">Al\u00e9m da Juventus, participaram do campeonato as bases do Caxias, da Escola Furac\u00e3o, de Caxias do Sul, e a equipe de Brochier.<\/p>\n\n\n\n<p class=\"wp-block-paragraph\">A participa\u00e7\u00e3o teve como objetivo oferecer uma oportunidade de colocar em pr\u00e1tica o que \u00e9 trabalhado durante os treinamentos.<\/p>\n\n\n\n<p class=\"wp-block-paragraph\">\u201cEsses campeonatos t\u00eam o intuito de colocar os meninos para competir. S\u00e3o garotos que treinam duas, tr\u00eas vezes por semana e que v\u00eam nesses campeonatos para colocar em pr\u00e1tica aquilo que vem \u00e9 aprendido\u201d, explica Chr\u00edstopher Suhre, coordenador dos n\u00facleos formativos da Juventus.<\/p>\n\n\n\n<p class=\"wp-block-paragraph\">De acordo com ele, o ambiente exerce papel importante no processo de desenvolvimento dos atletas, principalmente pela possibilidade de ampliar experi\u00eancias e fortalecer a conviv\u00eancia em grupo.<\/p>\n\n\n\n<p class=\"wp-block-paragraph\">\u201cIsso agrega para eles na aprendizagem, saber ganhar ou perder. Al\u00e9m de um meio social muito forte\u201d, destaca.<\/p>\n\n\n\n<h2 class=\"wp-block-heading\"><strong>Quatro t\u00edtulos<\/strong><\/h2>\n\n\n\n<p class=\"wp-block-paragraph\">Dentro de campo, a Juventus tamb\u00e9m teve motivos para comemorar. Na Sub-8, todas as equipes foram consideradas campe\u00e3s.<\/p>\n\n\n\n<p class=\"wp-block-paragraph\">Pela Sub-10, a equipe Juventus Sicredi conquistou o t\u00edtulo da S\u00e9rie Prata, enquanto a Juventus Certel terminou como vice-campe\u00e3. Na S\u00e9rie Ouro, o campe\u00e3o foi Brochier, com a Escola Furac\u00e3o, de Caxias do Sul, na 2\u00aa coloca\u00e7\u00e3o.<\/p>\n\n\n\n<p class=\"wp-block-paragraph\">Na Sub-12, a Juventus Denteck ficou com o vice-campeonato da S\u00e9rie Prata, enquanto a Juventus Zart terminou na 3\u00aa posi\u00e7\u00e3o. O t\u00edtulo ficou com Brochier. Na S\u00e9rie Ouro, o Caxias foi campe\u00e3o e o Furac\u00e3o ficou com o vice.<\/p>\n\n\n\n<p class=\"wp-block-paragraph\">Nos garotos da Sub-14, a Juventus conquistou os dois primeiros lugares da Prata. A Juventus Quiero Caf\u00e9 foi campe\u00e3, com a Juventus Denteck como vice. Na Ouro, o Furac\u00e3o ficou com o t\u00edtulo e o Caxias terminou em 2\u00ba.<\/p>\n\n\n\n<figure class=\"wp-block-gallery has-nested-images columns-default is-cropped wp-block-gallery-1 is-layout-flex wp-block-gallery-is-layout-flex\">\n<figure class=\"wp-block-image size-large\"><img loading=\"lazy\" decoding=\"async\" width=\"1024\" height=\"768\" data-id=\"220186\" src=\"https:\/\/folhapopular.info\/wp-content\/uploads\/2026\/09\/JUVENTUS_Juventus-Denteck-Sub-8_Divulgacao-1024x768.webp\" alt=\"Juventus Denteck Sub-8 - Cr\u00e9dito: Divulga\u00e7\u00e3o\" class=\"wp-image-220186\" srcset=\"https:\/\/folhapopular.info\/wp-content\/uploads\/2026\/09\/JUVENTUS_Juventus-Denteck-Sub-8_Divulgacao-1024x768.webp 1024w, https:\/\/folhapopular.info\/wp-content\/uploads\/2026\/09\/JUVENTUS_Juventus-Denteck-Sub-8_Divulgacao-300x225.webp 300w, https:\/\/folhapopular.info\/wp-content\/uploads\/2026\/09\/JUVENTUS_Juventus-Denteck-Sub-8_Divulgacao-768x576.webp 768w, https:\/\/folhapopular.info\/wp-content\/uploads\/2026\/09\/JUVENTUS_Juventus-Denteck-Sub-8_Divulgacao-1536x1152.webp 1536w, https:\/\/folhapopular.info\/wp-content\/uploads\/2026\/09\/JUVENTUS_Juventus-Denteck-Sub-8_Divulgacao-560x420.webp 560w, https:\/\/folhapopular.info\/wp-content\/uploads\/2026\/09\/JUVENTUS_Juventus-Denteck-Sub-8_Divulgacao-80x60.webp 80w, https:\/\/folhapopular.info\/wp-content\/uploads\/2026\/09\/JUVENTUS_Juventus-Denteck-Sub-8_Divulgacao-696x522.webp 696w, https:\/\/folhapopular.info\/wp-content\/uploads\/2026\/09\/JUVENTUS_Juventus-Denteck-Sub-8_Divulgacao-1068x801.webp 1068w, https:\/\/folhapopular.info\/wp-content\/uploads\/2026\/09\/JUVENTUS_Juventus-Denteck-Sub-8_Divulgacao.webp 1600w\" sizes=\"auto, (max-width: 1024px) 100vw, 1024px\" \/><figcaption class=\"wp-element-caption\">Juventus Denteck Sub-8<br>Cr\u00e9dito: Divulga\u00e7\u00e3o<\/figcaption><\/figure>\n<\/figure>\n","protected":false},"excerpt":{"rendered":"<p>A Juventus encerrou sua participa\u00e7\u00e3o na Copa Base de Futebol Society no s\u00e1bado (29\/8). A rodada final foi disputada no CT Cristal, em Porto Alegre, espa\u00e7o destinado \u00e0s categorias de base do Gr\u00eamio. Ao longo da competi\u00e7\u00e3o, o clube esteve presente na Sub-8, Sub-10, Sub-12 e Sub-14, com dois times em cada faixa et\u00e1ria. A [&hellip;]<\/p>\n","protected":false},"author":732,"featured_media":220187,"comment_status":"open","ping_status":"open","sticky":false,"template":"","format":"standard","meta":{"pmpro_default_level":"","_jetpack_memberships_contains_paid_content":false,"footnotes":""},"categories":[5,240],"tags":[8368,498,399],"class_list":["post-220185","post","type-post","status-publish","format-standard","has-post-thumbnail","category-esportes","category-futebol-amador","tag-base","tag-futebol","tag-juventus","pmpro-has-access"],"yoast_head":"<!-- This site is optimized with the Yoast SEO plugin v28.4 - https:\/\/yoast.com\/product\/yoast-seo-wordpress\/ -->\n<title>Juventus se destaca na Copa Base de Futebol Society - Folha Popular<\/title>\n<meta name=\"description\" content=\"A Juventus encerrou sua participa\u00e7\u00e3o na Copa Base de Futebol Society no s\u00e1bado (29\/8), com bom desempenho em todas as categorias.\" \/>\n<meta name=\"robots\" content=\"index, follow, max-snippet:-1, max-image-preview:large, max-video-preview:-1\" \/>\n<link rel=\"canonical\" href=\"https:\/\/folhapopular.info\/index.php\/2026\/09\/02\/juventus-se-destaca-na-copa-base-de-futebol-society\/\" \/>\n<meta property=\"og:locale\" content=\"pt_BR\" \/>\n<meta property=\"og:type\" content=\"article\" \/>\n<meta property=\"og:title\" content=\"Juventus se destaca na Copa Base de Futebol Society - Folha Popular\" \/>\n<meta property=\"og:description\" content=\"A Juventus encerrou sua participa\u00e7\u00e3o na Copa Base de Futebol Society no s\u00e1bado (29\/8), com bom desempenho em todas as categorias.\" \/>\n<meta property=\"og:url\" content=\"https:\/\/folhapopular.info\/index.php\/2026\/09\/02\/juventus-se-destaca-na-copa-base-de-futebol-society\/\" \/>\n<meta property=\"og:site_name\" content=\"Folha Popular\" \/>\n<meta property=\"article:author\" content=\"https:\/\/www.facebook.com\/luis.huppes\/\" \/>\n<meta property=\"article:published_time\" content=\"2026-09-02T12:40:51+00:00\" \/>\n<meta property=\"article:modified_time\" content=\"2026-09-02T12:40:53+00:00\" \/>\n<meta property=\"og:image\" content=\"https:\/\/folhapopular.info\/wp-content\/uploads\/2026\/09\/JUVENTUS_Juventus-Certel-Sub-10_Divulgacao.webp\" \/>\n\t<meta property=\"og:image:width\" content=\"1600\" \/>\n\t<meta property=\"og:image:height\" content=\"1200\" \/>\n\t<meta property=\"og:image:type\" content=\"image\/webp\" \/>\n<meta name=\"author\" content=\"Luis Augusto Huppes\" \/>\n<meta name=\"twitter:card\" content=\"summary_large_image\" \/>\n<meta name=\"twitter:label1\" content=\"Escrito por\" \/>\n\t<meta name=\"twitter:data1\" content=\"Luis Augusto Huppes\" \/>\n\t<meta name=\"twitter:label2\" content=\"Est. tempo de leitura\" \/>\n\t<meta name=\"twitter:data2\" content=\"3 minutos\" \/>\n<script type=\"application\/ld+json\" class=\"yoast-schema-graph\">{\"@context\":\"https:\\\/\\\/schema.org\",\"@graph\":[{\"@type\":\"Article\",\"@id\":\"https:\\\/\\\/folhapopular.info\\\/index.php\\\/2026\\\/09\\\/02\\\/juventus-se-destaca-na-copa-base-de-futebol-society\\\/#article\",\"isPartOf\":{\"@id\":\"https:\\\/\\\/folhapopular.info\\\/index.php\\\/2026\\\/09\\\/02\\\/juventus-se-destaca-na-copa-base-de-futebol-society\\\/\"},\"author\":{\"name\":\"Luis Augusto Huppes\",\"@id\":\"https:\\\/\\\/folhapopular.info\\\/#\\\/schema\\\/person\\\/e852c327371714676d02e58cf917fd9f\"},\"headline\":\"Juventus se destaca na Copa Base de Futebol Society\",\"datePublished\":\"2026-09-02T12:40:51+00:00\",\"dateModified\":\"2026-09-02T12:40:53+00:00\",\"mainEntityOfPage\":{\"@id\":\"https:\\\/\\\/folhapopular.info\\\/index.php\\\/2026\\\/09\\\/02\\\/juventus-se-destaca-na-copa-base-de-futebol-society\\\/\"},\"wordCount\":404,\"commentCount\":0,\"image\":{\"@id\":\"https:\\\/\\\/folhapopular.info\\\/index.php\\\/2026\\\/09\\\/02\\\/juventus-se-destaca-na-copa-base-de-futebol-society\\\/#primaryimage\"},\"thumbnailUrl\":\"https:\\\/\\\/folhapopular.info\\\/wp-content\\\/uploads\\\/2026\\\/09\\\/JUVENTUS_Juventus-Certel-Sub-10_Divulgacao.webp\",\"keywords\":[\"Base\",\"Futebol\",\"Juventus\"],\"articleSection\":[\"Esportes\",\"Futebol Amador\"],\"inLanguage\":\"pt-BR\",\"potentialAction\":[{\"@type\":\"CommentAction\",\"name\":\"Comment\",\"target\":[\"https:\\\/\\\/folhapopular.info\\\/index.php\\\/2026\\\/09\\\/02\\\/juventus-se-destaca-na-copa-base-de-futebol-society\\\/#respond\"]}]},{\"@type\":\"WebPage\",\"@id\":\"https:\\\/\\\/folhapopular.info\\\/index.php\\\/2026\\\/09\\\/02\\\/juventus-se-destaca-na-copa-base-de-futebol-society\\\/\",\"url\":\"https:\\\/\\\/folhapopular.info\\\/index.php\\\/2026\\\/09\\\/02\\\/juventus-se-destaca-na-copa-base-de-futebol-society\\\/\",\"name\":\"Juventus se destaca na Copa Base de Futebol Society - Folha Popular\",\"isPartOf\":{\"@id\":\"https:\\\/\\\/folhapopular.info\\\/#website\"},\"primaryImageOfPage\":{\"@id\":\"https:\\\/\\\/folhapopular.info\\\/index.php\\\/2026\\\/09\\\/02\\\/juventus-se-destaca-na-copa-base-de-futebol-society\\\/#primaryimage\"},\"image\":{\"@id\":\"https:\\\/\\\/folhapopular.info\\\/index.php\\\/2026\\\/09\\\/02\\\/juventus-se-destaca-na-copa-base-de-futebol-society\\\/#primaryimage\"},\"thumbnailUrl\":\"https:\\\/\\\/folhapopular.info\\\/wp-content\\\/uploads\\\/2026\\\/09\\\/JUVENTUS_Juventus-Certel-Sub-10_Divulgacao.webp\",\"datePublished\":\"2026-09-02T12:40:51+00:00\",\"dateModified\":\"2026-09-02T12:40:53+00:00\",\"author\":{\"@id\":\"https:\\\/\\\/folhapopular.info\\\/#\\\/schema\\\/person\\\/e852c327371714676d02e58cf917fd9f\"},\"description\":\"A Juventus encerrou sua participa\u00e7\u00e3o na Copa Base de Futebol Society no s\u00e1bado (29\\\/8), com bom desempenho em todas as categorias.\",\"breadcrumb\":{\"@id\":\"https:\\\/\\\/folhapopular.info\\\/index.php\\\/2026\\\/09\\\/02\\\/juventus-se-destaca-na-copa-base-de-futebol-society\\\/#breadcrumb\"},\"inLanguage\":\"pt-BR\",\"potentialAction\":[{\"@type\":\"ReadAction\",\"target\":[\"https:\\\/\\\/folhapopular.info\\\/index.php\\\/2026\\\/09\\\/02\\\/juventus-se-destaca-na-copa-base-de-futebol-society\\\/\"]}]},{\"@type\":\"ImageObject\",\"inLanguage\":\"pt-BR\",\"@id\":\"https:\\\/\\\/folhapopular.info\\\/index.php\\\/2026\\\/09\\\/02\\\/juventus-se-destaca-na-copa-base-de-futebol-society\\\/#primaryimage\",\"url\":\"https:\\\/\\\/folhapopular.info\\\/wp-content\\\/uploads\\\/2026\\\/09\\\/JUVENTUS_Juventus-Certel-Sub-10_Divulgacao.webp\",\"contentUrl\":\"https:\\\/\\\/folhapopular.info\\\/wp-content\\\/uploads\\\/2026\\\/09\\\/JUVENTUS_Juventus-Certel-Sub-10_Divulgacao.webp\",\"width\":1600,\"height\":1200,\"caption\":\"Juventus Certel Sub-10 - Cr\u00e9dito: Divulga\u00e7\u00e3o\"},{\"@type\":\"BreadcrumbList\",\"@id\":\"https:\\\/\\\/folhapopular.info\\\/index.php\\\/2026\\\/09\\\/02\\\/juventus-se-destaca-na-copa-base-de-futebol-society\\\/#breadcrumb\",\"itemListElement\":[{\"@type\":\"ListItem\",\"position\":1,\"name\":\"In\u00edcio\",\"item\":\"https:\\\/\\\/folhapopular.info\\\/\"},{\"@type\":\"ListItem\",\"position\":2,\"name\":\"Juventus se destaca na Copa Base de Futebol Society\"}]},{\"@type\":\"WebSite\",\"@id\":\"https:\\\/\\\/folhapopular.info\\\/#website\",\"url\":\"https:\\\/\\\/folhapopular.info\\\/\",\"name\":\"Folha Popular\",\"description\":\"Onde voc\u00ea tem vez e voz\",\"potentialAction\":[{\"@type\":\"SearchAction\",\"target\":{\"@type\":\"EntryPoint\",\"urlTemplate\":\"https:\\\/\\\/folhapopular.info\\\/?s={search_term_string}\"},\"query-input\":{\"@type\":\"PropertyValueSpecification\",\"valueRequired\":true,\"valueName\":\"search_term_string\"}}],\"inLanguage\":\"pt-BR\"},{\"@type\":\"Person\",\"@id\":\"https:\\\/\\\/folhapopular.info\\\/#\\\/schema\\\/person\\\/e852c327371714676d02e58cf917fd9f\",\"name\":\"Luis Augusto Huppes\",\"image\":{\"@type\":\"ImageObject\",\"inLanguage\":\"pt-BR\",\"@id\":\"https:\\\/\\\/folhapopular.info\\\/wp-content\\\/uploads\\\/2026\\\/04\\\/Luis-Augusto-Huppes-1-1.webp\",\"url\":\"https:\\\/\\\/folhapopular.info\\\/wp-content\\\/uploads\\\/2026\\\/04\\\/Luis-Augusto-Huppes-1-1.webp\",\"contentUrl\":\"https:\\\/\\\/folhapopular.info\\\/wp-content\\\/uploads\\\/2026\\\/04\\\/Luis-Augusto-Huppes-1-1.webp\",\"caption\":\"Luis Augusto Huppes\"},\"sameAs\":[\"https:\\\/\\\/www.facebook.com\\\/luis.huppes\\\/\",\"https:\\\/\\\/www.instagram.com\\\/luis.huppes\\\/\",\"https:\\\/\\\/www.linkedin.com\\\/in\\\/luis-augusto-huppes-2554b52b7\\\/\"],\"url\":\"https:\\\/\\\/folhapopular.info\\\/index.php\\\/author\\\/luis-augusto-huppes\\\/\"}]}<\/script>\n<!-- \/ Yoast SEO plugin. -->","yoast_head_json":{"title":"Juventus se destaca na Copa Base de Futebol Society - Folha Popular","description":"A Juventus encerrou sua participa\u00e7\u00e3o na Copa Base de Futebol Society no s\u00e1bado (29\/8), com bom desempenho em todas as categorias.","robots":{"index":"index","follow":"follow","max-snippet":"max-snippet:-1","max-image-preview":"max-image-preview:large","max-video-preview":"max-video-preview:-1"},"canonical":"https:\/\/folhapopular.info\/index.php\/2026\/09\/02\/juventus-se-destaca-na-copa-base-de-futebol-society\/","og_locale":"pt_BR","og_type":"article","og_title":"Juventus se destaca na Copa Base de Futebol Society - Folha Popular","og_description":"A Juventus encerrou sua participa\u00e7\u00e3o na Copa Base de Futebol Society no s\u00e1bado (29\/8), com bom desempenho em todas as categorias.","og_url":"https:\/\/folhapopular.info\/index.php\/2026\/09\/02\/juventus-se-destaca-na-copa-base-de-futebol-society\/","og_site_name":"Folha Popular","article_author":"https:\/\/www.facebook.com\/luis.huppes\/","article_published_time":"2026-09-02T12:40:51+00:00","article_modified_time":"2026-09-02T12:40:53+00:00","og_image":[{"width":1600,"height":1200,"url":"https:\/\/folhapopular.info\/wp-content\/uploads\/2026\/09\/JUVENTUS_Juventus-Certel-Sub-10_Divulgacao.webp","type":"image\/webp"}],"author":"Luis Augusto Huppes","twitter_card":"summary_large_image","twitter_misc":{"Escrito por":"Luis Augusto Huppes","Est. tempo de leitura":"3 minutos"},"schema":{"@context":"https:\/\/schema.org","@graph":[{"@type":"Article","@id":"https:\/\/folhapopular.info\/index.php\/2026\/09\/02\/juventus-se-destaca-na-copa-base-de-futebol-society\/#article","isPartOf":{"@id":"https:\/\/folhapopular.info\/index.php\/2026\/09\/02\/juventus-se-destaca-na-copa-base-de-futebol-society\/"},"author":{"name":"Luis Augusto Huppes","@id":"https:\/\/folhapopular.info\/#\/schema\/person\/e852c327371714676d02e58cf917fd9f"},"headline":"Juventus se destaca na Copa Base de Futebol Society","datePublished":"2026-09-02T12:40:51+00:00","dateModified":"2026-09-02T12:40:53+00:00","mainEntityOfPage":{"@id":"https:\/\/folhapopular.info\/index.php\/2026\/09\/02\/juventus-se-destaca-na-copa-base-de-futebol-society\/"},"wordCount":404,"commentCount":0,"image":{"@id":"https:\/\/folhapopular.info\/index.php\/2026\/09\/02\/juventus-se-destaca-na-copa-base-de-futebol-society\/#primaryimage"},"thumbnailUrl":"https:\/\/folhapopular.info\/wp-content\/uploads\/2026\/09\/JUVENTUS_Juventus-Certel-Sub-10_Divulgacao.webp","keywords":["Base","Futebol","Juventus"],"articleSection":["Esportes","Futebol Amador"],"inLanguage":"pt-BR","potentialAction":[{"@type":"CommentAction","name":"Comment","target":["https:\/\/folhapopular.info\/index.php\/2026\/09\/02\/juventus-se-destaca-na-copa-base-de-futebol-society\/#respond"]}]},{"@type":"WebPage","@id":"https:\/\/folhapopular.info\/index.php\/2026\/09\/02\/juventus-se-destaca-na-copa-base-de-futebol-society\/","url":"https:\/\/folhapopular.info\/index.php\/2026\/09\/02\/juventus-se-destaca-na-copa-base-de-futebol-society\/","name":"Juventus se destaca na Copa Base de Futebol Society - Folha Popular","isPartOf":{"@id":"https:\/\/folhapopular.info\/#website"},"primaryImageOfPage":{"@id":"https:\/\/folhapopular.info\/index.php\/2026\/09\/02\/juventus-se-destaca-na-copa-base-de-futebol-society\/#primaryimage"},"image":{"@id":"https:\/\/folhapopular.info\/index.php\/2026\/09\/02\/juventus-se-destaca-na-copa-base-de-futebol-society\/#primaryimage"},"thumbnailUrl":"https:\/\/folhapopular.info\/wp-content\/uploads\/2026\/09\/JUVENTUS_Juventus-Certel-Sub-10_Divulgacao.webp","datePublished":"2026-09-02T12:40:51+00:00","dateModified":"2026-09-02T12:40:53+00:00","author":{"@id":"https:\/\/folhapopular.info\/#\/schema\/person\/e852c327371714676d02e58cf917fd9f"},"description":"A Juventus encerrou sua participa\u00e7\u00e3o na Copa Base de Futebol Society no s\u00e1bado (29\/8), com bom desempenho em todas as categorias.","breadcrumb":{"@id":"https:\/\/folhapopular.info\/index.php\/2026\/09\/02\/juventus-se-destaca-na-copa-base-de-futebol-society\/#breadcrumb"},"inLanguage":"pt-BR","potentialAction":[{"@type":"ReadAction","target":["https:\/\/folhapopular.info\/index.php\/2026\/09\/02\/juventus-se-destaca-na-copa-base-de-futebol-society\/"]}]},{"@type":"ImageObject","inLanguage":"pt-BR","@id":"https:\/\/folhapopular.info\/index.php\/2026\/09\/02\/juventus-se-destaca-na-copa-base-de-futebol-society\/#primaryimage","url":"https:\/\/folhapopular.info\/wp-content\/uploads\/2026\/09\/JUVENTUS_Juventus-Certel-Sub-10_Divulgacao.webp","contentUrl":"https:\/\/folhapopular.info\/wp-content\/uploads\/2026\/09\/JUVENTUS_Juventus-Certel-Sub-10_Divulgacao.webp","width":1600,"height":1200,"caption":"Juventus Certel Sub-10 - Cr\u00e9dito: Divulga\u00e7\u00e3o"},{"@type":"BreadcrumbList","@id":"https:\/\/folhapopular.info\/index.php\/2026\/09\/02\/juventus-se-destaca-na-copa-base-de-futebol-society\/#breadcrumb","itemListElement":[{"@type":"ListItem","position":1,"name":"In\u00edcio","item":"https:\/\/folhapopular.info\/"},{"@type":"ListItem","position":2,"name":"Juventus se destaca na Copa Base de Futebol Society"}]},{"@type":"WebSite","@id":"https:\/\/folhapopular.info\/#website","url":"https:\/\/folhapopular.info\/","name":"Folha Popular","description":"Onde voc\u00ea tem vez e voz","potentialAction":[{"@type":"SearchAction","target":{"@type":"EntryPoint","urlTemplate":"https:\/\/folhapopular.info\/?s={search_term_string}"},"query-input":{"@type":"PropertyValueSpecification","valueRequired":true,"valueName":"search_term_string"}}],"inLanguage":"pt-BR"},{"@type":"Person","@id":"https:\/\/folhapopular.info\/#\/schema\/person\/e852c327371714676d02e58cf917fd9f","name":"Luis Augusto Huppes","image":{"@type":"ImageObject","inLanguage":"pt-BR","@id":"https:\/\/folhapopular.info\/wp-content\/uploads\/2026\/04\/Luis-Augusto-Huppes-1-1.webp","url":"https:\/\/folhapopular.info\/wp-content\/uploads\/2026\/04\/Luis-Augusto-Huppes-1-1.webp","contentUrl":"https:\/\/folhapopular.info\/wp-content\/uploads\/2026\/04\/Luis-Augusto-Huppes-1-1.webp","caption":"Luis Augusto Huppes"},"sameAs":["https:\/\/www.facebook.com\/luis.huppes\/","https:\/\/www.instagram.com\/luis.huppes\/","https:\/\/www.linkedin.com\/in\/luis-augusto-huppes-2554b52b7\/"],"url":"https:\/\/folhapopular.info\/index.php\/author\/luis-augusto-huppes\/"}]}},"jetpack_sharing_enabled":true,"amp_enabled":true,"jetpack_featured_media_url":"https:\/\/folhapopular.info\/wp-content\/uploads\/2026\/09\/JUVENTUS_Juventus-Certel-Sub-10_Divulgacao.webp","_links":{"self":[{"href":"https:\/\/folhapopular.info\/index.php\/wp-json\/wp\/v2\/posts\/220185","targetHints":{"allow":["GET"]}}],"collection":[{"href":"https:\/\/folhapopular.info\/index.php\/wp-json\/wp\/v2\/posts"}],"about":[{"href":"https:\/\/folhapopular.info\/index.php\/wp-json\/wp\/v2\/types\/post"}],"author":[{"embeddable":true,"href":"https:\/\/folhapopular.info\/index.php\/wp-json\/wp\/v2\/users\/732"}],"replies":[{"embeddable":true,"href":"https:\/\/folhapopular.info\/index.php\/wp-json\/wp\/v2\/comments?post=220185"}],"version-history":[{"count":1,"href":"https:\/\/folhapopular.info\/index.php\/wp-json\/wp\/v2\/posts\/220185\/revisions"}],"predecessor-version":[{"id":220188,"href":"https:\/\/folhapopular.info\/index.php\/wp-json\/wp\/v2\/posts\/220185\/revisions\/220188"}],"wp:featuredmedia":[{"embeddable":true,"href":"https:\/\/folhapopular.info\/index.php\/wp-json\/wp\/v2\/media\/220187"}],"wp:attachment":[{"href":"https:\/\/folhapopular.info\/index.php\/wp-json\/wp\/v2\/media?parent=220185"}],"wp:term":[{"taxonomy":"category","embeddable":true,"href":"https:\/\/folhapopular.info\/index.php\/wp-json\/wp\/v2\/categories?post=220185"},{"taxonomy":"post_tag","embeddable":true,"href":"https:\/\/folhapopular.info\/index.php\/wp-json\/wp\/v2\/tags?post=220185"}],"curies":[{"name":"wp","href":"https:\/\/api.w.org\/{rel}","templated":true}]}}