{"id":220189,"date":"2026-09-02T09:43:41","date_gmt":"2026-09-02T12:43:41","guid":{"rendered":"https:\/\/folhapopular.info\/?p=220189"},"modified":"2026-09-02T09:48:23","modified_gmt":"2026-09-02T12:48:23","slug":"apae-faz-historia-na-decisao-do-municipal-de-futsal","status":"publish","type":"post","link":"https:\/\/folhapopular.info\/index.php\/2026\/09\/02\/apae-faz-historia-na-decisao-do-municipal-de-futsal\/","title":{"rendered":"Apae faz hist\u00f3ria na decis\u00e3o do Municipal de Futsal"},"content":{"rendered":"\n<p class=\"wp-block-paragraph\">A noite das finais do 1\u00ba Campeonato Municipal de Futsal de Teut\u00f4nia ganhou um significado especial na noite da sexta-feira (28\/8). Durante o intervalo das decis\u00f5es das s\u00e9ries Ouro e Prata, os alunos da Associa\u00e7\u00e3o de Pais e Amigos dos Excepcionais (Apae) de Teut\u00f4nia entraram em quadra para um amistoso e mostraram que o esporte tamb\u00e9m \u00e9 espa\u00e7o de inclus\u00e3o e supera\u00e7\u00e3o.<\/p>\n\n\n\n<p class=\"wp-block-paragraph\">Dentro da quadra, o jogo terminou com vit\u00f3ria do time Azul por 2 a 1. O placar, por\u00e9m, ficou em segundo plano diante do que a partida representou. Para os atletas da Apae, a oportunidade de participar de um evento oficial, diante do p\u00fablico e integrado \u00e0 programa\u00e7\u00e3o da competi\u00e7\u00e3o, foi o grande destaque da noite.<\/p>\n\n\n\n<p class=\"wp-block-paragraph\">No fim da partida, todos os atletas receberam medalhas pela participa\u00e7\u00e3o. A premia\u00e7\u00e3o serve como reconhecimento pela dedica\u00e7\u00e3o dos alunos, que tamb\u00e9m praticam a modalidade dentro da institui\u00e7\u00e3o e encontram no esporte uma importante ferramenta de desenvolvimento.<\/p>\n\n\n\n<p class=\"wp-block-paragraph\">Para \u00c9velin Elisa Aschebrock Pacheco, coordenadora da Apae, a participa\u00e7\u00e3o foi marcada pela emo\u00e7\u00e3o e pela sensa\u00e7\u00e3o de viver um momento hist\u00f3rico.<\/p>\n\n\n\n<p class=\"wp-block-paragraph\">\u201cFoi realmente muito lindo. Ficamos felizes com essa participa\u00e7\u00e3o e palavras n\u00e3o descrevem. Cada pouco me lembro de um pouco de cada situa\u00e7\u00e3o. Foi um momento hist\u00f3rico, eu me emocionei, e olha que \u00e9 dif\u00edcil isso acontecer comigo, afinal, \u00e9 nossa rotina. Mas foi mesmo muito especial\u201d, destaca.<\/p>\n\n\n\n<h2 class=\"wp-block-heading\"><strong>Noite hist\u00f3rica<\/strong><\/h2>\n\n\n\n<p class=\"wp-block-paragraph\">\u00c9velin ressalta a import\u00e2ncia da coragem dos alunos em ocupar um espa\u00e7o tradicionalmente destinado \u00e0s grandes decis\u00f5es. \u201cParticipar deste momento \u00e9 diferente. Ver nossos atletas entrarem em quadra em um evento de tanto porte e colocarem em pr\u00e1tica o que eles fazem nas aulas \u00e9 maravilhoso. S\u00e3o alunos com defici\u00eancia intelectual que tamb\u00e9m se dedicam muito no esporte\u201d, ressalta.<\/p>\n\n\n\n<p class=\"wp-block-paragraph\">Segundo ela, a experi\u00eancia refor\u00e7a uma das principais miss\u00f5es da institui\u00e7\u00e3o: mostrar as capacidades de cada aluno e ampliar os espa\u00e7os de participa\u00e7\u00e3o na comunidade.<\/p>\n\n\n\n<p class=\"wp-block-paragraph\">\u201cAcreditamos muito no esporte como uma ferramenta de inclus\u00e3o, transforma\u00e7\u00e3o e desenvolvimento dessas pessoas. Esse momento \u00e9 especial e importante para que os nossos alunos com defici\u00eancia possam mostrar que eles tamb\u00e9m t\u00eam potencialidades antes da sua defici\u00eancia\u201d, enfatiza.<\/p>\n\n\n\n<p class=\"wp-block-paragraph\">A participa\u00e7\u00e3o da Apae na final tamb\u00e9m esteve ligada a uma a\u00e7\u00e3o de car\u00e1ter social promovida pelo campeonato. Os valores arrecadados com as penalidades aplicadas a jogadores e comiss\u00f5es t\u00e9cnicas ao longo da competi\u00e7\u00e3o ser\u00e3o destinados \u00e0 entidade.<\/p>\n\n\n\n<h2 class=\"wp-block-heading\"><strong>Mais <\/strong><strong>que um jogo<\/strong><\/h2>\n\n\n\n<p class=\"wp-block-paragraph\">A partida dos alunos da Apae mostrou que o esporte pode ser uma ponte entre diferentes realidades. Em poucos minutos, a quadra se tornou um espa\u00e7o de conviv\u00eancia, visibilidade e reconhecimento.<\/p>\n\n\n\n<p class=\"wp-block-paragraph\">O time Azul ficou com a vit\u00f3ria por 2 a 1. Mas, naquela noite, o resultado mais importante n\u00e3o apareceu no placar. Os verdadeiros campe\u00f5es foram todos os alunos e atletas da Apae que entraram em quadra, participaram da festa e mostraram, diante de toda a comunidade, que inclus\u00e3o tamb\u00e9m se constr\u00f3i com oportunidades.<\/p>\n\n\n\n<figure class=\"wp-block-gallery has-nested-images columns-default is-cropped wp-block-gallery-1 is-layout-flex wp-block-gallery-is-layout-flex\">\n<figure class=\"wp-block-image size-large\"><img loading=\"lazy\" decoding=\"async\" width=\"1024\" height=\"768\" data-id=\"220190\" src=\"https:\/\/folhapopular.info\/wp-content\/uploads\/2026\/09\/APAE_Momento-foi-de-uniao-a-favor-de-uma-grande-causa_Leticia-Echer-1024x768.webp\" alt=\"Momento foi de uni\u00e3o a favor de uma grande causa - Cr\u00e9dito: Let\u00edcia Echer\" class=\"wp-image-220190\" srcset=\"https:\/\/folhapopular.info\/wp-content\/uploads\/2026\/09\/APAE_Momento-foi-de-uniao-a-favor-de-uma-grande-causa_Leticia-Echer-1024x768.webp 1024w, https:\/\/folhapopular.info\/wp-content\/uploads\/2026\/09\/APAE_Momento-foi-de-uniao-a-favor-de-uma-grande-causa_Leticia-Echer-300x225.webp 300w, https:\/\/folhapopular.info\/wp-content\/uploads\/2026\/09\/APAE_Momento-foi-de-uniao-a-favor-de-uma-grande-causa_Leticia-Echer-768x576.webp 768w, https:\/\/folhapopular.info\/wp-content\/uploads\/2026\/09\/APAE_Momento-foi-de-uniao-a-favor-de-uma-grande-causa_Leticia-Echer-1536x1152.webp 1536w, https:\/\/folhapopular.info\/wp-content\/uploads\/2026\/09\/APAE_Momento-foi-de-uniao-a-favor-de-uma-grande-causa_Leticia-Echer-2048x1536.webp 2048w, https:\/\/folhapopular.info\/wp-content\/uploads\/2026\/09\/APAE_Momento-foi-de-uniao-a-favor-de-uma-grande-causa_Leticia-Echer-560x420.webp 560w, https:\/\/folhapopular.info\/wp-content\/uploads\/2026\/09\/APAE_Momento-foi-de-uniao-a-favor-de-uma-grande-causa_Leticia-Echer-80x60.webp 80w, https:\/\/folhapopular.info\/wp-content\/uploads\/2026\/09\/APAE_Momento-foi-de-uniao-a-favor-de-uma-grande-causa_Leticia-Echer-696x522.webp 696w, https:\/\/folhapopular.info\/wp-content\/uploads\/2026\/09\/APAE_Momento-foi-de-uniao-a-favor-de-uma-grande-causa_Leticia-Echer-1068x801.webp 1068w, https:\/\/folhapopular.info\/wp-content\/uploads\/2026\/09\/APAE_Momento-foi-de-uniao-a-favor-de-uma-grande-causa_Leticia-Echer-1920x1440.webp 1920w\" sizes=\"auto, (max-width: 1024px) 100vw, 1024px\" \/><figcaption class=\"wp-element-caption\">Momento foi de uni\u00e3o a favor de uma grande causa<br>Cr\u00e9dito: Let\u00edcia Echer<\/figcaption><\/figure>\n<\/figure>\n","protected":false},"excerpt":{"rendered":"<p>A noite das finais do 1\u00ba Campeonato Municipal de Futsal de Teut\u00f4nia ganhou um significado especial na noite da sexta-feira (28\/8). Durante o intervalo das decis\u00f5es das s\u00e9ries Ouro e Prata, os alunos da Associa\u00e7\u00e3o de Pais e Amigos dos Excepcionais (Apae) de Teut\u00f4nia entraram em quadra para um amistoso e mostraram que o esporte [&hellip;]<\/p>\n","protected":false},"author":732,"featured_media":220191,"comment_status":"open","ping_status":"open","sticky":false,"template":"","format":"standard","meta":{"pmpro_default_level":"","_jetpack_memberships_contains_paid_content":false,"footnotes":""},"categories":[5,16776],"tags":[887,7425,31,17391],"class_list":["post-220189","post","type-post","status-publish","format-standard","has-post-thumbnail","category-esportes","category-paradesporto","tag-apae","tag-apae-teutonia","tag-futsal","tag-paradesporto","pmpro-has-access"],"yoast_head":"<!-- This site is optimized with the Yoast SEO plugin v28.4 - https:\/\/yoast.com\/product\/yoast-seo-wordpress\/ -->\n<title>Apae faz hist\u00f3ria na decis\u00e3o do Municipal de Futsal - Folha Popular<\/title>\n<meta name=\"robots\" content=\"index, follow, max-snippet:-1, max-image-preview:large, max-video-preview:-1\" \/>\n<link rel=\"canonical\" href=\"https:\/\/folhapopular.info\/index.php\/2026\/09\/02\/apae-faz-historia-na-decisao-do-municipal-de-futsal\/\" \/>\n<meta property=\"og:locale\" content=\"pt_BR\" \/>\n<meta property=\"og:type\" content=\"article\" \/>\n<meta property=\"og:title\" content=\"Apae faz hist\u00f3ria na decis\u00e3o do Municipal de Futsal - Folha Popular\" \/>\n<meta property=\"og:description\" content=\"A noite das finais do 1\u00ba Campeonato Municipal de Futsal de Teut\u00f4nia ganhou um significado especial na noite da sexta-feira (28\/8). Durante o intervalo das decis\u00f5es das s\u00e9ries Ouro e Prata, os alunos da Associa\u00e7\u00e3o de Pais e Amigos dos Excepcionais (Apae) de Teut\u00f4nia entraram em quadra para um amistoso e mostraram que o esporte [&hellip;]\" \/>\n<meta property=\"og:url\" content=\"https:\/\/folhapopular.info\/index.php\/2026\/09\/02\/apae-faz-historia-na-decisao-do-municipal-de-futsal\/\" \/>\n<meta property=\"og:site_name\" content=\"Folha Popular\" \/>\n<meta property=\"article:author\" content=\"https:\/\/www.facebook.com\/luis.huppes\/\" \/>\n<meta property=\"article:published_time\" content=\"2026-09-02T12:43:41+00:00\" \/>\n<meta property=\"article:modified_time\" content=\"2026-09-02T12:48:23+00:00\" \/>\n<meta property=\"og:image\" content=\"https:\/\/folhapopular.info\/wp-content\/uploads\/2026\/09\/APAE_Amistoso-serviu-para-coroar-os-verdadeiros-campeoes_Leticia-Echer-scaled.webp\" \/>\n\t<meta property=\"og:image:width\" content=\"2560\" \/>\n\t<meta property=\"og:image:height\" content=\"1920\" \/>\n\t<meta property=\"og:image:type\" content=\"image\/webp\" \/>\n<meta name=\"author\" content=\"Luis Augusto Huppes\" \/>\n<meta name=\"twitter:card\" content=\"summary_large_image\" \/>\n<meta name=\"twitter:label1\" content=\"Escrito por\" \/>\n\t<meta name=\"twitter:data1\" content=\"Luis Augusto Huppes\" \/>\n\t<meta name=\"twitter:label2\" content=\"Est. tempo de leitura\" \/>\n\t<meta name=\"twitter:data2\" content=\"4 minutos\" \/>\n<script type=\"application\/ld+json\" class=\"yoast-schema-graph\">{\"@context\":\"https:\\\/\\\/schema.org\",\"@graph\":[{\"@type\":\"Article\",\"@id\":\"https:\\\/\\\/folhapopular.info\\\/index.php\\\/2026\\\/09\\\/02\\\/apae-faz-historia-na-decisao-do-municipal-de-futsal\\\/#article\",\"isPartOf\":{\"@id\":\"https:\\\/\\\/folhapopular.info\\\/index.php\\\/2026\\\/09\\\/02\\\/apae-faz-historia-na-decisao-do-municipal-de-futsal\\\/\"},\"author\":{\"name\":\"Luis Augusto Huppes\",\"@id\":\"https:\\\/\\\/folhapopular.info\\\/#\\\/schema\\\/person\\\/e852c327371714676d02e58cf917fd9f\"},\"headline\":\"Apae faz hist\u00f3ria na decis\u00e3o do Municipal de Futsal\",\"datePublished\":\"2026-09-02T12:43:41+00:00\",\"dateModified\":\"2026-09-02T12:48:23+00:00\",\"mainEntityOfPage\":{\"@id\":\"https:\\\/\\\/folhapopular.info\\\/index.php\\\/2026\\\/09\\\/02\\\/apae-faz-historia-na-decisao-do-municipal-de-futsal\\\/\"},\"wordCount\":553,\"commentCount\":0,\"image\":{\"@id\":\"https:\\\/\\\/folhapopular.info\\\/index.php\\\/2026\\\/09\\\/02\\\/apae-faz-historia-na-decisao-do-municipal-de-futsal\\\/#primaryimage\"},\"thumbnailUrl\":\"https:\\\/\\\/folhapopular.info\\\/wp-content\\\/uploads\\\/2026\\\/09\\\/APAE_Amistoso-serviu-para-coroar-os-verdadeiros-campeoes_Leticia-Echer-scaled.webp\",\"keywords\":[\"Apae\",\"Apae Teut\u00f4nia\",\"Futsal\",\"Paradesporto\"],\"articleSection\":[\"Esportes\",\"Paradesporto\"],\"inLanguage\":\"pt-BR\",\"potentialAction\":[{\"@type\":\"CommentAction\",\"name\":\"Comment\",\"target\":[\"https:\\\/\\\/folhapopular.info\\\/index.php\\\/2026\\\/09\\\/02\\\/apae-faz-historia-na-decisao-do-municipal-de-futsal\\\/#respond\"]}]},{\"@type\":\"WebPage\",\"@id\":\"https:\\\/\\\/folhapopular.info\\\/index.php\\\/2026\\\/09\\\/02\\\/apae-faz-historia-na-decisao-do-municipal-de-futsal\\\/\",\"url\":\"https:\\\/\\\/folhapopular.info\\\/index.php\\\/2026\\\/09\\\/02\\\/apae-faz-historia-na-decisao-do-municipal-de-futsal\\\/\",\"name\":\"Apae faz hist\u00f3ria na decis\u00e3o do Municipal de Futsal - Folha Popular\",\"isPartOf\":{\"@id\":\"https:\\\/\\\/folhapopular.info\\\/#website\"},\"primaryImageOfPage\":{\"@id\":\"https:\\\/\\\/folhapopular.info\\\/index.php\\\/2026\\\/09\\\/02\\\/apae-faz-historia-na-decisao-do-municipal-de-futsal\\\/#primaryimage\"},\"image\":{\"@id\":\"https:\\\/\\\/folhapopular.info\\\/index.php\\\/2026\\\/09\\\/02\\\/apae-faz-historia-na-decisao-do-municipal-de-futsal\\\/#primaryimage\"},\"thumbnailUrl\":\"https:\\\/\\\/folhapopular.info\\\/wp-content\\\/uploads\\\/2026\\\/09\\\/APAE_Amistoso-serviu-para-coroar-os-verdadeiros-campeoes_Leticia-Echer-scaled.webp\",\"datePublished\":\"2026-09-02T12:43:41+00:00\",\"dateModified\":\"2026-09-02T12:48:23+00:00\",\"author\":{\"@id\":\"https:\\\/\\\/folhapopular.info\\\/#\\\/schema\\\/person\\\/e852c327371714676d02e58cf917fd9f\"},\"breadcrumb\":{\"@id\":\"https:\\\/\\\/folhapopular.info\\\/index.php\\\/2026\\\/09\\\/02\\\/apae-faz-historia-na-decisao-do-municipal-de-futsal\\\/#breadcrumb\"},\"inLanguage\":\"pt-BR\",\"potentialAction\":[{\"@type\":\"ReadAction\",\"target\":[\"https:\\\/\\\/folhapopular.info\\\/index.php\\\/2026\\\/09\\\/02\\\/apae-faz-historia-na-decisao-do-municipal-de-futsal\\\/\"]}]},{\"@type\":\"ImageObject\",\"inLanguage\":\"pt-BR\",\"@id\":\"https:\\\/\\\/folhapopular.info\\\/index.php\\\/2026\\\/09\\\/02\\\/apae-faz-historia-na-decisao-do-municipal-de-futsal\\\/#primaryimage\",\"url\":\"https:\\\/\\\/folhapopular.info\\\/wp-content\\\/uploads\\\/2026\\\/09\\\/APAE_Amistoso-serviu-para-coroar-os-verdadeiros-campeoes_Leticia-Echer-scaled.webp\",\"contentUrl\":\"https:\\\/\\\/folhapopular.info\\\/wp-content\\\/uploads\\\/2026\\\/09\\\/APAE_Amistoso-serviu-para-coroar-os-verdadeiros-campeoes_Leticia-Echer-scaled.webp\",\"width\":2560,\"height\":1920,\"caption\":\"Amistoso serviu para coroar os verdadeiros campe\u00f5es - Cr\u00e9dito: Let\u00edcia Echer\"},{\"@type\":\"BreadcrumbList\",\"@id\":\"https:\\\/\\\/folhapopular.info\\\/index.php\\\/2026\\\/09\\\/02\\\/apae-faz-historia-na-decisao-do-municipal-de-futsal\\\/#breadcrumb\",\"itemListElement\":[{\"@type\":\"ListItem\",\"position\":1,\"name\":\"In\u00edcio\",\"item\":\"https:\\\/\\\/folhapopular.info\\\/\"},{\"@type\":\"ListItem\",\"position\":2,\"name\":\"Apae faz hist\u00f3ria na decis\u00e3o do Municipal de Futsal\"}]},{\"@type\":\"WebSite\",\"@id\":\"https:\\\/\\\/folhapopular.info\\\/#website\",\"url\":\"https:\\\/\\\/folhapopular.info\\\/\",\"name\":\"Folha Popular\",\"description\":\"Onde voc\u00ea tem vez e voz\",\"potentialAction\":[{\"@type\":\"SearchAction\",\"target\":{\"@type\":\"EntryPoint\",\"urlTemplate\":\"https:\\\/\\\/folhapopular.info\\\/?s={search_term_string}\"},\"query-input\":{\"@type\":\"PropertyValueSpecification\",\"valueRequired\":true,\"valueName\":\"search_term_string\"}}],\"inLanguage\":\"pt-BR\"},{\"@type\":\"Person\",\"@id\":\"https:\\\/\\\/folhapopular.info\\\/#\\\/schema\\\/person\\\/e852c327371714676d02e58cf917fd9f\",\"name\":\"Luis Augusto Huppes\",\"image\":{\"@type\":\"ImageObject\",\"inLanguage\":\"pt-BR\",\"@id\":\"https:\\\/\\\/folhapopular.info\\\/wp-content\\\/uploads\\\/2026\\\/04\\\/Luis-Augusto-Huppes-1-1.webp\",\"url\":\"https:\\\/\\\/folhapopular.info\\\/wp-content\\\/uploads\\\/2026\\\/04\\\/Luis-Augusto-Huppes-1-1.webp\",\"contentUrl\":\"https:\\\/\\\/folhapopular.info\\\/wp-content\\\/uploads\\\/2026\\\/04\\\/Luis-Augusto-Huppes-1-1.webp\",\"caption\":\"Luis Augusto Huppes\"},\"sameAs\":[\"https:\\\/\\\/www.facebook.com\\\/luis.huppes\\\/\",\"https:\\\/\\\/www.instagram.com\\\/luis.huppes\\\/\",\"https:\\\/\\\/www.linkedin.com\\\/in\\\/luis-augusto-huppes-2554b52b7\\\/\"],\"url\":\"https:\\\/\\\/folhapopular.info\\\/index.php\\\/author\\\/luis-augusto-huppes\\\/\"}]}<\/script>\n<!-- \/ Yoast SEO plugin. -->","yoast_head_json":{"title":"Apae faz hist\u00f3ria na decis\u00e3o do Municipal de Futsal - Folha Popular","robots":{"index":"index","follow":"follow","max-snippet":"max-snippet:-1","max-image-preview":"max-image-preview:large","max-video-preview":"max-video-preview:-1"},"canonical":"https:\/\/folhapopular.info\/index.php\/2026\/09\/02\/apae-faz-historia-na-decisao-do-municipal-de-futsal\/","og_locale":"pt_BR","og_type":"article","og_title":"Apae faz hist\u00f3ria na decis\u00e3o do Municipal de Futsal - Folha Popular","og_description":"A noite das finais do 1\u00ba Campeonato Municipal de Futsal de Teut\u00f4nia ganhou um significado especial na noite da sexta-feira (28\/8). Durante o intervalo das decis\u00f5es das s\u00e9ries Ouro e Prata, os alunos da Associa\u00e7\u00e3o de Pais e Amigos dos Excepcionais (Apae) de Teut\u00f4nia entraram em quadra para um amistoso e mostraram que o esporte [&hellip;]","og_url":"https:\/\/folhapopular.info\/index.php\/2026\/09\/02\/apae-faz-historia-na-decisao-do-municipal-de-futsal\/","og_site_name":"Folha Popular","article_author":"https:\/\/www.facebook.com\/luis.huppes\/","article_published_time":"2026-09-02T12:43:41+00:00","article_modified_time":"2026-09-02T12:48:23+00:00","og_image":[{"width":2560,"height":1920,"url":"https:\/\/folhapopular.info\/wp-content\/uploads\/2026\/09\/APAE_Amistoso-serviu-para-coroar-os-verdadeiros-campeoes_Leticia-Echer-scaled.webp","type":"image\/webp"}],"author":"Luis Augusto Huppes","twitter_card":"summary_large_image","twitter_misc":{"Escrito por":"Luis Augusto Huppes","Est. tempo de leitura":"4 minutos"},"schema":{"@context":"https:\/\/schema.org","@graph":[{"@type":"Article","@id":"https:\/\/folhapopular.info\/index.php\/2026\/09\/02\/apae-faz-historia-na-decisao-do-municipal-de-futsal\/#article","isPartOf":{"@id":"https:\/\/folhapopular.info\/index.php\/2026\/09\/02\/apae-faz-historia-na-decisao-do-municipal-de-futsal\/"},"author":{"name":"Luis Augusto Huppes","@id":"https:\/\/folhapopular.info\/#\/schema\/person\/e852c327371714676d02e58cf917fd9f"},"headline":"Apae faz hist\u00f3ria na decis\u00e3o do Municipal de Futsal","datePublished":"2026-09-02T12:43:41+00:00","dateModified":"2026-09-02T12:48:23+00:00","mainEntityOfPage":{"@id":"https:\/\/folhapopular.info\/index.php\/2026\/09\/02\/apae-faz-historia-na-decisao-do-municipal-de-futsal\/"},"wordCount":553,"commentCount":0,"image":{"@id":"https:\/\/folhapopular.info\/index.php\/2026\/09\/02\/apae-faz-historia-na-decisao-do-municipal-de-futsal\/#primaryimage"},"thumbnailUrl":"https:\/\/folhapopular.info\/wp-content\/uploads\/2026\/09\/APAE_Amistoso-serviu-para-coroar-os-verdadeiros-campeoes_Leticia-Echer-scaled.webp","keywords":["Apae","Apae Teut\u00f4nia","Futsal","Paradesporto"],"articleSection":["Esportes","Paradesporto"],"inLanguage":"pt-BR","potentialAction":[{"@type":"CommentAction","name":"Comment","target":["https:\/\/folhapopular.info\/index.php\/2026\/09\/02\/apae-faz-historia-na-decisao-do-municipal-de-futsal\/#respond"]}]},{"@type":"WebPage","@id":"https:\/\/folhapopular.info\/index.php\/2026\/09\/02\/apae-faz-historia-na-decisao-do-municipal-de-futsal\/","url":"https:\/\/folhapopular.info\/index.php\/2026\/09\/02\/apae-faz-historia-na-decisao-do-municipal-de-futsal\/","name":"Apae faz hist\u00f3ria na decis\u00e3o do Municipal de Futsal - Folha Popular","isPartOf":{"@id":"https:\/\/folhapopular.info\/#website"},"primaryImageOfPage":{"@id":"https:\/\/folhapopular.info\/index.php\/2026\/09\/02\/apae-faz-historia-na-decisao-do-municipal-de-futsal\/#primaryimage"},"image":{"@id":"https:\/\/folhapopular.info\/index.php\/2026\/09\/02\/apae-faz-historia-na-decisao-do-municipal-de-futsal\/#primaryimage"},"thumbnailUrl":"https:\/\/folhapopular.info\/wp-content\/uploads\/2026\/09\/APAE_Amistoso-serviu-para-coroar-os-verdadeiros-campeoes_Leticia-Echer-scaled.webp","datePublished":"2026-09-02T12:43:41+00:00","dateModified":"2026-09-02T12:48:23+00:00","author":{"@id":"https:\/\/folhapopular.info\/#\/schema\/person\/e852c327371714676d02e58cf917fd9f"},"breadcrumb":{"@id":"https:\/\/folhapopular.info\/index.php\/2026\/09\/02\/apae-faz-historia-na-decisao-do-municipal-de-futsal\/#breadcrumb"},"inLanguage":"pt-BR","potentialAction":[{"@type":"ReadAction","target":["https:\/\/folhapopular.info\/index.php\/2026\/09\/02\/apae-faz-historia-na-decisao-do-municipal-de-futsal\/"]}]},{"@type":"ImageObject","inLanguage":"pt-BR","@id":"https:\/\/folhapopular.info\/index.php\/2026\/09\/02\/apae-faz-historia-na-decisao-do-municipal-de-futsal\/#primaryimage","url":"https:\/\/folhapopular.info\/wp-content\/uploads\/2026\/09\/APAE_Amistoso-serviu-para-coroar-os-verdadeiros-campeoes_Leticia-Echer-scaled.webp","contentUrl":"https:\/\/folhapopular.info\/wp-content\/uploads\/2026\/09\/APAE_Amistoso-serviu-para-coroar-os-verdadeiros-campeoes_Leticia-Echer-scaled.webp","width":2560,"height":1920,"caption":"Amistoso serviu para coroar os verdadeiros campe\u00f5es - Cr\u00e9dito: Let\u00edcia Echer"},{"@type":"BreadcrumbList","@id":"https:\/\/folhapopular.info\/index.php\/2026\/09\/02\/apae-faz-historia-na-decisao-do-municipal-de-futsal\/#breadcrumb","itemListElement":[{"@type":"ListItem","position":1,"name":"In\u00edcio","item":"https:\/\/folhapopular.info\/"},{"@type":"ListItem","position":2,"name":"Apae faz hist\u00f3ria na decis\u00e3o do Municipal de Futsal"}]},{"@type":"WebSite","@id":"https:\/\/folhapopular.info\/#website","url":"https:\/\/folhapopular.info\/","name":"Folha Popular","description":"Onde voc\u00ea tem vez e voz","potentialAction":[{"@type":"SearchAction","target":{"@type":"EntryPoint","urlTemplate":"https:\/\/folhapopular.info\/?s={search_term_string}"},"query-input":{"@type":"PropertyValueSpecification","valueRequired":true,"valueName":"search_term_string"}}],"inLanguage":"pt-BR"},{"@type":"Person","@id":"https:\/\/folhapopular.info\/#\/schema\/person\/e852c327371714676d02e58cf917fd9f","name":"Luis Augusto Huppes","image":{"@type":"ImageObject","inLanguage":"pt-BR","@id":"https:\/\/folhapopular.info\/wp-content\/uploads\/2026\/04\/Luis-Augusto-Huppes-1-1.webp","url":"https:\/\/folhapopular.info\/wp-content\/uploads\/2026\/04\/Luis-Augusto-Huppes-1-1.webp","contentUrl":"https:\/\/folhapopular.info\/wp-content\/uploads\/2026\/04\/Luis-Augusto-Huppes-1-1.webp","caption":"Luis Augusto Huppes"},"sameAs":["https:\/\/www.facebook.com\/luis.huppes\/","https:\/\/www.instagram.com\/luis.huppes\/","https:\/\/www.linkedin.com\/in\/luis-augusto-huppes-2554b52b7\/"],"url":"https:\/\/folhapopular.info\/index.php\/author\/luis-augusto-huppes\/"}]}},"jetpack_sharing_enabled":true,"amp_enabled":true,"jetpack_featured_media_url":"https:\/\/folhapopular.info\/wp-content\/uploads\/2026\/09\/APAE_Amistoso-serviu-para-coroar-os-verdadeiros-campeoes_Leticia-Echer-scaled.webp","_links":{"self":[{"href":"https:\/\/folhapopular.info\/index.php\/wp-json\/wp\/v2\/posts\/220189","targetHints":{"allow":["GET"]}}],"collection":[{"href":"https:\/\/folhapopular.info\/index.php\/wp-json\/wp\/v2\/posts"}],"about":[{"href":"https:\/\/folhapopular.info\/index.php\/wp-json\/wp\/v2\/types\/post"}],"author":[{"embeddable":true,"href":"https:\/\/folhapopular.info\/index.php\/wp-json\/wp\/v2\/users\/732"}],"replies":[{"embeddable":true,"href":"https:\/\/folhapopular.info\/index.php\/wp-json\/wp\/v2\/comments?post=220189"}],"version-history":[{"count":1,"href":"https:\/\/folhapopular.info\/index.php\/wp-json\/wp\/v2\/posts\/220189\/revisions"}],"predecessor-version":[{"id":220192,"href":"https:\/\/folhapopular.info\/index.php\/wp-json\/wp\/v2\/posts\/220189\/revisions\/220192"}],"wp:featuredmedia":[{"embeddable":true,"href":"https:\/\/folhapopular.info\/index.php\/wp-json\/wp\/v2\/media\/220191"}],"wp:attachment":[{"href":"https:\/\/folhapopular.info\/index.php\/wp-json\/wp\/v2\/media?parent=220189"}],"wp:term":[{"taxonomy":"category","embeddable":true,"href":"https:\/\/folhapopular.info\/index.php\/wp-json\/wp\/v2\/categories?post=220189"},{"taxonomy":"post_tag","embeddable":true,"href":"https:\/\/folhapopular.info\/index.php\/wp-json\/wp\/v2\/tags?post=220189"}],"curies":[{"name":"wp","href":"https:\/\/api.w.org\/{rel}","templated":true}]}}