{"id":220193,"date":"2026-09-02T09:55:45","date_gmt":"2026-09-02T12:55:45","guid":{"rendered":"https:\/\/folhapopular.info\/?p=220193"},"modified":"2026-09-02T09:55:47","modified_gmt":"2026-09-02T12:55:47","slug":"tais-da-costa-silva-conquista-medalhas-em-etapa-nacional-de-parabadminton","status":"publish","type":"post","link":"https:\/\/folhapopular.info\/index.php\/2026\/09\/02\/tais-da-costa-silva-conquista-medalhas-em-etapa-nacional-de-parabadminton\/","title":{"rendered":"Tais da Costa Silva conquista medalhas em etapa Nacional de Parabadminton"},"content":{"rendered":"\n<p class=\"wp-block-paragraph\">A paveramense Tais da Costa Silva voltou a subir ao p\u00f3dio em uma competi\u00e7\u00e3o nacional de sua modalidade esportiva. Aos 17 anos, a atleta conquistou duas medalhas na 2\u00aa Etapa Nacional de Parabadminton 2026, realizada entre os dias 26 e 30 de agosto, na Arena Niter\u00f3i, no Rio de Janeiro.<\/p>\n\n\n\n<p class=\"wp-block-paragraph\">O principal resultado veio nas duplas femininas da categoria SL3-SU5, em que formou parceria com Laura Fernandes da Fontoura e conquistou a medalha de ouro. Na Simples Feminino SL3, Tais ficou com a prata.<\/p>\n\n\n\n<p class=\"wp-block-paragraph\">O t\u00edtulo nas duplas marcou mais um resultado expressivo da parceria. Tais e Laura terminaram na 1\u00aa coloca\u00e7\u00e3o de grupo formado por cinco duplas. A conquista tamb\u00e9m representa o bicampeonato de Tais nas duplas femininas. A atleta j\u00e1 havia alcan\u00e7ado o 1\u00ba lugar em competi\u00e7\u00e3o nacional anterior e confirmou o bom momento na temporada mais uma vez.<\/p>\n\n\n\n<p class=\"wp-block-paragraph\">Na Simples, o caminho at\u00e9 a medalha de prata foi marcado por duelos dentro da categoria SL3 Sub-23. Na final, Tais enfrentou Nalu Flor Guarda de Menezes e foi derrotada por 2 sets a 0, com parciais de 15&#215;7 e 15&#215;5. A competi\u00e7\u00e3o individual foi disputada em formato triangular.<\/p>\n\n\n\n<p class=\"wp-block-paragraph\">Apesar de n\u00e3o ter conquistado o ouro na simples, a atleta encerrou a competi\u00e7\u00e3o com duas medalhas e avalia\u00e7\u00e3o positiva sobre a experi\u00eancia no Rio de Janeiro. Para Tais, o resultado serve tamb\u00e9m como motiva\u00e7\u00e3o para a sequ\u00eancia da temporada. \u201cGratid\u00e3o a todos que me apoiaram e incentivaram. Receber esse suporte faz toda a diferen\u00e7a na busca de resultados\u201d, destaca.<\/p>\n\n\n\n<p class=\"wp-block-paragraph\">Tais tamb\u00e9m projeta continuidade no circuito nacional e espera voltar ainda mais forte para os pr\u00f3ximos desafios. \u201cO campeonato estava muito bom e v\u00eam mais medalhas no pr\u00f3ximo\u201d, afirma.<\/p>\n\n\n\n<p class=\"wp-block-paragraph\">A 2\u00aa Etapa Nacional de Parabadminton foi uma competi\u00e7\u00e3o v\u00e1lida pelo Ranking Nacional da modalidade e reuniu atletas de diferentes regi\u00f5es do pa\u00eds.<\/p>\n\n\n\n<p class=\"wp-block-paragraph\">Para Tais, a etapa em Niter\u00f3i refor\u00e7a uma temporada marcada por resultados importantes. Vinculada \u00e0 Associa\u00e7\u00e3o Esporte+, do Rio Grande do Sul, a atleta j\u00e1 havia aparecido entre os destaques nacionais da categoria e acumula participa\u00e7\u00f5es em competi\u00e7\u00f5es pelo pa\u00eds.<\/p>\n\n\n\n<p class=\"wp-block-paragraph\">Ainda com muitos desafios pela frente, a jovem atleta agora direciona a prepara\u00e7\u00e3o para as pr\u00f3ximas competi\u00e7\u00f5es. Depois de deixar Niter\u00f3i com dois p\u00f3dios, o objetivo \u00e9 manter a evolu\u00e7\u00e3o e ampliar a cole\u00e7\u00e3o de medalhas nas pr\u00f3ximas etapas.<\/p>\n\n\n\n<p class=\"wp-block-paragraph\">\u201cFiquei feliz com a medalha de prata. Claro que sempre busco o ouro, mas foi uma experi\u00eancia importante e que vai me ajudar a evoluir\u201d, completa.<\/p>\n","protected":false},"excerpt":{"rendered":"<p>A paveramense Tais da Costa Silva voltou a subir ao p\u00f3dio em uma competi\u00e7\u00e3o nacional de sua modalidade esportiva. Aos 17 anos, a atleta conquistou duas medalhas na 2\u00aa Etapa Nacional de Parabadminton 2026, realizada entre os dias 26 e 30 de agosto, na Arena Niter\u00f3i, no Rio de Janeiro. O principal resultado veio nas [&hellip;]<\/p>\n","protected":false},"author":732,"featured_media":220194,"comment_status":"open","ping_status":"open","sticky":false,"template":"","format":"standard","meta":{"pmpro_default_level":"","_jetpack_memberships_contains_paid_content":false,"footnotes":""},"categories":[5,16776],"tags":[17391,46,7588],"class_list":["post-220193","post","type-post","status-publish","format-standard","has-post-thumbnail","category-esportes","category-paradesporto","tag-paradesporto","tag-paverama","tag-tais-da-costa-silva","pmpro-has-access"],"yoast_head":"<!-- This site is optimized with the Yoast SEO plugin v28.4 - https:\/\/yoast.com\/product\/yoast-seo-wordpress\/ -->\n<title>Tais da Costa Silva conquista medalhas em etapa Nacional de Parabadminton - Folha Popular<\/title>\n<meta name=\"description\" content=\"Tais da Costa Silva voltou a subir ao p\u00f3dio em uma competi\u00e7\u00e3o nacional de sua modalidade esportiva. Aos 17 anos, a atleta conquistou duas medalhas na 2\u00aa Etapa Nacional de Parabadminton 2026.\" \/>\n<meta name=\"robots\" content=\"index, follow, max-snippet:-1, max-image-preview:large, max-video-preview:-1\" \/>\n<link rel=\"canonical\" href=\"https:\/\/folhapopular.info\/index.php\/2026\/09\/02\/tais-da-costa-silva-conquista-medalhas-em-etapa-nacional-de-parabadminton\/\" \/>\n<meta property=\"og:locale\" content=\"pt_BR\" \/>\n<meta property=\"og:type\" content=\"article\" \/>\n<meta property=\"og:title\" content=\"Tais da Costa Silva conquista medalhas em etapa Nacional de Parabadminton - Folha Popular\" \/>\n<meta property=\"og:description\" content=\"Tais da Costa Silva voltou a subir ao p\u00f3dio em uma competi\u00e7\u00e3o nacional de sua modalidade esportiva. Aos 17 anos, a atleta conquistou duas medalhas na 2\u00aa Etapa Nacional de Parabadminton 2026.\" \/>\n<meta property=\"og:url\" content=\"https:\/\/folhapopular.info\/index.php\/2026\/09\/02\/tais-da-costa-silva-conquista-medalhas-em-etapa-nacional-de-parabadminton\/\" \/>\n<meta property=\"og:site_name\" content=\"Folha Popular\" \/>\n<meta property=\"article:author\" content=\"https:\/\/www.facebook.com\/luis.huppes\/\" \/>\n<meta property=\"article:published_time\" content=\"2026-09-02T12:55:45+00:00\" \/>\n<meta property=\"article:modified_time\" content=\"2026-09-02T12:55:47+00:00\" \/>\n<meta property=\"og:image\" content=\"https:\/\/folhapopular.info\/wp-content\/uploads\/2026\/09\/TAIS_Tais-teve-otimo-desempenho-no-Rio-de-Janeiro_Arquivo-Pessoal.webp\" \/>\n\t<meta property=\"og:image:width\" content=\"900\" \/>\n\t<meta property=\"og:image:height\" content=\"1600\" \/>\n\t<meta property=\"og:image:type\" content=\"image\/webp\" \/>\n<meta name=\"author\" content=\"Luis Augusto Huppes\" \/>\n<meta name=\"twitter:card\" content=\"summary_large_image\" \/>\n<meta name=\"twitter:label1\" content=\"Escrito por\" \/>\n\t<meta name=\"twitter:data1\" content=\"Luis Augusto Huppes\" \/>\n\t<meta name=\"twitter:label2\" content=\"Est. tempo de leitura\" \/>\n\t<meta name=\"twitter:data2\" content=\"3 minutos\" \/>\n<script type=\"application\/ld+json\" class=\"yoast-schema-graph\">{\"@context\":\"https:\\\/\\\/schema.org\",\"@graph\":[{\"@type\":\"Article\",\"@id\":\"https:\\\/\\\/folhapopular.info\\\/index.php\\\/2026\\\/09\\\/02\\\/tais-da-costa-silva-conquista-medalhas-em-etapa-nacional-de-parabadminton\\\/#article\",\"isPartOf\":{\"@id\":\"https:\\\/\\\/folhapopular.info\\\/index.php\\\/2026\\\/09\\\/02\\\/tais-da-costa-silva-conquista-medalhas-em-etapa-nacional-de-parabadminton\\\/\"},\"author\":{\"name\":\"Luis Augusto Huppes\",\"@id\":\"https:\\\/\\\/folhapopular.info\\\/#\\\/schema\\\/person\\\/e852c327371714676d02e58cf917fd9f\"},\"headline\":\"Tais da Costa Silva conquista medalhas em etapa Nacional de Parabadminton\",\"datePublished\":\"2026-09-02T12:55:45+00:00\",\"dateModified\":\"2026-09-02T12:55:47+00:00\",\"mainEntityOfPage\":{\"@id\":\"https:\\\/\\\/folhapopular.info\\\/index.php\\\/2026\\\/09\\\/02\\\/tais-da-costa-silva-conquista-medalhas-em-etapa-nacional-de-parabadminton\\\/\"},\"wordCount\":448,\"commentCount\":0,\"image\":{\"@id\":\"https:\\\/\\\/folhapopular.info\\\/index.php\\\/2026\\\/09\\\/02\\\/tais-da-costa-silva-conquista-medalhas-em-etapa-nacional-de-parabadminton\\\/#primaryimage\"},\"thumbnailUrl\":\"https:\\\/\\\/folhapopular.info\\\/wp-content\\\/uploads\\\/2026\\\/09\\\/TAIS_Tais-teve-otimo-desempenho-no-Rio-de-Janeiro_Arquivo-Pessoal.webp\",\"keywords\":[\"Paradesporto\",\"Paverama\",\"Tais da Costa Silva\"],\"articleSection\":[\"Esportes\",\"Paradesporto\"],\"inLanguage\":\"pt-BR\",\"potentialAction\":[{\"@type\":\"CommentAction\",\"name\":\"Comment\",\"target\":[\"https:\\\/\\\/folhapopular.info\\\/index.php\\\/2026\\\/09\\\/02\\\/tais-da-costa-silva-conquista-medalhas-em-etapa-nacional-de-parabadminton\\\/#respond\"]}]},{\"@type\":\"WebPage\",\"@id\":\"https:\\\/\\\/folhapopular.info\\\/index.php\\\/2026\\\/09\\\/02\\\/tais-da-costa-silva-conquista-medalhas-em-etapa-nacional-de-parabadminton\\\/\",\"url\":\"https:\\\/\\\/folhapopular.info\\\/index.php\\\/2026\\\/09\\\/02\\\/tais-da-costa-silva-conquista-medalhas-em-etapa-nacional-de-parabadminton\\\/\",\"name\":\"Tais da Costa Silva conquista medalhas em etapa Nacional de Parabadminton - Folha Popular\",\"isPartOf\":{\"@id\":\"https:\\\/\\\/folhapopular.info\\\/#website\"},\"primaryImageOfPage\":{\"@id\":\"https:\\\/\\\/folhapopular.info\\\/index.php\\\/2026\\\/09\\\/02\\\/tais-da-costa-silva-conquista-medalhas-em-etapa-nacional-de-parabadminton\\\/#primaryimage\"},\"image\":{\"@id\":\"https:\\\/\\\/folhapopular.info\\\/index.php\\\/2026\\\/09\\\/02\\\/tais-da-costa-silva-conquista-medalhas-em-etapa-nacional-de-parabadminton\\\/#primaryimage\"},\"thumbnailUrl\":\"https:\\\/\\\/folhapopular.info\\\/wp-content\\\/uploads\\\/2026\\\/09\\\/TAIS_Tais-teve-otimo-desempenho-no-Rio-de-Janeiro_Arquivo-Pessoal.webp\",\"datePublished\":\"2026-09-02T12:55:45+00:00\",\"dateModified\":\"2026-09-02T12:55:47+00:00\",\"author\":{\"@id\":\"https:\\\/\\\/folhapopular.info\\\/#\\\/schema\\\/person\\\/e852c327371714676d02e58cf917fd9f\"},\"description\":\"Tais da Costa Silva voltou a subir ao p\u00f3dio em uma competi\u00e7\u00e3o nacional de sua modalidade esportiva. Aos 17 anos, a atleta conquistou duas medalhas na 2\u00aa Etapa Nacional de Parabadminton 2026.\",\"breadcrumb\":{\"@id\":\"https:\\\/\\\/folhapopular.info\\\/index.php\\\/2026\\\/09\\\/02\\\/tais-da-costa-silva-conquista-medalhas-em-etapa-nacional-de-parabadminton\\\/#breadcrumb\"},\"inLanguage\":\"pt-BR\",\"potentialAction\":[{\"@type\":\"ReadAction\",\"target\":[\"https:\\\/\\\/folhapopular.info\\\/index.php\\\/2026\\\/09\\\/02\\\/tais-da-costa-silva-conquista-medalhas-em-etapa-nacional-de-parabadminton\\\/\"]}]},{\"@type\":\"ImageObject\",\"inLanguage\":\"pt-BR\",\"@id\":\"https:\\\/\\\/folhapopular.info\\\/index.php\\\/2026\\\/09\\\/02\\\/tais-da-costa-silva-conquista-medalhas-em-etapa-nacional-de-parabadminton\\\/#primaryimage\",\"url\":\"https:\\\/\\\/folhapopular.info\\\/wp-content\\\/uploads\\\/2026\\\/09\\\/TAIS_Tais-teve-otimo-desempenho-no-Rio-de-Janeiro_Arquivo-Pessoal.webp\",\"contentUrl\":\"https:\\\/\\\/folhapopular.info\\\/wp-content\\\/uploads\\\/2026\\\/09\\\/TAIS_Tais-teve-otimo-desempenho-no-Rio-de-Janeiro_Arquivo-Pessoal.webp\",\"width\":900,\"height\":1600,\"caption\":\"Tais teve \u00f3timo desempenho no Rio de Janeiro - Cr\u00e9dito: Arquivo Pessoal\"},{\"@type\":\"BreadcrumbList\",\"@id\":\"https:\\\/\\\/folhapopular.info\\\/index.php\\\/2026\\\/09\\\/02\\\/tais-da-costa-silva-conquista-medalhas-em-etapa-nacional-de-parabadminton\\\/#breadcrumb\",\"itemListElement\":[{\"@type\":\"ListItem\",\"position\":1,\"name\":\"In\u00edcio\",\"item\":\"https:\\\/\\\/folhapopular.info\\\/\"},{\"@type\":\"ListItem\",\"position\":2,\"name\":\"Tais da Costa Silva conquista medalhas em etapa Nacional de Parabadminton\"}]},{\"@type\":\"WebSite\",\"@id\":\"https:\\\/\\\/folhapopular.info\\\/#website\",\"url\":\"https:\\\/\\\/folhapopular.info\\\/\",\"name\":\"Folha Popular\",\"description\":\"Onde voc\u00ea tem vez e voz\",\"potentialAction\":[{\"@type\":\"SearchAction\",\"target\":{\"@type\":\"EntryPoint\",\"urlTemplate\":\"https:\\\/\\\/folhapopular.info\\\/?s={search_term_string}\"},\"query-input\":{\"@type\":\"PropertyValueSpecification\",\"valueRequired\":true,\"valueName\":\"search_term_string\"}}],\"inLanguage\":\"pt-BR\"},{\"@type\":\"Person\",\"@id\":\"https:\\\/\\\/folhapopular.info\\\/#\\\/schema\\\/person\\\/e852c327371714676d02e58cf917fd9f\",\"name\":\"Luis Augusto Huppes\",\"image\":{\"@type\":\"ImageObject\",\"inLanguage\":\"pt-BR\",\"@id\":\"https:\\\/\\\/folhapopular.info\\\/wp-content\\\/uploads\\\/2026\\\/04\\\/Luis-Augusto-Huppes-1-1.webp\",\"url\":\"https:\\\/\\\/folhapopular.info\\\/wp-content\\\/uploads\\\/2026\\\/04\\\/Luis-Augusto-Huppes-1-1.webp\",\"contentUrl\":\"https:\\\/\\\/folhapopular.info\\\/wp-content\\\/uploads\\\/2026\\\/04\\\/Luis-Augusto-Huppes-1-1.webp\",\"caption\":\"Luis Augusto Huppes\"},\"sameAs\":[\"https:\\\/\\\/www.facebook.com\\\/luis.huppes\\\/\",\"https:\\\/\\\/www.instagram.com\\\/luis.huppes\\\/\",\"https:\\\/\\\/www.linkedin.com\\\/in\\\/luis-augusto-huppes-2554b52b7\\\/\"],\"url\":\"https:\\\/\\\/folhapopular.info\\\/index.php\\\/author\\\/luis-augusto-huppes\\\/\"}]}<\/script>\n<!-- \/ Yoast SEO plugin. -->","yoast_head_json":{"title":"Tais da Costa Silva conquista medalhas em etapa Nacional de Parabadminton - Folha Popular","description":"Tais da Costa Silva voltou a subir ao p\u00f3dio em uma competi\u00e7\u00e3o nacional de sua modalidade esportiva. Aos 17 anos, a atleta conquistou duas medalhas na 2\u00aa Etapa Nacional de Parabadminton 2026.","robots":{"index":"index","follow":"follow","max-snippet":"max-snippet:-1","max-image-preview":"max-image-preview:large","max-video-preview":"max-video-preview:-1"},"canonical":"https:\/\/folhapopular.info\/index.php\/2026\/09\/02\/tais-da-costa-silva-conquista-medalhas-em-etapa-nacional-de-parabadminton\/","og_locale":"pt_BR","og_type":"article","og_title":"Tais da Costa Silva conquista medalhas em etapa Nacional de Parabadminton - Folha Popular","og_description":"Tais da Costa Silva voltou a subir ao p\u00f3dio em uma competi\u00e7\u00e3o nacional de sua modalidade esportiva. Aos 17 anos, a atleta conquistou duas medalhas na 2\u00aa Etapa Nacional de Parabadminton 2026.","og_url":"https:\/\/folhapopular.info\/index.php\/2026\/09\/02\/tais-da-costa-silva-conquista-medalhas-em-etapa-nacional-de-parabadminton\/","og_site_name":"Folha Popular","article_author":"https:\/\/www.facebook.com\/luis.huppes\/","article_published_time":"2026-09-02T12:55:45+00:00","article_modified_time":"2026-09-02T12:55:47+00:00","og_image":[{"width":900,"height":1600,"url":"https:\/\/folhapopular.info\/wp-content\/uploads\/2026\/09\/TAIS_Tais-teve-otimo-desempenho-no-Rio-de-Janeiro_Arquivo-Pessoal.webp","type":"image\/webp"}],"author":"Luis Augusto Huppes","twitter_card":"summary_large_image","twitter_misc":{"Escrito por":"Luis Augusto Huppes","Est. tempo de leitura":"3 minutos"},"schema":{"@context":"https:\/\/schema.org","@graph":[{"@type":"Article","@id":"https:\/\/folhapopular.info\/index.php\/2026\/09\/02\/tais-da-costa-silva-conquista-medalhas-em-etapa-nacional-de-parabadminton\/#article","isPartOf":{"@id":"https:\/\/folhapopular.info\/index.php\/2026\/09\/02\/tais-da-costa-silva-conquista-medalhas-em-etapa-nacional-de-parabadminton\/"},"author":{"name":"Luis Augusto Huppes","@id":"https:\/\/folhapopular.info\/#\/schema\/person\/e852c327371714676d02e58cf917fd9f"},"headline":"Tais da Costa Silva conquista medalhas em etapa Nacional de Parabadminton","datePublished":"2026-09-02T12:55:45+00:00","dateModified":"2026-09-02T12:55:47+00:00","mainEntityOfPage":{"@id":"https:\/\/folhapopular.info\/index.php\/2026\/09\/02\/tais-da-costa-silva-conquista-medalhas-em-etapa-nacional-de-parabadminton\/"},"wordCount":448,"commentCount":0,"image":{"@id":"https:\/\/folhapopular.info\/index.php\/2026\/09\/02\/tais-da-costa-silva-conquista-medalhas-em-etapa-nacional-de-parabadminton\/#primaryimage"},"thumbnailUrl":"https:\/\/folhapopular.info\/wp-content\/uploads\/2026\/09\/TAIS_Tais-teve-otimo-desempenho-no-Rio-de-Janeiro_Arquivo-Pessoal.webp","keywords":["Paradesporto","Paverama","Tais da Costa Silva"],"articleSection":["Esportes","Paradesporto"],"inLanguage":"pt-BR","potentialAction":[{"@type":"CommentAction","name":"Comment","target":["https:\/\/folhapopular.info\/index.php\/2026\/09\/02\/tais-da-costa-silva-conquista-medalhas-em-etapa-nacional-de-parabadminton\/#respond"]}]},{"@type":"WebPage","@id":"https:\/\/folhapopular.info\/index.php\/2026\/09\/02\/tais-da-costa-silva-conquista-medalhas-em-etapa-nacional-de-parabadminton\/","url":"https:\/\/folhapopular.info\/index.php\/2026\/09\/02\/tais-da-costa-silva-conquista-medalhas-em-etapa-nacional-de-parabadminton\/","name":"Tais da Costa Silva conquista medalhas em etapa Nacional de Parabadminton - Folha Popular","isPartOf":{"@id":"https:\/\/folhapopular.info\/#website"},"primaryImageOfPage":{"@id":"https:\/\/folhapopular.info\/index.php\/2026\/09\/02\/tais-da-costa-silva-conquista-medalhas-em-etapa-nacional-de-parabadminton\/#primaryimage"},"image":{"@id":"https:\/\/folhapopular.info\/index.php\/2026\/09\/02\/tais-da-costa-silva-conquista-medalhas-em-etapa-nacional-de-parabadminton\/#primaryimage"},"thumbnailUrl":"https:\/\/folhapopular.info\/wp-content\/uploads\/2026\/09\/TAIS_Tais-teve-otimo-desempenho-no-Rio-de-Janeiro_Arquivo-Pessoal.webp","datePublished":"2026-09-02T12:55:45+00:00","dateModified":"2026-09-02T12:55:47+00:00","author":{"@id":"https:\/\/folhapopular.info\/#\/schema\/person\/e852c327371714676d02e58cf917fd9f"},"description":"Tais da Costa Silva voltou a subir ao p\u00f3dio em uma competi\u00e7\u00e3o nacional de sua modalidade esportiva. Aos 17 anos, a atleta conquistou duas medalhas na 2\u00aa Etapa Nacional de Parabadminton 2026.","breadcrumb":{"@id":"https:\/\/folhapopular.info\/index.php\/2026\/09\/02\/tais-da-costa-silva-conquista-medalhas-em-etapa-nacional-de-parabadminton\/#breadcrumb"},"inLanguage":"pt-BR","potentialAction":[{"@type":"ReadAction","target":["https:\/\/folhapopular.info\/index.php\/2026\/09\/02\/tais-da-costa-silva-conquista-medalhas-em-etapa-nacional-de-parabadminton\/"]}]},{"@type":"ImageObject","inLanguage":"pt-BR","@id":"https:\/\/folhapopular.info\/index.php\/2026\/09\/02\/tais-da-costa-silva-conquista-medalhas-em-etapa-nacional-de-parabadminton\/#primaryimage","url":"https:\/\/folhapopular.info\/wp-content\/uploads\/2026\/09\/TAIS_Tais-teve-otimo-desempenho-no-Rio-de-Janeiro_Arquivo-Pessoal.webp","contentUrl":"https:\/\/folhapopular.info\/wp-content\/uploads\/2026\/09\/TAIS_Tais-teve-otimo-desempenho-no-Rio-de-Janeiro_Arquivo-Pessoal.webp","width":900,"height":1600,"caption":"Tais teve \u00f3timo desempenho no Rio de Janeiro - Cr\u00e9dito: Arquivo Pessoal"},{"@type":"BreadcrumbList","@id":"https:\/\/folhapopular.info\/index.php\/2026\/09\/02\/tais-da-costa-silva-conquista-medalhas-em-etapa-nacional-de-parabadminton\/#breadcrumb","itemListElement":[{"@type":"ListItem","position":1,"name":"In\u00edcio","item":"https:\/\/folhapopular.info\/"},{"@type":"ListItem","position":2,"name":"Tais da Costa Silva conquista medalhas em etapa Nacional de Parabadminton"}]},{"@type":"WebSite","@id":"https:\/\/folhapopular.info\/#website","url":"https:\/\/folhapopular.info\/","name":"Folha Popular","description":"Onde voc\u00ea tem vez e voz","potentialAction":[{"@type":"SearchAction","target":{"@type":"EntryPoint","urlTemplate":"https:\/\/folhapopular.info\/?s={search_term_string}"},"query-input":{"@type":"PropertyValueSpecification","valueRequired":true,"valueName":"search_term_string"}}],"inLanguage":"pt-BR"},{"@type":"Person","@id":"https:\/\/folhapopular.info\/#\/schema\/person\/e852c327371714676d02e58cf917fd9f","name":"Luis Augusto Huppes","image":{"@type":"ImageObject","inLanguage":"pt-BR","@id":"https:\/\/folhapopular.info\/wp-content\/uploads\/2026\/04\/Luis-Augusto-Huppes-1-1.webp","url":"https:\/\/folhapopular.info\/wp-content\/uploads\/2026\/04\/Luis-Augusto-Huppes-1-1.webp","contentUrl":"https:\/\/folhapopular.info\/wp-content\/uploads\/2026\/04\/Luis-Augusto-Huppes-1-1.webp","caption":"Luis Augusto Huppes"},"sameAs":["https:\/\/www.facebook.com\/luis.huppes\/","https:\/\/www.instagram.com\/luis.huppes\/","https:\/\/www.linkedin.com\/in\/luis-augusto-huppes-2554b52b7\/"],"url":"https:\/\/folhapopular.info\/index.php\/author\/luis-augusto-huppes\/"}]}},"jetpack_sharing_enabled":true,"amp_enabled":true,"jetpack_featured_media_url":"https:\/\/folhapopular.info\/wp-content\/uploads\/2026\/09\/TAIS_Tais-teve-otimo-desempenho-no-Rio-de-Janeiro_Arquivo-Pessoal.webp","_links":{"self":[{"href":"https:\/\/folhapopular.info\/index.php\/wp-json\/wp\/v2\/posts\/220193","targetHints":{"allow":["GET"]}}],"collection":[{"href":"https:\/\/folhapopular.info\/index.php\/wp-json\/wp\/v2\/posts"}],"about":[{"href":"https:\/\/folhapopular.info\/index.php\/wp-json\/wp\/v2\/types\/post"}],"author":[{"embeddable":true,"href":"https:\/\/folhapopular.info\/index.php\/wp-json\/wp\/v2\/users\/732"}],"replies":[{"embeddable":true,"href":"https:\/\/folhapopular.info\/index.php\/wp-json\/wp\/v2\/comments?post=220193"}],"version-history":[{"count":1,"href":"https:\/\/folhapopular.info\/index.php\/wp-json\/wp\/v2\/posts\/220193\/revisions"}],"predecessor-version":[{"id":220195,"href":"https:\/\/folhapopular.info\/index.php\/wp-json\/wp\/v2\/posts\/220193\/revisions\/220195"}],"wp:featuredmedia":[{"embeddable":true,"href":"https:\/\/folhapopular.info\/index.php\/wp-json\/wp\/v2\/media\/220194"}],"wp:attachment":[{"href":"https:\/\/folhapopular.info\/index.php\/wp-json\/wp\/v2\/media?parent=220193"}],"wp:term":[{"taxonomy":"category","embeddable":true,"href":"https:\/\/folhapopular.info\/index.php\/wp-json\/wp\/v2\/categories?post=220193"},{"taxonomy":"post_tag","embeddable":true,"href":"https:\/\/folhapopular.info\/index.php\/wp-json\/wp\/v2\/tags?post=220193"}],"curies":[{"name":"wp","href":"https:\/\/api.w.org\/{rel}","templated":true}]}}