{"id":220215,"date":"2026-09-02T10:51:42","date_gmt":"2026-09-02T13:51:42","guid":{"rendered":"https:\/\/folhapopular.info\/?p=220215"},"modified":"2026-09-02T10:51:44","modified_gmt":"2026-09-02T13:51:44","slug":"policia-federal-deflagra-operacao-nacional-contra-crimes-de-abuso-sexual-infantojuvenil","status":"publish","type":"post","link":"https:\/\/folhapopular.info\/index.php\/2026\/09\/02\/policia-federal-deflagra-operacao-nacional-contra-crimes-de-abuso-sexual-infantojuvenil\/","title":{"rendered":"Pol\u00edcia Federal deflagra opera\u00e7\u00e3o nacional contra crimes de abuso sexual infantojuvenil"},"content":{"rendered":"\n<p class=\"wp-block-paragraph\">A Pol\u00edcia Federal deflagrou, nesta quarta-feira (2\/9), a Opera\u00e7\u00e3o Nacional Prote\u00e7\u00e3o Integral V, em conjunto com as Pol\u00edcias Civis de 20 estados, incluindo o Rio Grande do Sul. A a\u00e7\u00e3o busca identificar e responsabilizar investigados por crimes de abuso sexual contra crian\u00e7as e adolescentes.<\/p>\n\n\n\n<p class=\"wp-block-paragraph\">Ao todo, s\u00e3o cumpridos 153 mandados de busca e apreens\u00e3o nas 27 unidades da Federa\u00e7\u00e3o. A opera\u00e7\u00e3o mobiliza 755 policiais, sendo 480 federais e 275 civis.<\/p>\n\n\n\n<p class=\"wp-block-paragraph\">At\u00e9 o momento, foram registradas 31 pris\u00f5es em flagrante, cumpridos 13 mandados de pris\u00e3o preventiva, al\u00e9m da apreens\u00e3o de 3 menores e do resgate de 2 v\u00edtimas de abuso.<\/p>\n\n\n\n<p class=\"wp-block-paragraph\">A opera\u00e7\u00e3o tem como foco crimes relacionados ao armazenamento, compartilhamento, comercializa\u00e7\u00e3o e produ\u00e7\u00e3o de material de abuso sexual infantojuvenil. A atua\u00e7\u00e3o ocorre de forma integrada entre as for\u00e7as policiais federais e estaduais.<\/p>\n\n\n\n<p class=\"wp-block-paragraph\">A Opera\u00e7\u00e3o Prote\u00e7\u00e3o Integral V d\u00e1 continuidade a a\u00e7\u00f5es realizadas anteriormente, como as opera\u00e7\u00f5es Prote\u00e7\u00e3o Integral I, II, III e IV, deflagradas entre 2025 e 2026, e a Opera\u00e7\u00e3o Nacional Guardi\u00e3o Digital, realizada em mar\u00e7o deste ano.<\/p>\n\n\n\n<p class=\"wp-block-paragraph\">Segundo a Pol\u00edcia Federal, entre janeiro e agosto de 2026, foram cumpridos ao menos 980 mandados de pris\u00e3o de foragidos da Justi\u00e7a por crimes sexuais.<\/p>\n\n\n\n<p class=\"wp-block-paragraph\">A PF tamb\u00e9m refor\u00e7a a import\u00e2ncia de pais e respons\u00e1veis acompanharem a atividade de crian\u00e7as e adolescentes no ambiente virtual. A orienta\u00e7\u00e3o \u00e9 conversar sobre os riscos da internet, acompanhar o uso de redes sociais, jogos e aplicativos e ficar atento a mudan\u00e7as de comportamento que possam indicar situa\u00e7\u00f5es de risco.<\/p>\n","protected":false},"excerpt":{"rendered":"<p>A Pol\u00edcia Federal deflagrou, nesta quarta-feira (2\/9), a Opera\u00e7\u00e3o Nacional Prote\u00e7\u00e3o Integral V, em conjunto com as Pol\u00edcias Civis de 20 estados, incluindo o Rio Grande do Sul. A a\u00e7\u00e3o busca identificar e responsabilizar investigados por crimes de abuso sexual contra crian\u00e7as e adolescentes. Ao todo, s\u00e3o cumpridos 153 mandados de busca e apreens\u00e3o nas [&hellip;]<\/p>\n","protected":false},"author":8,"featured_media":220216,"comment_status":"open","ping_status":"open","sticky":false,"template":"","format":"standard","meta":{"pmpro_default_level":"","_jetpack_memberships_contains_paid_content":false,"footnotes":""},"categories":[10982,7],"tags":[12202,21891,14635],"class_list":["post-220215","post","type-post","status-publish","format-standard","has-post-thumbnail","category-policia","category-seguranca","tag-abuso","tag-crime-de-abuso","tag-operacao-nacional","pmpro-has-access"],"yoast_head":"<!-- This site is optimized with the Yoast SEO plugin v28.4 - https:\/\/yoast.com\/product\/yoast-seo-wordpress\/ -->\n<title>Pol\u00edcia Federal deflagra opera\u00e7\u00e3o nacional contra crimes de abuso sexual infantojuvenil - Folha Popular<\/title>\n<meta name=\"robots\" content=\"index, follow, max-snippet:-1, max-image-preview:large, max-video-preview:-1\" \/>\n<link rel=\"canonical\" href=\"https:\/\/folhapopular.info\/index.php\/2026\/09\/02\/policia-federal-deflagra-operacao-nacional-contra-crimes-de-abuso-sexual-infantojuvenil\/\" \/>\n<meta property=\"og:locale\" content=\"pt_BR\" \/>\n<meta property=\"og:type\" content=\"article\" \/>\n<meta property=\"og:title\" content=\"Pol\u00edcia Federal deflagra opera\u00e7\u00e3o nacional contra crimes de abuso sexual infantojuvenil - Folha Popular\" \/>\n<meta property=\"og:description\" content=\"A Pol\u00edcia Federal deflagrou, nesta quarta-feira (2\/9), a Opera\u00e7\u00e3o Nacional Prote\u00e7\u00e3o Integral V, em conjunto com as Pol\u00edcias Civis de 20 estados, incluindo o Rio Grande do Sul. A a\u00e7\u00e3o busca identificar e responsabilizar investigados por crimes de abuso sexual contra crian\u00e7as e adolescentes. Ao todo, s\u00e3o cumpridos 153 mandados de busca e apreens\u00e3o nas [&hellip;]\" \/>\n<meta property=\"og:url\" content=\"https:\/\/folhapopular.info\/index.php\/2026\/09\/02\/policia-federal-deflagra-operacao-nacional-contra-crimes-de-abuso-sexual-infantojuvenil\/\" \/>\n<meta property=\"og:site_name\" content=\"Folha Popular\" \/>\n<meta property=\"article:published_time\" content=\"2026-09-02T13:51:42+00:00\" \/>\n<meta property=\"article:modified_time\" content=\"2026-09-02T13:51:44+00:00\" \/>\n<meta property=\"og:image\" content=\"https:\/\/folhapopular.info\/wp-content\/uploads\/2026\/09\/c691ac16-9e80-4ea8-98e3-2ada2e382567.webp\" \/>\n\t<meta property=\"og:image:width\" content=\"768\" \/>\n\t<meta property=\"og:image:height\" content=\"432\" \/>\n\t<meta property=\"og:image:type\" content=\"image\/webp\" \/>\n<meta name=\"author\" content=\"Reda\u00e7\u00e3o Folha Popular\" \/>\n<meta name=\"twitter:card\" content=\"summary_large_image\" \/>\n<meta name=\"twitter:label1\" content=\"Escrito por\" \/>\n\t<meta name=\"twitter:data1\" content=\"Reda\u00e7\u00e3o Folha Popular\" \/>\n\t<meta name=\"twitter:label2\" content=\"Est. tempo de leitura\" \/>\n\t<meta name=\"twitter:data2\" content=\"2 minutos\" \/>\n<script type=\"application\/ld+json\" class=\"yoast-schema-graph\">{\"@context\":\"https:\\\/\\\/schema.org\",\"@graph\":[{\"@type\":\"Article\",\"@id\":\"https:\\\/\\\/folhapopular.info\\\/index.php\\\/2026\\\/09\\\/02\\\/policia-federal-deflagra-operacao-nacional-contra-crimes-de-abuso-sexual-infantojuvenil\\\/#article\",\"isPartOf\":{\"@id\":\"https:\\\/\\\/folhapopular.info\\\/index.php\\\/2026\\\/09\\\/02\\\/policia-federal-deflagra-operacao-nacional-contra-crimes-de-abuso-sexual-infantojuvenil\\\/\"},\"author\":{\"name\":\"Reda\u00e7\u00e3o Folha Popular\",\"@id\":\"https:\\\/\\\/folhapopular.info\\\/#\\\/schema\\\/person\\\/2814e8a0df7643585a9ca38bc6eb9d4b\"},\"headline\":\"Pol\u00edcia Federal deflagra opera\u00e7\u00e3o nacional contra crimes de abuso sexual infantojuvenil\",\"datePublished\":\"2026-09-02T13:51:42+00:00\",\"dateModified\":\"2026-09-02T13:51:44+00:00\",\"mainEntityOfPage\":{\"@id\":\"https:\\\/\\\/folhapopular.info\\\/index.php\\\/2026\\\/09\\\/02\\\/policia-federal-deflagra-operacao-nacional-contra-crimes-de-abuso-sexual-infantojuvenil\\\/\"},\"wordCount\":280,\"commentCount\":0,\"image\":{\"@id\":\"https:\\\/\\\/folhapopular.info\\\/index.php\\\/2026\\\/09\\\/02\\\/policia-federal-deflagra-operacao-nacional-contra-crimes-de-abuso-sexual-infantojuvenil\\\/#primaryimage\"},\"thumbnailUrl\":\"https:\\\/\\\/folhapopular.info\\\/wp-content\\\/uploads\\\/2026\\\/09\\\/c691ac16-9e80-4ea8-98e3-2ada2e382567.webp\",\"keywords\":[\"abuso\",\"crime de abuso\",\"Opera\u00e7\u00e3o nacional\"],\"articleSection\":[\"Pol\u00edcia\",\"Seguran\u00e7a\"],\"inLanguage\":\"pt-BR\",\"potentialAction\":[{\"@type\":\"CommentAction\",\"name\":\"Comment\",\"target\":[\"https:\\\/\\\/folhapopular.info\\\/index.php\\\/2026\\\/09\\\/02\\\/policia-federal-deflagra-operacao-nacional-contra-crimes-de-abuso-sexual-infantojuvenil\\\/#respond\"]}]},{\"@type\":\"WebPage\",\"@id\":\"https:\\\/\\\/folhapopular.info\\\/index.php\\\/2026\\\/09\\\/02\\\/policia-federal-deflagra-operacao-nacional-contra-crimes-de-abuso-sexual-infantojuvenil\\\/\",\"url\":\"https:\\\/\\\/folhapopular.info\\\/index.php\\\/2026\\\/09\\\/02\\\/policia-federal-deflagra-operacao-nacional-contra-crimes-de-abuso-sexual-infantojuvenil\\\/\",\"name\":\"Pol\u00edcia Federal deflagra opera\u00e7\u00e3o nacional contra crimes de abuso sexual infantojuvenil - Folha Popular\",\"isPartOf\":{\"@id\":\"https:\\\/\\\/folhapopular.info\\\/#website\"},\"primaryImageOfPage\":{\"@id\":\"https:\\\/\\\/folhapopular.info\\\/index.php\\\/2026\\\/09\\\/02\\\/policia-federal-deflagra-operacao-nacional-contra-crimes-de-abuso-sexual-infantojuvenil\\\/#primaryimage\"},\"image\":{\"@id\":\"https:\\\/\\\/folhapopular.info\\\/index.php\\\/2026\\\/09\\\/02\\\/policia-federal-deflagra-operacao-nacional-contra-crimes-de-abuso-sexual-infantojuvenil\\\/#primaryimage\"},\"thumbnailUrl\":\"https:\\\/\\\/folhapopular.info\\\/wp-content\\\/uploads\\\/2026\\\/09\\\/c691ac16-9e80-4ea8-98e3-2ada2e382567.webp\",\"datePublished\":\"2026-09-02T13:51:42+00:00\",\"dateModified\":\"2026-09-02T13:51:44+00:00\",\"author\":{\"@id\":\"https:\\\/\\\/folhapopular.info\\\/#\\\/schema\\\/person\\\/2814e8a0df7643585a9ca38bc6eb9d4b\"},\"breadcrumb\":{\"@id\":\"https:\\\/\\\/folhapopular.info\\\/index.php\\\/2026\\\/09\\\/02\\\/policia-federal-deflagra-operacao-nacional-contra-crimes-de-abuso-sexual-infantojuvenil\\\/#breadcrumb\"},\"inLanguage\":\"pt-BR\",\"potentialAction\":[{\"@type\":\"ReadAction\",\"target\":[\"https:\\\/\\\/folhapopular.info\\\/index.php\\\/2026\\\/09\\\/02\\\/policia-federal-deflagra-operacao-nacional-contra-crimes-de-abuso-sexual-infantojuvenil\\\/\"]}]},{\"@type\":\"ImageObject\",\"inLanguage\":\"pt-BR\",\"@id\":\"https:\\\/\\\/folhapopular.info\\\/index.php\\\/2026\\\/09\\\/02\\\/policia-federal-deflagra-operacao-nacional-contra-crimes-de-abuso-sexual-infantojuvenil\\\/#primaryimage\",\"url\":\"https:\\\/\\\/folhapopular.info\\\/wp-content\\\/uploads\\\/2026\\\/09\\\/c691ac16-9e80-4ea8-98e3-2ada2e382567.webp\",\"contentUrl\":\"https:\\\/\\\/folhapopular.info\\\/wp-content\\\/uploads\\\/2026\\\/09\\\/c691ac16-9e80-4ea8-98e3-2ada2e382567.webp\",\"width\":768,\"height\":432},{\"@type\":\"BreadcrumbList\",\"@id\":\"https:\\\/\\\/folhapopular.info\\\/index.php\\\/2026\\\/09\\\/02\\\/policia-federal-deflagra-operacao-nacional-contra-crimes-de-abuso-sexual-infantojuvenil\\\/#breadcrumb\",\"itemListElement\":[{\"@type\":\"ListItem\",\"position\":1,\"name\":\"In\u00edcio\",\"item\":\"https:\\\/\\\/folhapopular.info\\\/\"},{\"@type\":\"ListItem\",\"position\":2,\"name\":\"Pol\u00edcia Federal deflagra opera\u00e7\u00e3o nacional contra crimes de abuso sexual infantojuvenil\"}]},{\"@type\":\"WebSite\",\"@id\":\"https:\\\/\\\/folhapopular.info\\\/#website\",\"url\":\"https:\\\/\\\/folhapopular.info\\\/\",\"name\":\"Folha Popular\",\"description\":\"Onde voc\u00ea tem vez e voz\",\"potentialAction\":[{\"@type\":\"SearchAction\",\"target\":{\"@type\":\"EntryPoint\",\"urlTemplate\":\"https:\\\/\\\/folhapopular.info\\\/?s={search_term_string}\"},\"query-input\":{\"@type\":\"PropertyValueSpecification\",\"valueRequired\":true,\"valueName\":\"search_term_string\"}}],\"inLanguage\":\"pt-BR\"},{\"@type\":\"Person\",\"@id\":\"https:\\\/\\\/folhapopular.info\\\/#\\\/schema\\\/person\\\/2814e8a0df7643585a9ca38bc6eb9d4b\",\"name\":\"Reda\u00e7\u00e3o Folha Popular\",\"image\":{\"@type\":\"ImageObject\",\"inLanguage\":\"pt-BR\",\"@id\":\"https:\\\/\\\/folhapopular.info\\\/wp-content\\\/uploads\\\/2026\\\/04\\\/Folha-1.webp\",\"url\":\"https:\\\/\\\/folhapopular.info\\\/wp-content\\\/uploads\\\/2026\\\/04\\\/Folha-1.webp\",\"contentUrl\":\"https:\\\/\\\/folhapopular.info\\\/wp-content\\\/uploads\\\/2026\\\/04\\\/Folha-1.webp\",\"caption\":\"Reda\u00e7\u00e3o Folha Popular\"},\"url\":\"https:\\\/\\\/folhapopular.info\\\/index.php\\\/author\\\/redacao\\\/\"}]}<\/script>\n<!-- \/ Yoast SEO plugin. -->","yoast_head_json":{"title":"Pol\u00edcia Federal deflagra opera\u00e7\u00e3o nacional contra crimes de abuso sexual infantojuvenil - Folha Popular","robots":{"index":"index","follow":"follow","max-snippet":"max-snippet:-1","max-image-preview":"max-image-preview:large","max-video-preview":"max-video-preview:-1"},"canonical":"https:\/\/folhapopular.info\/index.php\/2026\/09\/02\/policia-federal-deflagra-operacao-nacional-contra-crimes-de-abuso-sexual-infantojuvenil\/","og_locale":"pt_BR","og_type":"article","og_title":"Pol\u00edcia Federal deflagra opera\u00e7\u00e3o nacional contra crimes de abuso sexual infantojuvenil - Folha Popular","og_description":"A Pol\u00edcia Federal deflagrou, nesta quarta-feira (2\/9), a Opera\u00e7\u00e3o Nacional Prote\u00e7\u00e3o Integral V, em conjunto com as Pol\u00edcias Civis de 20 estados, incluindo o Rio Grande do Sul. A a\u00e7\u00e3o busca identificar e responsabilizar investigados por crimes de abuso sexual contra crian\u00e7as e adolescentes. Ao todo, s\u00e3o cumpridos 153 mandados de busca e apreens\u00e3o nas [&hellip;]","og_url":"https:\/\/folhapopular.info\/index.php\/2026\/09\/02\/policia-federal-deflagra-operacao-nacional-contra-crimes-de-abuso-sexual-infantojuvenil\/","og_site_name":"Folha Popular","article_published_time":"2026-09-02T13:51:42+00:00","article_modified_time":"2026-09-02T13:51:44+00:00","og_image":[{"width":768,"height":432,"url":"https:\/\/folhapopular.info\/wp-content\/uploads\/2026\/09\/c691ac16-9e80-4ea8-98e3-2ada2e382567.webp","type":"image\/webp"}],"author":"Reda\u00e7\u00e3o Folha Popular","twitter_card":"summary_large_image","twitter_misc":{"Escrito por":"Reda\u00e7\u00e3o Folha Popular","Est. tempo de leitura":"2 minutos"},"schema":{"@context":"https:\/\/schema.org","@graph":[{"@type":"Article","@id":"https:\/\/folhapopular.info\/index.php\/2026\/09\/02\/policia-federal-deflagra-operacao-nacional-contra-crimes-de-abuso-sexual-infantojuvenil\/#article","isPartOf":{"@id":"https:\/\/folhapopular.info\/index.php\/2026\/09\/02\/policia-federal-deflagra-operacao-nacional-contra-crimes-de-abuso-sexual-infantojuvenil\/"},"author":{"name":"Reda\u00e7\u00e3o Folha Popular","@id":"https:\/\/folhapopular.info\/#\/schema\/person\/2814e8a0df7643585a9ca38bc6eb9d4b"},"headline":"Pol\u00edcia Federal deflagra opera\u00e7\u00e3o nacional contra crimes de abuso sexual infantojuvenil","datePublished":"2026-09-02T13:51:42+00:00","dateModified":"2026-09-02T13:51:44+00:00","mainEntityOfPage":{"@id":"https:\/\/folhapopular.info\/index.php\/2026\/09\/02\/policia-federal-deflagra-operacao-nacional-contra-crimes-de-abuso-sexual-infantojuvenil\/"},"wordCount":280,"commentCount":0,"image":{"@id":"https:\/\/folhapopular.info\/index.php\/2026\/09\/02\/policia-federal-deflagra-operacao-nacional-contra-crimes-de-abuso-sexual-infantojuvenil\/#primaryimage"},"thumbnailUrl":"https:\/\/folhapopular.info\/wp-content\/uploads\/2026\/09\/c691ac16-9e80-4ea8-98e3-2ada2e382567.webp","keywords":["abuso","crime de abuso","Opera\u00e7\u00e3o nacional"],"articleSection":["Pol\u00edcia","Seguran\u00e7a"],"inLanguage":"pt-BR","potentialAction":[{"@type":"CommentAction","name":"Comment","target":["https:\/\/folhapopular.info\/index.php\/2026\/09\/02\/policia-federal-deflagra-operacao-nacional-contra-crimes-de-abuso-sexual-infantojuvenil\/#respond"]}]},{"@type":"WebPage","@id":"https:\/\/folhapopular.info\/index.php\/2026\/09\/02\/policia-federal-deflagra-operacao-nacional-contra-crimes-de-abuso-sexual-infantojuvenil\/","url":"https:\/\/folhapopular.info\/index.php\/2026\/09\/02\/policia-federal-deflagra-operacao-nacional-contra-crimes-de-abuso-sexual-infantojuvenil\/","name":"Pol\u00edcia Federal deflagra opera\u00e7\u00e3o nacional contra crimes de abuso sexual infantojuvenil - Folha Popular","isPartOf":{"@id":"https:\/\/folhapopular.info\/#website"},"primaryImageOfPage":{"@id":"https:\/\/folhapopular.info\/index.php\/2026\/09\/02\/policia-federal-deflagra-operacao-nacional-contra-crimes-de-abuso-sexual-infantojuvenil\/#primaryimage"},"image":{"@id":"https:\/\/folhapopular.info\/index.php\/2026\/09\/02\/policia-federal-deflagra-operacao-nacional-contra-crimes-de-abuso-sexual-infantojuvenil\/#primaryimage"},"thumbnailUrl":"https:\/\/folhapopular.info\/wp-content\/uploads\/2026\/09\/c691ac16-9e80-4ea8-98e3-2ada2e382567.webp","datePublished":"2026-09-02T13:51:42+00:00","dateModified":"2026-09-02T13:51:44+00:00","author":{"@id":"https:\/\/folhapopular.info\/#\/schema\/person\/2814e8a0df7643585a9ca38bc6eb9d4b"},"breadcrumb":{"@id":"https:\/\/folhapopular.info\/index.php\/2026\/09\/02\/policia-federal-deflagra-operacao-nacional-contra-crimes-de-abuso-sexual-infantojuvenil\/#breadcrumb"},"inLanguage":"pt-BR","potentialAction":[{"@type":"ReadAction","target":["https:\/\/folhapopular.info\/index.php\/2026\/09\/02\/policia-federal-deflagra-operacao-nacional-contra-crimes-de-abuso-sexual-infantojuvenil\/"]}]},{"@type":"ImageObject","inLanguage":"pt-BR","@id":"https:\/\/folhapopular.info\/index.php\/2026\/09\/02\/policia-federal-deflagra-operacao-nacional-contra-crimes-de-abuso-sexual-infantojuvenil\/#primaryimage","url":"https:\/\/folhapopular.info\/wp-content\/uploads\/2026\/09\/c691ac16-9e80-4ea8-98e3-2ada2e382567.webp","contentUrl":"https:\/\/folhapopular.info\/wp-content\/uploads\/2026\/09\/c691ac16-9e80-4ea8-98e3-2ada2e382567.webp","width":768,"height":432},{"@type":"BreadcrumbList","@id":"https:\/\/folhapopular.info\/index.php\/2026\/09\/02\/policia-federal-deflagra-operacao-nacional-contra-crimes-de-abuso-sexual-infantojuvenil\/#breadcrumb","itemListElement":[{"@type":"ListItem","position":1,"name":"In\u00edcio","item":"https:\/\/folhapopular.info\/"},{"@type":"ListItem","position":2,"name":"Pol\u00edcia Federal deflagra opera\u00e7\u00e3o nacional contra crimes de abuso sexual infantojuvenil"}]},{"@type":"WebSite","@id":"https:\/\/folhapopular.info\/#website","url":"https:\/\/folhapopular.info\/","name":"Folha Popular","description":"Onde voc\u00ea tem vez e voz","potentialAction":[{"@type":"SearchAction","target":{"@type":"EntryPoint","urlTemplate":"https:\/\/folhapopular.info\/?s={search_term_string}"},"query-input":{"@type":"PropertyValueSpecification","valueRequired":true,"valueName":"search_term_string"}}],"inLanguage":"pt-BR"},{"@type":"Person","@id":"https:\/\/folhapopular.info\/#\/schema\/person\/2814e8a0df7643585a9ca38bc6eb9d4b","name":"Reda\u00e7\u00e3o Folha Popular","image":{"@type":"ImageObject","inLanguage":"pt-BR","@id":"https:\/\/folhapopular.info\/wp-content\/uploads\/2026\/04\/Folha-1.webp","url":"https:\/\/folhapopular.info\/wp-content\/uploads\/2026\/04\/Folha-1.webp","contentUrl":"https:\/\/folhapopular.info\/wp-content\/uploads\/2026\/04\/Folha-1.webp","caption":"Reda\u00e7\u00e3o Folha Popular"},"url":"https:\/\/folhapopular.info\/index.php\/author\/redacao\/"}]}},"jetpack_sharing_enabled":true,"amp_enabled":true,"jetpack_featured_media_url":"https:\/\/folhapopular.info\/wp-content\/uploads\/2026\/09\/c691ac16-9e80-4ea8-98e3-2ada2e382567.webp","_links":{"self":[{"href":"https:\/\/folhapopular.info\/index.php\/wp-json\/wp\/v2\/posts\/220215","targetHints":{"allow":["GET"]}}],"collection":[{"href":"https:\/\/folhapopular.info\/index.php\/wp-json\/wp\/v2\/posts"}],"about":[{"href":"https:\/\/folhapopular.info\/index.php\/wp-json\/wp\/v2\/types\/post"}],"author":[{"embeddable":true,"href":"https:\/\/folhapopular.info\/index.php\/wp-json\/wp\/v2\/users\/8"}],"replies":[{"embeddable":true,"href":"https:\/\/folhapopular.info\/index.php\/wp-json\/wp\/v2\/comments?post=220215"}],"version-history":[{"count":1,"href":"https:\/\/folhapopular.info\/index.php\/wp-json\/wp\/v2\/posts\/220215\/revisions"}],"predecessor-version":[{"id":220217,"href":"https:\/\/folhapopular.info\/index.php\/wp-json\/wp\/v2\/posts\/220215\/revisions\/220217"}],"wp:featuredmedia":[{"embeddable":true,"href":"https:\/\/folhapopular.info\/index.php\/wp-json\/wp\/v2\/media\/220216"}],"wp:attachment":[{"href":"https:\/\/folhapopular.info\/index.php\/wp-json\/wp\/v2\/media?parent=220215"}],"wp:term":[{"taxonomy":"category","embeddable":true,"href":"https:\/\/folhapopular.info\/index.php\/wp-json\/wp\/v2\/categories?post=220215"},{"taxonomy":"post_tag","embeddable":true,"href":"https:\/\/folhapopular.info\/index.php\/wp-json\/wp\/v2\/tags?post=220215"}],"curies":[{"name":"wp","href":"https:\/\/api.w.org\/{rel}","templated":true}]}}