{"id":220221,"date":"2026-09-02T15:34:08","date_gmt":"2026-09-02T18:34:08","guid":{"rendered":"https:\/\/folhapopular.info\/?p=220221"},"modified":"2026-09-02T15:34:12","modified_gmt":"2026-09-02T18:34:12","slug":"estrela-reune-geracoes-para-discutir-relacoes-e-prevencao-a-violencia-contra-a-mulher","status":"publish","type":"post","link":"https:\/\/folhapopular.info\/index.php\/2026\/09\/02\/estrela-reune-geracoes-para-discutir-relacoes-e-prevencao-a-violencia-contra-a-mulher\/","title":{"rendered":"Estrela re\u00fane gera\u00e7\u00f5es para discutir rela\u00e7\u00f5es e preven\u00e7\u00e3o \u00e0 viol\u00eancia contra a mulher"},"content":{"rendered":"\n<p class=\"wp-block-paragraph\">Estrela recebe a segunda edi\u00e7\u00e3o do Caminhos Entre Gera\u00e7\u00f5es na ter\u00e7a-feira (8\/9). O encontro prop\u00f5e discutir rela\u00e7\u00f5es entre homens e mulheres, preven\u00e7\u00e3o e conviv\u00eancia entre diferentes gera\u00e7\u00f5es. A atividade ocorre \u00e0s 19h, na\u00a0C\u00e2mara de Com\u00e9rcio, Ind\u00fastria, Servi\u00e7os e Agroneg\u00f3cio (Cacis).<\/p>\n\n\n\n<p class=\"wp-block-paragraph\">A iniciativa \u00e9 promovida pela Coordenadoria da Mulher de Estrela (CDME), em parceria com entidades, empresas e volunt\u00e1rios da comunidade. O projeto faz parte das pol\u00edticas p\u00fablicas voltadas \u00e0s mulheres e trabalha a preven\u00e7\u00e3o a partir do di\u00e1logo e da participa\u00e7\u00e3o de diferentes p\u00fablicos.<\/p>\n\n\n\n<p class=\"wp-block-paragraph\">A proposta \u00e9 aproximar homens e mulheres da discuss\u00e3o sobre respeito, prote\u00e7\u00e3o e constru\u00e7\u00e3o de rela\u00e7\u00f5es mais saud\u00e1veis. O encontro tamb\u00e9m pretende reunir fam\u00edlias e pessoas de diferentes idades para compartilhar experi\u00eancias e refletir sobre os impactos dessas rela\u00e7\u00f5es ao longo das gera\u00e7\u00f5es.<\/p>\n\n\n\n<p class=\"wp-block-paragraph\">Al\u00e9m das atividades de conversa e reflex\u00e3o, haver\u00e1 um caf\u00e9 compartilhado. Os participantes que quiserem contribuir podem levar um prato doce ou salgado para a mesa coletiva.<\/p>\n\n\n\n<p class=\"wp-block-paragraph\">A organiza\u00e7\u00e3o convida a comunidade a participar e tamb\u00e9m a levar companheiros, amigos e familiares.<\/p>\n","protected":false},"excerpt":{"rendered":"<p>Estrela recebe a segunda edi\u00e7\u00e3o do Caminhos Entre Gera\u00e7\u00f5es na ter\u00e7a-feira (8\/9). O encontro prop\u00f5e discutir rela\u00e7\u00f5es entre homens e mulheres, preven\u00e7\u00e3o e conviv\u00eancia entre diferentes gera\u00e7\u00f5es. A atividade ocorre \u00e0s 19h, na\u00a0C\u00e2mara de Com\u00e9rcio, Ind\u00fastria, Servi\u00e7os e Agroneg\u00f3cio (Cacis). A iniciativa \u00e9 promovida pela Coordenadoria da Mulher de Estrela (CDME), em parceria com entidades, [&hellip;]<\/p>\n","protected":false},"author":8,"featured_media":220224,"comment_status":"open","ping_status":"open","sticky":false,"template":"","format":"standard","meta":{"pmpro_default_level":"","_jetpack_memberships_contains_paid_content":false,"footnotes":""},"categories":[3],"tags":[8,9740,167,1530],"class_list":["post-220221","post","type-post","status-publish","format-standard","has-post-thumbnail","category-geral","tag-estrela","tag-geracoes","tag-prevencao","tag-violencia-contra-a-mulher","pmpro-has-access"],"yoast_head":"<!-- This site is optimized with the Yoast SEO plugin v28.4 - https:\/\/yoast.com\/product\/yoast-seo-wordpress\/ -->\n<title>Estrela re\u00fane gera\u00e7\u00f5es para discutir rela\u00e7\u00f5es e preven\u00e7\u00e3o \u00e0 viol\u00eancia contra a mulher - Folha Popular<\/title>\n<meta name=\"robots\" content=\"index, follow, max-snippet:-1, max-image-preview:large, max-video-preview:-1\" \/>\n<link rel=\"canonical\" href=\"https:\/\/folhapopular.info\/index.php\/2026\/09\/02\/estrela-reune-geracoes-para-discutir-relacoes-e-prevencao-a-violencia-contra-a-mulher\/\" \/>\n<meta property=\"og:locale\" content=\"pt_BR\" \/>\n<meta property=\"og:type\" content=\"article\" \/>\n<meta property=\"og:title\" content=\"Estrela re\u00fane gera\u00e7\u00f5es para discutir rela\u00e7\u00f5es e preven\u00e7\u00e3o \u00e0 viol\u00eancia contra a mulher - Folha Popular\" \/>\n<meta property=\"og:description\" content=\"Estrela recebe a segunda edi\u00e7\u00e3o do Caminhos Entre Gera\u00e7\u00f5es na ter\u00e7a-feira (8\/9). O encontro prop\u00f5e discutir rela\u00e7\u00f5es entre homens e mulheres, preven\u00e7\u00e3o e conviv\u00eancia entre diferentes gera\u00e7\u00f5es. A atividade ocorre \u00e0s 19h, na\u00a0C\u00e2mara de Com\u00e9rcio, Ind\u00fastria, Servi\u00e7os e Agroneg\u00f3cio (Cacis). A iniciativa \u00e9 promovida pela Coordenadoria da Mulher de Estrela (CDME), em parceria com entidades, [&hellip;]\" \/>\n<meta property=\"og:url\" content=\"https:\/\/folhapopular.info\/index.php\/2026\/09\/02\/estrela-reune-geracoes-para-discutir-relacoes-e-prevencao-a-violencia-contra-a-mulher\/\" \/>\n<meta property=\"og:site_name\" content=\"Folha Popular\" \/>\n<meta property=\"article:published_time\" content=\"2026-09-02T18:34:08+00:00\" \/>\n<meta property=\"article:modified_time\" content=\"2026-09-02T18:34:12+00:00\" \/>\n<meta property=\"og:image\" content=\"https:\/\/folhapopular.info\/wp-content\/uploads\/2026\/09\/pexels-shvets-production-7176137-scaled.webp\" \/>\n\t<meta property=\"og:image:width\" content=\"2560\" \/>\n\t<meta property=\"og:image:height\" content=\"1707\" \/>\n\t<meta property=\"og:image:type\" content=\"image\/webp\" \/>\n<meta name=\"author\" content=\"Reda\u00e7\u00e3o Folha Popular\" \/>\n<meta name=\"twitter:card\" content=\"summary_large_image\" \/>\n<meta name=\"twitter:label1\" content=\"Escrito por\" \/>\n\t<meta name=\"twitter:data1\" content=\"Reda\u00e7\u00e3o Folha Popular\" \/>\n\t<meta name=\"twitter:label2\" content=\"Est. tempo de leitura\" \/>\n\t<meta name=\"twitter:data2\" content=\"2 minutos\" \/>\n<script type=\"application\/ld+json\" class=\"yoast-schema-graph\">{\"@context\":\"https:\\\/\\\/schema.org\",\"@graph\":[{\"@type\":\"Article\",\"@id\":\"https:\\\/\\\/folhapopular.info\\\/index.php\\\/2026\\\/09\\\/02\\\/estrela-reune-geracoes-para-discutir-relacoes-e-prevencao-a-violencia-contra-a-mulher\\\/#article\",\"isPartOf\":{\"@id\":\"https:\\\/\\\/folhapopular.info\\\/index.php\\\/2026\\\/09\\\/02\\\/estrela-reune-geracoes-para-discutir-relacoes-e-prevencao-a-violencia-contra-a-mulher\\\/\"},\"author\":{\"name\":\"Reda\u00e7\u00e3o Folha Popular\",\"@id\":\"https:\\\/\\\/folhapopular.info\\\/#\\\/schema\\\/person\\\/2814e8a0df7643585a9ca38bc6eb9d4b\"},\"headline\":\"Estrela re\u00fane gera\u00e7\u00f5es para discutir rela\u00e7\u00f5es e preven\u00e7\u00e3o \u00e0 viol\u00eancia contra a mulher\",\"datePublished\":\"2026-09-02T18:34:08+00:00\",\"dateModified\":\"2026-09-02T18:34:12+00:00\",\"mainEntityOfPage\":{\"@id\":\"https:\\\/\\\/folhapopular.info\\\/index.php\\\/2026\\\/09\\\/02\\\/estrela-reune-geracoes-para-discutir-relacoes-e-prevencao-a-violencia-contra-a-mulher\\\/\"},\"wordCount\":218,\"commentCount\":0,\"image\":{\"@id\":\"https:\\\/\\\/folhapopular.info\\\/index.php\\\/2026\\\/09\\\/02\\\/estrela-reune-geracoes-para-discutir-relacoes-e-prevencao-a-violencia-contra-a-mulher\\\/#primaryimage\"},\"thumbnailUrl\":\"https:\\\/\\\/folhapopular.info\\\/wp-content\\\/uploads\\\/2026\\\/09\\\/pexels-shvets-production-7176137-scaled.webp\",\"keywords\":[\"Estrela\",\"Gera\u00e7\u00f5es\",\"Preven\u00e7\u00e3o\",\"Viol\u00eancia contra a mulher\"],\"articleSection\":[\"Geral\"],\"inLanguage\":\"pt-BR\",\"potentialAction\":[{\"@type\":\"CommentAction\",\"name\":\"Comment\",\"target\":[\"https:\\\/\\\/folhapopular.info\\\/index.php\\\/2026\\\/09\\\/02\\\/estrela-reune-geracoes-para-discutir-relacoes-e-prevencao-a-violencia-contra-a-mulher\\\/#respond\"]}]},{\"@type\":\"WebPage\",\"@id\":\"https:\\\/\\\/folhapopular.info\\\/index.php\\\/2026\\\/09\\\/02\\\/estrela-reune-geracoes-para-discutir-relacoes-e-prevencao-a-violencia-contra-a-mulher\\\/\",\"url\":\"https:\\\/\\\/folhapopular.info\\\/index.php\\\/2026\\\/09\\\/02\\\/estrela-reune-geracoes-para-discutir-relacoes-e-prevencao-a-violencia-contra-a-mulher\\\/\",\"name\":\"Estrela re\u00fane gera\u00e7\u00f5es para discutir rela\u00e7\u00f5es e preven\u00e7\u00e3o \u00e0 viol\u00eancia contra a mulher - Folha Popular\",\"isPartOf\":{\"@id\":\"https:\\\/\\\/folhapopular.info\\\/#website\"},\"primaryImageOfPage\":{\"@id\":\"https:\\\/\\\/folhapopular.info\\\/index.php\\\/2026\\\/09\\\/02\\\/estrela-reune-geracoes-para-discutir-relacoes-e-prevencao-a-violencia-contra-a-mulher\\\/#primaryimage\"},\"image\":{\"@id\":\"https:\\\/\\\/folhapopular.info\\\/index.php\\\/2026\\\/09\\\/02\\\/estrela-reune-geracoes-para-discutir-relacoes-e-prevencao-a-violencia-contra-a-mulher\\\/#primaryimage\"},\"thumbnailUrl\":\"https:\\\/\\\/folhapopular.info\\\/wp-content\\\/uploads\\\/2026\\\/09\\\/pexels-shvets-production-7176137-scaled.webp\",\"datePublished\":\"2026-09-02T18:34:08+00:00\",\"dateModified\":\"2026-09-02T18:34:12+00:00\",\"author\":{\"@id\":\"https:\\\/\\\/folhapopular.info\\\/#\\\/schema\\\/person\\\/2814e8a0df7643585a9ca38bc6eb9d4b\"},\"breadcrumb\":{\"@id\":\"https:\\\/\\\/folhapopular.info\\\/index.php\\\/2026\\\/09\\\/02\\\/estrela-reune-geracoes-para-discutir-relacoes-e-prevencao-a-violencia-contra-a-mulher\\\/#breadcrumb\"},\"inLanguage\":\"pt-BR\",\"potentialAction\":[{\"@type\":\"ReadAction\",\"target\":[\"https:\\\/\\\/folhapopular.info\\\/index.php\\\/2026\\\/09\\\/02\\\/estrela-reune-geracoes-para-discutir-relacoes-e-prevencao-a-violencia-contra-a-mulher\\\/\"]}]},{\"@type\":\"ImageObject\",\"inLanguage\":\"pt-BR\",\"@id\":\"https:\\\/\\\/folhapopular.info\\\/index.php\\\/2026\\\/09\\\/02\\\/estrela-reune-geracoes-para-discutir-relacoes-e-prevencao-a-violencia-contra-a-mulher\\\/#primaryimage\",\"url\":\"https:\\\/\\\/folhapopular.info\\\/wp-content\\\/uploads\\\/2026\\\/09\\\/pexels-shvets-production-7176137-scaled.webp\",\"contentUrl\":\"https:\\\/\\\/folhapopular.info\\\/wp-content\\\/uploads\\\/2026\\\/09\\\/pexels-shvets-production-7176137-scaled.webp\",\"width\":2560,\"height\":1707,\"caption\":\"Cr\u00e9dito: Pexels\"},{\"@type\":\"BreadcrumbList\",\"@id\":\"https:\\\/\\\/folhapopular.info\\\/index.php\\\/2026\\\/09\\\/02\\\/estrela-reune-geracoes-para-discutir-relacoes-e-prevencao-a-violencia-contra-a-mulher\\\/#breadcrumb\",\"itemListElement\":[{\"@type\":\"ListItem\",\"position\":1,\"name\":\"In\u00edcio\",\"item\":\"https:\\\/\\\/folhapopular.info\\\/\"},{\"@type\":\"ListItem\",\"position\":2,\"name\":\"Estrela re\u00fane gera\u00e7\u00f5es para discutir rela\u00e7\u00f5es e preven\u00e7\u00e3o \u00e0 viol\u00eancia contra a mulher\"}]},{\"@type\":\"WebSite\",\"@id\":\"https:\\\/\\\/folhapopular.info\\\/#website\",\"url\":\"https:\\\/\\\/folhapopular.info\\\/\",\"name\":\"Folha Popular\",\"description\":\"Onde voc\u00ea tem vez e voz\",\"potentialAction\":[{\"@type\":\"SearchAction\",\"target\":{\"@type\":\"EntryPoint\",\"urlTemplate\":\"https:\\\/\\\/folhapopular.info\\\/?s={search_term_string}\"},\"query-input\":{\"@type\":\"PropertyValueSpecification\",\"valueRequired\":true,\"valueName\":\"search_term_string\"}}],\"inLanguage\":\"pt-BR\"},{\"@type\":\"Person\",\"@id\":\"https:\\\/\\\/folhapopular.info\\\/#\\\/schema\\\/person\\\/2814e8a0df7643585a9ca38bc6eb9d4b\",\"name\":\"Reda\u00e7\u00e3o Folha Popular\",\"image\":{\"@type\":\"ImageObject\",\"inLanguage\":\"pt-BR\",\"@id\":\"https:\\\/\\\/folhapopular.info\\\/wp-content\\\/uploads\\\/2026\\\/04\\\/Folha-1.webp\",\"url\":\"https:\\\/\\\/folhapopular.info\\\/wp-content\\\/uploads\\\/2026\\\/04\\\/Folha-1.webp\",\"contentUrl\":\"https:\\\/\\\/folhapopular.info\\\/wp-content\\\/uploads\\\/2026\\\/04\\\/Folha-1.webp\",\"caption\":\"Reda\u00e7\u00e3o Folha Popular\"},\"url\":\"https:\\\/\\\/folhapopular.info\\\/index.php\\\/author\\\/redacao\\\/\"}]}<\/script>\n<!-- \/ Yoast SEO plugin. -->","yoast_head_json":{"title":"Estrela re\u00fane gera\u00e7\u00f5es para discutir rela\u00e7\u00f5es e preven\u00e7\u00e3o \u00e0 viol\u00eancia contra a mulher - Folha Popular","robots":{"index":"index","follow":"follow","max-snippet":"max-snippet:-1","max-image-preview":"max-image-preview:large","max-video-preview":"max-video-preview:-1"},"canonical":"https:\/\/folhapopular.info\/index.php\/2026\/09\/02\/estrela-reune-geracoes-para-discutir-relacoes-e-prevencao-a-violencia-contra-a-mulher\/","og_locale":"pt_BR","og_type":"article","og_title":"Estrela re\u00fane gera\u00e7\u00f5es para discutir rela\u00e7\u00f5es e preven\u00e7\u00e3o \u00e0 viol\u00eancia contra a mulher - Folha Popular","og_description":"Estrela recebe a segunda edi\u00e7\u00e3o do Caminhos Entre Gera\u00e7\u00f5es na ter\u00e7a-feira (8\/9). O encontro prop\u00f5e discutir rela\u00e7\u00f5es entre homens e mulheres, preven\u00e7\u00e3o e conviv\u00eancia entre diferentes gera\u00e7\u00f5es. A atividade ocorre \u00e0s 19h, na\u00a0C\u00e2mara de Com\u00e9rcio, Ind\u00fastria, Servi\u00e7os e Agroneg\u00f3cio (Cacis). A iniciativa \u00e9 promovida pela Coordenadoria da Mulher de Estrela (CDME), em parceria com entidades, [&hellip;]","og_url":"https:\/\/folhapopular.info\/index.php\/2026\/09\/02\/estrela-reune-geracoes-para-discutir-relacoes-e-prevencao-a-violencia-contra-a-mulher\/","og_site_name":"Folha Popular","article_published_time":"2026-09-02T18:34:08+00:00","article_modified_time":"2026-09-02T18:34:12+00:00","og_image":[{"width":2560,"height":1707,"url":"https:\/\/folhapopular.info\/wp-content\/uploads\/2026\/09\/pexels-shvets-production-7176137-scaled.webp","type":"image\/webp"}],"author":"Reda\u00e7\u00e3o Folha Popular","twitter_card":"summary_large_image","twitter_misc":{"Escrito por":"Reda\u00e7\u00e3o Folha Popular","Est. tempo de leitura":"2 minutos"},"schema":{"@context":"https:\/\/schema.org","@graph":[{"@type":"Article","@id":"https:\/\/folhapopular.info\/index.php\/2026\/09\/02\/estrela-reune-geracoes-para-discutir-relacoes-e-prevencao-a-violencia-contra-a-mulher\/#article","isPartOf":{"@id":"https:\/\/folhapopular.info\/index.php\/2026\/09\/02\/estrela-reune-geracoes-para-discutir-relacoes-e-prevencao-a-violencia-contra-a-mulher\/"},"author":{"name":"Reda\u00e7\u00e3o Folha Popular","@id":"https:\/\/folhapopular.info\/#\/schema\/person\/2814e8a0df7643585a9ca38bc6eb9d4b"},"headline":"Estrela re\u00fane gera\u00e7\u00f5es para discutir rela\u00e7\u00f5es e preven\u00e7\u00e3o \u00e0 viol\u00eancia contra a mulher","datePublished":"2026-09-02T18:34:08+00:00","dateModified":"2026-09-02T18:34:12+00:00","mainEntityOfPage":{"@id":"https:\/\/folhapopular.info\/index.php\/2026\/09\/02\/estrela-reune-geracoes-para-discutir-relacoes-e-prevencao-a-violencia-contra-a-mulher\/"},"wordCount":218,"commentCount":0,"image":{"@id":"https:\/\/folhapopular.info\/index.php\/2026\/09\/02\/estrela-reune-geracoes-para-discutir-relacoes-e-prevencao-a-violencia-contra-a-mulher\/#primaryimage"},"thumbnailUrl":"https:\/\/folhapopular.info\/wp-content\/uploads\/2026\/09\/pexels-shvets-production-7176137-scaled.webp","keywords":["Estrela","Gera\u00e7\u00f5es","Preven\u00e7\u00e3o","Viol\u00eancia contra a mulher"],"articleSection":["Geral"],"inLanguage":"pt-BR","potentialAction":[{"@type":"CommentAction","name":"Comment","target":["https:\/\/folhapopular.info\/index.php\/2026\/09\/02\/estrela-reune-geracoes-para-discutir-relacoes-e-prevencao-a-violencia-contra-a-mulher\/#respond"]}]},{"@type":"WebPage","@id":"https:\/\/folhapopular.info\/index.php\/2026\/09\/02\/estrela-reune-geracoes-para-discutir-relacoes-e-prevencao-a-violencia-contra-a-mulher\/","url":"https:\/\/folhapopular.info\/index.php\/2026\/09\/02\/estrela-reune-geracoes-para-discutir-relacoes-e-prevencao-a-violencia-contra-a-mulher\/","name":"Estrela re\u00fane gera\u00e7\u00f5es para discutir rela\u00e7\u00f5es e preven\u00e7\u00e3o \u00e0 viol\u00eancia contra a mulher - Folha Popular","isPartOf":{"@id":"https:\/\/folhapopular.info\/#website"},"primaryImageOfPage":{"@id":"https:\/\/folhapopular.info\/index.php\/2026\/09\/02\/estrela-reune-geracoes-para-discutir-relacoes-e-prevencao-a-violencia-contra-a-mulher\/#primaryimage"},"image":{"@id":"https:\/\/folhapopular.info\/index.php\/2026\/09\/02\/estrela-reune-geracoes-para-discutir-relacoes-e-prevencao-a-violencia-contra-a-mulher\/#primaryimage"},"thumbnailUrl":"https:\/\/folhapopular.info\/wp-content\/uploads\/2026\/09\/pexels-shvets-production-7176137-scaled.webp","datePublished":"2026-09-02T18:34:08+00:00","dateModified":"2026-09-02T18:34:12+00:00","author":{"@id":"https:\/\/folhapopular.info\/#\/schema\/person\/2814e8a0df7643585a9ca38bc6eb9d4b"},"breadcrumb":{"@id":"https:\/\/folhapopular.info\/index.php\/2026\/09\/02\/estrela-reune-geracoes-para-discutir-relacoes-e-prevencao-a-violencia-contra-a-mulher\/#breadcrumb"},"inLanguage":"pt-BR","potentialAction":[{"@type":"ReadAction","target":["https:\/\/folhapopular.info\/index.php\/2026\/09\/02\/estrela-reune-geracoes-para-discutir-relacoes-e-prevencao-a-violencia-contra-a-mulher\/"]}]},{"@type":"ImageObject","inLanguage":"pt-BR","@id":"https:\/\/folhapopular.info\/index.php\/2026\/09\/02\/estrela-reune-geracoes-para-discutir-relacoes-e-prevencao-a-violencia-contra-a-mulher\/#primaryimage","url":"https:\/\/folhapopular.info\/wp-content\/uploads\/2026\/09\/pexels-shvets-production-7176137-scaled.webp","contentUrl":"https:\/\/folhapopular.info\/wp-content\/uploads\/2026\/09\/pexels-shvets-production-7176137-scaled.webp","width":2560,"height":1707,"caption":"Cr\u00e9dito: Pexels"},{"@type":"BreadcrumbList","@id":"https:\/\/folhapopular.info\/index.php\/2026\/09\/02\/estrela-reune-geracoes-para-discutir-relacoes-e-prevencao-a-violencia-contra-a-mulher\/#breadcrumb","itemListElement":[{"@type":"ListItem","position":1,"name":"In\u00edcio","item":"https:\/\/folhapopular.info\/"},{"@type":"ListItem","position":2,"name":"Estrela re\u00fane gera\u00e7\u00f5es para discutir rela\u00e7\u00f5es e preven\u00e7\u00e3o \u00e0 viol\u00eancia contra a mulher"}]},{"@type":"WebSite","@id":"https:\/\/folhapopular.info\/#website","url":"https:\/\/folhapopular.info\/","name":"Folha Popular","description":"Onde voc\u00ea tem vez e voz","potentialAction":[{"@type":"SearchAction","target":{"@type":"EntryPoint","urlTemplate":"https:\/\/folhapopular.info\/?s={search_term_string}"},"query-input":{"@type":"PropertyValueSpecification","valueRequired":true,"valueName":"search_term_string"}}],"inLanguage":"pt-BR"},{"@type":"Person","@id":"https:\/\/folhapopular.info\/#\/schema\/person\/2814e8a0df7643585a9ca38bc6eb9d4b","name":"Reda\u00e7\u00e3o Folha Popular","image":{"@type":"ImageObject","inLanguage":"pt-BR","@id":"https:\/\/folhapopular.info\/wp-content\/uploads\/2026\/04\/Folha-1.webp","url":"https:\/\/folhapopular.info\/wp-content\/uploads\/2026\/04\/Folha-1.webp","contentUrl":"https:\/\/folhapopular.info\/wp-content\/uploads\/2026\/04\/Folha-1.webp","caption":"Reda\u00e7\u00e3o Folha Popular"},"url":"https:\/\/folhapopular.info\/index.php\/author\/redacao\/"}]}},"jetpack_sharing_enabled":true,"amp_enabled":true,"jetpack_featured_media_url":"https:\/\/folhapopular.info\/wp-content\/uploads\/2026\/09\/pexels-shvets-production-7176137-scaled.webp","_links":{"self":[{"href":"https:\/\/folhapopular.info\/index.php\/wp-json\/wp\/v2\/posts\/220221","targetHints":{"allow":["GET"]}}],"collection":[{"href":"https:\/\/folhapopular.info\/index.php\/wp-json\/wp\/v2\/posts"}],"about":[{"href":"https:\/\/folhapopular.info\/index.php\/wp-json\/wp\/v2\/types\/post"}],"author":[{"embeddable":true,"href":"https:\/\/folhapopular.info\/index.php\/wp-json\/wp\/v2\/users\/8"}],"replies":[{"embeddable":true,"href":"https:\/\/folhapopular.info\/index.php\/wp-json\/wp\/v2\/comments?post=220221"}],"version-history":[{"count":1,"href":"https:\/\/folhapopular.info\/index.php\/wp-json\/wp\/v2\/posts\/220221\/revisions"}],"predecessor-version":[{"id":220225,"href":"https:\/\/folhapopular.info\/index.php\/wp-json\/wp\/v2\/posts\/220221\/revisions\/220225"}],"wp:featuredmedia":[{"embeddable":true,"href":"https:\/\/folhapopular.info\/index.php\/wp-json\/wp\/v2\/media\/220224"}],"wp:attachment":[{"href":"https:\/\/folhapopular.info\/index.php\/wp-json\/wp\/v2\/media?parent=220221"}],"wp:term":[{"taxonomy":"category","embeddable":true,"href":"https:\/\/folhapopular.info\/index.php\/wp-json\/wp\/v2\/categories?post=220221"},{"taxonomy":"post_tag","embeddable":true,"href":"https:\/\/folhapopular.info\/index.php\/wp-json\/wp\/v2\/tags?post=220221"}],"curies":[{"name":"wp","href":"https:\/\/api.w.org\/{rel}","templated":true}]}}