{"id":220222,"date":"2026-09-03T07:15:00","date_gmt":"2026-09-03T10:15:00","guid":{"rendered":"https:\/\/folhapopular.info\/?p=220222"},"modified":"2026-09-02T15:34:50","modified_gmt":"2026-09-02T18:34:50","slug":"imigrante-recolhe-mais-de-13-tonelada-de-eletronicos","status":"publish","type":"post","link":"https:\/\/folhapopular.info\/index.php\/2026\/09\/03\/imigrante-recolhe-mais-de-13-tonelada-de-eletronicos\/","title":{"rendered":"Imigrante recolhe mais de 1,3 tonelada de eletr\u00f4nicos"},"content":{"rendered":"\n<p class=\"wp-block-paragraph\">A Secretaria da Agricultura, Meio Ambiente e Desenvolvimento Econ\u00f4mico realizou mais uma edi\u00e7\u00e3o da Coleta Anual de Res\u00edduos Eletr\u00f4nicos em Imigrante. Neste ano, a campanha recolheu mais de 1,3 tonelada de materiais, resultado que demonstra o envolvimento da comunidade com a preserva\u00e7\u00e3o ambiental e o descarte correto de equipamentos em desuso.<\/p>\n\n\n\n<p class=\"wp-block-paragraph\">Entre os itens entregues pelos moradores estavam computadores, televisores, celulares, batedeiras e outros aparelhos eletr\u00f4nicos. Todo o material foi encaminhado \u00e0 empresa M&amp;M Coleta de Eletr\u00f4nicos, respons\u00e1vel pelo desmonte dos equipamentos e pela separa\u00e7\u00e3o dos diferentes tipos de materiais. Ap\u00f3s esse processo, os componentes s\u00e3o destinados \u00e0 reciclagem e ao reaproveitamento, retornando \u00e0 ind\u00fastria como mat\u00e9ria-prima.<\/p>\n\n\n\n<p class=\"wp-block-paragraph\">A campanha busca evitar que res\u00edduos eletr\u00f4nicos sejam descartados de forma inadequada no solo ou na \u00e1gua, o que pode causar contamina\u00e7\u00f5es e trazer riscos \u00e0 sa\u00fade da popula\u00e7\u00e3o e aos ecossistemas locais. Para o secret\u00e1rio da pasta, a participa\u00e7\u00e3o da comunidade \u00e9 fundamental para que a\u00e7\u00f5es como essa tenham bons resultados. &#8220;Quando o poder p\u00fablico e a popula\u00e7\u00e3o atuam juntos, pequenas atividades t\u00eam resultado positivo para o meio ambiente.&#8221;<\/p>\n\n\n\n<p class=\"wp-block-paragraph\">A Secretaria agradece a todos que participaram da campanha e refor\u00e7a a import\u00e2ncia de manter o descarte consciente tamb\u00e9m nas pr\u00f3ximas edi\u00e7\u00f5es. A destina\u00e7\u00e3o correta de cada equipamento contribui para reduzir os impactos ambientais e para a constru\u00e7\u00e3o de um munic\u00edpio mais sustent\u00e1vel.<\/p>\n","protected":false},"excerpt":{"rendered":"<p>A Secretaria da Agricultura, Meio Ambiente e Desenvolvimento Econ\u00f4mico realizou mais uma edi\u00e7\u00e3o da Coleta Anual de Res\u00edduos Eletr\u00f4nicos em Imigrante. Neste ano, a campanha recolheu mais de 1,3 tonelada de materiais, resultado que demonstra o envolvimento da comunidade com a preserva\u00e7\u00e3o ambiental e o descarte correto de equipamentos em desuso. Entre os itens entregues [&hellip;]<\/p>\n","protected":false},"author":8,"featured_media":220223,"comment_status":"open","ping_status":"open","sticky":false,"template":"","format":"standard","meta":{"pmpro_default_level":"","_jetpack_memberships_contains_paid_content":false,"footnotes":""},"categories":[2,3],"tags":[15790,5366,34,1065],"class_list":["post-220222","post","type-post","status-publish","format-standard","has-post-thumbnail","category-featured","category-geral","tag-coleta-anual-de-lixo-eletronico","tag-comunidade","tag-imigrante","tag-lixo-eletronico","pmpro-has-access"],"yoast_head":"<!-- This site is optimized with the Yoast SEO plugin v28.4 - https:\/\/yoast.com\/product\/yoast-seo-wordpress\/ -->\n<title>Imigrante recolhe mais de 1,3 tonelada de eletr\u00f4nicos - Folha Popular<\/title>\n<meta name=\"description\" content=\"A Secretaria da Agricultura, Meio Ambiente e Desenvolvimento Econ\u00f4mico realizou mais uma edi\u00e7\u00e3o da Coleta Anual de Res\u00edduos Eletr\u00f4nicos em Imigrante. Neste ano, a campanha recolheu mais de 1,3 tonelada de materiais, resultado que demonstra o envolvimento da comunidade com a preserva\u00e7\u00e3o ambiental e o descarte correto de equipamentos em desuso.\" \/>\n<meta name=\"robots\" content=\"index, follow, max-snippet:-1, max-image-preview:large, max-video-preview:-1\" \/>\n<link rel=\"canonical\" href=\"https:\/\/folhapopular.info\/index.php\/2026\/09\/03\/imigrante-recolhe-mais-de-13-tonelada-de-eletronicos\/\" \/>\n<meta property=\"og:locale\" content=\"pt_BR\" \/>\n<meta property=\"og:type\" content=\"article\" \/>\n<meta property=\"og:title\" content=\"Imigrante recolhe mais de 1,3 tonelada de eletr\u00f4nicos - Folha Popular\" \/>\n<meta property=\"og:description\" content=\"A Secretaria da Agricultura, Meio Ambiente e Desenvolvimento Econ\u00f4mico realizou mais uma edi\u00e7\u00e3o da Coleta Anual de Res\u00edduos Eletr\u00f4nicos em Imigrante. Neste ano, a campanha recolheu mais de 1,3 tonelada de materiais, resultado que demonstra o envolvimento da comunidade com a preserva\u00e7\u00e3o ambiental e o descarte correto de equipamentos em desuso.\" \/>\n<meta property=\"og:url\" content=\"https:\/\/folhapopular.info\/index.php\/2026\/09\/03\/imigrante-recolhe-mais-de-13-tonelada-de-eletronicos\/\" \/>\n<meta property=\"og:site_name\" content=\"Folha Popular\" \/>\n<meta property=\"article:published_time\" content=\"2026-09-03T10:15:00+00:00\" \/>\n<meta property=\"og:image\" content=\"https:\/\/folhapopular.info\/wp-content\/uploads\/2026\/09\/cac95790-7d99-479f-9370-14865ce15f71.JPG.webp\" \/>\n\t<meta property=\"og:image:width\" content=\"1600\" \/>\n\t<meta property=\"og:image:height\" content=\"1200\" \/>\n\t<meta property=\"og:image:type\" content=\"image\/webp\" \/>\n<meta name=\"author\" content=\"Reda\u00e7\u00e3o Folha Popular\" \/>\n<meta name=\"twitter:card\" content=\"summary_large_image\" \/>\n<meta name=\"twitter:label1\" content=\"Escrito por\" \/>\n\t<meta name=\"twitter:data1\" content=\"Reda\u00e7\u00e3o Folha Popular\" \/>\n\t<meta name=\"twitter:label2\" content=\"Est. tempo de leitura\" \/>\n\t<meta name=\"twitter:data2\" content=\"2 minutos\" \/>\n<script type=\"application\/ld+json\" class=\"yoast-schema-graph\">{\"@context\":\"https:\\\/\\\/schema.org\",\"@graph\":[{\"@type\":\"Article\",\"@id\":\"https:\\\/\\\/folhapopular.info\\\/index.php\\\/2026\\\/09\\\/03\\\/imigrante-recolhe-mais-de-13-tonelada-de-eletronicos\\\/#article\",\"isPartOf\":{\"@id\":\"https:\\\/\\\/folhapopular.info\\\/index.php\\\/2026\\\/09\\\/03\\\/imigrante-recolhe-mais-de-13-tonelada-de-eletronicos\\\/\"},\"author\":{\"name\":\"Reda\u00e7\u00e3o Folha Popular\",\"@id\":\"https:\\\/\\\/folhapopular.info\\\/#\\\/schema\\\/person\\\/2814e8a0df7643585a9ca38bc6eb9d4b\"},\"headline\":\"Imigrante recolhe mais de 1,3 tonelada de eletr\u00f4nicos\",\"datePublished\":\"2026-09-03T10:15:00+00:00\",\"mainEntityOfPage\":{\"@id\":\"https:\\\/\\\/folhapopular.info\\\/index.php\\\/2026\\\/09\\\/03\\\/imigrante-recolhe-mais-de-13-tonelada-de-eletronicos\\\/\"},\"wordCount\":257,\"commentCount\":0,\"image\":{\"@id\":\"https:\\\/\\\/folhapopular.info\\\/index.php\\\/2026\\\/09\\\/03\\\/imigrante-recolhe-mais-de-13-tonelada-de-eletronicos\\\/#primaryimage\"},\"thumbnailUrl\":\"https:\\\/\\\/folhapopular.info\\\/wp-content\\\/uploads\\\/2026\\\/09\\\/cac95790-7d99-479f-9370-14865ce15f71.JPG.webp\",\"keywords\":[\"Coleta anual de lixo eletr\u00f4nico\",\"Comunidade\",\"Imigrante\",\"Lixo Eletr\u00f4nico\"],\"articleSection\":[\"Destaques\",\"Geral\"],\"inLanguage\":\"pt-BR\",\"potentialAction\":[{\"@type\":\"CommentAction\",\"name\":\"Comment\",\"target\":[\"https:\\\/\\\/folhapopular.info\\\/index.php\\\/2026\\\/09\\\/03\\\/imigrante-recolhe-mais-de-13-tonelada-de-eletronicos\\\/#respond\"]}]},{\"@type\":\"WebPage\",\"@id\":\"https:\\\/\\\/folhapopular.info\\\/index.php\\\/2026\\\/09\\\/03\\\/imigrante-recolhe-mais-de-13-tonelada-de-eletronicos\\\/\",\"url\":\"https:\\\/\\\/folhapopular.info\\\/index.php\\\/2026\\\/09\\\/03\\\/imigrante-recolhe-mais-de-13-tonelada-de-eletronicos\\\/\",\"name\":\"Imigrante recolhe mais de 1,3 tonelada de eletr\u00f4nicos - Folha Popular\",\"isPartOf\":{\"@id\":\"https:\\\/\\\/folhapopular.info\\\/#website\"},\"primaryImageOfPage\":{\"@id\":\"https:\\\/\\\/folhapopular.info\\\/index.php\\\/2026\\\/09\\\/03\\\/imigrante-recolhe-mais-de-13-tonelada-de-eletronicos\\\/#primaryimage\"},\"image\":{\"@id\":\"https:\\\/\\\/folhapopular.info\\\/index.php\\\/2026\\\/09\\\/03\\\/imigrante-recolhe-mais-de-13-tonelada-de-eletronicos\\\/#primaryimage\"},\"thumbnailUrl\":\"https:\\\/\\\/folhapopular.info\\\/wp-content\\\/uploads\\\/2026\\\/09\\\/cac95790-7d99-479f-9370-14865ce15f71.JPG.webp\",\"datePublished\":\"2026-09-03T10:15:00+00:00\",\"author\":{\"@id\":\"https:\\\/\\\/folhapopular.info\\\/#\\\/schema\\\/person\\\/2814e8a0df7643585a9ca38bc6eb9d4b\"},\"description\":\"A Secretaria da Agricultura, Meio Ambiente e Desenvolvimento Econ\u00f4mico realizou mais uma edi\u00e7\u00e3o da Coleta Anual de Res\u00edduos Eletr\u00f4nicos em Imigrante. Neste ano, a campanha recolheu mais de 1,3 tonelada de materiais, resultado que demonstra o envolvimento da comunidade com a preserva\u00e7\u00e3o ambiental e o descarte correto de equipamentos em desuso.\",\"breadcrumb\":{\"@id\":\"https:\\\/\\\/folhapopular.info\\\/index.php\\\/2026\\\/09\\\/03\\\/imigrante-recolhe-mais-de-13-tonelada-de-eletronicos\\\/#breadcrumb\"},\"inLanguage\":\"pt-BR\",\"potentialAction\":[{\"@type\":\"ReadAction\",\"target\":[\"https:\\\/\\\/folhapopular.info\\\/index.php\\\/2026\\\/09\\\/03\\\/imigrante-recolhe-mais-de-13-tonelada-de-eletronicos\\\/\"]}]},{\"@type\":\"ImageObject\",\"inLanguage\":\"pt-BR\",\"@id\":\"https:\\\/\\\/folhapopular.info\\\/index.php\\\/2026\\\/09\\\/03\\\/imigrante-recolhe-mais-de-13-tonelada-de-eletronicos\\\/#primaryimage\",\"url\":\"https:\\\/\\\/folhapopular.info\\\/wp-content\\\/uploads\\\/2026\\\/09\\\/cac95790-7d99-479f-9370-14865ce15f71.JPG.webp\",\"contentUrl\":\"https:\\\/\\\/folhapopular.info\\\/wp-content\\\/uploads\\\/2026\\\/09\\\/cac95790-7d99-479f-9370-14865ce15f71.JPG.webp\",\"width\":1600,\"height\":1200,\"caption\":\"Cr\u00e9dito: Rafaela Trapp \\\/ Divulga\u00e7\u00e3o\"},{\"@type\":\"BreadcrumbList\",\"@id\":\"https:\\\/\\\/folhapopular.info\\\/index.php\\\/2026\\\/09\\\/03\\\/imigrante-recolhe-mais-de-13-tonelada-de-eletronicos\\\/#breadcrumb\",\"itemListElement\":[{\"@type\":\"ListItem\",\"position\":1,\"name\":\"In\u00edcio\",\"item\":\"https:\\\/\\\/folhapopular.info\\\/\"},{\"@type\":\"ListItem\",\"position\":2,\"name\":\"Imigrante recolhe mais de 1,3 tonelada de eletr\u00f4nicos\"}]},{\"@type\":\"WebSite\",\"@id\":\"https:\\\/\\\/folhapopular.info\\\/#website\",\"url\":\"https:\\\/\\\/folhapopular.info\\\/\",\"name\":\"Folha Popular\",\"description\":\"Onde voc\u00ea tem vez e voz\",\"potentialAction\":[{\"@type\":\"SearchAction\",\"target\":{\"@type\":\"EntryPoint\",\"urlTemplate\":\"https:\\\/\\\/folhapopular.info\\\/?s={search_term_string}\"},\"query-input\":{\"@type\":\"PropertyValueSpecification\",\"valueRequired\":true,\"valueName\":\"search_term_string\"}}],\"inLanguage\":\"pt-BR\"},{\"@type\":\"Person\",\"@id\":\"https:\\\/\\\/folhapopular.info\\\/#\\\/schema\\\/person\\\/2814e8a0df7643585a9ca38bc6eb9d4b\",\"name\":\"Reda\u00e7\u00e3o Folha Popular\",\"image\":{\"@type\":\"ImageObject\",\"inLanguage\":\"pt-BR\",\"@id\":\"https:\\\/\\\/folhapopular.info\\\/wp-content\\\/uploads\\\/2026\\\/04\\\/Folha-1.webp\",\"url\":\"https:\\\/\\\/folhapopular.info\\\/wp-content\\\/uploads\\\/2026\\\/04\\\/Folha-1.webp\",\"contentUrl\":\"https:\\\/\\\/folhapopular.info\\\/wp-content\\\/uploads\\\/2026\\\/04\\\/Folha-1.webp\",\"caption\":\"Reda\u00e7\u00e3o Folha Popular\"},\"url\":\"https:\\\/\\\/folhapopular.info\\\/index.php\\\/author\\\/redacao\\\/\"}]}<\/script>\n<!-- \/ Yoast SEO plugin. -->","yoast_head_json":{"title":"Imigrante recolhe mais de 1,3 tonelada de eletr\u00f4nicos - Folha Popular","description":"A Secretaria da Agricultura, Meio Ambiente e Desenvolvimento Econ\u00f4mico realizou mais uma edi\u00e7\u00e3o da Coleta Anual de Res\u00edduos Eletr\u00f4nicos em Imigrante. Neste ano, a campanha recolheu mais de 1,3 tonelada de materiais, resultado que demonstra o envolvimento da comunidade com a preserva\u00e7\u00e3o ambiental e o descarte correto de equipamentos em desuso.","robots":{"index":"index","follow":"follow","max-snippet":"max-snippet:-1","max-image-preview":"max-image-preview:large","max-video-preview":"max-video-preview:-1"},"canonical":"https:\/\/folhapopular.info\/index.php\/2026\/09\/03\/imigrante-recolhe-mais-de-13-tonelada-de-eletronicos\/","og_locale":"pt_BR","og_type":"article","og_title":"Imigrante recolhe mais de 1,3 tonelada de eletr\u00f4nicos - Folha Popular","og_description":"A Secretaria da Agricultura, Meio Ambiente e Desenvolvimento Econ\u00f4mico realizou mais uma edi\u00e7\u00e3o da Coleta Anual de Res\u00edduos Eletr\u00f4nicos em Imigrante. Neste ano, a campanha recolheu mais de 1,3 tonelada de materiais, resultado que demonstra o envolvimento da comunidade com a preserva\u00e7\u00e3o ambiental e o descarte correto de equipamentos em desuso.","og_url":"https:\/\/folhapopular.info\/index.php\/2026\/09\/03\/imigrante-recolhe-mais-de-13-tonelada-de-eletronicos\/","og_site_name":"Folha Popular","article_published_time":"2026-09-03T10:15:00+00:00","og_image":[{"width":1600,"height":1200,"url":"https:\/\/folhapopular.info\/wp-content\/uploads\/2026\/09\/cac95790-7d99-479f-9370-14865ce15f71.JPG.webp","type":"image\/webp"}],"author":"Reda\u00e7\u00e3o Folha Popular","twitter_card":"summary_large_image","twitter_misc":{"Escrito por":"Reda\u00e7\u00e3o Folha Popular","Est. tempo de leitura":"2 minutos"},"schema":{"@context":"https:\/\/schema.org","@graph":[{"@type":"Article","@id":"https:\/\/folhapopular.info\/index.php\/2026\/09\/03\/imigrante-recolhe-mais-de-13-tonelada-de-eletronicos\/#article","isPartOf":{"@id":"https:\/\/folhapopular.info\/index.php\/2026\/09\/03\/imigrante-recolhe-mais-de-13-tonelada-de-eletronicos\/"},"author":{"name":"Reda\u00e7\u00e3o Folha Popular","@id":"https:\/\/folhapopular.info\/#\/schema\/person\/2814e8a0df7643585a9ca38bc6eb9d4b"},"headline":"Imigrante recolhe mais de 1,3 tonelada de eletr\u00f4nicos","datePublished":"2026-09-03T10:15:00+00:00","mainEntityOfPage":{"@id":"https:\/\/folhapopular.info\/index.php\/2026\/09\/03\/imigrante-recolhe-mais-de-13-tonelada-de-eletronicos\/"},"wordCount":257,"commentCount":0,"image":{"@id":"https:\/\/folhapopular.info\/index.php\/2026\/09\/03\/imigrante-recolhe-mais-de-13-tonelada-de-eletronicos\/#primaryimage"},"thumbnailUrl":"https:\/\/folhapopular.info\/wp-content\/uploads\/2026\/09\/cac95790-7d99-479f-9370-14865ce15f71.JPG.webp","keywords":["Coleta anual de lixo eletr\u00f4nico","Comunidade","Imigrante","Lixo Eletr\u00f4nico"],"articleSection":["Destaques","Geral"],"inLanguage":"pt-BR","potentialAction":[{"@type":"CommentAction","name":"Comment","target":["https:\/\/folhapopular.info\/index.php\/2026\/09\/03\/imigrante-recolhe-mais-de-13-tonelada-de-eletronicos\/#respond"]}]},{"@type":"WebPage","@id":"https:\/\/folhapopular.info\/index.php\/2026\/09\/03\/imigrante-recolhe-mais-de-13-tonelada-de-eletronicos\/","url":"https:\/\/folhapopular.info\/index.php\/2026\/09\/03\/imigrante-recolhe-mais-de-13-tonelada-de-eletronicos\/","name":"Imigrante recolhe mais de 1,3 tonelada de eletr\u00f4nicos - Folha Popular","isPartOf":{"@id":"https:\/\/folhapopular.info\/#website"},"primaryImageOfPage":{"@id":"https:\/\/folhapopular.info\/index.php\/2026\/09\/03\/imigrante-recolhe-mais-de-13-tonelada-de-eletronicos\/#primaryimage"},"image":{"@id":"https:\/\/folhapopular.info\/index.php\/2026\/09\/03\/imigrante-recolhe-mais-de-13-tonelada-de-eletronicos\/#primaryimage"},"thumbnailUrl":"https:\/\/folhapopular.info\/wp-content\/uploads\/2026\/09\/cac95790-7d99-479f-9370-14865ce15f71.JPG.webp","datePublished":"2026-09-03T10:15:00+00:00","author":{"@id":"https:\/\/folhapopular.info\/#\/schema\/person\/2814e8a0df7643585a9ca38bc6eb9d4b"},"description":"A Secretaria da Agricultura, Meio Ambiente e Desenvolvimento Econ\u00f4mico realizou mais uma edi\u00e7\u00e3o da Coleta Anual de Res\u00edduos Eletr\u00f4nicos em Imigrante. Neste ano, a campanha recolheu mais de 1,3 tonelada de materiais, resultado que demonstra o envolvimento da comunidade com a preserva\u00e7\u00e3o ambiental e o descarte correto de equipamentos em desuso.","breadcrumb":{"@id":"https:\/\/folhapopular.info\/index.php\/2026\/09\/03\/imigrante-recolhe-mais-de-13-tonelada-de-eletronicos\/#breadcrumb"},"inLanguage":"pt-BR","potentialAction":[{"@type":"ReadAction","target":["https:\/\/folhapopular.info\/index.php\/2026\/09\/03\/imigrante-recolhe-mais-de-13-tonelada-de-eletronicos\/"]}]},{"@type":"ImageObject","inLanguage":"pt-BR","@id":"https:\/\/folhapopular.info\/index.php\/2026\/09\/03\/imigrante-recolhe-mais-de-13-tonelada-de-eletronicos\/#primaryimage","url":"https:\/\/folhapopular.info\/wp-content\/uploads\/2026\/09\/cac95790-7d99-479f-9370-14865ce15f71.JPG.webp","contentUrl":"https:\/\/folhapopular.info\/wp-content\/uploads\/2026\/09\/cac95790-7d99-479f-9370-14865ce15f71.JPG.webp","width":1600,"height":1200,"caption":"Cr\u00e9dito: Rafaela Trapp \/ Divulga\u00e7\u00e3o"},{"@type":"BreadcrumbList","@id":"https:\/\/folhapopular.info\/index.php\/2026\/09\/03\/imigrante-recolhe-mais-de-13-tonelada-de-eletronicos\/#breadcrumb","itemListElement":[{"@type":"ListItem","position":1,"name":"In\u00edcio","item":"https:\/\/folhapopular.info\/"},{"@type":"ListItem","position":2,"name":"Imigrante recolhe mais de 1,3 tonelada de eletr\u00f4nicos"}]},{"@type":"WebSite","@id":"https:\/\/folhapopular.info\/#website","url":"https:\/\/folhapopular.info\/","name":"Folha Popular","description":"Onde voc\u00ea tem vez e voz","potentialAction":[{"@type":"SearchAction","target":{"@type":"EntryPoint","urlTemplate":"https:\/\/folhapopular.info\/?s={search_term_string}"},"query-input":{"@type":"PropertyValueSpecification","valueRequired":true,"valueName":"search_term_string"}}],"inLanguage":"pt-BR"},{"@type":"Person","@id":"https:\/\/folhapopular.info\/#\/schema\/person\/2814e8a0df7643585a9ca38bc6eb9d4b","name":"Reda\u00e7\u00e3o Folha Popular","image":{"@type":"ImageObject","inLanguage":"pt-BR","@id":"https:\/\/folhapopular.info\/wp-content\/uploads\/2026\/04\/Folha-1.webp","url":"https:\/\/folhapopular.info\/wp-content\/uploads\/2026\/04\/Folha-1.webp","contentUrl":"https:\/\/folhapopular.info\/wp-content\/uploads\/2026\/04\/Folha-1.webp","caption":"Reda\u00e7\u00e3o Folha Popular"},"url":"https:\/\/folhapopular.info\/index.php\/author\/redacao\/"}]}},"jetpack_sharing_enabled":true,"amp_enabled":true,"jetpack_featured_media_url":"https:\/\/folhapopular.info\/wp-content\/uploads\/2026\/09\/cac95790-7d99-479f-9370-14865ce15f71.JPG.webp","_links":{"self":[{"href":"https:\/\/folhapopular.info\/index.php\/wp-json\/wp\/v2\/posts\/220222","targetHints":{"allow":["GET"]}}],"collection":[{"href":"https:\/\/folhapopular.info\/index.php\/wp-json\/wp\/v2\/posts"}],"about":[{"href":"https:\/\/folhapopular.info\/index.php\/wp-json\/wp\/v2\/types\/post"}],"author":[{"embeddable":true,"href":"https:\/\/folhapopular.info\/index.php\/wp-json\/wp\/v2\/users\/8"}],"replies":[{"embeddable":true,"href":"https:\/\/folhapopular.info\/index.php\/wp-json\/wp\/v2\/comments?post=220222"}],"version-history":[{"count":1,"href":"https:\/\/folhapopular.info\/index.php\/wp-json\/wp\/v2\/posts\/220222\/revisions"}],"predecessor-version":[{"id":220226,"href":"https:\/\/folhapopular.info\/index.php\/wp-json\/wp\/v2\/posts\/220222\/revisions\/220226"}],"wp:featuredmedia":[{"embeddable":true,"href":"https:\/\/folhapopular.info\/index.php\/wp-json\/wp\/v2\/media\/220223"}],"wp:attachment":[{"href":"https:\/\/folhapopular.info\/index.php\/wp-json\/wp\/v2\/media?parent=220222"}],"wp:term":[{"taxonomy":"category","embeddable":true,"href":"https:\/\/folhapopular.info\/index.php\/wp-json\/wp\/v2\/categories?post=220222"},{"taxonomy":"post_tag","embeddable":true,"href":"https:\/\/folhapopular.info\/index.php\/wp-json\/wp\/v2\/tags?post=220222"}],"curies":[{"name":"wp","href":"https:\/\/api.w.org\/{rel}","templated":true}]}}