{"id":220227,"date":"2026-09-02T15:53:16","date_gmt":"2026-09-02T18:53:16","guid":{"rendered":"https:\/\/folhapopular.info\/?p=220227"},"modified":"2026-09-02T15:53:18","modified_gmt":"2026-09-02T18:53:18","slug":"imigrante-concentra-obras-em-acessos-e-vias-do-municipio","status":"publish","type":"post","link":"https:\/\/folhapopular.info\/index.php\/2026\/09\/02\/imigrante-concentra-obras-em-acessos-e-vias-do-municipio\/","title":{"rendered":"Imigrante concentra obras em acessos e vias do munic\u00edpio"},"content":{"rendered":"\n<p class=\"wp-block-paragraph\">Imigrante passa por um per\u00edodo de intenso movimento de obras em diferentes acessos e vias do munic\u00edpio. Entre os principais trabalhos est\u00e3o interven\u00e7\u00f5es de recapeamento, melhorias na drenagem e recupera\u00e7\u00e3o de trechos danificados, com investimentos voltados \u00e0 seguran\u00e7a e \u00e0 infraestrutura.<\/p>\n\n\n\n<p class=\"wp-block-paragraph\">No acesso entre Imigrante e Colinas, est\u00e1 em andamento um recapeamento asf\u00e1ltico. Antes dessa etapa, foi realizado um trabalho de drenagem para solucionar problemas relacionados ao escoamento das \u00e1guas. Essa fase j\u00e1 foi conclu\u00edda e, atualmente, s\u00e3o feitas escava\u00e7\u00f5es nos pontos identificados como &#8220;borrachudos&#8221;, que ser\u00e3o preenchidos antes da aplica\u00e7\u00e3o da nova camada de asfalto. A interven\u00e7\u00e3o tamb\u00e9m busca corrigir problemas que vinham afetando a pista no sentido de Colinas e Estrela.<\/p>\n\n\n\n<p class=\"wp-block-paragraph\">O acesso do Morro da Berlim tamb\u00e9m passa por uma ampla obra, com investimento superior a R$ 17 milh\u00f5es. O trecho \u00e9 bastante utilizado por ve\u00edculos de passeio e caminh\u00f5es de carga e j\u00e1 registrou diversos sinistros com mortes. A interven\u00e7\u00e3o foi viabilizada ap\u00f3s uma mobiliza\u00e7\u00e3o do Executivo municipal junto ao governo do Estado.<\/p>\n\n\n\n<p class=\"wp-block-paragraph\">O projeto prev\u00ea o recapeamento de toda a \u00e1rea, al\u00e9m da implanta\u00e7\u00e3o de \u00e1reas de ref\u00fagio e caixa de brita, estrutura que, segundo o secret\u00e1rio de Obras, Luis Carlos Demari, dever\u00e1 ser a segunda desse tipo no Estado. As melhorias t\u00eam como objetivo aumentar a seguran\u00e7a de quem utiliza a via.<\/p>\n\n\n\n<p class=\"wp-block-paragraph\">Outro ponto que recebe uma interven\u00e7\u00e3o de grande porte \u00e9 o trecho conhecido como Pared\u00e3o, no acesso entre o centro e o bairro da \u00e1rea mencionada pelo secret\u00e1rio. A obra tem investimento de aproximadamente R$ 4 milh\u00f5es e tamb\u00e9m est\u00e1 relacionada aos danos provocados pela enchente de 2024, que levou uma ciclovia e parte da pista.<\/p>\n\n\n\n<p class=\"wp-block-paragraph\">No local, s\u00e3o realizadas detona\u00e7\u00f5es duas ou tr\u00eas vezes por semana, o que exige a interrup\u00e7\u00e3o total do tr\u00e1fego durante os trabalhos. Nos demais per\u00edodos, o tr\u00e2nsito funciona no sistema de pare e siga.<\/p>\n\n\n\n<p class=\"wp-block-paragraph\">Com v\u00e1rias obras simult\u00e2neas, a orienta\u00e7\u00e3o \u00e9 para que os motoristas redobrem a aten\u00e7\u00e3o ao circular pelo munic\u00edpio. H\u00e1 trechos com pare e siga, desvios e possibilidade de bloqueios tempor\u00e1rios. No acesso do Morro da Berlim, a recomenda\u00e7\u00e3o \u00e9 reduzir a velocidade e estar preparado para eventuais interrup\u00e7\u00f5es na pista. &#8220;Para quem utiliza a descida aqui do Morro da Berlim, venha com cautela, j\u00e1 tendo em mente poss\u00edveis bloqueios na pista&#8221;, refor\u00e7a Demari.<\/p>\n\n\n\n<p class=\"wp-block-paragraph\">Os trabalhos seguem os cronogramas previstos, mas as condi\u00e7\u00f5es clim\u00e1ticas podem influenciar o andamento. Os per\u00edodos de chuva acabam reduzindo o ritmo das atividades e podem provocar atrasos. A previs\u00e3o de um m\u00eas de setembro com bastante chuva tamb\u00e9m dificulta estabelecer, neste momento, uma data precisa para a conclus\u00e3o das obras.<\/p>\n","protected":false},"excerpt":{"rendered":"<p>Imigrante passa por um per\u00edodo de intenso movimento de obras em diferentes acessos e vias do munic\u00edpio. Entre os principais trabalhos est\u00e3o interven\u00e7\u00f5es de recapeamento, melhorias na drenagem e recupera\u00e7\u00e3o de trechos danificados, com investimentos voltados \u00e0 seguran\u00e7a e \u00e0 infraestrutura. No acesso entre Imigrante e Colinas, est\u00e1 em andamento um recapeamento asf\u00e1ltico. Antes dessa [&hellip;]<\/p>\n","protected":false},"author":782,"featured_media":220229,"comment_status":"open","ping_status":"open","sticky":false,"template":"","format":"standard","meta":{"pmpro_default_level":"","_jetpack_memberships_contains_paid_content":false,"footnotes":""},"categories":[7,10983],"tags":[34,32,4596,15041],"class_list":["post-220227","post","type-post","status-publish","format-standard","has-post-thumbnail","category-seguranca","category-transito","tag-imigrante","tag-obras","tag-transito-2","tag-vias-bloqueadas","pmpro-has-access"],"yoast_head":"<!-- This site is optimized with the Yoast SEO plugin v28.4 - https:\/\/yoast.com\/product\/yoast-seo-wordpress\/ -->\n<title>Imigrante concentra obras em acessos e vias do munic\u00edpio - Folha Popular<\/title>\n<meta name=\"description\" content=\"Imigrante passa por um per\u00edodo de intenso movimento de obras em diferentes acessos e vias do munic\u00edpio. Entre os principais trabalhos est\u00e3o interven\u00e7\u00f5es de recapeamento, melhorias na drenagem e recupera\u00e7\u00e3o de trechos danificados, com investimentos voltados \u00e0 seguran\u00e7a e \u00e0 infraestrutura.\" \/>\n<meta name=\"robots\" content=\"index, follow, max-snippet:-1, max-image-preview:large, max-video-preview:-1\" \/>\n<link rel=\"canonical\" href=\"https:\/\/folhapopular.info\/index.php\/2026\/09\/02\/imigrante-concentra-obras-em-acessos-e-vias-do-municipio\/\" \/>\n<meta property=\"og:locale\" content=\"pt_BR\" \/>\n<meta property=\"og:type\" content=\"article\" \/>\n<meta property=\"og:title\" content=\"Imigrante concentra obras em acessos e vias do munic\u00edpio - Folha Popular\" \/>\n<meta property=\"og:description\" content=\"Imigrante passa por um per\u00edodo de intenso movimento de obras em diferentes acessos e vias do munic\u00edpio. Entre os principais trabalhos est\u00e3o interven\u00e7\u00f5es de recapeamento, melhorias na drenagem e recupera\u00e7\u00e3o de trechos danificados, com investimentos voltados \u00e0 seguran\u00e7a e \u00e0 infraestrutura.\" \/>\n<meta property=\"og:url\" content=\"https:\/\/folhapopular.info\/index.php\/2026\/09\/02\/imigrante-concentra-obras-em-acessos-e-vias-do-municipio\/\" \/>\n<meta property=\"og:site_name\" content=\"Folha Popular\" \/>\n<meta property=\"article:published_time\" content=\"2026-09-02T18:53:16+00:00\" \/>\n<meta property=\"article:modified_time\" content=\"2026-09-02T18:53:18+00:00\" \/>\n<meta property=\"og:image\" content=\"https:\/\/folhapopular.info\/wp-content\/uploads\/2026\/09\/WhatsApp-Image-2026-09-02-at-15.51.25.webp\" \/>\n\t<meta property=\"og:image:width\" content=\"1280\" \/>\n\t<meta property=\"og:image:height\" content=\"960\" \/>\n\t<meta property=\"og:image:type\" content=\"image\/webp\" \/>\n<meta name=\"author\" content=\"Rafaela Zappaz\" \/>\n<meta name=\"twitter:card\" content=\"summary_large_image\" \/>\n<meta name=\"twitter:label1\" content=\"Escrito por\" \/>\n\t<meta name=\"twitter:data1\" content=\"Rafaela Zappaz\" \/>\n\t<meta name=\"twitter:label2\" content=\"Est. tempo de leitura\" \/>\n\t<meta name=\"twitter:data2\" content=\"3 minutos\" \/>\n<script type=\"application\/ld+json\" class=\"yoast-schema-graph\">{\"@context\":\"https:\\\/\\\/schema.org\",\"@graph\":[{\"@type\":\"Article\",\"@id\":\"https:\\\/\\\/folhapopular.info\\\/index.php\\\/2026\\\/09\\\/02\\\/imigrante-concentra-obras-em-acessos-e-vias-do-municipio\\\/#article\",\"isPartOf\":{\"@id\":\"https:\\\/\\\/folhapopular.info\\\/index.php\\\/2026\\\/09\\\/02\\\/imigrante-concentra-obras-em-acessos-e-vias-do-municipio\\\/\"},\"author\":{\"name\":\"Rafaela Zappaz\",\"@id\":\"https:\\\/\\\/folhapopular.info\\\/#\\\/schema\\\/person\\\/87aa1d7488478bf03a40dc0a852db19d\"},\"headline\":\"Imigrante concentra obras em acessos e vias do munic\u00edpio\",\"datePublished\":\"2026-09-02T18:53:16+00:00\",\"dateModified\":\"2026-09-02T18:53:18+00:00\",\"mainEntityOfPage\":{\"@id\":\"https:\\\/\\\/folhapopular.info\\\/index.php\\\/2026\\\/09\\\/02\\\/imigrante-concentra-obras-em-acessos-e-vias-do-municipio\\\/\"},\"wordCount\":489,\"commentCount\":0,\"image\":{\"@id\":\"https:\\\/\\\/folhapopular.info\\\/index.php\\\/2026\\\/09\\\/02\\\/imigrante-concentra-obras-em-acessos-e-vias-do-municipio\\\/#primaryimage\"},\"thumbnailUrl\":\"https:\\\/\\\/folhapopular.info\\\/wp-content\\\/uploads\\\/2026\\\/09\\\/WhatsApp-Image-2026-09-02-at-15.51.25.webp\",\"keywords\":[\"Imigrante\",\"Obras\",\"Transito\",\"Vias Bloqueadas\"],\"articleSection\":[\"Seguran\u00e7a\",\"Tr\u00e2nsito\"],\"inLanguage\":\"pt-BR\",\"potentialAction\":[{\"@type\":\"CommentAction\",\"name\":\"Comment\",\"target\":[\"https:\\\/\\\/folhapopular.info\\\/index.php\\\/2026\\\/09\\\/02\\\/imigrante-concentra-obras-em-acessos-e-vias-do-municipio\\\/#respond\"]}]},{\"@type\":\"WebPage\",\"@id\":\"https:\\\/\\\/folhapopular.info\\\/index.php\\\/2026\\\/09\\\/02\\\/imigrante-concentra-obras-em-acessos-e-vias-do-municipio\\\/\",\"url\":\"https:\\\/\\\/folhapopular.info\\\/index.php\\\/2026\\\/09\\\/02\\\/imigrante-concentra-obras-em-acessos-e-vias-do-municipio\\\/\",\"name\":\"Imigrante concentra obras em acessos e vias do munic\u00edpio - Folha Popular\",\"isPartOf\":{\"@id\":\"https:\\\/\\\/folhapopular.info\\\/#website\"},\"primaryImageOfPage\":{\"@id\":\"https:\\\/\\\/folhapopular.info\\\/index.php\\\/2026\\\/09\\\/02\\\/imigrante-concentra-obras-em-acessos-e-vias-do-municipio\\\/#primaryimage\"},\"image\":{\"@id\":\"https:\\\/\\\/folhapopular.info\\\/index.php\\\/2026\\\/09\\\/02\\\/imigrante-concentra-obras-em-acessos-e-vias-do-municipio\\\/#primaryimage\"},\"thumbnailUrl\":\"https:\\\/\\\/folhapopular.info\\\/wp-content\\\/uploads\\\/2026\\\/09\\\/WhatsApp-Image-2026-09-02-at-15.51.25.webp\",\"datePublished\":\"2026-09-02T18:53:16+00:00\",\"dateModified\":\"2026-09-02T18:53:18+00:00\",\"author\":{\"@id\":\"https:\\\/\\\/folhapopular.info\\\/#\\\/schema\\\/person\\\/87aa1d7488478bf03a40dc0a852db19d\"},\"description\":\"Imigrante passa por um per\u00edodo de intenso movimento de obras em diferentes acessos e vias do munic\u00edpio. Entre os principais trabalhos est\u00e3o interven\u00e7\u00f5es de recapeamento, melhorias na drenagem e recupera\u00e7\u00e3o de trechos danificados, com investimentos voltados \u00e0 seguran\u00e7a e \u00e0 infraestrutura.\",\"breadcrumb\":{\"@id\":\"https:\\\/\\\/folhapopular.info\\\/index.php\\\/2026\\\/09\\\/02\\\/imigrante-concentra-obras-em-acessos-e-vias-do-municipio\\\/#breadcrumb\"},\"inLanguage\":\"pt-BR\",\"potentialAction\":[{\"@type\":\"ReadAction\",\"target\":[\"https:\\\/\\\/folhapopular.info\\\/index.php\\\/2026\\\/09\\\/02\\\/imigrante-concentra-obras-em-acessos-e-vias-do-municipio\\\/\"]}]},{\"@type\":\"ImageObject\",\"inLanguage\":\"pt-BR\",\"@id\":\"https:\\\/\\\/folhapopular.info\\\/index.php\\\/2026\\\/09\\\/02\\\/imigrante-concentra-obras-em-acessos-e-vias-do-municipio\\\/#primaryimage\",\"url\":\"https:\\\/\\\/folhapopular.info\\\/wp-content\\\/uploads\\\/2026\\\/09\\\/WhatsApp-Image-2026-09-02-at-15.51.25.webp\",\"contentUrl\":\"https:\\\/\\\/folhapopular.info\\\/wp-content\\\/uploads\\\/2026\\\/09\\\/WhatsApp-Image-2026-09-02-at-15.51.25.webp\",\"width\":1280,\"height\":960,\"caption\":\"Cr\u00e9dito: Rafaela Zappaz\"},{\"@type\":\"BreadcrumbList\",\"@id\":\"https:\\\/\\\/folhapopular.info\\\/index.php\\\/2026\\\/09\\\/02\\\/imigrante-concentra-obras-em-acessos-e-vias-do-municipio\\\/#breadcrumb\",\"itemListElement\":[{\"@type\":\"ListItem\",\"position\":1,\"name\":\"In\u00edcio\",\"item\":\"https:\\\/\\\/folhapopular.info\\\/\"},{\"@type\":\"ListItem\",\"position\":2,\"name\":\"Imigrante concentra obras em acessos e vias do munic\u00edpio\"}]},{\"@type\":\"WebSite\",\"@id\":\"https:\\\/\\\/folhapopular.info\\\/#website\",\"url\":\"https:\\\/\\\/folhapopular.info\\\/\",\"name\":\"Folha Popular\",\"description\":\"Onde voc\u00ea tem vez e voz\",\"potentialAction\":[{\"@type\":\"SearchAction\",\"target\":{\"@type\":\"EntryPoint\",\"urlTemplate\":\"https:\\\/\\\/folhapopular.info\\\/?s={search_term_string}\"},\"query-input\":{\"@type\":\"PropertyValueSpecification\",\"valueRequired\":true,\"valueName\":\"search_term_string\"}}],\"inLanguage\":\"pt-BR\"},{\"@type\":\"Person\",\"@id\":\"https:\\\/\\\/folhapopular.info\\\/#\\\/schema\\\/person\\\/87aa1d7488478bf03a40dc0a852db19d\",\"name\":\"Rafaela Zappaz\",\"image\":{\"@type\":\"ImageObject\",\"inLanguage\":\"pt-BR\",\"@id\":\"https:\\\/\\\/secure.gravatar.com\\\/avatar\\\/7b6259df2b1311e565e2e930bcf599e41eca901dc1e0e850d699f28cc7ea8de8?s=96&d=mm&r=g\",\"url\":\"https:\\\/\\\/secure.gravatar.com\\\/avatar\\\/7b6259df2b1311e565e2e930bcf599e41eca901dc1e0e850d699f28cc7ea8de8?s=96&d=mm&r=g\",\"contentUrl\":\"https:\\\/\\\/secure.gravatar.com\\\/avatar\\\/7b6259df2b1311e565e2e930bcf599e41eca901dc1e0e850d699f28cc7ea8de8?s=96&d=mm&r=g\",\"caption\":\"Rafaela Zappaz\"},\"url\":\"https:\\\/\\\/folhapopular.info\\\/index.php\\\/author\\\/rafaela-zappaz\\\/\"}]}<\/script>\n<!-- \/ Yoast SEO plugin. -->","yoast_head_json":{"title":"Imigrante concentra obras em acessos e vias do munic\u00edpio - Folha Popular","description":"Imigrante passa por um per\u00edodo de intenso movimento de obras em diferentes acessos e vias do munic\u00edpio. Entre os principais trabalhos est\u00e3o interven\u00e7\u00f5es de recapeamento, melhorias na drenagem e recupera\u00e7\u00e3o de trechos danificados, com investimentos voltados \u00e0 seguran\u00e7a e \u00e0 infraestrutura.","robots":{"index":"index","follow":"follow","max-snippet":"max-snippet:-1","max-image-preview":"max-image-preview:large","max-video-preview":"max-video-preview:-1"},"canonical":"https:\/\/folhapopular.info\/index.php\/2026\/09\/02\/imigrante-concentra-obras-em-acessos-e-vias-do-municipio\/","og_locale":"pt_BR","og_type":"article","og_title":"Imigrante concentra obras em acessos e vias do munic\u00edpio - Folha Popular","og_description":"Imigrante passa por um per\u00edodo de intenso movimento de obras em diferentes acessos e vias do munic\u00edpio. Entre os principais trabalhos est\u00e3o interven\u00e7\u00f5es de recapeamento, melhorias na drenagem e recupera\u00e7\u00e3o de trechos danificados, com investimentos voltados \u00e0 seguran\u00e7a e \u00e0 infraestrutura.","og_url":"https:\/\/folhapopular.info\/index.php\/2026\/09\/02\/imigrante-concentra-obras-em-acessos-e-vias-do-municipio\/","og_site_name":"Folha Popular","article_published_time":"2026-09-02T18:53:16+00:00","article_modified_time":"2026-09-02T18:53:18+00:00","og_image":[{"width":1280,"height":960,"url":"https:\/\/folhapopular.info\/wp-content\/uploads\/2026\/09\/WhatsApp-Image-2026-09-02-at-15.51.25.webp","type":"image\/webp"}],"author":"Rafaela Zappaz","twitter_card":"summary_large_image","twitter_misc":{"Escrito por":"Rafaela Zappaz","Est. tempo de leitura":"3 minutos"},"schema":{"@context":"https:\/\/schema.org","@graph":[{"@type":"Article","@id":"https:\/\/folhapopular.info\/index.php\/2026\/09\/02\/imigrante-concentra-obras-em-acessos-e-vias-do-municipio\/#article","isPartOf":{"@id":"https:\/\/folhapopular.info\/index.php\/2026\/09\/02\/imigrante-concentra-obras-em-acessos-e-vias-do-municipio\/"},"author":{"name":"Rafaela Zappaz","@id":"https:\/\/folhapopular.info\/#\/schema\/person\/87aa1d7488478bf03a40dc0a852db19d"},"headline":"Imigrante concentra obras em acessos e vias do munic\u00edpio","datePublished":"2026-09-02T18:53:16+00:00","dateModified":"2026-09-02T18:53:18+00:00","mainEntityOfPage":{"@id":"https:\/\/folhapopular.info\/index.php\/2026\/09\/02\/imigrante-concentra-obras-em-acessos-e-vias-do-municipio\/"},"wordCount":489,"commentCount":0,"image":{"@id":"https:\/\/folhapopular.info\/index.php\/2026\/09\/02\/imigrante-concentra-obras-em-acessos-e-vias-do-municipio\/#primaryimage"},"thumbnailUrl":"https:\/\/folhapopular.info\/wp-content\/uploads\/2026\/09\/WhatsApp-Image-2026-09-02-at-15.51.25.webp","keywords":["Imigrante","Obras","Transito","Vias Bloqueadas"],"articleSection":["Seguran\u00e7a","Tr\u00e2nsito"],"inLanguage":"pt-BR","potentialAction":[{"@type":"CommentAction","name":"Comment","target":["https:\/\/folhapopular.info\/index.php\/2026\/09\/02\/imigrante-concentra-obras-em-acessos-e-vias-do-municipio\/#respond"]}]},{"@type":"WebPage","@id":"https:\/\/folhapopular.info\/index.php\/2026\/09\/02\/imigrante-concentra-obras-em-acessos-e-vias-do-municipio\/","url":"https:\/\/folhapopular.info\/index.php\/2026\/09\/02\/imigrante-concentra-obras-em-acessos-e-vias-do-municipio\/","name":"Imigrante concentra obras em acessos e vias do munic\u00edpio - Folha Popular","isPartOf":{"@id":"https:\/\/folhapopular.info\/#website"},"primaryImageOfPage":{"@id":"https:\/\/folhapopular.info\/index.php\/2026\/09\/02\/imigrante-concentra-obras-em-acessos-e-vias-do-municipio\/#primaryimage"},"image":{"@id":"https:\/\/folhapopular.info\/index.php\/2026\/09\/02\/imigrante-concentra-obras-em-acessos-e-vias-do-municipio\/#primaryimage"},"thumbnailUrl":"https:\/\/folhapopular.info\/wp-content\/uploads\/2026\/09\/WhatsApp-Image-2026-09-02-at-15.51.25.webp","datePublished":"2026-09-02T18:53:16+00:00","dateModified":"2026-09-02T18:53:18+00:00","author":{"@id":"https:\/\/folhapopular.info\/#\/schema\/person\/87aa1d7488478bf03a40dc0a852db19d"},"description":"Imigrante passa por um per\u00edodo de intenso movimento de obras em diferentes acessos e vias do munic\u00edpio. Entre os principais trabalhos est\u00e3o interven\u00e7\u00f5es de recapeamento, melhorias na drenagem e recupera\u00e7\u00e3o de trechos danificados, com investimentos voltados \u00e0 seguran\u00e7a e \u00e0 infraestrutura.","breadcrumb":{"@id":"https:\/\/folhapopular.info\/index.php\/2026\/09\/02\/imigrante-concentra-obras-em-acessos-e-vias-do-municipio\/#breadcrumb"},"inLanguage":"pt-BR","potentialAction":[{"@type":"ReadAction","target":["https:\/\/folhapopular.info\/index.php\/2026\/09\/02\/imigrante-concentra-obras-em-acessos-e-vias-do-municipio\/"]}]},{"@type":"ImageObject","inLanguage":"pt-BR","@id":"https:\/\/folhapopular.info\/index.php\/2026\/09\/02\/imigrante-concentra-obras-em-acessos-e-vias-do-municipio\/#primaryimage","url":"https:\/\/folhapopular.info\/wp-content\/uploads\/2026\/09\/WhatsApp-Image-2026-09-02-at-15.51.25.webp","contentUrl":"https:\/\/folhapopular.info\/wp-content\/uploads\/2026\/09\/WhatsApp-Image-2026-09-02-at-15.51.25.webp","width":1280,"height":960,"caption":"Cr\u00e9dito: Rafaela Zappaz"},{"@type":"BreadcrumbList","@id":"https:\/\/folhapopular.info\/index.php\/2026\/09\/02\/imigrante-concentra-obras-em-acessos-e-vias-do-municipio\/#breadcrumb","itemListElement":[{"@type":"ListItem","position":1,"name":"In\u00edcio","item":"https:\/\/folhapopular.info\/"},{"@type":"ListItem","position":2,"name":"Imigrante concentra obras em acessos e vias do munic\u00edpio"}]},{"@type":"WebSite","@id":"https:\/\/folhapopular.info\/#website","url":"https:\/\/folhapopular.info\/","name":"Folha Popular","description":"Onde voc\u00ea tem vez e voz","potentialAction":[{"@type":"SearchAction","target":{"@type":"EntryPoint","urlTemplate":"https:\/\/folhapopular.info\/?s={search_term_string}"},"query-input":{"@type":"PropertyValueSpecification","valueRequired":true,"valueName":"search_term_string"}}],"inLanguage":"pt-BR"},{"@type":"Person","@id":"https:\/\/folhapopular.info\/#\/schema\/person\/87aa1d7488478bf03a40dc0a852db19d","name":"Rafaela Zappaz","image":{"@type":"ImageObject","inLanguage":"pt-BR","@id":"https:\/\/secure.gravatar.com\/avatar\/7b6259df2b1311e565e2e930bcf599e41eca901dc1e0e850d699f28cc7ea8de8?s=96&d=mm&r=g","url":"https:\/\/secure.gravatar.com\/avatar\/7b6259df2b1311e565e2e930bcf599e41eca901dc1e0e850d699f28cc7ea8de8?s=96&d=mm&r=g","contentUrl":"https:\/\/secure.gravatar.com\/avatar\/7b6259df2b1311e565e2e930bcf599e41eca901dc1e0e850d699f28cc7ea8de8?s=96&d=mm&r=g","caption":"Rafaela Zappaz"},"url":"https:\/\/folhapopular.info\/index.php\/author\/rafaela-zappaz\/"}]}},"jetpack_sharing_enabled":true,"amp_enabled":true,"jetpack_featured_media_url":"https:\/\/folhapopular.info\/wp-content\/uploads\/2026\/09\/WhatsApp-Image-2026-09-02-at-15.51.25.webp","_links":{"self":[{"href":"https:\/\/folhapopular.info\/index.php\/wp-json\/wp\/v2\/posts\/220227","targetHints":{"allow":["GET"]}}],"collection":[{"href":"https:\/\/folhapopular.info\/index.php\/wp-json\/wp\/v2\/posts"}],"about":[{"href":"https:\/\/folhapopular.info\/index.php\/wp-json\/wp\/v2\/types\/post"}],"author":[{"embeddable":true,"href":"https:\/\/folhapopular.info\/index.php\/wp-json\/wp\/v2\/users\/782"}],"replies":[{"embeddable":true,"href":"https:\/\/folhapopular.info\/index.php\/wp-json\/wp\/v2\/comments?post=220227"}],"version-history":[{"count":1,"href":"https:\/\/folhapopular.info\/index.php\/wp-json\/wp\/v2\/posts\/220227\/revisions"}],"predecessor-version":[{"id":220230,"href":"https:\/\/folhapopular.info\/index.php\/wp-json\/wp\/v2\/posts\/220227\/revisions\/220230"}],"wp:featuredmedia":[{"embeddable":true,"href":"https:\/\/folhapopular.info\/index.php\/wp-json\/wp\/v2\/media\/220229"}],"wp:attachment":[{"href":"https:\/\/folhapopular.info\/index.php\/wp-json\/wp\/v2\/media?parent=220227"}],"wp:term":[{"taxonomy":"category","embeddable":true,"href":"https:\/\/folhapopular.info\/index.php\/wp-json\/wp\/v2\/categories?post=220227"},{"taxonomy":"post_tag","embeddable":true,"href":"https:\/\/folhapopular.info\/index.php\/wp-json\/wp\/v2\/tags?post=220227"}],"curies":[{"name":"wp","href":"https:\/\/api.w.org\/{rel}","templated":true}]}}