{"id":220235,"date":"2026-09-03T08:30:00","date_gmt":"2026-09-03T11:30:00","guid":{"rendered":"https:\/\/folhapopular.info\/?p=220235"},"modified":"2026-09-02T16:13:39","modified_gmt":"2026-09-02T19:13:39","slug":"reguas-ampliam-monitoramento-do-rio-forqueta-em-marques-de-souza","status":"publish","type":"post","link":"https:\/\/folhapopular.info\/index.php\/2026\/09\/03\/reguas-ampliam-monitoramento-do-rio-forqueta-em-marques-de-souza\/","title":{"rendered":"R\u00e9guas ampliam monitoramento do Rio Forqueta em Marques de Souza"},"content":{"rendered":"\n<p class=\"wp-block-paragraph\">A Defesa Civil de Marques de Souza acompanhou a instala\u00e7\u00e3o de r\u00e9guas f\u00edsicas para monitoramento do n\u00edvel do Rio Forqueta, no Camping da Pedra, em Picada May. Os equipamentos foram instalados pela Universidade Federal do Rio Grande do Sul (UFRGS) com o objetivo de ampliar as alternativas de acompanhamento das varia\u00e7\u00f5es do rio, principalmente em per\u00edodos de eleva\u00e7\u00e3o r\u00e1pida do n\u00edvel da \u00e1gua.<\/p>\n\n\n\n<p class=\"wp-block-paragraph\">A instala\u00e7\u00e3o e a aferi\u00e7\u00e3o das r\u00e9guas foram realizadas por uma equipe t\u00e9cnica composta por hidr\u00f3logo, engenheiro e top\u00f3grafo. O trabalho foi coordenado pela professora Nilza Maria dos Reis Castro, que atua na \u00e1rea de recursos h\u00eddricos, com pesquisas e atividades voltadas \u00e0 hidrologia, irriga\u00e7\u00e3o e drenagem. A a\u00e7\u00e3o foi realizada sem custos para o munic\u00edpio.<\/p>\n\n\n\n<p class=\"wp-block-paragraph\">A escolha do Camping da Pedra levou em considera\u00e7\u00e3o o f\u00e1cil acesso ao local e a possibilidade de contar com pessoas que possam auxiliar na transmiss\u00e3o das informa\u00e7\u00f5es mesmo em situa\u00e7\u00f5es de bloqueio de estradas e outras vias.<\/p>\n\n\n\n<p class=\"wp-block-paragraph\">Segundo a Defesa Civil, as r\u00e9guas f\u00edsicas s\u00e3o uma alternativa importante em situa\u00e7\u00f5es extremas, especialmente quando sistemas digitais podem deixar de funcionar por falta de energia el\u00e9trica ou de conex\u00e3o com a internet. A leitura direta do n\u00edvel do rio permite obter informa\u00e7\u00f5es mesmo diante de falhas nos meios tecnol\u00f3gicos de monitoramento e comunica\u00e7\u00e3o.<\/p>\n\n\n\n<p class=\"wp-block-paragraph\">&#8220;Em uma situa\u00e7\u00e3o de emerg\u00eancia, precisamos ter alternativas confi\u00e1veis para acompanhar o comportamento do rio. A r\u00e9gua f\u00edsica permite uma leitura direta do n\u00edvel da \u00e1gua e pode ser fundamental para transmitir informa\u00e7\u00f5es \u00e0 Defesa Civil e auxiliar na tomada de decis\u00f5es quando outros meios de comunica\u00e7\u00e3o n\u00e3o estiverem funcionando&#8221;, destaca o coordenador da Defesa Civil, Ricardo Kich.<\/p>\n","protected":false},"excerpt":{"rendered":"<p>A Defesa Civil de Marques de Souza acompanhou a instala\u00e7\u00e3o de r\u00e9guas f\u00edsicas para monitoramento do n\u00edvel do Rio Forqueta, no Camping da Pedra, em Picada May. Os equipamentos foram instalados pela Universidade Federal do Rio Grande do Sul (UFRGS) com o objetivo de ampliar as alternativas de acompanhamento das varia\u00e7\u00f5es do rio, principalmente em [&hellip;]<\/p>\n","protected":false},"author":8,"featured_media":220238,"comment_status":"open","ping_status":"open","sticky":false,"template":"","format":"standard","meta":{"pmpro_default_level":"","_jetpack_memberships_contains_paid_content":false,"footnotes":""},"categories":[3,7],"tags":[208,555,15292,13368,180],"class_list":["post-220235","post","type-post","status-publish","format-standard","has-post-thumbnail","category-geral","category-seguranca","tag-defesa-civil","tag-marques-de-souza","tag-reguas","tag-rio-forqueta","tag-seguranca","pmpro-has-access"],"yoast_head":"<!-- This site is optimized with the Yoast SEO plugin v28.4 - https:\/\/yoast.com\/product\/yoast-seo-wordpress\/ -->\n<title>R\u00e9guas ampliam monitoramento do Rio Forqueta em Marques de Souza - Folha Popular<\/title>\n<meta name=\"description\" content=\"A Defesa Civil de Marques de Souza acompanhou a instala\u00e7\u00e3o de r\u00e9guas f\u00edsicas para monitoramento do n\u00edvel do Rio Forqueta, no Camping da Pedra, em Picada May. Os equipamentos foram instalados pela Universidade Federal do Rio Grande do Sul (UFRGS) com o objetivo de ampliar as alternativas de acompanhamento das varia\u00e7\u00f5es do rio, principalmente em per\u00edodos de eleva\u00e7\u00e3o r\u00e1pida do n\u00edvel da \u00e1gua.\" \/>\n<meta name=\"robots\" content=\"index, follow, max-snippet:-1, max-image-preview:large, max-video-preview:-1\" \/>\n<link rel=\"canonical\" href=\"https:\/\/folhapopular.info\/index.php\/2026\/09\/03\/reguas-ampliam-monitoramento-do-rio-forqueta-em-marques-de-souza\/\" \/>\n<meta property=\"og:locale\" content=\"pt_BR\" \/>\n<meta property=\"og:type\" content=\"article\" \/>\n<meta property=\"og:title\" content=\"R\u00e9guas ampliam monitoramento do Rio Forqueta em Marques de Souza - Folha Popular\" \/>\n<meta property=\"og:description\" content=\"A Defesa Civil de Marques de Souza acompanhou a instala\u00e7\u00e3o de r\u00e9guas f\u00edsicas para monitoramento do n\u00edvel do Rio Forqueta, no Camping da Pedra, em Picada May. Os equipamentos foram instalados pela Universidade Federal do Rio Grande do Sul (UFRGS) com o objetivo de ampliar as alternativas de acompanhamento das varia\u00e7\u00f5es do rio, principalmente em per\u00edodos de eleva\u00e7\u00e3o r\u00e1pida do n\u00edvel da \u00e1gua.\" \/>\n<meta property=\"og:url\" content=\"https:\/\/folhapopular.info\/index.php\/2026\/09\/03\/reguas-ampliam-monitoramento-do-rio-forqueta-em-marques-de-souza\/\" \/>\n<meta property=\"og:site_name\" content=\"Folha Popular\" \/>\n<meta property=\"article:published_time\" content=\"2026-09-03T11:30:00+00:00\" \/>\n<meta property=\"og:image\" content=\"https:\/\/folhapopular.info\/wp-content\/uploads\/2026\/09\/reguas-2-scaled-e1788376291196.webp\" \/>\n\t<meta property=\"og:image:width\" content=\"1890\" \/>\n\t<meta property=\"og:image:height\" content=\"1468\" \/>\n\t<meta property=\"og:image:type\" content=\"image\/webp\" \/>\n<meta name=\"author\" content=\"Reda\u00e7\u00e3o Folha Popular\" \/>\n<meta name=\"twitter:card\" content=\"summary_large_image\" \/>\n<meta name=\"twitter:label1\" content=\"Escrito por\" \/>\n\t<meta name=\"twitter:data1\" content=\"Reda\u00e7\u00e3o Folha Popular\" \/>\n\t<meta name=\"twitter:label2\" content=\"Est. tempo de leitura\" \/>\n\t<meta name=\"twitter:data2\" content=\"2 minutos\" \/>\n<script type=\"application\/ld+json\" class=\"yoast-schema-graph\">{\"@context\":\"https:\\\/\\\/schema.org\",\"@graph\":[{\"@type\":\"Article\",\"@id\":\"https:\\\/\\\/folhapopular.info\\\/index.php\\\/2026\\\/09\\\/03\\\/reguas-ampliam-monitoramento-do-rio-forqueta-em-marques-de-souza\\\/#article\",\"isPartOf\":{\"@id\":\"https:\\\/\\\/folhapopular.info\\\/index.php\\\/2026\\\/09\\\/03\\\/reguas-ampliam-monitoramento-do-rio-forqueta-em-marques-de-souza\\\/\"},\"author\":{\"name\":\"Reda\u00e7\u00e3o Folha Popular\",\"@id\":\"https:\\\/\\\/folhapopular.info\\\/#\\\/schema\\\/person\\\/2814e8a0df7643585a9ca38bc6eb9d4b\"},\"headline\":\"R\u00e9guas ampliam monitoramento do Rio Forqueta em Marques de Souza\",\"datePublished\":\"2026-09-03T11:30:00+00:00\",\"mainEntityOfPage\":{\"@id\":\"https:\\\/\\\/folhapopular.info\\\/index.php\\\/2026\\\/09\\\/03\\\/reguas-ampliam-monitoramento-do-rio-forqueta-em-marques-de-souza\\\/\"},\"wordCount\":322,\"commentCount\":0,\"image\":{\"@id\":\"https:\\\/\\\/folhapopular.info\\\/index.php\\\/2026\\\/09\\\/03\\\/reguas-ampliam-monitoramento-do-rio-forqueta-em-marques-de-souza\\\/#primaryimage\"},\"thumbnailUrl\":\"https:\\\/\\\/folhapopular.info\\\/wp-content\\\/uploads\\\/2026\\\/09\\\/reguas-2-scaled-e1788376291196.webp\",\"keywords\":[\"Defesa Civil\",\"Marques de Souza\",\"R\u00e9guas\",\"Rio Forqueta\",\"Seguran\u00e7a\"],\"articleSection\":[\"Geral\",\"Seguran\u00e7a\"],\"inLanguage\":\"pt-BR\",\"potentialAction\":[{\"@type\":\"CommentAction\",\"name\":\"Comment\",\"target\":[\"https:\\\/\\\/folhapopular.info\\\/index.php\\\/2026\\\/09\\\/03\\\/reguas-ampliam-monitoramento-do-rio-forqueta-em-marques-de-souza\\\/#respond\"]}]},{\"@type\":\"WebPage\",\"@id\":\"https:\\\/\\\/folhapopular.info\\\/index.php\\\/2026\\\/09\\\/03\\\/reguas-ampliam-monitoramento-do-rio-forqueta-em-marques-de-souza\\\/\",\"url\":\"https:\\\/\\\/folhapopular.info\\\/index.php\\\/2026\\\/09\\\/03\\\/reguas-ampliam-monitoramento-do-rio-forqueta-em-marques-de-souza\\\/\",\"name\":\"R\u00e9guas ampliam monitoramento do Rio Forqueta em Marques de Souza - Folha Popular\",\"isPartOf\":{\"@id\":\"https:\\\/\\\/folhapopular.info\\\/#website\"},\"primaryImageOfPage\":{\"@id\":\"https:\\\/\\\/folhapopular.info\\\/index.php\\\/2026\\\/09\\\/03\\\/reguas-ampliam-monitoramento-do-rio-forqueta-em-marques-de-souza\\\/#primaryimage\"},\"image\":{\"@id\":\"https:\\\/\\\/folhapopular.info\\\/index.php\\\/2026\\\/09\\\/03\\\/reguas-ampliam-monitoramento-do-rio-forqueta-em-marques-de-souza\\\/#primaryimage\"},\"thumbnailUrl\":\"https:\\\/\\\/folhapopular.info\\\/wp-content\\\/uploads\\\/2026\\\/09\\\/reguas-2-scaled-e1788376291196.webp\",\"datePublished\":\"2026-09-03T11:30:00+00:00\",\"author\":{\"@id\":\"https:\\\/\\\/folhapopular.info\\\/#\\\/schema\\\/person\\\/2814e8a0df7643585a9ca38bc6eb9d4b\"},\"description\":\"A Defesa Civil de Marques de Souza acompanhou a instala\u00e7\u00e3o de r\u00e9guas f\u00edsicas para monitoramento do n\u00edvel do Rio Forqueta, no Camping da Pedra, em Picada May. Os equipamentos foram instalados pela Universidade Federal do Rio Grande do Sul (UFRGS) com o objetivo de ampliar as alternativas de acompanhamento das varia\u00e7\u00f5es do rio, principalmente em per\u00edodos de eleva\u00e7\u00e3o r\u00e1pida do n\u00edvel da \u00e1gua.\",\"breadcrumb\":{\"@id\":\"https:\\\/\\\/folhapopular.info\\\/index.php\\\/2026\\\/09\\\/03\\\/reguas-ampliam-monitoramento-do-rio-forqueta-em-marques-de-souza\\\/#breadcrumb\"},\"inLanguage\":\"pt-BR\",\"potentialAction\":[{\"@type\":\"ReadAction\",\"target\":[\"https:\\\/\\\/folhapopular.info\\\/index.php\\\/2026\\\/09\\\/03\\\/reguas-ampliam-monitoramento-do-rio-forqueta-em-marques-de-souza\\\/\"]}]},{\"@type\":\"ImageObject\",\"inLanguage\":\"pt-BR\",\"@id\":\"https:\\\/\\\/folhapopular.info\\\/index.php\\\/2026\\\/09\\\/03\\\/reguas-ampliam-monitoramento-do-rio-forqueta-em-marques-de-souza\\\/#primaryimage\",\"url\":\"https:\\\/\\\/folhapopular.info\\\/wp-content\\\/uploads\\\/2026\\\/09\\\/reguas-2-scaled-e1788376291196.webp\",\"contentUrl\":\"https:\\\/\\\/folhapopular.info\\\/wp-content\\\/uploads\\\/2026\\\/09\\\/reguas-2-scaled-e1788376291196.webp\",\"width\":1890,\"height\":1468,\"caption\":\"Cr\u00e9dito: Giovane Weber \\\/ FW Comunica\u00e7\u00e3o\"},{\"@type\":\"BreadcrumbList\",\"@id\":\"https:\\\/\\\/folhapopular.info\\\/index.php\\\/2026\\\/09\\\/03\\\/reguas-ampliam-monitoramento-do-rio-forqueta-em-marques-de-souza\\\/#breadcrumb\",\"itemListElement\":[{\"@type\":\"ListItem\",\"position\":1,\"name\":\"In\u00edcio\",\"item\":\"https:\\\/\\\/folhapopular.info\\\/\"},{\"@type\":\"ListItem\",\"position\":2,\"name\":\"R\u00e9guas ampliam monitoramento do Rio Forqueta em Marques de Souza\"}]},{\"@type\":\"WebSite\",\"@id\":\"https:\\\/\\\/folhapopular.info\\\/#website\",\"url\":\"https:\\\/\\\/folhapopular.info\\\/\",\"name\":\"Folha Popular\",\"description\":\"Onde voc\u00ea tem vez e voz\",\"potentialAction\":[{\"@type\":\"SearchAction\",\"target\":{\"@type\":\"EntryPoint\",\"urlTemplate\":\"https:\\\/\\\/folhapopular.info\\\/?s={search_term_string}\"},\"query-input\":{\"@type\":\"PropertyValueSpecification\",\"valueRequired\":true,\"valueName\":\"search_term_string\"}}],\"inLanguage\":\"pt-BR\"},{\"@type\":\"Person\",\"@id\":\"https:\\\/\\\/folhapopular.info\\\/#\\\/schema\\\/person\\\/2814e8a0df7643585a9ca38bc6eb9d4b\",\"name\":\"Reda\u00e7\u00e3o Folha Popular\",\"image\":{\"@type\":\"ImageObject\",\"inLanguage\":\"pt-BR\",\"@id\":\"https:\\\/\\\/folhapopular.info\\\/wp-content\\\/uploads\\\/2026\\\/04\\\/Folha-1.webp\",\"url\":\"https:\\\/\\\/folhapopular.info\\\/wp-content\\\/uploads\\\/2026\\\/04\\\/Folha-1.webp\",\"contentUrl\":\"https:\\\/\\\/folhapopular.info\\\/wp-content\\\/uploads\\\/2026\\\/04\\\/Folha-1.webp\",\"caption\":\"Reda\u00e7\u00e3o Folha Popular\"},\"url\":\"https:\\\/\\\/folhapopular.info\\\/index.php\\\/author\\\/redacao\\\/\"}]}<\/script>\n<!-- \/ Yoast SEO plugin. -->","yoast_head_json":{"title":"R\u00e9guas ampliam monitoramento do Rio Forqueta em Marques de Souza - Folha Popular","description":"A Defesa Civil de Marques de Souza acompanhou a instala\u00e7\u00e3o de r\u00e9guas f\u00edsicas para monitoramento do n\u00edvel do Rio Forqueta, no Camping da Pedra, em Picada May. Os equipamentos foram instalados pela Universidade Federal do Rio Grande do Sul (UFRGS) com o objetivo de ampliar as alternativas de acompanhamento das varia\u00e7\u00f5es do rio, principalmente em per\u00edodos de eleva\u00e7\u00e3o r\u00e1pida do n\u00edvel da \u00e1gua.","robots":{"index":"index","follow":"follow","max-snippet":"max-snippet:-1","max-image-preview":"max-image-preview:large","max-video-preview":"max-video-preview:-1"},"canonical":"https:\/\/folhapopular.info\/index.php\/2026\/09\/03\/reguas-ampliam-monitoramento-do-rio-forqueta-em-marques-de-souza\/","og_locale":"pt_BR","og_type":"article","og_title":"R\u00e9guas ampliam monitoramento do Rio Forqueta em Marques de Souza - Folha Popular","og_description":"A Defesa Civil de Marques de Souza acompanhou a instala\u00e7\u00e3o de r\u00e9guas f\u00edsicas para monitoramento do n\u00edvel do Rio Forqueta, no Camping da Pedra, em Picada May. Os equipamentos foram instalados pela Universidade Federal do Rio Grande do Sul (UFRGS) com o objetivo de ampliar as alternativas de acompanhamento das varia\u00e7\u00f5es do rio, principalmente em per\u00edodos de eleva\u00e7\u00e3o r\u00e1pida do n\u00edvel da \u00e1gua.","og_url":"https:\/\/folhapopular.info\/index.php\/2026\/09\/03\/reguas-ampliam-monitoramento-do-rio-forqueta-em-marques-de-souza\/","og_site_name":"Folha Popular","article_published_time":"2026-09-03T11:30:00+00:00","og_image":[{"width":1890,"height":1468,"url":"https:\/\/folhapopular.info\/wp-content\/uploads\/2026\/09\/reguas-2-scaled-e1788376291196.webp","type":"image\/webp"}],"author":"Reda\u00e7\u00e3o Folha Popular","twitter_card":"summary_large_image","twitter_misc":{"Escrito por":"Reda\u00e7\u00e3o Folha Popular","Est. tempo de leitura":"2 minutos"},"schema":{"@context":"https:\/\/schema.org","@graph":[{"@type":"Article","@id":"https:\/\/folhapopular.info\/index.php\/2026\/09\/03\/reguas-ampliam-monitoramento-do-rio-forqueta-em-marques-de-souza\/#article","isPartOf":{"@id":"https:\/\/folhapopular.info\/index.php\/2026\/09\/03\/reguas-ampliam-monitoramento-do-rio-forqueta-em-marques-de-souza\/"},"author":{"name":"Reda\u00e7\u00e3o Folha Popular","@id":"https:\/\/folhapopular.info\/#\/schema\/person\/2814e8a0df7643585a9ca38bc6eb9d4b"},"headline":"R\u00e9guas ampliam monitoramento do Rio Forqueta em Marques de Souza","datePublished":"2026-09-03T11:30:00+00:00","mainEntityOfPage":{"@id":"https:\/\/folhapopular.info\/index.php\/2026\/09\/03\/reguas-ampliam-monitoramento-do-rio-forqueta-em-marques-de-souza\/"},"wordCount":322,"commentCount":0,"image":{"@id":"https:\/\/folhapopular.info\/index.php\/2026\/09\/03\/reguas-ampliam-monitoramento-do-rio-forqueta-em-marques-de-souza\/#primaryimage"},"thumbnailUrl":"https:\/\/folhapopular.info\/wp-content\/uploads\/2026\/09\/reguas-2-scaled-e1788376291196.webp","keywords":["Defesa Civil","Marques de Souza","R\u00e9guas","Rio Forqueta","Seguran\u00e7a"],"articleSection":["Geral","Seguran\u00e7a"],"inLanguage":"pt-BR","potentialAction":[{"@type":"CommentAction","name":"Comment","target":["https:\/\/folhapopular.info\/index.php\/2026\/09\/03\/reguas-ampliam-monitoramento-do-rio-forqueta-em-marques-de-souza\/#respond"]}]},{"@type":"WebPage","@id":"https:\/\/folhapopular.info\/index.php\/2026\/09\/03\/reguas-ampliam-monitoramento-do-rio-forqueta-em-marques-de-souza\/","url":"https:\/\/folhapopular.info\/index.php\/2026\/09\/03\/reguas-ampliam-monitoramento-do-rio-forqueta-em-marques-de-souza\/","name":"R\u00e9guas ampliam monitoramento do Rio Forqueta em Marques de Souza - Folha Popular","isPartOf":{"@id":"https:\/\/folhapopular.info\/#website"},"primaryImageOfPage":{"@id":"https:\/\/folhapopular.info\/index.php\/2026\/09\/03\/reguas-ampliam-monitoramento-do-rio-forqueta-em-marques-de-souza\/#primaryimage"},"image":{"@id":"https:\/\/folhapopular.info\/index.php\/2026\/09\/03\/reguas-ampliam-monitoramento-do-rio-forqueta-em-marques-de-souza\/#primaryimage"},"thumbnailUrl":"https:\/\/folhapopular.info\/wp-content\/uploads\/2026\/09\/reguas-2-scaled-e1788376291196.webp","datePublished":"2026-09-03T11:30:00+00:00","author":{"@id":"https:\/\/folhapopular.info\/#\/schema\/person\/2814e8a0df7643585a9ca38bc6eb9d4b"},"description":"A Defesa Civil de Marques de Souza acompanhou a instala\u00e7\u00e3o de r\u00e9guas f\u00edsicas para monitoramento do n\u00edvel do Rio Forqueta, no Camping da Pedra, em Picada May. Os equipamentos foram instalados pela Universidade Federal do Rio Grande do Sul (UFRGS) com o objetivo de ampliar as alternativas de acompanhamento das varia\u00e7\u00f5es do rio, principalmente em per\u00edodos de eleva\u00e7\u00e3o r\u00e1pida do n\u00edvel da \u00e1gua.","breadcrumb":{"@id":"https:\/\/folhapopular.info\/index.php\/2026\/09\/03\/reguas-ampliam-monitoramento-do-rio-forqueta-em-marques-de-souza\/#breadcrumb"},"inLanguage":"pt-BR","potentialAction":[{"@type":"ReadAction","target":["https:\/\/folhapopular.info\/index.php\/2026\/09\/03\/reguas-ampliam-monitoramento-do-rio-forqueta-em-marques-de-souza\/"]}]},{"@type":"ImageObject","inLanguage":"pt-BR","@id":"https:\/\/folhapopular.info\/index.php\/2026\/09\/03\/reguas-ampliam-monitoramento-do-rio-forqueta-em-marques-de-souza\/#primaryimage","url":"https:\/\/folhapopular.info\/wp-content\/uploads\/2026\/09\/reguas-2-scaled-e1788376291196.webp","contentUrl":"https:\/\/folhapopular.info\/wp-content\/uploads\/2026\/09\/reguas-2-scaled-e1788376291196.webp","width":1890,"height":1468,"caption":"Cr\u00e9dito: Giovane Weber \/ FW Comunica\u00e7\u00e3o"},{"@type":"BreadcrumbList","@id":"https:\/\/folhapopular.info\/index.php\/2026\/09\/03\/reguas-ampliam-monitoramento-do-rio-forqueta-em-marques-de-souza\/#breadcrumb","itemListElement":[{"@type":"ListItem","position":1,"name":"In\u00edcio","item":"https:\/\/folhapopular.info\/"},{"@type":"ListItem","position":2,"name":"R\u00e9guas ampliam monitoramento do Rio Forqueta em Marques de Souza"}]},{"@type":"WebSite","@id":"https:\/\/folhapopular.info\/#website","url":"https:\/\/folhapopular.info\/","name":"Folha Popular","description":"Onde voc\u00ea tem vez e voz","potentialAction":[{"@type":"SearchAction","target":{"@type":"EntryPoint","urlTemplate":"https:\/\/folhapopular.info\/?s={search_term_string}"},"query-input":{"@type":"PropertyValueSpecification","valueRequired":true,"valueName":"search_term_string"}}],"inLanguage":"pt-BR"},{"@type":"Person","@id":"https:\/\/folhapopular.info\/#\/schema\/person\/2814e8a0df7643585a9ca38bc6eb9d4b","name":"Reda\u00e7\u00e3o Folha Popular","image":{"@type":"ImageObject","inLanguage":"pt-BR","@id":"https:\/\/folhapopular.info\/wp-content\/uploads\/2026\/04\/Folha-1.webp","url":"https:\/\/folhapopular.info\/wp-content\/uploads\/2026\/04\/Folha-1.webp","contentUrl":"https:\/\/folhapopular.info\/wp-content\/uploads\/2026\/04\/Folha-1.webp","caption":"Reda\u00e7\u00e3o Folha Popular"},"url":"https:\/\/folhapopular.info\/index.php\/author\/redacao\/"}]}},"jetpack_sharing_enabled":true,"amp_enabled":true,"jetpack_featured_media_url":"https:\/\/folhapopular.info\/wp-content\/uploads\/2026\/09\/reguas-2-scaled-e1788376291196.webp","_links":{"self":[{"href":"https:\/\/folhapopular.info\/index.php\/wp-json\/wp\/v2\/posts\/220235","targetHints":{"allow":["GET"]}}],"collection":[{"href":"https:\/\/folhapopular.info\/index.php\/wp-json\/wp\/v2\/posts"}],"about":[{"href":"https:\/\/folhapopular.info\/index.php\/wp-json\/wp\/v2\/types\/post"}],"author":[{"embeddable":true,"href":"https:\/\/folhapopular.info\/index.php\/wp-json\/wp\/v2\/users\/8"}],"replies":[{"embeddable":true,"href":"https:\/\/folhapopular.info\/index.php\/wp-json\/wp\/v2\/comments?post=220235"}],"version-history":[{"count":1,"href":"https:\/\/folhapopular.info\/index.php\/wp-json\/wp\/v2\/posts\/220235\/revisions"}],"predecessor-version":[{"id":220241,"href":"https:\/\/folhapopular.info\/index.php\/wp-json\/wp\/v2\/posts\/220235\/revisions\/220241"}],"wp:featuredmedia":[{"embeddable":true,"href":"https:\/\/folhapopular.info\/index.php\/wp-json\/wp\/v2\/media\/220238"}],"wp:attachment":[{"href":"https:\/\/folhapopular.info\/index.php\/wp-json\/wp\/v2\/media?parent=220235"}],"wp:term":[{"taxonomy":"category","embeddable":true,"href":"https:\/\/folhapopular.info\/index.php\/wp-json\/wp\/v2\/categories?post=220235"},{"taxonomy":"post_tag","embeddable":true,"href":"https:\/\/folhapopular.info\/index.php\/wp-json\/wp\/v2\/tags?post=220235"}],"curies":[{"name":"wp","href":"https:\/\/api.w.org\/{rel}","templated":true}]}}