{"id":220240,"date":"2026-09-02T14:00:00","date_gmt":"2026-09-02T17:00:00","guid":{"rendered":"https:\/\/folhapopular.info\/?p=220240"},"modified":"2026-09-02T16:35:37","modified_gmt":"2026-09-02T19:35:37","slug":"por-que-o-japao","status":"publish","type":"post","link":"https:\/\/folhapopular.info\/index.php\/2026\/09\/02\/por-que-o-japao\/","title":{"rendered":"Por que o Jap\u00e3o?"},"content":{"rendered":"<p>Minha inf\u00e2ncia sempre foi muito impactada pelo Jap\u00e3o. Seja por sua hist\u00f3ria, por suas tradi\u00e7\u00f5es ou pelo entretenimento. Fa\u00e7o parte de uma gera\u00e7\u00e3o que cresceu vendo muito da cultura japonesa entrar no nosso dia a dia &#8211; e, com ela, valores e ensinamentos sobre lealdade, amizade, altru\u00edsmo, disciplina e tantas outras coisas importantes. Desde 2014,&#8230; <\/p>\n<div class=\"pmpro\">\n<div class=\"pmpro_card pmpro_content_message\">\n<div class=\"pmpro_card_content\">Este conte\u00fado \u00e9 apenas para associados Grupo Popular &#8211; Conte\u00fado Total Anual e Grupo Popular &#8211; Conte\u00fado Total Mensal. <br \/><a href=\"https:\/\/folhapopular.info\/wp-login.php?action=register\">Cadastre-se<\/a><\/div>\n<div class=\"pmpro_card_actions pmpro_font-medium\">J\u00e1 se associou? <a href=\"https:\/\/folhapopular.info\/wp-login.php?redirect_to=https%3A%2F%2Ffolhapopular.info%2Findex.php%2F2026%2F09%2F02%2Fpor-que-o-japao%2F\">Acesse aqui<\/a><\/div>\n<\/div>\n<\/div>\n","protected":false},"excerpt":{"rendered":"<p>Minha inf\u00e2ncia sempre foi muito impactada pelo Jap\u00e3o. Seja por sua hist\u00f3ria, por suas tradi\u00e7\u00f5es ou pelo entretenimento. Fa\u00e7o parte de uma gera\u00e7\u00e3o que cresceu vendo muito da cultura japonesa entrar no nosso dia a dia &#8211; e, com ela, valores e ensinamentos sobre lealdade, amizade, altru\u00edsmo, disciplina e tantas outras coisas importantes. Desde 2014,... <\/p>\n<div class=\"pmpro\"><div class=\"pmpro_card pmpro_content_message\"><div class=\"pmpro_card_content\">Este conte\u00fado \u00e9 apenas para associados Grupo Popular - Conte\u00fado Total Anual e Grupo Popular - Conte\u00fado Total Mensal. <br \/><a href=\"https:\/\/folhapopular.info\/wp-login.php?action=register\">Cadastre-se<\/a><\/div><div class=\"pmpro_card_actions pmpro_font-medium\">J\u00e1 se associou? <a href=\"https:\/\/folhapopular.info\/wp-login.php?redirect_to=https%3A%2F%2Ffolhapopular.info%2Findex.php%2F2026%2F09%2F02%2Fpor-que-o-japao%2F\">Acesse aqui<\/a><\/div><\/div><\/div>","protected":false},"author":692,"featured_media":119577,"comment_status":"open","ping_status":"open","sticky":false,"template":"","format":"standard","meta":{"pmpro_default_level":"","_jetpack_memberships_contains_paid_content":false,"footnotes":""},"categories":[11078,5495,21895],"tags":[18553,21400,3559],"class_list":["post-220240","post","type-post","status-publish","format-standard","has-post-thumbnail","category-assinantes","category-colunistas","category-fast-talks","tag-elifas-de-vargas","tag-fast-talks","tag-folha-popular","pmpro-level-required","pmpro-level-2","pmpro-level-4","pmpro-level-5","pmpro-no-access"],"yoast_head":"<!-- This site is optimized with the Yoast SEO plugin v28.4 - https:\/\/yoast.com\/product\/yoast-seo-wordpress\/ -->\n<title>Por que o Jap\u00e3o? - Folha Popular<\/title>\n<meta name=\"robots\" content=\"index, follow, max-snippet:-1, max-image-preview:large, max-video-preview:-1\" \/>\n<link rel=\"canonical\" href=\"https:\/\/folhapopular.info\/index.php\/2026\/09\/02\/por-que-o-japao\/\" \/>\n<meta property=\"og:locale\" content=\"pt_BR\" \/>\n<meta property=\"og:type\" content=\"article\" \/>\n<meta property=\"og:title\" content=\"Por que o Jap\u00e3o? - Folha Popular\" \/>\n<meta property=\"og:description\" content=\"Minha inf\u00e2ncia sempre foi muito impactada pelo Jap\u00e3o. Seja por sua hist\u00f3ria, por suas tradi\u00e7\u00f5es ou pelo entretenimento. Fa\u00e7o parte de uma gera\u00e7\u00e3o que cresceu vendo muito da cultura japonesa entrar no nosso dia a dia &#8211; e, com ela, valores e ensinamentos sobre lealdade, amizade, altru\u00edsmo, disciplina e tantas outras coisas importantes. Desde 2014, [&hellip;]\" \/>\n<meta property=\"og:url\" content=\"https:\/\/folhapopular.info\/index.php\/2026\/09\/02\/por-que-o-japao\/\" \/>\n<meta property=\"og:site_name\" content=\"Folha Popular\" \/>\n<meta property=\"article:published_time\" content=\"2026-09-02T17:00:00+00:00\" \/>\n<meta property=\"article:modified_time\" content=\"2026-09-02T19:35:37+00:00\" \/>\n<meta property=\"og:image\" content=\"https:\/\/folhapopular.info\/wp-content\/uploads\/2023\/01\/2023_01_17_Arquivo-Pessoal_NRF-2023-10_Elifas-de-Vargas-1-scaled.jpg\" \/>\n\t<meta property=\"og:image:width\" content=\"1920\" \/>\n\t<meta property=\"og:image:height\" content=\"2560\" \/>\n\t<meta property=\"og:image:type\" content=\"image\/jpeg\" \/>\n<meta name=\"author\" content=\"Elifas de Vargas\" \/>\n<meta name=\"twitter:card\" content=\"summary_large_image\" \/>\n<meta name=\"twitter:label1\" content=\"Escrito por\" \/>\n\t<meta name=\"twitter:data1\" content=\"Elifas de Vargas\" \/>\n\t<meta name=\"twitter:label2\" content=\"Est. tempo de leitura\" \/>\n\t<meta name=\"twitter:data2\" content=\"3 minutos\" \/>\n<script type=\"application\/ld+json\" class=\"yoast-schema-graph\">{\"@context\":\"https:\\\/\\\/schema.org\",\"@graph\":[{\"@type\":\"Article\",\"@id\":\"https:\\\/\\\/folhapopular.info\\\/index.php\\\/2026\\\/09\\\/02\\\/por-que-o-japao\\\/#article\",\"isPartOf\":{\"@id\":\"https:\\\/\\\/folhapopular.info\\\/index.php\\\/2026\\\/09\\\/02\\\/por-que-o-japao\\\/\"},\"author\":{\"name\":\"Elifas de Vargas\",\"@id\":\"https:\\\/\\\/folhapopular.info\\\/#\\\/schema\\\/person\\\/2402447c1bb8aa4467c418ae32f97627\"},\"headline\":\"Por que o Jap\u00e3o?\",\"datePublished\":\"2026-09-02T17:00:00+00:00\",\"dateModified\":\"2026-09-02T19:35:37+00:00\",\"mainEntityOfPage\":{\"@id\":\"https:\\\/\\\/folhapopular.info\\\/index.php\\\/2026\\\/09\\\/02\\\/por-que-o-japao\\\/\"},\"wordCount\":472,\"commentCount\":0,\"image\":{\"@id\":\"https:\\\/\\\/folhapopular.info\\\/index.php\\\/2026\\\/09\\\/02\\\/por-que-o-japao\\\/#primaryimage\"},\"thumbnailUrl\":\"https:\\\/\\\/folhapopular.info\\\/wp-content\\\/uploads\\\/2023\\\/01\\\/2023_01_17_Arquivo-Pessoal_NRF-2023-10_Elifas-de-Vargas-1-scaled.jpg\",\"keywords\":[\"Elifas de Vargas\",\"Fast Talks\",\"Folha Popular\"],\"articleSection\":[\"Assinantes\",\"Colunistas\",\"Fast Talks\"],\"inLanguage\":\"pt-BR\",\"potentialAction\":[{\"@type\":\"CommentAction\",\"name\":\"Comment\",\"target\":[\"https:\\\/\\\/folhapopular.info\\\/index.php\\\/2026\\\/09\\\/02\\\/por-que-o-japao\\\/#respond\"]}]},{\"@type\":\"WebPage\",\"@id\":\"https:\\\/\\\/folhapopular.info\\\/index.php\\\/2026\\\/09\\\/02\\\/por-que-o-japao\\\/\",\"url\":\"https:\\\/\\\/folhapopular.info\\\/index.php\\\/2026\\\/09\\\/02\\\/por-que-o-japao\\\/\",\"name\":\"Por que o Jap\u00e3o? - Folha Popular\",\"isPartOf\":{\"@id\":\"https:\\\/\\\/folhapopular.info\\\/#website\"},\"primaryImageOfPage\":{\"@id\":\"https:\\\/\\\/folhapopular.info\\\/index.php\\\/2026\\\/09\\\/02\\\/por-que-o-japao\\\/#primaryimage\"},\"image\":{\"@id\":\"https:\\\/\\\/folhapopular.info\\\/index.php\\\/2026\\\/09\\\/02\\\/por-que-o-japao\\\/#primaryimage\"},\"thumbnailUrl\":\"https:\\\/\\\/folhapopular.info\\\/wp-content\\\/uploads\\\/2023\\\/01\\\/2023_01_17_Arquivo-Pessoal_NRF-2023-10_Elifas-de-Vargas-1-scaled.jpg\",\"datePublished\":\"2026-09-02T17:00:00+00:00\",\"dateModified\":\"2026-09-02T19:35:37+00:00\",\"author\":{\"@id\":\"https:\\\/\\\/folhapopular.info\\\/#\\\/schema\\\/person\\\/2402447c1bb8aa4467c418ae32f97627\"},\"breadcrumb\":{\"@id\":\"https:\\\/\\\/folhapopular.info\\\/index.php\\\/2026\\\/09\\\/02\\\/por-que-o-japao\\\/#breadcrumb\"},\"inLanguage\":\"pt-BR\",\"potentialAction\":[{\"@type\":\"ReadAction\",\"target\":[\"https:\\\/\\\/folhapopular.info\\\/index.php\\\/2026\\\/09\\\/02\\\/por-que-o-japao\\\/\"]}]},{\"@type\":\"ImageObject\",\"inLanguage\":\"pt-BR\",\"@id\":\"https:\\\/\\\/folhapopular.info\\\/index.php\\\/2026\\\/09\\\/02\\\/por-que-o-japao\\\/#primaryimage\",\"url\":\"https:\\\/\\\/folhapopular.info\\\/wp-content\\\/uploads\\\/2023\\\/01\\\/2023_01_17_Arquivo-Pessoal_NRF-2023-10_Elifas-de-Vargas-1-scaled.jpg\",\"contentUrl\":\"https:\\\/\\\/folhapopular.info\\\/wp-content\\\/uploads\\\/2023\\\/01\\\/2023_01_17_Arquivo-Pessoal_NRF-2023-10_Elifas-de-Vargas-1-scaled.jpg\",\"width\":1920,\"height\":2560,\"caption\":\"Elifas de Vargas \\\/\\\/ Cr\u00e9dito: Arquivo pessoal\"},{\"@type\":\"BreadcrumbList\",\"@id\":\"https:\\\/\\\/folhapopular.info\\\/index.php\\\/2026\\\/09\\\/02\\\/por-que-o-japao\\\/#breadcrumb\",\"itemListElement\":[{\"@type\":\"ListItem\",\"position\":1,\"name\":\"In\u00edcio\",\"item\":\"https:\\\/\\\/folhapopular.info\\\/\"},{\"@type\":\"ListItem\",\"position\":2,\"name\":\"Por que o Jap\u00e3o?\"}]},{\"@type\":\"WebSite\",\"@id\":\"https:\\\/\\\/folhapopular.info\\\/#website\",\"url\":\"https:\\\/\\\/folhapopular.info\\\/\",\"name\":\"Folha Popular\",\"description\":\"Onde voc\u00ea tem vez e voz\",\"potentialAction\":[{\"@type\":\"SearchAction\",\"target\":{\"@type\":\"EntryPoint\",\"urlTemplate\":\"https:\\\/\\\/folhapopular.info\\\/?s={search_term_string}\"},\"query-input\":{\"@type\":\"PropertyValueSpecification\",\"valueRequired\":true,\"valueName\":\"search_term_string\"}}],\"inLanguage\":\"pt-BR\"},{\"@type\":\"Person\",\"@id\":\"https:\\\/\\\/folhapopular.info\\\/#\\\/schema\\\/person\\\/2402447c1bb8aa4467c418ae32f97627\",\"name\":\"Elifas de Vargas\",\"image\":{\"@type\":\"ImageObject\",\"inLanguage\":\"pt-BR\",\"@id\":\"https:\\\/\\\/secure.gravatar.com\\\/avatar\\\/f68040d6d6fd3554f1482624b65543c3287ce18a912b444ee91506c82f403689?s=96&d=mm&r=g\",\"url\":\"https:\\\/\\\/secure.gravatar.com\\\/avatar\\\/f68040d6d6fd3554f1482624b65543c3287ce18a912b444ee91506c82f403689?s=96&d=mm&r=g\",\"contentUrl\":\"https:\\\/\\\/secure.gravatar.com\\\/avatar\\\/f68040d6d6fd3554f1482624b65543c3287ce18a912b444ee91506c82f403689?s=96&d=mm&r=g\",\"caption\":\"Elifas de Vargas\"},\"url\":\"https:\\\/\\\/folhapopular.info\\\/index.php\\\/author\\\/elifasdevargasgmail-com\\\/\"}]}<\/script>\n<!-- \/ Yoast SEO plugin. -->","yoast_head_json":{"title":"Por que o Jap\u00e3o? - Folha Popular","robots":{"index":"index","follow":"follow","max-snippet":"max-snippet:-1","max-image-preview":"max-image-preview:large","max-video-preview":"max-video-preview:-1"},"canonical":"https:\/\/folhapopular.info\/index.php\/2026\/09\/02\/por-que-o-japao\/","og_locale":"pt_BR","og_type":"article","og_title":"Por que o Jap\u00e3o? - Folha Popular","og_description":"Minha inf\u00e2ncia sempre foi muito impactada pelo Jap\u00e3o. Seja por sua hist\u00f3ria, por suas tradi\u00e7\u00f5es ou pelo entretenimento. Fa\u00e7o parte de uma gera\u00e7\u00e3o que cresceu vendo muito da cultura japonesa entrar no nosso dia a dia &#8211; e, com ela, valores e ensinamentos sobre lealdade, amizade, altru\u00edsmo, disciplina e tantas outras coisas importantes. Desde 2014, [&hellip;]","og_url":"https:\/\/folhapopular.info\/index.php\/2026\/09\/02\/por-que-o-japao\/","og_site_name":"Folha Popular","article_published_time":"2026-09-02T17:00:00+00:00","article_modified_time":"2026-09-02T19:35:37+00:00","og_image":[{"width":1920,"height":2560,"url":"https:\/\/folhapopular.info\/wp-content\/uploads\/2023\/01\/2023_01_17_Arquivo-Pessoal_NRF-2023-10_Elifas-de-Vargas-1-scaled.jpg","type":"image\/jpeg"}],"author":"Elifas de Vargas","twitter_card":"summary_large_image","twitter_misc":{"Escrito por":"Elifas de Vargas","Est. tempo de leitura":"3 minutos"},"schema":{"@context":"https:\/\/schema.org","@graph":[{"@type":"Article","@id":"https:\/\/folhapopular.info\/index.php\/2026\/09\/02\/por-que-o-japao\/#article","isPartOf":{"@id":"https:\/\/folhapopular.info\/index.php\/2026\/09\/02\/por-que-o-japao\/"},"author":{"name":"Elifas de Vargas","@id":"https:\/\/folhapopular.info\/#\/schema\/person\/2402447c1bb8aa4467c418ae32f97627"},"headline":"Por que o Jap\u00e3o?","datePublished":"2026-09-02T17:00:00+00:00","dateModified":"2026-09-02T19:35:37+00:00","mainEntityOfPage":{"@id":"https:\/\/folhapopular.info\/index.php\/2026\/09\/02\/por-que-o-japao\/"},"wordCount":472,"commentCount":0,"image":{"@id":"https:\/\/folhapopular.info\/index.php\/2026\/09\/02\/por-que-o-japao\/#primaryimage"},"thumbnailUrl":"https:\/\/folhapopular.info\/wp-content\/uploads\/2023\/01\/2023_01_17_Arquivo-Pessoal_NRF-2023-10_Elifas-de-Vargas-1-scaled.jpg","keywords":["Elifas de Vargas","Fast Talks","Folha Popular"],"articleSection":["Assinantes","Colunistas","Fast Talks"],"inLanguage":"pt-BR","potentialAction":[{"@type":"CommentAction","name":"Comment","target":["https:\/\/folhapopular.info\/index.php\/2026\/09\/02\/por-que-o-japao\/#respond"]}]},{"@type":"WebPage","@id":"https:\/\/folhapopular.info\/index.php\/2026\/09\/02\/por-que-o-japao\/","url":"https:\/\/folhapopular.info\/index.php\/2026\/09\/02\/por-que-o-japao\/","name":"Por que o Jap\u00e3o? - Folha Popular","isPartOf":{"@id":"https:\/\/folhapopular.info\/#website"},"primaryImageOfPage":{"@id":"https:\/\/folhapopular.info\/index.php\/2026\/09\/02\/por-que-o-japao\/#primaryimage"},"image":{"@id":"https:\/\/folhapopular.info\/index.php\/2026\/09\/02\/por-que-o-japao\/#primaryimage"},"thumbnailUrl":"https:\/\/folhapopular.info\/wp-content\/uploads\/2023\/01\/2023_01_17_Arquivo-Pessoal_NRF-2023-10_Elifas-de-Vargas-1-scaled.jpg","datePublished":"2026-09-02T17:00:00+00:00","dateModified":"2026-09-02T19:35:37+00:00","author":{"@id":"https:\/\/folhapopular.info\/#\/schema\/person\/2402447c1bb8aa4467c418ae32f97627"},"breadcrumb":{"@id":"https:\/\/folhapopular.info\/index.php\/2026\/09\/02\/por-que-o-japao\/#breadcrumb"},"inLanguage":"pt-BR","potentialAction":[{"@type":"ReadAction","target":["https:\/\/folhapopular.info\/index.php\/2026\/09\/02\/por-que-o-japao\/"]}]},{"@type":"ImageObject","inLanguage":"pt-BR","@id":"https:\/\/folhapopular.info\/index.php\/2026\/09\/02\/por-que-o-japao\/#primaryimage","url":"https:\/\/folhapopular.info\/wp-content\/uploads\/2023\/01\/2023_01_17_Arquivo-Pessoal_NRF-2023-10_Elifas-de-Vargas-1-scaled.jpg","contentUrl":"https:\/\/folhapopular.info\/wp-content\/uploads\/2023\/01\/2023_01_17_Arquivo-Pessoal_NRF-2023-10_Elifas-de-Vargas-1-scaled.jpg","width":1920,"height":2560,"caption":"Elifas de Vargas \/\/ Cr\u00e9dito: Arquivo pessoal"},{"@type":"BreadcrumbList","@id":"https:\/\/folhapopular.info\/index.php\/2026\/09\/02\/por-que-o-japao\/#breadcrumb","itemListElement":[{"@type":"ListItem","position":1,"name":"In\u00edcio","item":"https:\/\/folhapopular.info\/"},{"@type":"ListItem","position":2,"name":"Por que o Jap\u00e3o?"}]},{"@type":"WebSite","@id":"https:\/\/folhapopular.info\/#website","url":"https:\/\/folhapopular.info\/","name":"Folha Popular","description":"Onde voc\u00ea tem vez e voz","potentialAction":[{"@type":"SearchAction","target":{"@type":"EntryPoint","urlTemplate":"https:\/\/folhapopular.info\/?s={search_term_string}"},"query-input":{"@type":"PropertyValueSpecification","valueRequired":true,"valueName":"search_term_string"}}],"inLanguage":"pt-BR"},{"@type":"Person","@id":"https:\/\/folhapopular.info\/#\/schema\/person\/2402447c1bb8aa4467c418ae32f97627","name":"Elifas de Vargas","image":{"@type":"ImageObject","inLanguage":"pt-BR","@id":"https:\/\/secure.gravatar.com\/avatar\/f68040d6d6fd3554f1482624b65543c3287ce18a912b444ee91506c82f403689?s=96&d=mm&r=g","url":"https:\/\/secure.gravatar.com\/avatar\/f68040d6d6fd3554f1482624b65543c3287ce18a912b444ee91506c82f403689?s=96&d=mm&r=g","contentUrl":"https:\/\/secure.gravatar.com\/avatar\/f68040d6d6fd3554f1482624b65543c3287ce18a912b444ee91506c82f403689?s=96&d=mm&r=g","caption":"Elifas de Vargas"},"url":"https:\/\/folhapopular.info\/index.php\/author\/elifasdevargasgmail-com\/"}]}},"jetpack_sharing_enabled":true,"amp_enabled":true,"jetpack_featured_media_url":"https:\/\/folhapopular.info\/wp-content\/uploads\/2023\/01\/2023_01_17_Arquivo-Pessoal_NRF-2023-10_Elifas-de-Vargas-1-scaled.jpg","_links":{"self":[{"href":"https:\/\/folhapopular.info\/index.php\/wp-json\/wp\/v2\/posts\/220240","targetHints":{"allow":["GET"]}}],"collection":[{"href":"https:\/\/folhapopular.info\/index.php\/wp-json\/wp\/v2\/posts"}],"about":[{"href":"https:\/\/folhapopular.info\/index.php\/wp-json\/wp\/v2\/types\/post"}],"author":[{"embeddable":true,"href":"https:\/\/folhapopular.info\/index.php\/wp-json\/wp\/v2\/users\/692"}],"replies":[{"embeddable":true,"href":"https:\/\/folhapopular.info\/index.php\/wp-json\/wp\/v2\/comments?post=220240"}],"version-history":[{"count":1,"href":"https:\/\/folhapopular.info\/index.php\/wp-json\/wp\/v2\/posts\/220240\/revisions"}],"predecessor-version":[{"id":220242,"href":"https:\/\/folhapopular.info\/index.php\/wp-json\/wp\/v2\/posts\/220240\/revisions\/220242"}],"wp:featuredmedia":[{"embeddable":true,"href":"https:\/\/folhapopular.info\/index.php\/wp-json\/wp\/v2\/media\/119577"}],"wp:attachment":[{"href":"https:\/\/folhapopular.info\/index.php\/wp-json\/wp\/v2\/media?parent=220240"}],"wp:term":[{"taxonomy":"category","embeddable":true,"href":"https:\/\/folhapopular.info\/index.php\/wp-json\/wp\/v2\/categories?post=220240"},{"taxonomy":"post_tag","embeddable":true,"href":"https:\/\/folhapopular.info\/index.php\/wp-json\/wp\/v2\/tags?post=220240"}],"curies":[{"name":"wp","href":"https:\/\/api.w.org\/{rel}","templated":true}]}}