{"id":220275,"date":"2026-09-02T22:44:36","date_gmt":"2026-09-03T01:44:36","guid":{"rendered":"https:\/\/folhapopular.info\/?p=220275"},"modified":"2026-09-02T22:44:38","modified_gmt":"2026-09-03T01:44:38","slug":"parceria-entre-american-nutrients-e-lactalis-e-destaque-na-49a-expointer","status":"publish","type":"post","link":"https:\/\/folhapopular.info\/index.php\/2026\/09\/02\/parceria-entre-american-nutrients-e-lactalis-e-destaque-na-49a-expointer\/","title":{"rendered":"Parceria entre American Nutrients e Lactalis \u00e9 destaque na 49\u00aa Expointer"},"content":{"rendered":"\n<p class=\"wp-block-paragraph\">A parceria entre a American Nutrients e a Lactalis do Brasil foi reconhecida nesta quarta-feira (2) como uma das iniciativas de destaque do agroneg\u00f3cio brasileiro. O case conjunto recebeu o Trof\u00e9u Tr\u00eas Porteiras, durante a 49\u00aa Expointer, em Esteio, e foi o vencedor da categoria Antes da Porteira na 14\u00aa edi\u00e7\u00e3o do Pr\u00eamio Vencedores do Agroneg\u00f3cio, promovido pela Federasul. A solenidade ocorreu durante almo\u00e7o realizado na feira, com a entrega dos trof\u00e9us aos vencedores das tr\u00eas categorias da premia\u00e7\u00e3o.<\/p>\n\n\n\n<p class=\"wp-block-paragraph\">O reconhecimento \u00e9 resultado do trabalho desenvolvido pelas duas empresas em torno do Muucare Nature, aditivo alimentar desenvolvido pela American Nutrients e utilizado pela Lactalis junto aos produtores de leite. A tecnologia tem como proposta contribuir para a redu\u00e7\u00e3o das emiss\u00f5es de metano pelos bovinos e, ao mesmo tempo, melhorar a efici\u00eancia alimentar e a produtividade dos rebanhos.<\/p>\n\n\n\n<p class=\"wp-block-paragraph\">Para o representante da American Nutrients, Klaus Kterman, o pr\u00eamio representa o reconhecimento de um projeto inovador e pode contribuir para ampliar a credibilidade da empresa no mercado.<\/p>\n\n\n\n<p class=\"wp-block-paragraph\">\u201cA gente se sente lisonjeado em ser reconhecido pela Federasul como um projeto ou desenvolvimento de um produto inovador para o agroneg\u00f3cio\u201d, afirmou.<\/p>\n\n\n\n<p class=\"wp-block-paragraph\">Segundo Kterman, o produto \u00e9 utilizado pela Lactalis junto aos seus produtores com o objetivo de produzir um leite mais saud\u00e1vel, associado \u00e0 redu\u00e7\u00e3o de metano e ao aumento da efici\u00eancia alimentar dos plant\u00e9is.<\/p>\n\n\n\n<p class=\"wp-block-paragraph\"><strong>Parceria como estrat\u00e9gia<\/strong><\/p>\n\n\n\n<p class=\"wp-block-paragraph\">A conquista tamb\u00e9m \u00e9 vista pela Lactalis como resultado de uma parceria constru\u00edda ao longo do tempo. Patr\u00edcia Fontoura, representante da empresa, destacou o relacionamento com a American Nutrients e a converg\u00eancia entre a iniciativa e os compromissos da companhia com sustentabilidade e desenvolvimento da cadeia leiteira.<\/p>\n\n\n\n<p class=\"wp-block-paragraph\">\u201cA nossa parceria com a American \u00e9 de mais tempo. \u00c9 um grande parceiro da Lactalis que apoia o agro e est\u00e1 junto com a gente nesse projeto especialmente inovador\u201d, ressaltou.<\/p>\n\n\n\n<p class=\"wp-block-paragraph\">Para Patr\u00edcia, a tecnologia permite atuar diretamente sobre desafios enfrentados pelos produtores, buscando maior efici\u00eancia dos rebanhos e uma produ\u00e7\u00e3o mais sustent\u00e1vel.<\/p>\n\n\n\n<p class=\"wp-block-paragraph\">A executiva tamb\u00e9m destacou a import\u00e2ncia de aproximar diferentes elos da cadeia produtiva, como ind\u00fastrias, produtores, cooperativas e universidades, na constru\u00e7\u00e3o de solu\u00e7\u00f5es para o agroneg\u00f3cio.<\/p>\n\n\n\n<p class=\"wp-block-paragraph\">\u201cQue a gente possa junto colaborar, que a gente possa crescer junto. Isso \u00e9 o que valoriza\u201d, afirmou.<\/p>\n\n\n\n<p class=\"wp-block-paragraph\">A parceria, segundo ela, refor\u00e7a a necessidade de que ind\u00fastria e produtores avancem conjuntamente. \u201cEles s\u00e3o a base do nosso neg\u00f3cio. Sem eles n\u00f3s n\u00e3o somos nada\u201d, completou.<\/p>\n\n\n\n<p class=\"wp-block-paragraph\"><strong>Reconhecimento amplia visibilidade<\/strong><\/p>\n\n\n\n<p class=\"wp-block-paragraph\">Al\u00e9m de representar uma conquista para as duas empresas, o pr\u00eamio pode ajudar a dar maior visibilidade \u00e0 tecnologia desenvolvida pela American Nutrients. Para Kterman, reconhecimentos desse tipo t\u00eam impacto direto na percep\u00e7\u00e3o do mercado.<\/p>\n\n\n\n<p class=\"wp-block-paragraph\">\u201cSem d\u00favida nenhuma, toda vez que voc\u00ea \u00e9 reconhecido, isso impacta positivamente o mercado, mostrando tamb\u00e9m confiabilidade e credibilidade ao produtor\u201d, afirmou.<\/p>\n\n\n\n<p class=\"wp-block-paragraph\">A premia\u00e7\u00e3o ocorre em um momento em que sustentabilidade, efici\u00eancia produtiva e redu\u00e7\u00e3o das emiss\u00f5es de gases de efeito estufa ganham espa\u00e7o nas discuss\u00f5es sobre o futuro da produ\u00e7\u00e3o agropecu\u00e1ria. Nesse contexto, a parceria entre as empresas busca transformar inova\u00e7\u00e3o tecnol\u00f3gica em uma ferramenta aplicada diretamente na propriedade rural.<\/p>\n\n\n\n<p class=\"wp-block-paragraph\"><strong>Associativismo e resili\u00eancia <\/strong><\/p>\n\n\n\n<p class=\"wp-block-paragraph\">A solenidade tamb\u00e9m serviu para discutir os desafios enfrentados pelo agroneg\u00f3cio ga\u00facho. O presidente da Federasul destacou a capacidade de recupera\u00e7\u00e3o do setor diante da sequ\u00eancia de eventos clim\u00e1ticos extremos dos \u00faltimos anos e defendeu uma postura menos reativa por parte dos produtores.<\/p>\n\n\n\n<p class=\"wp-block-paragraph\">Segundo ele, as enchentes e estiagens provocaram perdas de capacidade produtiva e aumento do endividamento, mas os exemplos apresentados pelo Pr\u00eamio Vencedores do Agroneg\u00f3cio demonstram que criatividade, planejamento e atua\u00e7\u00e3o conjunta podem ajudar a superar per\u00edodos de crise.<\/p>\n\n\n\n<p class=\"wp-block-paragraph\">A avalia\u00e7\u00e3o \u00e9 de que o pior momento recente do setor pode ter ficado para tr\u00e1s. Com alguma recupera\u00e7\u00e3o nos pre\u00e7os de produtos como arroz, soja, carne e leite e uma redu\u00e7\u00e3o nos custos de produ\u00e7\u00e3o, a expectativa \u00e9 de um cen\u00e1rio mais favor\u00e1vel para 2027.<\/p>\n\n\n\n<p class=\"wp-block-paragraph\">Nesse contexto, o presidente da entidade defendeu que os produtores aproveitem o per\u00edodo para fazer uma gest\u00e3o mais estrat\u00e9gica, reduzindo custos, identificando oportunidades e aumentando a resili\u00eancia das propriedades diante de novos eventos clim\u00e1ticos extremos.<\/p>\n\n\n\n<p class=\"wp-block-paragraph\">A mensagem tamb\u00e9m foi ampliada para o cen\u00e1rio internacional. Para a Federasul, o Brasil deve preservar uma postura de diplomacia comercial neutra e pac\u00edfica e utilizar sua capacidade de produ\u00e7\u00e3o agr\u00edcola, energ\u00e9tica e mineral para se consolidar como parceiro confi\u00e1vel no mercado global.<\/p>\n\n\n\n<p class=\"wp-block-paragraph\">A defesa \u00e9 de que o pa\u00eds mantenha rela\u00e7\u00f5es comerciais equilibradas com grandes mercados, como China, Estados Unidos, Europa e demais regi\u00f5es, utilizando a for\u00e7a do agroneg\u00f3cio brasileiro para contribuir com a seguran\u00e7a alimentar e energ\u00e9tica mundial.<\/p>\n\n\n\n<p class=\"wp-block-paragraph\"><strong>Trof\u00e9u Tr\u00eas Porteiras<\/strong><\/p>\n\n\n\n<p class=\"wp-block-paragraph\">O Pr\u00eamio Vencedores do Agroneg\u00f3cio chega \u00e0 14\u00aa edi\u00e7\u00e3o como uma das iniciativas de reconhecimento ao empreendedorismo e \u00e0 inova\u00e7\u00e3o no setor. A premia\u00e7\u00e3o \u00e9 dividida em tr\u00eas categorias que representam diferentes etapas da cadeia produtiva: Antes da Porteira, Dentro da Porteira e Depois da Porteira.<\/p>\n\n\n\n<p class=\"wp-block-paragraph\">Na edi\u00e7\u00e3o de 2026, a American Nutrients e a Lactalis conquistaram o destaque na categoria Antes da Porteira, justamente por uma iniciativa que atua na oferta de tecnologia e solu\u00e7\u00f5es para aumentar a efici\u00eancia e a sustentabilidade da produ\u00e7\u00e3o leiteira.<\/p>\n","protected":false},"excerpt":{"rendered":"<p>A parceria entre a American Nutrients e a Lactalis do Brasil foi reconhecida nesta quarta-feira (2) como uma das iniciativas de destaque do agroneg\u00f3cio brasileiro. O case conjunto recebeu o Trof\u00e9u Tr\u00eas Porteiras, durante a 49\u00aa Expointer, em Esteio, e foi o vencedor da categoria Antes da Porteira na 14\u00aa edi\u00e7\u00e3o do Pr\u00eamio Vencedores do [&hellip;]<\/p>\n","protected":false},"author":772,"featured_media":220277,"comment_status":"open","ping_status":"open","sticky":false,"template":"","format":"standard","meta":{"pmpro_default_level":"","_jetpack_memberships_contains_paid_content":false,"footnotes":""},"categories":[2,10994],"tags":[6040,19238,6002,783,1576,7832],"class_list":["post-220275","post","type-post","status-publish","format-standard","has-post-thumbnail","category-featured","category-rural","tag-agronegocio","tag-american-nutrients","tag-expointer","tag-federasul","tag-lactalis","tag-premio","pmpro-has-access"],"yoast_head":"<!-- This site is optimized with the Yoast SEO plugin v28.4 - https:\/\/yoast.com\/product\/yoast-seo-wordpress\/ -->\n<title>Parceria entre American Nutrients e Lactalis \u00e9 destaque na 49\u00aa Expointer - Folha Popular<\/title>\n<meta name=\"robots\" content=\"index, follow, max-snippet:-1, max-image-preview:large, max-video-preview:-1\" \/>\n<link rel=\"canonical\" href=\"https:\/\/folhapopular.info\/index.php\/2026\/09\/02\/parceria-entre-american-nutrients-e-lactalis-e-destaque-na-49a-expointer\/\" \/>\n<meta property=\"og:locale\" content=\"pt_BR\" \/>\n<meta property=\"og:type\" content=\"article\" \/>\n<meta property=\"og:title\" content=\"Parceria entre American Nutrients e Lactalis \u00e9 destaque na 49\u00aa Expointer - Folha Popular\" \/>\n<meta property=\"og:description\" content=\"A parceria entre a American Nutrients e a Lactalis do Brasil foi reconhecida nesta quarta-feira (2) como uma das iniciativas de destaque do agroneg\u00f3cio brasileiro. O case conjunto recebeu o Trof\u00e9u Tr\u00eas Porteiras, durante a 49\u00aa Expointer, em Esteio, e foi o vencedor da categoria Antes da Porteira na 14\u00aa edi\u00e7\u00e3o do Pr\u00eamio Vencedores do [&hellip;]\" \/>\n<meta property=\"og:url\" content=\"https:\/\/folhapopular.info\/index.php\/2026\/09\/02\/parceria-entre-american-nutrients-e-lactalis-e-destaque-na-49a-expointer\/\" \/>\n<meta property=\"og:site_name\" content=\"Folha Popular\" \/>\n<meta property=\"article:published_time\" content=\"2026-09-03T01:44:36+00:00\" \/>\n<meta property=\"article:modified_time\" content=\"2026-09-03T01:44:38+00:00\" \/>\n<meta property=\"og:image\" content=\"https:\/\/folhapopular.info\/wp-content\/uploads\/2026\/09\/WhatsApp-Image-2026-09-02-at-21.57.06.webp\" \/>\n\t<meta property=\"og:image:width\" content=\"1600\" \/>\n\t<meta property=\"og:image:height\" content=\"1200\" \/>\n\t<meta property=\"og:image:type\" content=\"image\/webp\" \/>\n<meta name=\"author\" content=\"Anderson Lopes\" \/>\n<meta name=\"twitter:card\" content=\"summary_large_image\" \/>\n<meta name=\"twitter:label1\" content=\"Escrito por\" \/>\n\t<meta name=\"twitter:data1\" content=\"Anderson Lopes\" \/>\n\t<meta name=\"twitter:label2\" content=\"Est. tempo de leitura\" \/>\n\t<meta name=\"twitter:data2\" content=\"5 minutos\" \/>\n<script type=\"application\/ld+json\" class=\"yoast-schema-graph\">{\"@context\":\"https:\\\/\\\/schema.org\",\"@graph\":[{\"@type\":\"Article\",\"@id\":\"https:\\\/\\\/folhapopular.info\\\/index.php\\\/2026\\\/09\\\/02\\\/parceria-entre-american-nutrients-e-lactalis-e-destaque-na-49a-expointer\\\/#article\",\"isPartOf\":{\"@id\":\"https:\\\/\\\/folhapopular.info\\\/index.php\\\/2026\\\/09\\\/02\\\/parceria-entre-american-nutrients-e-lactalis-e-destaque-na-49a-expointer\\\/\"},\"author\":{\"name\":\"Anderson Lopes\",\"@id\":\"https:\\\/\\\/folhapopular.info\\\/#\\\/schema\\\/person\\\/50fd7636116370b67381921e65092a49\"},\"headline\":\"Parceria entre American Nutrients e Lactalis \u00e9 destaque na 49\u00aa Expointer\",\"datePublished\":\"2026-09-03T01:44:36+00:00\",\"dateModified\":\"2026-09-03T01:44:38+00:00\",\"mainEntityOfPage\":{\"@id\":\"https:\\\/\\\/folhapopular.info\\\/index.php\\\/2026\\\/09\\\/02\\\/parceria-entre-american-nutrients-e-lactalis-e-destaque-na-49a-expointer\\\/\"},\"wordCount\":934,\"commentCount\":0,\"image\":{\"@id\":\"https:\\\/\\\/folhapopular.info\\\/index.php\\\/2026\\\/09\\\/02\\\/parceria-entre-american-nutrients-e-lactalis-e-destaque-na-49a-expointer\\\/#primaryimage\"},\"thumbnailUrl\":\"https:\\\/\\\/folhapopular.info\\\/wp-content\\\/uploads\\\/2026\\\/09\\\/WhatsApp-Image-2026-09-02-at-21.57.06.webp\",\"keywords\":[\"Agroneg\u00f3cio\",\"American Nutrients\",\"Expointer\",\"Federasul\",\"Lactalis\",\"Pr\u00eamio\"],\"articleSection\":[\"Destaques\",\"Rural\"],\"inLanguage\":\"pt-BR\",\"potentialAction\":[{\"@type\":\"CommentAction\",\"name\":\"Comment\",\"target\":[\"https:\\\/\\\/folhapopular.info\\\/index.php\\\/2026\\\/09\\\/02\\\/parceria-entre-american-nutrients-e-lactalis-e-destaque-na-49a-expointer\\\/#respond\"]}]},{\"@type\":\"WebPage\",\"@id\":\"https:\\\/\\\/folhapopular.info\\\/index.php\\\/2026\\\/09\\\/02\\\/parceria-entre-american-nutrients-e-lactalis-e-destaque-na-49a-expointer\\\/\",\"url\":\"https:\\\/\\\/folhapopular.info\\\/index.php\\\/2026\\\/09\\\/02\\\/parceria-entre-american-nutrients-e-lactalis-e-destaque-na-49a-expointer\\\/\",\"name\":\"Parceria entre American Nutrients e Lactalis \u00e9 destaque na 49\u00aa Expointer - Folha Popular\",\"isPartOf\":{\"@id\":\"https:\\\/\\\/folhapopular.info\\\/#website\"},\"primaryImageOfPage\":{\"@id\":\"https:\\\/\\\/folhapopular.info\\\/index.php\\\/2026\\\/09\\\/02\\\/parceria-entre-american-nutrients-e-lactalis-e-destaque-na-49a-expointer\\\/#primaryimage\"},\"image\":{\"@id\":\"https:\\\/\\\/folhapopular.info\\\/index.php\\\/2026\\\/09\\\/02\\\/parceria-entre-american-nutrients-e-lactalis-e-destaque-na-49a-expointer\\\/#primaryimage\"},\"thumbnailUrl\":\"https:\\\/\\\/folhapopular.info\\\/wp-content\\\/uploads\\\/2026\\\/09\\\/WhatsApp-Image-2026-09-02-at-21.57.06.webp\",\"datePublished\":\"2026-09-03T01:44:36+00:00\",\"dateModified\":\"2026-09-03T01:44:38+00:00\",\"author\":{\"@id\":\"https:\\\/\\\/folhapopular.info\\\/#\\\/schema\\\/person\\\/50fd7636116370b67381921e65092a49\"},\"breadcrumb\":{\"@id\":\"https:\\\/\\\/folhapopular.info\\\/index.php\\\/2026\\\/09\\\/02\\\/parceria-entre-american-nutrients-e-lactalis-e-destaque-na-49a-expointer\\\/#breadcrumb\"},\"inLanguage\":\"pt-BR\",\"potentialAction\":[{\"@type\":\"ReadAction\",\"target\":[\"https:\\\/\\\/folhapopular.info\\\/index.php\\\/2026\\\/09\\\/02\\\/parceria-entre-american-nutrients-e-lactalis-e-destaque-na-49a-expointer\\\/\"]}]},{\"@type\":\"ImageObject\",\"inLanguage\":\"pt-BR\",\"@id\":\"https:\\\/\\\/folhapopular.info\\\/index.php\\\/2026\\\/09\\\/02\\\/parceria-entre-american-nutrients-e-lactalis-e-destaque-na-49a-expointer\\\/#primaryimage\",\"url\":\"https:\\\/\\\/folhapopular.info\\\/wp-content\\\/uploads\\\/2026\\\/09\\\/WhatsApp-Image-2026-09-02-at-21.57.06.webp\",\"contentUrl\":\"https:\\\/\\\/folhapopular.info\\\/wp-content\\\/uploads\\\/2026\\\/09\\\/WhatsApp-Image-2026-09-02-at-21.57.06.webp\",\"width\":1600,\"height\":1200,\"caption\":\"CEO da American Nutrients, Claus Kettermann e a gerente de Qualidade Captac\u00e3o e CSR na Lactalis. Foto Anderson Lopes\"},{\"@type\":\"BreadcrumbList\",\"@id\":\"https:\\\/\\\/folhapopular.info\\\/index.php\\\/2026\\\/09\\\/02\\\/parceria-entre-american-nutrients-e-lactalis-e-destaque-na-49a-expointer\\\/#breadcrumb\",\"itemListElement\":[{\"@type\":\"ListItem\",\"position\":1,\"name\":\"In\u00edcio\",\"item\":\"https:\\\/\\\/folhapopular.info\\\/\"},{\"@type\":\"ListItem\",\"position\":2,\"name\":\"Parceria entre American Nutrients e Lactalis \u00e9 destaque na 49\u00aa Expointer\"}]},{\"@type\":\"WebSite\",\"@id\":\"https:\\\/\\\/folhapopular.info\\\/#website\",\"url\":\"https:\\\/\\\/folhapopular.info\\\/\",\"name\":\"Folha Popular\",\"description\":\"Onde voc\u00ea tem vez e voz\",\"potentialAction\":[{\"@type\":\"SearchAction\",\"target\":{\"@type\":\"EntryPoint\",\"urlTemplate\":\"https:\\\/\\\/folhapopular.info\\\/?s={search_term_string}\"},\"query-input\":{\"@type\":\"PropertyValueSpecification\",\"valueRequired\":true,\"valueName\":\"search_term_string\"}}],\"inLanguage\":\"pt-BR\"},{\"@type\":\"Person\",\"@id\":\"https:\\\/\\\/folhapopular.info\\\/#\\\/schema\\\/person\\\/50fd7636116370b67381921e65092a49\",\"name\":\"Anderson Lopes\",\"image\":{\"@type\":\"ImageObject\",\"inLanguage\":\"pt-BR\",\"@id\":\"https:\\\/\\\/folhapopular.info\\\/wp-content\\\/uploads\\\/2026\\\/06\\\/WhatsApp-Image-2026-06-16-at-22.08.50.webp\",\"url\":\"https:\\\/\\\/folhapopular.info\\\/wp-content\\\/uploads\\\/2026\\\/06\\\/WhatsApp-Image-2026-06-16-at-22.08.50.webp\",\"contentUrl\":\"https:\\\/\\\/folhapopular.info\\\/wp-content\\\/uploads\\\/2026\\\/06\\\/WhatsApp-Image-2026-06-16-at-22.08.50.webp\",\"caption\":\"Anderson Lopes\"},\"url\":\"https:\\\/\\\/folhapopular.info\\\/index.php\\\/author\\\/anderson-lopes\\\/\"}]}<\/script>\n<!-- \/ Yoast SEO plugin. -->","yoast_head_json":{"title":"Parceria entre American Nutrients e Lactalis \u00e9 destaque na 49\u00aa Expointer - Folha Popular","robots":{"index":"index","follow":"follow","max-snippet":"max-snippet:-1","max-image-preview":"max-image-preview:large","max-video-preview":"max-video-preview:-1"},"canonical":"https:\/\/folhapopular.info\/index.php\/2026\/09\/02\/parceria-entre-american-nutrients-e-lactalis-e-destaque-na-49a-expointer\/","og_locale":"pt_BR","og_type":"article","og_title":"Parceria entre American Nutrients e Lactalis \u00e9 destaque na 49\u00aa Expointer - Folha Popular","og_description":"A parceria entre a American Nutrients e a Lactalis do Brasil foi reconhecida nesta quarta-feira (2) como uma das iniciativas de destaque do agroneg\u00f3cio brasileiro. O case conjunto recebeu o Trof\u00e9u Tr\u00eas Porteiras, durante a 49\u00aa Expointer, em Esteio, e foi o vencedor da categoria Antes da Porteira na 14\u00aa edi\u00e7\u00e3o do Pr\u00eamio Vencedores do [&hellip;]","og_url":"https:\/\/folhapopular.info\/index.php\/2026\/09\/02\/parceria-entre-american-nutrients-e-lactalis-e-destaque-na-49a-expointer\/","og_site_name":"Folha Popular","article_published_time":"2026-09-03T01:44:36+00:00","article_modified_time":"2026-09-03T01:44:38+00:00","og_image":[{"width":1600,"height":1200,"url":"https:\/\/folhapopular.info\/wp-content\/uploads\/2026\/09\/WhatsApp-Image-2026-09-02-at-21.57.06.webp","type":"image\/webp"}],"author":"Anderson Lopes","twitter_card":"summary_large_image","twitter_misc":{"Escrito por":"Anderson Lopes","Est. tempo de leitura":"5 minutos"},"schema":{"@context":"https:\/\/schema.org","@graph":[{"@type":"Article","@id":"https:\/\/folhapopular.info\/index.php\/2026\/09\/02\/parceria-entre-american-nutrients-e-lactalis-e-destaque-na-49a-expointer\/#article","isPartOf":{"@id":"https:\/\/folhapopular.info\/index.php\/2026\/09\/02\/parceria-entre-american-nutrients-e-lactalis-e-destaque-na-49a-expointer\/"},"author":{"name":"Anderson Lopes","@id":"https:\/\/folhapopular.info\/#\/schema\/person\/50fd7636116370b67381921e65092a49"},"headline":"Parceria entre American Nutrients e Lactalis \u00e9 destaque na 49\u00aa Expointer","datePublished":"2026-09-03T01:44:36+00:00","dateModified":"2026-09-03T01:44:38+00:00","mainEntityOfPage":{"@id":"https:\/\/folhapopular.info\/index.php\/2026\/09\/02\/parceria-entre-american-nutrients-e-lactalis-e-destaque-na-49a-expointer\/"},"wordCount":934,"commentCount":0,"image":{"@id":"https:\/\/folhapopular.info\/index.php\/2026\/09\/02\/parceria-entre-american-nutrients-e-lactalis-e-destaque-na-49a-expointer\/#primaryimage"},"thumbnailUrl":"https:\/\/folhapopular.info\/wp-content\/uploads\/2026\/09\/WhatsApp-Image-2026-09-02-at-21.57.06.webp","keywords":["Agroneg\u00f3cio","American Nutrients","Expointer","Federasul","Lactalis","Pr\u00eamio"],"articleSection":["Destaques","Rural"],"inLanguage":"pt-BR","potentialAction":[{"@type":"CommentAction","name":"Comment","target":["https:\/\/folhapopular.info\/index.php\/2026\/09\/02\/parceria-entre-american-nutrients-e-lactalis-e-destaque-na-49a-expointer\/#respond"]}]},{"@type":"WebPage","@id":"https:\/\/folhapopular.info\/index.php\/2026\/09\/02\/parceria-entre-american-nutrients-e-lactalis-e-destaque-na-49a-expointer\/","url":"https:\/\/folhapopular.info\/index.php\/2026\/09\/02\/parceria-entre-american-nutrients-e-lactalis-e-destaque-na-49a-expointer\/","name":"Parceria entre American Nutrients e Lactalis \u00e9 destaque na 49\u00aa Expointer - Folha Popular","isPartOf":{"@id":"https:\/\/folhapopular.info\/#website"},"primaryImageOfPage":{"@id":"https:\/\/folhapopular.info\/index.php\/2026\/09\/02\/parceria-entre-american-nutrients-e-lactalis-e-destaque-na-49a-expointer\/#primaryimage"},"image":{"@id":"https:\/\/folhapopular.info\/index.php\/2026\/09\/02\/parceria-entre-american-nutrients-e-lactalis-e-destaque-na-49a-expointer\/#primaryimage"},"thumbnailUrl":"https:\/\/folhapopular.info\/wp-content\/uploads\/2026\/09\/WhatsApp-Image-2026-09-02-at-21.57.06.webp","datePublished":"2026-09-03T01:44:36+00:00","dateModified":"2026-09-03T01:44:38+00:00","author":{"@id":"https:\/\/folhapopular.info\/#\/schema\/person\/50fd7636116370b67381921e65092a49"},"breadcrumb":{"@id":"https:\/\/folhapopular.info\/index.php\/2026\/09\/02\/parceria-entre-american-nutrients-e-lactalis-e-destaque-na-49a-expointer\/#breadcrumb"},"inLanguage":"pt-BR","potentialAction":[{"@type":"ReadAction","target":["https:\/\/folhapopular.info\/index.php\/2026\/09\/02\/parceria-entre-american-nutrients-e-lactalis-e-destaque-na-49a-expointer\/"]}]},{"@type":"ImageObject","inLanguage":"pt-BR","@id":"https:\/\/folhapopular.info\/index.php\/2026\/09\/02\/parceria-entre-american-nutrients-e-lactalis-e-destaque-na-49a-expointer\/#primaryimage","url":"https:\/\/folhapopular.info\/wp-content\/uploads\/2026\/09\/WhatsApp-Image-2026-09-02-at-21.57.06.webp","contentUrl":"https:\/\/folhapopular.info\/wp-content\/uploads\/2026\/09\/WhatsApp-Image-2026-09-02-at-21.57.06.webp","width":1600,"height":1200,"caption":"CEO da American Nutrients, Claus Kettermann e a gerente de Qualidade Captac\u00e3o e CSR na Lactalis. Foto Anderson Lopes"},{"@type":"BreadcrumbList","@id":"https:\/\/folhapopular.info\/index.php\/2026\/09\/02\/parceria-entre-american-nutrients-e-lactalis-e-destaque-na-49a-expointer\/#breadcrumb","itemListElement":[{"@type":"ListItem","position":1,"name":"In\u00edcio","item":"https:\/\/folhapopular.info\/"},{"@type":"ListItem","position":2,"name":"Parceria entre American Nutrients e Lactalis \u00e9 destaque na 49\u00aa Expointer"}]},{"@type":"WebSite","@id":"https:\/\/folhapopular.info\/#website","url":"https:\/\/folhapopular.info\/","name":"Folha Popular","description":"Onde voc\u00ea tem vez e voz","potentialAction":[{"@type":"SearchAction","target":{"@type":"EntryPoint","urlTemplate":"https:\/\/folhapopular.info\/?s={search_term_string}"},"query-input":{"@type":"PropertyValueSpecification","valueRequired":true,"valueName":"search_term_string"}}],"inLanguage":"pt-BR"},{"@type":"Person","@id":"https:\/\/folhapopular.info\/#\/schema\/person\/50fd7636116370b67381921e65092a49","name":"Anderson Lopes","image":{"@type":"ImageObject","inLanguage":"pt-BR","@id":"https:\/\/folhapopular.info\/wp-content\/uploads\/2026\/06\/WhatsApp-Image-2026-06-16-at-22.08.50.webp","url":"https:\/\/folhapopular.info\/wp-content\/uploads\/2026\/06\/WhatsApp-Image-2026-06-16-at-22.08.50.webp","contentUrl":"https:\/\/folhapopular.info\/wp-content\/uploads\/2026\/06\/WhatsApp-Image-2026-06-16-at-22.08.50.webp","caption":"Anderson Lopes"},"url":"https:\/\/folhapopular.info\/index.php\/author\/anderson-lopes\/"}]}},"jetpack_sharing_enabled":true,"amp_enabled":true,"jetpack_featured_media_url":"https:\/\/folhapopular.info\/wp-content\/uploads\/2026\/09\/WhatsApp-Image-2026-09-02-at-21.57.06.webp","_links":{"self":[{"href":"https:\/\/folhapopular.info\/index.php\/wp-json\/wp\/v2\/posts\/220275","targetHints":{"allow":["GET"]}}],"collection":[{"href":"https:\/\/folhapopular.info\/index.php\/wp-json\/wp\/v2\/posts"}],"about":[{"href":"https:\/\/folhapopular.info\/index.php\/wp-json\/wp\/v2\/types\/post"}],"author":[{"embeddable":true,"href":"https:\/\/folhapopular.info\/index.php\/wp-json\/wp\/v2\/users\/772"}],"replies":[{"embeddable":true,"href":"https:\/\/folhapopular.info\/index.php\/wp-json\/wp\/v2\/comments?post=220275"}],"version-history":[{"count":1,"href":"https:\/\/folhapopular.info\/index.php\/wp-json\/wp\/v2\/posts\/220275\/revisions"}],"predecessor-version":[{"id":220278,"href":"https:\/\/folhapopular.info\/index.php\/wp-json\/wp\/v2\/posts\/220275\/revisions\/220278"}],"wp:featuredmedia":[{"embeddable":true,"href":"https:\/\/folhapopular.info\/index.php\/wp-json\/wp\/v2\/media\/220277"}],"wp:attachment":[{"href":"https:\/\/folhapopular.info\/index.php\/wp-json\/wp\/v2\/media?parent=220275"}],"wp:term":[{"taxonomy":"category","embeddable":true,"href":"https:\/\/folhapopular.info\/index.php\/wp-json\/wp\/v2\/categories?post=220275"},{"taxonomy":"post_tag","embeddable":true,"href":"https:\/\/folhapopular.info\/index.php\/wp-json\/wp\/v2\/tags?post=220275"}],"curies":[{"name":"wp","href":"https:\/\/api.w.org\/{rel}","templated":true}]}}