{"id":220282,"date":"2026-09-03T10:00:00","date_gmt":"2026-09-03T13:00:00","guid":{"rendered":"https:\/\/folhapopular.info\/?p=220282"},"modified":"2026-09-03T08:06:34","modified_gmt":"2026-09-03T11:06:34","slug":"palestra-reune-familias-da-rede-municipal-de-ensino-de-imigrante","status":"publish","type":"post","link":"https:\/\/folhapopular.info\/index.php\/2026\/09\/03\/palestra-reune-familias-da-rede-municipal-de-ensino-de-imigrante\/","title":{"rendered":"Palestra re\u00fane fam\u00edlias da Rede Municipal de Ensino de Imigrante"},"content":{"rendered":"\n<p class=\"wp-block-paragraph\">Educar exige presen\u00e7a, di\u00e1logo e acompanhamento. Com esse prop\u00f3sito, a noite de quinta-feira (27\/8) foi marcada por um momento de reflex\u00e3o e troca de experi\u00eancias entre fam\u00edlias, professores, monitores e equipes diretivas das escolas da Rede Municipal de Ensino de Imigrante. O encontro ocorreu no Centro Comunit\u00e1rio e teve como destaque a palestra \u201cCrescer d\u00e1 trabalho: o papel dos pais da inf\u00e2ncia \u00e0 juventude\u201d, conduzida pela m\u00e9dica psiquiatra especializada em inf\u00e2ncia e adolesc\u00eancia, Dra. Maria Rosa Iorra Camargo.<\/p>\n\n\n\n<p class=\"wp-block-paragraph\">De forma acess\u00edvel e baseada em evid\u00eancias cient\u00edficas, a profissional abordou assuntos presentes no dia a dia das fam\u00edlias e fundamentais para o desenvolvimento de crian\u00e7as e adolescentes. Entre os temas apresentados estiveram o papel emocional da inf\u00e2ncia na forma\u00e7\u00e3o da personalidade, as principais manifesta\u00e7\u00f5es de ansiedade, os fatores que podem contribuir para o adoecimento emocional e a import\u00e2ncia da observa\u00e7\u00e3o precoce, do di\u00e1logo e dos cuidados relacionados \u00e0 sa\u00fade mental.<\/p>\n\n\n\n<p class=\"wp-block-paragraph\">Durante o encontro, tamb\u00e9m foi refor\u00e7ada a import\u00e2ncia da parceria entre fam\u00edlia e escola no processo de forma\u00e7\u00e3o. O secret\u00e1rio de Educa\u00e7\u00e3o, Carlos Alexandre Lutterbeck, destacou o compromisso da Rede Municipal em promover uma educa\u00e7\u00e3o que ultrapasse os limites da sala de aula e envolva toda a comunidade.<\/p>\n\n\n\n<h2 class=\"wp-block-heading\"><strong>Fam\u00edlia e escola lado a lado<\/strong><\/h2>\n\n\n\n<p class=\"wp-block-paragraph\">Uma das principais mensagens da noite foi a necessidade de uma atua\u00e7\u00e3o conjunta entre fam\u00edlia e escola. A proximidade entre esses dois espa\u00e7os contribui para que crian\u00e7as e adolescentes tenham mais seguran\u00e7a, confian\u00e7a e apoio durante as diferentes etapas do desenvolvimento.<\/p>\n\n\n\n<p class=\"wp-block-paragraph\">Ao encerrar o encontro, o secret\u00e1rio Carlos Alexandre Lutterbeck refor\u00e7ou essa import\u00e2ncia ao afirmar: \u201cA escola n\u00e3o se faz sozinha, ela anda juntamente com a fam\u00edlia.\u201d<\/p>\n\n\n\n<p class=\"wp-block-paragraph\">A Dra. Maria Rosa tamb\u00e9m destacou o papel dos pais no acompanhamento do desenvolvimento dos filhos. Segundo ela, a palestra tratou sobre o que esperar do desenvolvimento emocional e comportamental das crian\u00e7as em cada faixa et\u00e1ria, al\u00e9m de orientar os pais sobre como podem estimular, acompanhar e contribuir para esse processo.<\/p>\n\n\n\n<p class=\"wp-block-paragraph\">Outro ponto abordado foi a import\u00e2ncia da rotina na inf\u00e2ncia e na adolesc\u00eancia. Para a especialista, estabelecer e acompanhar uma rotina faz parte do cuidado e da presen\u00e7a dos pais na vida dos filhos. \u201cAfinal, n\u00f3s somos tudo que eles t\u00eam\u201d, destacou a palestrante ao resumir a import\u00e2ncia da participa\u00e7\u00e3o familiar.<\/p>\n\n\n\n<p class=\"wp-block-paragraph\">A Secretaria Municipal de Educa\u00e7\u00e3o agradeceu a participa\u00e7\u00e3o de pais, m\u00e3es e respons\u00e1veis que reservaram um tempo para acompanhar a atividade e refor\u00e7ou o convite para que mais fam\u00edlias participem dos pr\u00f3ximos encontros.<\/p>\n\n\n\n<p class=\"wp-block-paragraph\">A iniciativa refor\u00e7a a import\u00e2ncia de aproximar a comunidade escolar das fam\u00edlias e de criar espa\u00e7os para conversar sobre os desafios e as necessidades de crian\u00e7as e adolescentes. Para a Rede Municipal de Ensino de Imigrante, cada momento de participa\u00e7\u00e3o representa tamb\u00e9m uma forma de demonstrar aos estudantes que eles s\u00e3o importantes e que contam com pessoas dispostas a acompanhar sua trajet\u00f3ria.<\/p>\n","protected":false},"excerpt":{"rendered":"<p>Educar exige presen\u00e7a, di\u00e1logo e acompanhamento. Com esse prop\u00f3sito, a noite de quinta-feira (27\/8) foi marcada por um momento de reflex\u00e3o e troca de experi\u00eancias entre fam\u00edlias, professores, monitores e equipes diretivas das escolas da Rede Municipal de Ensino de Imigrante. O encontro ocorreu no Centro Comunit\u00e1rio e teve como destaque a palestra \u201cCrescer d\u00e1 [&hellip;]<\/p>\n","protected":false},"author":8,"featured_media":220283,"comment_status":"open","ping_status":"open","sticky":false,"template":"","format":"standard","meta":{"pmpro_default_level":"","_jetpack_memberships_contains_paid_content":false,"footnotes":""},"categories":[10988,3],"tags":[34,45,3587],"class_list":["post-220282","post","type-post","status-publish","format-standard","has-post-thumbnail","category-educacao","category-geral","tag-imigrante","tag-palestra","tag-rede-municipal-de-ensino","pmpro-has-access"],"yoast_head":"<!-- This site is optimized with the Yoast SEO plugin v28.4 - https:\/\/yoast.com\/product\/yoast-seo-wordpress\/ -->\n<title>Palestra re\u00fane fam\u00edlias da Rede Municipal de Ensino de Imigrante - Folha Popular<\/title>\n<meta name=\"description\" content=\"Educar exige presen\u00e7a, di\u00e1logo e acompanhamento. Com esse prop\u00f3sito, a noite de quinta-feira (27\/8) foi marcada por um momento de reflex\u00e3o e troca de experi\u00eancias entre fam\u00edlias, professores, monitores e equipes diretivas das escolas da Rede Municipal de Ensino de Imigrante. O encontro ocorreu no Centro Comunit\u00e1rio e teve como destaque a palestra \u201cCrescer d\u00e1 trabalho: o papel dos pais da inf\u00e2ncia \u00e0 juventude\u201d, conduzida pela m\u00e9dica psiquiatra especializada em inf\u00e2ncia e adolesc\u00eancia, Dra. Maria Rosa Iorra Camargo.\" \/>\n<meta name=\"robots\" content=\"index, follow, max-snippet:-1, max-image-preview:large, max-video-preview:-1\" \/>\n<link rel=\"canonical\" href=\"https:\/\/folhapopular.info\/index.php\/2026\/09\/03\/palestra-reune-familias-da-rede-municipal-de-ensino-de-imigrante\/\" \/>\n<meta property=\"og:locale\" content=\"pt_BR\" \/>\n<meta property=\"og:type\" content=\"article\" \/>\n<meta property=\"og:title\" content=\"Palestra re\u00fane fam\u00edlias da Rede Municipal de Ensino de Imigrante - Folha Popular\" \/>\n<meta property=\"og:description\" content=\"Educar exige presen\u00e7a, di\u00e1logo e acompanhamento. Com esse prop\u00f3sito, a noite de quinta-feira (27\/8) foi marcada por um momento de reflex\u00e3o e troca de experi\u00eancias entre fam\u00edlias, professores, monitores e equipes diretivas das escolas da Rede Municipal de Ensino de Imigrante. O encontro ocorreu no Centro Comunit\u00e1rio e teve como destaque a palestra \u201cCrescer d\u00e1 trabalho: o papel dos pais da inf\u00e2ncia \u00e0 juventude\u201d, conduzida pela m\u00e9dica psiquiatra especializada em inf\u00e2ncia e adolesc\u00eancia, Dra. Maria Rosa Iorra Camargo.\" \/>\n<meta property=\"og:url\" content=\"https:\/\/folhapopular.info\/index.php\/2026\/09\/03\/palestra-reune-familias-da-rede-municipal-de-ensino-de-imigrante\/\" \/>\n<meta property=\"og:site_name\" content=\"Folha Popular\" \/>\n<meta property=\"article:published_time\" content=\"2026-09-03T13:00:00+00:00\" \/>\n<meta property=\"og:image\" content=\"https:\/\/folhapopular.info\/wp-content\/uploads\/2026\/09\/CTS_4375-scaled.webp\" \/>\n\t<meta property=\"og:image:width\" content=\"2560\" \/>\n\t<meta property=\"og:image:height\" content=\"1708\" \/>\n\t<meta property=\"og:image:type\" content=\"image\/webp\" \/>\n<meta name=\"author\" content=\"Reda\u00e7\u00e3o Folha Popular\" \/>\n<meta name=\"twitter:card\" content=\"summary_large_image\" \/>\n<meta name=\"twitter:label1\" content=\"Escrito por\" \/>\n\t<meta name=\"twitter:data1\" content=\"Reda\u00e7\u00e3o Folha Popular\" \/>\n\t<meta name=\"twitter:label2\" content=\"Est. tempo de leitura\" \/>\n\t<meta name=\"twitter:data2\" content=\"3 minutos\" \/>\n<script type=\"application\/ld+json\" class=\"yoast-schema-graph\">{\"@context\":\"https:\\\/\\\/schema.org\",\"@graph\":[{\"@type\":\"Article\",\"@id\":\"https:\\\/\\\/folhapopular.info\\\/index.php\\\/2026\\\/09\\\/03\\\/palestra-reune-familias-da-rede-municipal-de-ensino-de-imigrante\\\/#article\",\"isPartOf\":{\"@id\":\"https:\\\/\\\/folhapopular.info\\\/index.php\\\/2026\\\/09\\\/03\\\/palestra-reune-familias-da-rede-municipal-de-ensino-de-imigrante\\\/\"},\"author\":{\"name\":\"Reda\u00e7\u00e3o Folha Popular\",\"@id\":\"https:\\\/\\\/folhapopular.info\\\/#\\\/schema\\\/person\\\/2814e8a0df7643585a9ca38bc6eb9d4b\"},\"headline\":\"Palestra re\u00fane fam\u00edlias da Rede Municipal de Ensino de Imigrante\",\"datePublished\":\"2026-09-03T13:00:00+00:00\",\"mainEntityOfPage\":{\"@id\":\"https:\\\/\\\/folhapopular.info\\\/index.php\\\/2026\\\/09\\\/03\\\/palestra-reune-familias-da-rede-municipal-de-ensino-de-imigrante\\\/\"},\"wordCount\":547,\"commentCount\":0,\"image\":{\"@id\":\"https:\\\/\\\/folhapopular.info\\\/index.php\\\/2026\\\/09\\\/03\\\/palestra-reune-familias-da-rede-municipal-de-ensino-de-imigrante\\\/#primaryimage\"},\"thumbnailUrl\":\"https:\\\/\\\/folhapopular.info\\\/wp-content\\\/uploads\\\/2026\\\/09\\\/CTS_4375-scaled.webp\",\"keywords\":[\"Imigrante\",\"palestra\",\"Rede Municipal de Ensino\"],\"articleSection\":[\"Educa\u00e7\u00e3o\",\"Geral\"],\"inLanguage\":\"pt-BR\",\"potentialAction\":[{\"@type\":\"CommentAction\",\"name\":\"Comment\",\"target\":[\"https:\\\/\\\/folhapopular.info\\\/index.php\\\/2026\\\/09\\\/03\\\/palestra-reune-familias-da-rede-municipal-de-ensino-de-imigrante\\\/#respond\"]}]},{\"@type\":\"WebPage\",\"@id\":\"https:\\\/\\\/folhapopular.info\\\/index.php\\\/2026\\\/09\\\/03\\\/palestra-reune-familias-da-rede-municipal-de-ensino-de-imigrante\\\/\",\"url\":\"https:\\\/\\\/folhapopular.info\\\/index.php\\\/2026\\\/09\\\/03\\\/palestra-reune-familias-da-rede-municipal-de-ensino-de-imigrante\\\/\",\"name\":\"Palestra re\u00fane fam\u00edlias da Rede Municipal de Ensino de Imigrante - Folha Popular\",\"isPartOf\":{\"@id\":\"https:\\\/\\\/folhapopular.info\\\/#website\"},\"primaryImageOfPage\":{\"@id\":\"https:\\\/\\\/folhapopular.info\\\/index.php\\\/2026\\\/09\\\/03\\\/palestra-reune-familias-da-rede-municipal-de-ensino-de-imigrante\\\/#primaryimage\"},\"image\":{\"@id\":\"https:\\\/\\\/folhapopular.info\\\/index.php\\\/2026\\\/09\\\/03\\\/palestra-reune-familias-da-rede-municipal-de-ensino-de-imigrante\\\/#primaryimage\"},\"thumbnailUrl\":\"https:\\\/\\\/folhapopular.info\\\/wp-content\\\/uploads\\\/2026\\\/09\\\/CTS_4375-scaled.webp\",\"datePublished\":\"2026-09-03T13:00:00+00:00\",\"author\":{\"@id\":\"https:\\\/\\\/folhapopular.info\\\/#\\\/schema\\\/person\\\/2814e8a0df7643585a9ca38bc6eb9d4b\"},\"description\":\"Educar exige presen\u00e7a, di\u00e1logo e acompanhamento. Com esse prop\u00f3sito, a noite de quinta-feira (27\\\/8) foi marcada por um momento de reflex\u00e3o e troca de experi\u00eancias entre fam\u00edlias, professores, monitores e equipes diretivas das escolas da Rede Municipal de Ensino de Imigrante. O encontro ocorreu no Centro Comunit\u00e1rio e teve como destaque a palestra \u201cCrescer d\u00e1 trabalho: o papel dos pais da inf\u00e2ncia \u00e0 juventude\u201d, conduzida pela m\u00e9dica psiquiatra especializada em inf\u00e2ncia e adolesc\u00eancia, Dra. Maria Rosa Iorra Camargo.\",\"breadcrumb\":{\"@id\":\"https:\\\/\\\/folhapopular.info\\\/index.php\\\/2026\\\/09\\\/03\\\/palestra-reune-familias-da-rede-municipal-de-ensino-de-imigrante\\\/#breadcrumb\"},\"inLanguage\":\"pt-BR\",\"potentialAction\":[{\"@type\":\"ReadAction\",\"target\":[\"https:\\\/\\\/folhapopular.info\\\/index.php\\\/2026\\\/09\\\/03\\\/palestra-reune-familias-da-rede-municipal-de-ensino-de-imigrante\\\/\"]}]},{\"@type\":\"ImageObject\",\"inLanguage\":\"pt-BR\",\"@id\":\"https:\\\/\\\/folhapopular.info\\\/index.php\\\/2026\\\/09\\\/03\\\/palestra-reune-familias-da-rede-municipal-de-ensino-de-imigrante\\\/#primaryimage\",\"url\":\"https:\\\/\\\/folhapopular.info\\\/wp-content\\\/uploads\\\/2026\\\/09\\\/CTS_4375-scaled.webp\",\"contentUrl\":\"https:\\\/\\\/folhapopular.info\\\/wp-content\\\/uploads\\\/2026\\\/09\\\/CTS_4375-scaled.webp\",\"width\":2560,\"height\":1708,\"caption\":\"Cr\u00e9dito: Rafaela Trapp\"},{\"@type\":\"BreadcrumbList\",\"@id\":\"https:\\\/\\\/folhapopular.info\\\/index.php\\\/2026\\\/09\\\/03\\\/palestra-reune-familias-da-rede-municipal-de-ensino-de-imigrante\\\/#breadcrumb\",\"itemListElement\":[{\"@type\":\"ListItem\",\"position\":1,\"name\":\"In\u00edcio\",\"item\":\"https:\\\/\\\/folhapopular.info\\\/\"},{\"@type\":\"ListItem\",\"position\":2,\"name\":\"Palestra re\u00fane fam\u00edlias da Rede Municipal de Ensino de Imigrante\"}]},{\"@type\":\"WebSite\",\"@id\":\"https:\\\/\\\/folhapopular.info\\\/#website\",\"url\":\"https:\\\/\\\/folhapopular.info\\\/\",\"name\":\"Folha Popular\",\"description\":\"Onde voc\u00ea tem vez e voz\",\"potentialAction\":[{\"@type\":\"SearchAction\",\"target\":{\"@type\":\"EntryPoint\",\"urlTemplate\":\"https:\\\/\\\/folhapopular.info\\\/?s={search_term_string}\"},\"query-input\":{\"@type\":\"PropertyValueSpecification\",\"valueRequired\":true,\"valueName\":\"search_term_string\"}}],\"inLanguage\":\"pt-BR\"},{\"@type\":\"Person\",\"@id\":\"https:\\\/\\\/folhapopular.info\\\/#\\\/schema\\\/person\\\/2814e8a0df7643585a9ca38bc6eb9d4b\",\"name\":\"Reda\u00e7\u00e3o Folha Popular\",\"image\":{\"@type\":\"ImageObject\",\"inLanguage\":\"pt-BR\",\"@id\":\"https:\\\/\\\/folhapopular.info\\\/wp-content\\\/uploads\\\/2026\\\/04\\\/Folha-1.webp\",\"url\":\"https:\\\/\\\/folhapopular.info\\\/wp-content\\\/uploads\\\/2026\\\/04\\\/Folha-1.webp\",\"contentUrl\":\"https:\\\/\\\/folhapopular.info\\\/wp-content\\\/uploads\\\/2026\\\/04\\\/Folha-1.webp\",\"caption\":\"Reda\u00e7\u00e3o Folha Popular\"},\"url\":\"https:\\\/\\\/folhapopular.info\\\/index.php\\\/author\\\/redacao\\\/\"}]}<\/script>\n<!-- \/ Yoast SEO plugin. -->","yoast_head_json":{"title":"Palestra re\u00fane fam\u00edlias da Rede Municipal de Ensino de Imigrante - Folha Popular","description":"Educar exige presen\u00e7a, di\u00e1logo e acompanhamento. Com esse prop\u00f3sito, a noite de quinta-feira (27\/8) foi marcada por um momento de reflex\u00e3o e troca de experi\u00eancias entre fam\u00edlias, professores, monitores e equipes diretivas das escolas da Rede Municipal de Ensino de Imigrante. O encontro ocorreu no Centro Comunit\u00e1rio e teve como destaque a palestra \u201cCrescer d\u00e1 trabalho: o papel dos pais da inf\u00e2ncia \u00e0 juventude\u201d, conduzida pela m\u00e9dica psiquiatra especializada em inf\u00e2ncia e adolesc\u00eancia, Dra. Maria Rosa Iorra Camargo.","robots":{"index":"index","follow":"follow","max-snippet":"max-snippet:-1","max-image-preview":"max-image-preview:large","max-video-preview":"max-video-preview:-1"},"canonical":"https:\/\/folhapopular.info\/index.php\/2026\/09\/03\/palestra-reune-familias-da-rede-municipal-de-ensino-de-imigrante\/","og_locale":"pt_BR","og_type":"article","og_title":"Palestra re\u00fane fam\u00edlias da Rede Municipal de Ensino de Imigrante - Folha Popular","og_description":"Educar exige presen\u00e7a, di\u00e1logo e acompanhamento. Com esse prop\u00f3sito, a noite de quinta-feira (27\/8) foi marcada por um momento de reflex\u00e3o e troca de experi\u00eancias entre fam\u00edlias, professores, monitores e equipes diretivas das escolas da Rede Municipal de Ensino de Imigrante. O encontro ocorreu no Centro Comunit\u00e1rio e teve como destaque a palestra \u201cCrescer d\u00e1 trabalho: o papel dos pais da inf\u00e2ncia \u00e0 juventude\u201d, conduzida pela m\u00e9dica psiquiatra especializada em inf\u00e2ncia e adolesc\u00eancia, Dra. Maria Rosa Iorra Camargo.","og_url":"https:\/\/folhapopular.info\/index.php\/2026\/09\/03\/palestra-reune-familias-da-rede-municipal-de-ensino-de-imigrante\/","og_site_name":"Folha Popular","article_published_time":"2026-09-03T13:00:00+00:00","og_image":[{"width":2560,"height":1708,"url":"https:\/\/folhapopular.info\/wp-content\/uploads\/2026\/09\/CTS_4375-scaled.webp","type":"image\/webp"}],"author":"Reda\u00e7\u00e3o Folha Popular","twitter_card":"summary_large_image","twitter_misc":{"Escrito por":"Reda\u00e7\u00e3o Folha Popular","Est. tempo de leitura":"3 minutos"},"schema":{"@context":"https:\/\/schema.org","@graph":[{"@type":"Article","@id":"https:\/\/folhapopular.info\/index.php\/2026\/09\/03\/palestra-reune-familias-da-rede-municipal-de-ensino-de-imigrante\/#article","isPartOf":{"@id":"https:\/\/folhapopular.info\/index.php\/2026\/09\/03\/palestra-reune-familias-da-rede-municipal-de-ensino-de-imigrante\/"},"author":{"name":"Reda\u00e7\u00e3o Folha Popular","@id":"https:\/\/folhapopular.info\/#\/schema\/person\/2814e8a0df7643585a9ca38bc6eb9d4b"},"headline":"Palestra re\u00fane fam\u00edlias da Rede Municipal de Ensino de Imigrante","datePublished":"2026-09-03T13:00:00+00:00","mainEntityOfPage":{"@id":"https:\/\/folhapopular.info\/index.php\/2026\/09\/03\/palestra-reune-familias-da-rede-municipal-de-ensino-de-imigrante\/"},"wordCount":547,"commentCount":0,"image":{"@id":"https:\/\/folhapopular.info\/index.php\/2026\/09\/03\/palestra-reune-familias-da-rede-municipal-de-ensino-de-imigrante\/#primaryimage"},"thumbnailUrl":"https:\/\/folhapopular.info\/wp-content\/uploads\/2026\/09\/CTS_4375-scaled.webp","keywords":["Imigrante","palestra","Rede Municipal de Ensino"],"articleSection":["Educa\u00e7\u00e3o","Geral"],"inLanguage":"pt-BR","potentialAction":[{"@type":"CommentAction","name":"Comment","target":["https:\/\/folhapopular.info\/index.php\/2026\/09\/03\/palestra-reune-familias-da-rede-municipal-de-ensino-de-imigrante\/#respond"]}]},{"@type":"WebPage","@id":"https:\/\/folhapopular.info\/index.php\/2026\/09\/03\/palestra-reune-familias-da-rede-municipal-de-ensino-de-imigrante\/","url":"https:\/\/folhapopular.info\/index.php\/2026\/09\/03\/palestra-reune-familias-da-rede-municipal-de-ensino-de-imigrante\/","name":"Palestra re\u00fane fam\u00edlias da Rede Municipal de Ensino de Imigrante - Folha Popular","isPartOf":{"@id":"https:\/\/folhapopular.info\/#website"},"primaryImageOfPage":{"@id":"https:\/\/folhapopular.info\/index.php\/2026\/09\/03\/palestra-reune-familias-da-rede-municipal-de-ensino-de-imigrante\/#primaryimage"},"image":{"@id":"https:\/\/folhapopular.info\/index.php\/2026\/09\/03\/palestra-reune-familias-da-rede-municipal-de-ensino-de-imigrante\/#primaryimage"},"thumbnailUrl":"https:\/\/folhapopular.info\/wp-content\/uploads\/2026\/09\/CTS_4375-scaled.webp","datePublished":"2026-09-03T13:00:00+00:00","author":{"@id":"https:\/\/folhapopular.info\/#\/schema\/person\/2814e8a0df7643585a9ca38bc6eb9d4b"},"description":"Educar exige presen\u00e7a, di\u00e1logo e acompanhamento. Com esse prop\u00f3sito, a noite de quinta-feira (27\/8) foi marcada por um momento de reflex\u00e3o e troca de experi\u00eancias entre fam\u00edlias, professores, monitores e equipes diretivas das escolas da Rede Municipal de Ensino de Imigrante. O encontro ocorreu no Centro Comunit\u00e1rio e teve como destaque a palestra \u201cCrescer d\u00e1 trabalho: o papel dos pais da inf\u00e2ncia \u00e0 juventude\u201d, conduzida pela m\u00e9dica psiquiatra especializada em inf\u00e2ncia e adolesc\u00eancia, Dra. Maria Rosa Iorra Camargo.","breadcrumb":{"@id":"https:\/\/folhapopular.info\/index.php\/2026\/09\/03\/palestra-reune-familias-da-rede-municipal-de-ensino-de-imigrante\/#breadcrumb"},"inLanguage":"pt-BR","potentialAction":[{"@type":"ReadAction","target":["https:\/\/folhapopular.info\/index.php\/2026\/09\/03\/palestra-reune-familias-da-rede-municipal-de-ensino-de-imigrante\/"]}]},{"@type":"ImageObject","inLanguage":"pt-BR","@id":"https:\/\/folhapopular.info\/index.php\/2026\/09\/03\/palestra-reune-familias-da-rede-municipal-de-ensino-de-imigrante\/#primaryimage","url":"https:\/\/folhapopular.info\/wp-content\/uploads\/2026\/09\/CTS_4375-scaled.webp","contentUrl":"https:\/\/folhapopular.info\/wp-content\/uploads\/2026\/09\/CTS_4375-scaled.webp","width":2560,"height":1708,"caption":"Cr\u00e9dito: Rafaela Trapp"},{"@type":"BreadcrumbList","@id":"https:\/\/folhapopular.info\/index.php\/2026\/09\/03\/palestra-reune-familias-da-rede-municipal-de-ensino-de-imigrante\/#breadcrumb","itemListElement":[{"@type":"ListItem","position":1,"name":"In\u00edcio","item":"https:\/\/folhapopular.info\/"},{"@type":"ListItem","position":2,"name":"Palestra re\u00fane fam\u00edlias da Rede Municipal de Ensino de Imigrante"}]},{"@type":"WebSite","@id":"https:\/\/folhapopular.info\/#website","url":"https:\/\/folhapopular.info\/","name":"Folha Popular","description":"Onde voc\u00ea tem vez e voz","potentialAction":[{"@type":"SearchAction","target":{"@type":"EntryPoint","urlTemplate":"https:\/\/folhapopular.info\/?s={search_term_string}"},"query-input":{"@type":"PropertyValueSpecification","valueRequired":true,"valueName":"search_term_string"}}],"inLanguage":"pt-BR"},{"@type":"Person","@id":"https:\/\/folhapopular.info\/#\/schema\/person\/2814e8a0df7643585a9ca38bc6eb9d4b","name":"Reda\u00e7\u00e3o Folha Popular","image":{"@type":"ImageObject","inLanguage":"pt-BR","@id":"https:\/\/folhapopular.info\/wp-content\/uploads\/2026\/04\/Folha-1.webp","url":"https:\/\/folhapopular.info\/wp-content\/uploads\/2026\/04\/Folha-1.webp","contentUrl":"https:\/\/folhapopular.info\/wp-content\/uploads\/2026\/04\/Folha-1.webp","caption":"Reda\u00e7\u00e3o Folha Popular"},"url":"https:\/\/folhapopular.info\/index.php\/author\/redacao\/"}]}},"jetpack_sharing_enabled":true,"amp_enabled":true,"jetpack_featured_media_url":"https:\/\/folhapopular.info\/wp-content\/uploads\/2026\/09\/CTS_4375-scaled.webp","_links":{"self":[{"href":"https:\/\/folhapopular.info\/index.php\/wp-json\/wp\/v2\/posts\/220282","targetHints":{"allow":["GET"]}}],"collection":[{"href":"https:\/\/folhapopular.info\/index.php\/wp-json\/wp\/v2\/posts"}],"about":[{"href":"https:\/\/folhapopular.info\/index.php\/wp-json\/wp\/v2\/types\/post"}],"author":[{"embeddable":true,"href":"https:\/\/folhapopular.info\/index.php\/wp-json\/wp\/v2\/users\/8"}],"replies":[{"embeddable":true,"href":"https:\/\/folhapopular.info\/index.php\/wp-json\/wp\/v2\/comments?post=220282"}],"version-history":[{"count":1,"href":"https:\/\/folhapopular.info\/index.php\/wp-json\/wp\/v2\/posts\/220282\/revisions"}],"predecessor-version":[{"id":220284,"href":"https:\/\/folhapopular.info\/index.php\/wp-json\/wp\/v2\/posts\/220282\/revisions\/220284"}],"wp:featuredmedia":[{"embeddable":true,"href":"https:\/\/folhapopular.info\/index.php\/wp-json\/wp\/v2\/media\/220283"}],"wp:attachment":[{"href":"https:\/\/folhapopular.info\/index.php\/wp-json\/wp\/v2\/media?parent=220282"}],"wp:term":[{"taxonomy":"category","embeddable":true,"href":"https:\/\/folhapopular.info\/index.php\/wp-json\/wp\/v2\/categories?post=220282"},{"taxonomy":"post_tag","embeddable":true,"href":"https:\/\/folhapopular.info\/index.php\/wp-json\/wp\/v2\/tags?post=220282"}],"curies":[{"name":"wp","href":"https:\/\/api.w.org\/{rel}","templated":true}]}}