{"id":220288,"date":"2026-09-03T09:38:17","date_gmt":"2026-09-03T12:38:17","guid":{"rendered":"https:\/\/folhapopular.info\/?p=220288"},"modified":"2026-09-03T09:41:19","modified_gmt":"2026-09-03T12:41:19","slug":"gremio-e-inter-decidem-vaga-na-semifinal-da-copa-do-brasil","status":"publish","type":"post","link":"https:\/\/folhapopular.info\/index.php\/2026\/09\/03\/gremio-e-inter-decidem-vaga-na-semifinal-da-copa-do-brasil\/","title":{"rendered":"Gr\u00eamio e Inter decidem vaga na semifinal da Copa do Brasil"},"content":{"rendered":"\n<p class=\"wp-block-paragraph\">Gr\u00eamio e Inter voltam a medir for\u00e7as nesta quinta-feira (3\/9), \u00e0s 20h, na Arena, pelo jogo de volta das quartas de final da Copa do Brasil. Depois do empate sem gols no primeiro confronto, disputado na semana passada no Beira-Rio, o Gre-Nal 454 vale uma vaga nas semifinais.<\/p>\n\n\n\n<p class=\"wp-block-paragraph\">A igualdade no duelo de ida deixou a disputa completamente aberta. Quem vencer nesta quinta-feira avan\u00e7a diretamente. Se o placar terminar novamente empatado no tempo regulamentar, a decis\u00e3o ser\u00e1 nos p\u00eanaltis.<\/p>\n\n\n\n<p class=\"wp-block-paragraph\">Al\u00e9m da classifica\u00e7\u00e3o, o vencedor garante uma premia\u00e7\u00e3o de R$ 9 milh\u00f5es e ter\u00e1 o Atl\u00e9tico Mineiro como advers\u00e1rio na pr\u00f3xima fase. A prepara\u00e7\u00e3o das duas equipes para o cl\u00e1ssico foi encerrada na tarde dessa quarta-feira (2\/9).<\/p>\n\n\n\n<h2 class=\"wp-block-heading\"><strong>Gr\u00eamio embalado<\/strong><\/h2>\n\n\n\n<p class=\"wp-block-paragraph\">O Tricolor vem de vit\u00f3ria por 3 a 1 sobre a Chapecoense, na Arena, pela 25\u00aa rodada do Brasileir\u00e3o. O resultado levou o time de Lu\u00eds Castro aos 28 pontos e \u00e0 15\u00aa posi\u00e7\u00e3o da tabela.<\/p>\n\n\n\n<p class=\"wp-block-paragraph\">Agora, o Gr\u00eamio tenta aproveitar o fator casa para garantir a classifica\u00e7\u00e3o e avan\u00e7ar entre os quatro melhores da Copa do Brasil.<\/p>\n\n\n\n<h2 class=\"wp-block-heading\"><strong>Inter tenta reagir<\/strong><\/h2>\n\n\n\n<p class=\"wp-block-paragraph\">O Colorado chega ao Gre-Nal pressionado pelo momento no Campeonato Brasileiro. No compromisso passado, a equipe de Paulo Pezzolano perdeu por 3 a 2 para o Bahia, na Arena Fonte Nova.<\/p>\n\n\n\n<p class=\"wp-block-paragraph\">Com o resultado, o Inter caiu para a 18\u00aa coloca\u00e7\u00e3o, com 25 pontos, e entrou na zona de rebaixamento. A equipe, portanto, busca na Copa do Brasil uma resposta imediata diante do maior rival.<\/p>\n\n\n\n<h2 class=\"wp-block-heading\"><strong>Futuro<\/strong><\/h2>\n\n\n\n<p class=\"wp-block-paragraph\">Depois da decis\u00e3o na Copa do Brasil, Gr\u00eamio e Inter voltam as aten\u00e7\u00f5es para o Campeonato Brasileiro. O Colorado recebe o Santos no domingo (6\/9), \u00e0s 16h, no Beira-Rio, pela 26\u00aa rodada.<\/p>\n\n\n\n<p class=\"wp-block-paragraph\">O Tricolor ter\u00e1 um dia a mais de prepara\u00e7\u00e3o e encara o Vit\u00f3ria na segunda-feira (7\/9), \u00e0s 20h, no Barrad\u00e3o.<\/p>\n","protected":false},"excerpt":{"rendered":"<p>Gr\u00eamio e Inter voltam a medir for\u00e7as nesta quinta-feira (3\/9), \u00e0s 20h, na Arena, pelo jogo de volta das quartas de final da Copa do Brasil. Depois do empate sem gols no primeiro confronto, disputado na semana passada no Beira-Rio, o Gre-Nal 454 vale uma vaga nas semifinais. A igualdade no duelo de ida deixou [&hellip;]<\/p>\n","protected":false},"author":732,"featured_media":220290,"comment_status":"open","ping_status":"open","sticky":false,"template":"","format":"standard","meta":{"pmpro_default_level":"","_jetpack_memberships_contains_paid_content":false,"footnotes":""},"categories":[5,2243],"tags":[6457,2407,1194,6472],"class_list":["post-220288","post","type-post","status-publish","format-standard","has-post-thumbnail","category-esportes","category-futebol-profissional","tag-copa-do-brasil","tag-futebol-profissional","tag-gremio","tag-inter","pmpro-has-access"],"yoast_head":"<!-- This site is optimized with the Yoast SEO plugin v28.4 - https:\/\/yoast.com\/product\/yoast-seo-wordpress\/ -->\n<title>Gr\u00eamio e Inter decidem vaga na semifinal da Copa do Brasil - Folha Popular<\/title>\n<meta name=\"description\" content=\"Gr\u00eamio e Inter voltam a medir for\u00e7as nesta quinta-feira (3\/9), \u00e0s 20h, na Arena, pelo jogo de volta das quartas de final da Copa do Brasil.\" \/>\n<meta name=\"robots\" content=\"index, follow, max-snippet:-1, max-image-preview:large, max-video-preview:-1\" \/>\n<link rel=\"canonical\" href=\"https:\/\/folhapopular.info\/index.php\/2026\/09\/03\/gremio-e-inter-decidem-vaga-na-semifinal-da-copa-do-brasil\/\" \/>\n<meta property=\"og:locale\" content=\"pt_BR\" \/>\n<meta property=\"og:type\" content=\"article\" \/>\n<meta property=\"og:title\" content=\"Gr\u00eamio e Inter decidem vaga na semifinal da Copa do Brasil - Folha Popular\" \/>\n<meta property=\"og:description\" content=\"Gr\u00eamio e Inter voltam a medir for\u00e7as nesta quinta-feira (3\/9), \u00e0s 20h, na Arena, pelo jogo de volta das quartas de final da Copa do Brasil.\" \/>\n<meta property=\"og:url\" content=\"https:\/\/folhapopular.info\/index.php\/2026\/09\/03\/gremio-e-inter-decidem-vaga-na-semifinal-da-copa-do-brasil\/\" \/>\n<meta property=\"og:site_name\" content=\"Folha Popular\" \/>\n<meta property=\"article:author\" content=\"https:\/\/www.facebook.com\/luis.huppes\/\" \/>\n<meta property=\"article:published_time\" content=\"2026-09-03T12:38:17+00:00\" \/>\n<meta property=\"article:modified_time\" content=\"2026-09-03T12:41:19+00:00\" \/>\n<meta property=\"og:image\" content=\"https:\/\/folhapopular.info\/wp-content\/uploads\/2026\/09\/Gre-Nal-454-definira-um-dos-semifinalistas.webp\" \/>\n\t<meta property=\"og:image:width\" content=\"800\" \/>\n\t<meta property=\"og:image:height\" content=\"500\" \/>\n\t<meta property=\"og:image:type\" content=\"image\/webp\" \/>\n<meta name=\"author\" content=\"Luis Augusto Huppes\" \/>\n<meta name=\"twitter:card\" content=\"summary_large_image\" \/>\n<meta name=\"twitter:label1\" content=\"Escrito por\" \/>\n\t<meta name=\"twitter:data1\" content=\"Luis Augusto Huppes\" \/>\n\t<meta name=\"twitter:label2\" content=\"Est. tempo de leitura\" \/>\n\t<meta name=\"twitter:data2\" content=\"2 minutos\" \/>\n<script type=\"application\/ld+json\" class=\"yoast-schema-graph\">{\"@context\":\"https:\\\/\\\/schema.org\",\"@graph\":[{\"@type\":\"Article\",\"@id\":\"https:\\\/\\\/folhapopular.info\\\/index.php\\\/2026\\\/09\\\/03\\\/gremio-e-inter-decidem-vaga-na-semifinal-da-copa-do-brasil\\\/#article\",\"isPartOf\":{\"@id\":\"https:\\\/\\\/folhapopular.info\\\/index.php\\\/2026\\\/09\\\/03\\\/gremio-e-inter-decidem-vaga-na-semifinal-da-copa-do-brasil\\\/\"},\"author\":{\"name\":\"Luis Augusto Huppes\",\"@id\":\"https:\\\/\\\/folhapopular.info\\\/#\\\/schema\\\/person\\\/e852c327371714676d02e58cf917fd9f\"},\"headline\":\"Gr\u00eamio e Inter decidem vaga na semifinal da Copa do Brasil\",\"datePublished\":\"2026-09-03T12:38:17+00:00\",\"dateModified\":\"2026-09-03T12:41:19+00:00\",\"mainEntityOfPage\":{\"@id\":\"https:\\\/\\\/folhapopular.info\\\/index.php\\\/2026\\\/09\\\/03\\\/gremio-e-inter-decidem-vaga-na-semifinal-da-copa-do-brasil\\\/\"},\"wordCount\":321,\"commentCount\":0,\"image\":{\"@id\":\"https:\\\/\\\/folhapopular.info\\\/index.php\\\/2026\\\/09\\\/03\\\/gremio-e-inter-decidem-vaga-na-semifinal-da-copa-do-brasil\\\/#primaryimage\"},\"thumbnailUrl\":\"https:\\\/\\\/folhapopular.info\\\/wp-content\\\/uploads\\\/2026\\\/09\\\/Gre-Nal-454-definira-um-dos-semifinalistas.webp\",\"keywords\":[\"Copa do Brasil\",\"futebol profissional\",\"Gr\u00eamio\",\"Inter\"],\"articleSection\":[\"Esportes\",\"Futebol Profissional\"],\"inLanguage\":\"pt-BR\",\"potentialAction\":[{\"@type\":\"CommentAction\",\"name\":\"Comment\",\"target\":[\"https:\\\/\\\/folhapopular.info\\\/index.php\\\/2026\\\/09\\\/03\\\/gremio-e-inter-decidem-vaga-na-semifinal-da-copa-do-brasil\\\/#respond\"]}]},{\"@type\":\"WebPage\",\"@id\":\"https:\\\/\\\/folhapopular.info\\\/index.php\\\/2026\\\/09\\\/03\\\/gremio-e-inter-decidem-vaga-na-semifinal-da-copa-do-brasil\\\/\",\"url\":\"https:\\\/\\\/folhapopular.info\\\/index.php\\\/2026\\\/09\\\/03\\\/gremio-e-inter-decidem-vaga-na-semifinal-da-copa-do-brasil\\\/\",\"name\":\"Gr\u00eamio e Inter decidem vaga na semifinal da Copa do Brasil - Folha Popular\",\"isPartOf\":{\"@id\":\"https:\\\/\\\/folhapopular.info\\\/#website\"},\"primaryImageOfPage\":{\"@id\":\"https:\\\/\\\/folhapopular.info\\\/index.php\\\/2026\\\/09\\\/03\\\/gremio-e-inter-decidem-vaga-na-semifinal-da-copa-do-brasil\\\/#primaryimage\"},\"image\":{\"@id\":\"https:\\\/\\\/folhapopular.info\\\/index.php\\\/2026\\\/09\\\/03\\\/gremio-e-inter-decidem-vaga-na-semifinal-da-copa-do-brasil\\\/#primaryimage\"},\"thumbnailUrl\":\"https:\\\/\\\/folhapopular.info\\\/wp-content\\\/uploads\\\/2026\\\/09\\\/Gre-Nal-454-definira-um-dos-semifinalistas.webp\",\"datePublished\":\"2026-09-03T12:38:17+00:00\",\"dateModified\":\"2026-09-03T12:41:19+00:00\",\"author\":{\"@id\":\"https:\\\/\\\/folhapopular.info\\\/#\\\/schema\\\/person\\\/e852c327371714676d02e58cf917fd9f\"},\"description\":\"Gr\u00eamio e Inter voltam a medir for\u00e7as nesta quinta-feira (3\\\/9), \u00e0s 20h, na Arena, pelo jogo de volta das quartas de final da Copa do Brasil.\",\"breadcrumb\":{\"@id\":\"https:\\\/\\\/folhapopular.info\\\/index.php\\\/2026\\\/09\\\/03\\\/gremio-e-inter-decidem-vaga-na-semifinal-da-copa-do-brasil\\\/#breadcrumb\"},\"inLanguage\":\"pt-BR\",\"potentialAction\":[{\"@type\":\"ReadAction\",\"target\":[\"https:\\\/\\\/folhapopular.info\\\/index.php\\\/2026\\\/09\\\/03\\\/gremio-e-inter-decidem-vaga-na-semifinal-da-copa-do-brasil\\\/\"]}]},{\"@type\":\"ImageObject\",\"inLanguage\":\"pt-BR\",\"@id\":\"https:\\\/\\\/folhapopular.info\\\/index.php\\\/2026\\\/09\\\/03\\\/gremio-e-inter-decidem-vaga-na-semifinal-da-copa-do-brasil\\\/#primaryimage\",\"url\":\"https:\\\/\\\/folhapopular.info\\\/wp-content\\\/uploads\\\/2026\\\/09\\\/Gre-Nal-454-definira-um-dos-semifinalistas.webp\",\"contentUrl\":\"https:\\\/\\\/folhapopular.info\\\/wp-content\\\/uploads\\\/2026\\\/09\\\/Gre-Nal-454-definira-um-dos-semifinalistas.webp\",\"width\":800,\"height\":500,\"caption\":\"Gre-Nal 454 definir\u00e1 um dos semifinalistas - Cr\u00e9dito: Divulga\u00e7\u00e3o\"},{\"@type\":\"BreadcrumbList\",\"@id\":\"https:\\\/\\\/folhapopular.info\\\/index.php\\\/2026\\\/09\\\/03\\\/gremio-e-inter-decidem-vaga-na-semifinal-da-copa-do-brasil\\\/#breadcrumb\",\"itemListElement\":[{\"@type\":\"ListItem\",\"position\":1,\"name\":\"In\u00edcio\",\"item\":\"https:\\\/\\\/folhapopular.info\\\/\"},{\"@type\":\"ListItem\",\"position\":2,\"name\":\"Gr\u00eamio e Inter decidem vaga na semifinal da Copa do Brasil\"}]},{\"@type\":\"WebSite\",\"@id\":\"https:\\\/\\\/folhapopular.info\\\/#website\",\"url\":\"https:\\\/\\\/folhapopular.info\\\/\",\"name\":\"Folha Popular\",\"description\":\"Onde voc\u00ea tem vez e voz\",\"potentialAction\":[{\"@type\":\"SearchAction\",\"target\":{\"@type\":\"EntryPoint\",\"urlTemplate\":\"https:\\\/\\\/folhapopular.info\\\/?s={search_term_string}\"},\"query-input\":{\"@type\":\"PropertyValueSpecification\",\"valueRequired\":true,\"valueName\":\"search_term_string\"}}],\"inLanguage\":\"pt-BR\"},{\"@type\":\"Person\",\"@id\":\"https:\\\/\\\/folhapopular.info\\\/#\\\/schema\\\/person\\\/e852c327371714676d02e58cf917fd9f\",\"name\":\"Luis Augusto Huppes\",\"image\":{\"@type\":\"ImageObject\",\"inLanguage\":\"pt-BR\",\"@id\":\"https:\\\/\\\/folhapopular.info\\\/wp-content\\\/uploads\\\/2026\\\/04\\\/Luis-Augusto-Huppes-1-1.webp\",\"url\":\"https:\\\/\\\/folhapopular.info\\\/wp-content\\\/uploads\\\/2026\\\/04\\\/Luis-Augusto-Huppes-1-1.webp\",\"contentUrl\":\"https:\\\/\\\/folhapopular.info\\\/wp-content\\\/uploads\\\/2026\\\/04\\\/Luis-Augusto-Huppes-1-1.webp\",\"caption\":\"Luis Augusto Huppes\"},\"sameAs\":[\"https:\\\/\\\/www.facebook.com\\\/luis.huppes\\\/\",\"https:\\\/\\\/www.instagram.com\\\/luis.huppes\\\/\",\"https:\\\/\\\/www.linkedin.com\\\/in\\\/luis-augusto-huppes-2554b52b7\\\/\"],\"url\":\"https:\\\/\\\/folhapopular.info\\\/index.php\\\/author\\\/luis-augusto-huppes\\\/\"}]}<\/script>\n<!-- \/ Yoast SEO plugin. -->","yoast_head_json":{"title":"Gr\u00eamio e Inter decidem vaga na semifinal da Copa do Brasil - Folha Popular","description":"Gr\u00eamio e Inter voltam a medir for\u00e7as nesta quinta-feira (3\/9), \u00e0s 20h, na Arena, pelo jogo de volta das quartas de final da Copa do Brasil.","robots":{"index":"index","follow":"follow","max-snippet":"max-snippet:-1","max-image-preview":"max-image-preview:large","max-video-preview":"max-video-preview:-1"},"canonical":"https:\/\/folhapopular.info\/index.php\/2026\/09\/03\/gremio-e-inter-decidem-vaga-na-semifinal-da-copa-do-brasil\/","og_locale":"pt_BR","og_type":"article","og_title":"Gr\u00eamio e Inter decidem vaga na semifinal da Copa do Brasil - Folha Popular","og_description":"Gr\u00eamio e Inter voltam a medir for\u00e7as nesta quinta-feira (3\/9), \u00e0s 20h, na Arena, pelo jogo de volta das quartas de final da Copa do Brasil.","og_url":"https:\/\/folhapopular.info\/index.php\/2026\/09\/03\/gremio-e-inter-decidem-vaga-na-semifinal-da-copa-do-brasil\/","og_site_name":"Folha Popular","article_author":"https:\/\/www.facebook.com\/luis.huppes\/","article_published_time":"2026-09-03T12:38:17+00:00","article_modified_time":"2026-09-03T12:41:19+00:00","og_image":[{"width":800,"height":500,"url":"https:\/\/folhapopular.info\/wp-content\/uploads\/2026\/09\/Gre-Nal-454-definira-um-dos-semifinalistas.webp","type":"image\/webp"}],"author":"Luis Augusto Huppes","twitter_card":"summary_large_image","twitter_misc":{"Escrito por":"Luis Augusto Huppes","Est. tempo de leitura":"2 minutos"},"schema":{"@context":"https:\/\/schema.org","@graph":[{"@type":"Article","@id":"https:\/\/folhapopular.info\/index.php\/2026\/09\/03\/gremio-e-inter-decidem-vaga-na-semifinal-da-copa-do-brasil\/#article","isPartOf":{"@id":"https:\/\/folhapopular.info\/index.php\/2026\/09\/03\/gremio-e-inter-decidem-vaga-na-semifinal-da-copa-do-brasil\/"},"author":{"name":"Luis Augusto Huppes","@id":"https:\/\/folhapopular.info\/#\/schema\/person\/e852c327371714676d02e58cf917fd9f"},"headline":"Gr\u00eamio e Inter decidem vaga na semifinal da Copa do Brasil","datePublished":"2026-09-03T12:38:17+00:00","dateModified":"2026-09-03T12:41:19+00:00","mainEntityOfPage":{"@id":"https:\/\/folhapopular.info\/index.php\/2026\/09\/03\/gremio-e-inter-decidem-vaga-na-semifinal-da-copa-do-brasil\/"},"wordCount":321,"commentCount":0,"image":{"@id":"https:\/\/folhapopular.info\/index.php\/2026\/09\/03\/gremio-e-inter-decidem-vaga-na-semifinal-da-copa-do-brasil\/#primaryimage"},"thumbnailUrl":"https:\/\/folhapopular.info\/wp-content\/uploads\/2026\/09\/Gre-Nal-454-definira-um-dos-semifinalistas.webp","keywords":["Copa do Brasil","futebol profissional","Gr\u00eamio","Inter"],"articleSection":["Esportes","Futebol Profissional"],"inLanguage":"pt-BR","potentialAction":[{"@type":"CommentAction","name":"Comment","target":["https:\/\/folhapopular.info\/index.php\/2026\/09\/03\/gremio-e-inter-decidem-vaga-na-semifinal-da-copa-do-brasil\/#respond"]}]},{"@type":"WebPage","@id":"https:\/\/folhapopular.info\/index.php\/2026\/09\/03\/gremio-e-inter-decidem-vaga-na-semifinal-da-copa-do-brasil\/","url":"https:\/\/folhapopular.info\/index.php\/2026\/09\/03\/gremio-e-inter-decidem-vaga-na-semifinal-da-copa-do-brasil\/","name":"Gr\u00eamio e Inter decidem vaga na semifinal da Copa do Brasil - Folha Popular","isPartOf":{"@id":"https:\/\/folhapopular.info\/#website"},"primaryImageOfPage":{"@id":"https:\/\/folhapopular.info\/index.php\/2026\/09\/03\/gremio-e-inter-decidem-vaga-na-semifinal-da-copa-do-brasil\/#primaryimage"},"image":{"@id":"https:\/\/folhapopular.info\/index.php\/2026\/09\/03\/gremio-e-inter-decidem-vaga-na-semifinal-da-copa-do-brasil\/#primaryimage"},"thumbnailUrl":"https:\/\/folhapopular.info\/wp-content\/uploads\/2026\/09\/Gre-Nal-454-definira-um-dos-semifinalistas.webp","datePublished":"2026-09-03T12:38:17+00:00","dateModified":"2026-09-03T12:41:19+00:00","author":{"@id":"https:\/\/folhapopular.info\/#\/schema\/person\/e852c327371714676d02e58cf917fd9f"},"description":"Gr\u00eamio e Inter voltam a medir for\u00e7as nesta quinta-feira (3\/9), \u00e0s 20h, na Arena, pelo jogo de volta das quartas de final da Copa do Brasil.","breadcrumb":{"@id":"https:\/\/folhapopular.info\/index.php\/2026\/09\/03\/gremio-e-inter-decidem-vaga-na-semifinal-da-copa-do-brasil\/#breadcrumb"},"inLanguage":"pt-BR","potentialAction":[{"@type":"ReadAction","target":["https:\/\/folhapopular.info\/index.php\/2026\/09\/03\/gremio-e-inter-decidem-vaga-na-semifinal-da-copa-do-brasil\/"]}]},{"@type":"ImageObject","inLanguage":"pt-BR","@id":"https:\/\/folhapopular.info\/index.php\/2026\/09\/03\/gremio-e-inter-decidem-vaga-na-semifinal-da-copa-do-brasil\/#primaryimage","url":"https:\/\/folhapopular.info\/wp-content\/uploads\/2026\/09\/Gre-Nal-454-definira-um-dos-semifinalistas.webp","contentUrl":"https:\/\/folhapopular.info\/wp-content\/uploads\/2026\/09\/Gre-Nal-454-definira-um-dos-semifinalistas.webp","width":800,"height":500,"caption":"Gre-Nal 454 definir\u00e1 um dos semifinalistas - Cr\u00e9dito: Divulga\u00e7\u00e3o"},{"@type":"BreadcrumbList","@id":"https:\/\/folhapopular.info\/index.php\/2026\/09\/03\/gremio-e-inter-decidem-vaga-na-semifinal-da-copa-do-brasil\/#breadcrumb","itemListElement":[{"@type":"ListItem","position":1,"name":"In\u00edcio","item":"https:\/\/folhapopular.info\/"},{"@type":"ListItem","position":2,"name":"Gr\u00eamio e Inter decidem vaga na semifinal da Copa do Brasil"}]},{"@type":"WebSite","@id":"https:\/\/folhapopular.info\/#website","url":"https:\/\/folhapopular.info\/","name":"Folha Popular","description":"Onde voc\u00ea tem vez e voz","potentialAction":[{"@type":"SearchAction","target":{"@type":"EntryPoint","urlTemplate":"https:\/\/folhapopular.info\/?s={search_term_string}"},"query-input":{"@type":"PropertyValueSpecification","valueRequired":true,"valueName":"search_term_string"}}],"inLanguage":"pt-BR"},{"@type":"Person","@id":"https:\/\/folhapopular.info\/#\/schema\/person\/e852c327371714676d02e58cf917fd9f","name":"Luis Augusto Huppes","image":{"@type":"ImageObject","inLanguage":"pt-BR","@id":"https:\/\/folhapopular.info\/wp-content\/uploads\/2026\/04\/Luis-Augusto-Huppes-1-1.webp","url":"https:\/\/folhapopular.info\/wp-content\/uploads\/2026\/04\/Luis-Augusto-Huppes-1-1.webp","contentUrl":"https:\/\/folhapopular.info\/wp-content\/uploads\/2026\/04\/Luis-Augusto-Huppes-1-1.webp","caption":"Luis Augusto Huppes"},"sameAs":["https:\/\/www.facebook.com\/luis.huppes\/","https:\/\/www.instagram.com\/luis.huppes\/","https:\/\/www.linkedin.com\/in\/luis-augusto-huppes-2554b52b7\/"],"url":"https:\/\/folhapopular.info\/index.php\/author\/luis-augusto-huppes\/"}]}},"jetpack_sharing_enabled":true,"amp_enabled":true,"jetpack_featured_media_url":"https:\/\/folhapopular.info\/wp-content\/uploads\/2026\/09\/Gre-Nal-454-definira-um-dos-semifinalistas.webp","_links":{"self":[{"href":"https:\/\/folhapopular.info\/index.php\/wp-json\/wp\/v2\/posts\/220288","targetHints":{"allow":["GET"]}}],"collection":[{"href":"https:\/\/folhapopular.info\/index.php\/wp-json\/wp\/v2\/posts"}],"about":[{"href":"https:\/\/folhapopular.info\/index.php\/wp-json\/wp\/v2\/types\/post"}],"author":[{"embeddable":true,"href":"https:\/\/folhapopular.info\/index.php\/wp-json\/wp\/v2\/users\/732"}],"replies":[{"embeddable":true,"href":"https:\/\/folhapopular.info\/index.php\/wp-json\/wp\/v2\/comments?post=220288"}],"version-history":[{"count":2,"href":"https:\/\/folhapopular.info\/index.php\/wp-json\/wp\/v2\/posts\/220288\/revisions"}],"predecessor-version":[{"id":220293,"href":"https:\/\/folhapopular.info\/index.php\/wp-json\/wp\/v2\/posts\/220288\/revisions\/220293"}],"wp:featuredmedia":[{"embeddable":true,"href":"https:\/\/folhapopular.info\/index.php\/wp-json\/wp\/v2\/media\/220290"}],"wp:attachment":[{"href":"https:\/\/folhapopular.info\/index.php\/wp-json\/wp\/v2\/media?parent=220288"}],"wp:term":[{"taxonomy":"category","embeddable":true,"href":"https:\/\/folhapopular.info\/index.php\/wp-json\/wp\/v2\/categories?post=220288"},{"taxonomy":"post_tag","embeddable":true,"href":"https:\/\/folhapopular.info\/index.php\/wp-json\/wp\/v2\/tags?post=220288"}],"curies":[{"name":"wp","href":"https:\/\/api.w.org\/{rel}","templated":true}]}}