{"id":220295,"date":"2026-09-03T10:14:38","date_gmt":"2026-09-03T13:14:38","guid":{"rendered":"https:\/\/folhapopular.info\/?p=220295"},"modified":"2026-09-03T10:15:00","modified_gmt":"2026-09-03T13:15:00","slug":"lajeadense-perde-para-o-guarani-e-segue-na-lanterna-da-divisao-de-acesso","status":"publish","type":"post","link":"https:\/\/folhapopular.info\/index.php\/2026\/09\/03\/lajeadense-perde-para-o-guarani-e-segue-na-lanterna-da-divisao-de-acesso\/","title":{"rendered":"Lajeadense perde para o Guarani e segue na lanterna da Divis\u00e3o de Acesso"},"content":{"rendered":"\n<p class=\"wp-block-paragraph\">O Lajeadense voltou a campo na noite da ter\u00e7a-feira (1\u00ba\/9) pela 8\u00aa rodada da Divis\u00e3o de Acesso e novamente deixou o gramado sem conseguir a t\u00e3o esperada primeira vit\u00f3ria na competi\u00e7\u00e3o. No Est\u00e1dio Edmundo Feix, em Ven\u00e2ncio Aires, o Alviazul foi derrotado pelo Guarani por 1 a 0 e permanece na lanterna.<\/p>\n\n\n\n<p class=\"wp-block-paragraph\">O resultado mant\u00e9m a equipe de Lajeado com apenas 2 pontos em oito partidas. Os conquistados at\u00e9 o momento vieram nos empates diante de Gramadense e Gl\u00f3ria.<\/p>\n\n\n\n<p class=\"wp-block-paragraph\">O Guarani construiu a vit\u00f3ria aos 43min da etapa inicial. Ap\u00f3s uma sobra dentro da \u00e1rea, Helem\u00e3 apareceu para finalizar de p\u00e9 direito e colocar os donos da casa em vantagem.<\/p>\n\n\n\n<p class=\"wp-block-paragraph\">O Lajeadense tentou buscar o empate na etapa final, mas n\u00e3o conseguiu transformar as oportunidades em gol. Assim, o time comandado por Serginho Almeida acumulou mais uma partida sem balan\u00e7ar as redes e voltou para casa com uma derrota que complica ainda mais a situa\u00e7\u00e3o na tabela.<\/p>\n\n\n\n<p class=\"wp-block-paragraph\">A equipe demonstra evolu\u00e7\u00e3o em alguns aspectos do jogo, especialmente na capacidade de cria\u00e7\u00e3o, mas continua com dificuldades no momento decisivo. Em oito rodadas, o ataque marcou apenas dois gols.<\/p>\n\n\n\n<h2 class=\"wp-block-heading\"><strong>Pr\u00f3ximo desafio<\/strong><\/h2>\n\n\n\n<p class=\"wp-block-paragraph\">Sem espa\u00e7o para novos trope\u00e7os, o Lajeadense ter\u00e1 o Brasil de Pelotas pela frente. O confronto ser\u00e1 realizado no domingo (6\/9), no Est\u00e1dio Bento Freitas, em Pelotas.<\/p>\n\n\n\n<p class=\"wp-block-paragraph\">O advers\u00e1rio empatou na rodada desta semana. O Xavante ficou no 1 a 1 com a Apafut, em Caxias do Sul. Silvano abriu o placar para o Brasil, de p\u00eanalti, enquanto Caion deixou tudo igual tamb\u00e9m em cobran\u00e7a da marca da cal.<\/p>\n\n\n\n<p class=\"wp-block-paragraph\">A partida em Pelotas ganha peso ainda maior para o Lajeadense, que precisa somar pontos para tentar deixar a \u00faltima posi\u00e7\u00e3o e manter vivas as possibilidades de recupera\u00e7\u00e3o na competi\u00e7\u00e3o.<\/p>\n","protected":false},"excerpt":{"rendered":"<p>O Lajeadense voltou a campo na noite da ter\u00e7a-feira (1\u00ba\/9) pela 8\u00aa rodada da Divis\u00e3o de Acesso e novamente deixou o gramado sem conseguir a t\u00e3o esperada primeira vit\u00f3ria na competi\u00e7\u00e3o. No Est\u00e1dio Edmundo Feix, em Ven\u00e2ncio Aires, o Alviazul foi derrotado pelo Guarani por 1 a 0 e permanece na lanterna. O resultado mant\u00e9m [&hellip;]<\/p>\n","protected":false},"author":732,"featured_media":220296,"comment_status":"open","ping_status":"open","sticky":false,"template":"","format":"standard","meta":{"pmpro_default_level":"","_jetpack_memberships_contains_paid_content":false,"footnotes":""},"categories":[5,2243],"tags":[2245,1565,471],"class_list":["post-220295","post","type-post","status-publish","format-standard","has-post-thumbnail","category-esportes","category-futebol-profissional","tag-divisao-de-acesso","tag-guarani","tag-lajeadense","pmpro-has-access"],"yoast_head":"<!-- This site is optimized with the Yoast SEO plugin v28.4 - https:\/\/yoast.com\/product\/yoast-seo-wordpress\/ -->\n<title>Lajeadense perde para o Guarani e segue na lanterna da Divis\u00e3o de Acesso - Folha Popular<\/title>\n<meta name=\"description\" content=\"O Lajeadense voltou a campo na noite da ter\u00e7a-feira pela Divis\u00e3o de Acesso e novamente deixou o gramado sem conseguir a t\u00e3o esperada vit\u00f3ria.\" \/>\n<meta name=\"robots\" content=\"index, follow, max-snippet:-1, max-image-preview:large, max-video-preview:-1\" \/>\n<link rel=\"canonical\" href=\"https:\/\/folhapopular.info\/index.php\/2026\/09\/03\/lajeadense-perde-para-o-guarani-e-segue-na-lanterna-da-divisao-de-acesso\/\" \/>\n<meta property=\"og:locale\" content=\"pt_BR\" \/>\n<meta property=\"og:type\" content=\"article\" \/>\n<meta property=\"og:title\" content=\"Lajeadense perde para o Guarani e segue na lanterna da Divis\u00e3o de Acesso - Folha Popular\" \/>\n<meta property=\"og:description\" content=\"O Lajeadense voltou a campo na noite da ter\u00e7a-feira pela Divis\u00e3o de Acesso e novamente deixou o gramado sem conseguir a t\u00e3o esperada vit\u00f3ria.\" \/>\n<meta property=\"og:url\" content=\"https:\/\/folhapopular.info\/index.php\/2026\/09\/03\/lajeadense-perde-para-o-guarani-e-segue-na-lanterna-da-divisao-de-acesso\/\" \/>\n<meta property=\"og:site_name\" content=\"Folha Popular\" \/>\n<meta property=\"article:author\" content=\"https:\/\/www.facebook.com\/luis.huppes\/\" \/>\n<meta property=\"article:published_time\" content=\"2026-09-03T13:14:38+00:00\" \/>\n<meta property=\"article:modified_time\" content=\"2026-09-03T13:15:00+00:00\" \/>\n<meta property=\"og:image\" content=\"https:\/\/folhapopular.info\/wp-content\/uploads\/2026\/09\/Torcida-acompanhou-o-Dense-em-Venancio.webp\" \/>\n\t<meta property=\"og:image:width\" content=\"1536\" \/>\n\t<meta property=\"og:image:height\" content=\"1024\" \/>\n\t<meta property=\"og:image:type\" content=\"image\/webp\" \/>\n<meta name=\"author\" content=\"Luis Augusto Huppes\" \/>\n<meta name=\"twitter:card\" content=\"summary_large_image\" \/>\n<meta name=\"twitter:label1\" content=\"Escrito por\" \/>\n\t<meta name=\"twitter:data1\" content=\"Luis Augusto Huppes\" \/>\n\t<meta name=\"twitter:label2\" content=\"Est. tempo de leitura\" \/>\n\t<meta name=\"twitter:data2\" content=\"2 minutos\" \/>\n<script type=\"application\/ld+json\" class=\"yoast-schema-graph\">{\"@context\":\"https:\\\/\\\/schema.org\",\"@graph\":[{\"@type\":\"Article\",\"@id\":\"https:\\\/\\\/folhapopular.info\\\/index.php\\\/2026\\\/09\\\/03\\\/lajeadense-perde-para-o-guarani-e-segue-na-lanterna-da-divisao-de-acesso\\\/#article\",\"isPartOf\":{\"@id\":\"https:\\\/\\\/folhapopular.info\\\/index.php\\\/2026\\\/09\\\/03\\\/lajeadense-perde-para-o-guarani-e-segue-na-lanterna-da-divisao-de-acesso\\\/\"},\"author\":{\"name\":\"Luis Augusto Huppes\",\"@id\":\"https:\\\/\\\/folhapopular.info\\\/#\\\/schema\\\/person\\\/e852c327371714676d02e58cf917fd9f\"},\"headline\":\"Lajeadense perde para o Guarani e segue na lanterna da Divis\u00e3o de Acesso\",\"datePublished\":\"2026-09-03T13:14:38+00:00\",\"dateModified\":\"2026-09-03T13:15:00+00:00\",\"mainEntityOfPage\":{\"@id\":\"https:\\\/\\\/folhapopular.info\\\/index.php\\\/2026\\\/09\\\/03\\\/lajeadense-perde-para-o-guarani-e-segue-na-lanterna-da-divisao-de-acesso\\\/\"},\"wordCount\":321,\"commentCount\":0,\"image\":{\"@id\":\"https:\\\/\\\/folhapopular.info\\\/index.php\\\/2026\\\/09\\\/03\\\/lajeadense-perde-para-o-guarani-e-segue-na-lanterna-da-divisao-de-acesso\\\/#primaryimage\"},\"thumbnailUrl\":\"https:\\\/\\\/folhapopular.info\\\/wp-content\\\/uploads\\\/2026\\\/09\\\/Torcida-acompanhou-o-Dense-em-Venancio.webp\",\"keywords\":[\"Divis\u00e3o de Acesso\",\"Guarani\",\"Lajeadense\"],\"articleSection\":[\"Esportes\",\"Futebol Profissional\"],\"inLanguage\":\"pt-BR\",\"potentialAction\":[{\"@type\":\"CommentAction\",\"name\":\"Comment\",\"target\":[\"https:\\\/\\\/folhapopular.info\\\/index.php\\\/2026\\\/09\\\/03\\\/lajeadense-perde-para-o-guarani-e-segue-na-lanterna-da-divisao-de-acesso\\\/#respond\"]}]},{\"@type\":\"WebPage\",\"@id\":\"https:\\\/\\\/folhapopular.info\\\/index.php\\\/2026\\\/09\\\/03\\\/lajeadense-perde-para-o-guarani-e-segue-na-lanterna-da-divisao-de-acesso\\\/\",\"url\":\"https:\\\/\\\/folhapopular.info\\\/index.php\\\/2026\\\/09\\\/03\\\/lajeadense-perde-para-o-guarani-e-segue-na-lanterna-da-divisao-de-acesso\\\/\",\"name\":\"Lajeadense perde para o Guarani e segue na lanterna da Divis\u00e3o de Acesso - Folha Popular\",\"isPartOf\":{\"@id\":\"https:\\\/\\\/folhapopular.info\\\/#website\"},\"primaryImageOfPage\":{\"@id\":\"https:\\\/\\\/folhapopular.info\\\/index.php\\\/2026\\\/09\\\/03\\\/lajeadense-perde-para-o-guarani-e-segue-na-lanterna-da-divisao-de-acesso\\\/#primaryimage\"},\"image\":{\"@id\":\"https:\\\/\\\/folhapopular.info\\\/index.php\\\/2026\\\/09\\\/03\\\/lajeadense-perde-para-o-guarani-e-segue-na-lanterna-da-divisao-de-acesso\\\/#primaryimage\"},\"thumbnailUrl\":\"https:\\\/\\\/folhapopular.info\\\/wp-content\\\/uploads\\\/2026\\\/09\\\/Torcida-acompanhou-o-Dense-em-Venancio.webp\",\"datePublished\":\"2026-09-03T13:14:38+00:00\",\"dateModified\":\"2026-09-03T13:15:00+00:00\",\"author\":{\"@id\":\"https:\\\/\\\/folhapopular.info\\\/#\\\/schema\\\/person\\\/e852c327371714676d02e58cf917fd9f\"},\"description\":\"O Lajeadense voltou a campo na noite da ter\u00e7a-feira pela Divis\u00e3o de Acesso e novamente deixou o gramado sem conseguir a t\u00e3o esperada vit\u00f3ria.\",\"breadcrumb\":{\"@id\":\"https:\\\/\\\/folhapopular.info\\\/index.php\\\/2026\\\/09\\\/03\\\/lajeadense-perde-para-o-guarani-e-segue-na-lanterna-da-divisao-de-acesso\\\/#breadcrumb\"},\"inLanguage\":\"pt-BR\",\"potentialAction\":[{\"@type\":\"ReadAction\",\"target\":[\"https:\\\/\\\/folhapopular.info\\\/index.php\\\/2026\\\/09\\\/03\\\/lajeadense-perde-para-o-guarani-e-segue-na-lanterna-da-divisao-de-acesso\\\/\"]}]},{\"@type\":\"ImageObject\",\"inLanguage\":\"pt-BR\",\"@id\":\"https:\\\/\\\/folhapopular.info\\\/index.php\\\/2026\\\/09\\\/03\\\/lajeadense-perde-para-o-guarani-e-segue-na-lanterna-da-divisao-de-acesso\\\/#primaryimage\",\"url\":\"https:\\\/\\\/folhapopular.info\\\/wp-content\\\/uploads\\\/2026\\\/09\\\/Torcida-acompanhou-o-Dense-em-Venancio.webp\",\"contentUrl\":\"https:\\\/\\\/folhapopular.info\\\/wp-content\\\/uploads\\\/2026\\\/09\\\/Torcida-acompanhou-o-Dense-em-Venancio.webp\",\"width\":1536,\"height\":1024,\"caption\":\"Torcida acompanhou o Dense em Ven\u00e2ncio - Cr\u00e9dito: Vinicius Molz Schubert \\\/ Divulga\u00e7\u00e3o\"},{\"@type\":\"BreadcrumbList\",\"@id\":\"https:\\\/\\\/folhapopular.info\\\/index.php\\\/2026\\\/09\\\/03\\\/lajeadense-perde-para-o-guarani-e-segue-na-lanterna-da-divisao-de-acesso\\\/#breadcrumb\",\"itemListElement\":[{\"@type\":\"ListItem\",\"position\":1,\"name\":\"In\u00edcio\",\"item\":\"https:\\\/\\\/folhapopular.info\\\/\"},{\"@type\":\"ListItem\",\"position\":2,\"name\":\"Lajeadense perde para o Guarani e segue na lanterna da Divis\u00e3o de Acesso\"}]},{\"@type\":\"WebSite\",\"@id\":\"https:\\\/\\\/folhapopular.info\\\/#website\",\"url\":\"https:\\\/\\\/folhapopular.info\\\/\",\"name\":\"Folha Popular\",\"description\":\"Onde voc\u00ea tem vez e voz\",\"potentialAction\":[{\"@type\":\"SearchAction\",\"target\":{\"@type\":\"EntryPoint\",\"urlTemplate\":\"https:\\\/\\\/folhapopular.info\\\/?s={search_term_string}\"},\"query-input\":{\"@type\":\"PropertyValueSpecification\",\"valueRequired\":true,\"valueName\":\"search_term_string\"}}],\"inLanguage\":\"pt-BR\"},{\"@type\":\"Person\",\"@id\":\"https:\\\/\\\/folhapopular.info\\\/#\\\/schema\\\/person\\\/e852c327371714676d02e58cf917fd9f\",\"name\":\"Luis Augusto Huppes\",\"image\":{\"@type\":\"ImageObject\",\"inLanguage\":\"pt-BR\",\"@id\":\"https:\\\/\\\/folhapopular.info\\\/wp-content\\\/uploads\\\/2026\\\/04\\\/Luis-Augusto-Huppes-1-1.webp\",\"url\":\"https:\\\/\\\/folhapopular.info\\\/wp-content\\\/uploads\\\/2026\\\/04\\\/Luis-Augusto-Huppes-1-1.webp\",\"contentUrl\":\"https:\\\/\\\/folhapopular.info\\\/wp-content\\\/uploads\\\/2026\\\/04\\\/Luis-Augusto-Huppes-1-1.webp\",\"caption\":\"Luis Augusto Huppes\"},\"sameAs\":[\"https:\\\/\\\/www.facebook.com\\\/luis.huppes\\\/\",\"https:\\\/\\\/www.instagram.com\\\/luis.huppes\\\/\",\"https:\\\/\\\/www.linkedin.com\\\/in\\\/luis-augusto-huppes-2554b52b7\\\/\"],\"url\":\"https:\\\/\\\/folhapopular.info\\\/index.php\\\/author\\\/luis-augusto-huppes\\\/\"}]}<\/script>\n<!-- \/ Yoast SEO plugin. -->","yoast_head_json":{"title":"Lajeadense perde para o Guarani e segue na lanterna da Divis\u00e3o de Acesso - Folha Popular","description":"O Lajeadense voltou a campo na noite da ter\u00e7a-feira pela Divis\u00e3o de Acesso e novamente deixou o gramado sem conseguir a t\u00e3o esperada vit\u00f3ria.","robots":{"index":"index","follow":"follow","max-snippet":"max-snippet:-1","max-image-preview":"max-image-preview:large","max-video-preview":"max-video-preview:-1"},"canonical":"https:\/\/folhapopular.info\/index.php\/2026\/09\/03\/lajeadense-perde-para-o-guarani-e-segue-na-lanterna-da-divisao-de-acesso\/","og_locale":"pt_BR","og_type":"article","og_title":"Lajeadense perde para o Guarani e segue na lanterna da Divis\u00e3o de Acesso - Folha Popular","og_description":"O Lajeadense voltou a campo na noite da ter\u00e7a-feira pela Divis\u00e3o de Acesso e novamente deixou o gramado sem conseguir a t\u00e3o esperada vit\u00f3ria.","og_url":"https:\/\/folhapopular.info\/index.php\/2026\/09\/03\/lajeadense-perde-para-o-guarani-e-segue-na-lanterna-da-divisao-de-acesso\/","og_site_name":"Folha Popular","article_author":"https:\/\/www.facebook.com\/luis.huppes\/","article_published_time":"2026-09-03T13:14:38+00:00","article_modified_time":"2026-09-03T13:15:00+00:00","og_image":[{"width":1536,"height":1024,"url":"https:\/\/folhapopular.info\/wp-content\/uploads\/2026\/09\/Torcida-acompanhou-o-Dense-em-Venancio.webp","type":"image\/webp"}],"author":"Luis Augusto Huppes","twitter_card":"summary_large_image","twitter_misc":{"Escrito por":"Luis Augusto Huppes","Est. tempo de leitura":"2 minutos"},"schema":{"@context":"https:\/\/schema.org","@graph":[{"@type":"Article","@id":"https:\/\/folhapopular.info\/index.php\/2026\/09\/03\/lajeadense-perde-para-o-guarani-e-segue-na-lanterna-da-divisao-de-acesso\/#article","isPartOf":{"@id":"https:\/\/folhapopular.info\/index.php\/2026\/09\/03\/lajeadense-perde-para-o-guarani-e-segue-na-lanterna-da-divisao-de-acesso\/"},"author":{"name":"Luis Augusto Huppes","@id":"https:\/\/folhapopular.info\/#\/schema\/person\/e852c327371714676d02e58cf917fd9f"},"headline":"Lajeadense perde para o Guarani e segue na lanterna da Divis\u00e3o de Acesso","datePublished":"2026-09-03T13:14:38+00:00","dateModified":"2026-09-03T13:15:00+00:00","mainEntityOfPage":{"@id":"https:\/\/folhapopular.info\/index.php\/2026\/09\/03\/lajeadense-perde-para-o-guarani-e-segue-na-lanterna-da-divisao-de-acesso\/"},"wordCount":321,"commentCount":0,"image":{"@id":"https:\/\/folhapopular.info\/index.php\/2026\/09\/03\/lajeadense-perde-para-o-guarani-e-segue-na-lanterna-da-divisao-de-acesso\/#primaryimage"},"thumbnailUrl":"https:\/\/folhapopular.info\/wp-content\/uploads\/2026\/09\/Torcida-acompanhou-o-Dense-em-Venancio.webp","keywords":["Divis\u00e3o de Acesso","Guarani","Lajeadense"],"articleSection":["Esportes","Futebol Profissional"],"inLanguage":"pt-BR","potentialAction":[{"@type":"CommentAction","name":"Comment","target":["https:\/\/folhapopular.info\/index.php\/2026\/09\/03\/lajeadense-perde-para-o-guarani-e-segue-na-lanterna-da-divisao-de-acesso\/#respond"]}]},{"@type":"WebPage","@id":"https:\/\/folhapopular.info\/index.php\/2026\/09\/03\/lajeadense-perde-para-o-guarani-e-segue-na-lanterna-da-divisao-de-acesso\/","url":"https:\/\/folhapopular.info\/index.php\/2026\/09\/03\/lajeadense-perde-para-o-guarani-e-segue-na-lanterna-da-divisao-de-acesso\/","name":"Lajeadense perde para o Guarani e segue na lanterna da Divis\u00e3o de Acesso - Folha Popular","isPartOf":{"@id":"https:\/\/folhapopular.info\/#website"},"primaryImageOfPage":{"@id":"https:\/\/folhapopular.info\/index.php\/2026\/09\/03\/lajeadense-perde-para-o-guarani-e-segue-na-lanterna-da-divisao-de-acesso\/#primaryimage"},"image":{"@id":"https:\/\/folhapopular.info\/index.php\/2026\/09\/03\/lajeadense-perde-para-o-guarani-e-segue-na-lanterna-da-divisao-de-acesso\/#primaryimage"},"thumbnailUrl":"https:\/\/folhapopular.info\/wp-content\/uploads\/2026\/09\/Torcida-acompanhou-o-Dense-em-Venancio.webp","datePublished":"2026-09-03T13:14:38+00:00","dateModified":"2026-09-03T13:15:00+00:00","author":{"@id":"https:\/\/folhapopular.info\/#\/schema\/person\/e852c327371714676d02e58cf917fd9f"},"description":"O Lajeadense voltou a campo na noite da ter\u00e7a-feira pela Divis\u00e3o de Acesso e novamente deixou o gramado sem conseguir a t\u00e3o esperada vit\u00f3ria.","breadcrumb":{"@id":"https:\/\/folhapopular.info\/index.php\/2026\/09\/03\/lajeadense-perde-para-o-guarani-e-segue-na-lanterna-da-divisao-de-acesso\/#breadcrumb"},"inLanguage":"pt-BR","potentialAction":[{"@type":"ReadAction","target":["https:\/\/folhapopular.info\/index.php\/2026\/09\/03\/lajeadense-perde-para-o-guarani-e-segue-na-lanterna-da-divisao-de-acesso\/"]}]},{"@type":"ImageObject","inLanguage":"pt-BR","@id":"https:\/\/folhapopular.info\/index.php\/2026\/09\/03\/lajeadense-perde-para-o-guarani-e-segue-na-lanterna-da-divisao-de-acesso\/#primaryimage","url":"https:\/\/folhapopular.info\/wp-content\/uploads\/2026\/09\/Torcida-acompanhou-o-Dense-em-Venancio.webp","contentUrl":"https:\/\/folhapopular.info\/wp-content\/uploads\/2026\/09\/Torcida-acompanhou-o-Dense-em-Venancio.webp","width":1536,"height":1024,"caption":"Torcida acompanhou o Dense em Ven\u00e2ncio - Cr\u00e9dito: Vinicius Molz Schubert \/ Divulga\u00e7\u00e3o"},{"@type":"BreadcrumbList","@id":"https:\/\/folhapopular.info\/index.php\/2026\/09\/03\/lajeadense-perde-para-o-guarani-e-segue-na-lanterna-da-divisao-de-acesso\/#breadcrumb","itemListElement":[{"@type":"ListItem","position":1,"name":"In\u00edcio","item":"https:\/\/folhapopular.info\/"},{"@type":"ListItem","position":2,"name":"Lajeadense perde para o Guarani e segue na lanterna da Divis\u00e3o de Acesso"}]},{"@type":"WebSite","@id":"https:\/\/folhapopular.info\/#website","url":"https:\/\/folhapopular.info\/","name":"Folha Popular","description":"Onde voc\u00ea tem vez e voz","potentialAction":[{"@type":"SearchAction","target":{"@type":"EntryPoint","urlTemplate":"https:\/\/folhapopular.info\/?s={search_term_string}"},"query-input":{"@type":"PropertyValueSpecification","valueRequired":true,"valueName":"search_term_string"}}],"inLanguage":"pt-BR"},{"@type":"Person","@id":"https:\/\/folhapopular.info\/#\/schema\/person\/e852c327371714676d02e58cf917fd9f","name":"Luis Augusto Huppes","image":{"@type":"ImageObject","inLanguage":"pt-BR","@id":"https:\/\/folhapopular.info\/wp-content\/uploads\/2026\/04\/Luis-Augusto-Huppes-1-1.webp","url":"https:\/\/folhapopular.info\/wp-content\/uploads\/2026\/04\/Luis-Augusto-Huppes-1-1.webp","contentUrl":"https:\/\/folhapopular.info\/wp-content\/uploads\/2026\/04\/Luis-Augusto-Huppes-1-1.webp","caption":"Luis Augusto Huppes"},"sameAs":["https:\/\/www.facebook.com\/luis.huppes\/","https:\/\/www.instagram.com\/luis.huppes\/","https:\/\/www.linkedin.com\/in\/luis-augusto-huppes-2554b52b7\/"],"url":"https:\/\/folhapopular.info\/index.php\/author\/luis-augusto-huppes\/"}]}},"jetpack_sharing_enabled":true,"amp_enabled":true,"jetpack_featured_media_url":"https:\/\/folhapopular.info\/wp-content\/uploads\/2026\/09\/Torcida-acompanhou-o-Dense-em-Venancio.webp","_links":{"self":[{"href":"https:\/\/folhapopular.info\/index.php\/wp-json\/wp\/v2\/posts\/220295","targetHints":{"allow":["GET"]}}],"collection":[{"href":"https:\/\/folhapopular.info\/index.php\/wp-json\/wp\/v2\/posts"}],"about":[{"href":"https:\/\/folhapopular.info\/index.php\/wp-json\/wp\/v2\/types\/post"}],"author":[{"embeddable":true,"href":"https:\/\/folhapopular.info\/index.php\/wp-json\/wp\/v2\/users\/732"}],"replies":[{"embeddable":true,"href":"https:\/\/folhapopular.info\/index.php\/wp-json\/wp\/v2\/comments?post=220295"}],"version-history":[{"count":1,"href":"https:\/\/folhapopular.info\/index.php\/wp-json\/wp\/v2\/posts\/220295\/revisions"}],"predecessor-version":[{"id":220297,"href":"https:\/\/folhapopular.info\/index.php\/wp-json\/wp\/v2\/posts\/220295\/revisions\/220297"}],"wp:featuredmedia":[{"embeddable":true,"href":"https:\/\/folhapopular.info\/index.php\/wp-json\/wp\/v2\/media\/220296"}],"wp:attachment":[{"href":"https:\/\/folhapopular.info\/index.php\/wp-json\/wp\/v2\/media?parent=220295"}],"wp:term":[{"taxonomy":"category","embeddable":true,"href":"https:\/\/folhapopular.info\/index.php\/wp-json\/wp\/v2\/categories?post=220295"},{"taxonomy":"post_tag","embeddable":true,"href":"https:\/\/folhapopular.info\/index.php\/wp-json\/wp\/v2\/tags?post=220295"}],"curies":[{"name":"wp","href":"https:\/\/api.w.org\/{rel}","templated":true}]}}