{"id":220298,"date":"2026-09-03T10:49:39","date_gmt":"2026-09-03T13:49:39","guid":{"rendered":"https:\/\/folhapopular.info\/?p=220298"},"modified":"2026-09-03T10:51:02","modified_gmt":"2026-09-03T13:51:02","slug":"municipal-de-futsal-de-imigrante-comeca-nesta-sexta-feira-com-adicao-do-voleibol","status":"publish","type":"post","link":"https:\/\/folhapopular.info\/index.php\/2026\/09\/03\/municipal-de-futsal-de-imigrante-comeca-nesta-sexta-feira-com-adicao-do-voleibol\/","title":{"rendered":"Municipal de Futsal de Imigrante come\u00e7a nesta sexta-feira, com adi\u00e7\u00e3o do Voleibol"},"content":{"rendered":"\n<p class=\"wp-block-paragraph\">O Campeonato Municipal de Futsal 2026 de Imigrante come\u00e7a nesta sexta-feira (4\/9), no Gin\u00e1sio Municipal de Esportes. A competi\u00e7\u00e3o ter\u00e1 21 equipes divididas entre as categorias Sub-15, Sub-18, Feminino, Veterano e For\u00e7a Livre.<\/p>\n\n\n\n<p class=\"wp-block-paragraph\">O v\u00f4lei misto tamb\u00e9m integra a programa\u00e7\u00e3o, com quatro equipes inscritas. A entrada ser\u00e1 gratuita.<\/p>\n\n\n\n<p class=\"wp-block-paragraph\">A rodada de abertura come\u00e7a \u00e0s 19h, com Red Label x Meninos da Vila, pela Sub-18. Depois, \u00e0s 19h50, Sangue Frio e Avante se enfrentam no Veterano. Pela For\u00e7a Livre, Zenit Futsal x ADR, Canarinho x Riograndense e Gal\u00e1cticos FC x Vikings FC completam a noite.<\/p>\n\n\n\n<h2 class=\"wp-block-heading\"><strong>Disputa at\u00e9 novembro<\/strong><\/h2>\n\n\n\n<p class=\"wp-block-paragraph\">A fase classificat\u00f3ria ter\u00e1 jogos durante setembro e outubro, principalmente \u00e0s sextas-feiras, al\u00e9m de algumas rodadas nas ter\u00e7as. O mata-mata est\u00e1 previsto para os dias 30 de outubro e 6 de novembro, enquanto as finais acontecem em 21 de novembro.<\/p>\n\n\n\n<p class=\"wp-block-paragraph\">Na pr\u00f3xima ter\u00e7a-feira (8\/9), a programa\u00e7\u00e3o come\u00e7a com o v\u00f4lei, seguido por confrontos de futsal nas categorias Sub-15, Feminino e For\u00e7a Livre.<\/p>\n\n\n\n<figure class=\"wp-block-table is-style-stripes\"><table class=\"has-light-green-cyan-to-vivid-green-cyan-gradient-background has-background\"><tbody><tr><td class=\"has-text-align-center\" data-align=\"center\" colspan=\"5\"><strong>1\u00aa rodada &#8211; 4-9<\/strong><\/td><\/tr><tr><td class=\"has-text-align-center\" data-align=\"center\"><strong>Hor\u00e1rio<\/strong><\/td><td class=\"has-text-align-center\" data-align=\"center\"><strong>Categoria<\/strong><\/td><td><\/td><td class=\"has-text-align-center\" data-align=\"center\"><strong>Partida<\/strong><\/td><td class=\"has-text-align-center\" data-align=\"center\"><\/td><\/tr><tr><td class=\"has-text-align-center\" data-align=\"center\">19h<\/td><td class=\"has-text-align-center\" data-align=\"center\">Sub-18<\/td><td class=\"has-text-align-center\" data-align=\"center\">Red Label<\/td><td class=\"has-text-align-center\" data-align=\"center\">x<\/td><td class=\"has-text-align-center\" data-align=\"center\">Meninos da Vila<\/td><\/tr><tr><td class=\"has-text-align-center\" data-align=\"center\">19h50<\/td><td class=\"has-text-align-center\" data-align=\"center\">Veterano<\/td><td class=\"has-text-align-center\" data-align=\"center\">Sangue Frio<\/td><td class=\"has-text-align-center\" data-align=\"center\">x<\/td><td class=\"has-text-align-center\" data-align=\"center\">Avante<\/td><\/tr><tr><td class=\"has-text-align-center\" data-align=\"center\">20h40<\/td><td class=\"has-text-align-center\" data-align=\"center\">For\u00e7a Livre<\/td><td class=\"has-text-align-center\" data-align=\"center\">Zenit Futsal<\/td><td class=\"has-text-align-center\" data-align=\"center\">x<\/td><td class=\"has-text-align-center\" data-align=\"center\">ADR<\/td><\/tr><tr><td class=\"has-text-align-center\" data-align=\"center\">21h30<\/td><td class=\"has-text-align-center\" data-align=\"center\">For\u00e7a Livre<\/td><td class=\"has-text-align-center\" data-align=\"center\">Canarinho<\/td><td class=\"has-text-align-center\" data-align=\"center\">x<\/td><td class=\"has-text-align-center\" data-align=\"center\">Riograndense<\/td><\/tr><tr><td class=\"has-text-align-center\" data-align=\"center\">22h30<\/td><td class=\"has-text-align-center\" data-align=\"center\">For\u00e7a Livre<\/td><td class=\"has-text-align-center\" data-align=\"center\">Gal\u00e1cticos FC<\/td><td class=\"has-text-align-center\" data-align=\"center\">x<\/td><td class=\"has-text-align-center\" data-align=\"center\">Vikings FC<\/td><\/tr><tr><td class=\"has-text-align-center\" data-align=\"center\" colspan=\"5\"><strong>2\u00aa rodada &#8211; 8\/9<\/strong><\/td><\/tr><tr><td class=\"has-text-align-center\" data-align=\"center\"><strong>Hor\u00e1rio<\/strong><\/td><td class=\"has-text-align-center\" data-align=\"center\"><strong>Categoria<\/strong><\/td><td><\/td><td class=\"has-text-align-center\" data-align=\"center\"><strong>Partida<\/strong><\/td><td class=\"has-text-align-center\" data-align=\"center\"><\/td><\/tr><tr><td class=\"has-text-align-center\" data-align=\"center\">18h<\/td><td class=\"has-text-align-center\" data-align=\"center\">V\u00f4lei<\/td><td class=\"has-text-align-center\" data-align=\"center\">Invenc\u00edveis<\/td><td class=\"has-text-align-center\" data-align=\"center\">x<\/td><td class=\"has-text-align-center\" data-align=\"center\">Pulso Firme<\/td><\/tr><tr><td class=\"has-text-align-center\" data-align=\"center\">19h20<\/td><td class=\"has-text-align-center\" data-align=\"center\">V\u00f4lei<\/td><td class=\"has-text-align-center\" data-align=\"center\">Invictus<\/td><td class=\"has-text-align-center\" data-align=\"center\">x<\/td><td class=\"has-text-align-center\" data-align=\"center\">Sem Limites<\/td><\/tr><tr><td class=\"has-text-align-center\" data-align=\"center\">20h30<\/td><td class=\"has-text-align-center\" data-align=\"center\">Sub-15<\/td><td class=\"has-text-align-center\" data-align=\"center\">Sem Futuro<\/td><td class=\"has-text-align-center\" data-align=\"center\">x<\/td><td class=\"has-text-align-center\" data-align=\"center\">Tricolores<\/td><\/tr><tr><td class=\"has-text-align-center\" data-align=\"center\">21h20<\/td><td class=\"has-text-align-center\" data-align=\"center\">Feminino<\/td><td class=\"has-text-align-center\" data-align=\"center\">Copo Cheio<\/td><td class=\"has-text-align-center\" data-align=\"center\">x<\/td><td class=\"has-text-align-center\" data-align=\"center\">Morro das Alemoas<\/td><\/tr><tr><td class=\"has-text-align-center\" data-align=\"center\">22h10<\/td><td class=\"has-text-align-center\" data-align=\"center\">For\u00e7a Livre<\/td><td class=\"has-text-align-center\" data-align=\"center\">Universit\u00e1rio<\/td><td class=\"has-text-align-center\" data-align=\"center\">x<\/td><td class=\"has-text-align-center\" data-align=\"center\">Riograndense<\/td><\/tr><\/tbody><\/table><\/figure>\n","protected":false},"excerpt":{"rendered":"<p>O Campeonato Municipal de Futsal 2026 de Imigrante come\u00e7a nesta sexta-feira (4\/9), no Gin\u00e1sio Municipal de Esportes. A competi\u00e7\u00e3o ter\u00e1 21 equipes divididas entre as categorias Sub-15, Sub-18, Feminino, Veterano e For\u00e7a Livre. O v\u00f4lei misto tamb\u00e9m integra a programa\u00e7\u00e3o, com quatro equipes inscritas. A entrada ser\u00e1 gratuita. A rodada de abertura come\u00e7a \u00e0s 19h, [&hellip;]<\/p>\n","protected":false},"author":732,"featured_media":220299,"comment_status":"open","ping_status":"open","sticky":false,"template":"","format":"standard","meta":{"pmpro_default_level":"","_jetpack_memberships_contains_paid_content":false,"footnotes":""},"categories":[5,530,13607],"tags":[31,34,5076,1653],"class_list":["post-220298","post","type-post","status-publish","format-standard","has-post-thumbnail","category-esportes","category-futsal","category-voleibol","tag-futsal","tag-imigrante","tag-municipal","tag-voleibol","pmpro-has-access"],"yoast_head":"<!-- This site is optimized with the Yoast SEO plugin v28.4 - https:\/\/yoast.com\/product\/yoast-seo-wordpress\/ -->\n<title>Municipal de Futsal de Imigrante come\u00e7a nesta sexta-feira, com adi\u00e7\u00e3o do Voleibol - Folha Popular<\/title>\n<meta name=\"description\" content=\"O Municipal de Futsal 2026 de Imigrante come\u00e7a nesta sexta-feira, no Gin\u00e1sio Municipal.\" \/>\n<meta name=\"robots\" content=\"index, follow, max-snippet:-1, max-image-preview:large, max-video-preview:-1\" \/>\n<link rel=\"canonical\" href=\"https:\/\/folhapopular.info\/index.php\/2026\/09\/03\/municipal-de-futsal-de-imigrante-comeca-nesta-sexta-feira-com-adicao-do-voleibol\/\" \/>\n<meta property=\"og:locale\" content=\"pt_BR\" \/>\n<meta property=\"og:type\" content=\"article\" \/>\n<meta property=\"og:title\" content=\"Municipal de Futsal de Imigrante come\u00e7a nesta sexta-feira, com adi\u00e7\u00e3o do Voleibol - Folha Popular\" \/>\n<meta property=\"og:description\" content=\"O Municipal de Futsal 2026 de Imigrante come\u00e7a nesta sexta-feira, no Gin\u00e1sio Municipal.\" \/>\n<meta property=\"og:url\" content=\"https:\/\/folhapopular.info\/index.php\/2026\/09\/03\/municipal-de-futsal-de-imigrante-comeca-nesta-sexta-feira-com-adicao-do-voleibol\/\" \/>\n<meta property=\"og:site_name\" content=\"Folha Popular\" \/>\n<meta property=\"article:author\" content=\"https:\/\/www.facebook.com\/luis.huppes\/\" \/>\n<meta property=\"article:published_time\" content=\"2026-09-03T13:49:39+00:00\" \/>\n<meta property=\"article:modified_time\" content=\"2026-09-03T13:51:02+00:00\" \/>\n<meta property=\"og:image\" content=\"https:\/\/folhapopular.info\/wp-content\/uploads\/2026\/09\/CTS_8010.webp\" \/>\n\t<meta property=\"og:image:width\" content=\"2048\" \/>\n\t<meta property=\"og:image:height\" content=\"1367\" \/>\n\t<meta property=\"og:image:type\" content=\"image\/webp\" \/>\n<meta name=\"author\" content=\"Luis Augusto Huppes\" \/>\n<meta name=\"twitter:card\" content=\"summary_large_image\" \/>\n<meta name=\"twitter:label1\" content=\"Escrito por\" \/>\n\t<meta name=\"twitter:data1\" content=\"Luis Augusto Huppes\" \/>\n\t<meta name=\"twitter:label2\" content=\"Est. tempo de leitura\" \/>\n\t<meta name=\"twitter:data2\" content=\"2 minutos\" \/>\n<script type=\"application\/ld+json\" class=\"yoast-schema-graph\">{\"@context\":\"https:\\\/\\\/schema.org\",\"@graph\":[{\"@type\":\"Article\",\"@id\":\"https:\\\/\\\/folhapopular.info\\\/index.php\\\/2026\\\/09\\\/03\\\/municipal-de-futsal-de-imigrante-comeca-nesta-sexta-feira-com-adicao-do-voleibol\\\/#article\",\"isPartOf\":{\"@id\":\"https:\\\/\\\/folhapopular.info\\\/index.php\\\/2026\\\/09\\\/03\\\/municipal-de-futsal-de-imigrante-comeca-nesta-sexta-feira-com-adicao-do-voleibol\\\/\"},\"author\":{\"name\":\"Luis Augusto Huppes\",\"@id\":\"https:\\\/\\\/folhapopular.info\\\/#\\\/schema\\\/person\\\/e852c327371714676d02e58cf917fd9f\"},\"headline\":\"Municipal de Futsal de Imigrante come\u00e7a nesta sexta-feira, com adi\u00e7\u00e3o do Voleibol\",\"datePublished\":\"2026-09-03T13:49:39+00:00\",\"dateModified\":\"2026-09-03T13:51:02+00:00\",\"mainEntityOfPage\":{\"@id\":\"https:\\\/\\\/folhapopular.info\\\/index.php\\\/2026\\\/09\\\/03\\\/municipal-de-futsal-de-imigrante-comeca-nesta-sexta-feira-com-adicao-do-voleibol\\\/\"},\"wordCount\":274,\"commentCount\":0,\"image\":{\"@id\":\"https:\\\/\\\/folhapopular.info\\\/index.php\\\/2026\\\/09\\\/03\\\/municipal-de-futsal-de-imigrante-comeca-nesta-sexta-feira-com-adicao-do-voleibol\\\/#primaryimage\"},\"thumbnailUrl\":\"https:\\\/\\\/folhapopular.info\\\/wp-content\\\/uploads\\\/2026\\\/09\\\/CTS_8010.webp\",\"keywords\":[\"Futsal\",\"Imigrante\",\"municipal\",\"Voleibol\"],\"articleSection\":[\"Esportes\",\"Futsal\",\"Voleibol\"],\"inLanguage\":\"pt-BR\",\"potentialAction\":[{\"@type\":\"CommentAction\",\"name\":\"Comment\",\"target\":[\"https:\\\/\\\/folhapopular.info\\\/index.php\\\/2026\\\/09\\\/03\\\/municipal-de-futsal-de-imigrante-comeca-nesta-sexta-feira-com-adicao-do-voleibol\\\/#respond\"]}]},{\"@type\":\"WebPage\",\"@id\":\"https:\\\/\\\/folhapopular.info\\\/index.php\\\/2026\\\/09\\\/03\\\/municipal-de-futsal-de-imigrante-comeca-nesta-sexta-feira-com-adicao-do-voleibol\\\/\",\"url\":\"https:\\\/\\\/folhapopular.info\\\/index.php\\\/2026\\\/09\\\/03\\\/municipal-de-futsal-de-imigrante-comeca-nesta-sexta-feira-com-adicao-do-voleibol\\\/\",\"name\":\"Municipal de Futsal de Imigrante come\u00e7a nesta sexta-feira, com adi\u00e7\u00e3o do Voleibol - Folha Popular\",\"isPartOf\":{\"@id\":\"https:\\\/\\\/folhapopular.info\\\/#website\"},\"primaryImageOfPage\":{\"@id\":\"https:\\\/\\\/folhapopular.info\\\/index.php\\\/2026\\\/09\\\/03\\\/municipal-de-futsal-de-imigrante-comeca-nesta-sexta-feira-com-adicao-do-voleibol\\\/#primaryimage\"},\"image\":{\"@id\":\"https:\\\/\\\/folhapopular.info\\\/index.php\\\/2026\\\/09\\\/03\\\/municipal-de-futsal-de-imigrante-comeca-nesta-sexta-feira-com-adicao-do-voleibol\\\/#primaryimage\"},\"thumbnailUrl\":\"https:\\\/\\\/folhapopular.info\\\/wp-content\\\/uploads\\\/2026\\\/09\\\/CTS_8010.webp\",\"datePublished\":\"2026-09-03T13:49:39+00:00\",\"dateModified\":\"2026-09-03T13:51:02+00:00\",\"author\":{\"@id\":\"https:\\\/\\\/folhapopular.info\\\/#\\\/schema\\\/person\\\/e852c327371714676d02e58cf917fd9f\"},\"description\":\"O Municipal de Futsal 2026 de Imigrante come\u00e7a nesta sexta-feira, no Gin\u00e1sio Municipal.\",\"breadcrumb\":{\"@id\":\"https:\\\/\\\/folhapopular.info\\\/index.php\\\/2026\\\/09\\\/03\\\/municipal-de-futsal-de-imigrante-comeca-nesta-sexta-feira-com-adicao-do-voleibol\\\/#breadcrumb\"},\"inLanguage\":\"pt-BR\",\"potentialAction\":[{\"@type\":\"ReadAction\",\"target\":[\"https:\\\/\\\/folhapopular.info\\\/index.php\\\/2026\\\/09\\\/03\\\/municipal-de-futsal-de-imigrante-comeca-nesta-sexta-feira-com-adicao-do-voleibol\\\/\"]}]},{\"@type\":\"ImageObject\",\"inLanguage\":\"pt-BR\",\"@id\":\"https:\\\/\\\/folhapopular.info\\\/index.php\\\/2026\\\/09\\\/03\\\/municipal-de-futsal-de-imigrante-comeca-nesta-sexta-feira-com-adicao-do-voleibol\\\/#primaryimage\",\"url\":\"https:\\\/\\\/folhapopular.info\\\/wp-content\\\/uploads\\\/2026\\\/09\\\/CTS_8010.webp\",\"contentUrl\":\"https:\\\/\\\/folhapopular.info\\\/wp-content\\\/uploads\\\/2026\\\/09\\\/CTS_8010.webp\",\"width\":2048,\"height\":1367,\"caption\":\"Partidas ser\u00e3o no Gin\u00e1sio Municipal - Cr\u00e9dito: Divulga\u00e7\u00e3o\"},{\"@type\":\"BreadcrumbList\",\"@id\":\"https:\\\/\\\/folhapopular.info\\\/index.php\\\/2026\\\/09\\\/03\\\/municipal-de-futsal-de-imigrante-comeca-nesta-sexta-feira-com-adicao-do-voleibol\\\/#breadcrumb\",\"itemListElement\":[{\"@type\":\"ListItem\",\"position\":1,\"name\":\"In\u00edcio\",\"item\":\"https:\\\/\\\/folhapopular.info\\\/\"},{\"@type\":\"ListItem\",\"position\":2,\"name\":\"Municipal de Futsal de Imigrante come\u00e7a nesta sexta-feira, com adi\u00e7\u00e3o do Voleibol\"}]},{\"@type\":\"WebSite\",\"@id\":\"https:\\\/\\\/folhapopular.info\\\/#website\",\"url\":\"https:\\\/\\\/folhapopular.info\\\/\",\"name\":\"Folha Popular\",\"description\":\"Onde voc\u00ea tem vez e voz\",\"potentialAction\":[{\"@type\":\"SearchAction\",\"target\":{\"@type\":\"EntryPoint\",\"urlTemplate\":\"https:\\\/\\\/folhapopular.info\\\/?s={search_term_string}\"},\"query-input\":{\"@type\":\"PropertyValueSpecification\",\"valueRequired\":true,\"valueName\":\"search_term_string\"}}],\"inLanguage\":\"pt-BR\"},{\"@type\":\"Person\",\"@id\":\"https:\\\/\\\/folhapopular.info\\\/#\\\/schema\\\/person\\\/e852c327371714676d02e58cf917fd9f\",\"name\":\"Luis Augusto Huppes\",\"image\":{\"@type\":\"ImageObject\",\"inLanguage\":\"pt-BR\",\"@id\":\"https:\\\/\\\/folhapopular.info\\\/wp-content\\\/uploads\\\/2026\\\/04\\\/Luis-Augusto-Huppes-1-1.webp\",\"url\":\"https:\\\/\\\/folhapopular.info\\\/wp-content\\\/uploads\\\/2026\\\/04\\\/Luis-Augusto-Huppes-1-1.webp\",\"contentUrl\":\"https:\\\/\\\/folhapopular.info\\\/wp-content\\\/uploads\\\/2026\\\/04\\\/Luis-Augusto-Huppes-1-1.webp\",\"caption\":\"Luis Augusto Huppes\"},\"sameAs\":[\"https:\\\/\\\/www.facebook.com\\\/luis.huppes\\\/\",\"https:\\\/\\\/www.instagram.com\\\/luis.huppes\\\/\",\"https:\\\/\\\/www.linkedin.com\\\/in\\\/luis-augusto-huppes-2554b52b7\\\/\"],\"url\":\"https:\\\/\\\/folhapopular.info\\\/index.php\\\/author\\\/luis-augusto-huppes\\\/\"}]}<\/script>\n<!-- \/ Yoast SEO plugin. -->","yoast_head_json":{"title":"Municipal de Futsal de Imigrante come\u00e7a nesta sexta-feira, com adi\u00e7\u00e3o do Voleibol - Folha Popular","description":"O Municipal de Futsal 2026 de Imigrante come\u00e7a nesta sexta-feira, no Gin\u00e1sio Municipal.","robots":{"index":"index","follow":"follow","max-snippet":"max-snippet:-1","max-image-preview":"max-image-preview:large","max-video-preview":"max-video-preview:-1"},"canonical":"https:\/\/folhapopular.info\/index.php\/2026\/09\/03\/municipal-de-futsal-de-imigrante-comeca-nesta-sexta-feira-com-adicao-do-voleibol\/","og_locale":"pt_BR","og_type":"article","og_title":"Municipal de Futsal de Imigrante come\u00e7a nesta sexta-feira, com adi\u00e7\u00e3o do Voleibol - Folha Popular","og_description":"O Municipal de Futsal 2026 de Imigrante come\u00e7a nesta sexta-feira, no Gin\u00e1sio Municipal.","og_url":"https:\/\/folhapopular.info\/index.php\/2026\/09\/03\/municipal-de-futsal-de-imigrante-comeca-nesta-sexta-feira-com-adicao-do-voleibol\/","og_site_name":"Folha Popular","article_author":"https:\/\/www.facebook.com\/luis.huppes\/","article_published_time":"2026-09-03T13:49:39+00:00","article_modified_time":"2026-09-03T13:51:02+00:00","og_image":[{"width":2048,"height":1367,"url":"https:\/\/folhapopular.info\/wp-content\/uploads\/2026\/09\/CTS_8010.webp","type":"image\/webp"}],"author":"Luis Augusto Huppes","twitter_card":"summary_large_image","twitter_misc":{"Escrito por":"Luis Augusto Huppes","Est. tempo de leitura":"2 minutos"},"schema":{"@context":"https:\/\/schema.org","@graph":[{"@type":"Article","@id":"https:\/\/folhapopular.info\/index.php\/2026\/09\/03\/municipal-de-futsal-de-imigrante-comeca-nesta-sexta-feira-com-adicao-do-voleibol\/#article","isPartOf":{"@id":"https:\/\/folhapopular.info\/index.php\/2026\/09\/03\/municipal-de-futsal-de-imigrante-comeca-nesta-sexta-feira-com-adicao-do-voleibol\/"},"author":{"name":"Luis Augusto Huppes","@id":"https:\/\/folhapopular.info\/#\/schema\/person\/e852c327371714676d02e58cf917fd9f"},"headline":"Municipal de Futsal de Imigrante come\u00e7a nesta sexta-feira, com adi\u00e7\u00e3o do Voleibol","datePublished":"2026-09-03T13:49:39+00:00","dateModified":"2026-09-03T13:51:02+00:00","mainEntityOfPage":{"@id":"https:\/\/folhapopular.info\/index.php\/2026\/09\/03\/municipal-de-futsal-de-imigrante-comeca-nesta-sexta-feira-com-adicao-do-voleibol\/"},"wordCount":274,"commentCount":0,"image":{"@id":"https:\/\/folhapopular.info\/index.php\/2026\/09\/03\/municipal-de-futsal-de-imigrante-comeca-nesta-sexta-feira-com-adicao-do-voleibol\/#primaryimage"},"thumbnailUrl":"https:\/\/folhapopular.info\/wp-content\/uploads\/2026\/09\/CTS_8010.webp","keywords":["Futsal","Imigrante","municipal","Voleibol"],"articleSection":["Esportes","Futsal","Voleibol"],"inLanguage":"pt-BR","potentialAction":[{"@type":"CommentAction","name":"Comment","target":["https:\/\/folhapopular.info\/index.php\/2026\/09\/03\/municipal-de-futsal-de-imigrante-comeca-nesta-sexta-feira-com-adicao-do-voleibol\/#respond"]}]},{"@type":"WebPage","@id":"https:\/\/folhapopular.info\/index.php\/2026\/09\/03\/municipal-de-futsal-de-imigrante-comeca-nesta-sexta-feira-com-adicao-do-voleibol\/","url":"https:\/\/folhapopular.info\/index.php\/2026\/09\/03\/municipal-de-futsal-de-imigrante-comeca-nesta-sexta-feira-com-adicao-do-voleibol\/","name":"Municipal de Futsal de Imigrante come\u00e7a nesta sexta-feira, com adi\u00e7\u00e3o do Voleibol - Folha Popular","isPartOf":{"@id":"https:\/\/folhapopular.info\/#website"},"primaryImageOfPage":{"@id":"https:\/\/folhapopular.info\/index.php\/2026\/09\/03\/municipal-de-futsal-de-imigrante-comeca-nesta-sexta-feira-com-adicao-do-voleibol\/#primaryimage"},"image":{"@id":"https:\/\/folhapopular.info\/index.php\/2026\/09\/03\/municipal-de-futsal-de-imigrante-comeca-nesta-sexta-feira-com-adicao-do-voleibol\/#primaryimage"},"thumbnailUrl":"https:\/\/folhapopular.info\/wp-content\/uploads\/2026\/09\/CTS_8010.webp","datePublished":"2026-09-03T13:49:39+00:00","dateModified":"2026-09-03T13:51:02+00:00","author":{"@id":"https:\/\/folhapopular.info\/#\/schema\/person\/e852c327371714676d02e58cf917fd9f"},"description":"O Municipal de Futsal 2026 de Imigrante come\u00e7a nesta sexta-feira, no Gin\u00e1sio Municipal.","breadcrumb":{"@id":"https:\/\/folhapopular.info\/index.php\/2026\/09\/03\/municipal-de-futsal-de-imigrante-comeca-nesta-sexta-feira-com-adicao-do-voleibol\/#breadcrumb"},"inLanguage":"pt-BR","potentialAction":[{"@type":"ReadAction","target":["https:\/\/folhapopular.info\/index.php\/2026\/09\/03\/municipal-de-futsal-de-imigrante-comeca-nesta-sexta-feira-com-adicao-do-voleibol\/"]}]},{"@type":"ImageObject","inLanguage":"pt-BR","@id":"https:\/\/folhapopular.info\/index.php\/2026\/09\/03\/municipal-de-futsal-de-imigrante-comeca-nesta-sexta-feira-com-adicao-do-voleibol\/#primaryimage","url":"https:\/\/folhapopular.info\/wp-content\/uploads\/2026\/09\/CTS_8010.webp","contentUrl":"https:\/\/folhapopular.info\/wp-content\/uploads\/2026\/09\/CTS_8010.webp","width":2048,"height":1367,"caption":"Partidas ser\u00e3o no Gin\u00e1sio Municipal - Cr\u00e9dito: Divulga\u00e7\u00e3o"},{"@type":"BreadcrumbList","@id":"https:\/\/folhapopular.info\/index.php\/2026\/09\/03\/municipal-de-futsal-de-imigrante-comeca-nesta-sexta-feira-com-adicao-do-voleibol\/#breadcrumb","itemListElement":[{"@type":"ListItem","position":1,"name":"In\u00edcio","item":"https:\/\/folhapopular.info\/"},{"@type":"ListItem","position":2,"name":"Municipal de Futsal de Imigrante come\u00e7a nesta sexta-feira, com adi\u00e7\u00e3o do Voleibol"}]},{"@type":"WebSite","@id":"https:\/\/folhapopular.info\/#website","url":"https:\/\/folhapopular.info\/","name":"Folha Popular","description":"Onde voc\u00ea tem vez e voz","potentialAction":[{"@type":"SearchAction","target":{"@type":"EntryPoint","urlTemplate":"https:\/\/folhapopular.info\/?s={search_term_string}"},"query-input":{"@type":"PropertyValueSpecification","valueRequired":true,"valueName":"search_term_string"}}],"inLanguage":"pt-BR"},{"@type":"Person","@id":"https:\/\/folhapopular.info\/#\/schema\/person\/e852c327371714676d02e58cf917fd9f","name":"Luis Augusto Huppes","image":{"@type":"ImageObject","inLanguage":"pt-BR","@id":"https:\/\/folhapopular.info\/wp-content\/uploads\/2026\/04\/Luis-Augusto-Huppes-1-1.webp","url":"https:\/\/folhapopular.info\/wp-content\/uploads\/2026\/04\/Luis-Augusto-Huppes-1-1.webp","contentUrl":"https:\/\/folhapopular.info\/wp-content\/uploads\/2026\/04\/Luis-Augusto-Huppes-1-1.webp","caption":"Luis Augusto Huppes"},"sameAs":["https:\/\/www.facebook.com\/luis.huppes\/","https:\/\/www.instagram.com\/luis.huppes\/","https:\/\/www.linkedin.com\/in\/luis-augusto-huppes-2554b52b7\/"],"url":"https:\/\/folhapopular.info\/index.php\/author\/luis-augusto-huppes\/"}]}},"jetpack_sharing_enabled":true,"amp_enabled":true,"jetpack_featured_media_url":"https:\/\/folhapopular.info\/wp-content\/uploads\/2026\/09\/CTS_8010.webp","_links":{"self":[{"href":"https:\/\/folhapopular.info\/index.php\/wp-json\/wp\/v2\/posts\/220298","targetHints":{"allow":["GET"]}}],"collection":[{"href":"https:\/\/folhapopular.info\/index.php\/wp-json\/wp\/v2\/posts"}],"about":[{"href":"https:\/\/folhapopular.info\/index.php\/wp-json\/wp\/v2\/types\/post"}],"author":[{"embeddable":true,"href":"https:\/\/folhapopular.info\/index.php\/wp-json\/wp\/v2\/users\/732"}],"replies":[{"embeddable":true,"href":"https:\/\/folhapopular.info\/index.php\/wp-json\/wp\/v2\/comments?post=220298"}],"version-history":[{"count":2,"href":"https:\/\/folhapopular.info\/index.php\/wp-json\/wp\/v2\/posts\/220298\/revisions"}],"predecessor-version":[{"id":220301,"href":"https:\/\/folhapopular.info\/index.php\/wp-json\/wp\/v2\/posts\/220298\/revisions\/220301"}],"wp:featuredmedia":[{"embeddable":true,"href":"https:\/\/folhapopular.info\/index.php\/wp-json\/wp\/v2\/media\/220299"}],"wp:attachment":[{"href":"https:\/\/folhapopular.info\/index.php\/wp-json\/wp\/v2\/media?parent=220298"}],"wp:term":[{"taxonomy":"category","embeddable":true,"href":"https:\/\/folhapopular.info\/index.php\/wp-json\/wp\/v2\/categories?post=220298"},{"taxonomy":"post_tag","embeddable":true,"href":"https:\/\/folhapopular.info\/index.php\/wp-json\/wp\/v2\/tags?post=220298"}],"curies":[{"name":"wp","href":"https:\/\/api.w.org\/{rel}","templated":true}]}}