{"id":220306,"date":"2026-09-03T11:29:30","date_gmt":"2026-09-03T14:29:30","guid":{"rendered":"https:\/\/folhapopular.info\/?p=220306"},"modified":"2026-09-03T11:29:34","modified_gmt":"2026-09-03T14:29:34","slug":"10o-acampamento-farroupilha-de-teutonia-tera-nove-dias-de-programacao-cultural","status":"publish","type":"post","link":"https:\/\/folhapopular.info\/index.php\/2026\/09\/03\/10o-acampamento-farroupilha-de-teutonia-tera-nove-dias-de-programacao-cultural\/","title":{"rendered":"10\u00ba Acampamento Farroupilha de Teut\u00f4nia ter\u00e1 nove dias de programa\u00e7\u00e3o cultural"},"content":{"rendered":"\n<p class=\"wp-block-paragraph\">O\u00a010\u00ba Acampamento Farroupilha de Teut\u00f4nia\u00a0ser\u00e1 realizado de\u00a012 a 20 de setembro, reunindo m\u00fasica, dan\u00e7a, tradi\u00e7\u00e3o, religiosidade, atividades campeiras e a\u00e7\u00f5es voltadas \u00e0 valoriza\u00e7\u00e3o da cultura ga\u00facha. Ao longo de nove dias, a programa\u00e7\u00e3o contempla atra\u00e7\u00f5es para diferentes p\u00fablicos. O tema dos festejos farroupilhas ser\u00e1 \u201cHeran\u00e7a Jesu\u00edtica e Guarani no Rio Grande do Sul: 400 anos de cultura e tradi\u00e7\u00e3o\u201d.<\/p>\n\n\n\n<p class=\"wp-block-paragraph\">A abertura oficial ocorre no\u00a0s\u00e1bado (12\/9) \u00e0s 17h, com o\u00a0acendimento da Chama Crioula. Na sequ\u00eancia, o p\u00fablico poder\u00e1 acompanhar apresenta\u00e7\u00f5es art\u00edsticas do\u00a0CTG Porteira dos Pampas\u00a0e shows de\u00a0Ricardo Bergha\u00a0e\u00a0Grupo Luz de Candieiro.<\/p>\n\n\n\n<p class=\"wp-block-paragraph\">No domingo (13\/9), a programa\u00e7\u00e3o come\u00e7a com o programa\u00a0\u201cGauchada\u201d, da R\u00e1dio Popular, diretamente do acampamento. \u00c0 tarde, haver\u00e1 passeio a cavalo e de carro\u00e7a para crian\u00e7as, torneio de tiro de la\u00e7o vaca parada e apresenta\u00e7\u00e3o do\u00a0CTG Rinc\u00e3o das Coxilhas. \u00c0 noite,\u00a0Diego Rodrigues &amp; Grupo\u00a0sobe ao palco.<\/p>\n\n\n\n<h2 class=\"wp-block-heading\"><strong>Confira a programa\u00e7\u00e3o oficial:<\/strong><\/h2>\n\n\n\n<p class=\"wp-block-paragraph\"><strong>12 de setembro<br><\/strong>17h &#8211; Abertura Oficial com acendimento da Chama Crioula<br>17h30 \u00e0s 18h30 &#8211; Apresenta\u00e7\u00f5es art\u00edsticas<br>19h \u00e0s 20h45 &#8211; Ricardo Bergha<br>21h \u00e0s 23h30 &#8211; Grupo Luz de Candieiro<\/p>\n\n\n\n<p class=\"wp-block-paragraph\"><strong>13 de setembro<br><\/strong>8h \u00e0s 12h &#8211; Programa \u201cGauchada\u201d da R\u00e1dio Popular <br>14h &#8211; Passeio a cavalo e carro\u00e7a para crian\u00e7as<br>15h30 &#8211; Torneio de tiro de la\u00e7o vaca parada para crian\u00e7as<br>17h \u00e0s 18h &#8211; Apresenta\u00e7\u00f5es art\u00edsticas<br>19h30 \u00e0s 21h &#8211; Diego Rodrigues &amp; Grupo<\/p>\n\n\n\n<p class=\"wp-block-paragraph\"><strong>14 de setembro<br><\/strong>20h &#8211; Grupo Levantando um Aleluia Tch\u00ea<\/p>\n\n\n\n<p class=\"wp-block-paragraph\"><strong>15 de setembro<br><\/strong>19h \u00e0s 20h &#8211; Celebra\u00e7\u00e3o Ecum\u00eanica Crioula<\/p>\n\n\n\n<p class=\"wp-block-paragraph\"><strong>16 de setembro<br><\/strong>Noite da Fuma\u00e7a<br>19h \u00e0s 20h15 &#8211; Show Orquestra Henrique Uebel <br>20h30 \u00e0s 21h45 &#8211; Grupo Sangue Gaud\u00e9rio<\/p>\n\n\n\n<p class=\"wp-block-paragraph\"><strong>17 de setembro<br><\/strong>14h30 \u00e0s 15h45 &#8211; A\u00e7\u00e3o de media\u00e7\u00e3o sobre a Cultura Ga\u00facha para a comunidade escolar.<br>19h \u00e0s 19h45 &#8211; CTG Est\u00e2ncia do Siqueira<br>20h \u00e0s 22h &#8211; Heran\u00e7a e hist\u00f3ria em can\u00e7\u00e3o<\/p>\n\n\n\n<p class=\"wp-block-paragraph\"><strong>18 de setembro<br><\/strong>18h45 &#8211; Declama\u00e7\u00e3o<br>19h30 \u00e0s 21h30 &#8211; C\u00e9sar Oliveira &amp; Rog\u00e9rio Melo<br>21h45 &#8211; Os Centauros<\/p>\n\n\n\n<p class=\"wp-block-paragraph\"><strong>19 de setembro<br><\/strong>19h \u00e0s 20h15 &#8211; Pastor M\u00e1rcio e C\u00e9sar Klein<br>20h30 \u00e0s 21h30 &#8211; Grupo Triopacito<br>21h45 a 24h &#8211; Grupo Levada<\/p>\n\n\n\n<p class=\"wp-block-paragraph\"><strong>20 de setembro<br><\/strong>9h30 &#8211; 8\u00aa Cavalgada Farroupilha<br>10h30 &#8211; Apresenta\u00e7\u00f5es art\u00edsticas inclusivas<br>15h \u00e0s 16h &#8211; Chimarreada com Tert\u00falia Livre<br>15h30 &#8211; Os Mateadores<br>18h15 &#8211; Grupo de Gaiteiros do projeto \u201cTeut\u00f4nia Cultural\u201d<br>Encerramento e extin\u00e7\u00e3o da chama.<\/p>\n","protected":false},"excerpt":{"rendered":"<p>O\u00a010\u00ba Acampamento Farroupilha de Teut\u00f4nia\u00a0ser\u00e1 realizado de\u00a012 a 20 de setembro, reunindo m\u00fasica, dan\u00e7a, tradi\u00e7\u00e3o, religiosidade, atividades campeiras e a\u00e7\u00f5es voltadas \u00e0 valoriza\u00e7\u00e3o da cultura ga\u00facha. Ao longo de nove dias, a programa\u00e7\u00e3o contempla atra\u00e7\u00f5es para diferentes p\u00fablicos. O tema dos festejos farroupilhas ser\u00e1 \u201cHeran\u00e7a Jesu\u00edtica e Guarani no Rio Grande do Sul: 400 anos [&hellip;]<\/p>\n","protected":false},"author":8,"featured_media":220314,"comment_status":"open","ping_status":"open","sticky":false,"template":"","format":"standard","meta":{"pmpro_default_level":"","_jetpack_memberships_contains_paid_content":false,"footnotes":""},"categories":[2,6],"tags":[980,344,1016,26],"class_list":["post-220306","post","type-post","status-publish","format-standard","has-post-thumbnail","category-featured","category-inclusive","tag-acampamento-farroupilha","tag-cultura","tag-semana-farroupilha","tag-teutonia","pmpro-has-access"],"yoast_head":"<!-- This site is optimized with the Yoast SEO plugin v28.4 - https:\/\/yoast.com\/product\/yoast-seo-wordpress\/ -->\n<title>10\u00ba Acampamento Farroupilha de Teut\u00f4nia ter\u00e1 nove dias de programa\u00e7\u00e3o cultural - Folha Popular<\/title>\n<meta name=\"robots\" content=\"index, follow, max-snippet:-1, max-image-preview:large, max-video-preview:-1\" \/>\n<link rel=\"canonical\" href=\"https:\/\/folhapopular.info\/index.php\/2026\/09\/03\/10o-acampamento-farroupilha-de-teutonia-tera-nove-dias-de-programacao-cultural\/\" \/>\n<meta property=\"og:locale\" content=\"pt_BR\" \/>\n<meta property=\"og:type\" content=\"article\" \/>\n<meta property=\"og:title\" content=\"10\u00ba Acampamento Farroupilha de Teut\u00f4nia ter\u00e1 nove dias de programa\u00e7\u00e3o cultural - Folha Popular\" \/>\n<meta property=\"og:description\" content=\"O\u00a010\u00ba Acampamento Farroupilha de Teut\u00f4nia\u00a0ser\u00e1 realizado de\u00a012 a 20 de setembro, reunindo m\u00fasica, dan\u00e7a, tradi\u00e7\u00e3o, religiosidade, atividades campeiras e a\u00e7\u00f5es voltadas \u00e0 valoriza\u00e7\u00e3o da cultura ga\u00facha. Ao longo de nove dias, a programa\u00e7\u00e3o contempla atra\u00e7\u00f5es para diferentes p\u00fablicos. O tema dos festejos farroupilhas ser\u00e1 \u201cHeran\u00e7a Jesu\u00edtica e Guarani no Rio Grande do Sul: 400 anos [&hellip;]\" \/>\n<meta property=\"og:url\" content=\"https:\/\/folhapopular.info\/index.php\/2026\/09\/03\/10o-acampamento-farroupilha-de-teutonia-tera-nove-dias-de-programacao-cultural\/\" \/>\n<meta property=\"og:site_name\" content=\"Folha Popular\" \/>\n<meta property=\"article:published_time\" content=\"2026-09-03T14:29:30+00:00\" \/>\n<meta property=\"article:modified_time\" content=\"2026-09-03T14:29:34+00:00\" \/>\n<meta property=\"og:image\" content=\"https:\/\/folhapopular.info\/wp-content\/uploads\/2026\/09\/WhatsApp-Image-2026-08-18-at-11.21.05.webp\" \/>\n\t<meta property=\"og:image:width\" content=\"1280\" \/>\n\t<meta property=\"og:image:height\" content=\"960\" \/>\n\t<meta property=\"og:image:type\" content=\"image\/webp\" \/>\n<meta name=\"author\" content=\"Reda\u00e7\u00e3o Folha Popular\" \/>\n<meta name=\"twitter:card\" content=\"summary_large_image\" \/>\n<meta name=\"twitter:label1\" content=\"Escrito por\" \/>\n\t<meta name=\"twitter:data1\" content=\"Reda\u00e7\u00e3o Folha Popular\" \/>\n\t<meta name=\"twitter:label2\" content=\"Est. tempo de leitura\" \/>\n\t<meta name=\"twitter:data2\" content=\"3 minutos\" \/>\n<script type=\"application\/ld+json\" class=\"yoast-schema-graph\">{\"@context\":\"https:\\\/\\\/schema.org\",\"@graph\":[{\"@type\":\"Article\",\"@id\":\"https:\\\/\\\/folhapopular.info\\\/index.php\\\/2026\\\/09\\\/03\\\/10o-acampamento-farroupilha-de-teutonia-tera-nove-dias-de-programacao-cultural\\\/#article\",\"isPartOf\":{\"@id\":\"https:\\\/\\\/folhapopular.info\\\/index.php\\\/2026\\\/09\\\/03\\\/10o-acampamento-farroupilha-de-teutonia-tera-nove-dias-de-programacao-cultural\\\/\"},\"author\":{\"name\":\"Reda\u00e7\u00e3o Folha Popular\",\"@id\":\"https:\\\/\\\/folhapopular.info\\\/#\\\/schema\\\/person\\\/2814e8a0df7643585a9ca38bc6eb9d4b\"},\"headline\":\"10\u00ba Acampamento Farroupilha de Teut\u00f4nia ter\u00e1 nove dias de programa\u00e7\u00e3o cultural\",\"datePublished\":\"2026-09-03T14:29:30+00:00\",\"dateModified\":\"2026-09-03T14:29:34+00:00\",\"mainEntityOfPage\":{\"@id\":\"https:\\\/\\\/folhapopular.info\\\/index.php\\\/2026\\\/09\\\/03\\\/10o-acampamento-farroupilha-de-teutonia-tera-nove-dias-de-programacao-cultural\\\/\"},\"wordCount\":440,\"commentCount\":0,\"image\":{\"@id\":\"https:\\\/\\\/folhapopular.info\\\/index.php\\\/2026\\\/09\\\/03\\\/10o-acampamento-farroupilha-de-teutonia-tera-nove-dias-de-programacao-cultural\\\/#primaryimage\"},\"thumbnailUrl\":\"https:\\\/\\\/folhapopular.info\\\/wp-content\\\/uploads\\\/2026\\\/09\\\/WhatsApp-Image-2026-08-18-at-11.21.05.webp\",\"keywords\":[\"Acampamento Farroupilha\",\"Cultura\",\"Semana Farroupilha\",\"Teut\u00f4nia\"],\"articleSection\":[\"Destaques\",\"Inclusive\"],\"inLanguage\":\"pt-BR\",\"potentialAction\":[{\"@type\":\"CommentAction\",\"name\":\"Comment\",\"target\":[\"https:\\\/\\\/folhapopular.info\\\/index.php\\\/2026\\\/09\\\/03\\\/10o-acampamento-farroupilha-de-teutonia-tera-nove-dias-de-programacao-cultural\\\/#respond\"]}]},{\"@type\":\"WebPage\",\"@id\":\"https:\\\/\\\/folhapopular.info\\\/index.php\\\/2026\\\/09\\\/03\\\/10o-acampamento-farroupilha-de-teutonia-tera-nove-dias-de-programacao-cultural\\\/\",\"url\":\"https:\\\/\\\/folhapopular.info\\\/index.php\\\/2026\\\/09\\\/03\\\/10o-acampamento-farroupilha-de-teutonia-tera-nove-dias-de-programacao-cultural\\\/\",\"name\":\"10\u00ba Acampamento Farroupilha de Teut\u00f4nia ter\u00e1 nove dias de programa\u00e7\u00e3o cultural - Folha Popular\",\"isPartOf\":{\"@id\":\"https:\\\/\\\/folhapopular.info\\\/#website\"},\"primaryImageOfPage\":{\"@id\":\"https:\\\/\\\/folhapopular.info\\\/index.php\\\/2026\\\/09\\\/03\\\/10o-acampamento-farroupilha-de-teutonia-tera-nove-dias-de-programacao-cultural\\\/#primaryimage\"},\"image\":{\"@id\":\"https:\\\/\\\/folhapopular.info\\\/index.php\\\/2026\\\/09\\\/03\\\/10o-acampamento-farroupilha-de-teutonia-tera-nove-dias-de-programacao-cultural\\\/#primaryimage\"},\"thumbnailUrl\":\"https:\\\/\\\/folhapopular.info\\\/wp-content\\\/uploads\\\/2026\\\/09\\\/WhatsApp-Image-2026-08-18-at-11.21.05.webp\",\"datePublished\":\"2026-09-03T14:29:30+00:00\",\"dateModified\":\"2026-09-03T14:29:34+00:00\",\"author\":{\"@id\":\"https:\\\/\\\/folhapopular.info\\\/#\\\/schema\\\/person\\\/2814e8a0df7643585a9ca38bc6eb9d4b\"},\"breadcrumb\":{\"@id\":\"https:\\\/\\\/folhapopular.info\\\/index.php\\\/2026\\\/09\\\/03\\\/10o-acampamento-farroupilha-de-teutonia-tera-nove-dias-de-programacao-cultural\\\/#breadcrumb\"},\"inLanguage\":\"pt-BR\",\"potentialAction\":[{\"@type\":\"ReadAction\",\"target\":[\"https:\\\/\\\/folhapopular.info\\\/index.php\\\/2026\\\/09\\\/03\\\/10o-acampamento-farroupilha-de-teutonia-tera-nove-dias-de-programacao-cultural\\\/\"]}]},{\"@type\":\"ImageObject\",\"inLanguage\":\"pt-BR\",\"@id\":\"https:\\\/\\\/folhapopular.info\\\/index.php\\\/2026\\\/09\\\/03\\\/10o-acampamento-farroupilha-de-teutonia-tera-nove-dias-de-programacao-cultural\\\/#primaryimage\",\"url\":\"https:\\\/\\\/folhapopular.info\\\/wp-content\\\/uploads\\\/2026\\\/09\\\/WhatsApp-Image-2026-08-18-at-11.21.05.webp\",\"contentUrl\":\"https:\\\/\\\/folhapopular.info\\\/wp-content\\\/uploads\\\/2026\\\/09\\\/WhatsApp-Image-2026-08-18-at-11.21.05.webp\",\"width\":1280,\"height\":960,\"caption\":\"Cr\u00e9dito: Prefeitura de Teut\u00f4nia \\\/ Divulga\u00e7\u00e3o\"},{\"@type\":\"BreadcrumbList\",\"@id\":\"https:\\\/\\\/folhapopular.info\\\/index.php\\\/2026\\\/09\\\/03\\\/10o-acampamento-farroupilha-de-teutonia-tera-nove-dias-de-programacao-cultural\\\/#breadcrumb\",\"itemListElement\":[{\"@type\":\"ListItem\",\"position\":1,\"name\":\"In\u00edcio\",\"item\":\"https:\\\/\\\/folhapopular.info\\\/\"},{\"@type\":\"ListItem\",\"position\":2,\"name\":\"10\u00ba Acampamento Farroupilha de Teut\u00f4nia ter\u00e1 nove dias de programa\u00e7\u00e3o cultural\"}]},{\"@type\":\"WebSite\",\"@id\":\"https:\\\/\\\/folhapopular.info\\\/#website\",\"url\":\"https:\\\/\\\/folhapopular.info\\\/\",\"name\":\"Folha Popular\",\"description\":\"Onde voc\u00ea tem vez e voz\",\"potentialAction\":[{\"@type\":\"SearchAction\",\"target\":{\"@type\":\"EntryPoint\",\"urlTemplate\":\"https:\\\/\\\/folhapopular.info\\\/?s={search_term_string}\"},\"query-input\":{\"@type\":\"PropertyValueSpecification\",\"valueRequired\":true,\"valueName\":\"search_term_string\"}}],\"inLanguage\":\"pt-BR\"},{\"@type\":\"Person\",\"@id\":\"https:\\\/\\\/folhapopular.info\\\/#\\\/schema\\\/person\\\/2814e8a0df7643585a9ca38bc6eb9d4b\",\"name\":\"Reda\u00e7\u00e3o Folha Popular\",\"image\":{\"@type\":\"ImageObject\",\"inLanguage\":\"pt-BR\",\"@id\":\"https:\\\/\\\/folhapopular.info\\\/wp-content\\\/uploads\\\/2026\\\/04\\\/Folha-1.webp\",\"url\":\"https:\\\/\\\/folhapopular.info\\\/wp-content\\\/uploads\\\/2026\\\/04\\\/Folha-1.webp\",\"contentUrl\":\"https:\\\/\\\/folhapopular.info\\\/wp-content\\\/uploads\\\/2026\\\/04\\\/Folha-1.webp\",\"caption\":\"Reda\u00e7\u00e3o Folha Popular\"},\"url\":\"https:\\\/\\\/folhapopular.info\\\/index.php\\\/author\\\/redacao\\\/\"}]}<\/script>\n<!-- \/ Yoast SEO plugin. -->","yoast_head_json":{"title":"10\u00ba Acampamento Farroupilha de Teut\u00f4nia ter\u00e1 nove dias de programa\u00e7\u00e3o cultural - Folha Popular","robots":{"index":"index","follow":"follow","max-snippet":"max-snippet:-1","max-image-preview":"max-image-preview:large","max-video-preview":"max-video-preview:-1"},"canonical":"https:\/\/folhapopular.info\/index.php\/2026\/09\/03\/10o-acampamento-farroupilha-de-teutonia-tera-nove-dias-de-programacao-cultural\/","og_locale":"pt_BR","og_type":"article","og_title":"10\u00ba Acampamento Farroupilha de Teut\u00f4nia ter\u00e1 nove dias de programa\u00e7\u00e3o cultural - Folha Popular","og_description":"O\u00a010\u00ba Acampamento Farroupilha de Teut\u00f4nia\u00a0ser\u00e1 realizado de\u00a012 a 20 de setembro, reunindo m\u00fasica, dan\u00e7a, tradi\u00e7\u00e3o, religiosidade, atividades campeiras e a\u00e7\u00f5es voltadas \u00e0 valoriza\u00e7\u00e3o da cultura ga\u00facha. Ao longo de nove dias, a programa\u00e7\u00e3o contempla atra\u00e7\u00f5es para diferentes p\u00fablicos. O tema dos festejos farroupilhas ser\u00e1 \u201cHeran\u00e7a Jesu\u00edtica e Guarani no Rio Grande do Sul: 400 anos [&hellip;]","og_url":"https:\/\/folhapopular.info\/index.php\/2026\/09\/03\/10o-acampamento-farroupilha-de-teutonia-tera-nove-dias-de-programacao-cultural\/","og_site_name":"Folha Popular","article_published_time":"2026-09-03T14:29:30+00:00","article_modified_time":"2026-09-03T14:29:34+00:00","og_image":[{"width":1280,"height":960,"url":"https:\/\/folhapopular.info\/wp-content\/uploads\/2026\/09\/WhatsApp-Image-2026-08-18-at-11.21.05.webp","type":"image\/webp"}],"author":"Reda\u00e7\u00e3o Folha Popular","twitter_card":"summary_large_image","twitter_misc":{"Escrito por":"Reda\u00e7\u00e3o Folha Popular","Est. tempo de leitura":"3 minutos"},"schema":{"@context":"https:\/\/schema.org","@graph":[{"@type":"Article","@id":"https:\/\/folhapopular.info\/index.php\/2026\/09\/03\/10o-acampamento-farroupilha-de-teutonia-tera-nove-dias-de-programacao-cultural\/#article","isPartOf":{"@id":"https:\/\/folhapopular.info\/index.php\/2026\/09\/03\/10o-acampamento-farroupilha-de-teutonia-tera-nove-dias-de-programacao-cultural\/"},"author":{"name":"Reda\u00e7\u00e3o Folha Popular","@id":"https:\/\/folhapopular.info\/#\/schema\/person\/2814e8a0df7643585a9ca38bc6eb9d4b"},"headline":"10\u00ba Acampamento Farroupilha de Teut\u00f4nia ter\u00e1 nove dias de programa\u00e7\u00e3o cultural","datePublished":"2026-09-03T14:29:30+00:00","dateModified":"2026-09-03T14:29:34+00:00","mainEntityOfPage":{"@id":"https:\/\/folhapopular.info\/index.php\/2026\/09\/03\/10o-acampamento-farroupilha-de-teutonia-tera-nove-dias-de-programacao-cultural\/"},"wordCount":440,"commentCount":0,"image":{"@id":"https:\/\/folhapopular.info\/index.php\/2026\/09\/03\/10o-acampamento-farroupilha-de-teutonia-tera-nove-dias-de-programacao-cultural\/#primaryimage"},"thumbnailUrl":"https:\/\/folhapopular.info\/wp-content\/uploads\/2026\/09\/WhatsApp-Image-2026-08-18-at-11.21.05.webp","keywords":["Acampamento Farroupilha","Cultura","Semana Farroupilha","Teut\u00f4nia"],"articleSection":["Destaques","Inclusive"],"inLanguage":"pt-BR","potentialAction":[{"@type":"CommentAction","name":"Comment","target":["https:\/\/folhapopular.info\/index.php\/2026\/09\/03\/10o-acampamento-farroupilha-de-teutonia-tera-nove-dias-de-programacao-cultural\/#respond"]}]},{"@type":"WebPage","@id":"https:\/\/folhapopular.info\/index.php\/2026\/09\/03\/10o-acampamento-farroupilha-de-teutonia-tera-nove-dias-de-programacao-cultural\/","url":"https:\/\/folhapopular.info\/index.php\/2026\/09\/03\/10o-acampamento-farroupilha-de-teutonia-tera-nove-dias-de-programacao-cultural\/","name":"10\u00ba Acampamento Farroupilha de Teut\u00f4nia ter\u00e1 nove dias de programa\u00e7\u00e3o cultural - Folha Popular","isPartOf":{"@id":"https:\/\/folhapopular.info\/#website"},"primaryImageOfPage":{"@id":"https:\/\/folhapopular.info\/index.php\/2026\/09\/03\/10o-acampamento-farroupilha-de-teutonia-tera-nove-dias-de-programacao-cultural\/#primaryimage"},"image":{"@id":"https:\/\/folhapopular.info\/index.php\/2026\/09\/03\/10o-acampamento-farroupilha-de-teutonia-tera-nove-dias-de-programacao-cultural\/#primaryimage"},"thumbnailUrl":"https:\/\/folhapopular.info\/wp-content\/uploads\/2026\/09\/WhatsApp-Image-2026-08-18-at-11.21.05.webp","datePublished":"2026-09-03T14:29:30+00:00","dateModified":"2026-09-03T14:29:34+00:00","author":{"@id":"https:\/\/folhapopular.info\/#\/schema\/person\/2814e8a0df7643585a9ca38bc6eb9d4b"},"breadcrumb":{"@id":"https:\/\/folhapopular.info\/index.php\/2026\/09\/03\/10o-acampamento-farroupilha-de-teutonia-tera-nove-dias-de-programacao-cultural\/#breadcrumb"},"inLanguage":"pt-BR","potentialAction":[{"@type":"ReadAction","target":["https:\/\/folhapopular.info\/index.php\/2026\/09\/03\/10o-acampamento-farroupilha-de-teutonia-tera-nove-dias-de-programacao-cultural\/"]}]},{"@type":"ImageObject","inLanguage":"pt-BR","@id":"https:\/\/folhapopular.info\/index.php\/2026\/09\/03\/10o-acampamento-farroupilha-de-teutonia-tera-nove-dias-de-programacao-cultural\/#primaryimage","url":"https:\/\/folhapopular.info\/wp-content\/uploads\/2026\/09\/WhatsApp-Image-2026-08-18-at-11.21.05.webp","contentUrl":"https:\/\/folhapopular.info\/wp-content\/uploads\/2026\/09\/WhatsApp-Image-2026-08-18-at-11.21.05.webp","width":1280,"height":960,"caption":"Cr\u00e9dito: Prefeitura de Teut\u00f4nia \/ Divulga\u00e7\u00e3o"},{"@type":"BreadcrumbList","@id":"https:\/\/folhapopular.info\/index.php\/2026\/09\/03\/10o-acampamento-farroupilha-de-teutonia-tera-nove-dias-de-programacao-cultural\/#breadcrumb","itemListElement":[{"@type":"ListItem","position":1,"name":"In\u00edcio","item":"https:\/\/folhapopular.info\/"},{"@type":"ListItem","position":2,"name":"10\u00ba Acampamento Farroupilha de Teut\u00f4nia ter\u00e1 nove dias de programa\u00e7\u00e3o cultural"}]},{"@type":"WebSite","@id":"https:\/\/folhapopular.info\/#website","url":"https:\/\/folhapopular.info\/","name":"Folha Popular","description":"Onde voc\u00ea tem vez e voz","potentialAction":[{"@type":"SearchAction","target":{"@type":"EntryPoint","urlTemplate":"https:\/\/folhapopular.info\/?s={search_term_string}"},"query-input":{"@type":"PropertyValueSpecification","valueRequired":true,"valueName":"search_term_string"}}],"inLanguage":"pt-BR"},{"@type":"Person","@id":"https:\/\/folhapopular.info\/#\/schema\/person\/2814e8a0df7643585a9ca38bc6eb9d4b","name":"Reda\u00e7\u00e3o Folha Popular","image":{"@type":"ImageObject","inLanguage":"pt-BR","@id":"https:\/\/folhapopular.info\/wp-content\/uploads\/2026\/04\/Folha-1.webp","url":"https:\/\/folhapopular.info\/wp-content\/uploads\/2026\/04\/Folha-1.webp","contentUrl":"https:\/\/folhapopular.info\/wp-content\/uploads\/2026\/04\/Folha-1.webp","caption":"Reda\u00e7\u00e3o Folha Popular"},"url":"https:\/\/folhapopular.info\/index.php\/author\/redacao\/"}]}},"jetpack_sharing_enabled":true,"amp_enabled":true,"jetpack_featured_media_url":"https:\/\/folhapopular.info\/wp-content\/uploads\/2026\/09\/WhatsApp-Image-2026-08-18-at-11.21.05.webp","_links":{"self":[{"href":"https:\/\/folhapopular.info\/index.php\/wp-json\/wp\/v2\/posts\/220306","targetHints":{"allow":["GET"]}}],"collection":[{"href":"https:\/\/folhapopular.info\/index.php\/wp-json\/wp\/v2\/posts"}],"about":[{"href":"https:\/\/folhapopular.info\/index.php\/wp-json\/wp\/v2\/types\/post"}],"author":[{"embeddable":true,"href":"https:\/\/folhapopular.info\/index.php\/wp-json\/wp\/v2\/users\/8"}],"replies":[{"embeddable":true,"href":"https:\/\/folhapopular.info\/index.php\/wp-json\/wp\/v2\/comments?post=220306"}],"version-history":[{"count":1,"href":"https:\/\/folhapopular.info\/index.php\/wp-json\/wp\/v2\/posts\/220306\/revisions"}],"predecessor-version":[{"id":220315,"href":"https:\/\/folhapopular.info\/index.php\/wp-json\/wp\/v2\/posts\/220306\/revisions\/220315"}],"wp:featuredmedia":[{"embeddable":true,"href":"https:\/\/folhapopular.info\/index.php\/wp-json\/wp\/v2\/media\/220314"}],"wp:attachment":[{"href":"https:\/\/folhapopular.info\/index.php\/wp-json\/wp\/v2\/media?parent=220306"}],"wp:term":[{"taxonomy":"category","embeddable":true,"href":"https:\/\/folhapopular.info\/index.php\/wp-json\/wp\/v2\/categories?post=220306"},{"taxonomy":"post_tag","embeddable":true,"href":"https:\/\/folhapopular.info\/index.php\/wp-json\/wp\/v2\/tags?post=220306"}],"curies":[{"name":"wp","href":"https:\/\/api.w.org\/{rel}","templated":true}]}}