{"id":220327,"date":"2026-09-03T17:00:00","date_gmt":"2026-09-03T20:00:00","guid":{"rendered":"https:\/\/folhapopular.info\/?p=220327"},"modified":"2026-09-03T16:54:20","modified_gmt":"2026-09-03T19:54:20","slug":"westfalia-amplia-obras-e-avanca-em-novos-projetos","status":"publish","type":"post","link":"https:\/\/folhapopular.info\/index.php\/2026\/09\/03\/westfalia-amplia-obras-e-avanca-em-novos-projetos\/","title":{"rendered":"Westf\u00e1lia amplia obras e avan\u00e7a em novos projetos"},"content":{"rendered":"\n<p class=\"wp-block-paragraph\">Westf\u00e1lia mant\u00e9m diversas frentes de trabalho em andamento, com investimentos em pavimenta\u00e7\u00e3o, infraestrutura, sa\u00fade e cultura. Conforme o prefeito C\u00e9sar Juliano Bloemker, o munic\u00edpio conta atualmente com obras em diferentes pontos, incluindo tr\u00eas trajetos na Linha Frank, onde os trabalhos de pavimenta\u00e7\u00e3o j\u00e1 est\u00e3o avan\u00e7ados.<\/p>\n\n\n\n<p class=\"wp-block-paragraph\">Um dos trechos, localizado pr\u00f3ximo \u00e0 ponte do Arroio Boa Vista, na divisa com Teut\u00f4nia, deve ser conclu\u00eddo ainda nesta semana. Na sequ\u00eancia, a expectativa \u00e9 iniciar os outros dois trajetos previstos para a regi\u00e3o. A liga\u00e7\u00e3o entre Westf\u00e1lia e a Linha Clara, em Teut\u00f4nia, tamb\u00e9m j\u00e1 foi finalizada pelo munic\u00edpio vizinho, e a pr\u00f3xima etapa ser\u00e1 a execu\u00e7\u00e3o do trecho pertencente a Westf\u00e1lia.<\/p>\n\n\n\n<p class=\"wp-block-paragraph\">No Centro, a Rua Henrique Grave tamb\u00e9m recebeu melhorias. A obra de asfaltamento, com mais de 200 metros de extens\u00e3o, foi conclu\u00edda na semana passada.<\/p>\n\n\n\n<p class=\"wp-block-paragraph\">Outro projeto em andamento \u00e9 a constru\u00e7\u00e3o da nova Unidade B\u00e1sica de Sa\u00fade. A previs\u00e3o \u00e9 de que a estrutura seja conclu\u00edda entre janeiro e fevereiro de 2027, ampliando a estrutura dispon\u00edvel para o atendimento da popula\u00e7\u00e3o.<\/p>\n\n\n\n<p class=\"wp-block-paragraph\">Na \u00e1rea cultural, o munic\u00edpio trabalha na amplia\u00e7\u00e3o e reforma da Casa de Cultura, localizada no Centro, no espa\u00e7o onde funcionava a antiga Prefeitura. O projeto foi viabilizado por meio da Lei de Incentivo \u00e0 Cultura (LIC) do Estado, com recursos captados junto a empresas parceiras. A iniciativa permite que parte do ICMS devido pelas empresas seja destinada ao projeto.<\/p>\n\n\n\n<p class=\"wp-block-paragraph\">Westf\u00e1lia tamb\u00e9m conta com tr\u00eas pontes contempladas com recursos do governo estadual. Uma delas, localizada na Schmit Fundus, j\u00e1 teve a constru\u00e7\u00e3o iniciada. A estrutura substitui a \u00faltima ponte de madeira existente no munic\u00edpio, que sofreu danos durante as enchentes de 2024 e apresentava condi\u00e7\u00f5es prec\u00e1rias.<\/p>\n\n\n\n<p class=\"wp-block-paragraph\">Al\u00e9m das obras de infraestrutura, o munic\u00edpio mant\u00e9m atividades voltadas \u00e0 agricultura e outras \u00e1reas da administra\u00e7\u00e3o. Bloemker destaca o trabalho conjunto das secretarias e dos servidores municipais para colocar os projetos em pr\u00e1tica. \u201cN\u00f3s temos que ter uma equipe muito boa para desenvolver tudo aquilo que n\u00f3s temos em mente no nosso plano de governo\u201d, afirma o prefeito.<\/p>\n\n\n\n<figure class=\"wp-block-gallery has-nested-images columns-default is-cropped wp-block-gallery-1 is-layout-flex wp-block-gallery-is-layout-flex\">\n<figure class=\"wp-block-image size-large\"><img loading=\"lazy\" decoding=\"async\" width=\"1024\" height=\"768\" data-id=\"220332\" src=\"https:\/\/folhapopular.info\/wp-content\/uploads\/2026\/09\/WhatsApp-Image-2026-09-03-at-16.44.10-1024x768.webp\" alt=\"Cr\u00e9dito: Rafaela Zappaz\" class=\"wp-image-220332\" srcset=\"https:\/\/folhapopular.info\/wp-content\/uploads\/2026\/09\/WhatsApp-Image-2026-09-03-at-16.44.10-1024x768.webp 1024w, https:\/\/folhapopular.info\/wp-content\/uploads\/2026\/09\/WhatsApp-Image-2026-09-03-at-16.44.10-300x225.webp 300w, https:\/\/folhapopular.info\/wp-content\/uploads\/2026\/09\/WhatsApp-Image-2026-09-03-at-16.44.10-768x576.webp 768w, https:\/\/folhapopular.info\/wp-content\/uploads\/2026\/09\/WhatsApp-Image-2026-09-03-at-16.44.10-560x420.webp 560w, https:\/\/folhapopular.info\/wp-content\/uploads\/2026\/09\/WhatsApp-Image-2026-09-03-at-16.44.10-80x60.webp 80w, https:\/\/folhapopular.info\/wp-content\/uploads\/2026\/09\/WhatsApp-Image-2026-09-03-at-16.44.10-696x522.webp 696w, https:\/\/folhapopular.info\/wp-content\/uploads\/2026\/09\/WhatsApp-Image-2026-09-03-at-16.44.10-1068x801.webp 1068w, https:\/\/folhapopular.info\/wp-content\/uploads\/2026\/09\/WhatsApp-Image-2026-09-03-at-16.44.10.webp 1280w\" sizes=\"auto, (max-width: 1024px) 100vw, 1024px\" \/><\/figure>\n\n\n\n<figure class=\"wp-block-image size-large\"><img loading=\"lazy\" decoding=\"async\" width=\"1024\" height=\"768\" data-id=\"220331\" src=\"https:\/\/folhapopular.info\/wp-content\/uploads\/2026\/09\/WhatsApp-Image-2026-09-03-at-16.44.18-1024x768.webp\" alt=\"Cr\u00e9dito: Rafaela Zappaz\" class=\"wp-image-220331\" srcset=\"https:\/\/folhapopular.info\/wp-content\/uploads\/2026\/09\/WhatsApp-Image-2026-09-03-at-16.44.18-1024x768.webp 1024w, https:\/\/folhapopular.info\/wp-content\/uploads\/2026\/09\/WhatsApp-Image-2026-09-03-at-16.44.18-300x225.webp 300w, https:\/\/folhapopular.info\/wp-content\/uploads\/2026\/09\/WhatsApp-Image-2026-09-03-at-16.44.18-768x576.webp 768w, https:\/\/folhapopular.info\/wp-content\/uploads\/2026\/09\/WhatsApp-Image-2026-09-03-at-16.44.18-560x420.webp 560w, https:\/\/folhapopular.info\/wp-content\/uploads\/2026\/09\/WhatsApp-Image-2026-09-03-at-16.44.18-80x60.webp 80w, https:\/\/folhapopular.info\/wp-content\/uploads\/2026\/09\/WhatsApp-Image-2026-09-03-at-16.44.18-696x522.webp 696w, https:\/\/folhapopular.info\/wp-content\/uploads\/2026\/09\/WhatsApp-Image-2026-09-03-at-16.44.18-1068x801.webp 1068w, https:\/\/folhapopular.info\/wp-content\/uploads\/2026\/09\/WhatsApp-Image-2026-09-03-at-16.44.18.webp 1280w\" sizes=\"auto, (max-width: 1024px) 100vw, 1024px\" \/><\/figure>\n\n\n\n<figure class=\"wp-block-image size-large\"><img loading=\"lazy\" decoding=\"async\" width=\"768\" height=\"1024\" data-id=\"220330\" src=\"https:\/\/folhapopular.info\/wp-content\/uploads\/2026\/09\/WhatsApp-Image-2026-09-03-at-16.44.41-768x1024.webp\" alt=\"Cr\u00e9dito: Rafaela Zappaz\" class=\"wp-image-220330\" srcset=\"https:\/\/folhapopular.info\/wp-content\/uploads\/2026\/09\/WhatsApp-Image-2026-09-03-at-16.44.41-768x1024.webp 768w, https:\/\/folhapopular.info\/wp-content\/uploads\/2026\/09\/WhatsApp-Image-2026-09-03-at-16.44.41-225x300.webp 225w, https:\/\/folhapopular.info\/wp-content\/uploads\/2026\/09\/WhatsApp-Image-2026-09-03-at-16.44.41-315x420.webp 315w, https:\/\/folhapopular.info\/wp-content\/uploads\/2026\/09\/WhatsApp-Image-2026-09-03-at-16.44.41-696x928.webp 696w, https:\/\/folhapopular.info\/wp-content\/uploads\/2026\/09\/WhatsApp-Image-2026-09-03-at-16.44.41.webp 960w\" sizes=\"auto, (max-width: 768px) 100vw, 768px\" \/><\/figure>\n\n\n\n<figure class=\"wp-block-image size-large\"><img loading=\"lazy\" decoding=\"async\" width=\"768\" height=\"1024\" data-id=\"220329\" src=\"https:\/\/folhapopular.info\/wp-content\/uploads\/2026\/09\/WhatsApp-Image-2026-09-03-at-16.43.47-1-768x1024.webp\" alt=\"Cr\u00e9dito: Rafaela Zappaz\" class=\"wp-image-220329\" srcset=\"https:\/\/folhapopular.info\/wp-content\/uploads\/2026\/09\/WhatsApp-Image-2026-09-03-at-16.43.47-1-768x1024.webp 768w, https:\/\/folhapopular.info\/wp-content\/uploads\/2026\/09\/WhatsApp-Image-2026-09-03-at-16.43.47-1-225x300.webp 225w, https:\/\/folhapopular.info\/wp-content\/uploads\/2026\/09\/WhatsApp-Image-2026-09-03-at-16.43.47-1-315x420.webp 315w, https:\/\/folhapopular.info\/wp-content\/uploads\/2026\/09\/WhatsApp-Image-2026-09-03-at-16.43.47-1-696x928.webp 696w, https:\/\/folhapopular.info\/wp-content\/uploads\/2026\/09\/WhatsApp-Image-2026-09-03-at-16.43.47-1.webp 960w\" sizes=\"auto, (max-width: 768px) 100vw, 768px\" \/><\/figure>\n<figcaption class=\"blocks-gallery-caption wp-element-caption\">Cr\u00e9dito: Rafaela Zappaz<\/figcaption><\/figure>\n\n\n\n<p class=\"wp-block-paragraph\"><\/p>\n","protected":false},"excerpt":{"rendered":"<p>Westf\u00e1lia mant\u00e9m diversas frentes de trabalho em andamento, com investimentos em pavimenta\u00e7\u00e3o, infraestrutura, sa\u00fade e cultura. Conforme o prefeito C\u00e9sar Juliano Bloemker, o munic\u00edpio conta atualmente com obras em diferentes pontos, incluindo tr\u00eas trajetos na Linha Frank, onde os trabalhos de pavimenta\u00e7\u00e3o j\u00e1 est\u00e3o avan\u00e7ados. Um dos trechos, localizado pr\u00f3ximo \u00e0 ponte do Arroio Boa [&hellip;]<\/p>\n","protected":false},"author":782,"featured_media":220328,"comment_status":"open","ping_status":"open","sticky":false,"template":"","format":"standard","meta":{"pmpro_default_level":"","_jetpack_memberships_contains_paid_content":false,"footnotes":""},"categories":[2,3,11091],"tags":[1471,32,156,25],"class_list":["post-220327","post","type-post","status-publish","format-standard","has-post-thumbnail","category-featured","category-geral","category-servicos","tag-investimentos","tag-obras","tag-vale-do-taquari","tag-westfalia","pmpro-has-access"],"yoast_head":"<!-- This site is optimized with the Yoast SEO plugin v28.4 - https:\/\/yoast.com\/product\/yoast-seo-wordpress\/ -->\n<title>Westf\u00e1lia amplia obras e avan\u00e7a em novos projetos - Folha Popular<\/title>\n<meta name=\"description\" content=\"Westf\u00e1lia mant\u00e9m diversas frentes de trabalho em andamento, com investimentos em pavimenta\u00e7\u00e3o, infraestrutura, sa\u00fade e cultura. Conforme o prefeito C\u00e9sar Juliano Bloemker, o munic\u00edpio conta atualmente com obras em diferentes pontos, incluindo tr\u00eas trajetos na Linha Frank, onde os trabalhos de pavimenta\u00e7\u00e3o j\u00e1 est\u00e3o avan\u00e7ados.\" \/>\n<meta name=\"robots\" content=\"index, follow, max-snippet:-1, max-image-preview:large, max-video-preview:-1\" \/>\n<link rel=\"canonical\" href=\"https:\/\/folhapopular.info\/index.php\/2026\/09\/03\/westfalia-amplia-obras-e-avanca-em-novos-projetos\/\" \/>\n<meta property=\"og:locale\" content=\"pt_BR\" \/>\n<meta property=\"og:type\" content=\"article\" \/>\n<meta property=\"og:title\" content=\"Westf\u00e1lia amplia obras e avan\u00e7a em novos projetos - Folha Popular\" \/>\n<meta property=\"og:description\" content=\"Westf\u00e1lia mant\u00e9m diversas frentes de trabalho em andamento, com investimentos em pavimenta\u00e7\u00e3o, infraestrutura, sa\u00fade e cultura. Conforme o prefeito C\u00e9sar Juliano Bloemker, o munic\u00edpio conta atualmente com obras em diferentes pontos, incluindo tr\u00eas trajetos na Linha Frank, onde os trabalhos de pavimenta\u00e7\u00e3o j\u00e1 est\u00e3o avan\u00e7ados.\" \/>\n<meta property=\"og:url\" content=\"https:\/\/folhapopular.info\/index.php\/2026\/09\/03\/westfalia-amplia-obras-e-avanca-em-novos-projetos\/\" \/>\n<meta property=\"og:site_name\" content=\"Folha Popular\" \/>\n<meta property=\"article:published_time\" content=\"2026-09-03T20:00:00+00:00\" \/>\n<meta property=\"og:image\" content=\"https:\/\/folhapopular.info\/wp-content\/uploads\/2026\/09\/WhatsApp-Image-2026-09-03-at-16.47.35.webp\" \/>\n\t<meta property=\"og:image:width\" content=\"1280\" \/>\n\t<meta property=\"og:image:height\" content=\"960\" \/>\n\t<meta property=\"og:image:type\" content=\"image\/webp\" \/>\n<meta name=\"author\" content=\"Rafaela Zappaz\" \/>\n<meta name=\"twitter:card\" content=\"summary_large_image\" \/>\n<meta name=\"twitter:label1\" content=\"Escrito por\" \/>\n\t<meta name=\"twitter:data1\" content=\"Rafaela Zappaz\" \/>\n\t<meta name=\"twitter:label2\" content=\"Est. tempo de leitura\" \/>\n\t<meta name=\"twitter:data2\" content=\"3 minutos\" \/>\n<script type=\"application\/ld+json\" class=\"yoast-schema-graph\">{\"@context\":\"https:\\\/\\\/schema.org\",\"@graph\":[{\"@type\":\"Article\",\"@id\":\"https:\\\/\\\/folhapopular.info\\\/index.php\\\/2026\\\/09\\\/03\\\/westfalia-amplia-obras-e-avanca-em-novos-projetos\\\/#article\",\"isPartOf\":{\"@id\":\"https:\\\/\\\/folhapopular.info\\\/index.php\\\/2026\\\/09\\\/03\\\/westfalia-amplia-obras-e-avanca-em-novos-projetos\\\/\"},\"author\":{\"name\":\"Rafaela Zappaz\",\"@id\":\"https:\\\/\\\/folhapopular.info\\\/#\\\/schema\\\/person\\\/87aa1d7488478bf03a40dc0a852db19d\"},\"headline\":\"Westf\u00e1lia amplia obras e avan\u00e7a em novos projetos\",\"datePublished\":\"2026-09-03T20:00:00+00:00\",\"mainEntityOfPage\":{\"@id\":\"https:\\\/\\\/folhapopular.info\\\/index.php\\\/2026\\\/09\\\/03\\\/westfalia-amplia-obras-e-avanca-em-novos-projetos\\\/\"},\"wordCount\":391,\"commentCount\":0,\"image\":{\"@id\":\"https:\\\/\\\/folhapopular.info\\\/index.php\\\/2026\\\/09\\\/03\\\/westfalia-amplia-obras-e-avanca-em-novos-projetos\\\/#primaryimage\"},\"thumbnailUrl\":\"https:\\\/\\\/folhapopular.info\\\/wp-content\\\/uploads\\\/2026\\\/09\\\/WhatsApp-Image-2026-09-03-at-16.47.35.webp\",\"keywords\":[\"Investimentos\",\"Obras\",\"Vale do Taquari\",\"Westf\u00e1lia\"],\"articleSection\":[\"Destaques\",\"Geral\",\"Servi\u00e7os\"],\"inLanguage\":\"pt-BR\",\"potentialAction\":[{\"@type\":\"CommentAction\",\"name\":\"Comment\",\"target\":[\"https:\\\/\\\/folhapopular.info\\\/index.php\\\/2026\\\/09\\\/03\\\/westfalia-amplia-obras-e-avanca-em-novos-projetos\\\/#respond\"]}]},{\"@type\":\"WebPage\",\"@id\":\"https:\\\/\\\/folhapopular.info\\\/index.php\\\/2026\\\/09\\\/03\\\/westfalia-amplia-obras-e-avanca-em-novos-projetos\\\/\",\"url\":\"https:\\\/\\\/folhapopular.info\\\/index.php\\\/2026\\\/09\\\/03\\\/westfalia-amplia-obras-e-avanca-em-novos-projetos\\\/\",\"name\":\"Westf\u00e1lia amplia obras e avan\u00e7a em novos projetos - Folha Popular\",\"isPartOf\":{\"@id\":\"https:\\\/\\\/folhapopular.info\\\/#website\"},\"primaryImageOfPage\":{\"@id\":\"https:\\\/\\\/folhapopular.info\\\/index.php\\\/2026\\\/09\\\/03\\\/westfalia-amplia-obras-e-avanca-em-novos-projetos\\\/#primaryimage\"},\"image\":{\"@id\":\"https:\\\/\\\/folhapopular.info\\\/index.php\\\/2026\\\/09\\\/03\\\/westfalia-amplia-obras-e-avanca-em-novos-projetos\\\/#primaryimage\"},\"thumbnailUrl\":\"https:\\\/\\\/folhapopular.info\\\/wp-content\\\/uploads\\\/2026\\\/09\\\/WhatsApp-Image-2026-09-03-at-16.47.35.webp\",\"datePublished\":\"2026-09-03T20:00:00+00:00\",\"author\":{\"@id\":\"https:\\\/\\\/folhapopular.info\\\/#\\\/schema\\\/person\\\/87aa1d7488478bf03a40dc0a852db19d\"},\"description\":\"Westf\u00e1lia mant\u00e9m diversas frentes de trabalho em andamento, com investimentos em pavimenta\u00e7\u00e3o, infraestrutura, sa\u00fade e cultura. Conforme o prefeito C\u00e9sar Juliano Bloemker, o munic\u00edpio conta atualmente com obras em diferentes pontos, incluindo tr\u00eas trajetos na Linha Frank, onde os trabalhos de pavimenta\u00e7\u00e3o j\u00e1 est\u00e3o avan\u00e7ados.\",\"breadcrumb\":{\"@id\":\"https:\\\/\\\/folhapopular.info\\\/index.php\\\/2026\\\/09\\\/03\\\/westfalia-amplia-obras-e-avanca-em-novos-projetos\\\/#breadcrumb\"},\"inLanguage\":\"pt-BR\",\"potentialAction\":[{\"@type\":\"ReadAction\",\"target\":[\"https:\\\/\\\/folhapopular.info\\\/index.php\\\/2026\\\/09\\\/03\\\/westfalia-amplia-obras-e-avanca-em-novos-projetos\\\/\"]}]},{\"@type\":\"ImageObject\",\"inLanguage\":\"pt-BR\",\"@id\":\"https:\\\/\\\/folhapopular.info\\\/index.php\\\/2026\\\/09\\\/03\\\/westfalia-amplia-obras-e-avanca-em-novos-projetos\\\/#primaryimage\",\"url\":\"https:\\\/\\\/folhapopular.info\\\/wp-content\\\/uploads\\\/2026\\\/09\\\/WhatsApp-Image-2026-09-03-at-16.47.35.webp\",\"contentUrl\":\"https:\\\/\\\/folhapopular.info\\\/wp-content\\\/uploads\\\/2026\\\/09\\\/WhatsApp-Image-2026-09-03-at-16.47.35.webp\",\"width\":1280,\"height\":960,\"caption\":\"Cr\u00e9dito: Rafaela Zappaz\"},{\"@type\":\"BreadcrumbList\",\"@id\":\"https:\\\/\\\/folhapopular.info\\\/index.php\\\/2026\\\/09\\\/03\\\/westfalia-amplia-obras-e-avanca-em-novos-projetos\\\/#breadcrumb\",\"itemListElement\":[{\"@type\":\"ListItem\",\"position\":1,\"name\":\"In\u00edcio\",\"item\":\"https:\\\/\\\/folhapopular.info\\\/\"},{\"@type\":\"ListItem\",\"position\":2,\"name\":\"Westf\u00e1lia amplia obras e avan\u00e7a em novos projetos\"}]},{\"@type\":\"WebSite\",\"@id\":\"https:\\\/\\\/folhapopular.info\\\/#website\",\"url\":\"https:\\\/\\\/folhapopular.info\\\/\",\"name\":\"Folha Popular\",\"description\":\"Onde voc\u00ea tem vez e voz\",\"potentialAction\":[{\"@type\":\"SearchAction\",\"target\":{\"@type\":\"EntryPoint\",\"urlTemplate\":\"https:\\\/\\\/folhapopular.info\\\/?s={search_term_string}\"},\"query-input\":{\"@type\":\"PropertyValueSpecification\",\"valueRequired\":true,\"valueName\":\"search_term_string\"}}],\"inLanguage\":\"pt-BR\"},{\"@type\":\"Person\",\"@id\":\"https:\\\/\\\/folhapopular.info\\\/#\\\/schema\\\/person\\\/87aa1d7488478bf03a40dc0a852db19d\",\"name\":\"Rafaela Zappaz\",\"image\":{\"@type\":\"ImageObject\",\"inLanguage\":\"pt-BR\",\"@id\":\"https:\\\/\\\/secure.gravatar.com\\\/avatar\\\/7b6259df2b1311e565e2e930bcf599e41eca901dc1e0e850d699f28cc7ea8de8?s=96&d=mm&r=g\",\"url\":\"https:\\\/\\\/secure.gravatar.com\\\/avatar\\\/7b6259df2b1311e565e2e930bcf599e41eca901dc1e0e850d699f28cc7ea8de8?s=96&d=mm&r=g\",\"contentUrl\":\"https:\\\/\\\/secure.gravatar.com\\\/avatar\\\/7b6259df2b1311e565e2e930bcf599e41eca901dc1e0e850d699f28cc7ea8de8?s=96&d=mm&r=g\",\"caption\":\"Rafaela Zappaz\"},\"url\":\"https:\\\/\\\/folhapopular.info\\\/index.php\\\/author\\\/rafaela-zappaz\\\/\"}]}<\/script>\n<!-- \/ Yoast SEO plugin. -->","yoast_head_json":{"title":"Westf\u00e1lia amplia obras e avan\u00e7a em novos projetos - Folha Popular","description":"Westf\u00e1lia mant\u00e9m diversas frentes de trabalho em andamento, com investimentos em pavimenta\u00e7\u00e3o, infraestrutura, sa\u00fade e cultura. Conforme o prefeito C\u00e9sar Juliano Bloemker, o munic\u00edpio conta atualmente com obras em diferentes pontos, incluindo tr\u00eas trajetos na Linha Frank, onde os trabalhos de pavimenta\u00e7\u00e3o j\u00e1 est\u00e3o avan\u00e7ados.","robots":{"index":"index","follow":"follow","max-snippet":"max-snippet:-1","max-image-preview":"max-image-preview:large","max-video-preview":"max-video-preview:-1"},"canonical":"https:\/\/folhapopular.info\/index.php\/2026\/09\/03\/westfalia-amplia-obras-e-avanca-em-novos-projetos\/","og_locale":"pt_BR","og_type":"article","og_title":"Westf\u00e1lia amplia obras e avan\u00e7a em novos projetos - Folha Popular","og_description":"Westf\u00e1lia mant\u00e9m diversas frentes de trabalho em andamento, com investimentos em pavimenta\u00e7\u00e3o, infraestrutura, sa\u00fade e cultura. Conforme o prefeito C\u00e9sar Juliano Bloemker, o munic\u00edpio conta atualmente com obras em diferentes pontos, incluindo tr\u00eas trajetos na Linha Frank, onde os trabalhos de pavimenta\u00e7\u00e3o j\u00e1 est\u00e3o avan\u00e7ados.","og_url":"https:\/\/folhapopular.info\/index.php\/2026\/09\/03\/westfalia-amplia-obras-e-avanca-em-novos-projetos\/","og_site_name":"Folha Popular","article_published_time":"2026-09-03T20:00:00+00:00","og_image":[{"width":1280,"height":960,"url":"https:\/\/folhapopular.info\/wp-content\/uploads\/2026\/09\/WhatsApp-Image-2026-09-03-at-16.47.35.webp","type":"image\/webp"}],"author":"Rafaela Zappaz","twitter_card":"summary_large_image","twitter_misc":{"Escrito por":"Rafaela Zappaz","Est. tempo de leitura":"3 minutos"},"schema":{"@context":"https:\/\/schema.org","@graph":[{"@type":"Article","@id":"https:\/\/folhapopular.info\/index.php\/2026\/09\/03\/westfalia-amplia-obras-e-avanca-em-novos-projetos\/#article","isPartOf":{"@id":"https:\/\/folhapopular.info\/index.php\/2026\/09\/03\/westfalia-amplia-obras-e-avanca-em-novos-projetos\/"},"author":{"name":"Rafaela Zappaz","@id":"https:\/\/folhapopular.info\/#\/schema\/person\/87aa1d7488478bf03a40dc0a852db19d"},"headline":"Westf\u00e1lia amplia obras e avan\u00e7a em novos projetos","datePublished":"2026-09-03T20:00:00+00:00","mainEntityOfPage":{"@id":"https:\/\/folhapopular.info\/index.php\/2026\/09\/03\/westfalia-amplia-obras-e-avanca-em-novos-projetos\/"},"wordCount":391,"commentCount":0,"image":{"@id":"https:\/\/folhapopular.info\/index.php\/2026\/09\/03\/westfalia-amplia-obras-e-avanca-em-novos-projetos\/#primaryimage"},"thumbnailUrl":"https:\/\/folhapopular.info\/wp-content\/uploads\/2026\/09\/WhatsApp-Image-2026-09-03-at-16.47.35.webp","keywords":["Investimentos","Obras","Vale do Taquari","Westf\u00e1lia"],"articleSection":["Destaques","Geral","Servi\u00e7os"],"inLanguage":"pt-BR","potentialAction":[{"@type":"CommentAction","name":"Comment","target":["https:\/\/folhapopular.info\/index.php\/2026\/09\/03\/westfalia-amplia-obras-e-avanca-em-novos-projetos\/#respond"]}]},{"@type":"WebPage","@id":"https:\/\/folhapopular.info\/index.php\/2026\/09\/03\/westfalia-amplia-obras-e-avanca-em-novos-projetos\/","url":"https:\/\/folhapopular.info\/index.php\/2026\/09\/03\/westfalia-amplia-obras-e-avanca-em-novos-projetos\/","name":"Westf\u00e1lia amplia obras e avan\u00e7a em novos projetos - Folha Popular","isPartOf":{"@id":"https:\/\/folhapopular.info\/#website"},"primaryImageOfPage":{"@id":"https:\/\/folhapopular.info\/index.php\/2026\/09\/03\/westfalia-amplia-obras-e-avanca-em-novos-projetos\/#primaryimage"},"image":{"@id":"https:\/\/folhapopular.info\/index.php\/2026\/09\/03\/westfalia-amplia-obras-e-avanca-em-novos-projetos\/#primaryimage"},"thumbnailUrl":"https:\/\/folhapopular.info\/wp-content\/uploads\/2026\/09\/WhatsApp-Image-2026-09-03-at-16.47.35.webp","datePublished":"2026-09-03T20:00:00+00:00","author":{"@id":"https:\/\/folhapopular.info\/#\/schema\/person\/87aa1d7488478bf03a40dc0a852db19d"},"description":"Westf\u00e1lia mant\u00e9m diversas frentes de trabalho em andamento, com investimentos em pavimenta\u00e7\u00e3o, infraestrutura, sa\u00fade e cultura. Conforme o prefeito C\u00e9sar Juliano Bloemker, o munic\u00edpio conta atualmente com obras em diferentes pontos, incluindo tr\u00eas trajetos na Linha Frank, onde os trabalhos de pavimenta\u00e7\u00e3o j\u00e1 est\u00e3o avan\u00e7ados.","breadcrumb":{"@id":"https:\/\/folhapopular.info\/index.php\/2026\/09\/03\/westfalia-amplia-obras-e-avanca-em-novos-projetos\/#breadcrumb"},"inLanguage":"pt-BR","potentialAction":[{"@type":"ReadAction","target":["https:\/\/folhapopular.info\/index.php\/2026\/09\/03\/westfalia-amplia-obras-e-avanca-em-novos-projetos\/"]}]},{"@type":"ImageObject","inLanguage":"pt-BR","@id":"https:\/\/folhapopular.info\/index.php\/2026\/09\/03\/westfalia-amplia-obras-e-avanca-em-novos-projetos\/#primaryimage","url":"https:\/\/folhapopular.info\/wp-content\/uploads\/2026\/09\/WhatsApp-Image-2026-09-03-at-16.47.35.webp","contentUrl":"https:\/\/folhapopular.info\/wp-content\/uploads\/2026\/09\/WhatsApp-Image-2026-09-03-at-16.47.35.webp","width":1280,"height":960,"caption":"Cr\u00e9dito: Rafaela Zappaz"},{"@type":"BreadcrumbList","@id":"https:\/\/folhapopular.info\/index.php\/2026\/09\/03\/westfalia-amplia-obras-e-avanca-em-novos-projetos\/#breadcrumb","itemListElement":[{"@type":"ListItem","position":1,"name":"In\u00edcio","item":"https:\/\/folhapopular.info\/"},{"@type":"ListItem","position":2,"name":"Westf\u00e1lia amplia obras e avan\u00e7a em novos projetos"}]},{"@type":"WebSite","@id":"https:\/\/folhapopular.info\/#website","url":"https:\/\/folhapopular.info\/","name":"Folha Popular","description":"Onde voc\u00ea tem vez e voz","potentialAction":[{"@type":"SearchAction","target":{"@type":"EntryPoint","urlTemplate":"https:\/\/folhapopular.info\/?s={search_term_string}"},"query-input":{"@type":"PropertyValueSpecification","valueRequired":true,"valueName":"search_term_string"}}],"inLanguage":"pt-BR"},{"@type":"Person","@id":"https:\/\/folhapopular.info\/#\/schema\/person\/87aa1d7488478bf03a40dc0a852db19d","name":"Rafaela Zappaz","image":{"@type":"ImageObject","inLanguage":"pt-BR","@id":"https:\/\/secure.gravatar.com\/avatar\/7b6259df2b1311e565e2e930bcf599e41eca901dc1e0e850d699f28cc7ea8de8?s=96&d=mm&r=g","url":"https:\/\/secure.gravatar.com\/avatar\/7b6259df2b1311e565e2e930bcf599e41eca901dc1e0e850d699f28cc7ea8de8?s=96&d=mm&r=g","contentUrl":"https:\/\/secure.gravatar.com\/avatar\/7b6259df2b1311e565e2e930bcf599e41eca901dc1e0e850d699f28cc7ea8de8?s=96&d=mm&r=g","caption":"Rafaela Zappaz"},"url":"https:\/\/folhapopular.info\/index.php\/author\/rafaela-zappaz\/"}]}},"jetpack_sharing_enabled":true,"amp_enabled":true,"jetpack_featured_media_url":"https:\/\/folhapopular.info\/wp-content\/uploads\/2026\/09\/WhatsApp-Image-2026-09-03-at-16.47.35.webp","_links":{"self":[{"href":"https:\/\/folhapopular.info\/index.php\/wp-json\/wp\/v2\/posts\/220327","targetHints":{"allow":["GET"]}}],"collection":[{"href":"https:\/\/folhapopular.info\/index.php\/wp-json\/wp\/v2\/posts"}],"about":[{"href":"https:\/\/folhapopular.info\/index.php\/wp-json\/wp\/v2\/types\/post"}],"author":[{"embeddable":true,"href":"https:\/\/folhapopular.info\/index.php\/wp-json\/wp\/v2\/users\/782"}],"replies":[{"embeddable":true,"href":"https:\/\/folhapopular.info\/index.php\/wp-json\/wp\/v2\/comments?post=220327"}],"version-history":[{"count":1,"href":"https:\/\/folhapopular.info\/index.php\/wp-json\/wp\/v2\/posts\/220327\/revisions"}],"predecessor-version":[{"id":220335,"href":"https:\/\/folhapopular.info\/index.php\/wp-json\/wp\/v2\/posts\/220327\/revisions\/220335"}],"wp:featuredmedia":[{"embeddable":true,"href":"https:\/\/folhapopular.info\/index.php\/wp-json\/wp\/v2\/media\/220328"}],"wp:attachment":[{"href":"https:\/\/folhapopular.info\/index.php\/wp-json\/wp\/v2\/media?parent=220327"}],"wp:term":[{"taxonomy":"category","embeddable":true,"href":"https:\/\/folhapopular.info\/index.php\/wp-json\/wp\/v2\/categories?post=220327"},{"taxonomy":"post_tag","embeddable":true,"href":"https:\/\/folhapopular.info\/index.php\/wp-json\/wp\/v2\/tags?post=220327"}],"curies":[{"name":"wp","href":"https:\/\/api.w.org\/{rel}","templated":true}]}}