{"id":220340,"date":"2026-09-04T13:30:00","date_gmt":"2026-09-04T16:30:00","guid":{"rendered":"https:\/\/folhapopular.info\/?p=220340"},"modified":"2026-09-04T13:11:09","modified_gmt":"2026-09-04T16:11:09","slug":"fazenda-vilanova-projeta-novas-entregas","status":"publish","type":"post","link":"https:\/\/folhapopular.info\/index.php\/2026\/09\/04\/fazenda-vilanova-projeta-novas-entregas\/","title":{"rendered":"Fazenda Vilanova projeta novas entregas"},"content":{"rendered":"\n<p class=\"wp-block-paragraph\">O munic\u00edpio mant\u00e9m diferentes frentes de trabalho em andamento, com investimentos em infraestrutura, habita\u00e7\u00e3o e novos espa\u00e7os p\u00fablicos. Entre as a\u00e7\u00f5es est\u00e3o a pavimenta\u00e7\u00e3o de um trecho na localidade de Nova Westf\u00e1lia, a constru\u00e7\u00e3o de 20 casas populares e a implanta\u00e7\u00e3o de um pavilh\u00e3o gin\u00e1sio aberto. <br><br>Na \u00e1rea de infraestrutura, o munic\u00edpio executa, por meio do programa Pavimenta, do Governo do Estado, a pavimenta\u00e7\u00e3o de aproximadamente 700 metros na Nova Westf\u00e1lia. A obra integra um conjunto de a\u00e7\u00f5es que, de acordo com o prefeito Amarildo Lu\u00eds da Silva, tem como objetivo ampliar as entregas \u00e0 comunidade.<\/p>\n\n\n\n<h2 class=\"wp-block-heading\"><strong>Casas populares<\/strong><br><\/h2>\n\n\n\n<p class=\"wp-block-paragraph\">Entre os projetos voltados \u00e0 \u00e1rea social est\u00e1 a constru\u00e7\u00e3o de 20 casas populares pelo programa estadual A Casa \u00e9 Sua. As obras come\u00e7aram em 2025 e, em meados de 2026, as unidades j\u00e1 estavam com as paredes levantadas e recebendo a estrutura dos telhados. A previs\u00e3o \u00e9 de que as moradias sejam entregues at\u00e9 o final de 2026.<br><br>O projeto representa um investimento total de R$ 2,6 milh\u00f5es. Desse valor, R$ 1,6 milh\u00e3o \u00e9 destinado pelo Governo do Estado e R$ 1 milh\u00e3o corresponde \u00e0 contrapartida da Prefeitura. Cada unidade tem custo estimado de R$ 130 mil.<br><br>As moradias s\u00e3o destinadas a fam\u00edlias de baixa renda e em situa\u00e7\u00e3o de vulnerabilidade social cadastradas no Centro de Refer\u00eancia da Assist\u00eancia Social (Cras) do munic\u00edpio. Para a administra\u00e7\u00e3o municipal, a iniciativa representa uma das principais entregas previstas para as fam\u00edlias beneficiadas.<\/p>\n\n\n\n<h2 class=\"wp-block-heading\"><strong>Novo pavilh\u00e3o<\/strong><\/h2>\n\n\n\n<p class=\"wp-block-paragraph\"><br>Outra obra que deve avan\u00e7ar nos pr\u00f3ximos dias \u00e9 a constru\u00e7\u00e3o de um pavilh\u00e3o gin\u00e1sio aberto, com 22 metros de largura por 66 metros de comprimento. A ordem de in\u00edcio j\u00e1 foi emitida e a empresa respons\u00e1vel deve iniciar os trabalhos nos pr\u00f3ximos dias.<br><br>Al\u00e9m das obras, a administra\u00e7\u00e3o municipal trabalha na busca por novos investimentos privados. O munic\u00edpio mant\u00e9m negocia\u00e7\u00f5es e di\u00e1logo com empresas interessadas em se instalar em Fazenda Vilanova, com o objetivo de ampliar as oportunidades e fortalecer o desenvolvimento local.<br><br>Amarildo tamb\u00e9m ressalta que a gest\u00e3o pretende manter a proximidade com os moradores na defini\u00e7\u00e3o das a\u00e7\u00f5es. \u201c\u00c9 uma administra\u00e7\u00e3o voltada para as pessoas\u201d, afirma o prefeito.<\/p>\n","protected":false},"excerpt":{"rendered":"<p>O munic\u00edpio mant\u00e9m diferentes frentes de trabalho em andamento, com investimentos em infraestrutura, habita\u00e7\u00e3o e novos espa\u00e7os p\u00fablicos. Entre as a\u00e7\u00f5es est\u00e3o a pavimenta\u00e7\u00e3o de um trecho na localidade de Nova Westf\u00e1lia, a constru\u00e7\u00e3o de 20 casas populares e a implanta\u00e7\u00e3o de um pavilh\u00e3o gin\u00e1sio aberto. Na \u00e1rea de infraestrutura, o munic\u00edpio executa, por meio [&hellip;]<\/p>\n","protected":false},"author":782,"featured_media":220379,"comment_status":"open","ping_status":"open","sticky":false,"template":"","format":"standard","meta":{"pmpro_default_level":"","_jetpack_memberships_contains_paid_content":false,"footnotes":""},"categories":[2,3,11091],"tags":[21902,801,1471,6250],"class_list":["post-220340","post","type-post","status-publish","format-standard","has-post-thumbnail","category-featured","category-geral","category-servicos","tag-entregas","tag-fazenda-vilanova","tag-investimentos","tag-projetos","pmpro-has-access"],"yoast_head":"<!-- This site is optimized with the Yoast SEO plugin v28.4 - https:\/\/yoast.com\/product\/yoast-seo-wordpress\/ -->\n<title>Fazenda Vilanova projeta novas entregas - Folha Popular<\/title>\n<meta name=\"description\" content=\"O munic\u00edpio mant\u00e9m diferentes frentes de trabalho em andamento, com investimentos em infraestrutura, habita\u00e7\u00e3o e novos espa\u00e7os p\u00fablicos. Entre as a\u00e7\u00f5es est\u00e3o a pavimenta\u00e7\u00e3o de um trecho na localidade de Nova Westf\u00e1lia, a constru\u00e7\u00e3o de 20 casas populares e a implanta\u00e7\u00e3o de um pavilh\u00e3o gin\u00e1sio aberto.\" \/>\n<meta name=\"robots\" content=\"index, follow, max-snippet:-1, max-image-preview:large, max-video-preview:-1\" \/>\n<link rel=\"canonical\" href=\"https:\/\/folhapopular.info\/index.php\/2026\/09\/04\/fazenda-vilanova-projeta-novas-entregas\/\" \/>\n<meta property=\"og:locale\" content=\"pt_BR\" \/>\n<meta property=\"og:type\" content=\"article\" \/>\n<meta property=\"og:title\" content=\"Fazenda Vilanova projeta novas entregas - Folha Popular\" \/>\n<meta property=\"og:description\" content=\"O munic\u00edpio mant\u00e9m diferentes frentes de trabalho em andamento, com investimentos em infraestrutura, habita\u00e7\u00e3o e novos espa\u00e7os p\u00fablicos. Entre as a\u00e7\u00f5es est\u00e3o a pavimenta\u00e7\u00e3o de um trecho na localidade de Nova Westf\u00e1lia, a constru\u00e7\u00e3o de 20 casas populares e a implanta\u00e7\u00e3o de um pavilh\u00e3o gin\u00e1sio aberto.\" \/>\n<meta property=\"og:url\" content=\"https:\/\/folhapopular.info\/index.php\/2026\/09\/04\/fazenda-vilanova-projeta-novas-entregas\/\" \/>\n<meta property=\"og:site_name\" content=\"Folha Popular\" \/>\n<meta property=\"article:published_time\" content=\"2026-09-04T16:30:00+00:00\" \/>\n<meta property=\"og:image\" content=\"https:\/\/folhapopular.info\/wp-content\/uploads\/2026\/09\/WhatsApp-Image-2026-09-04-at-10.55.52.webp\" \/>\n\t<meta property=\"og:image:width\" content=\"1280\" \/>\n\t<meta property=\"og:image:height\" content=\"960\" \/>\n\t<meta property=\"og:image:type\" content=\"image\/webp\" \/>\n<meta name=\"author\" content=\"Rafaela Zappaz\" \/>\n<meta name=\"twitter:card\" content=\"summary_large_image\" \/>\n<meta name=\"twitter:label1\" content=\"Escrito por\" \/>\n\t<meta name=\"twitter:data1\" content=\"Rafaela Zappaz\" \/>\n\t<meta name=\"twitter:label2\" content=\"Est. tempo de leitura\" \/>\n\t<meta name=\"twitter:data2\" content=\"3 minutos\" \/>\n<script type=\"application\/ld+json\" class=\"yoast-schema-graph\">{\"@context\":\"https:\\\/\\\/schema.org\",\"@graph\":[{\"@type\":\"Article\",\"@id\":\"https:\\\/\\\/folhapopular.info\\\/index.php\\\/2026\\\/09\\\/04\\\/fazenda-vilanova-projeta-novas-entregas\\\/#article\",\"isPartOf\":{\"@id\":\"https:\\\/\\\/folhapopular.info\\\/index.php\\\/2026\\\/09\\\/04\\\/fazenda-vilanova-projeta-novas-entregas\\\/\"},\"author\":{\"name\":\"Rafaela Zappaz\",\"@id\":\"https:\\\/\\\/folhapopular.info\\\/#\\\/schema\\\/person\\\/87aa1d7488478bf03a40dc0a852db19d\"},\"headline\":\"Fazenda Vilanova projeta novas entregas\",\"datePublished\":\"2026-09-04T16:30:00+00:00\",\"mainEntityOfPage\":{\"@id\":\"https:\\\/\\\/folhapopular.info\\\/index.php\\\/2026\\\/09\\\/04\\\/fazenda-vilanova-projeta-novas-entregas\\\/\"},\"wordCount\":388,\"commentCount\":0,\"image\":{\"@id\":\"https:\\\/\\\/folhapopular.info\\\/index.php\\\/2026\\\/09\\\/04\\\/fazenda-vilanova-projeta-novas-entregas\\\/#primaryimage\"},\"thumbnailUrl\":\"https:\\\/\\\/folhapopular.info\\\/wp-content\\\/uploads\\\/2026\\\/09\\\/WhatsApp-Image-2026-09-04-at-10.55.52.webp\",\"keywords\":[\"entregas\",\"Fazenda Vilanova\",\"Investimentos\",\"Projetos\"],\"articleSection\":[\"Destaques\",\"Geral\",\"Servi\u00e7os\"],\"inLanguage\":\"pt-BR\",\"potentialAction\":[{\"@type\":\"CommentAction\",\"name\":\"Comment\",\"target\":[\"https:\\\/\\\/folhapopular.info\\\/index.php\\\/2026\\\/09\\\/04\\\/fazenda-vilanova-projeta-novas-entregas\\\/#respond\"]}]},{\"@type\":\"WebPage\",\"@id\":\"https:\\\/\\\/folhapopular.info\\\/index.php\\\/2026\\\/09\\\/04\\\/fazenda-vilanova-projeta-novas-entregas\\\/\",\"url\":\"https:\\\/\\\/folhapopular.info\\\/index.php\\\/2026\\\/09\\\/04\\\/fazenda-vilanova-projeta-novas-entregas\\\/\",\"name\":\"Fazenda Vilanova projeta novas entregas - Folha Popular\",\"isPartOf\":{\"@id\":\"https:\\\/\\\/folhapopular.info\\\/#website\"},\"primaryImageOfPage\":{\"@id\":\"https:\\\/\\\/folhapopular.info\\\/index.php\\\/2026\\\/09\\\/04\\\/fazenda-vilanova-projeta-novas-entregas\\\/#primaryimage\"},\"image\":{\"@id\":\"https:\\\/\\\/folhapopular.info\\\/index.php\\\/2026\\\/09\\\/04\\\/fazenda-vilanova-projeta-novas-entregas\\\/#primaryimage\"},\"thumbnailUrl\":\"https:\\\/\\\/folhapopular.info\\\/wp-content\\\/uploads\\\/2026\\\/09\\\/WhatsApp-Image-2026-09-04-at-10.55.52.webp\",\"datePublished\":\"2026-09-04T16:30:00+00:00\",\"author\":{\"@id\":\"https:\\\/\\\/folhapopular.info\\\/#\\\/schema\\\/person\\\/87aa1d7488478bf03a40dc0a852db19d\"},\"description\":\"O munic\u00edpio mant\u00e9m diferentes frentes de trabalho em andamento, com investimentos em infraestrutura, habita\u00e7\u00e3o e novos espa\u00e7os p\u00fablicos. Entre as a\u00e7\u00f5es est\u00e3o a pavimenta\u00e7\u00e3o de um trecho na localidade de Nova Westf\u00e1lia, a constru\u00e7\u00e3o de 20 casas populares e a implanta\u00e7\u00e3o de um pavilh\u00e3o gin\u00e1sio aberto.\",\"breadcrumb\":{\"@id\":\"https:\\\/\\\/folhapopular.info\\\/index.php\\\/2026\\\/09\\\/04\\\/fazenda-vilanova-projeta-novas-entregas\\\/#breadcrumb\"},\"inLanguage\":\"pt-BR\",\"potentialAction\":[{\"@type\":\"ReadAction\",\"target\":[\"https:\\\/\\\/folhapopular.info\\\/index.php\\\/2026\\\/09\\\/04\\\/fazenda-vilanova-projeta-novas-entregas\\\/\"]}]},{\"@type\":\"ImageObject\",\"inLanguage\":\"pt-BR\",\"@id\":\"https:\\\/\\\/folhapopular.info\\\/index.php\\\/2026\\\/09\\\/04\\\/fazenda-vilanova-projeta-novas-entregas\\\/#primaryimage\",\"url\":\"https:\\\/\\\/folhapopular.info\\\/wp-content\\\/uploads\\\/2026\\\/09\\\/WhatsApp-Image-2026-09-04-at-10.55.52.webp\",\"contentUrl\":\"https:\\\/\\\/folhapopular.info\\\/wp-content\\\/uploads\\\/2026\\\/09\\\/WhatsApp-Image-2026-09-04-at-10.55.52.webp\",\"width\":1280,\"height\":960,\"caption\":\"Moradias devem ser entregues at\u00e9 o final do ano \\\/ Cr\u00e9dito: Rafaela Zappaz\"},{\"@type\":\"BreadcrumbList\",\"@id\":\"https:\\\/\\\/folhapopular.info\\\/index.php\\\/2026\\\/09\\\/04\\\/fazenda-vilanova-projeta-novas-entregas\\\/#breadcrumb\",\"itemListElement\":[{\"@type\":\"ListItem\",\"position\":1,\"name\":\"In\u00edcio\",\"item\":\"https:\\\/\\\/folhapopular.info\\\/\"},{\"@type\":\"ListItem\",\"position\":2,\"name\":\"Fazenda Vilanova projeta novas entregas\"}]},{\"@type\":\"WebSite\",\"@id\":\"https:\\\/\\\/folhapopular.info\\\/#website\",\"url\":\"https:\\\/\\\/folhapopular.info\\\/\",\"name\":\"Folha Popular\",\"description\":\"Onde voc\u00ea tem vez e voz\",\"potentialAction\":[{\"@type\":\"SearchAction\",\"target\":{\"@type\":\"EntryPoint\",\"urlTemplate\":\"https:\\\/\\\/folhapopular.info\\\/?s={search_term_string}\"},\"query-input\":{\"@type\":\"PropertyValueSpecification\",\"valueRequired\":true,\"valueName\":\"search_term_string\"}}],\"inLanguage\":\"pt-BR\"},{\"@type\":\"Person\",\"@id\":\"https:\\\/\\\/folhapopular.info\\\/#\\\/schema\\\/person\\\/87aa1d7488478bf03a40dc0a852db19d\",\"name\":\"Rafaela Zappaz\",\"image\":{\"@type\":\"ImageObject\",\"inLanguage\":\"pt-BR\",\"@id\":\"https:\\\/\\\/secure.gravatar.com\\\/avatar\\\/7b6259df2b1311e565e2e930bcf599e41eca901dc1e0e850d699f28cc7ea8de8?s=96&d=mm&r=g\",\"url\":\"https:\\\/\\\/secure.gravatar.com\\\/avatar\\\/7b6259df2b1311e565e2e930bcf599e41eca901dc1e0e850d699f28cc7ea8de8?s=96&d=mm&r=g\",\"contentUrl\":\"https:\\\/\\\/secure.gravatar.com\\\/avatar\\\/7b6259df2b1311e565e2e930bcf599e41eca901dc1e0e850d699f28cc7ea8de8?s=96&d=mm&r=g\",\"caption\":\"Rafaela Zappaz\"},\"url\":\"https:\\\/\\\/folhapopular.info\\\/index.php\\\/author\\\/rafaela-zappaz\\\/\"}]}<\/script>\n<!-- \/ Yoast SEO plugin. -->","yoast_head_json":{"title":"Fazenda Vilanova projeta novas entregas - Folha Popular","description":"O munic\u00edpio mant\u00e9m diferentes frentes de trabalho em andamento, com investimentos em infraestrutura, habita\u00e7\u00e3o e novos espa\u00e7os p\u00fablicos. Entre as a\u00e7\u00f5es est\u00e3o a pavimenta\u00e7\u00e3o de um trecho na localidade de Nova Westf\u00e1lia, a constru\u00e7\u00e3o de 20 casas populares e a implanta\u00e7\u00e3o de um pavilh\u00e3o gin\u00e1sio aberto.","robots":{"index":"index","follow":"follow","max-snippet":"max-snippet:-1","max-image-preview":"max-image-preview:large","max-video-preview":"max-video-preview:-1"},"canonical":"https:\/\/folhapopular.info\/index.php\/2026\/09\/04\/fazenda-vilanova-projeta-novas-entregas\/","og_locale":"pt_BR","og_type":"article","og_title":"Fazenda Vilanova projeta novas entregas - Folha Popular","og_description":"O munic\u00edpio mant\u00e9m diferentes frentes de trabalho em andamento, com investimentos em infraestrutura, habita\u00e7\u00e3o e novos espa\u00e7os p\u00fablicos. Entre as a\u00e7\u00f5es est\u00e3o a pavimenta\u00e7\u00e3o de um trecho na localidade de Nova Westf\u00e1lia, a constru\u00e7\u00e3o de 20 casas populares e a implanta\u00e7\u00e3o de um pavilh\u00e3o gin\u00e1sio aberto.","og_url":"https:\/\/folhapopular.info\/index.php\/2026\/09\/04\/fazenda-vilanova-projeta-novas-entregas\/","og_site_name":"Folha Popular","article_published_time":"2026-09-04T16:30:00+00:00","og_image":[{"width":1280,"height":960,"url":"https:\/\/folhapopular.info\/wp-content\/uploads\/2026\/09\/WhatsApp-Image-2026-09-04-at-10.55.52.webp","type":"image\/webp"}],"author":"Rafaela Zappaz","twitter_card":"summary_large_image","twitter_misc":{"Escrito por":"Rafaela Zappaz","Est. tempo de leitura":"3 minutos"},"schema":{"@context":"https:\/\/schema.org","@graph":[{"@type":"Article","@id":"https:\/\/folhapopular.info\/index.php\/2026\/09\/04\/fazenda-vilanova-projeta-novas-entregas\/#article","isPartOf":{"@id":"https:\/\/folhapopular.info\/index.php\/2026\/09\/04\/fazenda-vilanova-projeta-novas-entregas\/"},"author":{"name":"Rafaela Zappaz","@id":"https:\/\/folhapopular.info\/#\/schema\/person\/87aa1d7488478bf03a40dc0a852db19d"},"headline":"Fazenda Vilanova projeta novas entregas","datePublished":"2026-09-04T16:30:00+00:00","mainEntityOfPage":{"@id":"https:\/\/folhapopular.info\/index.php\/2026\/09\/04\/fazenda-vilanova-projeta-novas-entregas\/"},"wordCount":388,"commentCount":0,"image":{"@id":"https:\/\/folhapopular.info\/index.php\/2026\/09\/04\/fazenda-vilanova-projeta-novas-entregas\/#primaryimage"},"thumbnailUrl":"https:\/\/folhapopular.info\/wp-content\/uploads\/2026\/09\/WhatsApp-Image-2026-09-04-at-10.55.52.webp","keywords":["entregas","Fazenda Vilanova","Investimentos","Projetos"],"articleSection":["Destaques","Geral","Servi\u00e7os"],"inLanguage":"pt-BR","potentialAction":[{"@type":"CommentAction","name":"Comment","target":["https:\/\/folhapopular.info\/index.php\/2026\/09\/04\/fazenda-vilanova-projeta-novas-entregas\/#respond"]}]},{"@type":"WebPage","@id":"https:\/\/folhapopular.info\/index.php\/2026\/09\/04\/fazenda-vilanova-projeta-novas-entregas\/","url":"https:\/\/folhapopular.info\/index.php\/2026\/09\/04\/fazenda-vilanova-projeta-novas-entregas\/","name":"Fazenda Vilanova projeta novas entregas - Folha Popular","isPartOf":{"@id":"https:\/\/folhapopular.info\/#website"},"primaryImageOfPage":{"@id":"https:\/\/folhapopular.info\/index.php\/2026\/09\/04\/fazenda-vilanova-projeta-novas-entregas\/#primaryimage"},"image":{"@id":"https:\/\/folhapopular.info\/index.php\/2026\/09\/04\/fazenda-vilanova-projeta-novas-entregas\/#primaryimage"},"thumbnailUrl":"https:\/\/folhapopular.info\/wp-content\/uploads\/2026\/09\/WhatsApp-Image-2026-09-04-at-10.55.52.webp","datePublished":"2026-09-04T16:30:00+00:00","author":{"@id":"https:\/\/folhapopular.info\/#\/schema\/person\/87aa1d7488478bf03a40dc0a852db19d"},"description":"O munic\u00edpio mant\u00e9m diferentes frentes de trabalho em andamento, com investimentos em infraestrutura, habita\u00e7\u00e3o e novos espa\u00e7os p\u00fablicos. Entre as a\u00e7\u00f5es est\u00e3o a pavimenta\u00e7\u00e3o de um trecho na localidade de Nova Westf\u00e1lia, a constru\u00e7\u00e3o de 20 casas populares e a implanta\u00e7\u00e3o de um pavilh\u00e3o gin\u00e1sio aberto.","breadcrumb":{"@id":"https:\/\/folhapopular.info\/index.php\/2026\/09\/04\/fazenda-vilanova-projeta-novas-entregas\/#breadcrumb"},"inLanguage":"pt-BR","potentialAction":[{"@type":"ReadAction","target":["https:\/\/folhapopular.info\/index.php\/2026\/09\/04\/fazenda-vilanova-projeta-novas-entregas\/"]}]},{"@type":"ImageObject","inLanguage":"pt-BR","@id":"https:\/\/folhapopular.info\/index.php\/2026\/09\/04\/fazenda-vilanova-projeta-novas-entregas\/#primaryimage","url":"https:\/\/folhapopular.info\/wp-content\/uploads\/2026\/09\/WhatsApp-Image-2026-09-04-at-10.55.52.webp","contentUrl":"https:\/\/folhapopular.info\/wp-content\/uploads\/2026\/09\/WhatsApp-Image-2026-09-04-at-10.55.52.webp","width":1280,"height":960,"caption":"Moradias devem ser entregues at\u00e9 o final do ano \/ Cr\u00e9dito: Rafaela Zappaz"},{"@type":"BreadcrumbList","@id":"https:\/\/folhapopular.info\/index.php\/2026\/09\/04\/fazenda-vilanova-projeta-novas-entregas\/#breadcrumb","itemListElement":[{"@type":"ListItem","position":1,"name":"In\u00edcio","item":"https:\/\/folhapopular.info\/"},{"@type":"ListItem","position":2,"name":"Fazenda Vilanova projeta novas entregas"}]},{"@type":"WebSite","@id":"https:\/\/folhapopular.info\/#website","url":"https:\/\/folhapopular.info\/","name":"Folha Popular","description":"Onde voc\u00ea tem vez e voz","potentialAction":[{"@type":"SearchAction","target":{"@type":"EntryPoint","urlTemplate":"https:\/\/folhapopular.info\/?s={search_term_string}"},"query-input":{"@type":"PropertyValueSpecification","valueRequired":true,"valueName":"search_term_string"}}],"inLanguage":"pt-BR"},{"@type":"Person","@id":"https:\/\/folhapopular.info\/#\/schema\/person\/87aa1d7488478bf03a40dc0a852db19d","name":"Rafaela Zappaz","image":{"@type":"ImageObject","inLanguage":"pt-BR","@id":"https:\/\/secure.gravatar.com\/avatar\/7b6259df2b1311e565e2e930bcf599e41eca901dc1e0e850d699f28cc7ea8de8?s=96&d=mm&r=g","url":"https:\/\/secure.gravatar.com\/avatar\/7b6259df2b1311e565e2e930bcf599e41eca901dc1e0e850d699f28cc7ea8de8?s=96&d=mm&r=g","contentUrl":"https:\/\/secure.gravatar.com\/avatar\/7b6259df2b1311e565e2e930bcf599e41eca901dc1e0e850d699f28cc7ea8de8?s=96&d=mm&r=g","caption":"Rafaela Zappaz"},"url":"https:\/\/folhapopular.info\/index.php\/author\/rafaela-zappaz\/"}]}},"jetpack_sharing_enabled":true,"amp_enabled":true,"jetpack_featured_media_url":"https:\/\/folhapopular.info\/wp-content\/uploads\/2026\/09\/WhatsApp-Image-2026-09-04-at-10.55.52.webp","_links":{"self":[{"href":"https:\/\/folhapopular.info\/index.php\/wp-json\/wp\/v2\/posts\/220340","targetHints":{"allow":["GET"]}}],"collection":[{"href":"https:\/\/folhapopular.info\/index.php\/wp-json\/wp\/v2\/posts"}],"about":[{"href":"https:\/\/folhapopular.info\/index.php\/wp-json\/wp\/v2\/types\/post"}],"author":[{"embeddable":true,"href":"https:\/\/folhapopular.info\/index.php\/wp-json\/wp\/v2\/users\/782"}],"replies":[{"embeddable":true,"href":"https:\/\/folhapopular.info\/index.php\/wp-json\/wp\/v2\/comments?post=220340"}],"version-history":[{"count":2,"href":"https:\/\/folhapopular.info\/index.php\/wp-json\/wp\/v2\/posts\/220340\/revisions"}],"predecessor-version":[{"id":220380,"href":"https:\/\/folhapopular.info\/index.php\/wp-json\/wp\/v2\/posts\/220340\/revisions\/220380"}],"wp:featuredmedia":[{"embeddable":true,"href":"https:\/\/folhapopular.info\/index.php\/wp-json\/wp\/v2\/media\/220379"}],"wp:attachment":[{"href":"https:\/\/folhapopular.info\/index.php\/wp-json\/wp\/v2\/media?parent=220340"}],"wp:term":[{"taxonomy":"category","embeddable":true,"href":"https:\/\/folhapopular.info\/index.php\/wp-json\/wp\/v2\/categories?post=220340"},{"taxonomy":"post_tag","embeddable":true,"href":"https:\/\/folhapopular.info\/index.php\/wp-json\/wp\/v2\/tags?post=220340"}],"curies":[{"name":"wp","href":"https:\/\/api.w.org\/{rel}","templated":true}]}}