{"id":220344,"date":"2026-09-03T11:43:00","date_gmt":"2026-09-03T14:43:00","guid":{"rendered":"https:\/\/folhapopular.info\/?p=220344"},"modified":"2026-09-03T17:44:57","modified_gmt":"2026-09-03T20:44:57","slug":"prf-recupera-veiculo-roubado-que-circulava-com-placas-falsas-na-br-386-em-montenegro","status":"publish","type":"post","link":"https:\/\/folhapopular.info\/index.php\/2026\/09\/03\/prf-recupera-veiculo-roubado-que-circulava-com-placas-falsas-na-br-386-em-montenegro\/","title":{"rendered":"PRF recupera ve\u00edculo roubado que circulava com placas falsas na BR-386, em Montenegro"},"content":{"rendered":"\n<p class=\"wp-block-paragraph\">A Pol\u00edcia Rodovi\u00e1ria Federal (PRF) recuperou, nesta quarta-feira (2\/9), um Fiat Pulse com registro de roubo durante uma abordagem na BR-386, em Montenegro.<\/p>\n\n\n\n<p class=\"wp-block-paragraph\">Conforme a PRF, o ve\u00edculo havia sido roubado em Nova Igua\u00e7u, no Rio de Janeiro, h\u00e1 menos de 10 dias. Durante a fiscaliza\u00e7\u00e3o, os policiais constataram que o autom\u00f3vel circulava com placas falsas.<\/p>\n\n\n\n<p class=\"wp-block-paragraph\">O condutor, um homem de 35 anos, morador de Palmeira das Miss\u00f5es e sem antecedentes criminais, afirmou aos policiais que havia negociado o ve\u00edculo por R$ 16 mil em um grupo de uma rede social. O valor de mercado do modelo \u00e9 superior a R$ 100 mil.<\/p>\n\n\n\n<p class=\"wp-block-paragraph\">O homem foi preso e encaminhado, junto com o ve\u00edculo, \u00e0 Pol\u00edcia Civil para os procedimentos cab\u00edveis.<\/p>\n","protected":false},"excerpt":{"rendered":"<p>A Pol\u00edcia Rodovi\u00e1ria Federal (PRF) recuperou, nesta quarta-feira (2\/9), um Fiat Pulse com registro de roubo durante uma abordagem na BR-386, em Montenegro. Conforme a PRF, o ve\u00edculo havia sido roubado em Nova Igua\u00e7u, no Rio de Janeiro, h\u00e1 menos de 10 dias. Durante a fiscaliza\u00e7\u00e3o, os policiais constataram que o autom\u00f3vel circulava com placas [&hellip;]<\/p>\n","protected":false},"author":8,"featured_media":220345,"comment_status":"open","ping_status":"open","sticky":false,"template":"","format":"standard","meta":{"pmpro_default_level":"","_jetpack_memberships_contains_paid_content":false,"footnotes":""},"categories":[10982,7],"tags":[91,1197,2669],"class_list":["post-220344","post","type-post","status-publish","format-standard","has-post-thumbnail","category-policia","category-seguranca","tag-br-386","tag-montenegro","tag-veiculo-roubado","pmpro-has-access"],"yoast_head":"<!-- This site is optimized with the Yoast SEO plugin v28.4 - https:\/\/yoast.com\/product\/yoast-seo-wordpress\/ -->\n<title>PRF recupera ve\u00edculo roubado que circulava com placas falsas na BR-386, em Montenegro - Folha Popular<\/title>\n<meta name=\"robots\" content=\"index, follow, max-snippet:-1, max-image-preview:large, max-video-preview:-1\" \/>\n<link rel=\"canonical\" href=\"https:\/\/folhapopular.info\/index.php\/2026\/09\/03\/prf-recupera-veiculo-roubado-que-circulava-com-placas-falsas-na-br-386-em-montenegro\/\" \/>\n<meta property=\"og:locale\" content=\"pt_BR\" \/>\n<meta property=\"og:type\" content=\"article\" \/>\n<meta property=\"og:title\" content=\"PRF recupera ve\u00edculo roubado que circulava com placas falsas na BR-386, em Montenegro - Folha Popular\" \/>\n<meta property=\"og:description\" content=\"A Pol\u00edcia Rodovi\u00e1ria Federal (PRF) recuperou, nesta quarta-feira (2\/9), um Fiat Pulse com registro de roubo durante uma abordagem na BR-386, em Montenegro. Conforme a PRF, o ve\u00edculo havia sido roubado em Nova Igua\u00e7u, no Rio de Janeiro, h\u00e1 menos de 10 dias. Durante a fiscaliza\u00e7\u00e3o, os policiais constataram que o autom\u00f3vel circulava com placas [&hellip;]\" \/>\n<meta property=\"og:url\" content=\"https:\/\/folhapopular.info\/index.php\/2026\/09\/03\/prf-recupera-veiculo-roubado-que-circulava-com-placas-falsas-na-br-386-em-montenegro\/\" \/>\n<meta property=\"og:site_name\" content=\"Folha Popular\" \/>\n<meta property=\"article:published_time\" content=\"2026-09-03T14:43:00+00:00\" \/>\n<meta property=\"article:modified_time\" content=\"2026-09-03T20:44:57+00:00\" \/>\n<meta property=\"og:image\" content=\"https:\/\/folhapopular.info\/wp-content\/uploads\/2026\/09\/foto-prf-1788428553.webp\" \/>\n\t<meta property=\"og:image:width\" content=\"1600\" \/>\n\t<meta property=\"og:image:height\" content=\"900\" \/>\n\t<meta property=\"og:image:type\" content=\"image\/webp\" \/>\n<meta name=\"author\" content=\"Reda\u00e7\u00e3o Folha Popular\" \/>\n<meta name=\"twitter:card\" content=\"summary_large_image\" \/>\n<meta name=\"twitter:label1\" content=\"Escrito por\" \/>\n\t<meta name=\"twitter:data1\" content=\"Reda\u00e7\u00e3o Folha Popular\" \/>\n\t<meta name=\"twitter:label2\" content=\"Est. tempo de leitura\" \/>\n\t<meta name=\"twitter:data2\" content=\"1 minuto\" \/>\n<script type=\"application\/ld+json\" class=\"yoast-schema-graph\">{\"@context\":\"https:\\\/\\\/schema.org\",\"@graph\":[{\"@type\":\"Article\",\"@id\":\"https:\\\/\\\/folhapopular.info\\\/index.php\\\/2026\\\/09\\\/03\\\/prf-recupera-veiculo-roubado-que-circulava-com-placas-falsas-na-br-386-em-montenegro\\\/#article\",\"isPartOf\":{\"@id\":\"https:\\\/\\\/folhapopular.info\\\/index.php\\\/2026\\\/09\\\/03\\\/prf-recupera-veiculo-roubado-que-circulava-com-placas-falsas-na-br-386-em-montenegro\\\/\"},\"author\":{\"name\":\"Reda\u00e7\u00e3o Folha Popular\",\"@id\":\"https:\\\/\\\/folhapopular.info\\\/#\\\/schema\\\/person\\\/2814e8a0df7643585a9ca38bc6eb9d4b\"},\"headline\":\"PRF recupera ve\u00edculo roubado que circulava com placas falsas na BR-386, em Montenegro\",\"datePublished\":\"2026-09-03T14:43:00+00:00\",\"dateModified\":\"2026-09-03T20:44:57+00:00\",\"mainEntityOfPage\":{\"@id\":\"https:\\\/\\\/folhapopular.info\\\/index.php\\\/2026\\\/09\\\/03\\\/prf-recupera-veiculo-roubado-que-circulava-com-placas-falsas-na-br-386-em-montenegro\\\/\"},\"wordCount\":138,\"commentCount\":0,\"image\":{\"@id\":\"https:\\\/\\\/folhapopular.info\\\/index.php\\\/2026\\\/09\\\/03\\\/prf-recupera-veiculo-roubado-que-circulava-com-placas-falsas-na-br-386-em-montenegro\\\/#primaryimage\"},\"thumbnailUrl\":\"https:\\\/\\\/folhapopular.info\\\/wp-content\\\/uploads\\\/2026\\\/09\\\/foto-prf-1788428553.webp\",\"keywords\":[\"BR-386\",\"Montenegro\",\"Ve\u00edculo Roubado\"],\"articleSection\":[\"Pol\u00edcia\",\"Seguran\u00e7a\"],\"inLanguage\":\"pt-BR\",\"potentialAction\":[{\"@type\":\"CommentAction\",\"name\":\"Comment\",\"target\":[\"https:\\\/\\\/folhapopular.info\\\/index.php\\\/2026\\\/09\\\/03\\\/prf-recupera-veiculo-roubado-que-circulava-com-placas-falsas-na-br-386-em-montenegro\\\/#respond\"]}]},{\"@type\":\"WebPage\",\"@id\":\"https:\\\/\\\/folhapopular.info\\\/index.php\\\/2026\\\/09\\\/03\\\/prf-recupera-veiculo-roubado-que-circulava-com-placas-falsas-na-br-386-em-montenegro\\\/\",\"url\":\"https:\\\/\\\/folhapopular.info\\\/index.php\\\/2026\\\/09\\\/03\\\/prf-recupera-veiculo-roubado-que-circulava-com-placas-falsas-na-br-386-em-montenegro\\\/\",\"name\":\"PRF recupera ve\u00edculo roubado que circulava com placas falsas na BR-386, em Montenegro - Folha Popular\",\"isPartOf\":{\"@id\":\"https:\\\/\\\/folhapopular.info\\\/#website\"},\"primaryImageOfPage\":{\"@id\":\"https:\\\/\\\/folhapopular.info\\\/index.php\\\/2026\\\/09\\\/03\\\/prf-recupera-veiculo-roubado-que-circulava-com-placas-falsas-na-br-386-em-montenegro\\\/#primaryimage\"},\"image\":{\"@id\":\"https:\\\/\\\/folhapopular.info\\\/index.php\\\/2026\\\/09\\\/03\\\/prf-recupera-veiculo-roubado-que-circulava-com-placas-falsas-na-br-386-em-montenegro\\\/#primaryimage\"},\"thumbnailUrl\":\"https:\\\/\\\/folhapopular.info\\\/wp-content\\\/uploads\\\/2026\\\/09\\\/foto-prf-1788428553.webp\",\"datePublished\":\"2026-09-03T14:43:00+00:00\",\"dateModified\":\"2026-09-03T20:44:57+00:00\",\"author\":{\"@id\":\"https:\\\/\\\/folhapopular.info\\\/#\\\/schema\\\/person\\\/2814e8a0df7643585a9ca38bc6eb9d4b\"},\"breadcrumb\":{\"@id\":\"https:\\\/\\\/folhapopular.info\\\/index.php\\\/2026\\\/09\\\/03\\\/prf-recupera-veiculo-roubado-que-circulava-com-placas-falsas-na-br-386-em-montenegro\\\/#breadcrumb\"},\"inLanguage\":\"pt-BR\",\"potentialAction\":[{\"@type\":\"ReadAction\",\"target\":[\"https:\\\/\\\/folhapopular.info\\\/index.php\\\/2026\\\/09\\\/03\\\/prf-recupera-veiculo-roubado-que-circulava-com-placas-falsas-na-br-386-em-montenegro\\\/\"]}]},{\"@type\":\"ImageObject\",\"inLanguage\":\"pt-BR\",\"@id\":\"https:\\\/\\\/folhapopular.info\\\/index.php\\\/2026\\\/09\\\/03\\\/prf-recupera-veiculo-roubado-que-circulava-com-placas-falsas-na-br-386-em-montenegro\\\/#primaryimage\",\"url\":\"https:\\\/\\\/folhapopular.info\\\/wp-content\\\/uploads\\\/2026\\\/09\\\/foto-prf-1788428553.webp\",\"contentUrl\":\"https:\\\/\\\/folhapopular.info\\\/wp-content\\\/uploads\\\/2026\\\/09\\\/foto-prf-1788428553.webp\",\"width\":1600,\"height\":900},{\"@type\":\"BreadcrumbList\",\"@id\":\"https:\\\/\\\/folhapopular.info\\\/index.php\\\/2026\\\/09\\\/03\\\/prf-recupera-veiculo-roubado-que-circulava-com-placas-falsas-na-br-386-em-montenegro\\\/#breadcrumb\",\"itemListElement\":[{\"@type\":\"ListItem\",\"position\":1,\"name\":\"In\u00edcio\",\"item\":\"https:\\\/\\\/folhapopular.info\\\/\"},{\"@type\":\"ListItem\",\"position\":2,\"name\":\"PRF recupera ve\u00edculo roubado que circulava com placas falsas na BR-386, em Montenegro\"}]},{\"@type\":\"WebSite\",\"@id\":\"https:\\\/\\\/folhapopular.info\\\/#website\",\"url\":\"https:\\\/\\\/folhapopular.info\\\/\",\"name\":\"Folha Popular\",\"description\":\"Onde voc\u00ea tem vez e voz\",\"potentialAction\":[{\"@type\":\"SearchAction\",\"target\":{\"@type\":\"EntryPoint\",\"urlTemplate\":\"https:\\\/\\\/folhapopular.info\\\/?s={search_term_string}\"},\"query-input\":{\"@type\":\"PropertyValueSpecification\",\"valueRequired\":true,\"valueName\":\"search_term_string\"}}],\"inLanguage\":\"pt-BR\"},{\"@type\":\"Person\",\"@id\":\"https:\\\/\\\/folhapopular.info\\\/#\\\/schema\\\/person\\\/2814e8a0df7643585a9ca38bc6eb9d4b\",\"name\":\"Reda\u00e7\u00e3o Folha Popular\",\"image\":{\"@type\":\"ImageObject\",\"inLanguage\":\"pt-BR\",\"@id\":\"https:\\\/\\\/folhapopular.info\\\/wp-content\\\/uploads\\\/2026\\\/04\\\/Folha-1.webp\",\"url\":\"https:\\\/\\\/folhapopular.info\\\/wp-content\\\/uploads\\\/2026\\\/04\\\/Folha-1.webp\",\"contentUrl\":\"https:\\\/\\\/folhapopular.info\\\/wp-content\\\/uploads\\\/2026\\\/04\\\/Folha-1.webp\",\"caption\":\"Reda\u00e7\u00e3o Folha Popular\"},\"url\":\"https:\\\/\\\/folhapopular.info\\\/index.php\\\/author\\\/redacao\\\/\"}]}<\/script>\n<!-- \/ Yoast SEO plugin. -->","yoast_head_json":{"title":"PRF recupera ve\u00edculo roubado que circulava com placas falsas na BR-386, em Montenegro - Folha Popular","robots":{"index":"index","follow":"follow","max-snippet":"max-snippet:-1","max-image-preview":"max-image-preview:large","max-video-preview":"max-video-preview:-1"},"canonical":"https:\/\/folhapopular.info\/index.php\/2026\/09\/03\/prf-recupera-veiculo-roubado-que-circulava-com-placas-falsas-na-br-386-em-montenegro\/","og_locale":"pt_BR","og_type":"article","og_title":"PRF recupera ve\u00edculo roubado que circulava com placas falsas na BR-386, em Montenegro - Folha Popular","og_description":"A Pol\u00edcia Rodovi\u00e1ria Federal (PRF) recuperou, nesta quarta-feira (2\/9), um Fiat Pulse com registro de roubo durante uma abordagem na BR-386, em Montenegro. Conforme a PRF, o ve\u00edculo havia sido roubado em Nova Igua\u00e7u, no Rio de Janeiro, h\u00e1 menos de 10 dias. Durante a fiscaliza\u00e7\u00e3o, os policiais constataram que o autom\u00f3vel circulava com placas [&hellip;]","og_url":"https:\/\/folhapopular.info\/index.php\/2026\/09\/03\/prf-recupera-veiculo-roubado-que-circulava-com-placas-falsas-na-br-386-em-montenegro\/","og_site_name":"Folha Popular","article_published_time":"2026-09-03T14:43:00+00:00","article_modified_time":"2026-09-03T20:44:57+00:00","og_image":[{"width":1600,"height":900,"url":"https:\/\/folhapopular.info\/wp-content\/uploads\/2026\/09\/foto-prf-1788428553.webp","type":"image\/webp"}],"author":"Reda\u00e7\u00e3o Folha Popular","twitter_card":"summary_large_image","twitter_misc":{"Escrito por":"Reda\u00e7\u00e3o Folha Popular","Est. tempo de leitura":"1 minuto"},"schema":{"@context":"https:\/\/schema.org","@graph":[{"@type":"Article","@id":"https:\/\/folhapopular.info\/index.php\/2026\/09\/03\/prf-recupera-veiculo-roubado-que-circulava-com-placas-falsas-na-br-386-em-montenegro\/#article","isPartOf":{"@id":"https:\/\/folhapopular.info\/index.php\/2026\/09\/03\/prf-recupera-veiculo-roubado-que-circulava-com-placas-falsas-na-br-386-em-montenegro\/"},"author":{"name":"Reda\u00e7\u00e3o Folha Popular","@id":"https:\/\/folhapopular.info\/#\/schema\/person\/2814e8a0df7643585a9ca38bc6eb9d4b"},"headline":"PRF recupera ve\u00edculo roubado que circulava com placas falsas na BR-386, em Montenegro","datePublished":"2026-09-03T14:43:00+00:00","dateModified":"2026-09-03T20:44:57+00:00","mainEntityOfPage":{"@id":"https:\/\/folhapopular.info\/index.php\/2026\/09\/03\/prf-recupera-veiculo-roubado-que-circulava-com-placas-falsas-na-br-386-em-montenegro\/"},"wordCount":138,"commentCount":0,"image":{"@id":"https:\/\/folhapopular.info\/index.php\/2026\/09\/03\/prf-recupera-veiculo-roubado-que-circulava-com-placas-falsas-na-br-386-em-montenegro\/#primaryimage"},"thumbnailUrl":"https:\/\/folhapopular.info\/wp-content\/uploads\/2026\/09\/foto-prf-1788428553.webp","keywords":["BR-386","Montenegro","Ve\u00edculo Roubado"],"articleSection":["Pol\u00edcia","Seguran\u00e7a"],"inLanguage":"pt-BR","potentialAction":[{"@type":"CommentAction","name":"Comment","target":["https:\/\/folhapopular.info\/index.php\/2026\/09\/03\/prf-recupera-veiculo-roubado-que-circulava-com-placas-falsas-na-br-386-em-montenegro\/#respond"]}]},{"@type":"WebPage","@id":"https:\/\/folhapopular.info\/index.php\/2026\/09\/03\/prf-recupera-veiculo-roubado-que-circulava-com-placas-falsas-na-br-386-em-montenegro\/","url":"https:\/\/folhapopular.info\/index.php\/2026\/09\/03\/prf-recupera-veiculo-roubado-que-circulava-com-placas-falsas-na-br-386-em-montenegro\/","name":"PRF recupera ve\u00edculo roubado que circulava com placas falsas na BR-386, em Montenegro - Folha Popular","isPartOf":{"@id":"https:\/\/folhapopular.info\/#website"},"primaryImageOfPage":{"@id":"https:\/\/folhapopular.info\/index.php\/2026\/09\/03\/prf-recupera-veiculo-roubado-que-circulava-com-placas-falsas-na-br-386-em-montenegro\/#primaryimage"},"image":{"@id":"https:\/\/folhapopular.info\/index.php\/2026\/09\/03\/prf-recupera-veiculo-roubado-que-circulava-com-placas-falsas-na-br-386-em-montenegro\/#primaryimage"},"thumbnailUrl":"https:\/\/folhapopular.info\/wp-content\/uploads\/2026\/09\/foto-prf-1788428553.webp","datePublished":"2026-09-03T14:43:00+00:00","dateModified":"2026-09-03T20:44:57+00:00","author":{"@id":"https:\/\/folhapopular.info\/#\/schema\/person\/2814e8a0df7643585a9ca38bc6eb9d4b"},"breadcrumb":{"@id":"https:\/\/folhapopular.info\/index.php\/2026\/09\/03\/prf-recupera-veiculo-roubado-que-circulava-com-placas-falsas-na-br-386-em-montenegro\/#breadcrumb"},"inLanguage":"pt-BR","potentialAction":[{"@type":"ReadAction","target":["https:\/\/folhapopular.info\/index.php\/2026\/09\/03\/prf-recupera-veiculo-roubado-que-circulava-com-placas-falsas-na-br-386-em-montenegro\/"]}]},{"@type":"ImageObject","inLanguage":"pt-BR","@id":"https:\/\/folhapopular.info\/index.php\/2026\/09\/03\/prf-recupera-veiculo-roubado-que-circulava-com-placas-falsas-na-br-386-em-montenegro\/#primaryimage","url":"https:\/\/folhapopular.info\/wp-content\/uploads\/2026\/09\/foto-prf-1788428553.webp","contentUrl":"https:\/\/folhapopular.info\/wp-content\/uploads\/2026\/09\/foto-prf-1788428553.webp","width":1600,"height":900},{"@type":"BreadcrumbList","@id":"https:\/\/folhapopular.info\/index.php\/2026\/09\/03\/prf-recupera-veiculo-roubado-que-circulava-com-placas-falsas-na-br-386-em-montenegro\/#breadcrumb","itemListElement":[{"@type":"ListItem","position":1,"name":"In\u00edcio","item":"https:\/\/folhapopular.info\/"},{"@type":"ListItem","position":2,"name":"PRF recupera ve\u00edculo roubado que circulava com placas falsas na BR-386, em Montenegro"}]},{"@type":"WebSite","@id":"https:\/\/folhapopular.info\/#website","url":"https:\/\/folhapopular.info\/","name":"Folha Popular","description":"Onde voc\u00ea tem vez e voz","potentialAction":[{"@type":"SearchAction","target":{"@type":"EntryPoint","urlTemplate":"https:\/\/folhapopular.info\/?s={search_term_string}"},"query-input":{"@type":"PropertyValueSpecification","valueRequired":true,"valueName":"search_term_string"}}],"inLanguage":"pt-BR"},{"@type":"Person","@id":"https:\/\/folhapopular.info\/#\/schema\/person\/2814e8a0df7643585a9ca38bc6eb9d4b","name":"Reda\u00e7\u00e3o Folha Popular","image":{"@type":"ImageObject","inLanguage":"pt-BR","@id":"https:\/\/folhapopular.info\/wp-content\/uploads\/2026\/04\/Folha-1.webp","url":"https:\/\/folhapopular.info\/wp-content\/uploads\/2026\/04\/Folha-1.webp","contentUrl":"https:\/\/folhapopular.info\/wp-content\/uploads\/2026\/04\/Folha-1.webp","caption":"Reda\u00e7\u00e3o Folha Popular"},"url":"https:\/\/folhapopular.info\/index.php\/author\/redacao\/"}]}},"jetpack_sharing_enabled":true,"amp_enabled":true,"jetpack_featured_media_url":"https:\/\/folhapopular.info\/wp-content\/uploads\/2026\/09\/foto-prf-1788428553.webp","_links":{"self":[{"href":"https:\/\/folhapopular.info\/index.php\/wp-json\/wp\/v2\/posts\/220344","targetHints":{"allow":["GET"]}}],"collection":[{"href":"https:\/\/folhapopular.info\/index.php\/wp-json\/wp\/v2\/posts"}],"about":[{"href":"https:\/\/folhapopular.info\/index.php\/wp-json\/wp\/v2\/types\/post"}],"author":[{"embeddable":true,"href":"https:\/\/folhapopular.info\/index.php\/wp-json\/wp\/v2\/users\/8"}],"replies":[{"embeddable":true,"href":"https:\/\/folhapopular.info\/index.php\/wp-json\/wp\/v2\/comments?post=220344"}],"version-history":[{"count":1,"href":"https:\/\/folhapopular.info\/index.php\/wp-json\/wp\/v2\/posts\/220344\/revisions"}],"predecessor-version":[{"id":220346,"href":"https:\/\/folhapopular.info\/index.php\/wp-json\/wp\/v2\/posts\/220344\/revisions\/220346"}],"wp:featuredmedia":[{"embeddable":true,"href":"https:\/\/folhapopular.info\/index.php\/wp-json\/wp\/v2\/media\/220345"}],"wp:attachment":[{"href":"https:\/\/folhapopular.info\/index.php\/wp-json\/wp\/v2\/media?parent=220344"}],"wp:term":[{"taxonomy":"category","embeddable":true,"href":"https:\/\/folhapopular.info\/index.php\/wp-json\/wp\/v2\/categories?post=220344"},{"taxonomy":"post_tag","embeddable":true,"href":"https:\/\/folhapopular.info\/index.php\/wp-json\/wp\/v2\/tags?post=220344"}],"curies":[{"name":"wp","href":"https:\/\/api.w.org\/{rel}","templated":true}]}}