{"id":220350,"date":"2026-09-04T08:22:56","date_gmt":"2026-09-04T11:22:56","guid":{"rendered":"https:\/\/folhapopular.info\/?p=220350"},"modified":"2026-09-04T08:22:57","modified_gmt":"2026-09-04T11:22:57","slug":"estrela-celebra-semana-da-patria-com-educacao-musica-e-orgulho-pelo-brasil","status":"publish","type":"post","link":"https:\/\/folhapopular.info\/index.php\/2026\/09\/04\/estrela-celebra-semana-da-patria-com-educacao-musica-e-orgulho-pelo-brasil\/","title":{"rendered":"Estrela celebra Semana da P\u00e1tria com educa\u00e7\u00e3o, m\u00fasica e orgulho pelo Brasil"},"content":{"rendered":"\n<p class=\"wp-block-paragraph\">A abertura oficial da Semana da P\u00e1tria reuniu comunidade escolar, servidores, autoridades e representantes do Lions Clube Estrela na Pra\u00e7a Menna Barreto na quarta-feira (2\/9). <\/p>\n\n\n\n<p class=\"wp-block-paragraph\">Para o secret\u00e1rio municipal de Educa\u00e7\u00e3o, Paulo Gustavo Sehn, destacou que ser brasileiro vai al\u00e9m de vestir as cores da bandeira. \u201c\u00c9 justamente nas nossas escolas, atrav\u00e9s de cada professor, de cada profissional da educa\u00e7\u00e3o e, principalmente, de cada crian\u00e7a e estudante, que come\u00e7amos a construir esse futuro\u201d, afirmou.<\/p>\n\n\n\n<p class=\"wp-block-paragraph\">Para o vice-prefeito M\u00e1rcio Mallmann, celebrar a Semana da P\u00e1tria \u00e9 tamb\u00e9m renovar esse compromisso coletivo com um Brasil constru\u00eddo com participa\u00e7\u00e3o, responsabilidade e esperan\u00e7a. \u201cVale a pena acreditar em um pa\u00eds melhor\u201d, afirmou.<\/p>\n\n\n\n<p class=\"wp-block-paragraph\">Os atos da Semana da P\u00e1tria continuam nesta sexta-feira (4\/9), \u00e0s 8 horas, junto \u00e0 Pira da P\u00e1tria. A programa\u00e7\u00e3o inclui hasteamento das bandeiras, execu\u00e7\u00e3o do Hino Nacional e apresenta\u00e7\u00f5es de escolas e projetos do munic\u00edpio. Participam a Banda Marcial da Escola Estadual de Educa\u00e7\u00e3o B\u00e1sica Vidal de Negreiros, a Associa\u00e7\u00e3o de Pais e Amigos dos Excepcionais (Apae) de Estrela e o Projeto de Escaletas.<\/p>\n","protected":false},"excerpt":{"rendered":"<p>A abertura oficial da Semana da P\u00e1tria reuniu comunidade escolar, servidores, autoridades e representantes do Lions Clube Estrela na Pra\u00e7a Menna Barreto na quarta-feira (2\/9). Para o secret\u00e1rio municipal de Educa\u00e7\u00e3o, Paulo Gustavo Sehn, destacou que ser brasileiro vai al\u00e9m de vestir as cores da bandeira. \u201c\u00c9 justamente nas nossas escolas, atrav\u00e9s de cada professor, [&hellip;]<\/p>\n","protected":false},"author":8,"featured_media":220352,"comment_status":"open","ping_status":"open","sticky":false,"template":"","format":"standard","meta":{"pmpro_default_level":"","_jetpack_memberships_contains_paid_content":false,"footnotes":""},"categories":[2,3],"tags":[937,8,3327,491],"class_list":["post-220350","post","type-post","status-publish","format-standard","has-post-thumbnail","category-featured","category-geral","tag-7-de-setembro","tag-estrela","tag-independencia-do-brasil","tag-semana-da-patria","pmpro-has-access"],"yoast_head":"<!-- This site is optimized with the Yoast SEO plugin v28.4 - https:\/\/yoast.com\/product\/yoast-seo-wordpress\/ -->\n<title>Estrela celebra Semana da P\u00e1tria com educa\u00e7\u00e3o, m\u00fasica e orgulho pelo Brasil - Folha Popular<\/title>\n<meta name=\"robots\" content=\"index, follow, max-snippet:-1, max-image-preview:large, max-video-preview:-1\" \/>\n<link rel=\"canonical\" href=\"https:\/\/folhapopular.info\/index.php\/2026\/09\/04\/estrela-celebra-semana-da-patria-com-educacao-musica-e-orgulho-pelo-brasil\/\" \/>\n<meta property=\"og:locale\" content=\"pt_BR\" \/>\n<meta property=\"og:type\" content=\"article\" \/>\n<meta property=\"og:title\" content=\"Estrela celebra Semana da P\u00e1tria com educa\u00e7\u00e3o, m\u00fasica e orgulho pelo Brasil - Folha Popular\" \/>\n<meta property=\"og:description\" content=\"A abertura oficial da Semana da P\u00e1tria reuniu comunidade escolar, servidores, autoridades e representantes do Lions Clube Estrela na Pra\u00e7a Menna Barreto na quarta-feira (2\/9). Para o secret\u00e1rio municipal de Educa\u00e7\u00e3o, Paulo Gustavo Sehn, destacou que ser brasileiro vai al\u00e9m de vestir as cores da bandeira. \u201c\u00c9 justamente nas nossas escolas, atrav\u00e9s de cada professor, [&hellip;]\" \/>\n<meta property=\"og:url\" content=\"https:\/\/folhapopular.info\/index.php\/2026\/09\/04\/estrela-celebra-semana-da-patria-com-educacao-musica-e-orgulho-pelo-brasil\/\" \/>\n<meta property=\"og:site_name\" content=\"Folha Popular\" \/>\n<meta property=\"article:published_time\" content=\"2026-09-04T11:22:56+00:00\" \/>\n<meta property=\"article:modified_time\" content=\"2026-09-04T11:22:57+00:00\" \/>\n<meta property=\"og:image\" content=\"https:\/\/folhapopular.info\/wp-content\/uploads\/2026\/09\/WhatsApp-Image-2026-09-02-at-11.02.44.webp\" \/>\n\t<meta property=\"og:image:width\" content=\"1600\" \/>\n\t<meta property=\"og:image:height\" content=\"900\" \/>\n\t<meta property=\"og:image:type\" content=\"image\/webp\" \/>\n<meta name=\"author\" content=\"Reda\u00e7\u00e3o Folha Popular\" \/>\n<meta name=\"twitter:card\" content=\"summary_large_image\" \/>\n<meta name=\"twitter:label1\" content=\"Escrito por\" \/>\n\t<meta name=\"twitter:data1\" content=\"Reda\u00e7\u00e3o Folha Popular\" \/>\n\t<meta name=\"twitter:label2\" content=\"Est. tempo de leitura\" \/>\n\t<meta name=\"twitter:data2\" content=\"2 minutos\" \/>\n<script type=\"application\/ld+json\" class=\"yoast-schema-graph\">{\"@context\":\"https:\\\/\\\/schema.org\",\"@graph\":[{\"@type\":\"Article\",\"@id\":\"https:\\\/\\\/folhapopular.info\\\/index.php\\\/2026\\\/09\\\/04\\\/estrela-celebra-semana-da-patria-com-educacao-musica-e-orgulho-pelo-brasil\\\/#article\",\"isPartOf\":{\"@id\":\"https:\\\/\\\/folhapopular.info\\\/index.php\\\/2026\\\/09\\\/04\\\/estrela-celebra-semana-da-patria-com-educacao-musica-e-orgulho-pelo-brasil\\\/\"},\"author\":{\"name\":\"Reda\u00e7\u00e3o Folha Popular\",\"@id\":\"https:\\\/\\\/folhapopular.info\\\/#\\\/schema\\\/person\\\/2814e8a0df7643585a9ca38bc6eb9d4b\"},\"headline\":\"Estrela celebra Semana da P\u00e1tria com educa\u00e7\u00e3o, m\u00fasica e orgulho pelo Brasil\",\"datePublished\":\"2026-09-04T11:22:56+00:00\",\"dateModified\":\"2026-09-04T11:22:57+00:00\",\"mainEntityOfPage\":{\"@id\":\"https:\\\/\\\/folhapopular.info\\\/index.php\\\/2026\\\/09\\\/04\\\/estrela-celebra-semana-da-patria-com-educacao-musica-e-orgulho-pelo-brasil\\\/\"},\"wordCount\":207,\"commentCount\":0,\"image\":{\"@id\":\"https:\\\/\\\/folhapopular.info\\\/index.php\\\/2026\\\/09\\\/04\\\/estrela-celebra-semana-da-patria-com-educacao-musica-e-orgulho-pelo-brasil\\\/#primaryimage\"},\"thumbnailUrl\":\"https:\\\/\\\/folhapopular.info\\\/wp-content\\\/uploads\\\/2026\\\/09\\\/WhatsApp-Image-2026-09-02-at-11.02.44.webp\",\"keywords\":[\"7 de setembro\",\"Estrela\",\"Independ\u00eancia do Brasil\",\"Semana da P\u00e1tria\"],\"articleSection\":[\"Destaques\",\"Geral\"],\"inLanguage\":\"pt-BR\",\"potentialAction\":[{\"@type\":\"CommentAction\",\"name\":\"Comment\",\"target\":[\"https:\\\/\\\/folhapopular.info\\\/index.php\\\/2026\\\/09\\\/04\\\/estrela-celebra-semana-da-patria-com-educacao-musica-e-orgulho-pelo-brasil\\\/#respond\"]}]},{\"@type\":\"WebPage\",\"@id\":\"https:\\\/\\\/folhapopular.info\\\/index.php\\\/2026\\\/09\\\/04\\\/estrela-celebra-semana-da-patria-com-educacao-musica-e-orgulho-pelo-brasil\\\/\",\"url\":\"https:\\\/\\\/folhapopular.info\\\/index.php\\\/2026\\\/09\\\/04\\\/estrela-celebra-semana-da-patria-com-educacao-musica-e-orgulho-pelo-brasil\\\/\",\"name\":\"Estrela celebra Semana da P\u00e1tria com educa\u00e7\u00e3o, m\u00fasica e orgulho pelo Brasil - Folha Popular\",\"isPartOf\":{\"@id\":\"https:\\\/\\\/folhapopular.info\\\/#website\"},\"primaryImageOfPage\":{\"@id\":\"https:\\\/\\\/folhapopular.info\\\/index.php\\\/2026\\\/09\\\/04\\\/estrela-celebra-semana-da-patria-com-educacao-musica-e-orgulho-pelo-brasil\\\/#primaryimage\"},\"image\":{\"@id\":\"https:\\\/\\\/folhapopular.info\\\/index.php\\\/2026\\\/09\\\/04\\\/estrela-celebra-semana-da-patria-com-educacao-musica-e-orgulho-pelo-brasil\\\/#primaryimage\"},\"thumbnailUrl\":\"https:\\\/\\\/folhapopular.info\\\/wp-content\\\/uploads\\\/2026\\\/09\\\/WhatsApp-Image-2026-09-02-at-11.02.44.webp\",\"datePublished\":\"2026-09-04T11:22:56+00:00\",\"dateModified\":\"2026-09-04T11:22:57+00:00\",\"author\":{\"@id\":\"https:\\\/\\\/folhapopular.info\\\/#\\\/schema\\\/person\\\/2814e8a0df7643585a9ca38bc6eb9d4b\"},\"breadcrumb\":{\"@id\":\"https:\\\/\\\/folhapopular.info\\\/index.php\\\/2026\\\/09\\\/04\\\/estrela-celebra-semana-da-patria-com-educacao-musica-e-orgulho-pelo-brasil\\\/#breadcrumb\"},\"inLanguage\":\"pt-BR\",\"potentialAction\":[{\"@type\":\"ReadAction\",\"target\":[\"https:\\\/\\\/folhapopular.info\\\/index.php\\\/2026\\\/09\\\/04\\\/estrela-celebra-semana-da-patria-com-educacao-musica-e-orgulho-pelo-brasil\\\/\"]}]},{\"@type\":\"ImageObject\",\"inLanguage\":\"pt-BR\",\"@id\":\"https:\\\/\\\/folhapopular.info\\\/index.php\\\/2026\\\/09\\\/04\\\/estrela-celebra-semana-da-patria-com-educacao-musica-e-orgulho-pelo-brasil\\\/#primaryimage\",\"url\":\"https:\\\/\\\/folhapopular.info\\\/wp-content\\\/uploads\\\/2026\\\/09\\\/WhatsApp-Image-2026-09-02-at-11.02.44.webp\",\"contentUrl\":\"https:\\\/\\\/folhapopular.info\\\/wp-content\\\/uploads\\\/2026\\\/09\\\/WhatsApp-Image-2026-09-02-at-11.02.44.webp\",\"width\":1600,\"height\":900,\"caption\":\"Cr\u00e9dito: Prefeitura de Estrela \\\/ Divulga\u00e7\u00e3o\"},{\"@type\":\"BreadcrumbList\",\"@id\":\"https:\\\/\\\/folhapopular.info\\\/index.php\\\/2026\\\/09\\\/04\\\/estrela-celebra-semana-da-patria-com-educacao-musica-e-orgulho-pelo-brasil\\\/#breadcrumb\",\"itemListElement\":[{\"@type\":\"ListItem\",\"position\":1,\"name\":\"In\u00edcio\",\"item\":\"https:\\\/\\\/folhapopular.info\\\/\"},{\"@type\":\"ListItem\",\"position\":2,\"name\":\"Estrela celebra Semana da P\u00e1tria com educa\u00e7\u00e3o, m\u00fasica e orgulho pelo Brasil\"}]},{\"@type\":\"WebSite\",\"@id\":\"https:\\\/\\\/folhapopular.info\\\/#website\",\"url\":\"https:\\\/\\\/folhapopular.info\\\/\",\"name\":\"Folha Popular\",\"description\":\"Onde voc\u00ea tem vez e voz\",\"potentialAction\":[{\"@type\":\"SearchAction\",\"target\":{\"@type\":\"EntryPoint\",\"urlTemplate\":\"https:\\\/\\\/folhapopular.info\\\/?s={search_term_string}\"},\"query-input\":{\"@type\":\"PropertyValueSpecification\",\"valueRequired\":true,\"valueName\":\"search_term_string\"}}],\"inLanguage\":\"pt-BR\"},{\"@type\":\"Person\",\"@id\":\"https:\\\/\\\/folhapopular.info\\\/#\\\/schema\\\/person\\\/2814e8a0df7643585a9ca38bc6eb9d4b\",\"name\":\"Reda\u00e7\u00e3o Folha Popular\",\"image\":{\"@type\":\"ImageObject\",\"inLanguage\":\"pt-BR\",\"@id\":\"https:\\\/\\\/folhapopular.info\\\/wp-content\\\/uploads\\\/2026\\\/04\\\/Folha-1.webp\",\"url\":\"https:\\\/\\\/folhapopular.info\\\/wp-content\\\/uploads\\\/2026\\\/04\\\/Folha-1.webp\",\"contentUrl\":\"https:\\\/\\\/folhapopular.info\\\/wp-content\\\/uploads\\\/2026\\\/04\\\/Folha-1.webp\",\"caption\":\"Reda\u00e7\u00e3o Folha Popular\"},\"url\":\"https:\\\/\\\/folhapopular.info\\\/index.php\\\/author\\\/redacao\\\/\"}]}<\/script>\n<!-- \/ Yoast SEO plugin. -->","yoast_head_json":{"title":"Estrela celebra Semana da P\u00e1tria com educa\u00e7\u00e3o, m\u00fasica e orgulho pelo Brasil - Folha Popular","robots":{"index":"index","follow":"follow","max-snippet":"max-snippet:-1","max-image-preview":"max-image-preview:large","max-video-preview":"max-video-preview:-1"},"canonical":"https:\/\/folhapopular.info\/index.php\/2026\/09\/04\/estrela-celebra-semana-da-patria-com-educacao-musica-e-orgulho-pelo-brasil\/","og_locale":"pt_BR","og_type":"article","og_title":"Estrela celebra Semana da P\u00e1tria com educa\u00e7\u00e3o, m\u00fasica e orgulho pelo Brasil - Folha Popular","og_description":"A abertura oficial da Semana da P\u00e1tria reuniu comunidade escolar, servidores, autoridades e representantes do Lions Clube Estrela na Pra\u00e7a Menna Barreto na quarta-feira (2\/9). Para o secret\u00e1rio municipal de Educa\u00e7\u00e3o, Paulo Gustavo Sehn, destacou que ser brasileiro vai al\u00e9m de vestir as cores da bandeira. \u201c\u00c9 justamente nas nossas escolas, atrav\u00e9s de cada professor, [&hellip;]","og_url":"https:\/\/folhapopular.info\/index.php\/2026\/09\/04\/estrela-celebra-semana-da-patria-com-educacao-musica-e-orgulho-pelo-brasil\/","og_site_name":"Folha Popular","article_published_time":"2026-09-04T11:22:56+00:00","article_modified_time":"2026-09-04T11:22:57+00:00","og_image":[{"width":1600,"height":900,"url":"https:\/\/folhapopular.info\/wp-content\/uploads\/2026\/09\/WhatsApp-Image-2026-09-02-at-11.02.44.webp","type":"image\/webp"}],"author":"Reda\u00e7\u00e3o Folha Popular","twitter_card":"summary_large_image","twitter_misc":{"Escrito por":"Reda\u00e7\u00e3o Folha Popular","Est. tempo de leitura":"2 minutos"},"schema":{"@context":"https:\/\/schema.org","@graph":[{"@type":"Article","@id":"https:\/\/folhapopular.info\/index.php\/2026\/09\/04\/estrela-celebra-semana-da-patria-com-educacao-musica-e-orgulho-pelo-brasil\/#article","isPartOf":{"@id":"https:\/\/folhapopular.info\/index.php\/2026\/09\/04\/estrela-celebra-semana-da-patria-com-educacao-musica-e-orgulho-pelo-brasil\/"},"author":{"name":"Reda\u00e7\u00e3o Folha Popular","@id":"https:\/\/folhapopular.info\/#\/schema\/person\/2814e8a0df7643585a9ca38bc6eb9d4b"},"headline":"Estrela celebra Semana da P\u00e1tria com educa\u00e7\u00e3o, m\u00fasica e orgulho pelo Brasil","datePublished":"2026-09-04T11:22:56+00:00","dateModified":"2026-09-04T11:22:57+00:00","mainEntityOfPage":{"@id":"https:\/\/folhapopular.info\/index.php\/2026\/09\/04\/estrela-celebra-semana-da-patria-com-educacao-musica-e-orgulho-pelo-brasil\/"},"wordCount":207,"commentCount":0,"image":{"@id":"https:\/\/folhapopular.info\/index.php\/2026\/09\/04\/estrela-celebra-semana-da-patria-com-educacao-musica-e-orgulho-pelo-brasil\/#primaryimage"},"thumbnailUrl":"https:\/\/folhapopular.info\/wp-content\/uploads\/2026\/09\/WhatsApp-Image-2026-09-02-at-11.02.44.webp","keywords":["7 de setembro","Estrela","Independ\u00eancia do Brasil","Semana da P\u00e1tria"],"articleSection":["Destaques","Geral"],"inLanguage":"pt-BR","potentialAction":[{"@type":"CommentAction","name":"Comment","target":["https:\/\/folhapopular.info\/index.php\/2026\/09\/04\/estrela-celebra-semana-da-patria-com-educacao-musica-e-orgulho-pelo-brasil\/#respond"]}]},{"@type":"WebPage","@id":"https:\/\/folhapopular.info\/index.php\/2026\/09\/04\/estrela-celebra-semana-da-patria-com-educacao-musica-e-orgulho-pelo-brasil\/","url":"https:\/\/folhapopular.info\/index.php\/2026\/09\/04\/estrela-celebra-semana-da-patria-com-educacao-musica-e-orgulho-pelo-brasil\/","name":"Estrela celebra Semana da P\u00e1tria com educa\u00e7\u00e3o, m\u00fasica e orgulho pelo Brasil - Folha Popular","isPartOf":{"@id":"https:\/\/folhapopular.info\/#website"},"primaryImageOfPage":{"@id":"https:\/\/folhapopular.info\/index.php\/2026\/09\/04\/estrela-celebra-semana-da-patria-com-educacao-musica-e-orgulho-pelo-brasil\/#primaryimage"},"image":{"@id":"https:\/\/folhapopular.info\/index.php\/2026\/09\/04\/estrela-celebra-semana-da-patria-com-educacao-musica-e-orgulho-pelo-brasil\/#primaryimage"},"thumbnailUrl":"https:\/\/folhapopular.info\/wp-content\/uploads\/2026\/09\/WhatsApp-Image-2026-09-02-at-11.02.44.webp","datePublished":"2026-09-04T11:22:56+00:00","dateModified":"2026-09-04T11:22:57+00:00","author":{"@id":"https:\/\/folhapopular.info\/#\/schema\/person\/2814e8a0df7643585a9ca38bc6eb9d4b"},"breadcrumb":{"@id":"https:\/\/folhapopular.info\/index.php\/2026\/09\/04\/estrela-celebra-semana-da-patria-com-educacao-musica-e-orgulho-pelo-brasil\/#breadcrumb"},"inLanguage":"pt-BR","potentialAction":[{"@type":"ReadAction","target":["https:\/\/folhapopular.info\/index.php\/2026\/09\/04\/estrela-celebra-semana-da-patria-com-educacao-musica-e-orgulho-pelo-brasil\/"]}]},{"@type":"ImageObject","inLanguage":"pt-BR","@id":"https:\/\/folhapopular.info\/index.php\/2026\/09\/04\/estrela-celebra-semana-da-patria-com-educacao-musica-e-orgulho-pelo-brasil\/#primaryimage","url":"https:\/\/folhapopular.info\/wp-content\/uploads\/2026\/09\/WhatsApp-Image-2026-09-02-at-11.02.44.webp","contentUrl":"https:\/\/folhapopular.info\/wp-content\/uploads\/2026\/09\/WhatsApp-Image-2026-09-02-at-11.02.44.webp","width":1600,"height":900,"caption":"Cr\u00e9dito: Prefeitura de Estrela \/ Divulga\u00e7\u00e3o"},{"@type":"BreadcrumbList","@id":"https:\/\/folhapopular.info\/index.php\/2026\/09\/04\/estrela-celebra-semana-da-patria-com-educacao-musica-e-orgulho-pelo-brasil\/#breadcrumb","itemListElement":[{"@type":"ListItem","position":1,"name":"In\u00edcio","item":"https:\/\/folhapopular.info\/"},{"@type":"ListItem","position":2,"name":"Estrela celebra Semana da P\u00e1tria com educa\u00e7\u00e3o, m\u00fasica e orgulho pelo Brasil"}]},{"@type":"WebSite","@id":"https:\/\/folhapopular.info\/#website","url":"https:\/\/folhapopular.info\/","name":"Folha Popular","description":"Onde voc\u00ea tem vez e voz","potentialAction":[{"@type":"SearchAction","target":{"@type":"EntryPoint","urlTemplate":"https:\/\/folhapopular.info\/?s={search_term_string}"},"query-input":{"@type":"PropertyValueSpecification","valueRequired":true,"valueName":"search_term_string"}}],"inLanguage":"pt-BR"},{"@type":"Person","@id":"https:\/\/folhapopular.info\/#\/schema\/person\/2814e8a0df7643585a9ca38bc6eb9d4b","name":"Reda\u00e7\u00e3o Folha Popular","image":{"@type":"ImageObject","inLanguage":"pt-BR","@id":"https:\/\/folhapopular.info\/wp-content\/uploads\/2026\/04\/Folha-1.webp","url":"https:\/\/folhapopular.info\/wp-content\/uploads\/2026\/04\/Folha-1.webp","contentUrl":"https:\/\/folhapopular.info\/wp-content\/uploads\/2026\/04\/Folha-1.webp","caption":"Reda\u00e7\u00e3o Folha Popular"},"url":"https:\/\/folhapopular.info\/index.php\/author\/redacao\/"}]}},"jetpack_sharing_enabled":true,"amp_enabled":true,"jetpack_featured_media_url":"https:\/\/folhapopular.info\/wp-content\/uploads\/2026\/09\/WhatsApp-Image-2026-09-02-at-11.02.44.webp","_links":{"self":[{"href":"https:\/\/folhapopular.info\/index.php\/wp-json\/wp\/v2\/posts\/220350","targetHints":{"allow":["GET"]}}],"collection":[{"href":"https:\/\/folhapopular.info\/index.php\/wp-json\/wp\/v2\/posts"}],"about":[{"href":"https:\/\/folhapopular.info\/index.php\/wp-json\/wp\/v2\/types\/post"}],"author":[{"embeddable":true,"href":"https:\/\/folhapopular.info\/index.php\/wp-json\/wp\/v2\/users\/8"}],"replies":[{"embeddable":true,"href":"https:\/\/folhapopular.info\/index.php\/wp-json\/wp\/v2\/comments?post=220350"}],"version-history":[{"count":1,"href":"https:\/\/folhapopular.info\/index.php\/wp-json\/wp\/v2\/posts\/220350\/revisions"}],"predecessor-version":[{"id":220351,"href":"https:\/\/folhapopular.info\/index.php\/wp-json\/wp\/v2\/posts\/220350\/revisions\/220351"}],"wp:featuredmedia":[{"embeddable":true,"href":"https:\/\/folhapopular.info\/index.php\/wp-json\/wp\/v2\/media\/220352"}],"wp:attachment":[{"href":"https:\/\/folhapopular.info\/index.php\/wp-json\/wp\/v2\/media?parent=220350"}],"wp:term":[{"taxonomy":"category","embeddable":true,"href":"https:\/\/folhapopular.info\/index.php\/wp-json\/wp\/v2\/categories?post=220350"},{"taxonomy":"post_tag","embeddable":true,"href":"https:\/\/folhapopular.info\/index.php\/wp-json\/wp\/v2\/tags?post=220350"}],"curies":[{"name":"wp","href":"https:\/\/api.w.org\/{rel}","templated":true}]}}