{"id":220356,"date":"2026-09-04T09:51:45","date_gmt":"2026-09-04T12:51:45","guid":{"rendered":"https:\/\/folhapopular.info\/?p=220356"},"modified":"2026-09-04T09:53:28","modified_gmt":"2026-09-04T12:53:28","slug":"gremio-vence-o-inter-avanca-a-semifinal-da-copa-do-brasil-e-bate-recorde-de-publico-na-arena","status":"publish","type":"post","link":"https:\/\/folhapopular.info\/index.php\/2026\/09\/04\/gremio-vence-o-inter-avanca-a-semifinal-da-copa-do-brasil-e-bate-recorde-de-publico-na-arena\/","title":{"rendered":"Gr\u00eamio vence o Inter, avan\u00e7a \u00e0 semifinal da Copa do Brasil e bate recorde de p\u00fablico na Arena"},"content":{"rendered":"\n<p class=\"wp-block-paragraph\">O Gr\u00eamio est\u00e1 na semifinal da Copa do Brasil. Na noite da quinta-feira (3\/9), o Tricolor venceu o Inter por 3 a 1, na Arena, e garantiu a classifica\u00e7\u00e3o diante do maior rival.<\/p>\n\n\n\n<p class=\"wp-block-paragraph\">Carlos Vin\u00edcius marcou duas vezes no primeiro tempo, enquanto Krovinovi\u0107 fez o terceiro na etapa final. Vitinho descontou para o Colorado.<\/p>\n\n\n\n<p class=\"wp-block-paragraph\">Na pr\u00f3xima fase, o Gr\u00eamio ter\u00e1 o Atl\u00e9tico Mineiro como advers\u00e1rio. A CBF ainda definir\u00e1 as datas dos confrontos e os respectivos mandos de campo.<\/p>\n\n\n\n<p class=\"wp-block-paragraph\">O Gre-Nal 454 tamb\u00e9m entrou para a hist\u00f3ria da Arena do Gr\u00eamio. Com 55.695 torcedores presentes, o est\u00e1dio registrou o maior p\u00fablico desde sua inaugura\u00e7\u00e3o. A marca anterior havia sido estabelecida na final da Copa do Brasil de 2016.<\/p>\n\n\n\n<h2 class=\"wp-block-heading\"><strong>O jogo<\/strong><\/h2>\n\n\n\n<p class=\"wp-block-paragraph\">O cl\u00e1ssico come\u00e7ou equilibrado, mas o Gr\u00eamio foi eficiente nas primeiras oportunidades. Aos 13min, ap\u00f3s cobran\u00e7a de escanteio e disputa pelo alto, a bola sobrou para Carlos Vin\u00edcius. O atacante finalizou de perna esquerda e abriu o placar.<\/p>\n\n\n\n<p class=\"wp-block-paragraph\">O Inter tentou responder, principalmente com Alan Patrick, mas encontrou dificuldades para superar Weverton. Aos 21, o Gr\u00eamio ampliou. Amuzu participou da jogada e encontrou Carlos Vin\u00edcius na segunda trave. O centroavante completou para as redes. O lance foi revisado por poss\u00edvel impedimento, mas o gol acabou confirmado.<\/p>\n\n\n\n<p class=\"wp-block-paragraph\">Na segunda etapa, o Inter buscou diminuir a desvantagem, enquanto o Gr\u00eamio aproveitava os espa\u00e7os para atacar. Aos 22min, Amuzu tabelou com Tet\u00ea e rolou para Krovinovi\u0107. Livre, o croata dominou e bateu cruzado para marcar o terceiro.<\/p>\n\n\n\n<p class=\"wp-block-paragraph\">O Colorado conseguiu descontar aos 33min. Alan Patrick cruzou para Vitinho, que apareceu livre e cabeceou para o gol.<\/p>\n\n\n\n<p class=\"wp-block-paragraph\">No fim da partida, o Inter aumentou a press\u00e3o, mas Weverton apareceu para evitar novos gols. O goleiro defendeu finaliza\u00e7\u00f5es de Carbonero e Villagra e ajudou o Gr\u00eamio a preservar a vantagem.<\/p>\n\n\n\n<p class=\"wp-block-paragraph\">Com o apito de encerramento, o Tricolor confirmou o 3 a 1, eliminou o maior rival e avan\u00e7ou \u00e0 semifinal da Copa do Brasil. Agora, o Atl\u00e9tico Mineiro \u00e9 o pr\u00f3ximo obst\u00e1culo na busca por uma vaga na decis\u00e3o.<\/p>\n","protected":false},"excerpt":{"rendered":"<p>O Gr\u00eamio est\u00e1 na semifinal da Copa do Brasil. Na noite da quinta-feira (3\/9), o Tricolor venceu o Inter por 3 a 1, na Arena, e garantiu a classifica\u00e7\u00e3o diante do maior rival. Carlos Vin\u00edcius marcou duas vezes no primeiro tempo, enquanto Krovinovi\u0107 fez o terceiro na etapa final. Vitinho descontou para o Colorado. Na [&hellip;]<\/p>\n","protected":false},"author":732,"featured_media":220357,"comment_status":"open","ping_status":"open","sticky":false,"template":"","format":"standard","meta":{"pmpro_default_level":"","_jetpack_memberships_contains_paid_content":false,"footnotes":""},"categories":[5,2243],"tags":[6457,2407,1194],"class_list":["post-220356","post","type-post","status-publish","format-standard","has-post-thumbnail","category-esportes","category-futebol-profissional","tag-copa-do-brasil","tag-futebol-profissional","tag-gremio","pmpro-has-access"],"yoast_head":"<!-- This site is optimized with the Yoast SEO plugin v28.4 - https:\/\/yoast.com\/product\/yoast-seo-wordpress\/ -->\n<title>Gr\u00eamio vence o Inter, avan\u00e7a \u00e0 semifinal da Copa do Brasil e bate recorde de p\u00fablico na Arena - Folha Popular<\/title>\n<meta name=\"description\" content=\"O Gr\u00eamio est\u00e1 na semifinal da Copa do Brasil. Na noite da quinta-feira (3\/9), o Tricolor venceu o Inter por 3 a 1, na Arena, e garantiu a classifica\u00e7\u00e3o diante do maior rival.\" \/>\n<meta name=\"robots\" content=\"index, follow, max-snippet:-1, max-image-preview:large, max-video-preview:-1\" \/>\n<link rel=\"canonical\" href=\"https:\/\/folhapopular.info\/index.php\/2026\/09\/04\/gremio-vence-o-inter-avanca-a-semifinal-da-copa-do-brasil-e-bate-recorde-de-publico-na-arena\/\" \/>\n<meta property=\"og:locale\" content=\"pt_BR\" \/>\n<meta property=\"og:type\" content=\"article\" \/>\n<meta property=\"og:title\" content=\"Gr\u00eamio vence o Inter, avan\u00e7a \u00e0 semifinal da Copa do Brasil e bate recorde de p\u00fablico na Arena - Folha Popular\" \/>\n<meta property=\"og:description\" content=\"O Gr\u00eamio est\u00e1 na semifinal da Copa do Brasil. Na noite da quinta-feira (3\/9), o Tricolor venceu o Inter por 3 a 1, na Arena, e garantiu a classifica\u00e7\u00e3o diante do maior rival.\" \/>\n<meta property=\"og:url\" content=\"https:\/\/folhapopular.info\/index.php\/2026\/09\/04\/gremio-vence-o-inter-avanca-a-semifinal-da-copa-do-brasil-e-bate-recorde-de-publico-na-arena\/\" \/>\n<meta property=\"og:site_name\" content=\"Folha Popular\" \/>\n<meta property=\"article:author\" content=\"https:\/\/www.facebook.com\/luis.huppes\/\" \/>\n<meta property=\"article:published_time\" content=\"2026-09-04T12:51:45+00:00\" \/>\n<meta property=\"article:modified_time\" content=\"2026-09-04T12:53:28+00:00\" \/>\n<meta property=\"og:image\" content=\"https:\/\/folhapopular.info\/wp-content\/uploads\/2026\/09\/Carlos-Vinicius-se-recuperou-e-marcou-duas-vezes.webp\" \/>\n\t<meta property=\"og:image:width\" content=\"2480\" \/>\n\t<meta property=\"og:image:height\" content=\"1653\" \/>\n\t<meta property=\"og:image:type\" content=\"image\/webp\" \/>\n<meta name=\"author\" content=\"Luis Augusto Huppes\" \/>\n<meta name=\"twitter:card\" content=\"summary_large_image\" \/>\n<meta name=\"twitter:label1\" content=\"Escrito por\" \/>\n\t<meta name=\"twitter:data1\" content=\"Luis Augusto Huppes\" \/>\n\t<meta name=\"twitter:label2\" content=\"Est. tempo de leitura\" \/>\n\t<meta name=\"twitter:data2\" content=\"3 minutos\" \/>\n<script type=\"application\/ld+json\" class=\"yoast-schema-graph\">{\"@context\":\"https:\\\/\\\/schema.org\",\"@graph\":[{\"@type\":\"Article\",\"@id\":\"https:\\\/\\\/folhapopular.info\\\/index.php\\\/2026\\\/09\\\/04\\\/gremio-vence-o-inter-avanca-a-semifinal-da-copa-do-brasil-e-bate-recorde-de-publico-na-arena\\\/#article\",\"isPartOf\":{\"@id\":\"https:\\\/\\\/folhapopular.info\\\/index.php\\\/2026\\\/09\\\/04\\\/gremio-vence-o-inter-avanca-a-semifinal-da-copa-do-brasil-e-bate-recorde-de-publico-na-arena\\\/\"},\"author\":{\"name\":\"Luis Augusto Huppes\",\"@id\":\"https:\\\/\\\/folhapopular.info\\\/#\\\/schema\\\/person\\\/e852c327371714676d02e58cf917fd9f\"},\"headline\":\"Gr\u00eamio vence o Inter, avan\u00e7a \u00e0 semifinal da Copa do Brasil e bate recorde de p\u00fablico na Arena\",\"datePublished\":\"2026-09-04T12:51:45+00:00\",\"dateModified\":\"2026-09-04T12:53:28+00:00\",\"mainEntityOfPage\":{\"@id\":\"https:\\\/\\\/folhapopular.info\\\/index.php\\\/2026\\\/09\\\/04\\\/gremio-vence-o-inter-avanca-a-semifinal-da-copa-do-brasil-e-bate-recorde-de-publico-na-arena\\\/\"},\"wordCount\":375,\"commentCount\":0,\"image\":{\"@id\":\"https:\\\/\\\/folhapopular.info\\\/index.php\\\/2026\\\/09\\\/04\\\/gremio-vence-o-inter-avanca-a-semifinal-da-copa-do-brasil-e-bate-recorde-de-publico-na-arena\\\/#primaryimage\"},\"thumbnailUrl\":\"https:\\\/\\\/folhapopular.info\\\/wp-content\\\/uploads\\\/2026\\\/09\\\/Carlos-Vinicius-se-recuperou-e-marcou-duas-vezes.webp\",\"keywords\":[\"Copa do Brasil\",\"futebol profissional\",\"Gr\u00eamio\"],\"articleSection\":[\"Esportes\",\"Futebol Profissional\"],\"inLanguage\":\"pt-BR\",\"potentialAction\":[{\"@type\":\"CommentAction\",\"name\":\"Comment\",\"target\":[\"https:\\\/\\\/folhapopular.info\\\/index.php\\\/2026\\\/09\\\/04\\\/gremio-vence-o-inter-avanca-a-semifinal-da-copa-do-brasil-e-bate-recorde-de-publico-na-arena\\\/#respond\"]}]},{\"@type\":\"WebPage\",\"@id\":\"https:\\\/\\\/folhapopular.info\\\/index.php\\\/2026\\\/09\\\/04\\\/gremio-vence-o-inter-avanca-a-semifinal-da-copa-do-brasil-e-bate-recorde-de-publico-na-arena\\\/\",\"url\":\"https:\\\/\\\/folhapopular.info\\\/index.php\\\/2026\\\/09\\\/04\\\/gremio-vence-o-inter-avanca-a-semifinal-da-copa-do-brasil-e-bate-recorde-de-publico-na-arena\\\/\",\"name\":\"Gr\u00eamio vence o Inter, avan\u00e7a \u00e0 semifinal da Copa do Brasil e bate recorde de p\u00fablico na Arena - Folha Popular\",\"isPartOf\":{\"@id\":\"https:\\\/\\\/folhapopular.info\\\/#website\"},\"primaryImageOfPage\":{\"@id\":\"https:\\\/\\\/folhapopular.info\\\/index.php\\\/2026\\\/09\\\/04\\\/gremio-vence-o-inter-avanca-a-semifinal-da-copa-do-brasil-e-bate-recorde-de-publico-na-arena\\\/#primaryimage\"},\"image\":{\"@id\":\"https:\\\/\\\/folhapopular.info\\\/index.php\\\/2026\\\/09\\\/04\\\/gremio-vence-o-inter-avanca-a-semifinal-da-copa-do-brasil-e-bate-recorde-de-publico-na-arena\\\/#primaryimage\"},\"thumbnailUrl\":\"https:\\\/\\\/folhapopular.info\\\/wp-content\\\/uploads\\\/2026\\\/09\\\/Carlos-Vinicius-se-recuperou-e-marcou-duas-vezes.webp\",\"datePublished\":\"2026-09-04T12:51:45+00:00\",\"dateModified\":\"2026-09-04T12:53:28+00:00\",\"author\":{\"@id\":\"https:\\\/\\\/folhapopular.info\\\/#\\\/schema\\\/person\\\/e852c327371714676d02e58cf917fd9f\"},\"description\":\"O Gr\u00eamio est\u00e1 na semifinal da Copa do Brasil. Na noite da quinta-feira (3\\\/9), o Tricolor venceu o Inter por 3 a 1, na Arena, e garantiu a classifica\u00e7\u00e3o diante do maior rival.\",\"breadcrumb\":{\"@id\":\"https:\\\/\\\/folhapopular.info\\\/index.php\\\/2026\\\/09\\\/04\\\/gremio-vence-o-inter-avanca-a-semifinal-da-copa-do-brasil-e-bate-recorde-de-publico-na-arena\\\/#breadcrumb\"},\"inLanguage\":\"pt-BR\",\"potentialAction\":[{\"@type\":\"ReadAction\",\"target\":[\"https:\\\/\\\/folhapopular.info\\\/index.php\\\/2026\\\/09\\\/04\\\/gremio-vence-o-inter-avanca-a-semifinal-da-copa-do-brasil-e-bate-recorde-de-publico-na-arena\\\/\"]}]},{\"@type\":\"ImageObject\",\"inLanguage\":\"pt-BR\",\"@id\":\"https:\\\/\\\/folhapopular.info\\\/index.php\\\/2026\\\/09\\\/04\\\/gremio-vence-o-inter-avanca-a-semifinal-da-copa-do-brasil-e-bate-recorde-de-publico-na-arena\\\/#primaryimage\",\"url\":\"https:\\\/\\\/folhapopular.info\\\/wp-content\\\/uploads\\\/2026\\\/09\\\/Carlos-Vinicius-se-recuperou-e-marcou-duas-vezes.webp\",\"contentUrl\":\"https:\\\/\\\/folhapopular.info\\\/wp-content\\\/uploads\\\/2026\\\/09\\\/Carlos-Vinicius-se-recuperou-e-marcou-duas-vezes.webp\",\"width\":2480,\"height\":1653,\"caption\":\"Carlos Vin\u00edcius se recuperou e marcou duas vezes - Cr\u00e9dito: Gr\u00eamio \\\/ Divulga\u00e7\u00e3o\"},{\"@type\":\"BreadcrumbList\",\"@id\":\"https:\\\/\\\/folhapopular.info\\\/index.php\\\/2026\\\/09\\\/04\\\/gremio-vence-o-inter-avanca-a-semifinal-da-copa-do-brasil-e-bate-recorde-de-publico-na-arena\\\/#breadcrumb\",\"itemListElement\":[{\"@type\":\"ListItem\",\"position\":1,\"name\":\"In\u00edcio\",\"item\":\"https:\\\/\\\/folhapopular.info\\\/\"},{\"@type\":\"ListItem\",\"position\":2,\"name\":\"Gr\u00eamio vence o Inter, avan\u00e7a \u00e0 semifinal da Copa do Brasil e bate recorde de p\u00fablico na Arena\"}]},{\"@type\":\"WebSite\",\"@id\":\"https:\\\/\\\/folhapopular.info\\\/#website\",\"url\":\"https:\\\/\\\/folhapopular.info\\\/\",\"name\":\"Folha Popular\",\"description\":\"Onde voc\u00ea tem vez e voz\",\"potentialAction\":[{\"@type\":\"SearchAction\",\"target\":{\"@type\":\"EntryPoint\",\"urlTemplate\":\"https:\\\/\\\/folhapopular.info\\\/?s={search_term_string}\"},\"query-input\":{\"@type\":\"PropertyValueSpecification\",\"valueRequired\":true,\"valueName\":\"search_term_string\"}}],\"inLanguage\":\"pt-BR\"},{\"@type\":\"Person\",\"@id\":\"https:\\\/\\\/folhapopular.info\\\/#\\\/schema\\\/person\\\/e852c327371714676d02e58cf917fd9f\",\"name\":\"Luis Augusto Huppes\",\"image\":{\"@type\":\"ImageObject\",\"inLanguage\":\"pt-BR\",\"@id\":\"https:\\\/\\\/folhapopular.info\\\/wp-content\\\/uploads\\\/2026\\\/04\\\/Luis-Augusto-Huppes-1-1.webp\",\"url\":\"https:\\\/\\\/folhapopular.info\\\/wp-content\\\/uploads\\\/2026\\\/04\\\/Luis-Augusto-Huppes-1-1.webp\",\"contentUrl\":\"https:\\\/\\\/folhapopular.info\\\/wp-content\\\/uploads\\\/2026\\\/04\\\/Luis-Augusto-Huppes-1-1.webp\",\"caption\":\"Luis Augusto Huppes\"},\"sameAs\":[\"https:\\\/\\\/www.facebook.com\\\/luis.huppes\\\/\",\"https:\\\/\\\/www.instagram.com\\\/luis.huppes\\\/\",\"https:\\\/\\\/www.linkedin.com\\\/in\\\/luis-augusto-huppes-2554b52b7\\\/\"],\"url\":\"https:\\\/\\\/folhapopular.info\\\/index.php\\\/author\\\/luis-augusto-huppes\\\/\"}]}<\/script>\n<!-- \/ Yoast SEO plugin. -->","yoast_head_json":{"title":"Gr\u00eamio vence o Inter, avan\u00e7a \u00e0 semifinal da Copa do Brasil e bate recorde de p\u00fablico na Arena - Folha Popular","description":"O Gr\u00eamio est\u00e1 na semifinal da Copa do Brasil. Na noite da quinta-feira (3\/9), o Tricolor venceu o Inter por 3 a 1, na Arena, e garantiu a classifica\u00e7\u00e3o diante do maior rival.","robots":{"index":"index","follow":"follow","max-snippet":"max-snippet:-1","max-image-preview":"max-image-preview:large","max-video-preview":"max-video-preview:-1"},"canonical":"https:\/\/folhapopular.info\/index.php\/2026\/09\/04\/gremio-vence-o-inter-avanca-a-semifinal-da-copa-do-brasil-e-bate-recorde-de-publico-na-arena\/","og_locale":"pt_BR","og_type":"article","og_title":"Gr\u00eamio vence o Inter, avan\u00e7a \u00e0 semifinal da Copa do Brasil e bate recorde de p\u00fablico na Arena - Folha Popular","og_description":"O Gr\u00eamio est\u00e1 na semifinal da Copa do Brasil. Na noite da quinta-feira (3\/9), o Tricolor venceu o Inter por 3 a 1, na Arena, e garantiu a classifica\u00e7\u00e3o diante do maior rival.","og_url":"https:\/\/folhapopular.info\/index.php\/2026\/09\/04\/gremio-vence-o-inter-avanca-a-semifinal-da-copa-do-brasil-e-bate-recorde-de-publico-na-arena\/","og_site_name":"Folha Popular","article_author":"https:\/\/www.facebook.com\/luis.huppes\/","article_published_time":"2026-09-04T12:51:45+00:00","article_modified_time":"2026-09-04T12:53:28+00:00","og_image":[{"width":2480,"height":1653,"url":"https:\/\/folhapopular.info\/wp-content\/uploads\/2026\/09\/Carlos-Vinicius-se-recuperou-e-marcou-duas-vezes.webp","type":"image\/webp"}],"author":"Luis Augusto Huppes","twitter_card":"summary_large_image","twitter_misc":{"Escrito por":"Luis Augusto Huppes","Est. tempo de leitura":"3 minutos"},"schema":{"@context":"https:\/\/schema.org","@graph":[{"@type":"Article","@id":"https:\/\/folhapopular.info\/index.php\/2026\/09\/04\/gremio-vence-o-inter-avanca-a-semifinal-da-copa-do-brasil-e-bate-recorde-de-publico-na-arena\/#article","isPartOf":{"@id":"https:\/\/folhapopular.info\/index.php\/2026\/09\/04\/gremio-vence-o-inter-avanca-a-semifinal-da-copa-do-brasil-e-bate-recorde-de-publico-na-arena\/"},"author":{"name":"Luis Augusto Huppes","@id":"https:\/\/folhapopular.info\/#\/schema\/person\/e852c327371714676d02e58cf917fd9f"},"headline":"Gr\u00eamio vence o Inter, avan\u00e7a \u00e0 semifinal da Copa do Brasil e bate recorde de p\u00fablico na Arena","datePublished":"2026-09-04T12:51:45+00:00","dateModified":"2026-09-04T12:53:28+00:00","mainEntityOfPage":{"@id":"https:\/\/folhapopular.info\/index.php\/2026\/09\/04\/gremio-vence-o-inter-avanca-a-semifinal-da-copa-do-brasil-e-bate-recorde-de-publico-na-arena\/"},"wordCount":375,"commentCount":0,"image":{"@id":"https:\/\/folhapopular.info\/index.php\/2026\/09\/04\/gremio-vence-o-inter-avanca-a-semifinal-da-copa-do-brasil-e-bate-recorde-de-publico-na-arena\/#primaryimage"},"thumbnailUrl":"https:\/\/folhapopular.info\/wp-content\/uploads\/2026\/09\/Carlos-Vinicius-se-recuperou-e-marcou-duas-vezes.webp","keywords":["Copa do Brasil","futebol profissional","Gr\u00eamio"],"articleSection":["Esportes","Futebol Profissional"],"inLanguage":"pt-BR","potentialAction":[{"@type":"CommentAction","name":"Comment","target":["https:\/\/folhapopular.info\/index.php\/2026\/09\/04\/gremio-vence-o-inter-avanca-a-semifinal-da-copa-do-brasil-e-bate-recorde-de-publico-na-arena\/#respond"]}]},{"@type":"WebPage","@id":"https:\/\/folhapopular.info\/index.php\/2026\/09\/04\/gremio-vence-o-inter-avanca-a-semifinal-da-copa-do-brasil-e-bate-recorde-de-publico-na-arena\/","url":"https:\/\/folhapopular.info\/index.php\/2026\/09\/04\/gremio-vence-o-inter-avanca-a-semifinal-da-copa-do-brasil-e-bate-recorde-de-publico-na-arena\/","name":"Gr\u00eamio vence o Inter, avan\u00e7a \u00e0 semifinal da Copa do Brasil e bate recorde de p\u00fablico na Arena - Folha Popular","isPartOf":{"@id":"https:\/\/folhapopular.info\/#website"},"primaryImageOfPage":{"@id":"https:\/\/folhapopular.info\/index.php\/2026\/09\/04\/gremio-vence-o-inter-avanca-a-semifinal-da-copa-do-brasil-e-bate-recorde-de-publico-na-arena\/#primaryimage"},"image":{"@id":"https:\/\/folhapopular.info\/index.php\/2026\/09\/04\/gremio-vence-o-inter-avanca-a-semifinal-da-copa-do-brasil-e-bate-recorde-de-publico-na-arena\/#primaryimage"},"thumbnailUrl":"https:\/\/folhapopular.info\/wp-content\/uploads\/2026\/09\/Carlos-Vinicius-se-recuperou-e-marcou-duas-vezes.webp","datePublished":"2026-09-04T12:51:45+00:00","dateModified":"2026-09-04T12:53:28+00:00","author":{"@id":"https:\/\/folhapopular.info\/#\/schema\/person\/e852c327371714676d02e58cf917fd9f"},"description":"O Gr\u00eamio est\u00e1 na semifinal da Copa do Brasil. Na noite da quinta-feira (3\/9), o Tricolor venceu o Inter por 3 a 1, na Arena, e garantiu a classifica\u00e7\u00e3o diante do maior rival.","breadcrumb":{"@id":"https:\/\/folhapopular.info\/index.php\/2026\/09\/04\/gremio-vence-o-inter-avanca-a-semifinal-da-copa-do-brasil-e-bate-recorde-de-publico-na-arena\/#breadcrumb"},"inLanguage":"pt-BR","potentialAction":[{"@type":"ReadAction","target":["https:\/\/folhapopular.info\/index.php\/2026\/09\/04\/gremio-vence-o-inter-avanca-a-semifinal-da-copa-do-brasil-e-bate-recorde-de-publico-na-arena\/"]}]},{"@type":"ImageObject","inLanguage":"pt-BR","@id":"https:\/\/folhapopular.info\/index.php\/2026\/09\/04\/gremio-vence-o-inter-avanca-a-semifinal-da-copa-do-brasil-e-bate-recorde-de-publico-na-arena\/#primaryimage","url":"https:\/\/folhapopular.info\/wp-content\/uploads\/2026\/09\/Carlos-Vinicius-se-recuperou-e-marcou-duas-vezes.webp","contentUrl":"https:\/\/folhapopular.info\/wp-content\/uploads\/2026\/09\/Carlos-Vinicius-se-recuperou-e-marcou-duas-vezes.webp","width":2480,"height":1653,"caption":"Carlos Vin\u00edcius se recuperou e marcou duas vezes - Cr\u00e9dito: Gr\u00eamio \/ Divulga\u00e7\u00e3o"},{"@type":"BreadcrumbList","@id":"https:\/\/folhapopular.info\/index.php\/2026\/09\/04\/gremio-vence-o-inter-avanca-a-semifinal-da-copa-do-brasil-e-bate-recorde-de-publico-na-arena\/#breadcrumb","itemListElement":[{"@type":"ListItem","position":1,"name":"In\u00edcio","item":"https:\/\/folhapopular.info\/"},{"@type":"ListItem","position":2,"name":"Gr\u00eamio vence o Inter, avan\u00e7a \u00e0 semifinal da Copa do Brasil e bate recorde de p\u00fablico na Arena"}]},{"@type":"WebSite","@id":"https:\/\/folhapopular.info\/#website","url":"https:\/\/folhapopular.info\/","name":"Folha Popular","description":"Onde voc\u00ea tem vez e voz","potentialAction":[{"@type":"SearchAction","target":{"@type":"EntryPoint","urlTemplate":"https:\/\/folhapopular.info\/?s={search_term_string}"},"query-input":{"@type":"PropertyValueSpecification","valueRequired":true,"valueName":"search_term_string"}}],"inLanguage":"pt-BR"},{"@type":"Person","@id":"https:\/\/folhapopular.info\/#\/schema\/person\/e852c327371714676d02e58cf917fd9f","name":"Luis Augusto Huppes","image":{"@type":"ImageObject","inLanguage":"pt-BR","@id":"https:\/\/folhapopular.info\/wp-content\/uploads\/2026\/04\/Luis-Augusto-Huppes-1-1.webp","url":"https:\/\/folhapopular.info\/wp-content\/uploads\/2026\/04\/Luis-Augusto-Huppes-1-1.webp","contentUrl":"https:\/\/folhapopular.info\/wp-content\/uploads\/2026\/04\/Luis-Augusto-Huppes-1-1.webp","caption":"Luis Augusto Huppes"},"sameAs":["https:\/\/www.facebook.com\/luis.huppes\/","https:\/\/www.instagram.com\/luis.huppes\/","https:\/\/www.linkedin.com\/in\/luis-augusto-huppes-2554b52b7\/"],"url":"https:\/\/folhapopular.info\/index.php\/author\/luis-augusto-huppes\/"}]}},"jetpack_sharing_enabled":true,"amp_enabled":true,"jetpack_featured_media_url":"https:\/\/folhapopular.info\/wp-content\/uploads\/2026\/09\/Carlos-Vinicius-se-recuperou-e-marcou-duas-vezes.webp","_links":{"self":[{"href":"https:\/\/folhapopular.info\/index.php\/wp-json\/wp\/v2\/posts\/220356","targetHints":{"allow":["GET"]}}],"collection":[{"href":"https:\/\/folhapopular.info\/index.php\/wp-json\/wp\/v2\/posts"}],"about":[{"href":"https:\/\/folhapopular.info\/index.php\/wp-json\/wp\/v2\/types\/post"}],"author":[{"embeddable":true,"href":"https:\/\/folhapopular.info\/index.php\/wp-json\/wp\/v2\/users\/732"}],"replies":[{"embeddable":true,"href":"https:\/\/folhapopular.info\/index.php\/wp-json\/wp\/v2\/comments?post=220356"}],"version-history":[{"count":1,"href":"https:\/\/folhapopular.info\/index.php\/wp-json\/wp\/v2\/posts\/220356\/revisions"}],"predecessor-version":[{"id":220361,"href":"https:\/\/folhapopular.info\/index.php\/wp-json\/wp\/v2\/posts\/220356\/revisions\/220361"}],"wp:featuredmedia":[{"embeddable":true,"href":"https:\/\/folhapopular.info\/index.php\/wp-json\/wp\/v2\/media\/220357"}],"wp:attachment":[{"href":"https:\/\/folhapopular.info\/index.php\/wp-json\/wp\/v2\/media?parent=220356"}],"wp:term":[{"taxonomy":"category","embeddable":true,"href":"https:\/\/folhapopular.info\/index.php\/wp-json\/wp\/v2\/categories?post=220356"},{"taxonomy":"post_tag","embeddable":true,"href":"https:\/\/folhapopular.info\/index.php\/wp-json\/wp\/v2\/tags?post=220356"}],"curies":[{"name":"wp","href":"https:\/\/api.w.org\/{rel}","templated":true}]}}