{"id":220363,"date":"2026-09-04T11:00:41","date_gmt":"2026-09-04T14:00:41","guid":{"rendered":"https:\/\/folhapopular.info\/?p=220363"},"modified":"2026-09-04T11:00:59","modified_gmt":"2026-09-04T14:00:59","slug":"operacao-inverno-chega-ao-fim-com-mais-de-4-700-atendimentos-em-lajeado","status":"publish","type":"post","link":"https:\/\/folhapopular.info\/index.php\/2026\/09\/04\/operacao-inverno-chega-ao-fim-com-mais-de-4-700-atendimentos-em-lajeado\/","title":{"rendered":"Opera\u00e7\u00e3o Inverno chega ao fim com mais de 4.700 atendimentos em Lajeado"},"content":{"rendered":"\n<p class=\"wp-block-paragraph\">A Opera\u00e7\u00e3o Inverno recebeu 4.744 atendimentos em 5 meses e ser\u00e1 encerrada nesta sexta-feira (4\/9). A a\u00e7\u00e3o foi criada para ampliar o acesso da popula\u00e7\u00e3o aos atendimentos de aten\u00e7\u00e3o prim\u00e1ria durante o per\u00edodo de maior circula\u00e7\u00e3o de doen\u00e7as respirat\u00f3rias. O fim da mobiliza\u00e7\u00e3o considera a redu\u00e7\u00e3o da procura pelos atendimentos no hor\u00e1rio estendido ao longo das \u00faltimas semanas. <\/p>\n\n\n\n<p class=\"wp-block-paragraph\">Desde abril, os Postos de Sa\u00fade do Centro, Conventos e Jardim do Cedro mantiveram atendimento m\u00e9dico de segunda a sexta-feira, das 16h30 \u00e0s 20h30. O servi\u00e7o esteve dispon\u00edvel para moradores de qualquer bairro de Lajeado, independentemente da unidade de sa\u00fade de refer\u00eancia.<\/p>\n\n\n\n<p class=\"wp-block-paragraph\">Ao longo da opera\u00e7\u00e3o, as principais queixas apresentadas pelos pacientes foram epis\u00f3dios de s\u00edndromes virais, sintomas gripais, sintomas respirat\u00f3rios, sintomas sugestivos de infec\u00e7\u00e3o do trato urin\u00e1rio e dor corporal. &#8220;Al\u00e9m de oferecer uma alternativa de atendimento fora do hor\u00e1rio habitual das unidades, a estrat\u00e9gia contribuiu para organizar o fluxo de pacientes e reduzir a procura por servi\u00e7os de maior complexidade, como a Unidade de Pronto Atendimento (UPA) e a emerg\u00eancia do Hospital Bruno Born&#8221;, explica a secret\u00e1ria da Sa\u00fade, Giovanna Linhares.<\/p>\n\n\n\n<p class=\"wp-block-paragraph\">A redu\u00e7\u00e3o gradual no n\u00famero de atendimentos tamb\u00e9m foi observada nos \u00faltimos meses. Em maio, foram 1.234 atendimentos. J\u00e1 em agosto, foram registrados 731 atendimentos nos tr\u00eas postos.<\/p>\n\n\n\n<p class=\"wp-block-paragraph\">Com o encerramento da Opera\u00e7\u00e3o Inverno, os atendimentos nas unidades de sa\u00fade retornam aos hor\u00e1rios normais. A popula\u00e7\u00e3o deve procurar a unidade de refer\u00eancia para os atendimentos de aten\u00e7\u00e3o prim\u00e1ria e a UPA em situa\u00e7\u00f5es de urg\u00eancia e emerg\u00eancia.<\/p>\n","protected":false},"excerpt":{"rendered":"<p>A Opera\u00e7\u00e3o Inverno recebeu 4.744 atendimentos em 5 meses e ser\u00e1 encerrada nesta sexta-feira (4\/9). A a\u00e7\u00e3o foi criada para ampliar o acesso da popula\u00e7\u00e3o aos atendimentos de aten\u00e7\u00e3o prim\u00e1ria durante o per\u00edodo de maior circula\u00e7\u00e3o de doen\u00e7as respirat\u00f3rias. O fim da mobiliza\u00e7\u00e3o considera a redu\u00e7\u00e3o da procura pelos atendimentos no hor\u00e1rio estendido ao longo [&hellip;]<\/p>\n","protected":false},"author":8,"featured_media":220364,"comment_status":"open","ping_status":"open","sticky":false,"template":"","format":"standard","meta":{"pmpro_default_level":"","_jetpack_memberships_contains_paid_content":false,"footnotes":""},"categories":[2,3,10986],"tags":[2179,27,20943,89],"class_list":["post-220363","post","type-post","status-publish","format-standard","has-post-thumbnail","category-featured","category-geral","category-saude","tag-atendimentos","tag-lajeado","tag-operacao-inverno","tag-saude","pmpro-has-access"],"yoast_head":"<!-- This site is optimized with the Yoast SEO plugin v28.4 - https:\/\/yoast.com\/product\/yoast-seo-wordpress\/ -->\n<title>Opera\u00e7\u00e3o Inverno chega ao fim com mais de 4.700 atendimentos em Lajeado - Folha Popular<\/title>\n<meta name=\"robots\" content=\"index, follow, max-snippet:-1, max-image-preview:large, max-video-preview:-1\" \/>\n<link rel=\"canonical\" href=\"https:\/\/folhapopular.info\/index.php\/2026\/09\/04\/operacao-inverno-chega-ao-fim-com-mais-de-4-700-atendimentos-em-lajeado\/\" \/>\n<meta property=\"og:locale\" content=\"pt_BR\" \/>\n<meta property=\"og:type\" content=\"article\" \/>\n<meta property=\"og:title\" content=\"Opera\u00e7\u00e3o Inverno chega ao fim com mais de 4.700 atendimentos em Lajeado - Folha Popular\" \/>\n<meta property=\"og:description\" content=\"A Opera\u00e7\u00e3o Inverno recebeu 4.744 atendimentos em 5 meses e ser\u00e1 encerrada nesta sexta-feira (4\/9). A a\u00e7\u00e3o foi criada para ampliar o acesso da popula\u00e7\u00e3o aos atendimentos de aten\u00e7\u00e3o prim\u00e1ria durante o per\u00edodo de maior circula\u00e7\u00e3o de doen\u00e7as respirat\u00f3rias. O fim da mobiliza\u00e7\u00e3o considera a redu\u00e7\u00e3o da procura pelos atendimentos no hor\u00e1rio estendido ao longo [&hellip;]\" \/>\n<meta property=\"og:url\" content=\"https:\/\/folhapopular.info\/index.php\/2026\/09\/04\/operacao-inverno-chega-ao-fim-com-mais-de-4-700-atendimentos-em-lajeado\/\" \/>\n<meta property=\"og:site_name\" content=\"Folha Popular\" \/>\n<meta property=\"article:published_time\" content=\"2026-09-04T14:00:41+00:00\" \/>\n<meta property=\"article:modified_time\" content=\"2026-09-04T14:00:59+00:00\" \/>\n<meta property=\"og:image\" content=\"https:\/\/folhapopular.info\/wp-content\/uploads\/2026\/09\/AtendimentoPostodeSaAdedoCentroIsabellaGiasson51788379913312_foto.webp\" \/>\n\t<meta property=\"og:image:width\" content=\"900\" \/>\n\t<meta property=\"og:image:height\" content=\"675\" \/>\n\t<meta property=\"og:image:type\" content=\"image\/webp\" \/>\n<meta name=\"author\" content=\"Reda\u00e7\u00e3o Folha Popular\" \/>\n<meta name=\"twitter:card\" content=\"summary_large_image\" \/>\n<meta name=\"twitter:label1\" content=\"Escrito por\" \/>\n\t<meta name=\"twitter:data1\" content=\"Reda\u00e7\u00e3o Folha Popular\" \/>\n\t<meta name=\"twitter:label2\" content=\"Est. tempo de leitura\" \/>\n\t<meta name=\"twitter:data2\" content=\"2 minutos\" \/>\n<script type=\"application\/ld+json\" class=\"yoast-schema-graph\">{\"@context\":\"https:\\\/\\\/schema.org\",\"@graph\":[{\"@type\":\"Article\",\"@id\":\"https:\\\/\\\/folhapopular.info\\\/index.php\\\/2026\\\/09\\\/04\\\/operacao-inverno-chega-ao-fim-com-mais-de-4-700-atendimentos-em-lajeado\\\/#article\",\"isPartOf\":{\"@id\":\"https:\\\/\\\/folhapopular.info\\\/index.php\\\/2026\\\/09\\\/04\\\/operacao-inverno-chega-ao-fim-com-mais-de-4-700-atendimentos-em-lajeado\\\/\"},\"author\":{\"name\":\"Reda\u00e7\u00e3o Folha Popular\",\"@id\":\"https:\\\/\\\/folhapopular.info\\\/#\\\/schema\\\/person\\\/2814e8a0df7643585a9ca38bc6eb9d4b\"},\"headline\":\"Opera\u00e7\u00e3o Inverno chega ao fim com mais de 4.700 atendimentos em Lajeado\",\"datePublished\":\"2026-09-04T14:00:41+00:00\",\"dateModified\":\"2026-09-04T14:00:59+00:00\",\"mainEntityOfPage\":{\"@id\":\"https:\\\/\\\/folhapopular.info\\\/index.php\\\/2026\\\/09\\\/04\\\/operacao-inverno-chega-ao-fim-com-mais-de-4-700-atendimentos-em-lajeado\\\/\"},\"wordCount\":300,\"commentCount\":0,\"image\":{\"@id\":\"https:\\\/\\\/folhapopular.info\\\/index.php\\\/2026\\\/09\\\/04\\\/operacao-inverno-chega-ao-fim-com-mais-de-4-700-atendimentos-em-lajeado\\\/#primaryimage\"},\"thumbnailUrl\":\"https:\\\/\\\/folhapopular.info\\\/wp-content\\\/uploads\\\/2026\\\/09\\\/AtendimentoPostodeSaAdedoCentroIsabellaGiasson51788379913312_foto.webp\",\"keywords\":[\"Atendimentos\",\"Lajeado\",\"Opera\u00e7\u00e3o Inverno\",\"Sa\u00fade\"],\"articleSection\":[\"Destaques\",\"Geral\",\"Sa\u00fade\"],\"inLanguage\":\"pt-BR\",\"potentialAction\":[{\"@type\":\"CommentAction\",\"name\":\"Comment\",\"target\":[\"https:\\\/\\\/folhapopular.info\\\/index.php\\\/2026\\\/09\\\/04\\\/operacao-inverno-chega-ao-fim-com-mais-de-4-700-atendimentos-em-lajeado\\\/#respond\"]}]},{\"@type\":\"WebPage\",\"@id\":\"https:\\\/\\\/folhapopular.info\\\/index.php\\\/2026\\\/09\\\/04\\\/operacao-inverno-chega-ao-fim-com-mais-de-4-700-atendimentos-em-lajeado\\\/\",\"url\":\"https:\\\/\\\/folhapopular.info\\\/index.php\\\/2026\\\/09\\\/04\\\/operacao-inverno-chega-ao-fim-com-mais-de-4-700-atendimentos-em-lajeado\\\/\",\"name\":\"Opera\u00e7\u00e3o Inverno chega ao fim com mais de 4.700 atendimentos em Lajeado - Folha Popular\",\"isPartOf\":{\"@id\":\"https:\\\/\\\/folhapopular.info\\\/#website\"},\"primaryImageOfPage\":{\"@id\":\"https:\\\/\\\/folhapopular.info\\\/index.php\\\/2026\\\/09\\\/04\\\/operacao-inverno-chega-ao-fim-com-mais-de-4-700-atendimentos-em-lajeado\\\/#primaryimage\"},\"image\":{\"@id\":\"https:\\\/\\\/folhapopular.info\\\/index.php\\\/2026\\\/09\\\/04\\\/operacao-inverno-chega-ao-fim-com-mais-de-4-700-atendimentos-em-lajeado\\\/#primaryimage\"},\"thumbnailUrl\":\"https:\\\/\\\/folhapopular.info\\\/wp-content\\\/uploads\\\/2026\\\/09\\\/AtendimentoPostodeSaAdedoCentroIsabellaGiasson51788379913312_foto.webp\",\"datePublished\":\"2026-09-04T14:00:41+00:00\",\"dateModified\":\"2026-09-04T14:00:59+00:00\",\"author\":{\"@id\":\"https:\\\/\\\/folhapopular.info\\\/#\\\/schema\\\/person\\\/2814e8a0df7643585a9ca38bc6eb9d4b\"},\"breadcrumb\":{\"@id\":\"https:\\\/\\\/folhapopular.info\\\/index.php\\\/2026\\\/09\\\/04\\\/operacao-inverno-chega-ao-fim-com-mais-de-4-700-atendimentos-em-lajeado\\\/#breadcrumb\"},\"inLanguage\":\"pt-BR\",\"potentialAction\":[{\"@type\":\"ReadAction\",\"target\":[\"https:\\\/\\\/folhapopular.info\\\/index.php\\\/2026\\\/09\\\/04\\\/operacao-inverno-chega-ao-fim-com-mais-de-4-700-atendimentos-em-lajeado\\\/\"]}]},{\"@type\":\"ImageObject\",\"inLanguage\":\"pt-BR\",\"@id\":\"https:\\\/\\\/folhapopular.info\\\/index.php\\\/2026\\\/09\\\/04\\\/operacao-inverno-chega-ao-fim-com-mais-de-4-700-atendimentos-em-lajeado\\\/#primaryimage\",\"url\":\"https:\\\/\\\/folhapopular.info\\\/wp-content\\\/uploads\\\/2026\\\/09\\\/AtendimentoPostodeSaAdedoCentroIsabellaGiasson51788379913312_foto.webp\",\"contentUrl\":\"https:\\\/\\\/folhapopular.info\\\/wp-content\\\/uploads\\\/2026\\\/09\\\/AtendimentoPostodeSaAdedoCentroIsabellaGiasson51788379913312_foto.webp\",\"width\":900,\"height\":675,\"caption\":\"Posto de Sa\u00fade do Centro \\\/ Cr\u00e9dito: Prefeitura de Lajeado - Divulga\u00e7\u00e3o\"},{\"@type\":\"BreadcrumbList\",\"@id\":\"https:\\\/\\\/folhapopular.info\\\/index.php\\\/2026\\\/09\\\/04\\\/operacao-inverno-chega-ao-fim-com-mais-de-4-700-atendimentos-em-lajeado\\\/#breadcrumb\",\"itemListElement\":[{\"@type\":\"ListItem\",\"position\":1,\"name\":\"In\u00edcio\",\"item\":\"https:\\\/\\\/folhapopular.info\\\/\"},{\"@type\":\"ListItem\",\"position\":2,\"name\":\"Opera\u00e7\u00e3o Inverno chega ao fim com mais de 4.700 atendimentos em Lajeado\"}]},{\"@type\":\"WebSite\",\"@id\":\"https:\\\/\\\/folhapopular.info\\\/#website\",\"url\":\"https:\\\/\\\/folhapopular.info\\\/\",\"name\":\"Folha Popular\",\"description\":\"Onde voc\u00ea tem vez e voz\",\"potentialAction\":[{\"@type\":\"SearchAction\",\"target\":{\"@type\":\"EntryPoint\",\"urlTemplate\":\"https:\\\/\\\/folhapopular.info\\\/?s={search_term_string}\"},\"query-input\":{\"@type\":\"PropertyValueSpecification\",\"valueRequired\":true,\"valueName\":\"search_term_string\"}}],\"inLanguage\":\"pt-BR\"},{\"@type\":\"Person\",\"@id\":\"https:\\\/\\\/folhapopular.info\\\/#\\\/schema\\\/person\\\/2814e8a0df7643585a9ca38bc6eb9d4b\",\"name\":\"Reda\u00e7\u00e3o Folha Popular\",\"image\":{\"@type\":\"ImageObject\",\"inLanguage\":\"pt-BR\",\"@id\":\"https:\\\/\\\/folhapopular.info\\\/wp-content\\\/uploads\\\/2026\\\/04\\\/Folha-1.webp\",\"url\":\"https:\\\/\\\/folhapopular.info\\\/wp-content\\\/uploads\\\/2026\\\/04\\\/Folha-1.webp\",\"contentUrl\":\"https:\\\/\\\/folhapopular.info\\\/wp-content\\\/uploads\\\/2026\\\/04\\\/Folha-1.webp\",\"caption\":\"Reda\u00e7\u00e3o Folha Popular\"},\"url\":\"https:\\\/\\\/folhapopular.info\\\/index.php\\\/author\\\/redacao\\\/\"}]}<\/script>\n<!-- \/ Yoast SEO plugin. -->","yoast_head_json":{"title":"Opera\u00e7\u00e3o Inverno chega ao fim com mais de 4.700 atendimentos em Lajeado - Folha Popular","robots":{"index":"index","follow":"follow","max-snippet":"max-snippet:-1","max-image-preview":"max-image-preview:large","max-video-preview":"max-video-preview:-1"},"canonical":"https:\/\/folhapopular.info\/index.php\/2026\/09\/04\/operacao-inverno-chega-ao-fim-com-mais-de-4-700-atendimentos-em-lajeado\/","og_locale":"pt_BR","og_type":"article","og_title":"Opera\u00e7\u00e3o Inverno chega ao fim com mais de 4.700 atendimentos em Lajeado - Folha Popular","og_description":"A Opera\u00e7\u00e3o Inverno recebeu 4.744 atendimentos em 5 meses e ser\u00e1 encerrada nesta sexta-feira (4\/9). A a\u00e7\u00e3o foi criada para ampliar o acesso da popula\u00e7\u00e3o aos atendimentos de aten\u00e7\u00e3o prim\u00e1ria durante o per\u00edodo de maior circula\u00e7\u00e3o de doen\u00e7as respirat\u00f3rias. O fim da mobiliza\u00e7\u00e3o considera a redu\u00e7\u00e3o da procura pelos atendimentos no hor\u00e1rio estendido ao longo [&hellip;]","og_url":"https:\/\/folhapopular.info\/index.php\/2026\/09\/04\/operacao-inverno-chega-ao-fim-com-mais-de-4-700-atendimentos-em-lajeado\/","og_site_name":"Folha Popular","article_published_time":"2026-09-04T14:00:41+00:00","article_modified_time":"2026-09-04T14:00:59+00:00","og_image":[{"width":900,"height":675,"url":"https:\/\/folhapopular.info\/wp-content\/uploads\/2026\/09\/AtendimentoPostodeSaAdedoCentroIsabellaGiasson51788379913312_foto.webp","type":"image\/webp"}],"author":"Reda\u00e7\u00e3o Folha Popular","twitter_card":"summary_large_image","twitter_misc":{"Escrito por":"Reda\u00e7\u00e3o Folha Popular","Est. tempo de leitura":"2 minutos"},"schema":{"@context":"https:\/\/schema.org","@graph":[{"@type":"Article","@id":"https:\/\/folhapopular.info\/index.php\/2026\/09\/04\/operacao-inverno-chega-ao-fim-com-mais-de-4-700-atendimentos-em-lajeado\/#article","isPartOf":{"@id":"https:\/\/folhapopular.info\/index.php\/2026\/09\/04\/operacao-inverno-chega-ao-fim-com-mais-de-4-700-atendimentos-em-lajeado\/"},"author":{"name":"Reda\u00e7\u00e3o Folha Popular","@id":"https:\/\/folhapopular.info\/#\/schema\/person\/2814e8a0df7643585a9ca38bc6eb9d4b"},"headline":"Opera\u00e7\u00e3o Inverno chega ao fim com mais de 4.700 atendimentos em Lajeado","datePublished":"2026-09-04T14:00:41+00:00","dateModified":"2026-09-04T14:00:59+00:00","mainEntityOfPage":{"@id":"https:\/\/folhapopular.info\/index.php\/2026\/09\/04\/operacao-inverno-chega-ao-fim-com-mais-de-4-700-atendimentos-em-lajeado\/"},"wordCount":300,"commentCount":0,"image":{"@id":"https:\/\/folhapopular.info\/index.php\/2026\/09\/04\/operacao-inverno-chega-ao-fim-com-mais-de-4-700-atendimentos-em-lajeado\/#primaryimage"},"thumbnailUrl":"https:\/\/folhapopular.info\/wp-content\/uploads\/2026\/09\/AtendimentoPostodeSaAdedoCentroIsabellaGiasson51788379913312_foto.webp","keywords":["Atendimentos","Lajeado","Opera\u00e7\u00e3o Inverno","Sa\u00fade"],"articleSection":["Destaques","Geral","Sa\u00fade"],"inLanguage":"pt-BR","potentialAction":[{"@type":"CommentAction","name":"Comment","target":["https:\/\/folhapopular.info\/index.php\/2026\/09\/04\/operacao-inverno-chega-ao-fim-com-mais-de-4-700-atendimentos-em-lajeado\/#respond"]}]},{"@type":"WebPage","@id":"https:\/\/folhapopular.info\/index.php\/2026\/09\/04\/operacao-inverno-chega-ao-fim-com-mais-de-4-700-atendimentos-em-lajeado\/","url":"https:\/\/folhapopular.info\/index.php\/2026\/09\/04\/operacao-inverno-chega-ao-fim-com-mais-de-4-700-atendimentos-em-lajeado\/","name":"Opera\u00e7\u00e3o Inverno chega ao fim com mais de 4.700 atendimentos em Lajeado - Folha Popular","isPartOf":{"@id":"https:\/\/folhapopular.info\/#website"},"primaryImageOfPage":{"@id":"https:\/\/folhapopular.info\/index.php\/2026\/09\/04\/operacao-inverno-chega-ao-fim-com-mais-de-4-700-atendimentos-em-lajeado\/#primaryimage"},"image":{"@id":"https:\/\/folhapopular.info\/index.php\/2026\/09\/04\/operacao-inverno-chega-ao-fim-com-mais-de-4-700-atendimentos-em-lajeado\/#primaryimage"},"thumbnailUrl":"https:\/\/folhapopular.info\/wp-content\/uploads\/2026\/09\/AtendimentoPostodeSaAdedoCentroIsabellaGiasson51788379913312_foto.webp","datePublished":"2026-09-04T14:00:41+00:00","dateModified":"2026-09-04T14:00:59+00:00","author":{"@id":"https:\/\/folhapopular.info\/#\/schema\/person\/2814e8a0df7643585a9ca38bc6eb9d4b"},"breadcrumb":{"@id":"https:\/\/folhapopular.info\/index.php\/2026\/09\/04\/operacao-inverno-chega-ao-fim-com-mais-de-4-700-atendimentos-em-lajeado\/#breadcrumb"},"inLanguage":"pt-BR","potentialAction":[{"@type":"ReadAction","target":["https:\/\/folhapopular.info\/index.php\/2026\/09\/04\/operacao-inverno-chega-ao-fim-com-mais-de-4-700-atendimentos-em-lajeado\/"]}]},{"@type":"ImageObject","inLanguage":"pt-BR","@id":"https:\/\/folhapopular.info\/index.php\/2026\/09\/04\/operacao-inverno-chega-ao-fim-com-mais-de-4-700-atendimentos-em-lajeado\/#primaryimage","url":"https:\/\/folhapopular.info\/wp-content\/uploads\/2026\/09\/AtendimentoPostodeSaAdedoCentroIsabellaGiasson51788379913312_foto.webp","contentUrl":"https:\/\/folhapopular.info\/wp-content\/uploads\/2026\/09\/AtendimentoPostodeSaAdedoCentroIsabellaGiasson51788379913312_foto.webp","width":900,"height":675,"caption":"Posto de Sa\u00fade do Centro \/ Cr\u00e9dito: Prefeitura de Lajeado - Divulga\u00e7\u00e3o"},{"@type":"BreadcrumbList","@id":"https:\/\/folhapopular.info\/index.php\/2026\/09\/04\/operacao-inverno-chega-ao-fim-com-mais-de-4-700-atendimentos-em-lajeado\/#breadcrumb","itemListElement":[{"@type":"ListItem","position":1,"name":"In\u00edcio","item":"https:\/\/folhapopular.info\/"},{"@type":"ListItem","position":2,"name":"Opera\u00e7\u00e3o Inverno chega ao fim com mais de 4.700 atendimentos em Lajeado"}]},{"@type":"WebSite","@id":"https:\/\/folhapopular.info\/#website","url":"https:\/\/folhapopular.info\/","name":"Folha Popular","description":"Onde voc\u00ea tem vez e voz","potentialAction":[{"@type":"SearchAction","target":{"@type":"EntryPoint","urlTemplate":"https:\/\/folhapopular.info\/?s={search_term_string}"},"query-input":{"@type":"PropertyValueSpecification","valueRequired":true,"valueName":"search_term_string"}}],"inLanguage":"pt-BR"},{"@type":"Person","@id":"https:\/\/folhapopular.info\/#\/schema\/person\/2814e8a0df7643585a9ca38bc6eb9d4b","name":"Reda\u00e7\u00e3o Folha Popular","image":{"@type":"ImageObject","inLanguage":"pt-BR","@id":"https:\/\/folhapopular.info\/wp-content\/uploads\/2026\/04\/Folha-1.webp","url":"https:\/\/folhapopular.info\/wp-content\/uploads\/2026\/04\/Folha-1.webp","contentUrl":"https:\/\/folhapopular.info\/wp-content\/uploads\/2026\/04\/Folha-1.webp","caption":"Reda\u00e7\u00e3o Folha Popular"},"url":"https:\/\/folhapopular.info\/index.php\/author\/redacao\/"}]}},"jetpack_sharing_enabled":true,"amp_enabled":true,"jetpack_featured_media_url":"https:\/\/folhapopular.info\/wp-content\/uploads\/2026\/09\/AtendimentoPostodeSaAdedoCentroIsabellaGiasson51788379913312_foto.webp","_links":{"self":[{"href":"https:\/\/folhapopular.info\/index.php\/wp-json\/wp\/v2\/posts\/220363","targetHints":{"allow":["GET"]}}],"collection":[{"href":"https:\/\/folhapopular.info\/index.php\/wp-json\/wp\/v2\/posts"}],"about":[{"href":"https:\/\/folhapopular.info\/index.php\/wp-json\/wp\/v2\/types\/post"}],"author":[{"embeddable":true,"href":"https:\/\/folhapopular.info\/index.php\/wp-json\/wp\/v2\/users\/8"}],"replies":[{"embeddable":true,"href":"https:\/\/folhapopular.info\/index.php\/wp-json\/wp\/v2\/comments?post=220363"}],"version-history":[{"count":1,"href":"https:\/\/folhapopular.info\/index.php\/wp-json\/wp\/v2\/posts\/220363\/revisions"}],"predecessor-version":[{"id":220365,"href":"https:\/\/folhapopular.info\/index.php\/wp-json\/wp\/v2\/posts\/220363\/revisions\/220365"}],"wp:featuredmedia":[{"embeddable":true,"href":"https:\/\/folhapopular.info\/index.php\/wp-json\/wp\/v2\/media\/220364"}],"wp:attachment":[{"href":"https:\/\/folhapopular.info\/index.php\/wp-json\/wp\/v2\/media?parent=220363"}],"wp:term":[{"taxonomy":"category","embeddable":true,"href":"https:\/\/folhapopular.info\/index.php\/wp-json\/wp\/v2\/categories?post=220363"},{"taxonomy":"post_tag","embeddable":true,"href":"https:\/\/folhapopular.info\/index.php\/wp-json\/wp\/v2\/tags?post=220363"}],"curies":[{"name":"wp","href":"https:\/\/api.w.org\/{rel}","templated":true}]}}