{"id":220366,"date":"2026-09-04T13:00:00","date_gmt":"2026-09-04T16:00:00","guid":{"rendered":"https:\/\/folhapopular.info\/?p=220366"},"modified":"2026-09-04T11:31:08","modified_gmt":"2026-09-04T14:31:08","slug":"setembro-deve-ter-chuva-acima-da-media-no-vale-do-taquari","status":"publish","type":"post","link":"https:\/\/folhapopular.info\/index.php\/2026\/09\/04\/setembro-deve-ter-chuva-acima-da-media-no-vale-do-taquari\/","title":{"rendered":"Setembro deve ter chuva acima da m\u00e9dia no Vale do Taquari"},"content":{"rendered":"\n<p class=\"wp-block-paragraph\">O parecer do N\u00facleo de Informa\u00e7\u00f5es Hidrometeorol\u00f3gicas (NIH) da Univates aponta um m\u00eas de setembro marcado por condi\u00e7\u00f5es mais \u00famidas e elevada variabilidade das temperaturas no Vale do Taquari. A an\u00e1lise indica tend\u00eancia de precipita\u00e7\u00e3o acima da m\u00e9dia climatol\u00f3gica na regi\u00e3o e o comportamento das temperaturas apresenta mais incerteza entre os modelos meteorol\u00f3gicos.<\/p>\n\n\n\n<p class=\"wp-block-paragraph\">O cen\u00e1rio meteorol\u00f3gico tamb\u00e9m \u00e9 influenciado pelo El Ni\u00f1o. As proje\u00e7\u00f5es indicam mais de 90% de probabilidade de o fen\u00f4meno atingir intensidade muito forte durante a primavera e o ver\u00e3o de 2026-2027.<\/p>\n\n\n\n<p class=\"wp-block-paragraph\">O principal sinal identificado pelo NIH para setembro est\u00e1 relacionado \u00e0s chuvas. A m\u00e9dia hist\u00f3rica do m\u00eas \u00e9 de 207 mil\u00edmetros, o m\u00eas mais chuvoso do ano na regi\u00e3o.  A tend\u00eancia n\u00e3o significa que haver\u00e1 chuva cont\u00ednua ao longo de setembro. Os maiores acumulados dever\u00e3o estar associados principalmente \u00e0 passagem de frentes frias, \u00e1reas de baixa press\u00e3o e, eventualmente, ciclones extratropicais. O acumulado mensal deve ficar acima da m\u00e9dia hist\u00f3rica, mas com distribui\u00e7\u00e3o irregular das precipita\u00e7\u00f5es.<\/p>\n\n\n\n<p class=\"wp-block-paragraph\">O comportamento das chuvas na Bacia Taquari-Antas tamb\u00e9m merece aten\u00e7\u00e3o. Volumes elevados registrados nas por\u00e7\u00f5es m\u00e9dia e alta da bacia podem contribuir posteriormente para a eleva\u00e7\u00e3o dos n\u00edveis do Rio Taquari. <\/p>\n\n\n\n<p class=\"wp-block-paragraph\">Para o conjunto do m\u00eas, a tend\u00eancia \u00e9 de temperaturas pr\u00f3ximas ou ligeiramente acima da m\u00e9dia, mas com possibilidade de per\u00edodos mais frios, especialmente na primeira metade de setembro.<\/p>\n\n\n\n<p class=\"wp-block-paragraph\"><\/p>\n\n\n\n<p class=\"wp-block-paragraph\"><\/p>\n","protected":false},"excerpt":{"rendered":"<p>O parecer do N\u00facleo de Informa\u00e7\u00f5es Hidrometeorol\u00f3gicas (NIH) da Univates aponta um m\u00eas de setembro marcado por condi\u00e7\u00f5es mais \u00famidas e elevada variabilidade das temperaturas no Vale do Taquari. A an\u00e1lise indica tend\u00eancia de precipita\u00e7\u00e3o acima da m\u00e9dia climatol\u00f3gica na regi\u00e3o e o comportamento das temperaturas apresenta mais incerteza entre os modelos meteorol\u00f3gicos. O cen\u00e1rio [&hellip;]<\/p>\n","protected":false},"author":8,"featured_media":220368,"comment_status":"open","ping_status":"open","sticky":false,"template":"","format":"standard","meta":{"pmpro_default_level":"","_jetpack_memberships_contains_paid_content":false,"footnotes":""},"categories":[12655,2,3],"tags":[1057,4784,21341,83],"class_list":["post-220366","post","type-post","status-publish","format-standard","has-post-thumbnail","category-clima","category-featured","category-geral","tag-chuva","tag-clima","tag-el-nino","tag-univates","pmpro-has-access"],"yoast_head":"<!-- This site is optimized with the Yoast SEO plugin v28.4 - https:\/\/yoast.com\/product\/yoast-seo-wordpress\/ -->\n<title>Setembro deve ter chuva acima da m\u00e9dia no Vale do Taquari - Folha Popular<\/title>\n<meta name=\"robots\" content=\"index, follow, max-snippet:-1, max-image-preview:large, max-video-preview:-1\" \/>\n<link rel=\"canonical\" href=\"https:\/\/folhapopular.info\/index.php\/2026\/09\/04\/setembro-deve-ter-chuva-acima-da-media-no-vale-do-taquari\/\" \/>\n<meta property=\"og:locale\" content=\"pt_BR\" \/>\n<meta property=\"og:type\" content=\"article\" \/>\n<meta property=\"og:title\" content=\"Setembro deve ter chuva acima da m\u00e9dia no Vale do Taquari - Folha Popular\" \/>\n<meta property=\"og:description\" content=\"O parecer do N\u00facleo de Informa\u00e7\u00f5es Hidrometeorol\u00f3gicas (NIH) da Univates aponta um m\u00eas de setembro marcado por condi\u00e7\u00f5es mais \u00famidas e elevada variabilidade das temperaturas no Vale do Taquari. A an\u00e1lise indica tend\u00eancia de precipita\u00e7\u00e3o acima da m\u00e9dia climatol\u00f3gica na regi\u00e3o e o comportamento das temperaturas apresenta mais incerteza entre os modelos meteorol\u00f3gicos. O cen\u00e1rio [&hellip;]\" \/>\n<meta property=\"og:url\" content=\"https:\/\/folhapopular.info\/index.php\/2026\/09\/04\/setembro-deve-ter-chuva-acima-da-media-no-vale-do-taquari\/\" \/>\n<meta property=\"og:site_name\" content=\"Folha Popular\" \/>\n<meta property=\"article:published_time\" content=\"2026-09-04T16:00:00+00:00\" \/>\n<meta property=\"og:image\" content=\"https:\/\/folhapopular.info\/wp-content\/uploads\/2026\/09\/1-Setembro-deve-ter-chuva-acima-da-media-e-temperaturas-variaveis-no-Vale-do-Taquari-Credito-Frame-Harirak-Unsplash.jpg.webp\" \/>\n\t<meta property=\"og:image:width\" content=\"1501\" \/>\n\t<meta property=\"og:image:height\" content=\"1001\" \/>\n\t<meta property=\"og:image:type\" content=\"image\/webp\" \/>\n<meta name=\"author\" content=\"Reda\u00e7\u00e3o Folha Popular\" \/>\n<meta name=\"twitter:card\" content=\"summary_large_image\" \/>\n<meta name=\"twitter:label1\" content=\"Escrito por\" \/>\n\t<meta name=\"twitter:data1\" content=\"Reda\u00e7\u00e3o Folha Popular\" \/>\n\t<meta name=\"twitter:label2\" content=\"Est. tempo de leitura\" \/>\n\t<meta name=\"twitter:data2\" content=\"2 minutos\" \/>\n<script type=\"application\/ld+json\" class=\"yoast-schema-graph\">{\"@context\":\"https:\\\/\\\/schema.org\",\"@graph\":[{\"@type\":\"Article\",\"@id\":\"https:\\\/\\\/folhapopular.info\\\/index.php\\\/2026\\\/09\\\/04\\\/setembro-deve-ter-chuva-acima-da-media-no-vale-do-taquari\\\/#article\",\"isPartOf\":{\"@id\":\"https:\\\/\\\/folhapopular.info\\\/index.php\\\/2026\\\/09\\\/04\\\/setembro-deve-ter-chuva-acima-da-media-no-vale-do-taquari\\\/\"},\"author\":{\"name\":\"Reda\u00e7\u00e3o Folha Popular\",\"@id\":\"https:\\\/\\\/folhapopular.info\\\/#\\\/schema\\\/person\\\/2814e8a0df7643585a9ca38bc6eb9d4b\"},\"headline\":\"Setembro deve ter chuva acima da m\u00e9dia no Vale do Taquari\",\"datePublished\":\"2026-09-04T16:00:00+00:00\",\"mainEntityOfPage\":{\"@id\":\"https:\\\/\\\/folhapopular.info\\\/index.php\\\/2026\\\/09\\\/04\\\/setembro-deve-ter-chuva-acima-da-media-no-vale-do-taquari\\\/\"},\"wordCount\":272,\"commentCount\":0,\"image\":{\"@id\":\"https:\\\/\\\/folhapopular.info\\\/index.php\\\/2026\\\/09\\\/04\\\/setembro-deve-ter-chuva-acima-da-media-no-vale-do-taquari\\\/#primaryimage\"},\"thumbnailUrl\":\"https:\\\/\\\/folhapopular.info\\\/wp-content\\\/uploads\\\/2026\\\/09\\\/1-Setembro-deve-ter-chuva-acima-da-media-e-temperaturas-variaveis-no-Vale-do-Taquari-Credito-Frame-Harirak-Unsplash.jpg.webp\",\"keywords\":[\"chuva\",\"clima\",\"El Ni\u00f1o\",\"Univates\"],\"articleSection\":[\"Clima\",\"Destaques\",\"Geral\"],\"inLanguage\":\"pt-BR\",\"potentialAction\":[{\"@type\":\"CommentAction\",\"name\":\"Comment\",\"target\":[\"https:\\\/\\\/folhapopular.info\\\/index.php\\\/2026\\\/09\\\/04\\\/setembro-deve-ter-chuva-acima-da-media-no-vale-do-taquari\\\/#respond\"]}]},{\"@type\":\"WebPage\",\"@id\":\"https:\\\/\\\/folhapopular.info\\\/index.php\\\/2026\\\/09\\\/04\\\/setembro-deve-ter-chuva-acima-da-media-no-vale-do-taquari\\\/\",\"url\":\"https:\\\/\\\/folhapopular.info\\\/index.php\\\/2026\\\/09\\\/04\\\/setembro-deve-ter-chuva-acima-da-media-no-vale-do-taquari\\\/\",\"name\":\"Setembro deve ter chuva acima da m\u00e9dia no Vale do Taquari - Folha Popular\",\"isPartOf\":{\"@id\":\"https:\\\/\\\/folhapopular.info\\\/#website\"},\"primaryImageOfPage\":{\"@id\":\"https:\\\/\\\/folhapopular.info\\\/index.php\\\/2026\\\/09\\\/04\\\/setembro-deve-ter-chuva-acima-da-media-no-vale-do-taquari\\\/#primaryimage\"},\"image\":{\"@id\":\"https:\\\/\\\/folhapopular.info\\\/index.php\\\/2026\\\/09\\\/04\\\/setembro-deve-ter-chuva-acima-da-media-no-vale-do-taquari\\\/#primaryimage\"},\"thumbnailUrl\":\"https:\\\/\\\/folhapopular.info\\\/wp-content\\\/uploads\\\/2026\\\/09\\\/1-Setembro-deve-ter-chuva-acima-da-media-e-temperaturas-variaveis-no-Vale-do-Taquari-Credito-Frame-Harirak-Unsplash.jpg.webp\",\"datePublished\":\"2026-09-04T16:00:00+00:00\",\"author\":{\"@id\":\"https:\\\/\\\/folhapopular.info\\\/#\\\/schema\\\/person\\\/2814e8a0df7643585a9ca38bc6eb9d4b\"},\"breadcrumb\":{\"@id\":\"https:\\\/\\\/folhapopular.info\\\/index.php\\\/2026\\\/09\\\/04\\\/setembro-deve-ter-chuva-acima-da-media-no-vale-do-taquari\\\/#breadcrumb\"},\"inLanguage\":\"pt-BR\",\"potentialAction\":[{\"@type\":\"ReadAction\",\"target\":[\"https:\\\/\\\/folhapopular.info\\\/index.php\\\/2026\\\/09\\\/04\\\/setembro-deve-ter-chuva-acima-da-media-no-vale-do-taquari\\\/\"]}]},{\"@type\":\"ImageObject\",\"inLanguage\":\"pt-BR\",\"@id\":\"https:\\\/\\\/folhapopular.info\\\/index.php\\\/2026\\\/09\\\/04\\\/setembro-deve-ter-chuva-acima-da-media-no-vale-do-taquari\\\/#primaryimage\",\"url\":\"https:\\\/\\\/folhapopular.info\\\/wp-content\\\/uploads\\\/2026\\\/09\\\/1-Setembro-deve-ter-chuva-acima-da-media-e-temperaturas-variaveis-no-Vale-do-Taquari-Credito-Frame-Harirak-Unsplash.jpg.webp\",\"contentUrl\":\"https:\\\/\\\/folhapopular.info\\\/wp-content\\\/uploads\\\/2026\\\/09\\\/1-Setembro-deve-ter-chuva-acima-da-media-e-temperaturas-variaveis-no-Vale-do-Taquari-Credito-Frame-Harirak-Unsplash.jpg.webp\",\"width\":1501,\"height\":1001,\"caption\":\"Cr\u00e9dito: Frame Harirak - Unsplash\"},{\"@type\":\"BreadcrumbList\",\"@id\":\"https:\\\/\\\/folhapopular.info\\\/index.php\\\/2026\\\/09\\\/04\\\/setembro-deve-ter-chuva-acima-da-media-no-vale-do-taquari\\\/#breadcrumb\",\"itemListElement\":[{\"@type\":\"ListItem\",\"position\":1,\"name\":\"In\u00edcio\",\"item\":\"https:\\\/\\\/folhapopular.info\\\/\"},{\"@type\":\"ListItem\",\"position\":2,\"name\":\"Setembro deve ter chuva acima da m\u00e9dia no Vale do Taquari\"}]},{\"@type\":\"WebSite\",\"@id\":\"https:\\\/\\\/folhapopular.info\\\/#website\",\"url\":\"https:\\\/\\\/folhapopular.info\\\/\",\"name\":\"Folha Popular\",\"description\":\"Onde voc\u00ea tem vez e voz\",\"potentialAction\":[{\"@type\":\"SearchAction\",\"target\":{\"@type\":\"EntryPoint\",\"urlTemplate\":\"https:\\\/\\\/folhapopular.info\\\/?s={search_term_string}\"},\"query-input\":{\"@type\":\"PropertyValueSpecification\",\"valueRequired\":true,\"valueName\":\"search_term_string\"}}],\"inLanguage\":\"pt-BR\"},{\"@type\":\"Person\",\"@id\":\"https:\\\/\\\/folhapopular.info\\\/#\\\/schema\\\/person\\\/2814e8a0df7643585a9ca38bc6eb9d4b\",\"name\":\"Reda\u00e7\u00e3o Folha Popular\",\"image\":{\"@type\":\"ImageObject\",\"inLanguage\":\"pt-BR\",\"@id\":\"https:\\\/\\\/folhapopular.info\\\/wp-content\\\/uploads\\\/2026\\\/04\\\/Folha-1.webp\",\"url\":\"https:\\\/\\\/folhapopular.info\\\/wp-content\\\/uploads\\\/2026\\\/04\\\/Folha-1.webp\",\"contentUrl\":\"https:\\\/\\\/folhapopular.info\\\/wp-content\\\/uploads\\\/2026\\\/04\\\/Folha-1.webp\",\"caption\":\"Reda\u00e7\u00e3o Folha Popular\"},\"url\":\"https:\\\/\\\/folhapopular.info\\\/index.php\\\/author\\\/redacao\\\/\"}]}<\/script>\n<!-- \/ Yoast SEO plugin. -->","yoast_head_json":{"title":"Setembro deve ter chuva acima da m\u00e9dia no Vale do Taquari - Folha Popular","robots":{"index":"index","follow":"follow","max-snippet":"max-snippet:-1","max-image-preview":"max-image-preview:large","max-video-preview":"max-video-preview:-1"},"canonical":"https:\/\/folhapopular.info\/index.php\/2026\/09\/04\/setembro-deve-ter-chuva-acima-da-media-no-vale-do-taquari\/","og_locale":"pt_BR","og_type":"article","og_title":"Setembro deve ter chuva acima da m\u00e9dia no Vale do Taquari - Folha Popular","og_description":"O parecer do N\u00facleo de Informa\u00e7\u00f5es Hidrometeorol\u00f3gicas (NIH) da Univates aponta um m\u00eas de setembro marcado por condi\u00e7\u00f5es mais \u00famidas e elevada variabilidade das temperaturas no Vale do Taquari. A an\u00e1lise indica tend\u00eancia de precipita\u00e7\u00e3o acima da m\u00e9dia climatol\u00f3gica na regi\u00e3o e o comportamento das temperaturas apresenta mais incerteza entre os modelos meteorol\u00f3gicos. O cen\u00e1rio [&hellip;]","og_url":"https:\/\/folhapopular.info\/index.php\/2026\/09\/04\/setembro-deve-ter-chuva-acima-da-media-no-vale-do-taquari\/","og_site_name":"Folha Popular","article_published_time":"2026-09-04T16:00:00+00:00","og_image":[{"width":1501,"height":1001,"url":"https:\/\/folhapopular.info\/wp-content\/uploads\/2026\/09\/1-Setembro-deve-ter-chuva-acima-da-media-e-temperaturas-variaveis-no-Vale-do-Taquari-Credito-Frame-Harirak-Unsplash.jpg.webp","type":"image\/webp"}],"author":"Reda\u00e7\u00e3o Folha Popular","twitter_card":"summary_large_image","twitter_misc":{"Escrito por":"Reda\u00e7\u00e3o Folha Popular","Est. tempo de leitura":"2 minutos"},"schema":{"@context":"https:\/\/schema.org","@graph":[{"@type":"Article","@id":"https:\/\/folhapopular.info\/index.php\/2026\/09\/04\/setembro-deve-ter-chuva-acima-da-media-no-vale-do-taquari\/#article","isPartOf":{"@id":"https:\/\/folhapopular.info\/index.php\/2026\/09\/04\/setembro-deve-ter-chuva-acima-da-media-no-vale-do-taquari\/"},"author":{"name":"Reda\u00e7\u00e3o Folha Popular","@id":"https:\/\/folhapopular.info\/#\/schema\/person\/2814e8a0df7643585a9ca38bc6eb9d4b"},"headline":"Setembro deve ter chuva acima da m\u00e9dia no Vale do Taquari","datePublished":"2026-09-04T16:00:00+00:00","mainEntityOfPage":{"@id":"https:\/\/folhapopular.info\/index.php\/2026\/09\/04\/setembro-deve-ter-chuva-acima-da-media-no-vale-do-taquari\/"},"wordCount":272,"commentCount":0,"image":{"@id":"https:\/\/folhapopular.info\/index.php\/2026\/09\/04\/setembro-deve-ter-chuva-acima-da-media-no-vale-do-taquari\/#primaryimage"},"thumbnailUrl":"https:\/\/folhapopular.info\/wp-content\/uploads\/2026\/09\/1-Setembro-deve-ter-chuva-acima-da-media-e-temperaturas-variaveis-no-Vale-do-Taquari-Credito-Frame-Harirak-Unsplash.jpg.webp","keywords":["chuva","clima","El Ni\u00f1o","Univates"],"articleSection":["Clima","Destaques","Geral"],"inLanguage":"pt-BR","potentialAction":[{"@type":"CommentAction","name":"Comment","target":["https:\/\/folhapopular.info\/index.php\/2026\/09\/04\/setembro-deve-ter-chuva-acima-da-media-no-vale-do-taquari\/#respond"]}]},{"@type":"WebPage","@id":"https:\/\/folhapopular.info\/index.php\/2026\/09\/04\/setembro-deve-ter-chuva-acima-da-media-no-vale-do-taquari\/","url":"https:\/\/folhapopular.info\/index.php\/2026\/09\/04\/setembro-deve-ter-chuva-acima-da-media-no-vale-do-taquari\/","name":"Setembro deve ter chuva acima da m\u00e9dia no Vale do Taquari - Folha Popular","isPartOf":{"@id":"https:\/\/folhapopular.info\/#website"},"primaryImageOfPage":{"@id":"https:\/\/folhapopular.info\/index.php\/2026\/09\/04\/setembro-deve-ter-chuva-acima-da-media-no-vale-do-taquari\/#primaryimage"},"image":{"@id":"https:\/\/folhapopular.info\/index.php\/2026\/09\/04\/setembro-deve-ter-chuva-acima-da-media-no-vale-do-taquari\/#primaryimage"},"thumbnailUrl":"https:\/\/folhapopular.info\/wp-content\/uploads\/2026\/09\/1-Setembro-deve-ter-chuva-acima-da-media-e-temperaturas-variaveis-no-Vale-do-Taquari-Credito-Frame-Harirak-Unsplash.jpg.webp","datePublished":"2026-09-04T16:00:00+00:00","author":{"@id":"https:\/\/folhapopular.info\/#\/schema\/person\/2814e8a0df7643585a9ca38bc6eb9d4b"},"breadcrumb":{"@id":"https:\/\/folhapopular.info\/index.php\/2026\/09\/04\/setembro-deve-ter-chuva-acima-da-media-no-vale-do-taquari\/#breadcrumb"},"inLanguage":"pt-BR","potentialAction":[{"@type":"ReadAction","target":["https:\/\/folhapopular.info\/index.php\/2026\/09\/04\/setembro-deve-ter-chuva-acima-da-media-no-vale-do-taquari\/"]}]},{"@type":"ImageObject","inLanguage":"pt-BR","@id":"https:\/\/folhapopular.info\/index.php\/2026\/09\/04\/setembro-deve-ter-chuva-acima-da-media-no-vale-do-taquari\/#primaryimage","url":"https:\/\/folhapopular.info\/wp-content\/uploads\/2026\/09\/1-Setembro-deve-ter-chuva-acima-da-media-e-temperaturas-variaveis-no-Vale-do-Taquari-Credito-Frame-Harirak-Unsplash.jpg.webp","contentUrl":"https:\/\/folhapopular.info\/wp-content\/uploads\/2026\/09\/1-Setembro-deve-ter-chuva-acima-da-media-e-temperaturas-variaveis-no-Vale-do-Taquari-Credito-Frame-Harirak-Unsplash.jpg.webp","width":1501,"height":1001,"caption":"Cr\u00e9dito: Frame Harirak - Unsplash"},{"@type":"BreadcrumbList","@id":"https:\/\/folhapopular.info\/index.php\/2026\/09\/04\/setembro-deve-ter-chuva-acima-da-media-no-vale-do-taquari\/#breadcrumb","itemListElement":[{"@type":"ListItem","position":1,"name":"In\u00edcio","item":"https:\/\/folhapopular.info\/"},{"@type":"ListItem","position":2,"name":"Setembro deve ter chuva acima da m\u00e9dia no Vale do Taquari"}]},{"@type":"WebSite","@id":"https:\/\/folhapopular.info\/#website","url":"https:\/\/folhapopular.info\/","name":"Folha Popular","description":"Onde voc\u00ea tem vez e voz","potentialAction":[{"@type":"SearchAction","target":{"@type":"EntryPoint","urlTemplate":"https:\/\/folhapopular.info\/?s={search_term_string}"},"query-input":{"@type":"PropertyValueSpecification","valueRequired":true,"valueName":"search_term_string"}}],"inLanguage":"pt-BR"},{"@type":"Person","@id":"https:\/\/folhapopular.info\/#\/schema\/person\/2814e8a0df7643585a9ca38bc6eb9d4b","name":"Reda\u00e7\u00e3o Folha Popular","image":{"@type":"ImageObject","inLanguage":"pt-BR","@id":"https:\/\/folhapopular.info\/wp-content\/uploads\/2026\/04\/Folha-1.webp","url":"https:\/\/folhapopular.info\/wp-content\/uploads\/2026\/04\/Folha-1.webp","contentUrl":"https:\/\/folhapopular.info\/wp-content\/uploads\/2026\/04\/Folha-1.webp","caption":"Reda\u00e7\u00e3o Folha Popular"},"url":"https:\/\/folhapopular.info\/index.php\/author\/redacao\/"}]}},"jetpack_sharing_enabled":true,"amp_enabled":true,"jetpack_featured_media_url":"https:\/\/folhapopular.info\/wp-content\/uploads\/2026\/09\/1-Setembro-deve-ter-chuva-acima-da-media-e-temperaturas-variaveis-no-Vale-do-Taquari-Credito-Frame-Harirak-Unsplash.jpg.webp","_links":{"self":[{"href":"https:\/\/folhapopular.info\/index.php\/wp-json\/wp\/v2\/posts\/220366","targetHints":{"allow":["GET"]}}],"collection":[{"href":"https:\/\/folhapopular.info\/index.php\/wp-json\/wp\/v2\/posts"}],"about":[{"href":"https:\/\/folhapopular.info\/index.php\/wp-json\/wp\/v2\/types\/post"}],"author":[{"embeddable":true,"href":"https:\/\/folhapopular.info\/index.php\/wp-json\/wp\/v2\/users\/8"}],"replies":[{"embeddable":true,"href":"https:\/\/folhapopular.info\/index.php\/wp-json\/wp\/v2\/comments?post=220366"}],"version-history":[{"count":1,"href":"https:\/\/folhapopular.info\/index.php\/wp-json\/wp\/v2\/posts\/220366\/revisions"}],"predecessor-version":[{"id":220367,"href":"https:\/\/folhapopular.info\/index.php\/wp-json\/wp\/v2\/posts\/220366\/revisions\/220367"}],"wp:featuredmedia":[{"embeddable":true,"href":"https:\/\/folhapopular.info\/index.php\/wp-json\/wp\/v2\/media\/220368"}],"wp:attachment":[{"href":"https:\/\/folhapopular.info\/index.php\/wp-json\/wp\/v2\/media?parent=220366"}],"wp:term":[{"taxonomy":"category","embeddable":true,"href":"https:\/\/folhapopular.info\/index.php\/wp-json\/wp\/v2\/categories?post=220366"},{"taxonomy":"post_tag","embeddable":true,"href":"https:\/\/folhapopular.info\/index.php\/wp-json\/wp\/v2\/tags?post=220366"}],"curies":[{"name":"wp","href":"https:\/\/api.w.org\/{rel}","templated":true}]}}