{"id":220384,"date":"2026-09-04T16:00:00","date_gmt":"2026-09-04T19:00:00","guid":{"rendered":"https:\/\/folhapopular.info\/?p=220384"},"modified":"2026-09-04T15:36:50","modified_gmt":"2026-09-04T18:36:50","slug":"univates-abre-inscricoes-para-vestibular-de-verao-2027","status":"publish","type":"post","link":"https:\/\/folhapopular.info\/index.php\/2026\/09\/04\/univates-abre-inscricoes-para-vestibular-de-verao-2027\/","title":{"rendered":"Univates abre inscri\u00e7\u00f5es para Vestibular de Ver\u00e3o 2027"},"content":{"rendered":"\n<p class=\"wp-block-paragraph\">A Universidade do Vale do Taquari (Univates) est\u00e1 com inscri\u00e7\u00f5es abertas para o Vestibular de Ver\u00e3o 2027. Com o mote \u201cVale pra vida\u201d, a campanha destaca a educa\u00e7\u00e3o como um caminho para ampliar oportunidades, desenvolver carreiras e contribuir para a constru\u00e7\u00e3o de um futuro melhor.<\/p>\n\n\n\n<p class=\"wp-block-paragraph\">O processo seletivo oferece vagas em cursos de gradua\u00e7\u00e3o presenciais, semipresenciais e a dist\u00e2ncia. Entre as novidades para 2027 est\u00e3o o curso de gradua\u00e7\u00e3o em Intelig\u00eancia Artificial, na modalidade EaD, e a oferta de Engenharia de Produ\u00e7\u00e3o no formato semipresencial.<\/p>\n\n\n\n<p class=\"wp-block-paragraph\">A prova presencial do vestibular ser\u00e1 realizada no dia 18 de outubro, no campus de Lajeado, localizado na avenida Avelino Talini, 171. Os interessados devem se inscrever at\u00e9 8 de outubro pelo site univates.br\/vestibular ou pelo WhatsApp (51) 3714-7043.<\/p>\n\n\n\n<p class=\"wp-block-paragraph\">O prov\u00e3o ser\u00e1 composto por quest\u00f5es de m\u00faltipla escolha e uma reda\u00e7\u00e3o. Os participantes concorrer\u00e3o a bolsas de estudo integrais, v\u00e1lidas por um semestre. Ser\u00e3o oito bolsas destinadas a cursos presenciais, com exce\u00e7\u00e3o de Medicina, e outras duas para cursos semipresenciais.<\/p>\n\n\n\n<p class=\"wp-block-paragraph\">A Univates tamb\u00e9m disponibiliza outras formas de ingresso para quem deseja cursar uma gradua\u00e7\u00e3o presencial, semipresencial ou a dist\u00e2ncia. \u00c9 poss\u00edvel participar do vestibular on-line, utilizar a nota do Exame Nacional do Ensino M\u00e9dio (Enem) ou de processos seletivos anteriores realizados pela institui\u00e7\u00e3o. Tamb\u00e9m s\u00e3o aceitos candidatos por transfer\u00eancia externa de outra institui\u00e7\u00e3o de Ensino Superior, reingresso ou ingresso como portador de diploma para uma segunda gradua\u00e7\u00e3o.<\/p>\n\n\n\n<h2 class=\"wp-block-heading\"><strong>Medicina<\/strong><\/h2>\n\n\n\n<p class=\"wp-block-paragraph\">As inscri\u00e7\u00f5es para o processo seletivo de Medicina foram abertas antecipadamente. Ao todo, s\u00e3o 58 vagas, com sele\u00e7\u00e3o realizada por meio da nota do Enem. Os candidatos devem se inscrever at\u00e9 as 17h do dia 25 de janeiro, pelo site univates.br\/vestibular\/medicina.<\/p>\n\n\n\n<p class=\"wp-block-paragraph\">Podem ser utilizadas notas do Enem realizadas entre 2019 e 2025. A edi\u00e7\u00e3o de 2026 poder\u00e1 ser considerada somente se a nota estiver dispon\u00edvel no site do Instituto Nacional de Estudos e Pesquisas Educacionais An\u00edsio Teixeira (Inep) at\u00e9 o encerramento do per\u00edodo de inscri\u00e7\u00f5es.<\/p>\n\n\n\n<h2 class=\"wp-block-heading\"><strong>Bolsas e financiamentos<\/strong><\/h2>\n\n\n\n<p class=\"wp-block-paragraph\">Entre as op\u00e7\u00f5es oferecidas pela Univates aos novos alunos est\u00e3o bolsas de estudo e modalidades de financiamento. Al\u00e9m da Bolsa Prov\u00e3o, a institui\u00e7\u00e3o conta com a Bolsa Impulsiona, destinada aos candidatos que utilizarem a nota do Enem no processo seletivo espec\u00edfico e atenderem aos crit\u00e9rios do benef\u00edcio. A modalidade tamb\u00e9m possui vagas destinadas \u00e0 Pol\u00edtica de A\u00e7\u00f5es Afirmativas da Univates.<\/p>\n\n\n\n<h2 class=\"wp-block-heading\"><strong>Cursos t\u00e9cnicos<\/strong><\/h2>\n\n\n\n<p class=\"wp-block-paragraph\">Para quem pretende iniciar um curso T\u00e9cnico na Univates no pr\u00f3ximo semestre, n\u00e3o \u00e9 necess\u00e1rio realizar prova. As inscri\u00e7\u00f5es podem ser feitas diretamente pelo site univates.br\/cursostecnicos ou pelo WhatsApp.<\/p>\n\n\n\n<p class=\"wp-block-paragraph\">Mais informa\u00e7\u00f5es sobre cursos, inscri\u00e7\u00f5es, bolsas de estudo e demais oportunidades podem ser obtidas pelo site da Univates, pelo telefone 0800 707 08 09 ou pelo e-mail vemprauni@univates.br.<\/p>\n","protected":false},"excerpt":{"rendered":"<p>A Universidade do Vale do Taquari (Univates) est\u00e1 com inscri\u00e7\u00f5es abertas para o Vestibular de Ver\u00e3o 2027. Com o mote \u201cVale pra vida\u201d, a campanha destaca a educa\u00e7\u00e3o como um caminho para ampliar oportunidades, desenvolver carreiras e contribuir para a constru\u00e7\u00e3o de um futuro melhor. O processo seletivo oferece vagas em cursos de gradua\u00e7\u00e3o presenciais, [&hellip;]<\/p>\n","protected":false},"author":8,"featured_media":220415,"comment_status":"open","ping_status":"open","sticky":false,"template":"","format":"standard","meta":{"pmpro_default_level":"","_jetpack_memberships_contains_paid_content":false,"footnotes":""},"categories":[2,10988,3],"tags":[2859,27,481,83,156,13634],"class_list":["post-220384","post","type-post","status-publish","format-standard","has-post-thumbnail","category-featured","category-educacao","category-geral","tag-inscricoes-abertas","tag-lajeado","tag-processo-seletivo","tag-univates","tag-vale-do-taquari","tag-vestibular-de-verao","pmpro-has-access"],"yoast_head":"<!-- This site is optimized with the Yoast SEO plugin v28.4 - https:\/\/yoast.com\/product\/yoast-seo-wordpress\/ -->\n<title>Univates abre inscri\u00e7\u00f5es para Vestibular de Ver\u00e3o 2027 - Folha Popular<\/title>\n<meta name=\"description\" content=\"A Universidade do Vale do Taquari (Univates) est\u00e1 com inscri\u00e7\u00f5es abertas para o Vestibular de Ver\u00e3o 2027. Com o mote \u201cVale pra vida\u201d, a campanha destaca a educa\u00e7\u00e3o como um caminho para ampliar oportunidades, desenvolver carreiras e contribuir para a constru\u00e7\u00e3o de um futuro melhor.\" \/>\n<meta name=\"robots\" content=\"index, follow, max-snippet:-1, max-image-preview:large, max-video-preview:-1\" \/>\n<link rel=\"canonical\" href=\"https:\/\/folhapopular.info\/index.php\/2026\/09\/04\/univates-abre-inscricoes-para-vestibular-de-verao-2027\/\" \/>\n<meta property=\"og:locale\" content=\"pt_BR\" \/>\n<meta property=\"og:type\" content=\"article\" \/>\n<meta property=\"og:title\" content=\"Univates abre inscri\u00e7\u00f5es para Vestibular de Ver\u00e3o 2027 - Folha Popular\" \/>\n<meta property=\"og:description\" content=\"A Universidade do Vale do Taquari (Univates) est\u00e1 com inscri\u00e7\u00f5es abertas para o Vestibular de Ver\u00e3o 2027. Com o mote \u201cVale pra vida\u201d, a campanha destaca a educa\u00e7\u00e3o como um caminho para ampliar oportunidades, desenvolver carreiras e contribuir para a constru\u00e7\u00e3o de um futuro melhor.\" \/>\n<meta property=\"og:url\" content=\"https:\/\/folhapopular.info\/index.php\/2026\/09\/04\/univates-abre-inscricoes-para-vestibular-de-verao-2027\/\" \/>\n<meta property=\"og:site_name\" content=\"Folha Popular\" \/>\n<meta property=\"article:published_time\" content=\"2026-09-04T19:00:00+00:00\" \/>\n<meta property=\"og:image\" content=\"https:\/\/folhapopular.info\/wp-content\/uploads\/2026\/09\/1-Provao-presencial-ocorre-no-dia-18-de-outubro-Credito-Mateus-Scheibel.webp\" \/>\n\t<meta property=\"og:image:width\" content=\"2237\" \/>\n\t<meta property=\"og:image:height\" content=\"1489\" \/>\n\t<meta property=\"og:image:type\" content=\"image\/webp\" \/>\n<meta name=\"author\" content=\"Reda\u00e7\u00e3o Folha Popular\" \/>\n<meta name=\"twitter:card\" content=\"summary_large_image\" \/>\n<meta name=\"twitter:label1\" content=\"Escrito por\" \/>\n\t<meta name=\"twitter:data1\" content=\"Reda\u00e7\u00e3o Folha Popular\" \/>\n\t<meta name=\"twitter:label2\" content=\"Est. tempo de leitura\" \/>\n\t<meta name=\"twitter:data2\" content=\"3 minutos\" \/>\n<script type=\"application\/ld+json\" class=\"yoast-schema-graph\">{\"@context\":\"https:\\\/\\\/schema.org\",\"@graph\":[{\"@type\":\"Article\",\"@id\":\"https:\\\/\\\/folhapopular.info\\\/index.php\\\/2026\\\/09\\\/04\\\/univates-abre-inscricoes-para-vestibular-de-verao-2027\\\/#article\",\"isPartOf\":{\"@id\":\"https:\\\/\\\/folhapopular.info\\\/index.php\\\/2026\\\/09\\\/04\\\/univates-abre-inscricoes-para-vestibular-de-verao-2027\\\/\"},\"author\":{\"name\":\"Reda\u00e7\u00e3o Folha Popular\",\"@id\":\"https:\\\/\\\/folhapopular.info\\\/#\\\/schema\\\/person\\\/2814e8a0df7643585a9ca38bc6eb9d4b\"},\"headline\":\"Univates abre inscri\u00e7\u00f5es para Vestibular de Ver\u00e3o 2027\",\"datePublished\":\"2026-09-04T19:00:00+00:00\",\"mainEntityOfPage\":{\"@id\":\"https:\\\/\\\/folhapopular.info\\\/index.php\\\/2026\\\/09\\\/04\\\/univates-abre-inscricoes-para-vestibular-de-verao-2027\\\/\"},\"wordCount\":496,\"commentCount\":0,\"image\":{\"@id\":\"https:\\\/\\\/folhapopular.info\\\/index.php\\\/2026\\\/09\\\/04\\\/univates-abre-inscricoes-para-vestibular-de-verao-2027\\\/#primaryimage\"},\"thumbnailUrl\":\"https:\\\/\\\/folhapopular.info\\\/wp-content\\\/uploads\\\/2026\\\/09\\\/1-Provao-presencial-ocorre-no-dia-18-de-outubro-Credito-Mateus-Scheibel.webp\",\"keywords\":[\"Inscri\u00e7\u00f5es Abertas\",\"Lajeado\",\"Processo Seletivo\",\"Univates\",\"Vale do Taquari\",\"Vestibular de Ver\u00e3o\"],\"articleSection\":[\"Destaques\",\"Educa\u00e7\u00e3o\",\"Geral\"],\"inLanguage\":\"pt-BR\",\"potentialAction\":[{\"@type\":\"CommentAction\",\"name\":\"Comment\",\"target\":[\"https:\\\/\\\/folhapopular.info\\\/index.php\\\/2026\\\/09\\\/04\\\/univates-abre-inscricoes-para-vestibular-de-verao-2027\\\/#respond\"]}]},{\"@type\":\"WebPage\",\"@id\":\"https:\\\/\\\/folhapopular.info\\\/index.php\\\/2026\\\/09\\\/04\\\/univates-abre-inscricoes-para-vestibular-de-verao-2027\\\/\",\"url\":\"https:\\\/\\\/folhapopular.info\\\/index.php\\\/2026\\\/09\\\/04\\\/univates-abre-inscricoes-para-vestibular-de-verao-2027\\\/\",\"name\":\"Univates abre inscri\u00e7\u00f5es para Vestibular de Ver\u00e3o 2027 - Folha Popular\",\"isPartOf\":{\"@id\":\"https:\\\/\\\/folhapopular.info\\\/#website\"},\"primaryImageOfPage\":{\"@id\":\"https:\\\/\\\/folhapopular.info\\\/index.php\\\/2026\\\/09\\\/04\\\/univates-abre-inscricoes-para-vestibular-de-verao-2027\\\/#primaryimage\"},\"image\":{\"@id\":\"https:\\\/\\\/folhapopular.info\\\/index.php\\\/2026\\\/09\\\/04\\\/univates-abre-inscricoes-para-vestibular-de-verao-2027\\\/#primaryimage\"},\"thumbnailUrl\":\"https:\\\/\\\/folhapopular.info\\\/wp-content\\\/uploads\\\/2026\\\/09\\\/1-Provao-presencial-ocorre-no-dia-18-de-outubro-Credito-Mateus-Scheibel.webp\",\"datePublished\":\"2026-09-04T19:00:00+00:00\",\"author\":{\"@id\":\"https:\\\/\\\/folhapopular.info\\\/#\\\/schema\\\/person\\\/2814e8a0df7643585a9ca38bc6eb9d4b\"},\"description\":\"A Universidade do Vale do Taquari (Univates) est\u00e1 com inscri\u00e7\u00f5es abertas para o Vestibular de Ver\u00e3o 2027. Com o mote \u201cVale pra vida\u201d, a campanha destaca a educa\u00e7\u00e3o como um caminho para ampliar oportunidades, desenvolver carreiras e contribuir para a constru\u00e7\u00e3o de um futuro melhor.\",\"breadcrumb\":{\"@id\":\"https:\\\/\\\/folhapopular.info\\\/index.php\\\/2026\\\/09\\\/04\\\/univates-abre-inscricoes-para-vestibular-de-verao-2027\\\/#breadcrumb\"},\"inLanguage\":\"pt-BR\",\"potentialAction\":[{\"@type\":\"ReadAction\",\"target\":[\"https:\\\/\\\/folhapopular.info\\\/index.php\\\/2026\\\/09\\\/04\\\/univates-abre-inscricoes-para-vestibular-de-verao-2027\\\/\"]}]},{\"@type\":\"ImageObject\",\"inLanguage\":\"pt-BR\",\"@id\":\"https:\\\/\\\/folhapopular.info\\\/index.php\\\/2026\\\/09\\\/04\\\/univates-abre-inscricoes-para-vestibular-de-verao-2027\\\/#primaryimage\",\"url\":\"https:\\\/\\\/folhapopular.info\\\/wp-content\\\/uploads\\\/2026\\\/09\\\/1-Provao-presencial-ocorre-no-dia-18-de-outubro-Credito-Mateus-Scheibel.webp\",\"contentUrl\":\"https:\\\/\\\/folhapopular.info\\\/wp-content\\\/uploads\\\/2026\\\/09\\\/1-Provao-presencial-ocorre-no-dia-18-de-outubro-Credito-Mateus-Scheibel.webp\",\"width\":2237,\"height\":1489,\"caption\":\"Prov\u00e3o presencial ocorre no dia 18 de outubro \\\/ Cr\u00e9dito: Mateus Scheibel\"},{\"@type\":\"BreadcrumbList\",\"@id\":\"https:\\\/\\\/folhapopular.info\\\/index.php\\\/2026\\\/09\\\/04\\\/univates-abre-inscricoes-para-vestibular-de-verao-2027\\\/#breadcrumb\",\"itemListElement\":[{\"@type\":\"ListItem\",\"position\":1,\"name\":\"In\u00edcio\",\"item\":\"https:\\\/\\\/folhapopular.info\\\/\"},{\"@type\":\"ListItem\",\"position\":2,\"name\":\"Univates abre inscri\u00e7\u00f5es para Vestibular de Ver\u00e3o 2027\"}]},{\"@type\":\"WebSite\",\"@id\":\"https:\\\/\\\/folhapopular.info\\\/#website\",\"url\":\"https:\\\/\\\/folhapopular.info\\\/\",\"name\":\"Folha Popular\",\"description\":\"Onde voc\u00ea tem vez e voz\",\"potentialAction\":[{\"@type\":\"SearchAction\",\"target\":{\"@type\":\"EntryPoint\",\"urlTemplate\":\"https:\\\/\\\/folhapopular.info\\\/?s={search_term_string}\"},\"query-input\":{\"@type\":\"PropertyValueSpecification\",\"valueRequired\":true,\"valueName\":\"search_term_string\"}}],\"inLanguage\":\"pt-BR\"},{\"@type\":\"Person\",\"@id\":\"https:\\\/\\\/folhapopular.info\\\/#\\\/schema\\\/person\\\/2814e8a0df7643585a9ca38bc6eb9d4b\",\"name\":\"Reda\u00e7\u00e3o Folha Popular\",\"image\":{\"@type\":\"ImageObject\",\"inLanguage\":\"pt-BR\",\"@id\":\"https:\\\/\\\/folhapopular.info\\\/wp-content\\\/uploads\\\/2026\\\/04\\\/Folha-1.webp\",\"url\":\"https:\\\/\\\/folhapopular.info\\\/wp-content\\\/uploads\\\/2026\\\/04\\\/Folha-1.webp\",\"contentUrl\":\"https:\\\/\\\/folhapopular.info\\\/wp-content\\\/uploads\\\/2026\\\/04\\\/Folha-1.webp\",\"caption\":\"Reda\u00e7\u00e3o Folha Popular\"},\"url\":\"https:\\\/\\\/folhapopular.info\\\/index.php\\\/author\\\/redacao\\\/\"}]}<\/script>\n<!-- \/ Yoast SEO plugin. -->","yoast_head_json":{"title":"Univates abre inscri\u00e7\u00f5es para Vestibular de Ver\u00e3o 2027 - Folha Popular","description":"A Universidade do Vale do Taquari (Univates) est\u00e1 com inscri\u00e7\u00f5es abertas para o Vestibular de Ver\u00e3o 2027. Com o mote \u201cVale pra vida\u201d, a campanha destaca a educa\u00e7\u00e3o como um caminho para ampliar oportunidades, desenvolver carreiras e contribuir para a constru\u00e7\u00e3o de um futuro melhor.","robots":{"index":"index","follow":"follow","max-snippet":"max-snippet:-1","max-image-preview":"max-image-preview:large","max-video-preview":"max-video-preview:-1"},"canonical":"https:\/\/folhapopular.info\/index.php\/2026\/09\/04\/univates-abre-inscricoes-para-vestibular-de-verao-2027\/","og_locale":"pt_BR","og_type":"article","og_title":"Univates abre inscri\u00e7\u00f5es para Vestibular de Ver\u00e3o 2027 - Folha Popular","og_description":"A Universidade do Vale do Taquari (Univates) est\u00e1 com inscri\u00e7\u00f5es abertas para o Vestibular de Ver\u00e3o 2027. Com o mote \u201cVale pra vida\u201d, a campanha destaca a educa\u00e7\u00e3o como um caminho para ampliar oportunidades, desenvolver carreiras e contribuir para a constru\u00e7\u00e3o de um futuro melhor.","og_url":"https:\/\/folhapopular.info\/index.php\/2026\/09\/04\/univates-abre-inscricoes-para-vestibular-de-verao-2027\/","og_site_name":"Folha Popular","article_published_time":"2026-09-04T19:00:00+00:00","og_image":[{"width":2237,"height":1489,"url":"https:\/\/folhapopular.info\/wp-content\/uploads\/2026\/09\/1-Provao-presencial-ocorre-no-dia-18-de-outubro-Credito-Mateus-Scheibel.webp","type":"image\/webp"}],"author":"Reda\u00e7\u00e3o Folha Popular","twitter_card":"summary_large_image","twitter_misc":{"Escrito por":"Reda\u00e7\u00e3o Folha Popular","Est. tempo de leitura":"3 minutos"},"schema":{"@context":"https:\/\/schema.org","@graph":[{"@type":"Article","@id":"https:\/\/folhapopular.info\/index.php\/2026\/09\/04\/univates-abre-inscricoes-para-vestibular-de-verao-2027\/#article","isPartOf":{"@id":"https:\/\/folhapopular.info\/index.php\/2026\/09\/04\/univates-abre-inscricoes-para-vestibular-de-verao-2027\/"},"author":{"name":"Reda\u00e7\u00e3o Folha Popular","@id":"https:\/\/folhapopular.info\/#\/schema\/person\/2814e8a0df7643585a9ca38bc6eb9d4b"},"headline":"Univates abre inscri\u00e7\u00f5es para Vestibular de Ver\u00e3o 2027","datePublished":"2026-09-04T19:00:00+00:00","mainEntityOfPage":{"@id":"https:\/\/folhapopular.info\/index.php\/2026\/09\/04\/univates-abre-inscricoes-para-vestibular-de-verao-2027\/"},"wordCount":496,"commentCount":0,"image":{"@id":"https:\/\/folhapopular.info\/index.php\/2026\/09\/04\/univates-abre-inscricoes-para-vestibular-de-verao-2027\/#primaryimage"},"thumbnailUrl":"https:\/\/folhapopular.info\/wp-content\/uploads\/2026\/09\/1-Provao-presencial-ocorre-no-dia-18-de-outubro-Credito-Mateus-Scheibel.webp","keywords":["Inscri\u00e7\u00f5es Abertas","Lajeado","Processo Seletivo","Univates","Vale do Taquari","Vestibular de Ver\u00e3o"],"articleSection":["Destaques","Educa\u00e7\u00e3o","Geral"],"inLanguage":"pt-BR","potentialAction":[{"@type":"CommentAction","name":"Comment","target":["https:\/\/folhapopular.info\/index.php\/2026\/09\/04\/univates-abre-inscricoes-para-vestibular-de-verao-2027\/#respond"]}]},{"@type":"WebPage","@id":"https:\/\/folhapopular.info\/index.php\/2026\/09\/04\/univates-abre-inscricoes-para-vestibular-de-verao-2027\/","url":"https:\/\/folhapopular.info\/index.php\/2026\/09\/04\/univates-abre-inscricoes-para-vestibular-de-verao-2027\/","name":"Univates abre inscri\u00e7\u00f5es para Vestibular de Ver\u00e3o 2027 - Folha Popular","isPartOf":{"@id":"https:\/\/folhapopular.info\/#website"},"primaryImageOfPage":{"@id":"https:\/\/folhapopular.info\/index.php\/2026\/09\/04\/univates-abre-inscricoes-para-vestibular-de-verao-2027\/#primaryimage"},"image":{"@id":"https:\/\/folhapopular.info\/index.php\/2026\/09\/04\/univates-abre-inscricoes-para-vestibular-de-verao-2027\/#primaryimage"},"thumbnailUrl":"https:\/\/folhapopular.info\/wp-content\/uploads\/2026\/09\/1-Provao-presencial-ocorre-no-dia-18-de-outubro-Credito-Mateus-Scheibel.webp","datePublished":"2026-09-04T19:00:00+00:00","author":{"@id":"https:\/\/folhapopular.info\/#\/schema\/person\/2814e8a0df7643585a9ca38bc6eb9d4b"},"description":"A Universidade do Vale do Taquari (Univates) est\u00e1 com inscri\u00e7\u00f5es abertas para o Vestibular de Ver\u00e3o 2027. Com o mote \u201cVale pra vida\u201d, a campanha destaca a educa\u00e7\u00e3o como um caminho para ampliar oportunidades, desenvolver carreiras e contribuir para a constru\u00e7\u00e3o de um futuro melhor.","breadcrumb":{"@id":"https:\/\/folhapopular.info\/index.php\/2026\/09\/04\/univates-abre-inscricoes-para-vestibular-de-verao-2027\/#breadcrumb"},"inLanguage":"pt-BR","potentialAction":[{"@type":"ReadAction","target":["https:\/\/folhapopular.info\/index.php\/2026\/09\/04\/univates-abre-inscricoes-para-vestibular-de-verao-2027\/"]}]},{"@type":"ImageObject","inLanguage":"pt-BR","@id":"https:\/\/folhapopular.info\/index.php\/2026\/09\/04\/univates-abre-inscricoes-para-vestibular-de-verao-2027\/#primaryimage","url":"https:\/\/folhapopular.info\/wp-content\/uploads\/2026\/09\/1-Provao-presencial-ocorre-no-dia-18-de-outubro-Credito-Mateus-Scheibel.webp","contentUrl":"https:\/\/folhapopular.info\/wp-content\/uploads\/2026\/09\/1-Provao-presencial-ocorre-no-dia-18-de-outubro-Credito-Mateus-Scheibel.webp","width":2237,"height":1489,"caption":"Prov\u00e3o presencial ocorre no dia 18 de outubro \/ Cr\u00e9dito: Mateus Scheibel"},{"@type":"BreadcrumbList","@id":"https:\/\/folhapopular.info\/index.php\/2026\/09\/04\/univates-abre-inscricoes-para-vestibular-de-verao-2027\/#breadcrumb","itemListElement":[{"@type":"ListItem","position":1,"name":"In\u00edcio","item":"https:\/\/folhapopular.info\/"},{"@type":"ListItem","position":2,"name":"Univates abre inscri\u00e7\u00f5es para Vestibular de Ver\u00e3o 2027"}]},{"@type":"WebSite","@id":"https:\/\/folhapopular.info\/#website","url":"https:\/\/folhapopular.info\/","name":"Folha Popular","description":"Onde voc\u00ea tem vez e voz","potentialAction":[{"@type":"SearchAction","target":{"@type":"EntryPoint","urlTemplate":"https:\/\/folhapopular.info\/?s={search_term_string}"},"query-input":{"@type":"PropertyValueSpecification","valueRequired":true,"valueName":"search_term_string"}}],"inLanguage":"pt-BR"},{"@type":"Person","@id":"https:\/\/folhapopular.info\/#\/schema\/person\/2814e8a0df7643585a9ca38bc6eb9d4b","name":"Reda\u00e7\u00e3o Folha Popular","image":{"@type":"ImageObject","inLanguage":"pt-BR","@id":"https:\/\/folhapopular.info\/wp-content\/uploads\/2026\/04\/Folha-1.webp","url":"https:\/\/folhapopular.info\/wp-content\/uploads\/2026\/04\/Folha-1.webp","contentUrl":"https:\/\/folhapopular.info\/wp-content\/uploads\/2026\/04\/Folha-1.webp","caption":"Reda\u00e7\u00e3o Folha Popular"},"url":"https:\/\/folhapopular.info\/index.php\/author\/redacao\/"}]}},"jetpack_sharing_enabled":true,"amp_enabled":true,"jetpack_featured_media_url":"https:\/\/folhapopular.info\/wp-content\/uploads\/2026\/09\/1-Provao-presencial-ocorre-no-dia-18-de-outubro-Credito-Mateus-Scheibel.webp","_links":{"self":[{"href":"https:\/\/folhapopular.info\/index.php\/wp-json\/wp\/v2\/posts\/220384","targetHints":{"allow":["GET"]}}],"collection":[{"href":"https:\/\/folhapopular.info\/index.php\/wp-json\/wp\/v2\/posts"}],"about":[{"href":"https:\/\/folhapopular.info\/index.php\/wp-json\/wp\/v2\/types\/post"}],"author":[{"embeddable":true,"href":"https:\/\/folhapopular.info\/index.php\/wp-json\/wp\/v2\/users\/8"}],"replies":[{"embeddable":true,"href":"https:\/\/folhapopular.info\/index.php\/wp-json\/wp\/v2\/comments?post=220384"}],"version-history":[{"count":1,"href":"https:\/\/folhapopular.info\/index.php\/wp-json\/wp\/v2\/posts\/220384\/revisions"}],"predecessor-version":[{"id":220416,"href":"https:\/\/folhapopular.info\/index.php\/wp-json\/wp\/v2\/posts\/220384\/revisions\/220416"}],"wp:featuredmedia":[{"embeddable":true,"href":"https:\/\/folhapopular.info\/index.php\/wp-json\/wp\/v2\/media\/220415"}],"wp:attachment":[{"href":"https:\/\/folhapopular.info\/index.php\/wp-json\/wp\/v2\/media?parent=220384"}],"wp:term":[{"taxonomy":"category","embeddable":true,"href":"https:\/\/folhapopular.info\/index.php\/wp-json\/wp\/v2\/categories?post=220384"},{"taxonomy":"post_tag","embeddable":true,"href":"https:\/\/folhapopular.info\/index.php\/wp-json\/wp\/v2\/tags?post=220384"}],"curies":[{"name":"wp","href":"https:\/\/api.w.org\/{rel}","templated":true}]}}