{"id":220387,"date":"2026-09-04T14:25:16","date_gmt":"2026-09-04T17:25:16","guid":{"rendered":"https:\/\/folhapopular.info\/?p=220387"},"modified":"2026-09-04T14:25:18","modified_gmt":"2026-09-04T17:25:18","slug":"rodada-com-menos-jogos-trara-novo-lider-nos-veteranos-do-regional","status":"publish","type":"post","link":"https:\/\/folhapopular.info\/index.php\/2026\/09\/04\/rodada-com-menos-jogos-trara-novo-lider-nos-veteranos-do-regional\/","title":{"rendered":"Rodada com menos jogos trar\u00e1 novo l\u00edder nos Veteranos do Regional"},"content":{"rendered":"\n<p class=\"wp-block-paragraph\">O Campeonato Regional de Veteranos ter\u00e1 rodada reduzida na tarde deste domingo (6\/9). Apenas dois jogos ser\u00e3o realizados e ocorrem em Boqueir\u00e3o do Le\u00e3o e Lajeado. Entretanto, tr\u00eas das quatro equipes podem assumir a ponta da tabela.<\/p>\n\n\n\n<p class=\"wp-block-paragraph\">Em Boqueir\u00e3o, o Gr\u00eamio 5 de Junho recebe a Assespe com possibilidade de ser l\u00edder. Em caso de vit\u00f3ria, a equipe chegar\u00e1 aos 6 pontos e ultrapassa os cinco times que est\u00e3o melhores colocados, com 4 pontos.<\/p>\n\n\n\n<p class=\"wp-block-paragraph\">Um desses clubes \u00e9 a Assespe, que est\u00e1 no 5\u00ba lugar com 4 pontos. Se os visitantes vencerem, chegam aos 7 pontos e se isolam na ponta da tabela.<\/p>\n\n\n\n<p class=\"wp-block-paragraph\">O outro confronto ser\u00e1 realizado em Lajeado. O Projeto Guarani joga contra o Penharol com a possibilidade de tamb\u00e9m ser l\u00edder.<\/p>\n\n\n\n<p class=\"wp-block-paragraph\">Os donos da casa vivem situa\u00e7\u00e3o id\u00eantica \u00e0 do 5 de Junho e uma vit\u00f3ria pode os levar aos 6 pontos e lideran\u00e7a, conforme resultados paralelos.<\/p>\n\n\n\n<p class=\"wp-block-paragraph\">O Penharol, por outro lado, precisa vencer para desgarrar da parte baixa da classifica\u00e7\u00e3o. No 10\u00ba lugar e com apenas 1 ponto, o time de Lajeado quer vencer sua primeira partida no campeonato.<\/p>\n\n\n\n<figure class=\"wp-block-table is-style-stripes\"><table class=\"has-light-green-cyan-to-vivid-green-cyan-gradient-background has-background\"><tbody><tr><td class=\"has-text-align-center\" data-align=\"center\" colspan=\"4\"><strong>Veteranos &#8211; 4\u00aa rodada &#8211; 6\/9<\/strong><\/td><\/tr><tr><td class=\"has-text-align-center\" data-align=\"center\"><strong>Local<\/strong><\/td><td><\/td><td class=\"has-text-align-center\" data-align=\"center\"><strong>Partida<\/strong><\/td><td><\/td><\/tr><tr><td class=\"has-text-align-center\" data-align=\"center\">Boqueir\u00e3o do Le\u00e3o<\/td><td class=\"has-text-align-center\" data-align=\"center\">5 de Junho<\/td><td class=\"has-text-align-center\" data-align=\"center\">x<\/td><td class=\"has-text-align-center\" data-align=\"center\">Assespe<\/td><\/tr><tr><td class=\"has-text-align-center\" data-align=\"center\">Lajeado<\/td><td class=\"has-text-align-center\" data-align=\"center\">Projeto Guarani<\/td><td class=\"has-text-align-center\" data-align=\"center\">x<\/td><td class=\"has-text-align-center\" data-align=\"center\">Penharol<\/td><\/tr><\/tbody><\/table><\/figure>\n\n\n\n<figure class=\"wp-block-table is-style-stripes\"><table class=\"has-light-green-cyan-to-vivid-green-cyan-gradient-background has-background\"><tbody><tr><td class=\"has-text-align-center\" data-align=\"center\" colspan=\"12\"><strong>Classifica\u00e7\u00e3o VETERANOS<\/strong><\/td><\/tr><tr><td class=\"has-text-align-center\" data-align=\"center\"><strong>#<\/strong><\/td><td class=\"has-text-align-center\" data-align=\"center\"><strong>Equipe<\/strong><\/td><td class=\"has-text-align-center\" data-align=\"center\"><strong>PG<\/strong><\/td><td class=\"has-text-align-center\" data-align=\"center\"><strong>J<\/strong><\/td><td class=\"has-text-align-center\" data-align=\"center\"><strong>V<\/strong><\/td><td class=\"has-text-align-center\" data-align=\"center\"><strong>E<\/strong><\/td><td class=\"has-text-align-center\" data-align=\"center\"><strong>D<\/strong><\/td><td class=\"has-text-align-center\" data-align=\"center\"><strong>GP<\/strong><\/td><td class=\"has-text-align-center\" data-align=\"center\"><strong>GS<\/strong><\/td><td class=\"has-text-align-center\" data-align=\"center\"><strong>SG<\/strong><\/td><td class=\"has-text-align-center\" data-align=\"center\"><strong>%<\/strong><\/td><td class=\"has-text-align-center\" data-align=\"center\"><strong>Disc<\/strong><\/td><\/tr><tr><td class=\"has-text-align-center\" data-align=\"center\">1\u00ba<\/td><td class=\"has-text-align-center\" data-align=\"center\">Cruzeiro (Sta. Cruz)<\/td><td class=\"has-text-align-center\" data-align=\"center\">4<\/td><td class=\"has-text-align-center\" data-align=\"center\">2<\/td><td class=\"has-text-align-center\" data-align=\"center\">1<\/td><td class=\"has-text-align-center\" data-align=\"center\">1<\/td><td class=\"has-text-align-center\" data-align=\"center\">0<\/td><td class=\"has-text-align-center\" data-align=\"center\">3<\/td><td class=\"has-text-align-center\" data-align=\"center\">2<\/td><td class=\"has-text-align-center\" data-align=\"center\">1<\/td><td class=\"has-text-align-center\" data-align=\"center\">67<\/td><td class=\"has-text-align-center\" data-align=\"center\">20<\/td><\/tr><tr><td class=\"has-text-align-center\" data-align=\"center\">2\u00ba<\/td><td class=\"has-text-align-center\" data-align=\"center\">Cruzeiro L\u00aa32<\/td><td class=\"has-text-align-center\" data-align=\"center\">4<\/td><td class=\"has-text-align-center\" data-align=\"center\">2<\/td><td class=\"has-text-align-center\" data-align=\"center\">1<\/td><td class=\"has-text-align-center\" data-align=\"center\">1<\/td><td class=\"has-text-align-center\" data-align=\"center\">0<\/td><td class=\"has-text-align-center\" data-align=\"center\">3<\/td><td class=\"has-text-align-center\" data-align=\"center\">2<\/td><td class=\"has-text-align-center\" data-align=\"center\">1<\/td><td class=\"has-text-align-center\" data-align=\"center\">67<\/td><td class=\"has-text-align-center\" data-align=\"center\">60<\/td><\/tr><tr><td class=\"has-text-align-center\" data-align=\"center\">3\u00ba<\/td><td class=\"has-text-align-center\" data-align=\"center\">Picada Flor<\/td><td class=\"has-text-align-center\" data-align=\"center\">4<\/td><td class=\"has-text-align-center\" data-align=\"center\">2<\/td><td class=\"has-text-align-center\" data-align=\"center\">1<\/td><td class=\"has-text-align-center\" data-align=\"center\">1<\/td><td class=\"has-text-align-center\" data-align=\"center\">0<\/td><td class=\"has-text-align-center\" data-align=\"center\">2<\/td><td class=\"has-text-align-center\" data-align=\"center\">0<\/td><td class=\"has-text-align-center\" data-align=\"center\">2<\/td><td class=\"has-text-align-center\" data-align=\"center\">67<\/td><td class=\"has-text-align-center\" data-align=\"center\">70<\/td><\/tr><tr><td class=\"has-text-align-center\" data-align=\"center\">4\u00ba<\/td><td class=\"has-text-align-center\" data-align=\"center\">Rudibar<\/td><td class=\"has-text-align-center\" data-align=\"center\">4<\/td><td class=\"has-text-align-center\" data-align=\"center\">2<\/td><td class=\"has-text-align-center\" data-align=\"center\">1<\/td><td class=\"has-text-align-center\" data-align=\"center\">1<\/td><td class=\"has-text-align-center\" data-align=\"center\">0<\/td><td class=\"has-text-align-center\" data-align=\"center\">5<\/td><td class=\"has-text-align-center\" data-align=\"center\">4<\/td><td class=\"has-text-align-center\" data-align=\"center\">1<\/td><td class=\"has-text-align-center\" data-align=\"center\">67<\/td><td class=\"has-text-align-center\" data-align=\"center\">80<\/td><\/tr><tr><td class=\"has-text-align-center\" data-align=\"center\">5\u00ba<\/td><td class=\"has-text-align-center\" data-align=\"center\">Assespe<\/td><td class=\"has-text-align-center\" data-align=\"center\">4<\/td><td class=\"has-text-align-center\" data-align=\"center\">2<\/td><td class=\"has-text-align-center\" data-align=\"center\">1<\/td><td class=\"has-text-align-center\" data-align=\"center\">1<\/td><td class=\"has-text-align-center\" data-align=\"center\">0<\/td><td class=\"has-text-align-center\" data-align=\"center\">7<\/td><td class=\"has-text-align-center\" data-align=\"center\">3<\/td><td class=\"has-text-align-center\" data-align=\"center\">4<\/td><td class=\"has-text-align-center\" data-align=\"center\">67<\/td><td class=\"has-text-align-center\" data-align=\"center\">100<\/td><\/tr><tr><td class=\"has-text-align-center\" data-align=\"center\">6\u00ba<\/td><td class=\"has-text-align-center\" data-align=\"center\">5 de Junho<\/td><td class=\"has-text-align-center\" data-align=\"center\">3<\/td><td class=\"has-text-align-center\" data-align=\"center\">2<\/td><td class=\"has-text-align-center\" data-align=\"center\">1<\/td><td class=\"has-text-align-center\" data-align=\"center\">0<\/td><td class=\"has-text-align-center\" data-align=\"center\">1<\/td><td class=\"has-text-align-center\" data-align=\"center\">6<\/td><td class=\"has-text-align-center\" data-align=\"center\">6<\/td><td class=\"has-text-align-center\" data-align=\"center\">0<\/td><td class=\"has-text-align-center\" data-align=\"center\">50<\/td><td class=\"has-text-align-center\" data-align=\"center\">40<\/td><\/tr><tr><td class=\"has-text-align-center\" data-align=\"center\">7\u00ba<\/td><td class=\"has-text-align-center\" data-align=\"center\">Projeto Guarani<\/td><td class=\"has-text-align-center\" data-align=\"center\">3<\/td><td class=\"has-text-align-center\" data-align=\"center\">2<\/td><td class=\"has-text-align-center\" data-align=\"center\">1<\/td><td class=\"has-text-align-center\" data-align=\"center\">0<\/td><td class=\"has-text-align-center\" data-align=\"center\">1<\/td><td class=\"has-text-align-center\" data-align=\"center\">2<\/td><td class=\"has-text-align-center\" data-align=\"center\">3<\/td><td class=\"has-text-align-center\" data-align=\"center\">-1<\/td><td class=\"has-text-align-center\" data-align=\"center\">50<\/td><td class=\"has-text-align-center\" data-align=\"center\">60<\/td><\/tr><tr><td class=\"has-text-align-center\" data-align=\"center\">8\u00ba<\/td><td class=\"has-text-align-center\" data-align=\"center\">Floriano<\/td><td class=\"has-text-align-center\" data-align=\"center\">3<\/td><td class=\"has-text-align-center\" data-align=\"center\">2<\/td><td class=\"has-text-align-center\" data-align=\"center\">1<\/td><td class=\"has-text-align-center\" data-align=\"center\">0<\/td><td class=\"has-text-align-center\" data-align=\"center\">1<\/td><td class=\"has-text-align-center\" data-align=\"center\">5<\/td><td class=\"has-text-align-center\" data-align=\"center\">4<\/td><td class=\"has-text-align-center\" data-align=\"center\">1<\/td><td class=\"has-text-align-center\" data-align=\"center\">50<\/td><td class=\"has-text-align-center\" data-align=\"center\">90<\/td><\/tr><tr><td class=\"has-text-align-center\" data-align=\"center\">9\u00aa<\/td><td class=\"has-text-align-center\" data-align=\"center\">Conc\u00f3rdia<\/td><td class=\"has-text-align-center\" data-align=\"center\">1<\/td><td class=\"has-text-align-center\" data-align=\"center\">2<\/td><td class=\"has-text-align-center\" data-align=\"center\">0<\/td><td class=\"has-text-align-center\" data-align=\"center\">1<\/td><td class=\"has-text-align-center\" data-align=\"center\">1<\/td><td class=\"has-text-align-center\" data-align=\"center\">4<\/td><td class=\"has-text-align-center\" data-align=\"center\">5<\/td><td class=\"has-text-align-center\" data-align=\"center\">1<\/td><td class=\"has-text-align-center\" data-align=\"center\">17<\/td><td class=\"has-text-align-center\" data-align=\"center\">40<\/td><\/tr><tr><td class=\"has-text-align-center\" data-align=\"center\">10\u00aa<\/td><td class=\"has-text-align-center\" data-align=\"center\">Penharol<\/td><td class=\"has-text-align-center\" data-align=\"center\">1<\/td><td class=\"has-text-align-center\" data-align=\"center\">2<\/td><td class=\"has-text-align-center\" data-align=\"center\">0<\/td><td class=\"has-text-align-center\" data-align=\"center\">1<\/td><td class=\"has-text-align-center\" data-align=\"center\">1<\/td><td class=\"has-text-align-center\" data-align=\"center\">3<\/td><td class=\"has-text-align-center\" data-align=\"center\">5<\/td><td class=\"has-text-align-center\" data-align=\"center\">1<\/td><td class=\"has-text-align-center\" data-align=\"center\">17<\/td><td class=\"has-text-align-center\" data-align=\"center\">50<\/td><\/tr><tr><td class=\"has-text-align-center\" data-align=\"center\">11\u00aa<\/td><td class=\"has-text-align-center\" data-align=\"center\">Ribeirense<\/td><td class=\"has-text-align-center\" data-align=\"center\">1<\/td><td class=\"has-text-align-center\" data-align=\"center\">2<\/td><td class=\"has-text-align-center\" data-align=\"center\">0<\/td><td class=\"has-text-align-center\" data-align=\"center\">1<\/td><td class=\"has-text-align-center\" data-align=\"center\">1<\/td><td class=\"has-text-align-center\" data-align=\"center\">1<\/td><td class=\"has-text-align-center\" data-align=\"center\">5<\/td><td class=\"has-text-align-center\" data-align=\"center\">2<\/td><td class=\"has-text-align-center\" data-align=\"center\">17<\/td><td class=\"has-text-align-center\" data-align=\"center\">50<\/td><\/tr><tr><td class=\"has-text-align-center\" data-align=\"center\">12\u00aa<\/td><td class=\"has-text-align-center\" data-align=\"center\">Flamengo<\/td><td class=\"has-text-align-center\" data-align=\"center\">0<\/td><td class=\"has-text-align-center\" data-align=\"center\">2<\/td><td class=\"has-text-align-center\" data-align=\"center\">0<\/td><td class=\"has-text-align-center\" data-align=\"center\">0<\/td><td class=\"has-text-align-center\" data-align=\"center\">2<\/td><td class=\"has-text-align-center\" data-align=\"center\">2<\/td><td class=\"has-text-align-center\" data-align=\"center\">4<\/td><td class=\"has-text-align-center\" data-align=\"center\">-2<\/td><td class=\"has-text-align-center\" data-align=\"center\">0<\/td><td class=\"has-text-align-center\" data-align=\"center\">150<\/td><\/tr><\/tbody><\/table><\/figure>\n","protected":false},"excerpt":{"rendered":"<p>O Campeonato Regional de Veteranos ter\u00e1 rodada reduzida na tarde deste domingo (6\/9). Apenas dois jogos ser\u00e3o realizados e ocorrem em Boqueir\u00e3o do Le\u00e3o e Lajeado. Entretanto, tr\u00eas das quatro equipes podem assumir a ponta da tabela. Em Boqueir\u00e3o, o Gr\u00eamio 5 de Junho recebe a Assespe com possibilidade de ser l\u00edder. Em caso de [&hellip;]<\/p>\n","protected":false},"author":732,"featured_media":220388,"comment_status":"open","ping_status":"open","sticky":false,"template":"","format":"standard","meta":{"pmpro_default_level":"","_jetpack_memberships_contains_paid_content":false,"footnotes":""},"categories":[5,240,21363,288],"tags":[290,147,317,864],"class_list":["post-220387","post","type-post","status-publish","format-standard","has-post-thumbnail","category-esportes","category-futebol-amador","category-regional-2026","category-regional-da-aslivata","tag-aslivata","tag-futebol-amador","tag-regional","tag-veteranos","pmpro-has-access"],"yoast_head":"<!-- This site is optimized with the Yoast SEO plugin v28.4 - https:\/\/yoast.com\/product\/yoast-seo-wordpress\/ -->\n<title>Rodada com menos jogos trar\u00e1 novo l\u00edder nos Veteranos do Regional - Folha Popular<\/title>\n<meta name=\"description\" content=\"Os Veteranos ter\u00e3o rodada reduzida na tarde deste domingo (6\/9). Apenas dois jogos ser\u00e3o realizados e ocorrem em Boqueir\u00e3o do Le\u00e3o e Lajeado.\" \/>\n<meta name=\"robots\" content=\"index, follow, max-snippet:-1, max-image-preview:large, max-video-preview:-1\" \/>\n<link rel=\"canonical\" href=\"https:\/\/folhapopular.info\/index.php\/2026\/09\/04\/rodada-com-menos-jogos-trara-novo-lider-nos-veteranos-do-regional\/\" \/>\n<meta property=\"og:locale\" content=\"pt_BR\" \/>\n<meta property=\"og:type\" content=\"article\" \/>\n<meta property=\"og:title\" content=\"Rodada com menos jogos trar\u00e1 novo l\u00edder nos Veteranos do Regional - Folha Popular\" \/>\n<meta property=\"og:description\" content=\"Os Veteranos ter\u00e3o rodada reduzida na tarde deste domingo (6\/9). Apenas dois jogos ser\u00e3o realizados e ocorrem em Boqueir\u00e3o do Le\u00e3o e Lajeado.\" \/>\n<meta property=\"og:url\" content=\"https:\/\/folhapopular.info\/index.php\/2026\/09\/04\/rodada-com-menos-jogos-trara-novo-lider-nos-veteranos-do-regional\/\" \/>\n<meta property=\"og:site_name\" content=\"Folha Popular\" \/>\n<meta property=\"article:author\" content=\"https:\/\/www.facebook.com\/luis.huppes\/\" \/>\n<meta property=\"article:published_time\" content=\"2026-09-04T17:25:16+00:00\" \/>\n<meta property=\"article:modified_time\" content=\"2026-09-04T17:25:18+00:00\" \/>\n<meta property=\"og:image\" content=\"https:\/\/folhapopular.info\/wp-content\/uploads\/2026\/09\/Assespe-visita-o-5-de-Junho-em-Boqueirao-do-Leao.webp\" \/>\n\t<meta property=\"og:image:width\" content=\"2351\" \/>\n\t<meta property=\"og:image:height\" content=\"1328\" \/>\n\t<meta property=\"og:image:type\" content=\"image\/webp\" \/>\n<meta name=\"author\" content=\"Luis Augusto Huppes\" \/>\n<meta name=\"twitter:card\" content=\"summary_large_image\" \/>\n<meta name=\"twitter:label1\" content=\"Escrito por\" \/>\n\t<meta name=\"twitter:data1\" content=\"Luis Augusto Huppes\" \/>\n\t<meta name=\"twitter:label2\" content=\"Est. tempo de leitura\" \/>\n\t<meta name=\"twitter:data2\" content=\"3 minutos\" \/>\n<script type=\"application\/ld+json\" class=\"yoast-schema-graph\">{\"@context\":\"https:\\\/\\\/schema.org\",\"@graph\":[{\"@type\":\"Article\",\"@id\":\"https:\\\/\\\/folhapopular.info\\\/index.php\\\/2026\\\/09\\\/04\\\/rodada-com-menos-jogos-trara-novo-lider-nos-veteranos-do-regional\\\/#article\",\"isPartOf\":{\"@id\":\"https:\\\/\\\/folhapopular.info\\\/index.php\\\/2026\\\/09\\\/04\\\/rodada-com-menos-jogos-trara-novo-lider-nos-veteranos-do-regional\\\/\"},\"author\":{\"name\":\"Luis Augusto Huppes\",\"@id\":\"https:\\\/\\\/folhapopular.info\\\/#\\\/schema\\\/person\\\/e852c327371714676d02e58cf917fd9f\"},\"headline\":\"Rodada com menos jogos trar\u00e1 novo l\u00edder nos Veteranos do Regional\",\"datePublished\":\"2026-09-04T17:25:16+00:00\",\"dateModified\":\"2026-09-04T17:25:18+00:00\",\"mainEntityOfPage\":{\"@id\":\"https:\\\/\\\/folhapopular.info\\\/index.php\\\/2026\\\/09\\\/04\\\/rodada-com-menos-jogos-trara-novo-lider-nos-veteranos-do-regional\\\/\"},\"wordCount\":252,\"commentCount\":0,\"image\":{\"@id\":\"https:\\\/\\\/folhapopular.info\\\/index.php\\\/2026\\\/09\\\/04\\\/rodada-com-menos-jogos-trara-novo-lider-nos-veteranos-do-regional\\\/#primaryimage\"},\"thumbnailUrl\":\"https:\\\/\\\/folhapopular.info\\\/wp-content\\\/uploads\\\/2026\\\/09\\\/Assespe-visita-o-5-de-Junho-em-Boqueirao-do-Leao.webp\",\"keywords\":[\"Aslivata\",\"futebol amador\",\"Regional\",\"Veteranos\"],\"articleSection\":[\"Esportes\",\"Futebol Amador\",\"Regional 2026\",\"Regional da Aslivata\"],\"inLanguage\":\"pt-BR\",\"potentialAction\":[{\"@type\":\"CommentAction\",\"name\":\"Comment\",\"target\":[\"https:\\\/\\\/folhapopular.info\\\/index.php\\\/2026\\\/09\\\/04\\\/rodada-com-menos-jogos-trara-novo-lider-nos-veteranos-do-regional\\\/#respond\"]}]},{\"@type\":\"WebPage\",\"@id\":\"https:\\\/\\\/folhapopular.info\\\/index.php\\\/2026\\\/09\\\/04\\\/rodada-com-menos-jogos-trara-novo-lider-nos-veteranos-do-regional\\\/\",\"url\":\"https:\\\/\\\/folhapopular.info\\\/index.php\\\/2026\\\/09\\\/04\\\/rodada-com-menos-jogos-trara-novo-lider-nos-veteranos-do-regional\\\/\",\"name\":\"Rodada com menos jogos trar\u00e1 novo l\u00edder nos Veteranos do Regional - Folha Popular\",\"isPartOf\":{\"@id\":\"https:\\\/\\\/folhapopular.info\\\/#website\"},\"primaryImageOfPage\":{\"@id\":\"https:\\\/\\\/folhapopular.info\\\/index.php\\\/2026\\\/09\\\/04\\\/rodada-com-menos-jogos-trara-novo-lider-nos-veteranos-do-regional\\\/#primaryimage\"},\"image\":{\"@id\":\"https:\\\/\\\/folhapopular.info\\\/index.php\\\/2026\\\/09\\\/04\\\/rodada-com-menos-jogos-trara-novo-lider-nos-veteranos-do-regional\\\/#primaryimage\"},\"thumbnailUrl\":\"https:\\\/\\\/folhapopular.info\\\/wp-content\\\/uploads\\\/2026\\\/09\\\/Assespe-visita-o-5-de-Junho-em-Boqueirao-do-Leao.webp\",\"datePublished\":\"2026-09-04T17:25:16+00:00\",\"dateModified\":\"2026-09-04T17:25:18+00:00\",\"author\":{\"@id\":\"https:\\\/\\\/folhapopular.info\\\/#\\\/schema\\\/person\\\/e852c327371714676d02e58cf917fd9f\"},\"description\":\"Os Veteranos ter\u00e3o rodada reduzida na tarde deste domingo (6\\\/9). Apenas dois jogos ser\u00e3o realizados e ocorrem em Boqueir\u00e3o do Le\u00e3o e Lajeado.\",\"breadcrumb\":{\"@id\":\"https:\\\/\\\/folhapopular.info\\\/index.php\\\/2026\\\/09\\\/04\\\/rodada-com-menos-jogos-trara-novo-lider-nos-veteranos-do-regional\\\/#breadcrumb\"},\"inLanguage\":\"pt-BR\",\"potentialAction\":[{\"@type\":\"ReadAction\",\"target\":[\"https:\\\/\\\/folhapopular.info\\\/index.php\\\/2026\\\/09\\\/04\\\/rodada-com-menos-jogos-trara-novo-lider-nos-veteranos-do-regional\\\/\"]}]},{\"@type\":\"ImageObject\",\"inLanguage\":\"pt-BR\",\"@id\":\"https:\\\/\\\/folhapopular.info\\\/index.php\\\/2026\\\/09\\\/04\\\/rodada-com-menos-jogos-trara-novo-lider-nos-veteranos-do-regional\\\/#primaryimage\",\"url\":\"https:\\\/\\\/folhapopular.info\\\/wp-content\\\/uploads\\\/2026\\\/09\\\/Assespe-visita-o-5-de-Junho-em-Boqueirao-do-Leao.webp\",\"contentUrl\":\"https:\\\/\\\/folhapopular.info\\\/wp-content\\\/uploads\\\/2026\\\/09\\\/Assespe-visita-o-5-de-Junho-em-Boqueirao-do-Leao.webp\",\"width\":2351,\"height\":1328,\"caption\":\"Assespe visita o 5 de Junho, em Boqueir\u00e3o do Le\u00e3o - Cr\u00e9dito: Divulga\u00e7\u00e3o\"},{\"@type\":\"BreadcrumbList\",\"@id\":\"https:\\\/\\\/folhapopular.info\\\/index.php\\\/2026\\\/09\\\/04\\\/rodada-com-menos-jogos-trara-novo-lider-nos-veteranos-do-regional\\\/#breadcrumb\",\"itemListElement\":[{\"@type\":\"ListItem\",\"position\":1,\"name\":\"In\u00edcio\",\"item\":\"https:\\\/\\\/folhapopular.info\\\/\"},{\"@type\":\"ListItem\",\"position\":2,\"name\":\"Rodada com menos jogos trar\u00e1 novo l\u00edder nos Veteranos do Regional\"}]},{\"@type\":\"WebSite\",\"@id\":\"https:\\\/\\\/folhapopular.info\\\/#website\",\"url\":\"https:\\\/\\\/folhapopular.info\\\/\",\"name\":\"Folha Popular\",\"description\":\"Onde voc\u00ea tem vez e voz\",\"potentialAction\":[{\"@type\":\"SearchAction\",\"target\":{\"@type\":\"EntryPoint\",\"urlTemplate\":\"https:\\\/\\\/folhapopular.info\\\/?s={search_term_string}\"},\"query-input\":{\"@type\":\"PropertyValueSpecification\",\"valueRequired\":true,\"valueName\":\"search_term_string\"}}],\"inLanguage\":\"pt-BR\"},{\"@type\":\"Person\",\"@id\":\"https:\\\/\\\/folhapopular.info\\\/#\\\/schema\\\/person\\\/e852c327371714676d02e58cf917fd9f\",\"name\":\"Luis Augusto Huppes\",\"image\":{\"@type\":\"ImageObject\",\"inLanguage\":\"pt-BR\",\"@id\":\"https:\\\/\\\/folhapopular.info\\\/wp-content\\\/uploads\\\/2026\\\/04\\\/Luis-Augusto-Huppes-1-1.webp\",\"url\":\"https:\\\/\\\/folhapopular.info\\\/wp-content\\\/uploads\\\/2026\\\/04\\\/Luis-Augusto-Huppes-1-1.webp\",\"contentUrl\":\"https:\\\/\\\/folhapopular.info\\\/wp-content\\\/uploads\\\/2026\\\/04\\\/Luis-Augusto-Huppes-1-1.webp\",\"caption\":\"Luis Augusto Huppes\"},\"sameAs\":[\"https:\\\/\\\/www.facebook.com\\\/luis.huppes\\\/\",\"https:\\\/\\\/www.instagram.com\\\/luis.huppes\\\/\",\"https:\\\/\\\/www.linkedin.com\\\/in\\\/luis-augusto-huppes-2554b52b7\\\/\"],\"url\":\"https:\\\/\\\/folhapopular.info\\\/index.php\\\/author\\\/luis-augusto-huppes\\\/\"}]}<\/script>\n<!-- \/ Yoast SEO plugin. -->","yoast_head_json":{"title":"Rodada com menos jogos trar\u00e1 novo l\u00edder nos Veteranos do Regional - Folha Popular","description":"Os Veteranos ter\u00e3o rodada reduzida na tarde deste domingo (6\/9). Apenas dois jogos ser\u00e3o realizados e ocorrem em Boqueir\u00e3o do Le\u00e3o e Lajeado.","robots":{"index":"index","follow":"follow","max-snippet":"max-snippet:-1","max-image-preview":"max-image-preview:large","max-video-preview":"max-video-preview:-1"},"canonical":"https:\/\/folhapopular.info\/index.php\/2026\/09\/04\/rodada-com-menos-jogos-trara-novo-lider-nos-veteranos-do-regional\/","og_locale":"pt_BR","og_type":"article","og_title":"Rodada com menos jogos trar\u00e1 novo l\u00edder nos Veteranos do Regional - Folha Popular","og_description":"Os Veteranos ter\u00e3o rodada reduzida na tarde deste domingo (6\/9). Apenas dois jogos ser\u00e3o realizados e ocorrem em Boqueir\u00e3o do Le\u00e3o e Lajeado.","og_url":"https:\/\/folhapopular.info\/index.php\/2026\/09\/04\/rodada-com-menos-jogos-trara-novo-lider-nos-veteranos-do-regional\/","og_site_name":"Folha Popular","article_author":"https:\/\/www.facebook.com\/luis.huppes\/","article_published_time":"2026-09-04T17:25:16+00:00","article_modified_time":"2026-09-04T17:25:18+00:00","og_image":[{"width":2351,"height":1328,"url":"https:\/\/folhapopular.info\/wp-content\/uploads\/2026\/09\/Assespe-visita-o-5-de-Junho-em-Boqueirao-do-Leao.webp","type":"image\/webp"}],"author":"Luis Augusto Huppes","twitter_card":"summary_large_image","twitter_misc":{"Escrito por":"Luis Augusto Huppes","Est. tempo de leitura":"3 minutos"},"schema":{"@context":"https:\/\/schema.org","@graph":[{"@type":"Article","@id":"https:\/\/folhapopular.info\/index.php\/2026\/09\/04\/rodada-com-menos-jogos-trara-novo-lider-nos-veteranos-do-regional\/#article","isPartOf":{"@id":"https:\/\/folhapopular.info\/index.php\/2026\/09\/04\/rodada-com-menos-jogos-trara-novo-lider-nos-veteranos-do-regional\/"},"author":{"name":"Luis Augusto Huppes","@id":"https:\/\/folhapopular.info\/#\/schema\/person\/e852c327371714676d02e58cf917fd9f"},"headline":"Rodada com menos jogos trar\u00e1 novo l\u00edder nos Veteranos do Regional","datePublished":"2026-09-04T17:25:16+00:00","dateModified":"2026-09-04T17:25:18+00:00","mainEntityOfPage":{"@id":"https:\/\/folhapopular.info\/index.php\/2026\/09\/04\/rodada-com-menos-jogos-trara-novo-lider-nos-veteranos-do-regional\/"},"wordCount":252,"commentCount":0,"image":{"@id":"https:\/\/folhapopular.info\/index.php\/2026\/09\/04\/rodada-com-menos-jogos-trara-novo-lider-nos-veteranos-do-regional\/#primaryimage"},"thumbnailUrl":"https:\/\/folhapopular.info\/wp-content\/uploads\/2026\/09\/Assespe-visita-o-5-de-Junho-em-Boqueirao-do-Leao.webp","keywords":["Aslivata","futebol amador","Regional","Veteranos"],"articleSection":["Esportes","Futebol Amador","Regional 2026","Regional da Aslivata"],"inLanguage":"pt-BR","potentialAction":[{"@type":"CommentAction","name":"Comment","target":["https:\/\/folhapopular.info\/index.php\/2026\/09\/04\/rodada-com-menos-jogos-trara-novo-lider-nos-veteranos-do-regional\/#respond"]}]},{"@type":"WebPage","@id":"https:\/\/folhapopular.info\/index.php\/2026\/09\/04\/rodada-com-menos-jogos-trara-novo-lider-nos-veteranos-do-regional\/","url":"https:\/\/folhapopular.info\/index.php\/2026\/09\/04\/rodada-com-menos-jogos-trara-novo-lider-nos-veteranos-do-regional\/","name":"Rodada com menos jogos trar\u00e1 novo l\u00edder nos Veteranos do Regional - Folha Popular","isPartOf":{"@id":"https:\/\/folhapopular.info\/#website"},"primaryImageOfPage":{"@id":"https:\/\/folhapopular.info\/index.php\/2026\/09\/04\/rodada-com-menos-jogos-trara-novo-lider-nos-veteranos-do-regional\/#primaryimage"},"image":{"@id":"https:\/\/folhapopular.info\/index.php\/2026\/09\/04\/rodada-com-menos-jogos-trara-novo-lider-nos-veteranos-do-regional\/#primaryimage"},"thumbnailUrl":"https:\/\/folhapopular.info\/wp-content\/uploads\/2026\/09\/Assespe-visita-o-5-de-Junho-em-Boqueirao-do-Leao.webp","datePublished":"2026-09-04T17:25:16+00:00","dateModified":"2026-09-04T17:25:18+00:00","author":{"@id":"https:\/\/folhapopular.info\/#\/schema\/person\/e852c327371714676d02e58cf917fd9f"},"description":"Os Veteranos ter\u00e3o rodada reduzida na tarde deste domingo (6\/9). Apenas dois jogos ser\u00e3o realizados e ocorrem em Boqueir\u00e3o do Le\u00e3o e Lajeado.","breadcrumb":{"@id":"https:\/\/folhapopular.info\/index.php\/2026\/09\/04\/rodada-com-menos-jogos-trara-novo-lider-nos-veteranos-do-regional\/#breadcrumb"},"inLanguage":"pt-BR","potentialAction":[{"@type":"ReadAction","target":["https:\/\/folhapopular.info\/index.php\/2026\/09\/04\/rodada-com-menos-jogos-trara-novo-lider-nos-veteranos-do-regional\/"]}]},{"@type":"ImageObject","inLanguage":"pt-BR","@id":"https:\/\/folhapopular.info\/index.php\/2026\/09\/04\/rodada-com-menos-jogos-trara-novo-lider-nos-veteranos-do-regional\/#primaryimage","url":"https:\/\/folhapopular.info\/wp-content\/uploads\/2026\/09\/Assespe-visita-o-5-de-Junho-em-Boqueirao-do-Leao.webp","contentUrl":"https:\/\/folhapopular.info\/wp-content\/uploads\/2026\/09\/Assespe-visita-o-5-de-Junho-em-Boqueirao-do-Leao.webp","width":2351,"height":1328,"caption":"Assespe visita o 5 de Junho, em Boqueir\u00e3o do Le\u00e3o - Cr\u00e9dito: Divulga\u00e7\u00e3o"},{"@type":"BreadcrumbList","@id":"https:\/\/folhapopular.info\/index.php\/2026\/09\/04\/rodada-com-menos-jogos-trara-novo-lider-nos-veteranos-do-regional\/#breadcrumb","itemListElement":[{"@type":"ListItem","position":1,"name":"In\u00edcio","item":"https:\/\/folhapopular.info\/"},{"@type":"ListItem","position":2,"name":"Rodada com menos jogos trar\u00e1 novo l\u00edder nos Veteranos do Regional"}]},{"@type":"WebSite","@id":"https:\/\/folhapopular.info\/#website","url":"https:\/\/folhapopular.info\/","name":"Folha Popular","description":"Onde voc\u00ea tem vez e voz","potentialAction":[{"@type":"SearchAction","target":{"@type":"EntryPoint","urlTemplate":"https:\/\/folhapopular.info\/?s={search_term_string}"},"query-input":{"@type":"PropertyValueSpecification","valueRequired":true,"valueName":"search_term_string"}}],"inLanguage":"pt-BR"},{"@type":"Person","@id":"https:\/\/folhapopular.info\/#\/schema\/person\/e852c327371714676d02e58cf917fd9f","name":"Luis Augusto Huppes","image":{"@type":"ImageObject","inLanguage":"pt-BR","@id":"https:\/\/folhapopular.info\/wp-content\/uploads\/2026\/04\/Luis-Augusto-Huppes-1-1.webp","url":"https:\/\/folhapopular.info\/wp-content\/uploads\/2026\/04\/Luis-Augusto-Huppes-1-1.webp","contentUrl":"https:\/\/folhapopular.info\/wp-content\/uploads\/2026\/04\/Luis-Augusto-Huppes-1-1.webp","caption":"Luis Augusto Huppes"},"sameAs":["https:\/\/www.facebook.com\/luis.huppes\/","https:\/\/www.instagram.com\/luis.huppes\/","https:\/\/www.linkedin.com\/in\/luis-augusto-huppes-2554b52b7\/"],"url":"https:\/\/folhapopular.info\/index.php\/author\/luis-augusto-huppes\/"}]}},"jetpack_sharing_enabled":true,"amp_enabled":true,"jetpack_featured_media_url":"https:\/\/folhapopular.info\/wp-content\/uploads\/2026\/09\/Assespe-visita-o-5-de-Junho-em-Boqueirao-do-Leao.webp","_links":{"self":[{"href":"https:\/\/folhapopular.info\/index.php\/wp-json\/wp\/v2\/posts\/220387","targetHints":{"allow":["GET"]}}],"collection":[{"href":"https:\/\/folhapopular.info\/index.php\/wp-json\/wp\/v2\/posts"}],"about":[{"href":"https:\/\/folhapopular.info\/index.php\/wp-json\/wp\/v2\/types\/post"}],"author":[{"embeddable":true,"href":"https:\/\/folhapopular.info\/index.php\/wp-json\/wp\/v2\/users\/732"}],"replies":[{"embeddable":true,"href":"https:\/\/folhapopular.info\/index.php\/wp-json\/wp\/v2\/comments?post=220387"}],"version-history":[{"count":1,"href":"https:\/\/folhapopular.info\/index.php\/wp-json\/wp\/v2\/posts\/220387\/revisions"}],"predecessor-version":[{"id":220389,"href":"https:\/\/folhapopular.info\/index.php\/wp-json\/wp\/v2\/posts\/220387\/revisions\/220389"}],"wp:featuredmedia":[{"embeddable":true,"href":"https:\/\/folhapopular.info\/index.php\/wp-json\/wp\/v2\/media\/220388"}],"wp:attachment":[{"href":"https:\/\/folhapopular.info\/index.php\/wp-json\/wp\/v2\/media?parent=220387"}],"wp:term":[{"taxonomy":"category","embeddable":true,"href":"https:\/\/folhapopular.info\/index.php\/wp-json\/wp\/v2\/categories?post=220387"},{"taxonomy":"post_tag","embeddable":true,"href":"https:\/\/folhapopular.info\/index.php\/wp-json\/wp\/v2\/tags?post=220387"}],"curies":[{"name":"wp","href":"https:\/\/api.w.org\/{rel}","templated":true}]}}