{"id":220390,"date":"2026-09-04T14:45:12","date_gmt":"2026-09-04T17:45:12","guid":{"rendered":"https:\/\/folhapopular.info\/?p=220390"},"modified":"2026-09-04T14:57:16","modified_gmt":"2026-09-04T17:57:16","slug":"vertice-83-prepara-treino-aberto-de-jiu-jitsu-para-mulheres-em-estrela","status":"publish","type":"post","link":"https:\/\/folhapopular.info\/index.php\/2026\/09\/04\/vertice-83-prepara-treino-aberto-de-jiu-jitsu-para-mulheres-em-estrela\/","title":{"rendered":"V\u00e9rtice-83 prepara treino aberto de Jiu-jitsu para mulheres em Estrela"},"content":{"rendered":"\n<p class=\"wp-block-paragraph\">A Academia V\u00e9rtice-83, de Estrela, prepara um encontro especial para fortalecer a presen\u00e7a das mulheres no <em>J<\/em><em>iu-jitsu<\/em> no interior do Rio Grande do Sul. No dia 19 de setembro, \u00e0s 14h, a academia realizar\u00e1 um treino exclusivo para praticantes do <em>J<\/em><em>iu-jitsu<\/em> feminino.<\/p>\n\n\n\n<p class=\"wp-block-paragraph\">A iniciativa \u00e9 coordenada por Paloma Schilling, faixa-preta e professora da V\u00e9rtice, que tem trabalhado para ampliar a participa\u00e7\u00e3o das mulheres na modalidade.<\/p>\n\n\n\n<p class=\"wp-block-paragraph\">Segundo ela, a ideia surgiu tamb\u00e9m da percep\u00e7\u00e3o de que, enquanto a capital j\u00e1 possui uma articula\u00e7\u00e3o maior entre as mulheres do <em>Jiu-jitsu<\/em>, o interior ainda carece de iniciativas semelhantes. \u201cTentamos levantar essa pauta e trazer um pouco mais dessa modalidade para as nossas cidades\u201d, destaca Paloma.<\/p>\n\n\n\n<p class=\"wp-block-paragraph\">A organiza\u00e7\u00e3o come\u00e7ou a divulga\u00e7\u00e3o com convites enviados a academias e praticantes conhecidas na regi\u00e3o. A expectativa \u00e9 colocar um grande n\u00famero de mulheres no tatame e aproximar atletas que normalmente treinam separadas em suas pr\u00f3prias academias.<\/p>\n\n\n\n<p class=\"wp-block-paragraph\">Para ampliar a troca, Paloma tamb\u00e9m articulou a participa\u00e7\u00e3o de praticantes de Porto Alegre, inclusive com faixas-pretas. A inten\u00e7\u00e3o \u00e9 levar ao interior experi\u00eancias diferentes e possibilitar que as atletas compartilhem t\u00e9cnicas e conhecimentos.<\/p>\n\n\n\n<p class=\"wp-block-paragraph\">\u201cA ideia \u00e9 conseguir com que as meninas fa\u00e7am esse movimento, de se unir no tatame e buscar esse momento juntas\u201d, explica.<\/p>\n\n\n\n<p class=\"wp-block-paragraph\">Apesar de tamb\u00e9m desenvolver a\u00e7\u00f5es de defesa pessoal, o treino de setembro ter\u00e1 outra finalidade.<\/p>\n\n\n\n<p class=\"wp-block-paragraph\">O encontro \u00e9 destinado a quem j\u00e1 pratica <em>Ji<\/em><em>u-jitsu<\/em> e foi pensado como uma oportunidade de conviv\u00eancia entre mulheres que fazem parte da modalidade.<\/p>\n\n\n\n<p class=\"wp-block-paragraph\">Durante a atividade, a ideia \u00e9 que as participantes possam ensinar e aprender umas com as outras, com diferentes experi\u00eancias dentro do esporte. \u201c\u00c0s vezes, tem algu\u00e9m que \u00e9 muito bom em fazer uma posi\u00e7\u00e3o, e pode passar o conhecimento adiante naquele momento\u201d, resume.<\/p>\n\n\n\n<p class=\"wp-block-paragraph\">As portas da V\u00e9rtice-83 tamb\u00e9m estar\u00e3o abertas para quem quiser acompanhar a atividade, mesmo sem praticar. Para a professora, o evento pode ser o primeiro passo para a realiza\u00e7\u00e3o de novos encontros femininos na regi\u00e3o.<\/p>\n\n\n\n<h2 class=\"wp-block-heading\"><strong>Assista \u00e0 entrevista<\/strong><\/h2>\n\n\n\n<figure class=\"wp-block-embed is-type-video is-provider-youtube wp-block-embed-youtube wp-embed-aspect-16-9 wp-has-aspect-ratio\"><div class=\"wp-block-embed__wrapper\">\n<iframe loading=\"lazy\" title=\"BOLA NA TRAVE | V\u00e9rtice-83 realiza treino aberto para mulheres em Estrela\" width=\"696\" height=\"392\" src=\"https:\/\/www.youtube.com\/embed\/q56Tp32EBwE?feature=oembed\" frameborder=\"0\" allow=\"accelerometer; autoplay; clipboard-write; encrypted-media; gyroscope; picture-in-picture; web-share\" referrerpolicy=\"strict-origin-when-cross-origin\" allowfullscreen><\/iframe>\n<\/div><\/figure>\n","protected":false},"excerpt":{"rendered":"<p>A Academia V\u00e9rtice-83, de Estrela, prepara um encontro especial para fortalecer a presen\u00e7a das mulheres no Jiu-jitsu no interior do Rio Grande do Sul. No dia 19 de setembro, \u00e0s 14h, a academia realizar\u00e1 um treino exclusivo para praticantes do Jiu-jitsu feminino. A iniciativa \u00e9 coordenada por Paloma Schilling, faixa-preta e professora da V\u00e9rtice, que [&hellip;]<\/p>\n","protected":false},"author":732,"featured_media":220391,"comment_status":"open","ping_status":"open","sticky":false,"template":"","format":"standard","meta":{"pmpro_default_level":"","_jetpack_memberships_contains_paid_content":false,"footnotes":""},"categories":[18195,5],"tags":[5512,8,831,21534],"class_list":["post-220390","post","type-post","status-publish","format-standard","has-post-thumbnail","category-artes-marciais","category-esportes","tag-academia","tag-estrela","tag-jiu-jitsu","tag-vertice-83-2","pmpro-has-access"],"yoast_head":"<!-- This site is optimized with the Yoast SEO plugin v28.4 - https:\/\/yoast.com\/product\/yoast-seo-wordpress\/ -->\n<title>V\u00e9rtice-83 prepara treino aberto de Jiu-jitsu para mulheres em Estrela - Folha Popular<\/title>\n<meta name=\"description\" content=\"A Academia V\u00e9rtice-83, de Estrela, prepara um encontro especial para fortalecer a presen\u00e7a das mulheres no Jiu-jitsu no interior do Rio Grande do Sul. No dia 19 de setembro, \u00e0s 14h, a academia realizar\u00e1 um treino exclusivo para praticantes do Jiu-jitsu feminino.\" \/>\n<meta name=\"robots\" content=\"index, follow, max-snippet:-1, max-image-preview:large, max-video-preview:-1\" \/>\n<link rel=\"canonical\" href=\"https:\/\/folhapopular.info\/index.php\/2026\/09\/04\/vertice-83-prepara-treino-aberto-de-jiu-jitsu-para-mulheres-em-estrela\/\" \/>\n<meta property=\"og:locale\" content=\"pt_BR\" \/>\n<meta property=\"og:type\" content=\"article\" \/>\n<meta property=\"og:title\" content=\"V\u00e9rtice-83 prepara treino aberto de Jiu-jitsu para mulheres em Estrela - Folha Popular\" \/>\n<meta property=\"og:description\" content=\"A Academia V\u00e9rtice-83, de Estrela, prepara um encontro especial para fortalecer a presen\u00e7a das mulheres no Jiu-jitsu no interior do Rio Grande do Sul. No dia 19 de setembro, \u00e0s 14h, a academia realizar\u00e1 um treino exclusivo para praticantes do Jiu-jitsu feminino.\" \/>\n<meta property=\"og:url\" content=\"https:\/\/folhapopular.info\/index.php\/2026\/09\/04\/vertice-83-prepara-treino-aberto-de-jiu-jitsu-para-mulheres-em-estrela\/\" \/>\n<meta property=\"og:site_name\" content=\"Folha Popular\" \/>\n<meta property=\"article:author\" content=\"https:\/\/www.facebook.com\/luis.huppes\/\" \/>\n<meta property=\"article:published_time\" content=\"2026-09-04T17:45:12+00:00\" \/>\n<meta property=\"article:modified_time\" content=\"2026-09-04T17:57:16+00:00\" \/>\n<meta property=\"og:image\" content=\"https:\/\/folhapopular.info\/wp-content\/uploads\/2026\/09\/VERTICE_Academia-tem-aulas-voltadas-as-mulheres_Divulgacao.webp\" \/>\n\t<meta property=\"og:image:width\" content=\"1600\" \/>\n\t<meta property=\"og:image:height\" content=\"900\" \/>\n\t<meta property=\"og:image:type\" content=\"image\/webp\" \/>\n<meta name=\"author\" content=\"Luis Augusto Huppes\" \/>\n<meta name=\"twitter:card\" content=\"summary_large_image\" \/>\n<meta name=\"twitter:label1\" content=\"Escrito por\" \/>\n\t<meta name=\"twitter:data1\" content=\"Luis Augusto Huppes\" \/>\n\t<meta name=\"twitter:label2\" content=\"Est. tempo de leitura\" \/>\n\t<meta name=\"twitter:data2\" content=\"3 minutos\" \/>\n<script type=\"application\/ld+json\" class=\"yoast-schema-graph\">{\"@context\":\"https:\\\/\\\/schema.org\",\"@graph\":[{\"@type\":\"Article\",\"@id\":\"https:\\\/\\\/folhapopular.info\\\/index.php\\\/2026\\\/09\\\/04\\\/vertice-83-prepara-treino-aberto-de-jiu-jitsu-para-mulheres-em-estrela\\\/#article\",\"isPartOf\":{\"@id\":\"https:\\\/\\\/folhapopular.info\\\/index.php\\\/2026\\\/09\\\/04\\\/vertice-83-prepara-treino-aberto-de-jiu-jitsu-para-mulheres-em-estrela\\\/\"},\"author\":{\"name\":\"Luis Augusto Huppes\",\"@id\":\"https:\\\/\\\/folhapopular.info\\\/#\\\/schema\\\/person\\\/e852c327371714676d02e58cf917fd9f\"},\"headline\":\"V\u00e9rtice-83 prepara treino aberto de Jiu-jitsu para mulheres em Estrela\",\"datePublished\":\"2026-09-04T17:45:12+00:00\",\"dateModified\":\"2026-09-04T17:57:16+00:00\",\"mainEntityOfPage\":{\"@id\":\"https:\\\/\\\/folhapopular.info\\\/index.php\\\/2026\\\/09\\\/04\\\/vertice-83-prepara-treino-aberto-de-jiu-jitsu-para-mulheres-em-estrela\\\/\"},\"wordCount\":367,\"commentCount\":0,\"image\":{\"@id\":\"https:\\\/\\\/folhapopular.info\\\/index.php\\\/2026\\\/09\\\/04\\\/vertice-83-prepara-treino-aberto-de-jiu-jitsu-para-mulheres-em-estrela\\\/#primaryimage\"},\"thumbnailUrl\":\"https:\\\/\\\/folhapopular.info\\\/wp-content\\\/uploads\\\/2026\\\/09\\\/VERTICE_Academia-tem-aulas-voltadas-as-mulheres_Divulgacao.webp\",\"keywords\":[\"Academia\",\"Estrela\",\"jiu-jitsu\",\"V\u00e9rtice-83\"],\"articleSection\":[\"Artes Marciais\",\"Esportes\"],\"inLanguage\":\"pt-BR\",\"potentialAction\":[{\"@type\":\"CommentAction\",\"name\":\"Comment\",\"target\":[\"https:\\\/\\\/folhapopular.info\\\/index.php\\\/2026\\\/09\\\/04\\\/vertice-83-prepara-treino-aberto-de-jiu-jitsu-para-mulheres-em-estrela\\\/#respond\"]}]},{\"@type\":\"WebPage\",\"@id\":\"https:\\\/\\\/folhapopular.info\\\/index.php\\\/2026\\\/09\\\/04\\\/vertice-83-prepara-treino-aberto-de-jiu-jitsu-para-mulheres-em-estrela\\\/\",\"url\":\"https:\\\/\\\/folhapopular.info\\\/index.php\\\/2026\\\/09\\\/04\\\/vertice-83-prepara-treino-aberto-de-jiu-jitsu-para-mulheres-em-estrela\\\/\",\"name\":\"V\u00e9rtice-83 prepara treino aberto de Jiu-jitsu para mulheres em Estrela - Folha Popular\",\"isPartOf\":{\"@id\":\"https:\\\/\\\/folhapopular.info\\\/#website\"},\"primaryImageOfPage\":{\"@id\":\"https:\\\/\\\/folhapopular.info\\\/index.php\\\/2026\\\/09\\\/04\\\/vertice-83-prepara-treino-aberto-de-jiu-jitsu-para-mulheres-em-estrela\\\/#primaryimage\"},\"image\":{\"@id\":\"https:\\\/\\\/folhapopular.info\\\/index.php\\\/2026\\\/09\\\/04\\\/vertice-83-prepara-treino-aberto-de-jiu-jitsu-para-mulheres-em-estrela\\\/#primaryimage\"},\"thumbnailUrl\":\"https:\\\/\\\/folhapopular.info\\\/wp-content\\\/uploads\\\/2026\\\/09\\\/VERTICE_Academia-tem-aulas-voltadas-as-mulheres_Divulgacao.webp\",\"datePublished\":\"2026-09-04T17:45:12+00:00\",\"dateModified\":\"2026-09-04T17:57:16+00:00\",\"author\":{\"@id\":\"https:\\\/\\\/folhapopular.info\\\/#\\\/schema\\\/person\\\/e852c327371714676d02e58cf917fd9f\"},\"description\":\"A Academia V\u00e9rtice-83, de Estrela, prepara um encontro especial para fortalecer a presen\u00e7a das mulheres no Jiu-jitsu no interior do Rio Grande do Sul. No dia 19 de setembro, \u00e0s 14h, a academia realizar\u00e1 um treino exclusivo para praticantes do Jiu-jitsu feminino.\",\"breadcrumb\":{\"@id\":\"https:\\\/\\\/folhapopular.info\\\/index.php\\\/2026\\\/09\\\/04\\\/vertice-83-prepara-treino-aberto-de-jiu-jitsu-para-mulheres-em-estrela\\\/#breadcrumb\"},\"inLanguage\":\"pt-BR\",\"potentialAction\":[{\"@type\":\"ReadAction\",\"target\":[\"https:\\\/\\\/folhapopular.info\\\/index.php\\\/2026\\\/09\\\/04\\\/vertice-83-prepara-treino-aberto-de-jiu-jitsu-para-mulheres-em-estrela\\\/\"]}]},{\"@type\":\"ImageObject\",\"inLanguage\":\"pt-BR\",\"@id\":\"https:\\\/\\\/folhapopular.info\\\/index.php\\\/2026\\\/09\\\/04\\\/vertice-83-prepara-treino-aberto-de-jiu-jitsu-para-mulheres-em-estrela\\\/#primaryimage\",\"url\":\"https:\\\/\\\/folhapopular.info\\\/wp-content\\\/uploads\\\/2026\\\/09\\\/VERTICE_Academia-tem-aulas-voltadas-as-mulheres_Divulgacao.webp\",\"contentUrl\":\"https:\\\/\\\/folhapopular.info\\\/wp-content\\\/uploads\\\/2026\\\/09\\\/VERTICE_Academia-tem-aulas-voltadas-as-mulheres_Divulgacao.webp\",\"width\":1600,\"height\":900,\"caption\":\"Academia tem aulas voltadas \u00e0s mulheres - Cr\u00e9dito: Divulga\u00e7\u00e3o\"},{\"@type\":\"BreadcrumbList\",\"@id\":\"https:\\\/\\\/folhapopular.info\\\/index.php\\\/2026\\\/09\\\/04\\\/vertice-83-prepara-treino-aberto-de-jiu-jitsu-para-mulheres-em-estrela\\\/#breadcrumb\",\"itemListElement\":[{\"@type\":\"ListItem\",\"position\":1,\"name\":\"In\u00edcio\",\"item\":\"https:\\\/\\\/folhapopular.info\\\/\"},{\"@type\":\"ListItem\",\"position\":2,\"name\":\"V\u00e9rtice-83 prepara treino aberto de Jiu-jitsu para mulheres em Estrela\"}]},{\"@type\":\"WebSite\",\"@id\":\"https:\\\/\\\/folhapopular.info\\\/#website\",\"url\":\"https:\\\/\\\/folhapopular.info\\\/\",\"name\":\"Folha Popular\",\"description\":\"Onde voc\u00ea tem vez e voz\",\"potentialAction\":[{\"@type\":\"SearchAction\",\"target\":{\"@type\":\"EntryPoint\",\"urlTemplate\":\"https:\\\/\\\/folhapopular.info\\\/?s={search_term_string}\"},\"query-input\":{\"@type\":\"PropertyValueSpecification\",\"valueRequired\":true,\"valueName\":\"search_term_string\"}}],\"inLanguage\":\"pt-BR\"},{\"@type\":\"Person\",\"@id\":\"https:\\\/\\\/folhapopular.info\\\/#\\\/schema\\\/person\\\/e852c327371714676d02e58cf917fd9f\",\"name\":\"Luis Augusto Huppes\",\"image\":{\"@type\":\"ImageObject\",\"inLanguage\":\"pt-BR\",\"@id\":\"https:\\\/\\\/folhapopular.info\\\/wp-content\\\/uploads\\\/2026\\\/04\\\/Luis-Augusto-Huppes-1-1.webp\",\"url\":\"https:\\\/\\\/folhapopular.info\\\/wp-content\\\/uploads\\\/2026\\\/04\\\/Luis-Augusto-Huppes-1-1.webp\",\"contentUrl\":\"https:\\\/\\\/folhapopular.info\\\/wp-content\\\/uploads\\\/2026\\\/04\\\/Luis-Augusto-Huppes-1-1.webp\",\"caption\":\"Luis Augusto Huppes\"},\"sameAs\":[\"https:\\\/\\\/www.facebook.com\\\/luis.huppes\\\/\",\"https:\\\/\\\/www.instagram.com\\\/luis.huppes\\\/\",\"https:\\\/\\\/www.linkedin.com\\\/in\\\/luis-augusto-huppes-2554b52b7\\\/\"],\"url\":\"https:\\\/\\\/folhapopular.info\\\/index.php\\\/author\\\/luis-augusto-huppes\\\/\"}]}<\/script>\n<!-- \/ Yoast SEO plugin. -->","yoast_head_json":{"title":"V\u00e9rtice-83 prepara treino aberto de Jiu-jitsu para mulheres em Estrela - Folha Popular","description":"A Academia V\u00e9rtice-83, de Estrela, prepara um encontro especial para fortalecer a presen\u00e7a das mulheres no Jiu-jitsu no interior do Rio Grande do Sul. No dia 19 de setembro, \u00e0s 14h, a academia realizar\u00e1 um treino exclusivo para praticantes do Jiu-jitsu feminino.","robots":{"index":"index","follow":"follow","max-snippet":"max-snippet:-1","max-image-preview":"max-image-preview:large","max-video-preview":"max-video-preview:-1"},"canonical":"https:\/\/folhapopular.info\/index.php\/2026\/09\/04\/vertice-83-prepara-treino-aberto-de-jiu-jitsu-para-mulheres-em-estrela\/","og_locale":"pt_BR","og_type":"article","og_title":"V\u00e9rtice-83 prepara treino aberto de Jiu-jitsu para mulheres em Estrela - Folha Popular","og_description":"A Academia V\u00e9rtice-83, de Estrela, prepara um encontro especial para fortalecer a presen\u00e7a das mulheres no Jiu-jitsu no interior do Rio Grande do Sul. No dia 19 de setembro, \u00e0s 14h, a academia realizar\u00e1 um treino exclusivo para praticantes do Jiu-jitsu feminino.","og_url":"https:\/\/folhapopular.info\/index.php\/2026\/09\/04\/vertice-83-prepara-treino-aberto-de-jiu-jitsu-para-mulheres-em-estrela\/","og_site_name":"Folha Popular","article_author":"https:\/\/www.facebook.com\/luis.huppes\/","article_published_time":"2026-09-04T17:45:12+00:00","article_modified_time":"2026-09-04T17:57:16+00:00","og_image":[{"width":1600,"height":900,"url":"https:\/\/folhapopular.info\/wp-content\/uploads\/2026\/09\/VERTICE_Academia-tem-aulas-voltadas-as-mulheres_Divulgacao.webp","type":"image\/webp"}],"author":"Luis Augusto Huppes","twitter_card":"summary_large_image","twitter_misc":{"Escrito por":"Luis Augusto Huppes","Est. tempo de leitura":"3 minutos"},"schema":{"@context":"https:\/\/schema.org","@graph":[{"@type":"Article","@id":"https:\/\/folhapopular.info\/index.php\/2026\/09\/04\/vertice-83-prepara-treino-aberto-de-jiu-jitsu-para-mulheres-em-estrela\/#article","isPartOf":{"@id":"https:\/\/folhapopular.info\/index.php\/2026\/09\/04\/vertice-83-prepara-treino-aberto-de-jiu-jitsu-para-mulheres-em-estrela\/"},"author":{"name":"Luis Augusto Huppes","@id":"https:\/\/folhapopular.info\/#\/schema\/person\/e852c327371714676d02e58cf917fd9f"},"headline":"V\u00e9rtice-83 prepara treino aberto de Jiu-jitsu para mulheres em Estrela","datePublished":"2026-09-04T17:45:12+00:00","dateModified":"2026-09-04T17:57:16+00:00","mainEntityOfPage":{"@id":"https:\/\/folhapopular.info\/index.php\/2026\/09\/04\/vertice-83-prepara-treino-aberto-de-jiu-jitsu-para-mulheres-em-estrela\/"},"wordCount":367,"commentCount":0,"image":{"@id":"https:\/\/folhapopular.info\/index.php\/2026\/09\/04\/vertice-83-prepara-treino-aberto-de-jiu-jitsu-para-mulheres-em-estrela\/#primaryimage"},"thumbnailUrl":"https:\/\/folhapopular.info\/wp-content\/uploads\/2026\/09\/VERTICE_Academia-tem-aulas-voltadas-as-mulheres_Divulgacao.webp","keywords":["Academia","Estrela","jiu-jitsu","V\u00e9rtice-83"],"articleSection":["Artes Marciais","Esportes"],"inLanguage":"pt-BR","potentialAction":[{"@type":"CommentAction","name":"Comment","target":["https:\/\/folhapopular.info\/index.php\/2026\/09\/04\/vertice-83-prepara-treino-aberto-de-jiu-jitsu-para-mulheres-em-estrela\/#respond"]}]},{"@type":"WebPage","@id":"https:\/\/folhapopular.info\/index.php\/2026\/09\/04\/vertice-83-prepara-treino-aberto-de-jiu-jitsu-para-mulheres-em-estrela\/","url":"https:\/\/folhapopular.info\/index.php\/2026\/09\/04\/vertice-83-prepara-treino-aberto-de-jiu-jitsu-para-mulheres-em-estrela\/","name":"V\u00e9rtice-83 prepara treino aberto de Jiu-jitsu para mulheres em Estrela - Folha Popular","isPartOf":{"@id":"https:\/\/folhapopular.info\/#website"},"primaryImageOfPage":{"@id":"https:\/\/folhapopular.info\/index.php\/2026\/09\/04\/vertice-83-prepara-treino-aberto-de-jiu-jitsu-para-mulheres-em-estrela\/#primaryimage"},"image":{"@id":"https:\/\/folhapopular.info\/index.php\/2026\/09\/04\/vertice-83-prepara-treino-aberto-de-jiu-jitsu-para-mulheres-em-estrela\/#primaryimage"},"thumbnailUrl":"https:\/\/folhapopular.info\/wp-content\/uploads\/2026\/09\/VERTICE_Academia-tem-aulas-voltadas-as-mulheres_Divulgacao.webp","datePublished":"2026-09-04T17:45:12+00:00","dateModified":"2026-09-04T17:57:16+00:00","author":{"@id":"https:\/\/folhapopular.info\/#\/schema\/person\/e852c327371714676d02e58cf917fd9f"},"description":"A Academia V\u00e9rtice-83, de Estrela, prepara um encontro especial para fortalecer a presen\u00e7a das mulheres no Jiu-jitsu no interior do Rio Grande do Sul. No dia 19 de setembro, \u00e0s 14h, a academia realizar\u00e1 um treino exclusivo para praticantes do Jiu-jitsu feminino.","breadcrumb":{"@id":"https:\/\/folhapopular.info\/index.php\/2026\/09\/04\/vertice-83-prepara-treino-aberto-de-jiu-jitsu-para-mulheres-em-estrela\/#breadcrumb"},"inLanguage":"pt-BR","potentialAction":[{"@type":"ReadAction","target":["https:\/\/folhapopular.info\/index.php\/2026\/09\/04\/vertice-83-prepara-treino-aberto-de-jiu-jitsu-para-mulheres-em-estrela\/"]}]},{"@type":"ImageObject","inLanguage":"pt-BR","@id":"https:\/\/folhapopular.info\/index.php\/2026\/09\/04\/vertice-83-prepara-treino-aberto-de-jiu-jitsu-para-mulheres-em-estrela\/#primaryimage","url":"https:\/\/folhapopular.info\/wp-content\/uploads\/2026\/09\/VERTICE_Academia-tem-aulas-voltadas-as-mulheres_Divulgacao.webp","contentUrl":"https:\/\/folhapopular.info\/wp-content\/uploads\/2026\/09\/VERTICE_Academia-tem-aulas-voltadas-as-mulheres_Divulgacao.webp","width":1600,"height":900,"caption":"Academia tem aulas voltadas \u00e0s mulheres - Cr\u00e9dito: Divulga\u00e7\u00e3o"},{"@type":"BreadcrumbList","@id":"https:\/\/folhapopular.info\/index.php\/2026\/09\/04\/vertice-83-prepara-treino-aberto-de-jiu-jitsu-para-mulheres-em-estrela\/#breadcrumb","itemListElement":[{"@type":"ListItem","position":1,"name":"In\u00edcio","item":"https:\/\/folhapopular.info\/"},{"@type":"ListItem","position":2,"name":"V\u00e9rtice-83 prepara treino aberto de Jiu-jitsu para mulheres em Estrela"}]},{"@type":"WebSite","@id":"https:\/\/folhapopular.info\/#website","url":"https:\/\/folhapopular.info\/","name":"Folha Popular","description":"Onde voc\u00ea tem vez e voz","potentialAction":[{"@type":"SearchAction","target":{"@type":"EntryPoint","urlTemplate":"https:\/\/folhapopular.info\/?s={search_term_string}"},"query-input":{"@type":"PropertyValueSpecification","valueRequired":true,"valueName":"search_term_string"}}],"inLanguage":"pt-BR"},{"@type":"Person","@id":"https:\/\/folhapopular.info\/#\/schema\/person\/e852c327371714676d02e58cf917fd9f","name":"Luis Augusto Huppes","image":{"@type":"ImageObject","inLanguage":"pt-BR","@id":"https:\/\/folhapopular.info\/wp-content\/uploads\/2026\/04\/Luis-Augusto-Huppes-1-1.webp","url":"https:\/\/folhapopular.info\/wp-content\/uploads\/2026\/04\/Luis-Augusto-Huppes-1-1.webp","contentUrl":"https:\/\/folhapopular.info\/wp-content\/uploads\/2026\/04\/Luis-Augusto-Huppes-1-1.webp","caption":"Luis Augusto Huppes"},"sameAs":["https:\/\/www.facebook.com\/luis.huppes\/","https:\/\/www.instagram.com\/luis.huppes\/","https:\/\/www.linkedin.com\/in\/luis-augusto-huppes-2554b52b7\/"],"url":"https:\/\/folhapopular.info\/index.php\/author\/luis-augusto-huppes\/"}]}},"jetpack_sharing_enabled":true,"amp_enabled":true,"jetpack_featured_media_url":"https:\/\/folhapopular.info\/wp-content\/uploads\/2026\/09\/VERTICE_Academia-tem-aulas-voltadas-as-mulheres_Divulgacao.webp","_links":{"self":[{"href":"https:\/\/folhapopular.info\/index.php\/wp-json\/wp\/v2\/posts\/220390","targetHints":{"allow":["GET"]}}],"collection":[{"href":"https:\/\/folhapopular.info\/index.php\/wp-json\/wp\/v2\/posts"}],"about":[{"href":"https:\/\/folhapopular.info\/index.php\/wp-json\/wp\/v2\/types\/post"}],"author":[{"embeddable":true,"href":"https:\/\/folhapopular.info\/index.php\/wp-json\/wp\/v2\/users\/732"}],"replies":[{"embeddable":true,"href":"https:\/\/folhapopular.info\/index.php\/wp-json\/wp\/v2\/comments?post=220390"}],"version-history":[{"count":2,"href":"https:\/\/folhapopular.info\/index.php\/wp-json\/wp\/v2\/posts\/220390\/revisions"}],"predecessor-version":[{"id":220396,"href":"https:\/\/folhapopular.info\/index.php\/wp-json\/wp\/v2\/posts\/220390\/revisions\/220396"}],"wp:featuredmedia":[{"embeddable":true,"href":"https:\/\/folhapopular.info\/index.php\/wp-json\/wp\/v2\/media\/220391"}],"wp:attachment":[{"href":"https:\/\/folhapopular.info\/index.php\/wp-json\/wp\/v2\/media?parent=220390"}],"wp:term":[{"taxonomy":"category","embeddable":true,"href":"https:\/\/folhapopular.info\/index.php\/wp-json\/wp\/v2\/categories?post=220390"},{"taxonomy":"post_tag","embeddable":true,"href":"https:\/\/folhapopular.info\/index.php\/wp-json\/wp\/v2\/tags?post=220390"}],"curies":[{"name":"wp","href":"https:\/\/api.w.org\/{rel}","templated":true}]}}