{"id":220409,"date":"2026-09-05T08:00:00","date_gmt":"2026-09-05T11:00:00","guid":{"rendered":"https:\/\/folhapopular.info\/?p=220409"},"modified":"2026-09-04T15:56:03","modified_gmt":"2026-09-04T18:56:03","slug":"vale-faz-da-expointer-vitrine-para-inovacao-negocios-e-superacao","status":"publish","type":"post","link":"https:\/\/folhapopular.info\/index.php\/2026\/09\/05\/vale-faz-da-expointer-vitrine-para-inovacao-negocios-e-superacao\/","title":{"rendered":"Vale faz da Expointer vitrine para inova\u00e7\u00e3o, neg\u00f3cios e supera\u00e7\u00e3o"},"content":{"rendered":"\n<p class=\"wp-block-paragraph\">A 49\u00aa Expointer chega ao \u00faltimo fim de semana com movimento intenso nos corredores do Parque Estadual de Exposi\u00e7\u00f5es Assis Brasil, em Esteio, e com o Vale do Taquari entre os territ\u00f3rios que ajudam a contar a hist\u00f3ria desta edi\u00e7\u00e3o. O destaque ficou para American Nutrients, de Teut\u00f4nia, vencedora do 14\u00ba Pr\u00eamio Vencedores do Agroneg\u00f3cio, da Federasul, na categoria Antes da Porteira, em parceria com a Lactalis do Brasil.<\/p>\n\n\n\n<p class=\"wp-block-paragraph\">A feira reuniu cerca de 2 mil expositores, 7,9 mil animais inscritos, m\u00e1quinas e implementos, agricultura familiar, tecnologia, servi\u00e7os e programa\u00e7\u00e3o cultural. A organiza\u00e7\u00e3o estima ainda a gera\u00e7\u00e3o de cerca de 30 mil empregos diretos, considerando os per\u00edodos de montagem, realiza\u00e7\u00e3o e desmontagem do evento.<\/p>\n\n\n\n<h2 class=\"wp-block-heading\"><strong>Teut\u00f4nia no centro do agro<\/strong><\/h2>\n\n\n\n<p class=\"wp-block-paragraph\">A American Nutrients recebeu um dos principais reconhecimentos desta edi\u00e7\u00e3o, vencendo a categoria Antes da Porteira, no 14\u00ba Pr\u00eamio Vencedores do Agroneg\u00f3cio, promovido pela Federasul. O reconhecimento foi entregue na quarta-feira (2\/9). O produto \u00e9 desenvolvido em parceria com a Lactalis do Brasil e envolve o Muucare Nature, aditivo alimentar natural e brasileiro utilizado na nutri\u00e7\u00e3o de vacas leiteiras.<\/p>\n\n\n\n<figure class=\"wp-block-image size-large\"><img loading=\"lazy\" decoding=\"async\" width=\"1024\" height=\"768\" src=\"https:\/\/folhapopular.info\/wp-content\/uploads\/2026\/09\/Premio-American-1024x768.webp\" alt=\"\" class=\"wp-image-220421\" srcset=\"https:\/\/folhapopular.info\/wp-content\/uploads\/2026\/09\/Premio-American-1024x768.webp 1024w, https:\/\/folhapopular.info\/wp-content\/uploads\/2026\/09\/Premio-American-300x225.webp 300w, https:\/\/folhapopular.info\/wp-content\/uploads\/2026\/09\/Premio-American-768x576.webp 768w, https:\/\/folhapopular.info\/wp-content\/uploads\/2026\/09\/Premio-American-1536x1152.webp 1536w, https:\/\/folhapopular.info\/wp-content\/uploads\/2026\/09\/Premio-American-560x420.webp 560w, https:\/\/folhapopular.info\/wp-content\/uploads\/2026\/09\/Premio-American-80x60.webp 80w, https:\/\/folhapopular.info\/wp-content\/uploads\/2026\/09\/Premio-American-696x522.webp 696w, https:\/\/folhapopular.info\/wp-content\/uploads\/2026\/09\/Premio-American-1068x801.webp 1068w, https:\/\/folhapopular.info\/wp-content\/uploads\/2026\/09\/Premio-American.webp 1600w\" sizes=\"auto, (max-width: 1024px) 100vw, 1024px\" \/><figcaption class=\"wp-element-caption\"><br>American Nutrients e Lactalis receberam o 14\u00ba Pr\u00eamio Vencedores do Agroneg\u00f3cio \/ Cr\u00e9dito: Anderson Lopes<\/figcaption><\/figure>\n\n\n\n<p class=\"wp-block-paragraph\">A tecnologia promove sa\u00fade ruminal, melhora a digestibilidade e o aproveitamento dos nutrientes e reduz em cerca de 30% a emiss\u00e3o de metano por litro de leite. Para Claus Kettermann, CEO da American Nutrients, a premia\u00e7\u00e3o representa mais do que um trof\u00e9u. \u00c9 uma chancela para uma tecnologia desenvolvida para responder a uma das principais demandas do agro contempor\u00e2neo. \u00c9 preciso produzir mais, com efici\u00eancia e menor impacto ambiental.<\/p>\n\n\n\n<p class=\"wp-block-paragraph\">\u201c\u00c9 um produto inovador para o agroneg\u00f3cio\u201d, avalia Kettermann. A parceria com a Lactalis \u00e9 considerada estrat\u00e9gica justamente porque conecta a ind\u00fastria de nutri\u00e7\u00e3o animal diretamente \u00e0 cadeia leiteira. O produto chega \u00e0s propriedades por meio de uma das maiores empresas do setor de l\u00e1cteos, permitindo que a tecnologia seja aplicada dentro dos sistemas produtivos.<\/p>\n\n\n\n<p class=\"wp-block-paragraph\">Patr\u00edcia Fontoura, representante da Lactalis, destaca que a rela\u00e7\u00e3o entre as empresas j\u00e1 \u00e9 anterior ao projeto premiado. Para ela, a conquista refor\u00e7a uma estrat\u00e9gia que combina sustentabilidade, efici\u00eancia produtiva e apoio aos produtores.<\/p>\n\n\n\n<p class=\"wp-block-paragraph\">\u201c\u00c9 um projeto especialmente inovador\u201d e alinhado \u00e0 proposta da Lactalis de ajudar o produtor a produzir de maneira mais eficiente, com rebanhos mais saud\u00e1veis\u201d, resume. As empresas, cooperativas, universidades e produtores precisam trabalhar conjuntamente para que os ganhos de produtividade e sustentabilidade sejam compartilhados. \u201cOs produtores s\u00e3o a base do nosso neg\u00f3cio\u201d, afirma Patr\u00edcia.<\/p>\n\n\n\n<h2 class=\"wp-block-heading\"><strong>Tecnologia para aumentar efici\u00eancia<\/strong><\/h2>\n\n\n\n<p class=\"wp-block-paragraph\">A busca por efici\u00eancia tamb\u00e9m aparece nas solu\u00e7\u00f5es apresentadas pela MilkParts, de Westf\u00e1lia. Conforme o comprador da empresa, Claudir Kliks, a Expointer serve para encontrar produtores interessados em novas tecnologias e estabelecer contatos que podem se transformar em neg\u00f3cios nos meses seguintes.<\/p>\n\n\n\n<figure class=\"wp-block-image size-large\"><img loading=\"lazy\" decoding=\"async\" width=\"1024\" height=\"768\" src=\"https:\/\/folhapopular.info\/wp-content\/uploads\/2026\/09\/Milk-Parts-1024x768.webp\" alt=\"\" class=\"wp-image-220420\" srcset=\"https:\/\/folhapopular.info\/wp-content\/uploads\/2026\/09\/Milk-Parts-1024x768.webp 1024w, https:\/\/folhapopular.info\/wp-content\/uploads\/2026\/09\/Milk-Parts-300x225.webp 300w, https:\/\/folhapopular.info\/wp-content\/uploads\/2026\/09\/Milk-Parts-768x576.webp 768w, https:\/\/folhapopular.info\/wp-content\/uploads\/2026\/09\/Milk-Parts-560x420.webp 560w, https:\/\/folhapopular.info\/wp-content\/uploads\/2026\/09\/Milk-Parts-80x60.webp 80w, https:\/\/folhapopular.info\/wp-content\/uploads\/2026\/09\/Milk-Parts-696x522.webp 696w, https:\/\/folhapopular.info\/wp-content\/uploads\/2026\/09\/Milk-Parts-1068x801.webp 1068w, https:\/\/folhapopular.info\/wp-content\/uploads\/2026\/09\/Milk-Parts.webp 1280w\" sizes=\"auto, (max-width: 1024px) 100vw, 1024px\" \/><figcaption class=\"wp-element-caption\"><br>Milk Parts e o colch\u00e3o de \u00e1gua importado do Canad\u00e1 \/ Cr\u00e9dito: Anderson Lopes<\/figcaption><\/figure>\n\n\n\n<p class=\"wp-block-paragraph\">Trabalha com equipamentos para diferentes tamanhos de propriedades leiteiras, desde sistemas de ordenha balde ao p\u00e9 at\u00e9 estruturas canalizadas para rebanhos maiores. Nesta edi\u00e7\u00e3o, a principal novidade \u00e9 um colch\u00e3o de \u00e1gua importado do Canad\u00e1, comercializado com exclusividade no Brasil pela empresa. A solu\u00e7\u00e3o \u00e9 voltada ao conforto dos animais e pode reduzir a necessidade de utiliza\u00e7\u00e3o de serragem nas camas.<\/p>\n\n\n\n<p class=\"wp-block-paragraph\">O equipamento possui garantia de 10 anos e permite que o produtor utilize apenas uma camada fina de serragem. Al\u00e9m da redu\u00e7\u00e3o do consumo de material e do trabalho necess\u00e1rio para manuten\u00e7\u00e3o, a proposta \u00e9 proporcionar maior conforto \u00e0s vacas.<\/p>\n\n\n\n<p class=\"wp-block-paragraph\">A Ordemax, empresa de Lajeado do setor de equipamentos para produ\u00e7\u00e3o leiteira, tamb\u00e9m marcou presen\u00e7a. O diretor Athos Borstel observa que, em cerca de duas d\u00e9cadas de participa\u00e7\u00e3o, a transforma\u00e7\u00e3o tecnol\u00f3gica da Expointer tamb\u00e9m representa a evolu\u00e7\u00e3o do pr\u00f3prio campo. \u201cCada ano se evolui de modo r\u00e1pido\u201d, resume.<\/p>\n\n\n\n<h2 class=\"wp-block-heading\"><strong>Tecnologia para novos desafios<\/strong><\/h2>\n\n\n\n<p class=\"wp-block-paragraph\">A Cerca El\u00e9trica Zebu, instalada entre Lajeado e Cruzeiro do Sul, utiliza a Expointer como ponto de contato com clientes e parceiros de diferentes regi\u00f5es. Neco Borges, representante da empresa, apresenta nesta edi\u00e7\u00e3o o Java 300, eletrificador desenvolvido para atuar na prote\u00e7\u00e3o de propriedades diante da presen\u00e7a de javalis.<\/p>\n\n\n\n<p class=\"wp-block-paragraph\">A proposta \u00e9 oferecer um equipamento de maior pot\u00eancia e velocidade de pulso, buscando dificultar a invas\u00e3o dos animais em propriedades rurais. A empresa participa da Expointer h\u00e1 pelo menos uma d\u00e9cada. Como a Zebu atua em diferentes pa\u00edses da Am\u00e9rica Latina, a feira tamb\u00e9m serve como ponto de abertura de mercados.<\/p>\n\n\n\n<figure class=\"wp-block-image size-large\"><img loading=\"lazy\" decoding=\"async\" width=\"1024\" height=\"768\" src=\"https:\/\/folhapopular.info\/wp-content\/uploads\/2026\/09\/Zebu-1024x768.webp\" alt=\"\" class=\"wp-image-220413\" srcset=\"https:\/\/folhapopular.info\/wp-content\/uploads\/2026\/09\/Zebu-1024x768.webp 1024w, https:\/\/folhapopular.info\/wp-content\/uploads\/2026\/09\/Zebu-300x225.webp 300w, https:\/\/folhapopular.info\/wp-content\/uploads\/2026\/09\/Zebu-768x576.webp 768w, https:\/\/folhapopular.info\/wp-content\/uploads\/2026\/09\/Zebu-560x420.webp 560w, https:\/\/folhapopular.info\/wp-content\/uploads\/2026\/09\/Zebu-80x60.webp 80w, https:\/\/folhapopular.info\/wp-content\/uploads\/2026\/09\/Zebu-696x522.webp 696w, https:\/\/folhapopular.info\/wp-content\/uploads\/2026\/09\/Zebu-1068x801.webp 1068w, https:\/\/folhapopular.info\/wp-content\/uploads\/2026\/09\/Zebu.webp 1280w\" sizes=\"auto, (max-width: 1024px) 100vw, 1024px\" \/><figcaption class=\"wp-element-caption\"><br>Jos\u00e9 Ant\u00f4nio Hickmann e Neco Borges da Zebu \/ Cr\u00e9dito: Anderson Lopes<\/figcaption><\/figure>\n\n\n\n<h2 class=\"wp-block-heading\"><strong>Diamond na Expointer<\/strong><\/h2>\n\n\n\n<p class=\"wp-block-paragraph\">Embora n\u00e3o perten\u00e7a diretamente \u00e0 cadeia tradicional de m\u00e1quinas, animais ou insumos agropecu\u00e1rios, a Diamond Construtora, de Lajeado v\u00ea na Expointer uma oportunidade para se conectar com um p\u00fablico que movimenta diferentes setores da economia.<\/p>\n\n\n\n<p class=\"wp-block-paragraph\">O diretor Gustavo Schmidt explica que a construtora utiliza o evento para posicionamento de marca e prospec\u00e7\u00e3o. No estande, apresenta maquetes de empreendimentos de Gramado e Lajeado e busca aproximar consumidores de outras regi\u00f5es do Estado dos projetos desenvolvidos pela empresa.<\/p>\n\n\n\n<p class=\"wp-block-paragraph\">A participa\u00e7\u00e3o j\u00e1 resultou em neg\u00f3cios, mas o principal resultado da feira est\u00e1 na constru\u00e7\u00e3o de relacionamentos que podem amadurecer posteriormente. A l\u00f3gica \u00e9 diferente da comercializa\u00e7\u00e3o de um produto de consumo imediato. O cliente precisa conhecer o empreendimento, avaliar o investimento e tomar uma decis\u00e3o com seguran\u00e7a.<\/p>\n\n\n\n<figure class=\"wp-block-image size-large is-resized\"><img loading=\"lazy\" decoding=\"async\" width=\"1024\" height=\"768\" src=\"https:\/\/folhapopular.info\/wp-content\/uploads\/2026\/09\/Diamond-1024x768.webp\" alt=\"\" class=\"wp-image-220412\" style=\"width:1017px;height:auto\" srcset=\"https:\/\/folhapopular.info\/wp-content\/uploads\/2026\/09\/Diamond-1024x768.webp 1024w, https:\/\/folhapopular.info\/wp-content\/uploads\/2026\/09\/Diamond-300x225.webp 300w, https:\/\/folhapopular.info\/wp-content\/uploads\/2026\/09\/Diamond-768x576.webp 768w, https:\/\/folhapopular.info\/wp-content\/uploads\/2026\/09\/Diamond-560x420.webp 560w, https:\/\/folhapopular.info\/wp-content\/uploads\/2026\/09\/Diamond-80x60.webp 80w, https:\/\/folhapopular.info\/wp-content\/uploads\/2026\/09\/Diamond-696x522.webp 696w, https:\/\/folhapopular.info\/wp-content\/uploads\/2026\/09\/Diamond-1068x801.webp 1068w, https:\/\/folhapopular.info\/wp-content\/uploads\/2026\/09\/Diamond.webp 1280w\" sizes=\"auto, (max-width: 1024px) 100vw, 1024px\" \/><figcaption class=\"wp-element-caption\"><br>Gustavo Schmitd, Diretor da Diamond \/ Cr\u00e9dito: Anderson Lopes<\/figcaption><\/figure>\n\n\n\n<h2 class=\"wp-block-heading\"><strong>A<\/strong><strong>gricultura familiar<\/strong><\/h2>\n\n\n\n<p class=\"wp-block-paragraph\">No Pavilh\u00e3o da Agricultura Familiar, s\u00e3o 509 expositores de 216 munic\u00edpios ga\u00fachos. Entre os expositores est\u00e1 o Viveiro GM, de Travesseiro. Para Giovani Bettio, o in\u00edcio da feira foi marcado pela influ\u00eancia da chuva, mas a melhora do tempo mudou o movimento. O empreendimento trabalha com flores, folhagens, mudas, ger\u00e2nios, ch\u00e1s e temperos. A Expointer \u00e9 uma estreia para o viveiro.<\/p>\n\n\n\n<p class=\"wp-block-paragraph\">A melhora do clima foi percebida pela Vin\u00edcola S\u00edtio Rosa do Vale, de Po\u00e7o das Antas. A representante da empresa, Carmen L\u00facia relata que o p\u00fablico aumentou com a chegada do sol e que os visitantes apresentam perfis variados. Alguns j\u00e1 chegam sabendo exatamente qual vinho desejam. Entre as novidades est\u00e1 o vinho branco Lorena, elaborado com uva branca e apresentado como um vinho seco de menor acidez.<\/p>\n\n\n\n<p class=\"wp-block-paragraph\">A mesma estrat\u00e9gia \u00e9 adotada pelo Mel Encantado, de Encantado. Ari Ant\u00f4nio de Conto participa pela quarta vez da Expointer e conhece o comportamento do p\u00fablico. O estande oferece mel, pr\u00f3polis, geleias e mel em favo. A degusta\u00e7\u00e3o \u00e9 parte importante da experi\u00eancia e ajuda a transformar o visitante em consumidor.<\/p>\n\n\n\n<h2 class=\"wp-block-heading\"><strong>Estrela aposta em visibilidade<\/strong><\/h2>\n\n\n\n<p class=\"wp-block-paragraph\">De Estrela, a Himmel Bier tamb\u00e9m utiliza a Expointer como vitrine. Esta \u00e9 a terceira participa\u00e7\u00e3o da cervejaria no evento. O objetivo \u00e9 alcan\u00e7ar um p\u00fablico maior e levar a marca para consumidores que talvez ainda n\u00e3o tenham contato com o produto no Vale do Taquari.<\/p>\n\n\n\n<p class=\"wp-block-paragraph\">A participa\u00e7\u00e3o, no entanto, n\u00e3o se limita ao faturamento no pr\u00f3prio estande. A feira j\u00e1 ajuda a abrir portas para novos mercados e atrair consumidores para conhecer a produ\u00e7\u00e3o na regi\u00e3o.<\/p>\n\n\n\n<figure class=\"wp-block-image size-large\"><img loading=\"lazy\" decoding=\"async\" width=\"1024\" height=\"768\" src=\"https:\/\/folhapopular.info\/wp-content\/uploads\/2026\/09\/Himmel-1024x768.webp\" alt=\"\" class=\"wp-image-220410\" srcset=\"https:\/\/folhapopular.info\/wp-content\/uploads\/2026\/09\/Himmel-1024x768.webp 1024w, https:\/\/folhapopular.info\/wp-content\/uploads\/2026\/09\/Himmel-300x225.webp 300w, https:\/\/folhapopular.info\/wp-content\/uploads\/2026\/09\/Himmel-768x576.webp 768w, https:\/\/folhapopular.info\/wp-content\/uploads\/2026\/09\/Himmel-1536x1152.webp 1536w, https:\/\/folhapopular.info\/wp-content\/uploads\/2026\/09\/Himmel-560x420.webp 560w, https:\/\/folhapopular.info\/wp-content\/uploads\/2026\/09\/Himmel-80x60.webp 80w, https:\/\/folhapopular.info\/wp-content\/uploads\/2026\/09\/Himmel-696x522.webp 696w, https:\/\/folhapopular.info\/wp-content\/uploads\/2026\/09\/Himmel-1068x801.webp 1068w, https:\/\/folhapopular.info\/wp-content\/uploads\/2026\/09\/Himmel.webp 1600w\" sizes=\"auto, (max-width: 1024px) 100vw, 1024px\" \/><figcaption class=\"wp-element-caption\"><br>Himmel Bier participa pela terceira vez da Expointer \/ Cr\u00e9dito: Anderson Lopes<\/figcaption><\/figure>\n\n\n\n<p class=\"wp-block-paragraph\">De Forquetinha, a Agroind\u00fastria Cativa tamb\u00e9m encontrou na Expointer uma oportunidade para unir identidade regional e criatividade. Lisete Stoll, destaca que a feira funciona como vitrine. A comercializa\u00e7\u00e3o \u00e9 importante, mas o produto apresentado ao p\u00fablico pode gerar neg\u00f3cios depois do encerramento do evento.<\/p>\n\n\n\n<p class=\"wp-block-paragraph\">Entre os itens que chamam aten\u00e7\u00e3o est\u00e1 o chamado \u201cp\u00e3o bandeira\u201d. A receita utiliza beterraba, cenoura e espinafre para produzir naturalmente as cores vermelha, amarela e verde. O resultado \u00e9 um p\u00e3o colorido que ganhou dos pr\u00f3prios visitantes o apelido relacionado \u00e0 bandeira do Rio Grande do Sul. A Cativa participa pela quarta vez da Expointer.<\/p>\n\n\n\n<figure class=\"wp-block-image size-large\"><img loading=\"lazy\" decoding=\"async\" width=\"1024\" height=\"768\" src=\"https:\/\/folhapopular.info\/wp-content\/uploads\/2026\/09\/Agroindustria-Cativa-1024x768.webp\" alt=\"\" class=\"wp-image-220411\" srcset=\"https:\/\/folhapopular.info\/wp-content\/uploads\/2026\/09\/Agroindustria-Cativa-1024x768.webp 1024w, https:\/\/folhapopular.info\/wp-content\/uploads\/2026\/09\/Agroindustria-Cativa-300x225.webp 300w, https:\/\/folhapopular.info\/wp-content\/uploads\/2026\/09\/Agroindustria-Cativa-768x576.webp 768w, https:\/\/folhapopular.info\/wp-content\/uploads\/2026\/09\/Agroindustria-Cativa-1536x1152.webp 1536w, https:\/\/folhapopular.info\/wp-content\/uploads\/2026\/09\/Agroindustria-Cativa-560x420.webp 560w, https:\/\/folhapopular.info\/wp-content\/uploads\/2026\/09\/Agroindustria-Cativa-80x60.webp 80w, https:\/\/folhapopular.info\/wp-content\/uploads\/2026\/09\/Agroindustria-Cativa-696x522.webp 696w, https:\/\/folhapopular.info\/wp-content\/uploads\/2026\/09\/Agroindustria-Cativa-1068x801.webp 1068w, https:\/\/folhapopular.info\/wp-content\/uploads\/2026\/09\/Agroindustria-Cativa.webp 1600w\" sizes=\"auto, (max-width: 1024px) 100vw, 1024px\" \/><figcaption class=\"wp-element-caption\"><br>Lisete Stoll, Agroind\u00fastria Cativa \/ Cr\u00e9dito: Anderson Lopes<\/figcaption><\/figure>\n","protected":false},"excerpt":{"rendered":"<p>A 49\u00aa Expointer chega ao \u00faltimo fim de semana com movimento intenso nos corredores do Parque Estadual de Exposi\u00e7\u00f5es Assis Brasil, em Esteio, e com o Vale do Taquari entre os territ\u00f3rios que ajudam a contar a hist\u00f3ria desta edi\u00e7\u00e3o. O destaque ficou para American Nutrients, de Teut\u00f4nia, vencedora do 14\u00ba Pr\u00eamio Vencedores do Agroneg\u00f3cio, [&hellip;]<\/p>\n","protected":false},"author":772,"featured_media":220422,"comment_status":"open","ping_status":"open","sticky":false,"template":"","format":"standard","meta":{"pmpro_default_level":"","_jetpack_memberships_contains_paid_content":false,"footnotes":""},"categories":[2,10991,12473],"tags":[21905,6002,326,156],"class_list":["post-220409","post","type-post","status-publish","format-standard","has-post-thumbnail","category-featured","category-economia","category-negocios","tag-49a-expointer","tag-expointer","tag-negocios","tag-vale-do-taquari","pmpro-has-access"],"yoast_head":"<!-- This site is optimized with the Yoast SEO plugin v28.4 - https:\/\/yoast.com\/product\/yoast-seo-wordpress\/ -->\n<title>Vale faz da Expointer vitrine para inova\u00e7\u00e3o, neg\u00f3cios e supera\u00e7\u00e3o - Folha Popular<\/title>\n<meta name=\"robots\" content=\"index, follow, max-snippet:-1, max-image-preview:large, max-video-preview:-1\" \/>\n<link rel=\"canonical\" href=\"https:\/\/folhapopular.info\/index.php\/2026\/09\/05\/vale-faz-da-expointer-vitrine-para-inovacao-negocios-e-superacao\/\" \/>\n<meta property=\"og:locale\" content=\"pt_BR\" \/>\n<meta property=\"og:type\" content=\"article\" \/>\n<meta property=\"og:title\" content=\"Vale faz da Expointer vitrine para inova\u00e7\u00e3o, neg\u00f3cios e supera\u00e7\u00e3o - Folha Popular\" \/>\n<meta property=\"og:description\" content=\"A 49\u00aa Expointer chega ao \u00faltimo fim de semana com movimento intenso nos corredores do Parque Estadual de Exposi\u00e7\u00f5es Assis Brasil, em Esteio, e com o Vale do Taquari entre os territ\u00f3rios que ajudam a contar a hist\u00f3ria desta edi\u00e7\u00e3o. O destaque ficou para American Nutrients, de Teut\u00f4nia, vencedora do 14\u00ba Pr\u00eamio Vencedores do Agroneg\u00f3cio, [&hellip;]\" \/>\n<meta property=\"og:url\" content=\"https:\/\/folhapopular.info\/index.php\/2026\/09\/05\/vale-faz-da-expointer-vitrine-para-inovacao-negocios-e-superacao\/\" \/>\n<meta property=\"og:site_name\" content=\"Folha Popular\" \/>\n<meta property=\"article:published_time\" content=\"2026-09-05T11:00:00+00:00\" \/>\n<meta property=\"og:image\" content=\"https:\/\/folhapopular.info\/wp-content\/uploads\/2026\/09\/Expointer-materia-scaled.webp\" \/>\n\t<meta property=\"og:image:width\" content=\"2560\" \/>\n\t<meta property=\"og:image:height\" content=\"1920\" \/>\n\t<meta property=\"og:image:type\" content=\"image\/webp\" \/>\n<meta name=\"author\" content=\"Anderson Lopes\" \/>\n<meta name=\"twitter:card\" content=\"summary_large_image\" \/>\n<meta name=\"twitter:label1\" content=\"Escrito por\" \/>\n\t<meta name=\"twitter:data1\" content=\"Anderson Lopes\" \/>\n\t<meta name=\"twitter:label2\" content=\"Est. tempo de leitura\" \/>\n\t<meta name=\"twitter:data2\" content=\"9 minutos\" \/>\n<script type=\"application\/ld+json\" class=\"yoast-schema-graph\">{\"@context\":\"https:\\\/\\\/schema.org\",\"@graph\":[{\"@type\":\"Article\",\"@id\":\"https:\\\/\\\/folhapopular.info\\\/index.php\\\/2026\\\/09\\\/05\\\/vale-faz-da-expointer-vitrine-para-inovacao-negocios-e-superacao\\\/#article\",\"isPartOf\":{\"@id\":\"https:\\\/\\\/folhapopular.info\\\/index.php\\\/2026\\\/09\\\/05\\\/vale-faz-da-expointer-vitrine-para-inovacao-negocios-e-superacao\\\/\"},\"author\":{\"name\":\"Anderson Lopes\",\"@id\":\"https:\\\/\\\/folhapopular.info\\\/#\\\/schema\\\/person\\\/50fd7636116370b67381921e65092a49\"},\"headline\":\"Vale faz da Expointer vitrine para inova\u00e7\u00e3o, neg\u00f3cios e supera\u00e7\u00e3o\",\"datePublished\":\"2026-09-05T11:00:00+00:00\",\"mainEntityOfPage\":{\"@id\":\"https:\\\/\\\/folhapopular.info\\\/index.php\\\/2026\\\/09\\\/05\\\/vale-faz-da-expointer-vitrine-para-inovacao-negocios-e-superacao\\\/\"},\"wordCount\":1361,\"commentCount\":0,\"image\":{\"@id\":\"https:\\\/\\\/folhapopular.info\\\/index.php\\\/2026\\\/09\\\/05\\\/vale-faz-da-expointer-vitrine-para-inovacao-negocios-e-superacao\\\/#primaryimage\"},\"thumbnailUrl\":\"https:\\\/\\\/folhapopular.info\\\/wp-content\\\/uploads\\\/2026\\\/09\\\/Expointer-materia-scaled.webp\",\"keywords\":[\"49\u00aa Expointer\",\"Expointer\",\"Neg\u00f3cios\",\"Vale do Taquari\"],\"articleSection\":[\"Destaques\",\"Economia\",\"Neg\u00f3cios\"],\"inLanguage\":\"pt-BR\",\"potentialAction\":[{\"@type\":\"CommentAction\",\"name\":\"Comment\",\"target\":[\"https:\\\/\\\/folhapopular.info\\\/index.php\\\/2026\\\/09\\\/05\\\/vale-faz-da-expointer-vitrine-para-inovacao-negocios-e-superacao\\\/#respond\"]}]},{\"@type\":\"WebPage\",\"@id\":\"https:\\\/\\\/folhapopular.info\\\/index.php\\\/2026\\\/09\\\/05\\\/vale-faz-da-expointer-vitrine-para-inovacao-negocios-e-superacao\\\/\",\"url\":\"https:\\\/\\\/folhapopular.info\\\/index.php\\\/2026\\\/09\\\/05\\\/vale-faz-da-expointer-vitrine-para-inovacao-negocios-e-superacao\\\/\",\"name\":\"Vale faz da Expointer vitrine para inova\u00e7\u00e3o, neg\u00f3cios e supera\u00e7\u00e3o - Folha Popular\",\"isPartOf\":{\"@id\":\"https:\\\/\\\/folhapopular.info\\\/#website\"},\"primaryImageOfPage\":{\"@id\":\"https:\\\/\\\/folhapopular.info\\\/index.php\\\/2026\\\/09\\\/05\\\/vale-faz-da-expointer-vitrine-para-inovacao-negocios-e-superacao\\\/#primaryimage\"},\"image\":{\"@id\":\"https:\\\/\\\/folhapopular.info\\\/index.php\\\/2026\\\/09\\\/05\\\/vale-faz-da-expointer-vitrine-para-inovacao-negocios-e-superacao\\\/#primaryimage\"},\"thumbnailUrl\":\"https:\\\/\\\/folhapopular.info\\\/wp-content\\\/uploads\\\/2026\\\/09\\\/Expointer-materia-scaled.webp\",\"datePublished\":\"2026-09-05T11:00:00+00:00\",\"author\":{\"@id\":\"https:\\\/\\\/folhapopular.info\\\/#\\\/schema\\\/person\\\/50fd7636116370b67381921e65092a49\"},\"breadcrumb\":{\"@id\":\"https:\\\/\\\/folhapopular.info\\\/index.php\\\/2026\\\/09\\\/05\\\/vale-faz-da-expointer-vitrine-para-inovacao-negocios-e-superacao\\\/#breadcrumb\"},\"inLanguage\":\"pt-BR\",\"potentialAction\":[{\"@type\":\"ReadAction\",\"target\":[\"https:\\\/\\\/folhapopular.info\\\/index.php\\\/2026\\\/09\\\/05\\\/vale-faz-da-expointer-vitrine-para-inovacao-negocios-e-superacao\\\/\"]}]},{\"@type\":\"ImageObject\",\"inLanguage\":\"pt-BR\",\"@id\":\"https:\\\/\\\/folhapopular.info\\\/index.php\\\/2026\\\/09\\\/05\\\/vale-faz-da-expointer-vitrine-para-inovacao-negocios-e-superacao\\\/#primaryimage\",\"url\":\"https:\\\/\\\/folhapopular.info\\\/wp-content\\\/uploads\\\/2026\\\/09\\\/Expointer-materia-scaled.webp\",\"contentUrl\":\"https:\\\/\\\/folhapopular.info\\\/wp-content\\\/uploads\\\/2026\\\/09\\\/Expointer-materia-scaled.webp\",\"width\":2560,\"height\":1920,\"caption\":\"\u00daltimo fim de semana da Expointer promete grande p\u00fablico que pode chegar a um milh\u00e3o de visitantes \\\/ Cr\u00e9dito: Anderson Lopes\"},{\"@type\":\"BreadcrumbList\",\"@id\":\"https:\\\/\\\/folhapopular.info\\\/index.php\\\/2026\\\/09\\\/05\\\/vale-faz-da-expointer-vitrine-para-inovacao-negocios-e-superacao\\\/#breadcrumb\",\"itemListElement\":[{\"@type\":\"ListItem\",\"position\":1,\"name\":\"In\u00edcio\",\"item\":\"https:\\\/\\\/folhapopular.info\\\/\"},{\"@type\":\"ListItem\",\"position\":2,\"name\":\"Vale faz da Expointer vitrine para inova\u00e7\u00e3o, neg\u00f3cios e supera\u00e7\u00e3o\"}]},{\"@type\":\"WebSite\",\"@id\":\"https:\\\/\\\/folhapopular.info\\\/#website\",\"url\":\"https:\\\/\\\/folhapopular.info\\\/\",\"name\":\"Folha Popular\",\"description\":\"Onde voc\u00ea tem vez e voz\",\"potentialAction\":[{\"@type\":\"SearchAction\",\"target\":{\"@type\":\"EntryPoint\",\"urlTemplate\":\"https:\\\/\\\/folhapopular.info\\\/?s={search_term_string}\"},\"query-input\":{\"@type\":\"PropertyValueSpecification\",\"valueRequired\":true,\"valueName\":\"search_term_string\"}}],\"inLanguage\":\"pt-BR\"},{\"@type\":\"Person\",\"@id\":\"https:\\\/\\\/folhapopular.info\\\/#\\\/schema\\\/person\\\/50fd7636116370b67381921e65092a49\",\"name\":\"Anderson Lopes\",\"image\":{\"@type\":\"ImageObject\",\"inLanguage\":\"pt-BR\",\"@id\":\"https:\\\/\\\/folhapopular.info\\\/wp-content\\\/uploads\\\/2026\\\/06\\\/WhatsApp-Image-2026-06-16-at-22.08.50.webp\",\"url\":\"https:\\\/\\\/folhapopular.info\\\/wp-content\\\/uploads\\\/2026\\\/06\\\/WhatsApp-Image-2026-06-16-at-22.08.50.webp\",\"contentUrl\":\"https:\\\/\\\/folhapopular.info\\\/wp-content\\\/uploads\\\/2026\\\/06\\\/WhatsApp-Image-2026-06-16-at-22.08.50.webp\",\"caption\":\"Anderson Lopes\"},\"url\":\"https:\\\/\\\/folhapopular.info\\\/index.php\\\/author\\\/anderson-lopes\\\/\"}]}<\/script>\n<!-- \/ Yoast SEO plugin. -->","yoast_head_json":{"title":"Vale faz da Expointer vitrine para inova\u00e7\u00e3o, neg\u00f3cios e supera\u00e7\u00e3o - Folha Popular","robots":{"index":"index","follow":"follow","max-snippet":"max-snippet:-1","max-image-preview":"max-image-preview:large","max-video-preview":"max-video-preview:-1"},"canonical":"https:\/\/folhapopular.info\/index.php\/2026\/09\/05\/vale-faz-da-expointer-vitrine-para-inovacao-negocios-e-superacao\/","og_locale":"pt_BR","og_type":"article","og_title":"Vale faz da Expointer vitrine para inova\u00e7\u00e3o, neg\u00f3cios e supera\u00e7\u00e3o - Folha Popular","og_description":"A 49\u00aa Expointer chega ao \u00faltimo fim de semana com movimento intenso nos corredores do Parque Estadual de Exposi\u00e7\u00f5es Assis Brasil, em Esteio, e com o Vale do Taquari entre os territ\u00f3rios que ajudam a contar a hist\u00f3ria desta edi\u00e7\u00e3o. O destaque ficou para American Nutrients, de Teut\u00f4nia, vencedora do 14\u00ba Pr\u00eamio Vencedores do Agroneg\u00f3cio, [&hellip;]","og_url":"https:\/\/folhapopular.info\/index.php\/2026\/09\/05\/vale-faz-da-expointer-vitrine-para-inovacao-negocios-e-superacao\/","og_site_name":"Folha Popular","article_published_time":"2026-09-05T11:00:00+00:00","og_image":[{"width":2560,"height":1920,"url":"https:\/\/folhapopular.info\/wp-content\/uploads\/2026\/09\/Expointer-materia-scaled.webp","type":"image\/webp"}],"author":"Anderson Lopes","twitter_card":"summary_large_image","twitter_misc":{"Escrito por":"Anderson Lopes","Est. tempo de leitura":"9 minutos"},"schema":{"@context":"https:\/\/schema.org","@graph":[{"@type":"Article","@id":"https:\/\/folhapopular.info\/index.php\/2026\/09\/05\/vale-faz-da-expointer-vitrine-para-inovacao-negocios-e-superacao\/#article","isPartOf":{"@id":"https:\/\/folhapopular.info\/index.php\/2026\/09\/05\/vale-faz-da-expointer-vitrine-para-inovacao-negocios-e-superacao\/"},"author":{"name":"Anderson Lopes","@id":"https:\/\/folhapopular.info\/#\/schema\/person\/50fd7636116370b67381921e65092a49"},"headline":"Vale faz da Expointer vitrine para inova\u00e7\u00e3o, neg\u00f3cios e supera\u00e7\u00e3o","datePublished":"2026-09-05T11:00:00+00:00","mainEntityOfPage":{"@id":"https:\/\/folhapopular.info\/index.php\/2026\/09\/05\/vale-faz-da-expointer-vitrine-para-inovacao-negocios-e-superacao\/"},"wordCount":1361,"commentCount":0,"image":{"@id":"https:\/\/folhapopular.info\/index.php\/2026\/09\/05\/vale-faz-da-expointer-vitrine-para-inovacao-negocios-e-superacao\/#primaryimage"},"thumbnailUrl":"https:\/\/folhapopular.info\/wp-content\/uploads\/2026\/09\/Expointer-materia-scaled.webp","keywords":["49\u00aa Expointer","Expointer","Neg\u00f3cios","Vale do Taquari"],"articleSection":["Destaques","Economia","Neg\u00f3cios"],"inLanguage":"pt-BR","potentialAction":[{"@type":"CommentAction","name":"Comment","target":["https:\/\/folhapopular.info\/index.php\/2026\/09\/05\/vale-faz-da-expointer-vitrine-para-inovacao-negocios-e-superacao\/#respond"]}]},{"@type":"WebPage","@id":"https:\/\/folhapopular.info\/index.php\/2026\/09\/05\/vale-faz-da-expointer-vitrine-para-inovacao-negocios-e-superacao\/","url":"https:\/\/folhapopular.info\/index.php\/2026\/09\/05\/vale-faz-da-expointer-vitrine-para-inovacao-negocios-e-superacao\/","name":"Vale faz da Expointer vitrine para inova\u00e7\u00e3o, neg\u00f3cios e supera\u00e7\u00e3o - Folha Popular","isPartOf":{"@id":"https:\/\/folhapopular.info\/#website"},"primaryImageOfPage":{"@id":"https:\/\/folhapopular.info\/index.php\/2026\/09\/05\/vale-faz-da-expointer-vitrine-para-inovacao-negocios-e-superacao\/#primaryimage"},"image":{"@id":"https:\/\/folhapopular.info\/index.php\/2026\/09\/05\/vale-faz-da-expointer-vitrine-para-inovacao-negocios-e-superacao\/#primaryimage"},"thumbnailUrl":"https:\/\/folhapopular.info\/wp-content\/uploads\/2026\/09\/Expointer-materia-scaled.webp","datePublished":"2026-09-05T11:00:00+00:00","author":{"@id":"https:\/\/folhapopular.info\/#\/schema\/person\/50fd7636116370b67381921e65092a49"},"breadcrumb":{"@id":"https:\/\/folhapopular.info\/index.php\/2026\/09\/05\/vale-faz-da-expointer-vitrine-para-inovacao-negocios-e-superacao\/#breadcrumb"},"inLanguage":"pt-BR","potentialAction":[{"@type":"ReadAction","target":["https:\/\/folhapopular.info\/index.php\/2026\/09\/05\/vale-faz-da-expointer-vitrine-para-inovacao-negocios-e-superacao\/"]}]},{"@type":"ImageObject","inLanguage":"pt-BR","@id":"https:\/\/folhapopular.info\/index.php\/2026\/09\/05\/vale-faz-da-expointer-vitrine-para-inovacao-negocios-e-superacao\/#primaryimage","url":"https:\/\/folhapopular.info\/wp-content\/uploads\/2026\/09\/Expointer-materia-scaled.webp","contentUrl":"https:\/\/folhapopular.info\/wp-content\/uploads\/2026\/09\/Expointer-materia-scaled.webp","width":2560,"height":1920,"caption":"\u00daltimo fim de semana da Expointer promete grande p\u00fablico que pode chegar a um milh\u00e3o de visitantes \/ Cr\u00e9dito: Anderson Lopes"},{"@type":"BreadcrumbList","@id":"https:\/\/folhapopular.info\/index.php\/2026\/09\/05\/vale-faz-da-expointer-vitrine-para-inovacao-negocios-e-superacao\/#breadcrumb","itemListElement":[{"@type":"ListItem","position":1,"name":"In\u00edcio","item":"https:\/\/folhapopular.info\/"},{"@type":"ListItem","position":2,"name":"Vale faz da Expointer vitrine para inova\u00e7\u00e3o, neg\u00f3cios e supera\u00e7\u00e3o"}]},{"@type":"WebSite","@id":"https:\/\/folhapopular.info\/#website","url":"https:\/\/folhapopular.info\/","name":"Folha Popular","description":"Onde voc\u00ea tem vez e voz","potentialAction":[{"@type":"SearchAction","target":{"@type":"EntryPoint","urlTemplate":"https:\/\/folhapopular.info\/?s={search_term_string}"},"query-input":{"@type":"PropertyValueSpecification","valueRequired":true,"valueName":"search_term_string"}}],"inLanguage":"pt-BR"},{"@type":"Person","@id":"https:\/\/folhapopular.info\/#\/schema\/person\/50fd7636116370b67381921e65092a49","name":"Anderson Lopes","image":{"@type":"ImageObject","inLanguage":"pt-BR","@id":"https:\/\/folhapopular.info\/wp-content\/uploads\/2026\/06\/WhatsApp-Image-2026-06-16-at-22.08.50.webp","url":"https:\/\/folhapopular.info\/wp-content\/uploads\/2026\/06\/WhatsApp-Image-2026-06-16-at-22.08.50.webp","contentUrl":"https:\/\/folhapopular.info\/wp-content\/uploads\/2026\/06\/WhatsApp-Image-2026-06-16-at-22.08.50.webp","caption":"Anderson Lopes"},"url":"https:\/\/folhapopular.info\/index.php\/author\/anderson-lopes\/"}]}},"jetpack_sharing_enabled":true,"amp_enabled":true,"jetpack_featured_media_url":"https:\/\/folhapopular.info\/wp-content\/uploads\/2026\/09\/Expointer-materia-scaled.webp","_links":{"self":[{"href":"https:\/\/folhapopular.info\/index.php\/wp-json\/wp\/v2\/posts\/220409","targetHints":{"allow":["GET"]}}],"collection":[{"href":"https:\/\/folhapopular.info\/index.php\/wp-json\/wp\/v2\/posts"}],"about":[{"href":"https:\/\/folhapopular.info\/index.php\/wp-json\/wp\/v2\/types\/post"}],"author":[{"embeddable":true,"href":"https:\/\/folhapopular.info\/index.php\/wp-json\/wp\/v2\/users\/772"}],"replies":[{"embeddable":true,"href":"https:\/\/folhapopular.info\/index.php\/wp-json\/wp\/v2\/comments?post=220409"}],"version-history":[{"count":2,"href":"https:\/\/folhapopular.info\/index.php\/wp-json\/wp\/v2\/posts\/220409\/revisions"}],"predecessor-version":[{"id":220423,"href":"https:\/\/folhapopular.info\/index.php\/wp-json\/wp\/v2\/posts\/220409\/revisions\/220423"}],"wp:featuredmedia":[{"embeddable":true,"href":"https:\/\/folhapopular.info\/index.php\/wp-json\/wp\/v2\/media\/220422"}],"wp:attachment":[{"href":"https:\/\/folhapopular.info\/index.php\/wp-json\/wp\/v2\/media?parent=220409"}],"wp:term":[{"taxonomy":"category","embeddable":true,"href":"https:\/\/folhapopular.info\/index.php\/wp-json\/wp\/v2\/categories?post=220409"},{"taxonomy":"post_tag","embeddable":true,"href":"https:\/\/folhapopular.info\/index.php\/wp-json\/wp\/v2\/tags?post=220409"}],"curies":[{"name":"wp","href":"https:\/\/api.w.org\/{rel}","templated":true}]}}