{"id":220427,"date":"2026-09-05T10:00:00","date_gmt":"2026-09-05T13:00:00","guid":{"rendered":"https:\/\/folhapopular.info\/?p=220427"},"modified":"2026-09-04T16:22:45","modified_gmt":"2026-09-04T19:22:45","slug":"julia-surpreende-publico-e-conquista-1o-lugar-no-festival-popular-da-cancao","status":"publish","type":"post","link":"https:\/\/folhapopular.info\/index.php\/2026\/09\/05\/julia-surpreende-publico-e-conquista-1o-lugar-no-festival-popular-da-cancao\/","title":{"rendered":"J\u00falia surpreende p\u00fablico e conquista 1\u00ba lugar no Festival Popular da Can\u00e7\u00e3o"},"content":{"rendered":"\n<p class=\"wp-block-paragraph\">A m\u00fasica faz parte da vida de J\u00falia Pinheiro Antunes desde a inf\u00e2ncia. Aos 15 anos, a jovem, que veio de Triunfo para participar do 6\u00ba Festival Popular da Can\u00e7\u00e3o, conquistou o 1\u00ba lugar na categoria Juvenil. A vit\u00f3ria ocorreu na final disputada na noite de sexta-feira (21\/8), no audit\u00f3rio do Col\u00e9gio Teut\u00f4nia, com a apresenta\u00e7\u00e3o de \u201cO Fantasma da \u00d3pera\u201d.<\/p>\n\n\n\n<p class=\"wp-block-paragraph\">Em seu primeiro ano participando do evento de canto, ela conta que n\u00e3o imaginava terminar a noite como campe\u00e3. A jovem destaca ainda que ficou impressionada com os demais participantes e com o talento apresentado durante a competi\u00e7\u00e3o. \u201cTodos os participantes tinham um brilho no olhar e um talento que me fez ficar impressionada. Jamais passou pela minha cabe\u00e7a que eu acabaria em primeiro\u201d, afirma.<\/p>\n\n\n\n<p class=\"wp-block-paragraph\">Mesmo com os resultados positivos, J\u00falia n\u00e3o v\u00ea a m\u00fasica, neste momento, como uma profiss\u00e3o fixa. Para ela, cantar representa muito mais do que a possibilidade de seguir uma carreira. A m\u00fasica ocupa um espa\u00e7o de express\u00e3o e tamb\u00e9m de acolhimento em sua rotina. \u201cA m\u00fasica \u00e9 minha segunda terapia e \u00e9 um porto seguro barulhento\u201d, conta.<\/p>\n\n\n\n<h2 class=\"wp-block-heading\"><strong>Paix\u00e3o que come\u00e7ou cedo<\/strong><\/h2>\n\n\n\n<p class=\"wp-block-paragraph\">O contato de J\u00falia com a m\u00fasica come\u00e7ou quando ela tinha cerca de 4 anos. Na \u00e9poca, ela ainda morava em Santa B\u00e1rbara do Sul, e participou de um festival de canto no munic\u00edpio. Foi ali que teve uma das primeiras experi\u00eancias diante de um p\u00fablico.<\/p>\n\n\n\n<p class=\"wp-block-paragraph\">Aos 7 anos, depois de se mudar para Ant\u00f4nio Prado, iniciou os estudos em instrumentos. Com o passar dos anos, tamb\u00e9m retomou os estudos de t\u00e9cnica vocal, especialmente ap\u00f3s a pandemia. O aprendizado segue at\u00e9 hoje e acompanha o desenvolvimento da jovem dentro da m\u00fasica.<\/p>\n\n\n\n<p class=\"wp-block-paragraph\">Apesar da dedica\u00e7\u00e3o, J\u00falia mant\u00e9m outros planos para o futuro. Os estudos e a futura faculdade est\u00e3o entre suas prioridades e, por enquanto, ela prefere manter a m\u00fasica como uma parte importante de sua vida, sem transform\u00e1-la necessariamente em profiss\u00e3o. \u201cEu considero a m\u00fasica uma parte muito importante da minha arte e da minha filosofia de vida\u201d, destaca.<\/p>\n\n\n\n<p class=\"wp-block-paragraph\">A escolha n\u00e3o significa, por\u00e9m, deixar o canto de lado. Pelo contr\u00e1rio. J\u00falia pretende continuar mantendo a m\u00fasica por perto, especialmente um estilo que j\u00e1 faz parte de sua identidade. \u201cA m\u00fasica que tocar\u00e1 sempre ao fundo ser\u00e1 o bom e velho Rock N&#8217; Roll\u201d, conclui.<\/p>\n","protected":false},"excerpt":{"rendered":"<p>A m\u00fasica faz parte da vida de J\u00falia Pinheiro Antunes desde a inf\u00e2ncia. Aos 15 anos, a jovem, que veio de Triunfo para participar do 6\u00ba Festival Popular da Can\u00e7\u00e3o, conquistou o 1\u00ba lugar na categoria Juvenil. A vit\u00f3ria ocorreu na final disputada na noite de sexta-feira (21\/8), no audit\u00f3rio do Col\u00e9gio Teut\u00f4nia, com a [&hellip;]<\/p>\n","protected":false},"author":782,"featured_media":220428,"comment_status":"open","ping_status":"open","sticky":false,"template":"","format":"standard","meta":{"pmpro_default_level":"","_jetpack_memberships_contains_paid_content":false,"footnotes":""},"categories":[2,6],"tags":[20953,4445,21908,4846],"class_list":["post-220427","post","type-post","status-publish","format-standard","has-post-thumbnail","category-featured","category-inclusive","tag-6o-festival-popular-da-cancao","tag-festival-popular-da-cancao","tag-julia-pinheiro-antunes","tag-musica-2","pmpro-has-access"],"yoast_head":"<!-- This site is optimized with the Yoast SEO plugin v28.4 - https:\/\/yoast.com\/product\/yoast-seo-wordpress\/ -->\n<title>J\u00falia surpreende p\u00fablico e conquista 1\u00ba lugar no Festival Popular da Can\u00e7\u00e3o - Folha Popular<\/title>\n<meta name=\"robots\" content=\"index, follow, max-snippet:-1, max-image-preview:large, max-video-preview:-1\" \/>\n<link rel=\"canonical\" href=\"https:\/\/folhapopular.info\/index.php\/2026\/09\/05\/julia-surpreende-publico-e-conquista-1o-lugar-no-festival-popular-da-cancao\/\" \/>\n<meta property=\"og:locale\" content=\"pt_BR\" \/>\n<meta property=\"og:type\" content=\"article\" \/>\n<meta property=\"og:title\" content=\"J\u00falia surpreende p\u00fablico e conquista 1\u00ba lugar no Festival Popular da Can\u00e7\u00e3o - Folha Popular\" \/>\n<meta property=\"og:description\" content=\"A m\u00fasica faz parte da vida de J\u00falia Pinheiro Antunes desde a inf\u00e2ncia. Aos 15 anos, a jovem, que veio de Triunfo para participar do 6\u00ba Festival Popular da Can\u00e7\u00e3o, conquistou o 1\u00ba lugar na categoria Juvenil. A vit\u00f3ria ocorreu na final disputada na noite de sexta-feira (21\/8), no audit\u00f3rio do Col\u00e9gio Teut\u00f4nia, com a [&hellip;]\" \/>\n<meta property=\"og:url\" content=\"https:\/\/folhapopular.info\/index.php\/2026\/09\/05\/julia-surpreende-publico-e-conquista-1o-lugar-no-festival-popular-da-cancao\/\" \/>\n<meta property=\"og:site_name\" content=\"Folha Popular\" \/>\n<meta property=\"article:published_time\" content=\"2026-09-05T13:00:00+00:00\" \/>\n<meta property=\"og:image\" content=\"https:\/\/folhapopular.info\/wp-content\/uploads\/2026\/09\/DSC_5942-scaled.webp\" \/>\n\t<meta property=\"og:image:width\" content=\"2560\" \/>\n\t<meta property=\"og:image:height\" content=\"1696\" \/>\n\t<meta property=\"og:image:type\" content=\"image\/webp\" \/>\n<meta name=\"author\" content=\"Rafaela Zappaz\" \/>\n<meta name=\"twitter:card\" content=\"summary_large_image\" \/>\n<meta name=\"twitter:label1\" content=\"Escrito por\" \/>\n\t<meta name=\"twitter:data1\" content=\"Rafaela Zappaz\" \/>\n\t<meta name=\"twitter:label2\" content=\"Est. tempo de leitura\" \/>\n\t<meta name=\"twitter:data2\" content=\"3 minutos\" \/>\n<script type=\"application\/ld+json\" class=\"yoast-schema-graph\">{\"@context\":\"https:\\\/\\\/schema.org\",\"@graph\":[{\"@type\":\"Article\",\"@id\":\"https:\\\/\\\/folhapopular.info\\\/index.php\\\/2026\\\/09\\\/05\\\/julia-surpreende-publico-e-conquista-1o-lugar-no-festival-popular-da-cancao\\\/#article\",\"isPartOf\":{\"@id\":\"https:\\\/\\\/folhapopular.info\\\/index.php\\\/2026\\\/09\\\/05\\\/julia-surpreende-publico-e-conquista-1o-lugar-no-festival-popular-da-cancao\\\/\"},\"author\":{\"name\":\"Rafaela Zappaz\",\"@id\":\"https:\\\/\\\/folhapopular.info\\\/#\\\/schema\\\/person\\\/87aa1d7488478bf03a40dc0a852db19d\"},\"headline\":\"J\u00falia surpreende p\u00fablico e conquista 1\u00ba lugar no Festival Popular da Can\u00e7\u00e3o\",\"datePublished\":\"2026-09-05T13:00:00+00:00\",\"mainEntityOfPage\":{\"@id\":\"https:\\\/\\\/folhapopular.info\\\/index.php\\\/2026\\\/09\\\/05\\\/julia-surpreende-publico-e-conquista-1o-lugar-no-festival-popular-da-cancao\\\/\"},\"wordCount\":437,\"commentCount\":0,\"image\":{\"@id\":\"https:\\\/\\\/folhapopular.info\\\/index.php\\\/2026\\\/09\\\/05\\\/julia-surpreende-publico-e-conquista-1o-lugar-no-festival-popular-da-cancao\\\/#primaryimage\"},\"thumbnailUrl\":\"https:\\\/\\\/folhapopular.info\\\/wp-content\\\/uploads\\\/2026\\\/09\\\/DSC_5942-scaled.webp\",\"keywords\":[\"6\u00ba Festival Popular da Can\u00e7\u00e3o\",\"Festival Popular da Can\u00e7\u00e3o\",\"J\u00falia Pinheiro Antunes\",\"M\u00fasica\"],\"articleSection\":[\"Destaques\",\"Inclusive\"],\"inLanguage\":\"pt-BR\",\"potentialAction\":[{\"@type\":\"CommentAction\",\"name\":\"Comment\",\"target\":[\"https:\\\/\\\/folhapopular.info\\\/index.php\\\/2026\\\/09\\\/05\\\/julia-surpreende-publico-e-conquista-1o-lugar-no-festival-popular-da-cancao\\\/#respond\"]}]},{\"@type\":\"WebPage\",\"@id\":\"https:\\\/\\\/folhapopular.info\\\/index.php\\\/2026\\\/09\\\/05\\\/julia-surpreende-publico-e-conquista-1o-lugar-no-festival-popular-da-cancao\\\/\",\"url\":\"https:\\\/\\\/folhapopular.info\\\/index.php\\\/2026\\\/09\\\/05\\\/julia-surpreende-publico-e-conquista-1o-lugar-no-festival-popular-da-cancao\\\/\",\"name\":\"J\u00falia surpreende p\u00fablico e conquista 1\u00ba lugar no Festival Popular da Can\u00e7\u00e3o - Folha Popular\",\"isPartOf\":{\"@id\":\"https:\\\/\\\/folhapopular.info\\\/#website\"},\"primaryImageOfPage\":{\"@id\":\"https:\\\/\\\/folhapopular.info\\\/index.php\\\/2026\\\/09\\\/05\\\/julia-surpreende-publico-e-conquista-1o-lugar-no-festival-popular-da-cancao\\\/#primaryimage\"},\"image\":{\"@id\":\"https:\\\/\\\/folhapopular.info\\\/index.php\\\/2026\\\/09\\\/05\\\/julia-surpreende-publico-e-conquista-1o-lugar-no-festival-popular-da-cancao\\\/#primaryimage\"},\"thumbnailUrl\":\"https:\\\/\\\/folhapopular.info\\\/wp-content\\\/uploads\\\/2026\\\/09\\\/DSC_5942-scaled.webp\",\"datePublished\":\"2026-09-05T13:00:00+00:00\",\"author\":{\"@id\":\"https:\\\/\\\/folhapopular.info\\\/#\\\/schema\\\/person\\\/87aa1d7488478bf03a40dc0a852db19d\"},\"breadcrumb\":{\"@id\":\"https:\\\/\\\/folhapopular.info\\\/index.php\\\/2026\\\/09\\\/05\\\/julia-surpreende-publico-e-conquista-1o-lugar-no-festival-popular-da-cancao\\\/#breadcrumb\"},\"inLanguage\":\"pt-BR\",\"potentialAction\":[{\"@type\":\"ReadAction\",\"target\":[\"https:\\\/\\\/folhapopular.info\\\/index.php\\\/2026\\\/09\\\/05\\\/julia-surpreende-publico-e-conquista-1o-lugar-no-festival-popular-da-cancao\\\/\"]}]},{\"@type\":\"ImageObject\",\"inLanguage\":\"pt-BR\",\"@id\":\"https:\\\/\\\/folhapopular.info\\\/index.php\\\/2026\\\/09\\\/05\\\/julia-surpreende-publico-e-conquista-1o-lugar-no-festival-popular-da-cancao\\\/#primaryimage\",\"url\":\"https:\\\/\\\/folhapopular.info\\\/wp-content\\\/uploads\\\/2026\\\/09\\\/DSC_5942-scaled.webp\",\"contentUrl\":\"https:\\\/\\\/folhapopular.info\\\/wp-content\\\/uploads\\\/2026\\\/09\\\/DSC_5942-scaled.webp\",\"width\":2560,\"height\":1696,\"caption\":\"J\u00falia Pinheiro \\\/ Cr\u00e9dito: Anderson Lopes\"},{\"@type\":\"BreadcrumbList\",\"@id\":\"https:\\\/\\\/folhapopular.info\\\/index.php\\\/2026\\\/09\\\/05\\\/julia-surpreende-publico-e-conquista-1o-lugar-no-festival-popular-da-cancao\\\/#breadcrumb\",\"itemListElement\":[{\"@type\":\"ListItem\",\"position\":1,\"name\":\"In\u00edcio\",\"item\":\"https:\\\/\\\/folhapopular.info\\\/\"},{\"@type\":\"ListItem\",\"position\":2,\"name\":\"J\u00falia surpreende p\u00fablico e conquista 1\u00ba lugar no Festival Popular da Can\u00e7\u00e3o\"}]},{\"@type\":\"WebSite\",\"@id\":\"https:\\\/\\\/folhapopular.info\\\/#website\",\"url\":\"https:\\\/\\\/folhapopular.info\\\/\",\"name\":\"Folha Popular\",\"description\":\"Onde voc\u00ea tem vez e voz\",\"potentialAction\":[{\"@type\":\"SearchAction\",\"target\":{\"@type\":\"EntryPoint\",\"urlTemplate\":\"https:\\\/\\\/folhapopular.info\\\/?s={search_term_string}\"},\"query-input\":{\"@type\":\"PropertyValueSpecification\",\"valueRequired\":true,\"valueName\":\"search_term_string\"}}],\"inLanguage\":\"pt-BR\"},{\"@type\":\"Person\",\"@id\":\"https:\\\/\\\/folhapopular.info\\\/#\\\/schema\\\/person\\\/87aa1d7488478bf03a40dc0a852db19d\",\"name\":\"Rafaela Zappaz\",\"image\":{\"@type\":\"ImageObject\",\"inLanguage\":\"pt-BR\",\"@id\":\"https:\\\/\\\/secure.gravatar.com\\\/avatar\\\/7b6259df2b1311e565e2e930bcf599e41eca901dc1e0e850d699f28cc7ea8de8?s=96&d=mm&r=g\",\"url\":\"https:\\\/\\\/secure.gravatar.com\\\/avatar\\\/7b6259df2b1311e565e2e930bcf599e41eca901dc1e0e850d699f28cc7ea8de8?s=96&d=mm&r=g\",\"contentUrl\":\"https:\\\/\\\/secure.gravatar.com\\\/avatar\\\/7b6259df2b1311e565e2e930bcf599e41eca901dc1e0e850d699f28cc7ea8de8?s=96&d=mm&r=g\",\"caption\":\"Rafaela Zappaz\"},\"url\":\"https:\\\/\\\/folhapopular.info\\\/index.php\\\/author\\\/rafaela-zappaz\\\/\"}]}<\/script>\n<!-- \/ Yoast SEO plugin. -->","yoast_head_json":{"title":"J\u00falia surpreende p\u00fablico e conquista 1\u00ba lugar no Festival Popular da Can\u00e7\u00e3o - Folha Popular","robots":{"index":"index","follow":"follow","max-snippet":"max-snippet:-1","max-image-preview":"max-image-preview:large","max-video-preview":"max-video-preview:-1"},"canonical":"https:\/\/folhapopular.info\/index.php\/2026\/09\/05\/julia-surpreende-publico-e-conquista-1o-lugar-no-festival-popular-da-cancao\/","og_locale":"pt_BR","og_type":"article","og_title":"J\u00falia surpreende p\u00fablico e conquista 1\u00ba lugar no Festival Popular da Can\u00e7\u00e3o - Folha Popular","og_description":"A m\u00fasica faz parte da vida de J\u00falia Pinheiro Antunes desde a inf\u00e2ncia. Aos 15 anos, a jovem, que veio de Triunfo para participar do 6\u00ba Festival Popular da Can\u00e7\u00e3o, conquistou o 1\u00ba lugar na categoria Juvenil. A vit\u00f3ria ocorreu na final disputada na noite de sexta-feira (21\/8), no audit\u00f3rio do Col\u00e9gio Teut\u00f4nia, com a [&hellip;]","og_url":"https:\/\/folhapopular.info\/index.php\/2026\/09\/05\/julia-surpreende-publico-e-conquista-1o-lugar-no-festival-popular-da-cancao\/","og_site_name":"Folha Popular","article_published_time":"2026-09-05T13:00:00+00:00","og_image":[{"width":2560,"height":1696,"url":"https:\/\/folhapopular.info\/wp-content\/uploads\/2026\/09\/DSC_5942-scaled.webp","type":"image\/webp"}],"author":"Rafaela Zappaz","twitter_card":"summary_large_image","twitter_misc":{"Escrito por":"Rafaela Zappaz","Est. tempo de leitura":"3 minutos"},"schema":{"@context":"https:\/\/schema.org","@graph":[{"@type":"Article","@id":"https:\/\/folhapopular.info\/index.php\/2026\/09\/05\/julia-surpreende-publico-e-conquista-1o-lugar-no-festival-popular-da-cancao\/#article","isPartOf":{"@id":"https:\/\/folhapopular.info\/index.php\/2026\/09\/05\/julia-surpreende-publico-e-conquista-1o-lugar-no-festival-popular-da-cancao\/"},"author":{"name":"Rafaela Zappaz","@id":"https:\/\/folhapopular.info\/#\/schema\/person\/87aa1d7488478bf03a40dc0a852db19d"},"headline":"J\u00falia surpreende p\u00fablico e conquista 1\u00ba lugar no Festival Popular da Can\u00e7\u00e3o","datePublished":"2026-09-05T13:00:00+00:00","mainEntityOfPage":{"@id":"https:\/\/folhapopular.info\/index.php\/2026\/09\/05\/julia-surpreende-publico-e-conquista-1o-lugar-no-festival-popular-da-cancao\/"},"wordCount":437,"commentCount":0,"image":{"@id":"https:\/\/folhapopular.info\/index.php\/2026\/09\/05\/julia-surpreende-publico-e-conquista-1o-lugar-no-festival-popular-da-cancao\/#primaryimage"},"thumbnailUrl":"https:\/\/folhapopular.info\/wp-content\/uploads\/2026\/09\/DSC_5942-scaled.webp","keywords":["6\u00ba Festival Popular da Can\u00e7\u00e3o","Festival Popular da Can\u00e7\u00e3o","J\u00falia Pinheiro Antunes","M\u00fasica"],"articleSection":["Destaques","Inclusive"],"inLanguage":"pt-BR","potentialAction":[{"@type":"CommentAction","name":"Comment","target":["https:\/\/folhapopular.info\/index.php\/2026\/09\/05\/julia-surpreende-publico-e-conquista-1o-lugar-no-festival-popular-da-cancao\/#respond"]}]},{"@type":"WebPage","@id":"https:\/\/folhapopular.info\/index.php\/2026\/09\/05\/julia-surpreende-publico-e-conquista-1o-lugar-no-festival-popular-da-cancao\/","url":"https:\/\/folhapopular.info\/index.php\/2026\/09\/05\/julia-surpreende-publico-e-conquista-1o-lugar-no-festival-popular-da-cancao\/","name":"J\u00falia surpreende p\u00fablico e conquista 1\u00ba lugar no Festival Popular da Can\u00e7\u00e3o - Folha Popular","isPartOf":{"@id":"https:\/\/folhapopular.info\/#website"},"primaryImageOfPage":{"@id":"https:\/\/folhapopular.info\/index.php\/2026\/09\/05\/julia-surpreende-publico-e-conquista-1o-lugar-no-festival-popular-da-cancao\/#primaryimage"},"image":{"@id":"https:\/\/folhapopular.info\/index.php\/2026\/09\/05\/julia-surpreende-publico-e-conquista-1o-lugar-no-festival-popular-da-cancao\/#primaryimage"},"thumbnailUrl":"https:\/\/folhapopular.info\/wp-content\/uploads\/2026\/09\/DSC_5942-scaled.webp","datePublished":"2026-09-05T13:00:00+00:00","author":{"@id":"https:\/\/folhapopular.info\/#\/schema\/person\/87aa1d7488478bf03a40dc0a852db19d"},"breadcrumb":{"@id":"https:\/\/folhapopular.info\/index.php\/2026\/09\/05\/julia-surpreende-publico-e-conquista-1o-lugar-no-festival-popular-da-cancao\/#breadcrumb"},"inLanguage":"pt-BR","potentialAction":[{"@type":"ReadAction","target":["https:\/\/folhapopular.info\/index.php\/2026\/09\/05\/julia-surpreende-publico-e-conquista-1o-lugar-no-festival-popular-da-cancao\/"]}]},{"@type":"ImageObject","inLanguage":"pt-BR","@id":"https:\/\/folhapopular.info\/index.php\/2026\/09\/05\/julia-surpreende-publico-e-conquista-1o-lugar-no-festival-popular-da-cancao\/#primaryimage","url":"https:\/\/folhapopular.info\/wp-content\/uploads\/2026\/09\/DSC_5942-scaled.webp","contentUrl":"https:\/\/folhapopular.info\/wp-content\/uploads\/2026\/09\/DSC_5942-scaled.webp","width":2560,"height":1696,"caption":"J\u00falia Pinheiro \/ Cr\u00e9dito: Anderson Lopes"},{"@type":"BreadcrumbList","@id":"https:\/\/folhapopular.info\/index.php\/2026\/09\/05\/julia-surpreende-publico-e-conquista-1o-lugar-no-festival-popular-da-cancao\/#breadcrumb","itemListElement":[{"@type":"ListItem","position":1,"name":"In\u00edcio","item":"https:\/\/folhapopular.info\/"},{"@type":"ListItem","position":2,"name":"J\u00falia surpreende p\u00fablico e conquista 1\u00ba lugar no Festival Popular da Can\u00e7\u00e3o"}]},{"@type":"WebSite","@id":"https:\/\/folhapopular.info\/#website","url":"https:\/\/folhapopular.info\/","name":"Folha Popular","description":"Onde voc\u00ea tem vez e voz","potentialAction":[{"@type":"SearchAction","target":{"@type":"EntryPoint","urlTemplate":"https:\/\/folhapopular.info\/?s={search_term_string}"},"query-input":{"@type":"PropertyValueSpecification","valueRequired":true,"valueName":"search_term_string"}}],"inLanguage":"pt-BR"},{"@type":"Person","@id":"https:\/\/folhapopular.info\/#\/schema\/person\/87aa1d7488478bf03a40dc0a852db19d","name":"Rafaela Zappaz","image":{"@type":"ImageObject","inLanguage":"pt-BR","@id":"https:\/\/secure.gravatar.com\/avatar\/7b6259df2b1311e565e2e930bcf599e41eca901dc1e0e850d699f28cc7ea8de8?s=96&d=mm&r=g","url":"https:\/\/secure.gravatar.com\/avatar\/7b6259df2b1311e565e2e930bcf599e41eca901dc1e0e850d699f28cc7ea8de8?s=96&d=mm&r=g","contentUrl":"https:\/\/secure.gravatar.com\/avatar\/7b6259df2b1311e565e2e930bcf599e41eca901dc1e0e850d699f28cc7ea8de8?s=96&d=mm&r=g","caption":"Rafaela Zappaz"},"url":"https:\/\/folhapopular.info\/index.php\/author\/rafaela-zappaz\/"}]}},"jetpack_sharing_enabled":true,"amp_enabled":true,"jetpack_featured_media_url":"https:\/\/folhapopular.info\/wp-content\/uploads\/2026\/09\/DSC_5942-scaled.webp","_links":{"self":[{"href":"https:\/\/folhapopular.info\/index.php\/wp-json\/wp\/v2\/posts\/220427","targetHints":{"allow":["GET"]}}],"collection":[{"href":"https:\/\/folhapopular.info\/index.php\/wp-json\/wp\/v2\/posts"}],"about":[{"href":"https:\/\/folhapopular.info\/index.php\/wp-json\/wp\/v2\/types\/post"}],"author":[{"embeddable":true,"href":"https:\/\/folhapopular.info\/index.php\/wp-json\/wp\/v2\/users\/782"}],"replies":[{"embeddable":true,"href":"https:\/\/folhapopular.info\/index.php\/wp-json\/wp\/v2\/comments?post=220427"}],"version-history":[{"count":1,"href":"https:\/\/folhapopular.info\/index.php\/wp-json\/wp\/v2\/posts\/220427\/revisions"}],"predecessor-version":[{"id":220430,"href":"https:\/\/folhapopular.info\/index.php\/wp-json\/wp\/v2\/posts\/220427\/revisions\/220430"}],"wp:featuredmedia":[{"embeddable":true,"href":"https:\/\/folhapopular.info\/index.php\/wp-json\/wp\/v2\/media\/220428"}],"wp:attachment":[{"href":"https:\/\/folhapopular.info\/index.php\/wp-json\/wp\/v2\/media?parent=220427"}],"wp:term":[{"taxonomy":"category","embeddable":true,"href":"https:\/\/folhapopular.info\/index.php\/wp-json\/wp\/v2\/categories?post=220427"},{"taxonomy":"post_tag","embeddable":true,"href":"https:\/\/folhapopular.info\/index.php\/wp-json\/wp\/v2\/tags?post=220427"}],"curies":[{"name":"wp","href":"https:\/\/api.w.org\/{rel}","templated":true}]}}