{"id":220431,"date":"2026-09-05T12:00:00","date_gmt":"2026-09-05T15:00:00","guid":{"rendered":"https:\/\/folhapopular.info\/?p=220431"},"modified":"2026-09-04T16:39:20","modified_gmt":"2026-09-04T19:39:20","slug":"teutonia-prepara-levantamento-para-planejar-a-arborizacao","status":"publish","type":"post","link":"https:\/\/folhapopular.info\/index.php\/2026\/09\/05\/teutonia-prepara-levantamento-para-planejar-a-arborizacao\/","title":{"rendered":"Teut\u00f4nia prepara levantamento para planejar a arboriza\u00e7\u00e3o"},"content":{"rendered":"\n<p class=\"wp-block-paragraph\">Em dias de calor forte, encontrar uma sombra em determinados pontos de Teut\u00f4nia pode fazer diferen\u00e7a na caminhada, na espera pelo transporte ou simplesmente na perman\u00eancia em uma \u00e1rea aberta da cidade. A percep\u00e7\u00e3o de que faltam \u00e1rvores em parte do espa\u00e7o urbano tamb\u00e9m vem sendo levada ao poder p\u00fablico por moradores que defendem um planejamento espec\u00edfico para a arboriza\u00e7\u00e3o da cidade.<\/p>\n\n\n\n<p class=\"wp-block-paragraph\">A resposta da Prefeitura passa, neste momento, por informa\u00e7\u00e3o. O munic\u00edpio est\u00e1 preparando, em parceria com a Universidade de Santa Cruz do Sul (Unisc), dois levantamentos que dever\u00e3o atualizar o conhecimento sobre a \u00e1rea urbana e os recursos naturais de Teut\u00f4nia. Um deles \u00e9 o levantamento aerofotogram\u00e9trico, realizado com drones. O outro \u00e9 o Diagn\u00f3stico Socioambiental (DSA).<\/p>\n\n\n\n<p class=\"wp-block-paragraph\">Os dois trabalhos ter\u00e3o diferentes aplica\u00e7\u00f5es, mas uma delas interessa diretamente \u00e0 discuss\u00e3o sobre arboriza\u00e7\u00e3o: identificar como est\u00e1 distribu\u00edda a cobertura vegetal na \u00e1rea urbana e fornecer dados para a elabora\u00e7\u00e3o do Plano de Arboriza\u00e7\u00e3o Urbana. A ideia \u00e9 que o munic\u00edpio deixe de olhar apenas para pontos isolados e passe a ter uma vis\u00e3o geral da cidade. \u201cVai auxiliar na elabora\u00e7\u00e3o do plano de arboriza\u00e7\u00e3o urbana, ver quais s\u00e3o as ruas que precisam de arboriza\u00e7\u00e3o, quais s\u00e3o as \u00e1reas que a gente pode criar, um parque municipal\u201d, explica o subsecret\u00e1rio de Agricultura e Meio Ambiente, Cristiano Steffens.<\/p>\n\n\n\n<p class=\"wp-block-paragraph\">Os produtos previstos incluem mapas, relat\u00f3rios t\u00e9cnicos, imagens, arquivos edit\u00e1veis e banco de dados geoespacial que poder\u00e3o ser utilizados por outras secretarias. Os recursos para os estudos, segundo o Departamento de Meio Ambiente, ser\u00e3o provenientes do Fundo Municipal do Meio Ambiente.<\/p>\n\n\n\n<h2 class=\"wp-block-heading\"><strong>Nova fotografia<\/strong><\/h2>\n\n\n\n<p class=\"wp-block-paragraph\">O \u00faltimo levantamento aerofotogram\u00e9trico do munic\u00edpio foi realizado em 2018. De acordo com Steffens, aquele trabalho teve como principal finalidade contribuir para o planejamento do saneamento.<\/p>\n\n\n\n<p class=\"wp-block-paragraph\">Agora, al\u00e9m de atualizar as informa\u00e7\u00f5es, o Munic\u00edpio pretende ampliar a utiliza\u00e7\u00e3o dos dados. O novo levantamento ser\u00e1 feito com drones e dever\u00e1 gerar um ortomosaico, uma imagem \u00fanica e georreferenciada da \u00e1rea urbana. Na pr\u00e1tica, ser\u00e1 uma esp\u00e9cie de fotografia detalhada e atual do munic\u00edpio, que poder\u00e1 ser utilizada por diferentes setores da administra\u00e7\u00e3o.<\/p>\n\n\n\n<p class=\"wp-block-paragraph\">Para o Meio Ambiente, uma das possibilidades \u00e9 medir e localizar a cobertura vegetal. Com essas informa\u00e7\u00f5es, ser\u00e1 poss\u00edvel saber quais regi\u00f5es apresentam maior ou menor presen\u00e7a de vegeta\u00e7\u00e3o e identificar espa\u00e7os que podem receber novas \u00e1rvores ou outras estruturas verdes.<\/p>\n\n\n\n<p class=\"wp-block-paragraph\">O material tamb\u00e9m poder\u00e1 auxiliar o Planejamento Urbano, a Engenharia e o recadastramento imobili\u00e1rio. Novas constru\u00e7\u00f5es, altera\u00e7\u00f5es no uso dos terrenos, crescimento dos bairros e mudan\u00e7as na cobertura vegetal podem ser identificados. A diferen\u00e7a em rela\u00e7\u00e3o a imagens de sat\u00e9lite dispon\u00edveis na internet \u00e9 justamente a atualiza\u00e7\u00e3o e a finalidade espec\u00edfica. O munic\u00edpio ter\u00e1 um levantamento produzido para representar a situa\u00e7\u00e3o encontrada no per\u00edodo em que as imagens foram captadas.<\/p>\n\n\n\n<h2 class=\"wp-block-heading\"><strong>Al\u00e9m do plantio<\/strong><\/h2>\n\n\n\n<p class=\"wp-block-paragraph\">A discuss\u00e3o sobre arboriza\u00e7\u00e3o urbana costuma come\u00e7ar com uma pergunta simples: onde est\u00e3o faltando \u00e1rvores? Mas um plano municipal precisa responder a outras quest\u00f5es. Quais esp\u00e9cies s\u00e3o adequadas para cada local? Onde h\u00e1 espa\u00e7o para plantio? Quais ruas apresentam condi\u00e7\u00f5es para receber \u00e1rvores? Como evitar conflitos com cal\u00e7adas, redes el\u00e9tricas e outras estruturas? Como colocar \u00e1rvores e n\u00e3o atrapalhar a circula\u00e7\u00e3o das pessoas nas cal\u00e7adas? Onde a vegeta\u00e7\u00e3o pode oferecer mais sombra e contribuir para a qualidade ambiental?<\/p>\n\n\n\n<p class=\"wp-block-paragraph\">O levantamento aerofotogram\u00e9trico ser\u00e1 uma das ferramentas para responder parte dessas perguntas. O munic\u00edpio tamb\u00e9m j\u00e1 trabalha na elabora\u00e7\u00e3o do Plano de Arboriza\u00e7\u00e3o Urbana e a partir do diagn\u00f3stico dever\u00e1 estabelecer prioridades a partir de informa\u00e7\u00f5es atualizadas.<\/p>\n\n\n\n<h2 class=\"wp-block-heading\"><strong>DSA no campo<\/strong><\/h2>\n\n\n\n<p class=\"wp-block-paragraph\">Enquanto o levantamento a\u00e9reo permitir\u00e1 enxergar o territ\u00f3rio de cima, o Diagn\u00f3stico Socioambiental ter\u00e1 uma etapa importante realizada diretamente em campo. O estudo dever\u00e1 identificar e caracterizar recursos h\u00eddricos e \u00c1reas de Preserva\u00e7\u00e3o Permanente (APPs), al\u00e9m de analisar outras caracter\u00edsticas ambientais da \u00e1rea urbana.<\/p>\n\n\n\n<p class=\"wp-block-paragraph\">Um dos objetivos \u00e9 esclarecer situa\u00e7\u00f5es em que existe d\u00favida sobre a classifica\u00e7\u00e3o de determinado recurso h\u00eddrico. H\u00e1 cursos d&#8217;\u00e1gua permanentes, intermitentes e situa\u00e7\u00f5es em que a presen\u00e7a de \u00e1gua ocorre apenas de maneira espor\u00e1dica. A identifica\u00e7\u00e3o pode variar conforme as condi\u00e7\u00f5es clim\u00e1ticas e a \u00e9poca do ano. Conforme Steffens, os estudos de campo realizados pela Unisc dever\u00e3o se estender de 8 a 10 meses, permitindo observar diferentes per\u00edodos e condi\u00e7\u00f5es. A inten\u00e7\u00e3o \u00e9 produzir uma base t\u00e9cnica mais segura para decis\u00f5es relacionadas ao meio ambiente, ao planejamento urbano, ao licenciamento e \u00e0 regulariza\u00e7\u00e3o de im\u00f3veis.<\/p>\n","protected":false},"excerpt":{"rendered":"<p>Em dias de calor forte, encontrar uma sombra em determinados pontos de Teut\u00f4nia pode fazer diferen\u00e7a na caminhada, na espera pelo transporte ou simplesmente na perman\u00eancia em uma \u00e1rea aberta da cidade. A percep\u00e7\u00e3o de que faltam \u00e1rvores em parte do espa\u00e7o urbano tamb\u00e9m vem sendo levada ao poder p\u00fablico por moradores que defendem um [&hellip;]<\/p>\n","protected":false},"author":707,"featured_media":220432,"comment_status":"open","ping_status":"open","sticky":false,"template":"","format":"standard","meta":{"pmpro_default_level":"","_jetpack_memberships_contains_paid_content":false,"footnotes":""},"categories":[2,3,11025],"tags":[1089,21909,57,26],"class_list":["post-220431","post","type-post","status-publish","format-standard","has-post-thumbnail","category-featured","category-geral","category-meio-ambiente","tag-arborizacao","tag-levantamento","tag-meio-ambiente","tag-teutonia","pmpro-has-access"],"yoast_head":"<!-- This site is optimized with the Yoast SEO plugin v28.4 - https:\/\/yoast.com\/product\/yoast-seo-wordpress\/ -->\n<title>Teut\u00f4nia prepara levantamento para planejar a arboriza\u00e7\u00e3o - Folha Popular<\/title>\n<meta name=\"robots\" content=\"index, follow, max-snippet:-1, max-image-preview:large, max-video-preview:-1\" \/>\n<link rel=\"canonical\" href=\"https:\/\/folhapopular.info\/index.php\/2026\/09\/05\/teutonia-prepara-levantamento-para-planejar-a-arborizacao\/\" \/>\n<meta property=\"og:locale\" content=\"pt_BR\" \/>\n<meta property=\"og:type\" content=\"article\" \/>\n<meta property=\"og:title\" content=\"Teut\u00f4nia prepara levantamento para planejar a arboriza\u00e7\u00e3o - Folha Popular\" \/>\n<meta property=\"og:description\" content=\"Em dias de calor forte, encontrar uma sombra em determinados pontos de Teut\u00f4nia pode fazer diferen\u00e7a na caminhada, na espera pelo transporte ou simplesmente na perman\u00eancia em uma \u00e1rea aberta da cidade. A percep\u00e7\u00e3o de que faltam \u00e1rvores em parte do espa\u00e7o urbano tamb\u00e9m vem sendo levada ao poder p\u00fablico por moradores que defendem um [&hellip;]\" \/>\n<meta property=\"og:url\" content=\"https:\/\/folhapopular.info\/index.php\/2026\/09\/05\/teutonia-prepara-levantamento-para-planejar-a-arborizacao\/\" \/>\n<meta property=\"og:site_name\" content=\"Folha Popular\" \/>\n<meta property=\"article:published_time\" content=\"2026-09-05T15:00:00+00:00\" \/>\n<meta property=\"og:image\" content=\"https:\/\/folhapopular.info\/wp-content\/uploads\/2026\/09\/Locais-bem-planejados-conectam-a-natureza-com-o-espaco-urbano-em-Teutonia_Anderson-Lopes.webp\" \/>\n\t<meta property=\"og:image:width\" content=\"1280\" \/>\n\t<meta property=\"og:image:height\" content=\"960\" \/>\n\t<meta property=\"og:image:type\" content=\"image\/webp\" \/>\n<meta name=\"author\" content=\"Ariana de Oliveira\" \/>\n<meta name=\"twitter:card\" content=\"summary_large_image\" \/>\n<meta name=\"twitter:label1\" content=\"Escrito por\" \/>\n\t<meta name=\"twitter:data1\" content=\"Ariana de Oliveira\" \/>\n\t<meta name=\"twitter:label2\" content=\"Est. tempo de leitura\" \/>\n\t<meta name=\"twitter:data2\" content=\"5 minutos\" \/>\n<script type=\"application\/ld+json\" class=\"yoast-schema-graph\">{\"@context\":\"https:\\\/\\\/schema.org\",\"@graph\":[{\"@type\":\"Article\",\"@id\":\"https:\\\/\\\/folhapopular.info\\\/index.php\\\/2026\\\/09\\\/05\\\/teutonia-prepara-levantamento-para-planejar-a-arborizacao\\\/#article\",\"isPartOf\":{\"@id\":\"https:\\\/\\\/folhapopular.info\\\/index.php\\\/2026\\\/09\\\/05\\\/teutonia-prepara-levantamento-para-planejar-a-arborizacao\\\/\"},\"author\":{\"name\":\"Ariana de Oliveira\",\"@id\":\"https:\\\/\\\/folhapopular.info\\\/#\\\/schema\\\/person\\\/e80d332e33633a6164933af03d7ee1b2\"},\"headline\":\"Teut\u00f4nia prepara levantamento para planejar a arboriza\u00e7\u00e3o\",\"datePublished\":\"2026-09-05T15:00:00+00:00\",\"mainEntityOfPage\":{\"@id\":\"https:\\\/\\\/folhapopular.info\\\/index.php\\\/2026\\\/09\\\/05\\\/teutonia-prepara-levantamento-para-planejar-a-arborizacao\\\/\"},\"wordCount\":824,\"commentCount\":0,\"image\":{\"@id\":\"https:\\\/\\\/folhapopular.info\\\/index.php\\\/2026\\\/09\\\/05\\\/teutonia-prepara-levantamento-para-planejar-a-arborizacao\\\/#primaryimage\"},\"thumbnailUrl\":\"https:\\\/\\\/folhapopular.info\\\/wp-content\\\/uploads\\\/2026\\\/09\\\/Locais-bem-planejados-conectam-a-natureza-com-o-espaco-urbano-em-Teutonia_Anderson-Lopes.webp\",\"keywords\":[\"Arboriza\u00e7\u00e3o\",\"Levantamento\",\"Meio Ambiente\",\"Teut\u00f4nia\"],\"articleSection\":[\"Destaques\",\"Geral\",\"Meio Ambiente\"],\"inLanguage\":\"pt-BR\",\"potentialAction\":[{\"@type\":\"CommentAction\",\"name\":\"Comment\",\"target\":[\"https:\\\/\\\/folhapopular.info\\\/index.php\\\/2026\\\/09\\\/05\\\/teutonia-prepara-levantamento-para-planejar-a-arborizacao\\\/#respond\"]}]},{\"@type\":\"WebPage\",\"@id\":\"https:\\\/\\\/folhapopular.info\\\/index.php\\\/2026\\\/09\\\/05\\\/teutonia-prepara-levantamento-para-planejar-a-arborizacao\\\/\",\"url\":\"https:\\\/\\\/folhapopular.info\\\/index.php\\\/2026\\\/09\\\/05\\\/teutonia-prepara-levantamento-para-planejar-a-arborizacao\\\/\",\"name\":\"Teut\u00f4nia prepara levantamento para planejar a arboriza\u00e7\u00e3o - Folha Popular\",\"isPartOf\":{\"@id\":\"https:\\\/\\\/folhapopular.info\\\/#website\"},\"primaryImageOfPage\":{\"@id\":\"https:\\\/\\\/folhapopular.info\\\/index.php\\\/2026\\\/09\\\/05\\\/teutonia-prepara-levantamento-para-planejar-a-arborizacao\\\/#primaryimage\"},\"image\":{\"@id\":\"https:\\\/\\\/folhapopular.info\\\/index.php\\\/2026\\\/09\\\/05\\\/teutonia-prepara-levantamento-para-planejar-a-arborizacao\\\/#primaryimage\"},\"thumbnailUrl\":\"https:\\\/\\\/folhapopular.info\\\/wp-content\\\/uploads\\\/2026\\\/09\\\/Locais-bem-planejados-conectam-a-natureza-com-o-espaco-urbano-em-Teutonia_Anderson-Lopes.webp\",\"datePublished\":\"2026-09-05T15:00:00+00:00\",\"author\":{\"@id\":\"https:\\\/\\\/folhapopular.info\\\/#\\\/schema\\\/person\\\/e80d332e33633a6164933af03d7ee1b2\"},\"breadcrumb\":{\"@id\":\"https:\\\/\\\/folhapopular.info\\\/index.php\\\/2026\\\/09\\\/05\\\/teutonia-prepara-levantamento-para-planejar-a-arborizacao\\\/#breadcrumb\"},\"inLanguage\":\"pt-BR\",\"potentialAction\":[{\"@type\":\"ReadAction\",\"target\":[\"https:\\\/\\\/folhapopular.info\\\/index.php\\\/2026\\\/09\\\/05\\\/teutonia-prepara-levantamento-para-planejar-a-arborizacao\\\/\"]}]},{\"@type\":\"ImageObject\",\"inLanguage\":\"pt-BR\",\"@id\":\"https:\\\/\\\/folhapopular.info\\\/index.php\\\/2026\\\/09\\\/05\\\/teutonia-prepara-levantamento-para-planejar-a-arborizacao\\\/#primaryimage\",\"url\":\"https:\\\/\\\/folhapopular.info\\\/wp-content\\\/uploads\\\/2026\\\/09\\\/Locais-bem-planejados-conectam-a-natureza-com-o-espaco-urbano-em-Teutonia_Anderson-Lopes.webp\",\"contentUrl\":\"https:\\\/\\\/folhapopular.info\\\/wp-content\\\/uploads\\\/2026\\\/09\\\/Locais-bem-planejados-conectam-a-natureza-com-o-espaco-urbano-em-Teutonia_Anderson-Lopes.webp\",\"width\":1280,\"height\":960,\"caption\":\"Locais bem planejados conectam a natureza com o espa\u00e7o urbano em Teut\u00f4nia \\\/ Cr\u00e9dito: Anderson Lopes\"},{\"@type\":\"BreadcrumbList\",\"@id\":\"https:\\\/\\\/folhapopular.info\\\/index.php\\\/2026\\\/09\\\/05\\\/teutonia-prepara-levantamento-para-planejar-a-arborizacao\\\/#breadcrumb\",\"itemListElement\":[{\"@type\":\"ListItem\",\"position\":1,\"name\":\"In\u00edcio\",\"item\":\"https:\\\/\\\/folhapopular.info\\\/\"},{\"@type\":\"ListItem\",\"position\":2,\"name\":\"Teut\u00f4nia prepara levantamento para planejar a arboriza\u00e7\u00e3o\"}]},{\"@type\":\"WebSite\",\"@id\":\"https:\\\/\\\/folhapopular.info\\\/#website\",\"url\":\"https:\\\/\\\/folhapopular.info\\\/\",\"name\":\"Folha Popular\",\"description\":\"Onde voc\u00ea tem vez e voz\",\"potentialAction\":[{\"@type\":\"SearchAction\",\"target\":{\"@type\":\"EntryPoint\",\"urlTemplate\":\"https:\\\/\\\/folhapopular.info\\\/?s={search_term_string}\"},\"query-input\":{\"@type\":\"PropertyValueSpecification\",\"valueRequired\":true,\"valueName\":\"search_term_string\"}}],\"inLanguage\":\"pt-BR\"},{\"@type\":\"Person\",\"@id\":\"https:\\\/\\\/folhapopular.info\\\/#\\\/schema\\\/person\\\/e80d332e33633a6164933af03d7ee1b2\",\"name\":\"Ariana de Oliveira\",\"image\":{\"@type\":\"ImageObject\",\"inLanguage\":\"pt-BR\",\"@id\":\"https:\\\/\\\/folhapopular.info\\\/wp-content\\\/uploads\\\/2026\\\/05\\\/file-_27_.webp\",\"url\":\"https:\\\/\\\/folhapopular.info\\\/wp-content\\\/uploads\\\/2026\\\/05\\\/file-_27_.webp\",\"contentUrl\":\"https:\\\/\\\/folhapopular.info\\\/wp-content\\\/uploads\\\/2026\\\/05\\\/file-_27_.webp\",\"caption\":\"Ariana de Oliveira\"},\"url\":\"https:\\\/\\\/folhapopular.info\\\/index.php\\\/author\\\/ariana-deoliveiragmail-com\\\/\"}]}<\/script>\n<!-- \/ Yoast SEO plugin. -->","yoast_head_json":{"title":"Teut\u00f4nia prepara levantamento para planejar a arboriza\u00e7\u00e3o - Folha Popular","robots":{"index":"index","follow":"follow","max-snippet":"max-snippet:-1","max-image-preview":"max-image-preview:large","max-video-preview":"max-video-preview:-1"},"canonical":"https:\/\/folhapopular.info\/index.php\/2026\/09\/05\/teutonia-prepara-levantamento-para-planejar-a-arborizacao\/","og_locale":"pt_BR","og_type":"article","og_title":"Teut\u00f4nia prepara levantamento para planejar a arboriza\u00e7\u00e3o - Folha Popular","og_description":"Em dias de calor forte, encontrar uma sombra em determinados pontos de Teut\u00f4nia pode fazer diferen\u00e7a na caminhada, na espera pelo transporte ou simplesmente na perman\u00eancia em uma \u00e1rea aberta da cidade. A percep\u00e7\u00e3o de que faltam \u00e1rvores em parte do espa\u00e7o urbano tamb\u00e9m vem sendo levada ao poder p\u00fablico por moradores que defendem um [&hellip;]","og_url":"https:\/\/folhapopular.info\/index.php\/2026\/09\/05\/teutonia-prepara-levantamento-para-planejar-a-arborizacao\/","og_site_name":"Folha Popular","article_published_time":"2026-09-05T15:00:00+00:00","og_image":[{"width":1280,"height":960,"url":"https:\/\/folhapopular.info\/wp-content\/uploads\/2026\/09\/Locais-bem-planejados-conectam-a-natureza-com-o-espaco-urbano-em-Teutonia_Anderson-Lopes.webp","type":"image\/webp"}],"author":"Ariana de Oliveira","twitter_card":"summary_large_image","twitter_misc":{"Escrito por":"Ariana de Oliveira","Est. tempo de leitura":"5 minutos"},"schema":{"@context":"https:\/\/schema.org","@graph":[{"@type":"Article","@id":"https:\/\/folhapopular.info\/index.php\/2026\/09\/05\/teutonia-prepara-levantamento-para-planejar-a-arborizacao\/#article","isPartOf":{"@id":"https:\/\/folhapopular.info\/index.php\/2026\/09\/05\/teutonia-prepara-levantamento-para-planejar-a-arborizacao\/"},"author":{"name":"Ariana de Oliveira","@id":"https:\/\/folhapopular.info\/#\/schema\/person\/e80d332e33633a6164933af03d7ee1b2"},"headline":"Teut\u00f4nia prepara levantamento para planejar a arboriza\u00e7\u00e3o","datePublished":"2026-09-05T15:00:00+00:00","mainEntityOfPage":{"@id":"https:\/\/folhapopular.info\/index.php\/2026\/09\/05\/teutonia-prepara-levantamento-para-planejar-a-arborizacao\/"},"wordCount":824,"commentCount":0,"image":{"@id":"https:\/\/folhapopular.info\/index.php\/2026\/09\/05\/teutonia-prepara-levantamento-para-planejar-a-arborizacao\/#primaryimage"},"thumbnailUrl":"https:\/\/folhapopular.info\/wp-content\/uploads\/2026\/09\/Locais-bem-planejados-conectam-a-natureza-com-o-espaco-urbano-em-Teutonia_Anderson-Lopes.webp","keywords":["Arboriza\u00e7\u00e3o","Levantamento","Meio Ambiente","Teut\u00f4nia"],"articleSection":["Destaques","Geral","Meio Ambiente"],"inLanguage":"pt-BR","potentialAction":[{"@type":"CommentAction","name":"Comment","target":["https:\/\/folhapopular.info\/index.php\/2026\/09\/05\/teutonia-prepara-levantamento-para-planejar-a-arborizacao\/#respond"]}]},{"@type":"WebPage","@id":"https:\/\/folhapopular.info\/index.php\/2026\/09\/05\/teutonia-prepara-levantamento-para-planejar-a-arborizacao\/","url":"https:\/\/folhapopular.info\/index.php\/2026\/09\/05\/teutonia-prepara-levantamento-para-planejar-a-arborizacao\/","name":"Teut\u00f4nia prepara levantamento para planejar a arboriza\u00e7\u00e3o - Folha Popular","isPartOf":{"@id":"https:\/\/folhapopular.info\/#website"},"primaryImageOfPage":{"@id":"https:\/\/folhapopular.info\/index.php\/2026\/09\/05\/teutonia-prepara-levantamento-para-planejar-a-arborizacao\/#primaryimage"},"image":{"@id":"https:\/\/folhapopular.info\/index.php\/2026\/09\/05\/teutonia-prepara-levantamento-para-planejar-a-arborizacao\/#primaryimage"},"thumbnailUrl":"https:\/\/folhapopular.info\/wp-content\/uploads\/2026\/09\/Locais-bem-planejados-conectam-a-natureza-com-o-espaco-urbano-em-Teutonia_Anderson-Lopes.webp","datePublished":"2026-09-05T15:00:00+00:00","author":{"@id":"https:\/\/folhapopular.info\/#\/schema\/person\/e80d332e33633a6164933af03d7ee1b2"},"breadcrumb":{"@id":"https:\/\/folhapopular.info\/index.php\/2026\/09\/05\/teutonia-prepara-levantamento-para-planejar-a-arborizacao\/#breadcrumb"},"inLanguage":"pt-BR","potentialAction":[{"@type":"ReadAction","target":["https:\/\/folhapopular.info\/index.php\/2026\/09\/05\/teutonia-prepara-levantamento-para-planejar-a-arborizacao\/"]}]},{"@type":"ImageObject","inLanguage":"pt-BR","@id":"https:\/\/folhapopular.info\/index.php\/2026\/09\/05\/teutonia-prepara-levantamento-para-planejar-a-arborizacao\/#primaryimage","url":"https:\/\/folhapopular.info\/wp-content\/uploads\/2026\/09\/Locais-bem-planejados-conectam-a-natureza-com-o-espaco-urbano-em-Teutonia_Anderson-Lopes.webp","contentUrl":"https:\/\/folhapopular.info\/wp-content\/uploads\/2026\/09\/Locais-bem-planejados-conectam-a-natureza-com-o-espaco-urbano-em-Teutonia_Anderson-Lopes.webp","width":1280,"height":960,"caption":"Locais bem planejados conectam a natureza com o espa\u00e7o urbano em Teut\u00f4nia \/ Cr\u00e9dito: Anderson Lopes"},{"@type":"BreadcrumbList","@id":"https:\/\/folhapopular.info\/index.php\/2026\/09\/05\/teutonia-prepara-levantamento-para-planejar-a-arborizacao\/#breadcrumb","itemListElement":[{"@type":"ListItem","position":1,"name":"In\u00edcio","item":"https:\/\/folhapopular.info\/"},{"@type":"ListItem","position":2,"name":"Teut\u00f4nia prepara levantamento para planejar a arboriza\u00e7\u00e3o"}]},{"@type":"WebSite","@id":"https:\/\/folhapopular.info\/#website","url":"https:\/\/folhapopular.info\/","name":"Folha Popular","description":"Onde voc\u00ea tem vez e voz","potentialAction":[{"@type":"SearchAction","target":{"@type":"EntryPoint","urlTemplate":"https:\/\/folhapopular.info\/?s={search_term_string}"},"query-input":{"@type":"PropertyValueSpecification","valueRequired":true,"valueName":"search_term_string"}}],"inLanguage":"pt-BR"},{"@type":"Person","@id":"https:\/\/folhapopular.info\/#\/schema\/person\/e80d332e33633a6164933af03d7ee1b2","name":"Ariana de Oliveira","image":{"@type":"ImageObject","inLanguage":"pt-BR","@id":"https:\/\/folhapopular.info\/wp-content\/uploads\/2026\/05\/file-_27_.webp","url":"https:\/\/folhapopular.info\/wp-content\/uploads\/2026\/05\/file-_27_.webp","contentUrl":"https:\/\/folhapopular.info\/wp-content\/uploads\/2026\/05\/file-_27_.webp","caption":"Ariana de Oliveira"},"url":"https:\/\/folhapopular.info\/index.php\/author\/ariana-deoliveiragmail-com\/"}]}},"jetpack_sharing_enabled":true,"amp_enabled":true,"jetpack_featured_media_url":"https:\/\/folhapopular.info\/wp-content\/uploads\/2026\/09\/Locais-bem-planejados-conectam-a-natureza-com-o-espaco-urbano-em-Teutonia_Anderson-Lopes.webp","_links":{"self":[{"href":"https:\/\/folhapopular.info\/index.php\/wp-json\/wp\/v2\/posts\/220431","targetHints":{"allow":["GET"]}}],"collection":[{"href":"https:\/\/folhapopular.info\/index.php\/wp-json\/wp\/v2\/posts"}],"about":[{"href":"https:\/\/folhapopular.info\/index.php\/wp-json\/wp\/v2\/types\/post"}],"author":[{"embeddable":true,"href":"https:\/\/folhapopular.info\/index.php\/wp-json\/wp\/v2\/users\/707"}],"replies":[{"embeddable":true,"href":"https:\/\/folhapopular.info\/index.php\/wp-json\/wp\/v2\/comments?post=220431"}],"version-history":[{"count":1,"href":"https:\/\/folhapopular.info\/index.php\/wp-json\/wp\/v2\/posts\/220431\/revisions"}],"predecessor-version":[{"id":220433,"href":"https:\/\/folhapopular.info\/index.php\/wp-json\/wp\/v2\/posts\/220431\/revisions\/220433"}],"wp:featuredmedia":[{"embeddable":true,"href":"https:\/\/folhapopular.info\/index.php\/wp-json\/wp\/v2\/media\/220432"}],"wp:attachment":[{"href":"https:\/\/folhapopular.info\/index.php\/wp-json\/wp\/v2\/media?parent=220431"}],"wp:term":[{"taxonomy":"category","embeddable":true,"href":"https:\/\/folhapopular.info\/index.php\/wp-json\/wp\/v2\/categories?post=220431"},{"taxonomy":"post_tag","embeddable":true,"href":"https:\/\/folhapopular.info\/index.php\/wp-json\/wp\/v2\/tags?post=220431"}],"curies":[{"name":"wp","href":"https:\/\/api.w.org\/{rel}","templated":true}]}}