{"id":220442,"date":"2026-09-05T10:00:00","date_gmt":"2026-09-05T13:00:00","guid":{"rendered":"https:\/\/folhapopular.info\/?p=220442"},"modified":"2026-09-04T17:23:08","modified_gmt":"2026-09-04T20:23:08","slug":"camara-de-vereadores-de-teutonia-homenageia-atletas-da-apae-da-bocha-paralimpica","status":"publish","type":"post","link":"https:\/\/folhapopular.info\/index.php\/2026\/09\/05\/camara-de-vereadores-de-teutonia-homenageia-atletas-da-apae-da-bocha-paralimpica\/","title":{"rendered":"C\u00e2mara de Vereadores de Teut\u00f4nia homenageia atletas da Apae da Bocha Paral\u00edmpica"},"content":{"rendered":"<p>A C\u00e2mara de Vereadores de Teut\u00f4nia aprovou, durante a sess\u00e3o ordin\u00e1ria de quarta-feira (2\/9), cinco projetos de lei e um projeto de lei legislativo. Entre as mat\u00e9rias, est\u00e3o a autoriza\u00e7\u00e3o para contrata\u00e7\u00e3o tempor\u00e1ria de um professor de Geografia, a doa\u00e7\u00e3o de uma caixa d\u2019\u00e1gua aos Bombeiros Volunt\u00e1rios e a aquisi\u00e7\u00e3o de equipamentos para um caminh\u00e3o&#8230; <\/p>\n<div class=\"pmpro\">\n<div class=\"pmpro_card pmpro_content_message\">\n<div class=\"pmpro_card_content\">Este conte\u00fado \u00e9 apenas para associados Grupo Popular &#8211; Conte\u00fado Total Anual e Grupo Popular &#8211; Conte\u00fado Total Mensal. <br \/><a href=\"https:\/\/folhapopular.info\/wp-login.php?action=register\">Cadastre-se<\/a><\/div>\n<div class=\"pmpro_card_actions pmpro_font-medium\">J\u00e1 se associou? <a href=\"https:\/\/folhapopular.info\/wp-login.php?redirect_to=https%3A%2F%2Ffolhapopular.info%2Findex.php%2F2026%2F09%2F05%2Fcamara-de-vereadores-de-teutonia-homenageia-atletas-da-apae-da-bocha-paralimpica%2F\">Acesse aqui<\/a><\/div>\n<\/div>\n<\/div>\n","protected":false},"excerpt":{"rendered":"<p>A C\u00e2mara de Vereadores de Teut\u00f4nia aprovou, durante a sess\u00e3o ordin\u00e1ria de quarta-feira (2\/9), cinco projetos de lei e um projeto de lei legislativo. Entre as mat\u00e9rias, est\u00e3o a autoriza\u00e7\u00e3o para contrata\u00e7\u00e3o tempor\u00e1ria de um professor de Geografia, a doa\u00e7\u00e3o de uma caixa d\u2019\u00e1gua aos Bombeiros Volunt\u00e1rios e a aquisi\u00e7\u00e3o de equipamentos para um caminh\u00e3o... <\/p>\n<div class=\"pmpro\"><div class=\"pmpro_card pmpro_content_message\"><div class=\"pmpro_card_content\">Este conte\u00fado \u00e9 apenas para associados Grupo Popular - Conte\u00fado Total Anual e Grupo Popular - Conte\u00fado Total Mensal. <br \/><a href=\"https:\/\/folhapopular.info\/wp-login.php?action=register\">Cadastre-se<\/a><\/div><div class=\"pmpro_card_actions pmpro_font-medium\">J\u00e1 se associou? <a href=\"https:\/\/folhapopular.info\/wp-login.php?redirect_to=https%3A%2F%2Ffolhapopular.info%2Findex.php%2F2026%2F09%2F05%2Fcamara-de-vereadores-de-teutonia-homenageia-atletas-da-apae-da-bocha-paralimpica%2F\">Acesse aqui<\/a><\/div><\/div><\/div>","protected":false},"author":764,"featured_media":220443,"comment_status":"open","ping_status":"open","sticky":false,"template":"","format":"standard","meta":{"pmpro_default_level":"","_jetpack_memberships_contains_paid_content":false,"footnotes":""},"categories":[11078,18239,10985],"tags":[7425,10176,646,26],"class_list":["post-220442","post","type-post","status-publish","format-standard","has-post-thumbnail","category-assinantes","category-camara-de-vereadores-de-teutonia","category-politica","tag-apae-teutonia","tag-bocha-paralimpica","tag-camara-de-vereadores","tag-teutonia","pmpro-level-required","pmpro-level-2","pmpro-level-4","pmpro-level-5","pmpro-no-access"],"yoast_head":"<!-- This site is optimized with the Yoast SEO plugin v28.4 - https:\/\/yoast.com\/product\/yoast-seo-wordpress\/ -->\n<title>C\u00e2mara de Vereadores de Teut\u00f4nia homenageia atletas da Apae da Bocha Paral\u00edmpica - Folha Popular<\/title>\n<meta name=\"robots\" content=\"index, follow, max-snippet:-1, max-image-preview:large, max-video-preview:-1\" \/>\n<link rel=\"canonical\" href=\"https:\/\/folhapopular.info\/index.php\/2026\/09\/05\/camara-de-vereadores-de-teutonia-homenageia-atletas-da-apae-da-bocha-paralimpica\/\" \/>\n<meta property=\"og:locale\" content=\"pt_BR\" \/>\n<meta property=\"og:type\" content=\"article\" \/>\n<meta property=\"og:title\" content=\"C\u00e2mara de Vereadores de Teut\u00f4nia homenageia atletas da Apae da Bocha Paral\u00edmpica - Folha Popular\" \/>\n<meta property=\"og:description\" content=\"A C\u00e2mara de Vereadores de Teut\u00f4nia aprovou, durante a sess\u00e3o ordin\u00e1ria de quarta-feira (2\/9), cinco projetos de lei e um projeto de lei legislativo. Entre as mat\u00e9rias, est\u00e3o a autoriza\u00e7\u00e3o para contrata\u00e7\u00e3o tempor\u00e1ria de um professor de Geografia, a doa\u00e7\u00e3o de uma caixa d\u2019\u00e1gua aos Bombeiros Volunt\u00e1rios e a aquisi\u00e7\u00e3o de equipamentos para um caminh\u00e3o [&hellip;]\" \/>\n<meta property=\"og:url\" content=\"https:\/\/folhapopular.info\/index.php\/2026\/09\/05\/camara-de-vereadores-de-teutonia-homenageia-atletas-da-apae-da-bocha-paralimpica\/\" \/>\n<meta property=\"og:site_name\" content=\"Folha Popular\" \/>\n<meta property=\"article:published_time\" content=\"2026-09-05T13:00:00+00:00\" \/>\n<meta property=\"og:image\" content=\"https:\/\/folhapopular.info\/wp-content\/uploads\/2026\/09\/Camara-aprova-doacao-de-caixa-dagua-aos-Bombeiros-e-contratacao-temporaria-de-professor-de-Geografia-scaled.webp\" \/>\n\t<meta property=\"og:image:width\" content=\"2560\" \/>\n\t<meta property=\"og:image:height\" content=\"1707\" \/>\n\t<meta property=\"og:image:type\" content=\"image\/webp\" \/>\n<meta name=\"author\" content=\"J\u00e9ssica Bayer\" \/>\n<meta name=\"twitter:card\" content=\"summary_large_image\" \/>\n<meta name=\"twitter:label1\" content=\"Escrito por\" \/>\n\t<meta name=\"twitter:data1\" content=\"J\u00e9ssica Bayer\" \/>\n\t<meta name=\"twitter:label2\" content=\"Est. tempo de leitura\" \/>\n\t<meta name=\"twitter:data2\" content=\"6 minutos\" \/>\n<script type=\"application\/ld+json\" class=\"yoast-schema-graph\">{\"@context\":\"https:\\\/\\\/schema.org\",\"@graph\":[{\"@type\":\"Article\",\"@id\":\"https:\\\/\\\/folhapopular.info\\\/index.php\\\/2026\\\/09\\\/05\\\/camara-de-vereadores-de-teutonia-homenageia-atletas-da-apae-da-bocha-paralimpica\\\/#article\",\"isPartOf\":{\"@id\":\"https:\\\/\\\/folhapopular.info\\\/index.php\\\/2026\\\/09\\\/05\\\/camara-de-vereadores-de-teutonia-homenageia-atletas-da-apae-da-bocha-paralimpica\\\/\"},\"author\":{\"name\":\"J\u00e9ssica Bayer\",\"@id\":\"https:\\\/\\\/folhapopular.info\\\/#\\\/schema\\\/person\\\/9c3bd49fe9d74793decad1d4c83fa974\"},\"headline\":\"C\u00e2mara de Vereadores de Teut\u00f4nia homenageia atletas da Apae da Bocha Paral\u00edmpica\",\"datePublished\":\"2026-09-05T13:00:00+00:00\",\"mainEntityOfPage\":{\"@id\":\"https:\\\/\\\/folhapopular.info\\\/index.php\\\/2026\\\/09\\\/05\\\/camara-de-vereadores-de-teutonia-homenageia-atletas-da-apae-da-bocha-paralimpica\\\/\"},\"wordCount\":1182,\"commentCount\":0,\"image\":{\"@id\":\"https:\\\/\\\/folhapopular.info\\\/index.php\\\/2026\\\/09\\\/05\\\/camara-de-vereadores-de-teutonia-homenageia-atletas-da-apae-da-bocha-paralimpica\\\/#primaryimage\"},\"thumbnailUrl\":\"https:\\\/\\\/folhapopular.info\\\/wp-content\\\/uploads\\\/2026\\\/09\\\/Camara-aprova-doacao-de-caixa-dagua-aos-Bombeiros-e-contratacao-temporaria-de-professor-de-Geografia-scaled.webp\",\"keywords\":[\"Apae Teut\u00f4nia\",\"Bocha paral\u00edmpica\",\"C\u00e2mara de Vereadores\",\"Teut\u00f4nia\"],\"articleSection\":[\"Assinantes\",\"C\u00e2mara de Vereadores de Teut\u00f4nia\",\"Pol\u00edtica\"],\"inLanguage\":\"pt-BR\",\"potentialAction\":[{\"@type\":\"CommentAction\",\"name\":\"Comment\",\"target\":[\"https:\\\/\\\/folhapopular.info\\\/index.php\\\/2026\\\/09\\\/05\\\/camara-de-vereadores-de-teutonia-homenageia-atletas-da-apae-da-bocha-paralimpica\\\/#respond\"]}]},{\"@type\":\"WebPage\",\"@id\":\"https:\\\/\\\/folhapopular.info\\\/index.php\\\/2026\\\/09\\\/05\\\/camara-de-vereadores-de-teutonia-homenageia-atletas-da-apae-da-bocha-paralimpica\\\/\",\"url\":\"https:\\\/\\\/folhapopular.info\\\/index.php\\\/2026\\\/09\\\/05\\\/camara-de-vereadores-de-teutonia-homenageia-atletas-da-apae-da-bocha-paralimpica\\\/\",\"name\":\"C\u00e2mara de Vereadores de Teut\u00f4nia homenageia atletas da Apae da Bocha Paral\u00edmpica - Folha Popular\",\"isPartOf\":{\"@id\":\"https:\\\/\\\/folhapopular.info\\\/#website\"},\"primaryImageOfPage\":{\"@id\":\"https:\\\/\\\/folhapopular.info\\\/index.php\\\/2026\\\/09\\\/05\\\/camara-de-vereadores-de-teutonia-homenageia-atletas-da-apae-da-bocha-paralimpica\\\/#primaryimage\"},\"image\":{\"@id\":\"https:\\\/\\\/folhapopular.info\\\/index.php\\\/2026\\\/09\\\/05\\\/camara-de-vereadores-de-teutonia-homenageia-atletas-da-apae-da-bocha-paralimpica\\\/#primaryimage\"},\"thumbnailUrl\":\"https:\\\/\\\/folhapopular.info\\\/wp-content\\\/uploads\\\/2026\\\/09\\\/Camara-aprova-doacao-de-caixa-dagua-aos-Bombeiros-e-contratacao-temporaria-de-professor-de-Geografia-scaled.webp\",\"datePublished\":\"2026-09-05T13:00:00+00:00\",\"author\":{\"@id\":\"https:\\\/\\\/folhapopular.info\\\/#\\\/schema\\\/person\\\/9c3bd49fe9d74793decad1d4c83fa974\"},\"breadcrumb\":{\"@id\":\"https:\\\/\\\/folhapopular.info\\\/index.php\\\/2026\\\/09\\\/05\\\/camara-de-vereadores-de-teutonia-homenageia-atletas-da-apae-da-bocha-paralimpica\\\/#breadcrumb\"},\"inLanguage\":\"pt-BR\",\"potentialAction\":[{\"@type\":\"ReadAction\",\"target\":[\"https:\\\/\\\/folhapopular.info\\\/index.php\\\/2026\\\/09\\\/05\\\/camara-de-vereadores-de-teutonia-homenageia-atletas-da-apae-da-bocha-paralimpica\\\/\"]}]},{\"@type\":\"ImageObject\",\"inLanguage\":\"pt-BR\",\"@id\":\"https:\\\/\\\/folhapopular.info\\\/index.php\\\/2026\\\/09\\\/05\\\/camara-de-vereadores-de-teutonia-homenageia-atletas-da-apae-da-bocha-paralimpica\\\/#primaryimage\",\"url\":\"https:\\\/\\\/folhapopular.info\\\/wp-content\\\/uploads\\\/2026\\\/09\\\/Camara-aprova-doacao-de-caixa-dagua-aos-Bombeiros-e-contratacao-temporaria-de-professor-de-Geografia-scaled.webp\",\"contentUrl\":\"https:\\\/\\\/folhapopular.info\\\/wp-content\\\/uploads\\\/2026\\\/09\\\/Camara-aprova-doacao-de-caixa-dagua-aos-Bombeiros-e-contratacao-temporaria-de-professor-de-Geografia-scaled.webp\",\"width\":2560,\"height\":1707,\"caption\":\"C\u00e2mara aprova doa\u00e7\u00e3o de caixa d\u2019\u00e1gua aos Bombeiros e contrata\u00e7\u00e3o tempor\u00e1ria de professor de Geografia \\\/ Cr\u00e9dito: J\u00e9ssica Bayer\"},{\"@type\":\"BreadcrumbList\",\"@id\":\"https:\\\/\\\/folhapopular.info\\\/index.php\\\/2026\\\/09\\\/05\\\/camara-de-vereadores-de-teutonia-homenageia-atletas-da-apae-da-bocha-paralimpica\\\/#breadcrumb\",\"itemListElement\":[{\"@type\":\"ListItem\",\"position\":1,\"name\":\"In\u00edcio\",\"item\":\"https:\\\/\\\/folhapopular.info\\\/\"},{\"@type\":\"ListItem\",\"position\":2,\"name\":\"C\u00e2mara de Vereadores de Teut\u00f4nia homenageia atletas da Apae da Bocha Paral\u00edmpica\"}]},{\"@type\":\"WebSite\",\"@id\":\"https:\\\/\\\/folhapopular.info\\\/#website\",\"url\":\"https:\\\/\\\/folhapopular.info\\\/\",\"name\":\"Folha Popular\",\"description\":\"Onde voc\u00ea tem vez e voz\",\"potentialAction\":[{\"@type\":\"SearchAction\",\"target\":{\"@type\":\"EntryPoint\",\"urlTemplate\":\"https:\\\/\\\/folhapopular.info\\\/?s={search_term_string}\"},\"query-input\":{\"@type\":\"PropertyValueSpecification\",\"valueRequired\":true,\"valueName\":\"search_term_string\"}}],\"inLanguage\":\"pt-BR\"},{\"@type\":\"Person\",\"@id\":\"https:\\\/\\\/folhapopular.info\\\/#\\\/schema\\\/person\\\/9c3bd49fe9d74793decad1d4c83fa974\",\"name\":\"J\u00e9ssica Bayer\",\"image\":{\"@type\":\"ImageObject\",\"inLanguage\":\"pt-BR\",\"@id\":\"https:\\\/\\\/secure.gravatar.com\\\/avatar\\\/66a5b729e90fb69c858616142b10a981fcab7744c95a8bfabc31856b5c9df354?s=96&d=mm&r=g\",\"url\":\"https:\\\/\\\/secure.gravatar.com\\\/avatar\\\/66a5b729e90fb69c858616142b10a981fcab7744c95a8bfabc31856b5c9df354?s=96&d=mm&r=g\",\"contentUrl\":\"https:\\\/\\\/secure.gravatar.com\\\/avatar\\\/66a5b729e90fb69c858616142b10a981fcab7744c95a8bfabc31856b5c9df354?s=96&d=mm&r=g\",\"caption\":\"J\u00e9ssica Bayer\"},\"url\":\"https:\\\/\\\/folhapopular.info\\\/index.php\\\/author\\\/jessicad-bayergmail-com\\\/\"}]}<\/script>\n<!-- \/ Yoast SEO plugin. -->","yoast_head_json":{"title":"C\u00e2mara de Vereadores de Teut\u00f4nia homenageia atletas da Apae da Bocha Paral\u00edmpica - Folha Popular","robots":{"index":"index","follow":"follow","max-snippet":"max-snippet:-1","max-image-preview":"max-image-preview:large","max-video-preview":"max-video-preview:-1"},"canonical":"https:\/\/folhapopular.info\/index.php\/2026\/09\/05\/camara-de-vereadores-de-teutonia-homenageia-atletas-da-apae-da-bocha-paralimpica\/","og_locale":"pt_BR","og_type":"article","og_title":"C\u00e2mara de Vereadores de Teut\u00f4nia homenageia atletas da Apae da Bocha Paral\u00edmpica - Folha Popular","og_description":"A C\u00e2mara de Vereadores de Teut\u00f4nia aprovou, durante a sess\u00e3o ordin\u00e1ria de quarta-feira (2\/9), cinco projetos de lei e um projeto de lei legislativo. Entre as mat\u00e9rias, est\u00e3o a autoriza\u00e7\u00e3o para contrata\u00e7\u00e3o tempor\u00e1ria de um professor de Geografia, a doa\u00e7\u00e3o de uma caixa d\u2019\u00e1gua aos Bombeiros Volunt\u00e1rios e a aquisi\u00e7\u00e3o de equipamentos para um caminh\u00e3o [&hellip;]","og_url":"https:\/\/folhapopular.info\/index.php\/2026\/09\/05\/camara-de-vereadores-de-teutonia-homenageia-atletas-da-apae-da-bocha-paralimpica\/","og_site_name":"Folha Popular","article_published_time":"2026-09-05T13:00:00+00:00","og_image":[{"width":2560,"height":1707,"url":"https:\/\/folhapopular.info\/wp-content\/uploads\/2026\/09\/Camara-aprova-doacao-de-caixa-dagua-aos-Bombeiros-e-contratacao-temporaria-de-professor-de-Geografia-scaled.webp","type":"image\/webp"}],"author":"J\u00e9ssica Bayer","twitter_card":"summary_large_image","twitter_misc":{"Escrito por":"J\u00e9ssica Bayer","Est. tempo de leitura":"6 minutos"},"schema":{"@context":"https:\/\/schema.org","@graph":[{"@type":"Article","@id":"https:\/\/folhapopular.info\/index.php\/2026\/09\/05\/camara-de-vereadores-de-teutonia-homenageia-atletas-da-apae-da-bocha-paralimpica\/#article","isPartOf":{"@id":"https:\/\/folhapopular.info\/index.php\/2026\/09\/05\/camara-de-vereadores-de-teutonia-homenageia-atletas-da-apae-da-bocha-paralimpica\/"},"author":{"name":"J\u00e9ssica Bayer","@id":"https:\/\/folhapopular.info\/#\/schema\/person\/9c3bd49fe9d74793decad1d4c83fa974"},"headline":"C\u00e2mara de Vereadores de Teut\u00f4nia homenageia atletas da Apae da Bocha Paral\u00edmpica","datePublished":"2026-09-05T13:00:00+00:00","mainEntityOfPage":{"@id":"https:\/\/folhapopular.info\/index.php\/2026\/09\/05\/camara-de-vereadores-de-teutonia-homenageia-atletas-da-apae-da-bocha-paralimpica\/"},"wordCount":1182,"commentCount":0,"image":{"@id":"https:\/\/folhapopular.info\/index.php\/2026\/09\/05\/camara-de-vereadores-de-teutonia-homenageia-atletas-da-apae-da-bocha-paralimpica\/#primaryimage"},"thumbnailUrl":"https:\/\/folhapopular.info\/wp-content\/uploads\/2026\/09\/Camara-aprova-doacao-de-caixa-dagua-aos-Bombeiros-e-contratacao-temporaria-de-professor-de-Geografia-scaled.webp","keywords":["Apae Teut\u00f4nia","Bocha paral\u00edmpica","C\u00e2mara de Vereadores","Teut\u00f4nia"],"articleSection":["Assinantes","C\u00e2mara de Vereadores de Teut\u00f4nia","Pol\u00edtica"],"inLanguage":"pt-BR","potentialAction":[{"@type":"CommentAction","name":"Comment","target":["https:\/\/folhapopular.info\/index.php\/2026\/09\/05\/camara-de-vereadores-de-teutonia-homenageia-atletas-da-apae-da-bocha-paralimpica\/#respond"]}]},{"@type":"WebPage","@id":"https:\/\/folhapopular.info\/index.php\/2026\/09\/05\/camara-de-vereadores-de-teutonia-homenageia-atletas-da-apae-da-bocha-paralimpica\/","url":"https:\/\/folhapopular.info\/index.php\/2026\/09\/05\/camara-de-vereadores-de-teutonia-homenageia-atletas-da-apae-da-bocha-paralimpica\/","name":"C\u00e2mara de Vereadores de Teut\u00f4nia homenageia atletas da Apae da Bocha Paral\u00edmpica - Folha Popular","isPartOf":{"@id":"https:\/\/folhapopular.info\/#website"},"primaryImageOfPage":{"@id":"https:\/\/folhapopular.info\/index.php\/2026\/09\/05\/camara-de-vereadores-de-teutonia-homenageia-atletas-da-apae-da-bocha-paralimpica\/#primaryimage"},"image":{"@id":"https:\/\/folhapopular.info\/index.php\/2026\/09\/05\/camara-de-vereadores-de-teutonia-homenageia-atletas-da-apae-da-bocha-paralimpica\/#primaryimage"},"thumbnailUrl":"https:\/\/folhapopular.info\/wp-content\/uploads\/2026\/09\/Camara-aprova-doacao-de-caixa-dagua-aos-Bombeiros-e-contratacao-temporaria-de-professor-de-Geografia-scaled.webp","datePublished":"2026-09-05T13:00:00+00:00","author":{"@id":"https:\/\/folhapopular.info\/#\/schema\/person\/9c3bd49fe9d74793decad1d4c83fa974"},"breadcrumb":{"@id":"https:\/\/folhapopular.info\/index.php\/2026\/09\/05\/camara-de-vereadores-de-teutonia-homenageia-atletas-da-apae-da-bocha-paralimpica\/#breadcrumb"},"inLanguage":"pt-BR","potentialAction":[{"@type":"ReadAction","target":["https:\/\/folhapopular.info\/index.php\/2026\/09\/05\/camara-de-vereadores-de-teutonia-homenageia-atletas-da-apae-da-bocha-paralimpica\/"]}]},{"@type":"ImageObject","inLanguage":"pt-BR","@id":"https:\/\/folhapopular.info\/index.php\/2026\/09\/05\/camara-de-vereadores-de-teutonia-homenageia-atletas-da-apae-da-bocha-paralimpica\/#primaryimage","url":"https:\/\/folhapopular.info\/wp-content\/uploads\/2026\/09\/Camara-aprova-doacao-de-caixa-dagua-aos-Bombeiros-e-contratacao-temporaria-de-professor-de-Geografia-scaled.webp","contentUrl":"https:\/\/folhapopular.info\/wp-content\/uploads\/2026\/09\/Camara-aprova-doacao-de-caixa-dagua-aos-Bombeiros-e-contratacao-temporaria-de-professor-de-Geografia-scaled.webp","width":2560,"height":1707,"caption":"C\u00e2mara aprova doa\u00e7\u00e3o de caixa d\u2019\u00e1gua aos Bombeiros e contrata\u00e7\u00e3o tempor\u00e1ria de professor de Geografia \/ Cr\u00e9dito: J\u00e9ssica Bayer"},{"@type":"BreadcrumbList","@id":"https:\/\/folhapopular.info\/index.php\/2026\/09\/05\/camara-de-vereadores-de-teutonia-homenageia-atletas-da-apae-da-bocha-paralimpica\/#breadcrumb","itemListElement":[{"@type":"ListItem","position":1,"name":"In\u00edcio","item":"https:\/\/folhapopular.info\/"},{"@type":"ListItem","position":2,"name":"C\u00e2mara de Vereadores de Teut\u00f4nia homenageia atletas da Apae da Bocha Paral\u00edmpica"}]},{"@type":"WebSite","@id":"https:\/\/folhapopular.info\/#website","url":"https:\/\/folhapopular.info\/","name":"Folha Popular","description":"Onde voc\u00ea tem vez e voz","potentialAction":[{"@type":"SearchAction","target":{"@type":"EntryPoint","urlTemplate":"https:\/\/folhapopular.info\/?s={search_term_string}"},"query-input":{"@type":"PropertyValueSpecification","valueRequired":true,"valueName":"search_term_string"}}],"inLanguage":"pt-BR"},{"@type":"Person","@id":"https:\/\/folhapopular.info\/#\/schema\/person\/9c3bd49fe9d74793decad1d4c83fa974","name":"J\u00e9ssica Bayer","image":{"@type":"ImageObject","inLanguage":"pt-BR","@id":"https:\/\/secure.gravatar.com\/avatar\/66a5b729e90fb69c858616142b10a981fcab7744c95a8bfabc31856b5c9df354?s=96&d=mm&r=g","url":"https:\/\/secure.gravatar.com\/avatar\/66a5b729e90fb69c858616142b10a981fcab7744c95a8bfabc31856b5c9df354?s=96&d=mm&r=g","contentUrl":"https:\/\/secure.gravatar.com\/avatar\/66a5b729e90fb69c858616142b10a981fcab7744c95a8bfabc31856b5c9df354?s=96&d=mm&r=g","caption":"J\u00e9ssica Bayer"},"url":"https:\/\/folhapopular.info\/index.php\/author\/jessicad-bayergmail-com\/"}]}},"jetpack_sharing_enabled":true,"amp_enabled":true,"jetpack_featured_media_url":"https:\/\/folhapopular.info\/wp-content\/uploads\/2026\/09\/Camara-aprova-doacao-de-caixa-dagua-aos-Bombeiros-e-contratacao-temporaria-de-professor-de-Geografia-scaled.webp","_links":{"self":[{"href":"https:\/\/folhapopular.info\/index.php\/wp-json\/wp\/v2\/posts\/220442","targetHints":{"allow":["GET"]}}],"collection":[{"href":"https:\/\/folhapopular.info\/index.php\/wp-json\/wp\/v2\/posts"}],"about":[{"href":"https:\/\/folhapopular.info\/index.php\/wp-json\/wp\/v2\/types\/post"}],"author":[{"embeddable":true,"href":"https:\/\/folhapopular.info\/index.php\/wp-json\/wp\/v2\/users\/764"}],"replies":[{"embeddable":true,"href":"https:\/\/folhapopular.info\/index.php\/wp-json\/wp\/v2\/comments?post=220442"}],"version-history":[{"count":1,"href":"https:\/\/folhapopular.info\/index.php\/wp-json\/wp\/v2\/posts\/220442\/revisions"}],"predecessor-version":[{"id":220444,"href":"https:\/\/folhapopular.info\/index.php\/wp-json\/wp\/v2\/posts\/220442\/revisions\/220444"}],"wp:featuredmedia":[{"embeddable":true,"href":"https:\/\/folhapopular.info\/index.php\/wp-json\/wp\/v2\/media\/220443"}],"wp:attachment":[{"href":"https:\/\/folhapopular.info\/index.php\/wp-json\/wp\/v2\/media?parent=220442"}],"wp:term":[{"taxonomy":"category","embeddable":true,"href":"https:\/\/folhapopular.info\/index.php\/wp-json\/wp\/v2\/categories?post=220442"},{"taxonomy":"post_tag","embeddable":true,"href":"https:\/\/folhapopular.info\/index.php\/wp-json\/wp\/v2\/tags?post=220442"}],"curies":[{"name":"wp","href":"https:\/\/api.w.org\/{rel}","templated":true}]}}