{"id":220458,"date":"2026-09-06T12:00:00","date_gmt":"2026-09-06T15:00:00","guid":{"rendered":"https:\/\/folhapopular.info\/?p=220458"},"modified":"2026-09-05T11:28:52","modified_gmt":"2026-09-05T14:28:52","slug":"homens-precisam-entrar-neste-debate","status":"publish","type":"post","link":"https:\/\/folhapopular.info\/index.php\/2026\/09\/06\/homens-precisam-entrar-neste-debate\/","title":{"rendered":"Homens precisam entrar neste debate"},"content":{"rendered":"\n<p class=\"wp-block-paragraph\">O Brasil possui legisla\u00e7\u00e3o espec\u00edfica, pol\u00edticas p\u00fablicas, servi\u00e7os de prote\u00e7\u00e3o e mecanismos jur\u00eddicos voltados ao enfrentamento da viol\u00eancia contra as mulheres. Ainda assim, o feminic\u00eddio continua em patamares elevados \u2013 \u00e9 o \u00fanico indicador que sobe. Em 2025, foram registradas 1.571 mortes de mulheres por raz\u00f5es de g\u00eanero no pa\u00eds, segundo dados do F\u00f3rum Brasileiro de Seguran\u00e7a P\u00fablica. Foi o quarto ano consecutivo de crescimento e o maior n\u00famero da s\u00e9rie hist\u00f3rica.<\/p>\n\n\n\n<p class=\"wp-block-paragraph\">A perman\u00eancia desses \u00edndices levanta uma quest\u00e3o que vai al\u00e9m da responsabiliza\u00e7\u00e3o criminal de quem mata. Por que uma sociedade que reconhece juridicamente a viol\u00eancia contra as mulheres ainda produz tantas mortes?<\/p>\n\n\n\n<p class=\"wp-block-paragraph\">Para o psic\u00f3logo Fabr\u00edcio de Saibro, uma parte da resposta est\u00e1 justamente na maneira como o feminic\u00eddio \u00e9 compreendido. O crime acontece em uma rela\u00e7\u00e3o concreta, entre pessoas concretas, mas n\u00e3o pode ser explicado somente pelas caracter\u00edsticas individuais do agressor.<\/p>\n\n\n\n<p class=\"wp-block-paragraph\">O feminic\u00eddio, segundo ele, est\u00e1 relacionado tamb\u00e9m \u00e0s normas sociais, \u00e0s rela\u00e7\u00f5es de g\u00eanero, aos processos de socializa\u00e7\u00e3o, \u00e0s concep\u00e7\u00f5es de masculinidade e feminilidade e \u00e0s desigualdades que atravessam a sociedade. \u201cO feminic\u00eddio \u00e9 individual em sua ocorr\u00eancia, mas social em suas causalidades\u201d, resume.<\/p>\n\n\n\n<p class=\"wp-block-paragraph\">A observa\u00e7\u00e3o \u00e9 importante porque, diante de um feminic\u00eddio, \u00e9 comum a tentativa de encontrar uma explica\u00e7\u00e3o exclusivamente individual: o homem era doente, muito ciumento, obcecado, tinha problemas psicol\u00f3gicos ou \u201cperdeu o controle\u201d. Essas caracter\u00edsticas podem estar presentes em determinados casos, mas, para Fabr\u00edcio, transform\u00e1-las em explica\u00e7\u00e3o geral significa reduzir um problema social a uma quest\u00e3o de personalidade.<\/p>\n\n\n\n<p class=\"wp-block-paragraph\">Isso n\u00e3o retira a responsabilidade de quem comete o crime. O agressor continua sendo respons\u00e1vel pelo ato que praticou. A quest\u00e3o \u00e9 compreender tamb\u00e9m por que determinadas formas de controle, domina\u00e7\u00e3o e viol\u00eancia encontram espa\u00e7o para surgir, persistir e, em alguns casos, chegar ao extremo.<\/p>\n\n\n\n<p class=\"wp-block-paragraph\">Uma das perguntas centrais, segundo o psic\u00f3logo, \u00e9 o que significa uma sociedade na qual determinados homens interpretam o fim de um relacionamento como a perda de um direito sobre uma mulher. Quando uma separa\u00e7\u00e3o \u00e9 entendida como afronta \u00e0 autoridade, \u00e0 posse ou \u00e0 masculinidade, a autonomia feminina deixa de ser reconhecida. A mulher passa a ser percebida n\u00e3o como sujeito capaz de decidir sobre a pr\u00f3pria vida, mas como algu\u00e9m sobre quem o homem teria direito de exercer controle.<\/p>\n\n\n\n<p class=\"wp-block-paragraph\">Essa concep\u00e7\u00e3o n\u00e3o surge espontaneamente. Ela \u00e9 influenciada por processos hist\u00f3ricos de socializa\u00e7\u00e3o que associaram masculinidade \u00e0 autoridade, for\u00e7a, autonomia e capacidade de controle e atribu\u00edram \u00e0s mulheres pap\u00e9is relacionados ao cuidado, \u00e0 submiss\u00e3o e \u00e0 manuten\u00e7\u00e3o dos v\u00ednculos.<\/p>\n\n\n\n<p class=\"wp-block-paragraph\">Isso n\u00e3o significa que masculinidade produza necessariamente viol\u00eancia ou que homens sejam potenciais feminicidas. O ponto \u00e9 compreender que determinadas formas de exercer a masculinidade, quando associadas a rela\u00e7\u00f5es desiguais de g\u00eanero e \u00e0 toler\u00e2ncia social ao controle e \u00e0 domina\u00e7\u00e3o, podem favorecer a nega\u00e7\u00e3o da autonomia das mulheres.<\/p>\n\n\n\n<h2 class=\"wp-block-heading\"><strong>O que os homens t\u00eam a ver com isso?<\/strong><\/h2>\n\n\n\n<p class=\"wp-block-paragraph\">Para a consultora e especialista em masculinidades, Angelita Herrmann, o enfrentamento da viol\u00eancia contra as mulheres n\u00e3o pode ser tratado como uma responsabilidade exclusivamente feminina. Ela defende que os homens precisam reconhecer que tamb\u00e9m fazem parte da sociedade que produz e reproduz essas normas. Isso significa mais do que condenar um feminic\u00eddio depois que ele acontece. Significa questionar comportamentos antes que eles se transformem em viol\u00eancia.<\/p>\n\n\n\n<p class=\"wp-block-paragraph\">Angelita cita o ci\u00fame possessivo, o controle e outras formas de domina\u00e7\u00e3o como comportamentos que precisam ser reconhecidos e enfrentados. Tamb\u00e9m aponta responsabilidades cotidianas: n\u00e3o permanecer calado diante de piadas e falas mis\u00f3ginas, intervir diante de atitudes violentas, participar de campanhas de conscientiza\u00e7\u00e3o e assumir conjuntamente com as mulheres a educa\u00e7\u00e3o dos filhos para o respeito.<\/p>\n\n\n\n<p class=\"wp-block-paragraph\">\u201cO enfrentamento \u00e0 viol\u00eancia contra a mulher n\u00e3o \u00e9 uma pauta exclusiva das mulheres. \u00c9 uma responsabilidade de toda a sociedade, e os homens precisam assumir a sua parte para que a mudan\u00e7a aconte\u00e7a logo\u201d, afirma.<\/p>\n\n\n\n<p class=\"wp-block-paragraph\">A proposta n\u00e3o \u00e9 transformar todos os homens em suspeitos ou atribuir a eles uma culpa coletiva por crimes cometidos por outros homens. \u00c9 reconhecer que eles podem participar ativamente da preven\u00e7\u00e3o.<\/p>\n","protected":false},"excerpt":{"rendered":"<p>O Brasil possui legisla\u00e7\u00e3o espec\u00edfica, pol\u00edticas p\u00fablicas, servi\u00e7os de prote\u00e7\u00e3o e mecanismos jur\u00eddicos voltados ao enfrentamento da viol\u00eancia contra as mulheres. Ainda assim, o feminic\u00eddio continua em patamares elevados \u2013 \u00e9 o \u00fanico indicador que sobe. Em 2025, foram registradas 1.571 mortes de mulheres por raz\u00f5es de g\u00eanero no pa\u00eds, segundo dados do F\u00f3rum Brasileiro [&hellip;]<\/p>\n","protected":false},"author":707,"featured_media":220459,"comment_status":"open","ping_status":"open","sticky":false,"template":"","format":"standard","meta":{"pmpro_default_level":"","_jetpack_memberships_contains_paid_content":false,"footnotes":""},"categories":[2,3],"tags":[11789,2428,1530],"class_list":["post-220458","post","type-post","status-publish","format-standard","has-post-thumbnail","category-featured","category-geral","tag-feminicidios","tag-violencia","tag-violencia-contra-a-mulher","pmpro-has-access"],"yoast_head":"<!-- This site is optimized with the Yoast SEO plugin v28.4 - https:\/\/yoast.com\/product\/yoast-seo-wordpress\/ -->\n<title>Homens precisam entrar neste debate - Folha Popular<\/title>\n<meta name=\"robots\" content=\"index, follow, max-snippet:-1, max-image-preview:large, max-video-preview:-1\" \/>\n<link rel=\"canonical\" href=\"https:\/\/folhapopular.info\/index.php\/2026\/09\/06\/homens-precisam-entrar-neste-debate\/\" \/>\n<meta property=\"og:locale\" content=\"pt_BR\" \/>\n<meta property=\"og:type\" content=\"article\" \/>\n<meta property=\"og:title\" content=\"Homens precisam entrar neste debate - Folha Popular\" \/>\n<meta property=\"og:description\" content=\"O Brasil possui legisla\u00e7\u00e3o espec\u00edfica, pol\u00edticas p\u00fablicas, servi\u00e7os de prote\u00e7\u00e3o e mecanismos jur\u00eddicos voltados ao enfrentamento da viol\u00eancia contra as mulheres. Ainda assim, o feminic\u00eddio continua em patamares elevados \u2013 \u00e9 o \u00fanico indicador que sobe. Em 2025, foram registradas 1.571 mortes de mulheres por raz\u00f5es de g\u00eanero no pa\u00eds, segundo dados do F\u00f3rum Brasileiro [&hellip;]\" \/>\n<meta property=\"og:url\" content=\"https:\/\/folhapopular.info\/index.php\/2026\/09\/06\/homens-precisam-entrar-neste-debate\/\" \/>\n<meta property=\"og:site_name\" content=\"Folha Popular\" \/>\n<meta property=\"article:published_time\" content=\"2026-09-06T15:00:00+00:00\" \/>\n<meta property=\"og:image\" content=\"https:\/\/folhapopular.info\/wp-content\/uploads\/2026\/09\/pexels-karola-g-4379954-scaled-e1788618396601.webp\" \/>\n\t<meta property=\"og:image:width\" content=\"1707\" \/>\n\t<meta property=\"og:image:height\" content=\"1143\" \/>\n\t<meta property=\"og:image:type\" content=\"image\/webp\" \/>\n<meta name=\"author\" content=\"Ariana de Oliveira\" \/>\n<meta name=\"twitter:card\" content=\"summary_large_image\" \/>\n<meta name=\"twitter:label1\" content=\"Escrito por\" \/>\n\t<meta name=\"twitter:data1\" content=\"Ariana de Oliveira\" \/>\n\t<meta name=\"twitter:label2\" content=\"Est. tempo de leitura\" \/>\n\t<meta name=\"twitter:data2\" content=\"4 minutos\" \/>\n<script type=\"application\/ld+json\" class=\"yoast-schema-graph\">{\"@context\":\"https:\\\/\\\/schema.org\",\"@graph\":[{\"@type\":\"Article\",\"@id\":\"https:\\\/\\\/folhapopular.info\\\/index.php\\\/2026\\\/09\\\/06\\\/homens-precisam-entrar-neste-debate\\\/#article\",\"isPartOf\":{\"@id\":\"https:\\\/\\\/folhapopular.info\\\/index.php\\\/2026\\\/09\\\/06\\\/homens-precisam-entrar-neste-debate\\\/\"},\"author\":{\"name\":\"Ariana de Oliveira\",\"@id\":\"https:\\\/\\\/folhapopular.info\\\/#\\\/schema\\\/person\\\/e80d332e33633a6164933af03d7ee1b2\"},\"headline\":\"Homens precisam entrar neste debate\",\"datePublished\":\"2026-09-06T15:00:00+00:00\",\"mainEntityOfPage\":{\"@id\":\"https:\\\/\\\/folhapopular.info\\\/index.php\\\/2026\\\/09\\\/06\\\/homens-precisam-entrar-neste-debate\\\/\"},\"wordCount\":732,\"commentCount\":0,\"image\":{\"@id\":\"https:\\\/\\\/folhapopular.info\\\/index.php\\\/2026\\\/09\\\/06\\\/homens-precisam-entrar-neste-debate\\\/#primaryimage\"},\"thumbnailUrl\":\"https:\\\/\\\/folhapopular.info\\\/wp-content\\\/uploads\\\/2026\\\/09\\\/pexels-karola-g-4379954-scaled-e1788618396601.webp\",\"keywords\":[\"feminic\u00eddios\",\"Viol\u00eancia\",\"Viol\u00eancia contra a mulher\"],\"articleSection\":[\"Destaques\",\"Geral\"],\"inLanguage\":\"pt-BR\",\"potentialAction\":[{\"@type\":\"CommentAction\",\"name\":\"Comment\",\"target\":[\"https:\\\/\\\/folhapopular.info\\\/index.php\\\/2026\\\/09\\\/06\\\/homens-precisam-entrar-neste-debate\\\/#respond\"]}]},{\"@type\":\"WebPage\",\"@id\":\"https:\\\/\\\/folhapopular.info\\\/index.php\\\/2026\\\/09\\\/06\\\/homens-precisam-entrar-neste-debate\\\/\",\"url\":\"https:\\\/\\\/folhapopular.info\\\/index.php\\\/2026\\\/09\\\/06\\\/homens-precisam-entrar-neste-debate\\\/\",\"name\":\"Homens precisam entrar neste debate - Folha Popular\",\"isPartOf\":{\"@id\":\"https:\\\/\\\/folhapopular.info\\\/#website\"},\"primaryImageOfPage\":{\"@id\":\"https:\\\/\\\/folhapopular.info\\\/index.php\\\/2026\\\/09\\\/06\\\/homens-precisam-entrar-neste-debate\\\/#primaryimage\"},\"image\":{\"@id\":\"https:\\\/\\\/folhapopular.info\\\/index.php\\\/2026\\\/09\\\/06\\\/homens-precisam-entrar-neste-debate\\\/#primaryimage\"},\"thumbnailUrl\":\"https:\\\/\\\/folhapopular.info\\\/wp-content\\\/uploads\\\/2026\\\/09\\\/pexels-karola-g-4379954-scaled-e1788618396601.webp\",\"datePublished\":\"2026-09-06T15:00:00+00:00\",\"author\":{\"@id\":\"https:\\\/\\\/folhapopular.info\\\/#\\\/schema\\\/person\\\/e80d332e33633a6164933af03d7ee1b2\"},\"breadcrumb\":{\"@id\":\"https:\\\/\\\/folhapopular.info\\\/index.php\\\/2026\\\/09\\\/06\\\/homens-precisam-entrar-neste-debate\\\/#breadcrumb\"},\"inLanguage\":\"pt-BR\",\"potentialAction\":[{\"@type\":\"ReadAction\",\"target\":[\"https:\\\/\\\/folhapopular.info\\\/index.php\\\/2026\\\/09\\\/06\\\/homens-precisam-entrar-neste-debate\\\/\"]}]},{\"@type\":\"ImageObject\",\"inLanguage\":\"pt-BR\",\"@id\":\"https:\\\/\\\/folhapopular.info\\\/index.php\\\/2026\\\/09\\\/06\\\/homens-precisam-entrar-neste-debate\\\/#primaryimage\",\"url\":\"https:\\\/\\\/folhapopular.info\\\/wp-content\\\/uploads\\\/2026\\\/09\\\/pexels-karola-g-4379954-scaled-e1788618396601.webp\",\"contentUrl\":\"https:\\\/\\\/folhapopular.info\\\/wp-content\\\/uploads\\\/2026\\\/09\\\/pexels-karola-g-4379954-scaled-e1788618396601.webp\",\"width\":1707,\"height\":1143,\"caption\":\"Cr\u00e9dito: Pexels\"},{\"@type\":\"BreadcrumbList\",\"@id\":\"https:\\\/\\\/folhapopular.info\\\/index.php\\\/2026\\\/09\\\/06\\\/homens-precisam-entrar-neste-debate\\\/#breadcrumb\",\"itemListElement\":[{\"@type\":\"ListItem\",\"position\":1,\"name\":\"In\u00edcio\",\"item\":\"https:\\\/\\\/folhapopular.info\\\/\"},{\"@type\":\"ListItem\",\"position\":2,\"name\":\"Homens precisam entrar neste debate\"}]},{\"@type\":\"WebSite\",\"@id\":\"https:\\\/\\\/folhapopular.info\\\/#website\",\"url\":\"https:\\\/\\\/folhapopular.info\\\/\",\"name\":\"Folha Popular\",\"description\":\"Onde voc\u00ea tem vez e voz\",\"potentialAction\":[{\"@type\":\"SearchAction\",\"target\":{\"@type\":\"EntryPoint\",\"urlTemplate\":\"https:\\\/\\\/folhapopular.info\\\/?s={search_term_string}\"},\"query-input\":{\"@type\":\"PropertyValueSpecification\",\"valueRequired\":true,\"valueName\":\"search_term_string\"}}],\"inLanguage\":\"pt-BR\"},{\"@type\":\"Person\",\"@id\":\"https:\\\/\\\/folhapopular.info\\\/#\\\/schema\\\/person\\\/e80d332e33633a6164933af03d7ee1b2\",\"name\":\"Ariana de Oliveira\",\"image\":{\"@type\":\"ImageObject\",\"inLanguage\":\"pt-BR\",\"@id\":\"https:\\\/\\\/folhapopular.info\\\/wp-content\\\/uploads\\\/2026\\\/05\\\/file-_27_.webp\",\"url\":\"https:\\\/\\\/folhapopular.info\\\/wp-content\\\/uploads\\\/2026\\\/05\\\/file-_27_.webp\",\"contentUrl\":\"https:\\\/\\\/folhapopular.info\\\/wp-content\\\/uploads\\\/2026\\\/05\\\/file-_27_.webp\",\"caption\":\"Ariana de Oliveira\"},\"url\":\"https:\\\/\\\/folhapopular.info\\\/index.php\\\/author\\\/ariana-deoliveiragmail-com\\\/\"}]}<\/script>\n<!-- \/ Yoast SEO plugin. -->","yoast_head_json":{"title":"Homens precisam entrar neste debate - Folha Popular","robots":{"index":"index","follow":"follow","max-snippet":"max-snippet:-1","max-image-preview":"max-image-preview:large","max-video-preview":"max-video-preview:-1"},"canonical":"https:\/\/folhapopular.info\/index.php\/2026\/09\/06\/homens-precisam-entrar-neste-debate\/","og_locale":"pt_BR","og_type":"article","og_title":"Homens precisam entrar neste debate - Folha Popular","og_description":"O Brasil possui legisla\u00e7\u00e3o espec\u00edfica, pol\u00edticas p\u00fablicas, servi\u00e7os de prote\u00e7\u00e3o e mecanismos jur\u00eddicos voltados ao enfrentamento da viol\u00eancia contra as mulheres. Ainda assim, o feminic\u00eddio continua em patamares elevados \u2013 \u00e9 o \u00fanico indicador que sobe. Em 2025, foram registradas 1.571 mortes de mulheres por raz\u00f5es de g\u00eanero no pa\u00eds, segundo dados do F\u00f3rum Brasileiro [&hellip;]","og_url":"https:\/\/folhapopular.info\/index.php\/2026\/09\/06\/homens-precisam-entrar-neste-debate\/","og_site_name":"Folha Popular","article_published_time":"2026-09-06T15:00:00+00:00","og_image":[{"width":1707,"height":1143,"url":"https:\/\/folhapopular.info\/wp-content\/uploads\/2026\/09\/pexels-karola-g-4379954-scaled-e1788618396601.webp","type":"image\/webp"}],"author":"Ariana de Oliveira","twitter_card":"summary_large_image","twitter_misc":{"Escrito por":"Ariana de Oliveira","Est. tempo de leitura":"4 minutos"},"schema":{"@context":"https:\/\/schema.org","@graph":[{"@type":"Article","@id":"https:\/\/folhapopular.info\/index.php\/2026\/09\/06\/homens-precisam-entrar-neste-debate\/#article","isPartOf":{"@id":"https:\/\/folhapopular.info\/index.php\/2026\/09\/06\/homens-precisam-entrar-neste-debate\/"},"author":{"name":"Ariana de Oliveira","@id":"https:\/\/folhapopular.info\/#\/schema\/person\/e80d332e33633a6164933af03d7ee1b2"},"headline":"Homens precisam entrar neste debate","datePublished":"2026-09-06T15:00:00+00:00","mainEntityOfPage":{"@id":"https:\/\/folhapopular.info\/index.php\/2026\/09\/06\/homens-precisam-entrar-neste-debate\/"},"wordCount":732,"commentCount":0,"image":{"@id":"https:\/\/folhapopular.info\/index.php\/2026\/09\/06\/homens-precisam-entrar-neste-debate\/#primaryimage"},"thumbnailUrl":"https:\/\/folhapopular.info\/wp-content\/uploads\/2026\/09\/pexels-karola-g-4379954-scaled-e1788618396601.webp","keywords":["feminic\u00eddios","Viol\u00eancia","Viol\u00eancia contra a mulher"],"articleSection":["Destaques","Geral"],"inLanguage":"pt-BR","potentialAction":[{"@type":"CommentAction","name":"Comment","target":["https:\/\/folhapopular.info\/index.php\/2026\/09\/06\/homens-precisam-entrar-neste-debate\/#respond"]}]},{"@type":"WebPage","@id":"https:\/\/folhapopular.info\/index.php\/2026\/09\/06\/homens-precisam-entrar-neste-debate\/","url":"https:\/\/folhapopular.info\/index.php\/2026\/09\/06\/homens-precisam-entrar-neste-debate\/","name":"Homens precisam entrar neste debate - Folha Popular","isPartOf":{"@id":"https:\/\/folhapopular.info\/#website"},"primaryImageOfPage":{"@id":"https:\/\/folhapopular.info\/index.php\/2026\/09\/06\/homens-precisam-entrar-neste-debate\/#primaryimage"},"image":{"@id":"https:\/\/folhapopular.info\/index.php\/2026\/09\/06\/homens-precisam-entrar-neste-debate\/#primaryimage"},"thumbnailUrl":"https:\/\/folhapopular.info\/wp-content\/uploads\/2026\/09\/pexels-karola-g-4379954-scaled-e1788618396601.webp","datePublished":"2026-09-06T15:00:00+00:00","author":{"@id":"https:\/\/folhapopular.info\/#\/schema\/person\/e80d332e33633a6164933af03d7ee1b2"},"breadcrumb":{"@id":"https:\/\/folhapopular.info\/index.php\/2026\/09\/06\/homens-precisam-entrar-neste-debate\/#breadcrumb"},"inLanguage":"pt-BR","potentialAction":[{"@type":"ReadAction","target":["https:\/\/folhapopular.info\/index.php\/2026\/09\/06\/homens-precisam-entrar-neste-debate\/"]}]},{"@type":"ImageObject","inLanguage":"pt-BR","@id":"https:\/\/folhapopular.info\/index.php\/2026\/09\/06\/homens-precisam-entrar-neste-debate\/#primaryimage","url":"https:\/\/folhapopular.info\/wp-content\/uploads\/2026\/09\/pexels-karola-g-4379954-scaled-e1788618396601.webp","contentUrl":"https:\/\/folhapopular.info\/wp-content\/uploads\/2026\/09\/pexels-karola-g-4379954-scaled-e1788618396601.webp","width":1707,"height":1143,"caption":"Cr\u00e9dito: Pexels"},{"@type":"BreadcrumbList","@id":"https:\/\/folhapopular.info\/index.php\/2026\/09\/06\/homens-precisam-entrar-neste-debate\/#breadcrumb","itemListElement":[{"@type":"ListItem","position":1,"name":"In\u00edcio","item":"https:\/\/folhapopular.info\/"},{"@type":"ListItem","position":2,"name":"Homens precisam entrar neste debate"}]},{"@type":"WebSite","@id":"https:\/\/folhapopular.info\/#website","url":"https:\/\/folhapopular.info\/","name":"Folha Popular","description":"Onde voc\u00ea tem vez e voz","potentialAction":[{"@type":"SearchAction","target":{"@type":"EntryPoint","urlTemplate":"https:\/\/folhapopular.info\/?s={search_term_string}"},"query-input":{"@type":"PropertyValueSpecification","valueRequired":true,"valueName":"search_term_string"}}],"inLanguage":"pt-BR"},{"@type":"Person","@id":"https:\/\/folhapopular.info\/#\/schema\/person\/e80d332e33633a6164933af03d7ee1b2","name":"Ariana de Oliveira","image":{"@type":"ImageObject","inLanguage":"pt-BR","@id":"https:\/\/folhapopular.info\/wp-content\/uploads\/2026\/05\/file-_27_.webp","url":"https:\/\/folhapopular.info\/wp-content\/uploads\/2026\/05\/file-_27_.webp","contentUrl":"https:\/\/folhapopular.info\/wp-content\/uploads\/2026\/05\/file-_27_.webp","caption":"Ariana de Oliveira"},"url":"https:\/\/folhapopular.info\/index.php\/author\/ariana-deoliveiragmail-com\/"}]}},"jetpack_sharing_enabled":true,"amp_enabled":true,"jetpack_featured_media_url":"https:\/\/folhapopular.info\/wp-content\/uploads\/2026\/09\/pexels-karola-g-4379954-scaled-e1788618396601.webp","_links":{"self":[{"href":"https:\/\/folhapopular.info\/index.php\/wp-json\/wp\/v2\/posts\/220458","targetHints":{"allow":["GET"]}}],"collection":[{"href":"https:\/\/folhapopular.info\/index.php\/wp-json\/wp\/v2\/posts"}],"about":[{"href":"https:\/\/folhapopular.info\/index.php\/wp-json\/wp\/v2\/types\/post"}],"author":[{"embeddable":true,"href":"https:\/\/folhapopular.info\/index.php\/wp-json\/wp\/v2\/users\/707"}],"replies":[{"embeddable":true,"href":"https:\/\/folhapopular.info\/index.php\/wp-json\/wp\/v2\/comments?post=220458"}],"version-history":[{"count":1,"href":"https:\/\/folhapopular.info\/index.php\/wp-json\/wp\/v2\/posts\/220458\/revisions"}],"predecessor-version":[{"id":220462,"href":"https:\/\/folhapopular.info\/index.php\/wp-json\/wp\/v2\/posts\/220458\/revisions\/220462"}],"wp:featuredmedia":[{"embeddable":true,"href":"https:\/\/folhapopular.info\/index.php\/wp-json\/wp\/v2\/media\/220459"}],"wp:attachment":[{"href":"https:\/\/folhapopular.info\/index.php\/wp-json\/wp\/v2\/media?parent=220458"}],"wp:term":[{"taxonomy":"category","embeddable":true,"href":"https:\/\/folhapopular.info\/index.php\/wp-json\/wp\/v2\/categories?post=220458"},{"taxonomy":"post_tag","embeddable":true,"href":"https:\/\/folhapopular.info\/index.php\/wp-json\/wp\/v2\/tags?post=220458"}],"curies":[{"name":"wp","href":"https:\/\/api.w.org\/{rel}","templated":true}]}}