{"id":220477,"date":"2026-09-05T18:02:49","date_gmt":"2026-09-05T21:02:49","guid":{"rendered":"https:\/\/folhapopular.info\/?p=220477"},"modified":"2026-09-05T18:02:50","modified_gmt":"2026-09-05T21:02:50","slug":"corais-de-teutonia-e-salvador-do-sul-levam-tradicao-gaucha-para-joinville","status":"publish","type":"post","link":"https:\/\/folhapopular.info\/index.php\/2026\/09\/05\/corais-de-teutonia-e-salvador-do-sul-levam-tradicao-gaucha-para-joinville\/","title":{"rendered":"Corais de Teut\u00f4nia e Salvador do Sul levam tradi\u00e7\u00e3o ga\u00facha para Joinville"},"content":{"rendered":"\n<p class=\"wp-block-paragraph\">A for\u00e7a do canto coletivo e a riqueza da tradi\u00e7\u00e3o ga\u00facha estar\u00e3o reunidas na participa\u00e7\u00e3o dos corais municipais de Teut\u00f4nia e Salvador do Sul no 6\u00ba Festival de Coros de Joinville, em Santa Catarina. Sob a reg\u00eancia do maestro Martin Altevogt, os dois grupos formam um movimento de integra\u00e7\u00e3o cultural que aproxima diferentes hist\u00f3rias por meio da m\u00fasica.<\/p>\n\n\n\n<p class=\"wp-block-paragraph\">Fundado em 1983, o Coral Municipal de Teut\u00f4nia conta atualmente com cerca de 30 cantores e mant\u00e9m viva a tradi\u00e7\u00e3o germ\u00e2nica por meio dos ensaios semanais, realizados \u00e0s segundas-feiras. Ao longo de sua trajet\u00f3ria, o grupo lan\u00e7ou dois CDs e conquistou, em 2017, o t\u00edtulo de Capital Nacional do Canto Coral.<\/p>\n\n\n\n<p class=\"wp-block-paragraph\">J\u00e1 o Coral Municipal de Salvador do Sul, criado em 1993, re\u00fane aproximadamente 25 integrantes volunt\u00e1rios. Os ensaios ocorrem \u00e0s ter\u00e7as-feiras e o grupo acumula participa\u00e7\u00f5es em festivais internacionais. Em 2025, lan\u00e7ou seu primeiro trabalho gravado, ampliando o registro de sua trajet\u00f3ria musical.<\/p>\n\n\n\n<p class=\"wp-block-paragraph\">\u00c0 frente dos dois corais est\u00e1 o maestro Martin Altevogt, que possui mais de 25 anos de experi\u00eancia na m\u00fasica e forma\u00e7\u00e3o de gradua\u00e7\u00e3o e p\u00f3s-gradua\u00e7\u00e3o pela UFRGS e pela UFBA. Com a mesma reg\u00eancia t\u00e9cnica e art\u00edstica, ele conduz os grupos na constru\u00e7\u00e3o de uma apresenta\u00e7\u00e3o que valoriza a identidade cultural, a diversidade de vozes e a for\u00e7a da m\u00fasica como instrumento de integra\u00e7\u00e3o.<\/p>\n\n\n\n<p class=\"wp-block-paragraph\">A participa\u00e7\u00e3o conjunta no festival representa, assim, mais do que uma apresenta\u00e7\u00e3o musical: \u00e9 o encontro de duas trajet\u00f3rias que preservam tradi\u00e7\u00f5es e levam a cultura dos munic\u00edpios ga\u00fachos para al\u00e9m de suas fronteiras.<\/p>\n\n\n\n<p class=\"wp-block-paragraph\"><\/p>\n","protected":false},"excerpt":{"rendered":"<p>A for\u00e7a do canto coletivo e a riqueza da tradi\u00e7\u00e3o ga\u00facha estar\u00e3o reunidas na participa\u00e7\u00e3o dos corais municipais de Teut\u00f4nia e Salvador do Sul no 6\u00ba Festival de Coros de Joinville, em Santa Catarina. Sob a reg\u00eancia do maestro Martin Altevogt, os dois grupos formam um movimento de integra\u00e7\u00e3o cultural que aproxima diferentes hist\u00f3rias por [&hellip;]<\/p>\n","protected":false},"author":8,"featured_media":220478,"comment_status":"open","ping_status":"open","sticky":false,"template":"","format":"standard","meta":{"pmpro_default_level":"","_jetpack_memberships_contains_paid_content":false,"footnotes":""},"categories":[10996,6],"tags":[],"class_list":["post-220477","post","type-post","status-publish","format-standard","has-post-thumbnail","category-cultura","category-inclusive","pmpro-has-access"],"yoast_head":"<!-- This site is optimized with the Yoast SEO plugin v28.4 - https:\/\/yoast.com\/product\/yoast-seo-wordpress\/ -->\n<title>Corais de Teut\u00f4nia e Salvador do Sul levam tradi\u00e7\u00e3o ga\u00facha para Joinville - Folha Popular<\/title>\n<meta name=\"robots\" content=\"index, follow, max-snippet:-1, max-image-preview:large, max-video-preview:-1\" \/>\n<link rel=\"canonical\" href=\"https:\/\/folhapopular.info\/index.php\/2026\/09\/05\/corais-de-teutonia-e-salvador-do-sul-levam-tradicao-gaucha-para-joinville\/\" \/>\n<meta property=\"og:locale\" content=\"pt_BR\" \/>\n<meta property=\"og:type\" content=\"article\" \/>\n<meta property=\"og:title\" content=\"Corais de Teut\u00f4nia e Salvador do Sul levam tradi\u00e7\u00e3o ga\u00facha para Joinville - Folha Popular\" \/>\n<meta property=\"og:description\" content=\"A for\u00e7a do canto coletivo e a riqueza da tradi\u00e7\u00e3o ga\u00facha estar\u00e3o reunidas na participa\u00e7\u00e3o dos corais municipais de Teut\u00f4nia e Salvador do Sul no 6\u00ba Festival de Coros de Joinville, em Santa Catarina. Sob a reg\u00eancia do maestro Martin Altevogt, os dois grupos formam um movimento de integra\u00e7\u00e3o cultural que aproxima diferentes hist\u00f3rias por [&hellip;]\" \/>\n<meta property=\"og:url\" content=\"https:\/\/folhapopular.info\/index.php\/2026\/09\/05\/corais-de-teutonia-e-salvador-do-sul-levam-tradicao-gaucha-para-joinville\/\" \/>\n<meta property=\"og:site_name\" content=\"Folha Popular\" \/>\n<meta property=\"article:published_time\" content=\"2026-09-05T21:02:49+00:00\" \/>\n<meta property=\"article:modified_time\" content=\"2026-09-05T21:02:50+00:00\" \/>\n<meta property=\"og:image\" content=\"https:\/\/folhapopular.info\/wp-content\/uploads\/2026\/09\/WhatsApp-Image-2026-09-05-at-17.49.59.webp\" \/>\n\t<meta property=\"og:image:width\" content=\"1062\" \/>\n\t<meta property=\"og:image:height\" content=\"550\" \/>\n\t<meta property=\"og:image:type\" content=\"image\/webp\" \/>\n<meta name=\"author\" content=\"Reda\u00e7\u00e3o Folha Popular\" \/>\n<meta name=\"twitter:card\" content=\"summary_large_image\" \/>\n<meta name=\"twitter:label1\" content=\"Escrito por\" \/>\n\t<meta name=\"twitter:data1\" content=\"Reda\u00e7\u00e3o Folha Popular\" \/>\n\t<meta name=\"twitter:label2\" content=\"Est. tempo de leitura\" \/>\n\t<meta name=\"twitter:data2\" content=\"2 minutos\" \/>\n<script type=\"application\/ld+json\" class=\"yoast-schema-graph\">{\"@context\":\"https:\\\/\\\/schema.org\",\"@graph\":[{\"@type\":\"Article\",\"@id\":\"https:\\\/\\\/folhapopular.info\\\/index.php\\\/2026\\\/09\\\/05\\\/corais-de-teutonia-e-salvador-do-sul-levam-tradicao-gaucha-para-joinville\\\/#article\",\"isPartOf\":{\"@id\":\"https:\\\/\\\/folhapopular.info\\\/index.php\\\/2026\\\/09\\\/05\\\/corais-de-teutonia-e-salvador-do-sul-levam-tradicao-gaucha-para-joinville\\\/\"},\"author\":{\"name\":\"Reda\u00e7\u00e3o Folha Popular\",\"@id\":\"https:\\\/\\\/folhapopular.info\\\/#\\\/schema\\\/person\\\/2814e8a0df7643585a9ca38bc6eb9d4b\"},\"headline\":\"Corais de Teut\u00f4nia e Salvador do Sul levam tradi\u00e7\u00e3o ga\u00facha para Joinville\",\"datePublished\":\"2026-09-05T21:02:49+00:00\",\"dateModified\":\"2026-09-05T21:02:50+00:00\",\"mainEntityOfPage\":{\"@id\":\"https:\\\/\\\/folhapopular.info\\\/index.php\\\/2026\\\/09\\\/05\\\/corais-de-teutonia-e-salvador-do-sul-levam-tradicao-gaucha-para-joinville\\\/\"},\"wordCount\":300,\"commentCount\":0,\"image\":{\"@id\":\"https:\\\/\\\/folhapopular.info\\\/index.php\\\/2026\\\/09\\\/05\\\/corais-de-teutonia-e-salvador-do-sul-levam-tradicao-gaucha-para-joinville\\\/#primaryimage\"},\"thumbnailUrl\":\"https:\\\/\\\/folhapopular.info\\\/wp-content\\\/uploads\\\/2026\\\/09\\\/WhatsApp-Image-2026-09-05-at-17.49.59.webp\",\"articleSection\":[\"Cultura\",\"Inclusive\"],\"inLanguage\":\"pt-BR\",\"potentialAction\":[{\"@type\":\"CommentAction\",\"name\":\"Comment\",\"target\":[\"https:\\\/\\\/folhapopular.info\\\/index.php\\\/2026\\\/09\\\/05\\\/corais-de-teutonia-e-salvador-do-sul-levam-tradicao-gaucha-para-joinville\\\/#respond\"]}]},{\"@type\":\"WebPage\",\"@id\":\"https:\\\/\\\/folhapopular.info\\\/index.php\\\/2026\\\/09\\\/05\\\/corais-de-teutonia-e-salvador-do-sul-levam-tradicao-gaucha-para-joinville\\\/\",\"url\":\"https:\\\/\\\/folhapopular.info\\\/index.php\\\/2026\\\/09\\\/05\\\/corais-de-teutonia-e-salvador-do-sul-levam-tradicao-gaucha-para-joinville\\\/\",\"name\":\"Corais de Teut\u00f4nia e Salvador do Sul levam tradi\u00e7\u00e3o ga\u00facha para Joinville - Folha Popular\",\"isPartOf\":{\"@id\":\"https:\\\/\\\/folhapopular.info\\\/#website\"},\"primaryImageOfPage\":{\"@id\":\"https:\\\/\\\/folhapopular.info\\\/index.php\\\/2026\\\/09\\\/05\\\/corais-de-teutonia-e-salvador-do-sul-levam-tradicao-gaucha-para-joinville\\\/#primaryimage\"},\"image\":{\"@id\":\"https:\\\/\\\/folhapopular.info\\\/index.php\\\/2026\\\/09\\\/05\\\/corais-de-teutonia-e-salvador-do-sul-levam-tradicao-gaucha-para-joinville\\\/#primaryimage\"},\"thumbnailUrl\":\"https:\\\/\\\/folhapopular.info\\\/wp-content\\\/uploads\\\/2026\\\/09\\\/WhatsApp-Image-2026-09-05-at-17.49.59.webp\",\"datePublished\":\"2026-09-05T21:02:49+00:00\",\"dateModified\":\"2026-09-05T21:02:50+00:00\",\"author\":{\"@id\":\"https:\\\/\\\/folhapopular.info\\\/#\\\/schema\\\/person\\\/2814e8a0df7643585a9ca38bc6eb9d4b\"},\"breadcrumb\":{\"@id\":\"https:\\\/\\\/folhapopular.info\\\/index.php\\\/2026\\\/09\\\/05\\\/corais-de-teutonia-e-salvador-do-sul-levam-tradicao-gaucha-para-joinville\\\/#breadcrumb\"},\"inLanguage\":\"pt-BR\",\"potentialAction\":[{\"@type\":\"ReadAction\",\"target\":[\"https:\\\/\\\/folhapopular.info\\\/index.php\\\/2026\\\/09\\\/05\\\/corais-de-teutonia-e-salvador-do-sul-levam-tradicao-gaucha-para-joinville\\\/\"]}]},{\"@type\":\"ImageObject\",\"inLanguage\":\"pt-BR\",\"@id\":\"https:\\\/\\\/folhapopular.info\\\/index.php\\\/2026\\\/09\\\/05\\\/corais-de-teutonia-e-salvador-do-sul-levam-tradicao-gaucha-para-joinville\\\/#primaryimage\",\"url\":\"https:\\\/\\\/folhapopular.info\\\/wp-content\\\/uploads\\\/2026\\\/09\\\/WhatsApp-Image-2026-09-05-at-17.49.59.webp\",\"contentUrl\":\"https:\\\/\\\/folhapopular.info\\\/wp-content\\\/uploads\\\/2026\\\/09\\\/WhatsApp-Image-2026-09-05-at-17.49.59.webp\",\"width\":1062,\"height\":550,\"caption\":\"Cr\u00e9dito: Divulga\u00e7\u00e3o\"},{\"@type\":\"BreadcrumbList\",\"@id\":\"https:\\\/\\\/folhapopular.info\\\/index.php\\\/2026\\\/09\\\/05\\\/corais-de-teutonia-e-salvador-do-sul-levam-tradicao-gaucha-para-joinville\\\/#breadcrumb\",\"itemListElement\":[{\"@type\":\"ListItem\",\"position\":1,\"name\":\"In\u00edcio\",\"item\":\"https:\\\/\\\/folhapopular.info\\\/\"},{\"@type\":\"ListItem\",\"position\":2,\"name\":\"Corais de Teut\u00f4nia e Salvador do Sul levam tradi\u00e7\u00e3o ga\u00facha para Joinville\"}]},{\"@type\":\"WebSite\",\"@id\":\"https:\\\/\\\/folhapopular.info\\\/#website\",\"url\":\"https:\\\/\\\/folhapopular.info\\\/\",\"name\":\"Folha Popular\",\"description\":\"Onde voc\u00ea tem vez e voz\",\"potentialAction\":[{\"@type\":\"SearchAction\",\"target\":{\"@type\":\"EntryPoint\",\"urlTemplate\":\"https:\\\/\\\/folhapopular.info\\\/?s={search_term_string}\"},\"query-input\":{\"@type\":\"PropertyValueSpecification\",\"valueRequired\":true,\"valueName\":\"search_term_string\"}}],\"inLanguage\":\"pt-BR\"},{\"@type\":\"Person\",\"@id\":\"https:\\\/\\\/folhapopular.info\\\/#\\\/schema\\\/person\\\/2814e8a0df7643585a9ca38bc6eb9d4b\",\"name\":\"Reda\u00e7\u00e3o Folha Popular\",\"image\":{\"@type\":\"ImageObject\",\"inLanguage\":\"pt-BR\",\"@id\":\"https:\\\/\\\/folhapopular.info\\\/wp-content\\\/uploads\\\/2026\\\/04\\\/Folha-1.webp\",\"url\":\"https:\\\/\\\/folhapopular.info\\\/wp-content\\\/uploads\\\/2026\\\/04\\\/Folha-1.webp\",\"contentUrl\":\"https:\\\/\\\/folhapopular.info\\\/wp-content\\\/uploads\\\/2026\\\/04\\\/Folha-1.webp\",\"caption\":\"Reda\u00e7\u00e3o Folha Popular\"},\"url\":\"https:\\\/\\\/folhapopular.info\\\/index.php\\\/author\\\/redacao\\\/\"}]}<\/script>\n<!-- \/ Yoast SEO plugin. -->","yoast_head_json":{"title":"Corais de Teut\u00f4nia e Salvador do Sul levam tradi\u00e7\u00e3o ga\u00facha para Joinville - Folha Popular","robots":{"index":"index","follow":"follow","max-snippet":"max-snippet:-1","max-image-preview":"max-image-preview:large","max-video-preview":"max-video-preview:-1"},"canonical":"https:\/\/folhapopular.info\/index.php\/2026\/09\/05\/corais-de-teutonia-e-salvador-do-sul-levam-tradicao-gaucha-para-joinville\/","og_locale":"pt_BR","og_type":"article","og_title":"Corais de Teut\u00f4nia e Salvador do Sul levam tradi\u00e7\u00e3o ga\u00facha para Joinville - Folha Popular","og_description":"A for\u00e7a do canto coletivo e a riqueza da tradi\u00e7\u00e3o ga\u00facha estar\u00e3o reunidas na participa\u00e7\u00e3o dos corais municipais de Teut\u00f4nia e Salvador do Sul no 6\u00ba Festival de Coros de Joinville, em Santa Catarina. Sob a reg\u00eancia do maestro Martin Altevogt, os dois grupos formam um movimento de integra\u00e7\u00e3o cultural que aproxima diferentes hist\u00f3rias por [&hellip;]","og_url":"https:\/\/folhapopular.info\/index.php\/2026\/09\/05\/corais-de-teutonia-e-salvador-do-sul-levam-tradicao-gaucha-para-joinville\/","og_site_name":"Folha Popular","article_published_time":"2026-09-05T21:02:49+00:00","article_modified_time":"2026-09-05T21:02:50+00:00","og_image":[{"width":1062,"height":550,"url":"https:\/\/folhapopular.info\/wp-content\/uploads\/2026\/09\/WhatsApp-Image-2026-09-05-at-17.49.59.webp","type":"image\/webp"}],"author":"Reda\u00e7\u00e3o Folha Popular","twitter_card":"summary_large_image","twitter_misc":{"Escrito por":"Reda\u00e7\u00e3o Folha Popular","Est. tempo de leitura":"2 minutos"},"schema":{"@context":"https:\/\/schema.org","@graph":[{"@type":"Article","@id":"https:\/\/folhapopular.info\/index.php\/2026\/09\/05\/corais-de-teutonia-e-salvador-do-sul-levam-tradicao-gaucha-para-joinville\/#article","isPartOf":{"@id":"https:\/\/folhapopular.info\/index.php\/2026\/09\/05\/corais-de-teutonia-e-salvador-do-sul-levam-tradicao-gaucha-para-joinville\/"},"author":{"name":"Reda\u00e7\u00e3o Folha Popular","@id":"https:\/\/folhapopular.info\/#\/schema\/person\/2814e8a0df7643585a9ca38bc6eb9d4b"},"headline":"Corais de Teut\u00f4nia e Salvador do Sul levam tradi\u00e7\u00e3o ga\u00facha para Joinville","datePublished":"2026-09-05T21:02:49+00:00","dateModified":"2026-09-05T21:02:50+00:00","mainEntityOfPage":{"@id":"https:\/\/folhapopular.info\/index.php\/2026\/09\/05\/corais-de-teutonia-e-salvador-do-sul-levam-tradicao-gaucha-para-joinville\/"},"wordCount":300,"commentCount":0,"image":{"@id":"https:\/\/folhapopular.info\/index.php\/2026\/09\/05\/corais-de-teutonia-e-salvador-do-sul-levam-tradicao-gaucha-para-joinville\/#primaryimage"},"thumbnailUrl":"https:\/\/folhapopular.info\/wp-content\/uploads\/2026\/09\/WhatsApp-Image-2026-09-05-at-17.49.59.webp","articleSection":["Cultura","Inclusive"],"inLanguage":"pt-BR","potentialAction":[{"@type":"CommentAction","name":"Comment","target":["https:\/\/folhapopular.info\/index.php\/2026\/09\/05\/corais-de-teutonia-e-salvador-do-sul-levam-tradicao-gaucha-para-joinville\/#respond"]}]},{"@type":"WebPage","@id":"https:\/\/folhapopular.info\/index.php\/2026\/09\/05\/corais-de-teutonia-e-salvador-do-sul-levam-tradicao-gaucha-para-joinville\/","url":"https:\/\/folhapopular.info\/index.php\/2026\/09\/05\/corais-de-teutonia-e-salvador-do-sul-levam-tradicao-gaucha-para-joinville\/","name":"Corais de Teut\u00f4nia e Salvador do Sul levam tradi\u00e7\u00e3o ga\u00facha para Joinville - Folha Popular","isPartOf":{"@id":"https:\/\/folhapopular.info\/#website"},"primaryImageOfPage":{"@id":"https:\/\/folhapopular.info\/index.php\/2026\/09\/05\/corais-de-teutonia-e-salvador-do-sul-levam-tradicao-gaucha-para-joinville\/#primaryimage"},"image":{"@id":"https:\/\/folhapopular.info\/index.php\/2026\/09\/05\/corais-de-teutonia-e-salvador-do-sul-levam-tradicao-gaucha-para-joinville\/#primaryimage"},"thumbnailUrl":"https:\/\/folhapopular.info\/wp-content\/uploads\/2026\/09\/WhatsApp-Image-2026-09-05-at-17.49.59.webp","datePublished":"2026-09-05T21:02:49+00:00","dateModified":"2026-09-05T21:02:50+00:00","author":{"@id":"https:\/\/folhapopular.info\/#\/schema\/person\/2814e8a0df7643585a9ca38bc6eb9d4b"},"breadcrumb":{"@id":"https:\/\/folhapopular.info\/index.php\/2026\/09\/05\/corais-de-teutonia-e-salvador-do-sul-levam-tradicao-gaucha-para-joinville\/#breadcrumb"},"inLanguage":"pt-BR","potentialAction":[{"@type":"ReadAction","target":["https:\/\/folhapopular.info\/index.php\/2026\/09\/05\/corais-de-teutonia-e-salvador-do-sul-levam-tradicao-gaucha-para-joinville\/"]}]},{"@type":"ImageObject","inLanguage":"pt-BR","@id":"https:\/\/folhapopular.info\/index.php\/2026\/09\/05\/corais-de-teutonia-e-salvador-do-sul-levam-tradicao-gaucha-para-joinville\/#primaryimage","url":"https:\/\/folhapopular.info\/wp-content\/uploads\/2026\/09\/WhatsApp-Image-2026-09-05-at-17.49.59.webp","contentUrl":"https:\/\/folhapopular.info\/wp-content\/uploads\/2026\/09\/WhatsApp-Image-2026-09-05-at-17.49.59.webp","width":1062,"height":550,"caption":"Cr\u00e9dito: Divulga\u00e7\u00e3o"},{"@type":"BreadcrumbList","@id":"https:\/\/folhapopular.info\/index.php\/2026\/09\/05\/corais-de-teutonia-e-salvador-do-sul-levam-tradicao-gaucha-para-joinville\/#breadcrumb","itemListElement":[{"@type":"ListItem","position":1,"name":"In\u00edcio","item":"https:\/\/folhapopular.info\/"},{"@type":"ListItem","position":2,"name":"Corais de Teut\u00f4nia e Salvador do Sul levam tradi\u00e7\u00e3o ga\u00facha para Joinville"}]},{"@type":"WebSite","@id":"https:\/\/folhapopular.info\/#website","url":"https:\/\/folhapopular.info\/","name":"Folha Popular","description":"Onde voc\u00ea tem vez e voz","potentialAction":[{"@type":"SearchAction","target":{"@type":"EntryPoint","urlTemplate":"https:\/\/folhapopular.info\/?s={search_term_string}"},"query-input":{"@type":"PropertyValueSpecification","valueRequired":true,"valueName":"search_term_string"}}],"inLanguage":"pt-BR"},{"@type":"Person","@id":"https:\/\/folhapopular.info\/#\/schema\/person\/2814e8a0df7643585a9ca38bc6eb9d4b","name":"Reda\u00e7\u00e3o Folha Popular","image":{"@type":"ImageObject","inLanguage":"pt-BR","@id":"https:\/\/folhapopular.info\/wp-content\/uploads\/2026\/04\/Folha-1.webp","url":"https:\/\/folhapopular.info\/wp-content\/uploads\/2026\/04\/Folha-1.webp","contentUrl":"https:\/\/folhapopular.info\/wp-content\/uploads\/2026\/04\/Folha-1.webp","caption":"Reda\u00e7\u00e3o Folha Popular"},"url":"https:\/\/folhapopular.info\/index.php\/author\/redacao\/"}]}},"jetpack_sharing_enabled":true,"amp_enabled":true,"jetpack_featured_media_url":"https:\/\/folhapopular.info\/wp-content\/uploads\/2026\/09\/WhatsApp-Image-2026-09-05-at-17.49.59.webp","_links":{"self":[{"href":"https:\/\/folhapopular.info\/index.php\/wp-json\/wp\/v2\/posts\/220477","targetHints":{"allow":["GET"]}}],"collection":[{"href":"https:\/\/folhapopular.info\/index.php\/wp-json\/wp\/v2\/posts"}],"about":[{"href":"https:\/\/folhapopular.info\/index.php\/wp-json\/wp\/v2\/types\/post"}],"author":[{"embeddable":true,"href":"https:\/\/folhapopular.info\/index.php\/wp-json\/wp\/v2\/users\/8"}],"replies":[{"embeddable":true,"href":"https:\/\/folhapopular.info\/index.php\/wp-json\/wp\/v2\/comments?post=220477"}],"version-history":[{"count":1,"href":"https:\/\/folhapopular.info\/index.php\/wp-json\/wp\/v2\/posts\/220477\/revisions"}],"predecessor-version":[{"id":220479,"href":"https:\/\/folhapopular.info\/index.php\/wp-json\/wp\/v2\/posts\/220477\/revisions\/220479"}],"wp:featuredmedia":[{"embeddable":true,"href":"https:\/\/folhapopular.info\/index.php\/wp-json\/wp\/v2\/media\/220478"}],"wp:attachment":[{"href":"https:\/\/folhapopular.info\/index.php\/wp-json\/wp\/v2\/media?parent=220477"}],"wp:term":[{"taxonomy":"category","embeddable":true,"href":"https:\/\/folhapopular.info\/index.php\/wp-json\/wp\/v2\/categories?post=220477"},{"taxonomy":"post_tag","embeddable":true,"href":"https:\/\/folhapopular.info\/index.php\/wp-json\/wp\/v2\/tags?post=220477"}],"curies":[{"name":"wp","href":"https:\/\/api.w.org\/{rel}","templated":true}]}}