{"id":220480,"date":"2026-09-05T20:12:33","date_gmt":"2026-09-05T23:12:33","guid":{"rendered":"https:\/\/folhapopular.info\/?p=220480"},"modified":"2026-09-05T20:12:35","modified_gmt":"2026-09-05T23:12:35","slug":"internacional-busca-reacao-no-brasileirao-apos-eliminacao-no-gre-nal","status":"publish","type":"post","link":"https:\/\/folhapopular.info\/index.php\/2026\/09\/05\/internacional-busca-reacao-no-brasileirao-apos-eliminacao-no-gre-nal\/","title":{"rendered":"Internacional busca rea\u00e7\u00e3o no Brasileir\u00e3o ap\u00f3s elimina\u00e7\u00e3o no Gre-Nal"},"content":{"rendered":"\n<p class=\"wp-block-paragraph\">Eliminado pelo Gr\u00eamio nas quartas de final da Copa do Brasil, o Internacional volta suas aten\u00e7\u00f5es exclusivamente ao Campeonato Brasileiro. Com 25 pontos e dentro da zona de rebaixamento, o Colorado recebe o Santos neste domingo (6\/9), \u00e0s 16h, no Beira-Rio, pela 26\u00aa rodada.<\/p>\n\n\n\n<p class=\"wp-block-paragraph\">Depois da derrota por 3 a 1 para o rival, na Arena, o Inter precisa reagir rapidamente para tentar mudar o cen\u00e1rio na competi\u00e7\u00e3o nacional. Sem outra disputa no calend\u00e1rio, a equipe ter\u00e1 no Brasileir\u00e3o o principal objetivo para o fim da temporada.<\/p>\n\n\n\n<h2 class=\"wp-block-heading\"><strong>Prepara\u00e7\u00e3o conclu\u00edda<\/strong><\/h2>\n\n\n\n<p class=\"wp-block-paragraph\">A prepara\u00e7\u00e3o para o confronto foi encerrada na tarde deste s\u00e1bado (5\/9), no CT Parque Gigante. O elenco realizou atividades f\u00edsicas, t\u00e9cnicas e t\u00e1ticas antes da partida.<\/p>\n\n\n\n<p class=\"wp-block-paragraph\">O t\u00e9cnico Paulo Pezzolano e o lateral-esquerdo Bernabei ser\u00e3o desfalques diante do Santos. Ambos receberam o terceiro cart\u00e3o amarelo na  rodada passada e cumprem suspens\u00e3o.<\/p>\n\n\n\n<p class=\"wp-block-paragraph\">Com a elimina\u00e7\u00e3o na Copa do Brasil, o Colorado ter\u00e1 agora uma sequ\u00eancia decisiva no Brasileir\u00e3o. Diante do Santos, a equipe busca aproveitar o fator casa para voltar a vencer e iniciar uma rea\u00e7\u00e3o na tabela. Cada ponto passa a ser fundamental na tentativa de afastar o risco de rebaixamento.<\/p>\n","protected":false},"excerpt":{"rendered":"<p>Eliminado pelo Gr\u00eamio nas quartas de final da Copa do Brasil, o Internacional volta suas aten\u00e7\u00f5es exclusivamente ao Campeonato Brasileiro. Com 25 pontos e dentro da zona de rebaixamento, o Colorado recebe o Santos neste domingo (6\/9), \u00e0s 16h, no Beira-Rio, pela 26\u00aa rodada. Depois da derrota por 3 a 1 para o rival, na [&hellip;]<\/p>\n","protected":false},"author":732,"featured_media":220482,"comment_status":"open","ping_status":"open","sticky":false,"template":"","format":"standard","meta":{"pmpro_default_level":"","_jetpack_memberships_contains_paid_content":false,"footnotes":""},"categories":[5,2243],"tags":[6339,2407,1809],"class_list":["post-220480","post","type-post","status-publish","format-standard","has-post-thumbnail","category-esportes","category-futebol-profissional","tag-brasileirao","tag-futebol-profissional","tag-internacional","pmpro-has-access"],"yoast_head":"<!-- This site is optimized with the Yoast SEO plugin v28.4 - https:\/\/yoast.com\/product\/yoast-seo-wordpress\/ -->\n<title>Internacional busca rea\u00e7\u00e3o no Brasileir\u00e3o ap\u00f3s elimina\u00e7\u00e3o no Gre-Nal - Folha Popular<\/title>\n<meta name=\"description\" content=\"o Internacional volta suas aten\u00e7\u00f5es exclusivamente ao Campeonato Brasileiro, com confronto contra o Santos, no Beira-Rio.\" \/>\n<meta name=\"robots\" content=\"index, follow, max-snippet:-1, max-image-preview:large, max-video-preview:-1\" \/>\n<link rel=\"canonical\" href=\"https:\/\/folhapopular.info\/index.php\/2026\/09\/05\/internacional-busca-reacao-no-brasileirao-apos-eliminacao-no-gre-nal\/\" \/>\n<meta property=\"og:locale\" content=\"pt_BR\" \/>\n<meta property=\"og:type\" content=\"article\" \/>\n<meta property=\"og:title\" content=\"Internacional busca rea\u00e7\u00e3o no Brasileir\u00e3o ap\u00f3s elimina\u00e7\u00e3o no Gre-Nal - Folha Popular\" \/>\n<meta property=\"og:description\" content=\"o Internacional volta suas aten\u00e7\u00f5es exclusivamente ao Campeonato Brasileiro, com confronto contra o Santos, no Beira-Rio.\" \/>\n<meta property=\"og:url\" content=\"https:\/\/folhapopular.info\/index.php\/2026\/09\/05\/internacional-busca-reacao-no-brasileirao-apos-eliminacao-no-gre-nal\/\" \/>\n<meta property=\"og:site_name\" content=\"Folha Popular\" \/>\n<meta property=\"article:author\" content=\"https:\/\/www.facebook.com\/luis.huppes\/\" \/>\n<meta property=\"article:published_time\" content=\"2026-09-05T23:12:33+00:00\" \/>\n<meta property=\"article:modified_time\" content=\"2026-09-05T23:12:35+00:00\" \/>\n<meta property=\"og:image\" content=\"https:\/\/folhapopular.info\/wp-content\/uploads\/2026\/09\/large_20260903grenal454_RDUARTE_16946_jpg_0d76002b92-1.webp\" \/>\n\t<meta property=\"og:image:width\" content=\"1000\" \/>\n\t<meta property=\"og:image:height\" content=\"666\" \/>\n\t<meta property=\"og:image:type\" content=\"image\/webp\" \/>\n<meta name=\"author\" content=\"Luis Augusto Huppes\" \/>\n<meta name=\"twitter:card\" content=\"summary_large_image\" \/>\n<meta name=\"twitter:label1\" content=\"Escrito por\" \/>\n\t<meta name=\"twitter:data1\" content=\"Luis Augusto Huppes\" \/>\n\t<meta name=\"twitter:label2\" content=\"Est. tempo de leitura\" \/>\n\t<meta name=\"twitter:data2\" content=\"2 minutos\" \/>\n<script type=\"application\/ld+json\" class=\"yoast-schema-graph\">{\"@context\":\"https:\\\/\\\/schema.org\",\"@graph\":[{\"@type\":\"Article\",\"@id\":\"https:\\\/\\\/folhapopular.info\\\/index.php\\\/2026\\\/09\\\/05\\\/internacional-busca-reacao-no-brasileirao-apos-eliminacao-no-gre-nal\\\/#article\",\"isPartOf\":{\"@id\":\"https:\\\/\\\/folhapopular.info\\\/index.php\\\/2026\\\/09\\\/05\\\/internacional-busca-reacao-no-brasileirao-apos-eliminacao-no-gre-nal\\\/\"},\"author\":{\"name\":\"Luis Augusto Huppes\",\"@id\":\"https:\\\/\\\/folhapopular.info\\\/#\\\/schema\\\/person\\\/e852c327371714676d02e58cf917fd9f\"},\"headline\":\"Internacional busca rea\u00e7\u00e3o no Brasileir\u00e3o ap\u00f3s elimina\u00e7\u00e3o no Gre-Nal\",\"datePublished\":\"2026-09-05T23:12:33+00:00\",\"dateModified\":\"2026-09-05T23:12:35+00:00\",\"mainEntityOfPage\":{\"@id\":\"https:\\\/\\\/folhapopular.info\\\/index.php\\\/2026\\\/09\\\/05\\\/internacional-busca-reacao-no-brasileirao-apos-eliminacao-no-gre-nal\\\/\"},\"wordCount\":219,\"commentCount\":0,\"image\":{\"@id\":\"https:\\\/\\\/folhapopular.info\\\/index.php\\\/2026\\\/09\\\/05\\\/internacional-busca-reacao-no-brasileirao-apos-eliminacao-no-gre-nal\\\/#primaryimage\"},\"thumbnailUrl\":\"https:\\\/\\\/folhapopular.info\\\/wp-content\\\/uploads\\\/2026\\\/09\\\/large_20260903grenal454_RDUARTE_16946_jpg_0d76002b92-1.webp\",\"keywords\":[\"Brasileir\u00e3o\",\"futebol profissional\",\"Internacional\"],\"articleSection\":[\"Esportes\",\"Futebol Profissional\"],\"inLanguage\":\"pt-BR\",\"potentialAction\":[{\"@type\":\"CommentAction\",\"name\":\"Comment\",\"target\":[\"https:\\\/\\\/folhapopular.info\\\/index.php\\\/2026\\\/09\\\/05\\\/internacional-busca-reacao-no-brasileirao-apos-eliminacao-no-gre-nal\\\/#respond\"]}]},{\"@type\":\"WebPage\",\"@id\":\"https:\\\/\\\/folhapopular.info\\\/index.php\\\/2026\\\/09\\\/05\\\/internacional-busca-reacao-no-brasileirao-apos-eliminacao-no-gre-nal\\\/\",\"url\":\"https:\\\/\\\/folhapopular.info\\\/index.php\\\/2026\\\/09\\\/05\\\/internacional-busca-reacao-no-brasileirao-apos-eliminacao-no-gre-nal\\\/\",\"name\":\"Internacional busca rea\u00e7\u00e3o no Brasileir\u00e3o ap\u00f3s elimina\u00e7\u00e3o no Gre-Nal - Folha Popular\",\"isPartOf\":{\"@id\":\"https:\\\/\\\/folhapopular.info\\\/#website\"},\"primaryImageOfPage\":{\"@id\":\"https:\\\/\\\/folhapopular.info\\\/index.php\\\/2026\\\/09\\\/05\\\/internacional-busca-reacao-no-brasileirao-apos-eliminacao-no-gre-nal\\\/#primaryimage\"},\"image\":{\"@id\":\"https:\\\/\\\/folhapopular.info\\\/index.php\\\/2026\\\/09\\\/05\\\/internacional-busca-reacao-no-brasileirao-apos-eliminacao-no-gre-nal\\\/#primaryimage\"},\"thumbnailUrl\":\"https:\\\/\\\/folhapopular.info\\\/wp-content\\\/uploads\\\/2026\\\/09\\\/large_20260903grenal454_RDUARTE_16946_jpg_0d76002b92-1.webp\",\"datePublished\":\"2026-09-05T23:12:33+00:00\",\"dateModified\":\"2026-09-05T23:12:35+00:00\",\"author\":{\"@id\":\"https:\\\/\\\/folhapopular.info\\\/#\\\/schema\\\/person\\\/e852c327371714676d02e58cf917fd9f\"},\"description\":\"o Internacional volta suas aten\u00e7\u00f5es exclusivamente ao Campeonato Brasileiro, com confronto contra o Santos, no Beira-Rio.\",\"breadcrumb\":{\"@id\":\"https:\\\/\\\/folhapopular.info\\\/index.php\\\/2026\\\/09\\\/05\\\/internacional-busca-reacao-no-brasileirao-apos-eliminacao-no-gre-nal\\\/#breadcrumb\"},\"inLanguage\":\"pt-BR\",\"potentialAction\":[{\"@type\":\"ReadAction\",\"target\":[\"https:\\\/\\\/folhapopular.info\\\/index.php\\\/2026\\\/09\\\/05\\\/internacional-busca-reacao-no-brasileirao-apos-eliminacao-no-gre-nal\\\/\"]}]},{\"@type\":\"ImageObject\",\"inLanguage\":\"pt-BR\",\"@id\":\"https:\\\/\\\/folhapopular.info\\\/index.php\\\/2026\\\/09\\\/05\\\/internacional-busca-reacao-no-brasileirao-apos-eliminacao-no-gre-nal\\\/#primaryimage\",\"url\":\"https:\\\/\\\/folhapopular.info\\\/wp-content\\\/uploads\\\/2026\\\/09\\\/large_20260903grenal454_RDUARTE_16946_jpg_0d76002b92-1.webp\",\"contentUrl\":\"https:\\\/\\\/folhapopular.info\\\/wp-content\\\/uploads\\\/2026\\\/09\\\/large_20260903grenal454_RDUARTE_16946_jpg_0d76002b92-1.webp\",\"width\":1000,\"height\":666,\"caption\":\"Colorado precisa voltar a vencer - Cr\u00e9dito: Ricardo Duarte \\\/ Inter \\\/ Divulga\u00e7\u00e3o\"},{\"@type\":\"BreadcrumbList\",\"@id\":\"https:\\\/\\\/folhapopular.info\\\/index.php\\\/2026\\\/09\\\/05\\\/internacional-busca-reacao-no-brasileirao-apos-eliminacao-no-gre-nal\\\/#breadcrumb\",\"itemListElement\":[{\"@type\":\"ListItem\",\"position\":1,\"name\":\"In\u00edcio\",\"item\":\"https:\\\/\\\/folhapopular.info\\\/\"},{\"@type\":\"ListItem\",\"position\":2,\"name\":\"Internacional busca rea\u00e7\u00e3o no Brasileir\u00e3o ap\u00f3s elimina\u00e7\u00e3o no Gre-Nal\"}]},{\"@type\":\"WebSite\",\"@id\":\"https:\\\/\\\/folhapopular.info\\\/#website\",\"url\":\"https:\\\/\\\/folhapopular.info\\\/\",\"name\":\"Folha Popular\",\"description\":\"Onde voc\u00ea tem vez e voz\",\"potentialAction\":[{\"@type\":\"SearchAction\",\"target\":{\"@type\":\"EntryPoint\",\"urlTemplate\":\"https:\\\/\\\/folhapopular.info\\\/?s={search_term_string}\"},\"query-input\":{\"@type\":\"PropertyValueSpecification\",\"valueRequired\":true,\"valueName\":\"search_term_string\"}}],\"inLanguage\":\"pt-BR\"},{\"@type\":\"Person\",\"@id\":\"https:\\\/\\\/folhapopular.info\\\/#\\\/schema\\\/person\\\/e852c327371714676d02e58cf917fd9f\",\"name\":\"Luis Augusto Huppes\",\"image\":{\"@type\":\"ImageObject\",\"inLanguage\":\"pt-BR\",\"@id\":\"https:\\\/\\\/folhapopular.info\\\/wp-content\\\/uploads\\\/2026\\\/04\\\/Luis-Augusto-Huppes-1-1.webp\",\"url\":\"https:\\\/\\\/folhapopular.info\\\/wp-content\\\/uploads\\\/2026\\\/04\\\/Luis-Augusto-Huppes-1-1.webp\",\"contentUrl\":\"https:\\\/\\\/folhapopular.info\\\/wp-content\\\/uploads\\\/2026\\\/04\\\/Luis-Augusto-Huppes-1-1.webp\",\"caption\":\"Luis Augusto Huppes\"},\"sameAs\":[\"https:\\\/\\\/www.facebook.com\\\/luis.huppes\\\/\",\"https:\\\/\\\/www.instagram.com\\\/luis.huppes\\\/\",\"https:\\\/\\\/www.linkedin.com\\\/in\\\/luis-augusto-huppes-2554b52b7\\\/\"],\"url\":\"https:\\\/\\\/folhapopular.info\\\/index.php\\\/author\\\/luis-augusto-huppes\\\/\"}]}<\/script>\n<!-- \/ Yoast SEO plugin. -->","yoast_head_json":{"title":"Internacional busca rea\u00e7\u00e3o no Brasileir\u00e3o ap\u00f3s elimina\u00e7\u00e3o no Gre-Nal - Folha Popular","description":"o Internacional volta suas aten\u00e7\u00f5es exclusivamente ao Campeonato Brasileiro, com confronto contra o Santos, no Beira-Rio.","robots":{"index":"index","follow":"follow","max-snippet":"max-snippet:-1","max-image-preview":"max-image-preview:large","max-video-preview":"max-video-preview:-1"},"canonical":"https:\/\/folhapopular.info\/index.php\/2026\/09\/05\/internacional-busca-reacao-no-brasileirao-apos-eliminacao-no-gre-nal\/","og_locale":"pt_BR","og_type":"article","og_title":"Internacional busca rea\u00e7\u00e3o no Brasileir\u00e3o ap\u00f3s elimina\u00e7\u00e3o no Gre-Nal - Folha Popular","og_description":"o Internacional volta suas aten\u00e7\u00f5es exclusivamente ao Campeonato Brasileiro, com confronto contra o Santos, no Beira-Rio.","og_url":"https:\/\/folhapopular.info\/index.php\/2026\/09\/05\/internacional-busca-reacao-no-brasileirao-apos-eliminacao-no-gre-nal\/","og_site_name":"Folha Popular","article_author":"https:\/\/www.facebook.com\/luis.huppes\/","article_published_time":"2026-09-05T23:12:33+00:00","article_modified_time":"2026-09-05T23:12:35+00:00","og_image":[{"width":1000,"height":666,"url":"https:\/\/folhapopular.info\/wp-content\/uploads\/2026\/09\/large_20260903grenal454_RDUARTE_16946_jpg_0d76002b92-1.webp","type":"image\/webp"}],"author":"Luis Augusto Huppes","twitter_card":"summary_large_image","twitter_misc":{"Escrito por":"Luis Augusto Huppes","Est. tempo de leitura":"2 minutos"},"schema":{"@context":"https:\/\/schema.org","@graph":[{"@type":"Article","@id":"https:\/\/folhapopular.info\/index.php\/2026\/09\/05\/internacional-busca-reacao-no-brasileirao-apos-eliminacao-no-gre-nal\/#article","isPartOf":{"@id":"https:\/\/folhapopular.info\/index.php\/2026\/09\/05\/internacional-busca-reacao-no-brasileirao-apos-eliminacao-no-gre-nal\/"},"author":{"name":"Luis Augusto Huppes","@id":"https:\/\/folhapopular.info\/#\/schema\/person\/e852c327371714676d02e58cf917fd9f"},"headline":"Internacional busca rea\u00e7\u00e3o no Brasileir\u00e3o ap\u00f3s elimina\u00e7\u00e3o no Gre-Nal","datePublished":"2026-09-05T23:12:33+00:00","dateModified":"2026-09-05T23:12:35+00:00","mainEntityOfPage":{"@id":"https:\/\/folhapopular.info\/index.php\/2026\/09\/05\/internacional-busca-reacao-no-brasileirao-apos-eliminacao-no-gre-nal\/"},"wordCount":219,"commentCount":0,"image":{"@id":"https:\/\/folhapopular.info\/index.php\/2026\/09\/05\/internacional-busca-reacao-no-brasileirao-apos-eliminacao-no-gre-nal\/#primaryimage"},"thumbnailUrl":"https:\/\/folhapopular.info\/wp-content\/uploads\/2026\/09\/large_20260903grenal454_RDUARTE_16946_jpg_0d76002b92-1.webp","keywords":["Brasileir\u00e3o","futebol profissional","Internacional"],"articleSection":["Esportes","Futebol Profissional"],"inLanguage":"pt-BR","potentialAction":[{"@type":"CommentAction","name":"Comment","target":["https:\/\/folhapopular.info\/index.php\/2026\/09\/05\/internacional-busca-reacao-no-brasileirao-apos-eliminacao-no-gre-nal\/#respond"]}]},{"@type":"WebPage","@id":"https:\/\/folhapopular.info\/index.php\/2026\/09\/05\/internacional-busca-reacao-no-brasileirao-apos-eliminacao-no-gre-nal\/","url":"https:\/\/folhapopular.info\/index.php\/2026\/09\/05\/internacional-busca-reacao-no-brasileirao-apos-eliminacao-no-gre-nal\/","name":"Internacional busca rea\u00e7\u00e3o no Brasileir\u00e3o ap\u00f3s elimina\u00e7\u00e3o no Gre-Nal - Folha Popular","isPartOf":{"@id":"https:\/\/folhapopular.info\/#website"},"primaryImageOfPage":{"@id":"https:\/\/folhapopular.info\/index.php\/2026\/09\/05\/internacional-busca-reacao-no-brasileirao-apos-eliminacao-no-gre-nal\/#primaryimage"},"image":{"@id":"https:\/\/folhapopular.info\/index.php\/2026\/09\/05\/internacional-busca-reacao-no-brasileirao-apos-eliminacao-no-gre-nal\/#primaryimage"},"thumbnailUrl":"https:\/\/folhapopular.info\/wp-content\/uploads\/2026\/09\/large_20260903grenal454_RDUARTE_16946_jpg_0d76002b92-1.webp","datePublished":"2026-09-05T23:12:33+00:00","dateModified":"2026-09-05T23:12:35+00:00","author":{"@id":"https:\/\/folhapopular.info\/#\/schema\/person\/e852c327371714676d02e58cf917fd9f"},"description":"o Internacional volta suas aten\u00e7\u00f5es exclusivamente ao Campeonato Brasileiro, com confronto contra o Santos, no Beira-Rio.","breadcrumb":{"@id":"https:\/\/folhapopular.info\/index.php\/2026\/09\/05\/internacional-busca-reacao-no-brasileirao-apos-eliminacao-no-gre-nal\/#breadcrumb"},"inLanguage":"pt-BR","potentialAction":[{"@type":"ReadAction","target":["https:\/\/folhapopular.info\/index.php\/2026\/09\/05\/internacional-busca-reacao-no-brasileirao-apos-eliminacao-no-gre-nal\/"]}]},{"@type":"ImageObject","inLanguage":"pt-BR","@id":"https:\/\/folhapopular.info\/index.php\/2026\/09\/05\/internacional-busca-reacao-no-brasileirao-apos-eliminacao-no-gre-nal\/#primaryimage","url":"https:\/\/folhapopular.info\/wp-content\/uploads\/2026\/09\/large_20260903grenal454_RDUARTE_16946_jpg_0d76002b92-1.webp","contentUrl":"https:\/\/folhapopular.info\/wp-content\/uploads\/2026\/09\/large_20260903grenal454_RDUARTE_16946_jpg_0d76002b92-1.webp","width":1000,"height":666,"caption":"Colorado precisa voltar a vencer - Cr\u00e9dito: Ricardo Duarte \/ Inter \/ Divulga\u00e7\u00e3o"},{"@type":"BreadcrumbList","@id":"https:\/\/folhapopular.info\/index.php\/2026\/09\/05\/internacional-busca-reacao-no-brasileirao-apos-eliminacao-no-gre-nal\/#breadcrumb","itemListElement":[{"@type":"ListItem","position":1,"name":"In\u00edcio","item":"https:\/\/folhapopular.info\/"},{"@type":"ListItem","position":2,"name":"Internacional busca rea\u00e7\u00e3o no Brasileir\u00e3o ap\u00f3s elimina\u00e7\u00e3o no Gre-Nal"}]},{"@type":"WebSite","@id":"https:\/\/folhapopular.info\/#website","url":"https:\/\/folhapopular.info\/","name":"Folha Popular","description":"Onde voc\u00ea tem vez e voz","potentialAction":[{"@type":"SearchAction","target":{"@type":"EntryPoint","urlTemplate":"https:\/\/folhapopular.info\/?s={search_term_string}"},"query-input":{"@type":"PropertyValueSpecification","valueRequired":true,"valueName":"search_term_string"}}],"inLanguage":"pt-BR"},{"@type":"Person","@id":"https:\/\/folhapopular.info\/#\/schema\/person\/e852c327371714676d02e58cf917fd9f","name":"Luis Augusto Huppes","image":{"@type":"ImageObject","inLanguage":"pt-BR","@id":"https:\/\/folhapopular.info\/wp-content\/uploads\/2026\/04\/Luis-Augusto-Huppes-1-1.webp","url":"https:\/\/folhapopular.info\/wp-content\/uploads\/2026\/04\/Luis-Augusto-Huppes-1-1.webp","contentUrl":"https:\/\/folhapopular.info\/wp-content\/uploads\/2026\/04\/Luis-Augusto-Huppes-1-1.webp","caption":"Luis Augusto Huppes"},"sameAs":["https:\/\/www.facebook.com\/luis.huppes\/","https:\/\/www.instagram.com\/luis.huppes\/","https:\/\/www.linkedin.com\/in\/luis-augusto-huppes-2554b52b7\/"],"url":"https:\/\/folhapopular.info\/index.php\/author\/luis-augusto-huppes\/"}]}},"jetpack_sharing_enabled":true,"amp_enabled":true,"jetpack_featured_media_url":"https:\/\/folhapopular.info\/wp-content\/uploads\/2026\/09\/large_20260903grenal454_RDUARTE_16946_jpg_0d76002b92-1.webp","_links":{"self":[{"href":"https:\/\/folhapopular.info\/index.php\/wp-json\/wp\/v2\/posts\/220480","targetHints":{"allow":["GET"]}}],"collection":[{"href":"https:\/\/folhapopular.info\/index.php\/wp-json\/wp\/v2\/posts"}],"about":[{"href":"https:\/\/folhapopular.info\/index.php\/wp-json\/wp\/v2\/types\/post"}],"author":[{"embeddable":true,"href":"https:\/\/folhapopular.info\/index.php\/wp-json\/wp\/v2\/users\/732"}],"replies":[{"embeddable":true,"href":"https:\/\/folhapopular.info\/index.php\/wp-json\/wp\/v2\/comments?post=220480"}],"version-history":[{"count":1,"href":"https:\/\/folhapopular.info\/index.php\/wp-json\/wp\/v2\/posts\/220480\/revisions"}],"predecessor-version":[{"id":220483,"href":"https:\/\/folhapopular.info\/index.php\/wp-json\/wp\/v2\/posts\/220480\/revisions\/220483"}],"wp:featuredmedia":[{"embeddable":true,"href":"https:\/\/folhapopular.info\/index.php\/wp-json\/wp\/v2\/media\/220482"}],"wp:attachment":[{"href":"https:\/\/folhapopular.info\/index.php\/wp-json\/wp\/v2\/media?parent=220480"}],"wp:term":[{"taxonomy":"category","embeddable":true,"href":"https:\/\/folhapopular.info\/index.php\/wp-json\/wp\/v2\/categories?post=220480"},{"taxonomy":"post_tag","embeddable":true,"href":"https:\/\/folhapopular.info\/index.php\/wp-json\/wp\/v2\/tags?post=220480"}],"curies":[{"name":"wp","href":"https:\/\/api.w.org\/{rel}","templated":true}]}}