{"id":220484,"date":"2026-09-05T20:15:57","date_gmt":"2026-09-05T23:15:57","guid":{"rendered":"https:\/\/folhapopular.info\/?p=220484"},"modified":"2026-09-05T20:15:59","modified_gmt":"2026-09-05T23:15:59","slug":"gremio-mira-reacao-no-brasileirao-apos-avanco-na-copa-do-brasil","status":"publish","type":"post","link":"https:\/\/folhapopular.info\/index.php\/2026\/09\/05\/gremio-mira-reacao-no-brasileirao-apos-avanco-na-copa-do-brasil\/","title":{"rendered":"Gr\u00eamio mira rea\u00e7\u00e3o no Brasileir\u00e3o ap\u00f3s avan\u00e7o na Copa do Brasil"},"content":{"rendered":"\n<p class=\"wp-block-paragraph\">Depois de garantir vaga nas semifinais da Copa do Brasil, o Gr\u00eamio j\u00e1 voltou a concentrar esfor\u00e7os no Campeonato Brasileiro. O pr\u00f3ximo compromisso ser\u00e1 contra o Vit\u00f3ria, \u00e0s 20h da segunda-feira (7\/9), em Salvador.<\/p>\n\n\n\n<p class=\"wp-block-paragraph\">Com 28 pontos, o Tricolor aparece na 15\u00aa posi\u00e7\u00e3o, apenas tr\u00eas pontos acima do Mirassol, primeiro time dentro da zona de rebaixamento.<\/p>\n\n\n\n<p class=\"wp-block-paragraph\">O t\u00e9cnico Lu\u00eds Castro deve mexer na forma\u00e7\u00e3o utilizada no Gre-Nal. Suspenso, o lateral-esquerdo Marlon ser\u00e1 desfalque. Pedro Gabriel \u00e9 o principal candidato \u00e0 vaga, enquanto Caio Paulista surge como alternativa.<\/p>\n\n\n\n<p class=\"wp-block-paragraph\">O elenco tamb\u00e9m tem dois jogadores no departamento m\u00e9dico: o volante Dodi, que trata uma avuls\u00e3o na patela, e o atacante Jovane Cabral, com uma les\u00e3o muscular.<\/p>\n\n\n\n<p class=\"wp-block-paragraph\">A comiss\u00e3o t\u00e9cnica ainda avalia o desgaste provocado pela sequ\u00eancia de jogos. Nardoni pode ganhar espa\u00e7o caso Villasanti ou Krovinovic n\u00e3o apresentem condi\u00e7\u00f5es ideais. O zagueiro Wallace, que acumula oito partidas consecutivas, tamb\u00e9m pode ser preservado.<\/p>\n\n\n\n<p class=\"wp-block-paragraph\">A \u00faltima atividade antes do confronto ocorre na manh\u00e3 deste domingo (6\/9). Depois do treinamento, a delega\u00e7\u00e3o embarca para a Bahia, onde o Gr\u00eamio inicia mais um compromisso importante na tentativa de se afastar da parte de baixo da tabela.<\/p>\n\n\n\n<p class=\"wp-block-paragraph\"><\/p>\n","protected":false},"excerpt":{"rendered":"<p>Depois de garantir vaga nas semifinais da Copa do Brasil, o Gr\u00eamio j\u00e1 voltou a concentrar esfor\u00e7os no Campeonato Brasileiro. O pr\u00f3ximo compromisso ser\u00e1 contra o Vit\u00f3ria, \u00e0s 20h da segunda-feira (7\/9), em Salvador. Com 28 pontos, o Tricolor aparece na 15\u00aa posi\u00e7\u00e3o, apenas tr\u00eas pontos acima do Mirassol, primeiro time dentro da zona de [&hellip;]<\/p>\n","protected":false},"author":732,"featured_media":220485,"comment_status":"open","ping_status":"open","sticky":false,"template":"","format":"standard","meta":{"pmpro_default_level":"","_jetpack_memberships_contains_paid_content":false,"footnotes":""},"categories":[5,2243],"tags":[6339,2407,1194],"class_list":["post-220484","post","type-post","status-publish","format-standard","has-post-thumbnail","category-esportes","category-futebol-profissional","tag-brasileirao","tag-futebol-profissional","tag-gremio","pmpro-has-access"],"yoast_head":"<!-- This site is optimized with the Yoast SEO plugin v28.4 - https:\/\/yoast.com\/product\/yoast-seo-wordpress\/ -->\n<title>Gr\u00eamio mira rea\u00e7\u00e3o no Brasileir\u00e3o ap\u00f3s avan\u00e7o na Copa do Brasil - Folha Popular<\/title>\n<meta name=\"description\" content=\"OGr\u00eamio j\u00e1 voltou a concentrar esfor\u00e7os no Campeonato Brasileiro. O pr\u00f3ximo compromisso ser\u00e1 contra o Vit\u00f3ria, \u00e0s 20h da segunda-feira (7\/9).\" \/>\n<meta name=\"robots\" content=\"index, follow, max-snippet:-1, max-image-preview:large, max-video-preview:-1\" \/>\n<link rel=\"canonical\" href=\"https:\/\/folhapopular.info\/index.php\/2026\/09\/05\/gremio-mira-reacao-no-brasileirao-apos-avanco-na-copa-do-brasil\/\" \/>\n<meta property=\"og:locale\" content=\"pt_BR\" \/>\n<meta property=\"og:type\" content=\"article\" \/>\n<meta property=\"og:title\" content=\"Gr\u00eamio mira rea\u00e7\u00e3o no Brasileir\u00e3o ap\u00f3s avan\u00e7o na Copa do Brasil - Folha Popular\" \/>\n<meta property=\"og:description\" content=\"OGr\u00eamio j\u00e1 voltou a concentrar esfor\u00e7os no Campeonato Brasileiro. O pr\u00f3ximo compromisso ser\u00e1 contra o Vit\u00f3ria, \u00e0s 20h da segunda-feira (7\/9).\" \/>\n<meta property=\"og:url\" content=\"https:\/\/folhapopular.info\/index.php\/2026\/09\/05\/gremio-mira-reacao-no-brasileirao-apos-avanco-na-copa-do-brasil\/\" \/>\n<meta property=\"og:site_name\" content=\"Folha Popular\" \/>\n<meta property=\"article:author\" content=\"https:\/\/www.facebook.com\/luis.huppes\/\" \/>\n<meta property=\"article:published_time\" content=\"2026-09-05T23:15:57+00:00\" \/>\n<meta property=\"article:modified_time\" content=\"2026-09-05T23:15:59+00:00\" \/>\n<meta property=\"og:image\" content=\"https:\/\/folhapopular.info\/wp-content\/uploads\/2026\/09\/Gremio-2-scaled-aspect-ratio-512-320.webp\" \/>\n\t<meta property=\"og:image:width\" content=\"2560\" \/>\n\t<meta property=\"og:image:height\" content=\"1600\" \/>\n\t<meta property=\"og:image:type\" content=\"image\/webp\" \/>\n<meta name=\"author\" content=\"Luis Augusto Huppes\" \/>\n<meta name=\"twitter:card\" content=\"summary_large_image\" \/>\n<meta name=\"twitter:label1\" content=\"Escrito por\" \/>\n\t<meta name=\"twitter:data1\" content=\"Luis Augusto Huppes\" \/>\n\t<meta name=\"twitter:label2\" content=\"Est. tempo de leitura\" \/>\n\t<meta name=\"twitter:data2\" content=\"2 minutos\" \/>\n<script type=\"application\/ld+json\" class=\"yoast-schema-graph\">{\"@context\":\"https:\\\/\\\/schema.org\",\"@graph\":[{\"@type\":\"Article\",\"@id\":\"https:\\\/\\\/folhapopular.info\\\/index.php\\\/2026\\\/09\\\/05\\\/gremio-mira-reacao-no-brasileirao-apos-avanco-na-copa-do-brasil\\\/#article\",\"isPartOf\":{\"@id\":\"https:\\\/\\\/folhapopular.info\\\/index.php\\\/2026\\\/09\\\/05\\\/gremio-mira-reacao-no-brasileirao-apos-avanco-na-copa-do-brasil\\\/\"},\"author\":{\"name\":\"Luis Augusto Huppes\",\"@id\":\"https:\\\/\\\/folhapopular.info\\\/#\\\/schema\\\/person\\\/e852c327371714676d02e58cf917fd9f\"},\"headline\":\"Gr\u00eamio mira rea\u00e7\u00e3o no Brasileir\u00e3o ap\u00f3s avan\u00e7o na Copa do Brasil\",\"datePublished\":\"2026-09-05T23:15:57+00:00\",\"dateModified\":\"2026-09-05T23:15:59+00:00\",\"mainEntityOfPage\":{\"@id\":\"https:\\\/\\\/folhapopular.info\\\/index.php\\\/2026\\\/09\\\/05\\\/gremio-mira-reacao-no-brasileirao-apos-avanco-na-copa-do-brasil\\\/\"},\"wordCount\":222,\"commentCount\":0,\"image\":{\"@id\":\"https:\\\/\\\/folhapopular.info\\\/index.php\\\/2026\\\/09\\\/05\\\/gremio-mira-reacao-no-brasileirao-apos-avanco-na-copa-do-brasil\\\/#primaryimage\"},\"thumbnailUrl\":\"https:\\\/\\\/folhapopular.info\\\/wp-content\\\/uploads\\\/2026\\\/09\\\/Gremio-2-scaled-aspect-ratio-512-320.webp\",\"keywords\":[\"Brasileir\u00e3o\",\"futebol profissional\",\"Gr\u00eamio\"],\"articleSection\":[\"Esportes\",\"Futebol Profissional\"],\"inLanguage\":\"pt-BR\",\"potentialAction\":[{\"@type\":\"CommentAction\",\"name\":\"Comment\",\"target\":[\"https:\\\/\\\/folhapopular.info\\\/index.php\\\/2026\\\/09\\\/05\\\/gremio-mira-reacao-no-brasileirao-apos-avanco-na-copa-do-brasil\\\/#respond\"]}]},{\"@type\":\"WebPage\",\"@id\":\"https:\\\/\\\/folhapopular.info\\\/index.php\\\/2026\\\/09\\\/05\\\/gremio-mira-reacao-no-brasileirao-apos-avanco-na-copa-do-brasil\\\/\",\"url\":\"https:\\\/\\\/folhapopular.info\\\/index.php\\\/2026\\\/09\\\/05\\\/gremio-mira-reacao-no-brasileirao-apos-avanco-na-copa-do-brasil\\\/\",\"name\":\"Gr\u00eamio mira rea\u00e7\u00e3o no Brasileir\u00e3o ap\u00f3s avan\u00e7o na Copa do Brasil - Folha Popular\",\"isPartOf\":{\"@id\":\"https:\\\/\\\/folhapopular.info\\\/#website\"},\"primaryImageOfPage\":{\"@id\":\"https:\\\/\\\/folhapopular.info\\\/index.php\\\/2026\\\/09\\\/05\\\/gremio-mira-reacao-no-brasileirao-apos-avanco-na-copa-do-brasil\\\/#primaryimage\"},\"image\":{\"@id\":\"https:\\\/\\\/folhapopular.info\\\/index.php\\\/2026\\\/09\\\/05\\\/gremio-mira-reacao-no-brasileirao-apos-avanco-na-copa-do-brasil\\\/#primaryimage\"},\"thumbnailUrl\":\"https:\\\/\\\/folhapopular.info\\\/wp-content\\\/uploads\\\/2026\\\/09\\\/Gremio-2-scaled-aspect-ratio-512-320.webp\",\"datePublished\":\"2026-09-05T23:15:57+00:00\",\"dateModified\":\"2026-09-05T23:15:59+00:00\",\"author\":{\"@id\":\"https:\\\/\\\/folhapopular.info\\\/#\\\/schema\\\/person\\\/e852c327371714676d02e58cf917fd9f\"},\"description\":\"OGr\u00eamio j\u00e1 voltou a concentrar esfor\u00e7os no Campeonato Brasileiro. O pr\u00f3ximo compromisso ser\u00e1 contra o Vit\u00f3ria, \u00e0s 20h da segunda-feira (7\\\/9).\",\"breadcrumb\":{\"@id\":\"https:\\\/\\\/folhapopular.info\\\/index.php\\\/2026\\\/09\\\/05\\\/gremio-mira-reacao-no-brasileirao-apos-avanco-na-copa-do-brasil\\\/#breadcrumb\"},\"inLanguage\":\"pt-BR\",\"potentialAction\":[{\"@type\":\"ReadAction\",\"target\":[\"https:\\\/\\\/folhapopular.info\\\/index.php\\\/2026\\\/09\\\/05\\\/gremio-mira-reacao-no-brasileirao-apos-avanco-na-copa-do-brasil\\\/\"]}]},{\"@type\":\"ImageObject\",\"inLanguage\":\"pt-BR\",\"@id\":\"https:\\\/\\\/folhapopular.info\\\/index.php\\\/2026\\\/09\\\/05\\\/gremio-mira-reacao-no-brasileirao-apos-avanco-na-copa-do-brasil\\\/#primaryimage\",\"url\":\"https:\\\/\\\/folhapopular.info\\\/wp-content\\\/uploads\\\/2026\\\/09\\\/Gremio-2-scaled-aspect-ratio-512-320.webp\",\"contentUrl\":\"https:\\\/\\\/folhapopular.info\\\/wp-content\\\/uploads\\\/2026\\\/09\\\/Gremio-2-scaled-aspect-ratio-512-320.webp\",\"width\":2560,\"height\":1600,\"caption\":\"Tricolor chega embalado ap\u00f3s classifica\u00e7\u00e3o no Gre-Nal - Cr\u00e9dito: Gr\u00eamio \\\/ Divulga\u00e7\u00e3o\"},{\"@type\":\"BreadcrumbList\",\"@id\":\"https:\\\/\\\/folhapopular.info\\\/index.php\\\/2026\\\/09\\\/05\\\/gremio-mira-reacao-no-brasileirao-apos-avanco-na-copa-do-brasil\\\/#breadcrumb\",\"itemListElement\":[{\"@type\":\"ListItem\",\"position\":1,\"name\":\"In\u00edcio\",\"item\":\"https:\\\/\\\/folhapopular.info\\\/\"},{\"@type\":\"ListItem\",\"position\":2,\"name\":\"Gr\u00eamio mira rea\u00e7\u00e3o no Brasileir\u00e3o ap\u00f3s avan\u00e7o na Copa do Brasil\"}]},{\"@type\":\"WebSite\",\"@id\":\"https:\\\/\\\/folhapopular.info\\\/#website\",\"url\":\"https:\\\/\\\/folhapopular.info\\\/\",\"name\":\"Folha Popular\",\"description\":\"Onde voc\u00ea tem vez e voz\",\"potentialAction\":[{\"@type\":\"SearchAction\",\"target\":{\"@type\":\"EntryPoint\",\"urlTemplate\":\"https:\\\/\\\/folhapopular.info\\\/?s={search_term_string}\"},\"query-input\":{\"@type\":\"PropertyValueSpecification\",\"valueRequired\":true,\"valueName\":\"search_term_string\"}}],\"inLanguage\":\"pt-BR\"},{\"@type\":\"Person\",\"@id\":\"https:\\\/\\\/folhapopular.info\\\/#\\\/schema\\\/person\\\/e852c327371714676d02e58cf917fd9f\",\"name\":\"Luis Augusto Huppes\",\"image\":{\"@type\":\"ImageObject\",\"inLanguage\":\"pt-BR\",\"@id\":\"https:\\\/\\\/folhapopular.info\\\/wp-content\\\/uploads\\\/2026\\\/04\\\/Luis-Augusto-Huppes-1-1.webp\",\"url\":\"https:\\\/\\\/folhapopular.info\\\/wp-content\\\/uploads\\\/2026\\\/04\\\/Luis-Augusto-Huppes-1-1.webp\",\"contentUrl\":\"https:\\\/\\\/folhapopular.info\\\/wp-content\\\/uploads\\\/2026\\\/04\\\/Luis-Augusto-Huppes-1-1.webp\",\"caption\":\"Luis Augusto Huppes\"},\"sameAs\":[\"https:\\\/\\\/www.facebook.com\\\/luis.huppes\\\/\",\"https:\\\/\\\/www.instagram.com\\\/luis.huppes\\\/\",\"https:\\\/\\\/www.linkedin.com\\\/in\\\/luis-augusto-huppes-2554b52b7\\\/\"],\"url\":\"https:\\\/\\\/folhapopular.info\\\/index.php\\\/author\\\/luis-augusto-huppes\\\/\"}]}<\/script>\n<!-- \/ Yoast SEO plugin. -->","yoast_head_json":{"title":"Gr\u00eamio mira rea\u00e7\u00e3o no Brasileir\u00e3o ap\u00f3s avan\u00e7o na Copa do Brasil - Folha Popular","description":"OGr\u00eamio j\u00e1 voltou a concentrar esfor\u00e7os no Campeonato Brasileiro. O pr\u00f3ximo compromisso ser\u00e1 contra o Vit\u00f3ria, \u00e0s 20h da segunda-feira (7\/9).","robots":{"index":"index","follow":"follow","max-snippet":"max-snippet:-1","max-image-preview":"max-image-preview:large","max-video-preview":"max-video-preview:-1"},"canonical":"https:\/\/folhapopular.info\/index.php\/2026\/09\/05\/gremio-mira-reacao-no-brasileirao-apos-avanco-na-copa-do-brasil\/","og_locale":"pt_BR","og_type":"article","og_title":"Gr\u00eamio mira rea\u00e7\u00e3o no Brasileir\u00e3o ap\u00f3s avan\u00e7o na Copa do Brasil - Folha Popular","og_description":"OGr\u00eamio j\u00e1 voltou a concentrar esfor\u00e7os no Campeonato Brasileiro. O pr\u00f3ximo compromisso ser\u00e1 contra o Vit\u00f3ria, \u00e0s 20h da segunda-feira (7\/9).","og_url":"https:\/\/folhapopular.info\/index.php\/2026\/09\/05\/gremio-mira-reacao-no-brasileirao-apos-avanco-na-copa-do-brasil\/","og_site_name":"Folha Popular","article_author":"https:\/\/www.facebook.com\/luis.huppes\/","article_published_time":"2026-09-05T23:15:57+00:00","article_modified_time":"2026-09-05T23:15:59+00:00","og_image":[{"width":2560,"height":1600,"url":"https:\/\/folhapopular.info\/wp-content\/uploads\/2026\/09\/Gremio-2-scaled-aspect-ratio-512-320.webp","type":"image\/webp"}],"author":"Luis Augusto Huppes","twitter_card":"summary_large_image","twitter_misc":{"Escrito por":"Luis Augusto Huppes","Est. tempo de leitura":"2 minutos"},"schema":{"@context":"https:\/\/schema.org","@graph":[{"@type":"Article","@id":"https:\/\/folhapopular.info\/index.php\/2026\/09\/05\/gremio-mira-reacao-no-brasileirao-apos-avanco-na-copa-do-brasil\/#article","isPartOf":{"@id":"https:\/\/folhapopular.info\/index.php\/2026\/09\/05\/gremio-mira-reacao-no-brasileirao-apos-avanco-na-copa-do-brasil\/"},"author":{"name":"Luis Augusto Huppes","@id":"https:\/\/folhapopular.info\/#\/schema\/person\/e852c327371714676d02e58cf917fd9f"},"headline":"Gr\u00eamio mira rea\u00e7\u00e3o no Brasileir\u00e3o ap\u00f3s avan\u00e7o na Copa do Brasil","datePublished":"2026-09-05T23:15:57+00:00","dateModified":"2026-09-05T23:15:59+00:00","mainEntityOfPage":{"@id":"https:\/\/folhapopular.info\/index.php\/2026\/09\/05\/gremio-mira-reacao-no-brasileirao-apos-avanco-na-copa-do-brasil\/"},"wordCount":222,"commentCount":0,"image":{"@id":"https:\/\/folhapopular.info\/index.php\/2026\/09\/05\/gremio-mira-reacao-no-brasileirao-apos-avanco-na-copa-do-brasil\/#primaryimage"},"thumbnailUrl":"https:\/\/folhapopular.info\/wp-content\/uploads\/2026\/09\/Gremio-2-scaled-aspect-ratio-512-320.webp","keywords":["Brasileir\u00e3o","futebol profissional","Gr\u00eamio"],"articleSection":["Esportes","Futebol Profissional"],"inLanguage":"pt-BR","potentialAction":[{"@type":"CommentAction","name":"Comment","target":["https:\/\/folhapopular.info\/index.php\/2026\/09\/05\/gremio-mira-reacao-no-brasileirao-apos-avanco-na-copa-do-brasil\/#respond"]}]},{"@type":"WebPage","@id":"https:\/\/folhapopular.info\/index.php\/2026\/09\/05\/gremio-mira-reacao-no-brasileirao-apos-avanco-na-copa-do-brasil\/","url":"https:\/\/folhapopular.info\/index.php\/2026\/09\/05\/gremio-mira-reacao-no-brasileirao-apos-avanco-na-copa-do-brasil\/","name":"Gr\u00eamio mira rea\u00e7\u00e3o no Brasileir\u00e3o ap\u00f3s avan\u00e7o na Copa do Brasil - Folha Popular","isPartOf":{"@id":"https:\/\/folhapopular.info\/#website"},"primaryImageOfPage":{"@id":"https:\/\/folhapopular.info\/index.php\/2026\/09\/05\/gremio-mira-reacao-no-brasileirao-apos-avanco-na-copa-do-brasil\/#primaryimage"},"image":{"@id":"https:\/\/folhapopular.info\/index.php\/2026\/09\/05\/gremio-mira-reacao-no-brasileirao-apos-avanco-na-copa-do-brasil\/#primaryimage"},"thumbnailUrl":"https:\/\/folhapopular.info\/wp-content\/uploads\/2026\/09\/Gremio-2-scaled-aspect-ratio-512-320.webp","datePublished":"2026-09-05T23:15:57+00:00","dateModified":"2026-09-05T23:15:59+00:00","author":{"@id":"https:\/\/folhapopular.info\/#\/schema\/person\/e852c327371714676d02e58cf917fd9f"},"description":"OGr\u00eamio j\u00e1 voltou a concentrar esfor\u00e7os no Campeonato Brasileiro. O pr\u00f3ximo compromisso ser\u00e1 contra o Vit\u00f3ria, \u00e0s 20h da segunda-feira (7\/9).","breadcrumb":{"@id":"https:\/\/folhapopular.info\/index.php\/2026\/09\/05\/gremio-mira-reacao-no-brasileirao-apos-avanco-na-copa-do-brasil\/#breadcrumb"},"inLanguage":"pt-BR","potentialAction":[{"@type":"ReadAction","target":["https:\/\/folhapopular.info\/index.php\/2026\/09\/05\/gremio-mira-reacao-no-brasileirao-apos-avanco-na-copa-do-brasil\/"]}]},{"@type":"ImageObject","inLanguage":"pt-BR","@id":"https:\/\/folhapopular.info\/index.php\/2026\/09\/05\/gremio-mira-reacao-no-brasileirao-apos-avanco-na-copa-do-brasil\/#primaryimage","url":"https:\/\/folhapopular.info\/wp-content\/uploads\/2026\/09\/Gremio-2-scaled-aspect-ratio-512-320.webp","contentUrl":"https:\/\/folhapopular.info\/wp-content\/uploads\/2026\/09\/Gremio-2-scaled-aspect-ratio-512-320.webp","width":2560,"height":1600,"caption":"Tricolor chega embalado ap\u00f3s classifica\u00e7\u00e3o no Gre-Nal - Cr\u00e9dito: Gr\u00eamio \/ Divulga\u00e7\u00e3o"},{"@type":"BreadcrumbList","@id":"https:\/\/folhapopular.info\/index.php\/2026\/09\/05\/gremio-mira-reacao-no-brasileirao-apos-avanco-na-copa-do-brasil\/#breadcrumb","itemListElement":[{"@type":"ListItem","position":1,"name":"In\u00edcio","item":"https:\/\/folhapopular.info\/"},{"@type":"ListItem","position":2,"name":"Gr\u00eamio mira rea\u00e7\u00e3o no Brasileir\u00e3o ap\u00f3s avan\u00e7o na Copa do Brasil"}]},{"@type":"WebSite","@id":"https:\/\/folhapopular.info\/#website","url":"https:\/\/folhapopular.info\/","name":"Folha Popular","description":"Onde voc\u00ea tem vez e voz","potentialAction":[{"@type":"SearchAction","target":{"@type":"EntryPoint","urlTemplate":"https:\/\/folhapopular.info\/?s={search_term_string}"},"query-input":{"@type":"PropertyValueSpecification","valueRequired":true,"valueName":"search_term_string"}}],"inLanguage":"pt-BR"},{"@type":"Person","@id":"https:\/\/folhapopular.info\/#\/schema\/person\/e852c327371714676d02e58cf917fd9f","name":"Luis Augusto Huppes","image":{"@type":"ImageObject","inLanguage":"pt-BR","@id":"https:\/\/folhapopular.info\/wp-content\/uploads\/2026\/04\/Luis-Augusto-Huppes-1-1.webp","url":"https:\/\/folhapopular.info\/wp-content\/uploads\/2026\/04\/Luis-Augusto-Huppes-1-1.webp","contentUrl":"https:\/\/folhapopular.info\/wp-content\/uploads\/2026\/04\/Luis-Augusto-Huppes-1-1.webp","caption":"Luis Augusto Huppes"},"sameAs":["https:\/\/www.facebook.com\/luis.huppes\/","https:\/\/www.instagram.com\/luis.huppes\/","https:\/\/www.linkedin.com\/in\/luis-augusto-huppes-2554b52b7\/"],"url":"https:\/\/folhapopular.info\/index.php\/author\/luis-augusto-huppes\/"}]}},"jetpack_sharing_enabled":true,"amp_enabled":true,"jetpack_featured_media_url":"https:\/\/folhapopular.info\/wp-content\/uploads\/2026\/09\/Gremio-2-scaled-aspect-ratio-512-320.webp","_links":{"self":[{"href":"https:\/\/folhapopular.info\/index.php\/wp-json\/wp\/v2\/posts\/220484","targetHints":{"allow":["GET"]}}],"collection":[{"href":"https:\/\/folhapopular.info\/index.php\/wp-json\/wp\/v2\/posts"}],"about":[{"href":"https:\/\/folhapopular.info\/index.php\/wp-json\/wp\/v2\/types\/post"}],"author":[{"embeddable":true,"href":"https:\/\/folhapopular.info\/index.php\/wp-json\/wp\/v2\/users\/732"}],"replies":[{"embeddable":true,"href":"https:\/\/folhapopular.info\/index.php\/wp-json\/wp\/v2\/comments?post=220484"}],"version-history":[{"count":1,"href":"https:\/\/folhapopular.info\/index.php\/wp-json\/wp\/v2\/posts\/220484\/revisions"}],"predecessor-version":[{"id":220486,"href":"https:\/\/folhapopular.info\/index.php\/wp-json\/wp\/v2\/posts\/220484\/revisions\/220486"}],"wp:featuredmedia":[{"embeddable":true,"href":"https:\/\/folhapopular.info\/index.php\/wp-json\/wp\/v2\/media\/220485"}],"wp:attachment":[{"href":"https:\/\/folhapopular.info\/index.php\/wp-json\/wp\/v2\/media?parent=220484"}],"wp:term":[{"taxonomy":"category","embeddable":true,"href":"https:\/\/folhapopular.info\/index.php\/wp-json\/wp\/v2\/categories?post=220484"},{"taxonomy":"post_tag","embeddable":true,"href":"https:\/\/folhapopular.info\/index.php\/wp-json\/wp\/v2\/tags?post=220484"}],"curies":[{"name":"wp","href":"https:\/\/api.w.org\/{rel}","templated":true}]}}