{"id":31495,"date":"2017-06-22T09:00:46","date_gmt":"2017-06-22T12:00:46","guid":{"rendered":"http:\/\/folhapopular.info\/?p=31495"},"modified":"2017-06-22T08:52:55","modified_gmt":"2017-06-22T11:52:55","slug":"obras-no-parque-de-rodeios-sao-iniciadas","status":"publish","type":"post","link":"https:\/\/folhapopular.info\/index.php\/2017\/06\/22\/obras-no-parque-de-rodeios-sao-iniciadas\/","title":{"rendered":"Obras no parque de rodeios s\u00e3o iniciadas"},"content":{"rendered":"<p>Com os servi\u00e7os de terraplanagem e drenagem do terreno, iniciaram nesta semana os trabalhos na constru\u00e7\u00e3o do Parque Municipal de Rodeios, em Canabarro. Localizado em uma \u00e1rea verde do munic\u00edpio, que hoje \u00e9 utilizada pelo Centro Cultural Tradicionalista Quer\u00eancia Amada, do Loteamento 8, o local ter\u00e1 pista para rodeios, arquibancadas e cabina para locutores e julgadores.<\/p>\n<p>Em visita ao local, o prefeito Jonatan Br\u00f6nstrup \u00a0destacou import\u00e2ncia da obra. \u201cPrecisamos oferecer um espa\u00e7o adequado para sediar campeonatos, torneios e eventos\u201d, avalia.\u00a0O projeto segue as normas do Movimento Tradicionalista Ga\u00facho (MTG).\u00a0O projeto ser\u00e1 financiado com recursos federais, atrav\u00e9s de emenda parlamentar no valor de 250 mil reais. A prefeitura deve custear ainda cerca de 100 mil reais para a finaliza\u00e7\u00e3o da obra.<\/p>\n","protected":false},"excerpt":{"rendered":"<p>Com os servi\u00e7os de terraplanagem e drenagem do terreno, iniciaram nesta semana os trabalhos na constru\u00e7\u00e3o do Parque Municipal de Rodeios, em Canabarro. Localizado em uma \u00e1rea verde do munic\u00edpio, que hoje \u00e9 utilizada pelo Centro Cultural Tradicionalista Quer\u00eancia Amada, do Loteamento 8, o local ter\u00e1 pista para rodeios, arquibancadas e cabina para locutores e [&hellip;]<\/p>\n","protected":false},"author":8,"featured_media":31497,"comment_status":"open","ping_status":"open","sticky":false,"template":"","format":"standard","meta":{"pmpro_default_level":"","_jetpack_memberships_contains_paid_content":false,"footnotes":""},"categories":[2,3],"tags":[32,76,26,77],"class_list":{"0":"post-31495","1":"post","2":"type-post","3":"status-publish","4":"format-standard","5":"has-post-thumbnail","7":"category-featured","8":"category-geral","9":"tag-obras","10":"tag-parque-de-rodeio","11":"tag-teutonia","12":"tag-tradicionalismo","13":"pmpro-has-access"},"yoast_head":"<!-- This site is optimized with the Yoast SEO plugin v27.5 - https:\/\/yoast.com\/product\/yoast-seo-wordpress\/ -->\n<title>Obras no parque de rodeios s\u00e3o iniciadas - Folha Popular<\/title>\n<meta name=\"robots\" content=\"index, follow, max-snippet:-1, max-image-preview:large, max-video-preview:-1\" \/>\n<link rel=\"canonical\" href=\"https:\/\/folhapopular.info\/index.php\/2017\/06\/22\/obras-no-parque-de-rodeios-sao-iniciadas\/\" \/>\n<meta property=\"og:locale\" content=\"pt_BR\" \/>\n<meta property=\"og:type\" content=\"article\" \/>\n<meta property=\"og:title\" content=\"Obras no parque de rodeios s\u00e3o iniciadas - Folha Popular\" \/>\n<meta property=\"og:description\" content=\"Com os servi\u00e7os de terraplanagem e drenagem do terreno, iniciaram nesta semana os trabalhos na constru\u00e7\u00e3o do Parque Municipal de Rodeios, em Canabarro. Localizado em uma \u00e1rea verde do munic\u00edpio, que hoje \u00e9 utilizada pelo Centro Cultural Tradicionalista Quer\u00eancia Amada, do Loteamento 8, o local ter\u00e1 pista para rodeios, arquibancadas e cabina para locutores e [&hellip;]\" \/>\n<meta property=\"og:url\" content=\"https:\/\/folhapopular.info\/index.php\/2017\/06\/22\/obras-no-parque-de-rodeios-sao-iniciadas\/\" \/>\n<meta property=\"og:site_name\" content=\"Folha Popular\" \/>\n<meta property=\"article:published_time\" content=\"2017-06-22T12:00:46+00:00\" \/>\n<meta property=\"og:image\" content=\"https:\/\/folhapopular.info\/wp-content\/uploads\/2017\/06\/DSCN8563-1024x768.jpg\" \/>\n\t<meta property=\"og:image:width\" content=\"1024\" \/>\n\t<meta property=\"og:image:height\" content=\"768\" \/>\n\t<meta property=\"og:image:type\" content=\"image\/jpeg\" \/>\n<meta name=\"author\" content=\"Reda\u00e7\u00e3o Folha Popular\" \/>\n<meta name=\"twitter:card\" content=\"summary_large_image\" \/>\n<meta name=\"twitter:label1\" content=\"Escrito por\" \/>\n\t<meta name=\"twitter:data1\" content=\"Reda\u00e7\u00e3o Folha Popular\" \/>\n\t<meta name=\"twitter:label2\" content=\"Est. tempo de leitura\" \/>\n\t<meta name=\"twitter:data2\" content=\"1 minuto\" \/>\n<script type=\"application\/ld+json\" class=\"yoast-schema-graph\">{\"@context\":\"https:\\\/\\\/schema.org\",\"@graph\":[{\"@type\":\"Article\",\"@id\":\"https:\\\/\\\/folhapopular.info\\\/index.php\\\/2017\\\/06\\\/22\\\/obras-no-parque-de-rodeios-sao-iniciadas\\\/#article\",\"isPartOf\":{\"@id\":\"https:\\\/\\\/folhapopular.info\\\/index.php\\\/2017\\\/06\\\/22\\\/obras-no-parque-de-rodeios-sao-iniciadas\\\/\"},\"author\":{\"name\":\"Reda\u00e7\u00e3o Folha Popular\",\"@id\":\"https:\\\/\\\/folhapopular.info\\\/#\\\/schema\\\/person\\\/2814e8a0df7643585a9ca38bc6eb9d4b\"},\"headline\":\"Obras no parque de rodeios s\u00e3o iniciadas\",\"datePublished\":\"2017-06-22T12:00:46+00:00\",\"mainEntityOfPage\":{\"@id\":\"https:\\\/\\\/folhapopular.info\\\/index.php\\\/2017\\\/06\\\/22\\\/obras-no-parque-de-rodeios-sao-iniciadas\\\/\"},\"wordCount\":136,\"commentCount\":0,\"image\":{\"@id\":\"https:\\\/\\\/folhapopular.info\\\/index.php\\\/2017\\\/06\\\/22\\\/obras-no-parque-de-rodeios-sao-iniciadas\\\/#primaryimage\"},\"thumbnailUrl\":\"https:\\\/\\\/folhapopular.info\\\/wp-content\\\/uploads\\\/2017\\\/06\\\/DSCN8563.jpg\",\"keywords\":[\"Obras\",\"Parque de Rodeio\",\"Teut\u00f4nia\",\"Tradicionalismo\"],\"articleSection\":[\"Destaques\",\"Geral\"],\"inLanguage\":\"pt-BR\",\"potentialAction\":[{\"@type\":\"CommentAction\",\"name\":\"Comment\",\"target\":[\"https:\\\/\\\/folhapopular.info\\\/index.php\\\/2017\\\/06\\\/22\\\/obras-no-parque-de-rodeios-sao-iniciadas\\\/#respond\"]}]},{\"@type\":\"WebPage\",\"@id\":\"https:\\\/\\\/folhapopular.info\\\/index.php\\\/2017\\\/06\\\/22\\\/obras-no-parque-de-rodeios-sao-iniciadas\\\/\",\"url\":\"https:\\\/\\\/folhapopular.info\\\/index.php\\\/2017\\\/06\\\/22\\\/obras-no-parque-de-rodeios-sao-iniciadas\\\/\",\"name\":\"Obras no parque de rodeios s\u00e3o iniciadas - Folha Popular\",\"isPartOf\":{\"@id\":\"https:\\\/\\\/folhapopular.info\\\/#website\"},\"primaryImageOfPage\":{\"@id\":\"https:\\\/\\\/folhapopular.info\\\/index.php\\\/2017\\\/06\\\/22\\\/obras-no-parque-de-rodeios-sao-iniciadas\\\/#primaryimage\"},\"image\":{\"@id\":\"https:\\\/\\\/folhapopular.info\\\/index.php\\\/2017\\\/06\\\/22\\\/obras-no-parque-de-rodeios-sao-iniciadas\\\/#primaryimage\"},\"thumbnailUrl\":\"https:\\\/\\\/folhapopular.info\\\/wp-content\\\/uploads\\\/2017\\\/06\\\/DSCN8563.jpg\",\"datePublished\":\"2017-06-22T12:00:46+00:00\",\"author\":{\"@id\":\"https:\\\/\\\/folhapopular.info\\\/#\\\/schema\\\/person\\\/2814e8a0df7643585a9ca38bc6eb9d4b\"},\"breadcrumb\":{\"@id\":\"https:\\\/\\\/folhapopular.info\\\/index.php\\\/2017\\\/06\\\/22\\\/obras-no-parque-de-rodeios-sao-iniciadas\\\/#breadcrumb\"},\"inLanguage\":\"pt-BR\",\"potentialAction\":[{\"@type\":\"ReadAction\",\"target\":[\"https:\\\/\\\/folhapopular.info\\\/index.php\\\/2017\\\/06\\\/22\\\/obras-no-parque-de-rodeios-sao-iniciadas\\\/\"]}]},{\"@type\":\"ImageObject\",\"inLanguage\":\"pt-BR\",\"@id\":\"https:\\\/\\\/folhapopular.info\\\/index.php\\\/2017\\\/06\\\/22\\\/obras-no-parque-de-rodeios-sao-iniciadas\\\/#primaryimage\",\"url\":\"https:\\\/\\\/folhapopular.info\\\/wp-content\\\/uploads\\\/2017\\\/06\\\/DSCN8563.jpg\",\"contentUrl\":\"https:\\\/\\\/folhapopular.info\\\/wp-content\\\/uploads\\\/2017\\\/06\\\/DSCN8563.jpg\",\"width\":3648,\"height\":2736,\"caption\":\"Obras s\u00e3o realizadas em \u00e1rea do munic\u00edpio utilizada pelo CCT Quer\u00eancia Amada\\\/ Cr\u00e9dito da foto: Divulga\u00e7\u00e3o\"},{\"@type\":\"BreadcrumbList\",\"@id\":\"https:\\\/\\\/folhapopular.info\\\/index.php\\\/2017\\\/06\\\/22\\\/obras-no-parque-de-rodeios-sao-iniciadas\\\/#breadcrumb\",\"itemListElement\":[{\"@type\":\"ListItem\",\"position\":1,\"name\":\"In\u00edcio\",\"item\":\"https:\\\/\\\/folhapopular.info\\\/\"},{\"@type\":\"ListItem\",\"position\":2,\"name\":\"Obras no parque de rodeios s\u00e3o iniciadas\"}]},{\"@type\":\"WebSite\",\"@id\":\"https:\\\/\\\/folhapopular.info\\\/#website\",\"url\":\"https:\\\/\\\/folhapopular.info\\\/\",\"name\":\"Folha Popular\",\"description\":\"Onde voc\u00ea tem vez e voz\",\"potentialAction\":[{\"@type\":\"SearchAction\",\"target\":{\"@type\":\"EntryPoint\",\"urlTemplate\":\"https:\\\/\\\/folhapopular.info\\\/?s={search_term_string}\"},\"query-input\":{\"@type\":\"PropertyValueSpecification\",\"valueRequired\":true,\"valueName\":\"search_term_string\"}}],\"inLanguage\":\"pt-BR\"},{\"@type\":\"Person\",\"@id\":\"https:\\\/\\\/folhapopular.info\\\/#\\\/schema\\\/person\\\/2814e8a0df7643585a9ca38bc6eb9d4b\",\"name\":\"Reda\u00e7\u00e3o Folha Popular\",\"image\":{\"@type\":\"ImageObject\",\"inLanguage\":\"pt-BR\",\"@id\":\"https:\\\/\\\/folhapopular.info\\\/wp-content\\\/uploads\\\/2026\\\/04\\\/Folha-1.webp\",\"url\":\"https:\\\/\\\/folhapopular.info\\\/wp-content\\\/uploads\\\/2026\\\/04\\\/Folha-1.webp\",\"contentUrl\":\"https:\\\/\\\/folhapopular.info\\\/wp-content\\\/uploads\\\/2026\\\/04\\\/Folha-1.webp\",\"caption\":\"Reda\u00e7\u00e3o Folha Popular\"},\"url\":\"https:\\\/\\\/folhapopular.info\\\/index.php\\\/author\\\/redacao\\\/\"}]}<\/script>\n<!-- \/ Yoast SEO plugin. -->","yoast_head_json":{"title":"Obras no parque de rodeios s\u00e3o iniciadas - Folha Popular","robots":{"index":"index","follow":"follow","max-snippet":"max-snippet:-1","max-image-preview":"max-image-preview:large","max-video-preview":"max-video-preview:-1"},"canonical":"https:\/\/folhapopular.info\/index.php\/2017\/06\/22\/obras-no-parque-de-rodeios-sao-iniciadas\/","og_locale":"pt_BR","og_type":"article","og_title":"Obras no parque de rodeios s\u00e3o iniciadas - Folha Popular","og_description":"Com os servi\u00e7os de terraplanagem e drenagem do terreno, iniciaram nesta semana os trabalhos na constru\u00e7\u00e3o do Parque Municipal de Rodeios, em Canabarro. Localizado em uma \u00e1rea verde do munic\u00edpio, que hoje \u00e9 utilizada pelo Centro Cultural Tradicionalista Quer\u00eancia Amada, do Loteamento 8, o local ter\u00e1 pista para rodeios, arquibancadas e cabina para locutores e [&hellip;]","og_url":"https:\/\/folhapopular.info\/index.php\/2017\/06\/22\/obras-no-parque-de-rodeios-sao-iniciadas\/","og_site_name":"Folha Popular","article_published_time":"2017-06-22T12:00:46+00:00","og_image":[{"width":1024,"height":768,"url":"https:\/\/folhapopular.info\/wp-content\/uploads\/2017\/06\/DSCN8563-1024x768.jpg","type":"image\/jpeg"}],"author":"Reda\u00e7\u00e3o Folha Popular","twitter_card":"summary_large_image","twitter_misc":{"Escrito por":"Reda\u00e7\u00e3o Folha Popular","Est. tempo de leitura":"1 minuto"},"schema":{"@context":"https:\/\/schema.org","@graph":[{"@type":"Article","@id":"https:\/\/folhapopular.info\/index.php\/2017\/06\/22\/obras-no-parque-de-rodeios-sao-iniciadas\/#article","isPartOf":{"@id":"https:\/\/folhapopular.info\/index.php\/2017\/06\/22\/obras-no-parque-de-rodeios-sao-iniciadas\/"},"author":{"name":"Reda\u00e7\u00e3o Folha Popular","@id":"https:\/\/folhapopular.info\/#\/schema\/person\/2814e8a0df7643585a9ca38bc6eb9d4b"},"headline":"Obras no parque de rodeios s\u00e3o iniciadas","datePublished":"2017-06-22T12:00:46+00:00","mainEntityOfPage":{"@id":"https:\/\/folhapopular.info\/index.php\/2017\/06\/22\/obras-no-parque-de-rodeios-sao-iniciadas\/"},"wordCount":136,"commentCount":0,"image":{"@id":"https:\/\/folhapopular.info\/index.php\/2017\/06\/22\/obras-no-parque-de-rodeios-sao-iniciadas\/#primaryimage"},"thumbnailUrl":"https:\/\/folhapopular.info\/wp-content\/uploads\/2017\/06\/DSCN8563.jpg","keywords":["Obras","Parque de Rodeio","Teut\u00f4nia","Tradicionalismo"],"articleSection":["Destaques","Geral"],"inLanguage":"pt-BR","potentialAction":[{"@type":"CommentAction","name":"Comment","target":["https:\/\/folhapopular.info\/index.php\/2017\/06\/22\/obras-no-parque-de-rodeios-sao-iniciadas\/#respond"]}]},{"@type":"WebPage","@id":"https:\/\/folhapopular.info\/index.php\/2017\/06\/22\/obras-no-parque-de-rodeios-sao-iniciadas\/","url":"https:\/\/folhapopular.info\/index.php\/2017\/06\/22\/obras-no-parque-de-rodeios-sao-iniciadas\/","name":"Obras no parque de rodeios s\u00e3o iniciadas - Folha Popular","isPartOf":{"@id":"https:\/\/folhapopular.info\/#website"},"primaryImageOfPage":{"@id":"https:\/\/folhapopular.info\/index.php\/2017\/06\/22\/obras-no-parque-de-rodeios-sao-iniciadas\/#primaryimage"},"image":{"@id":"https:\/\/folhapopular.info\/index.php\/2017\/06\/22\/obras-no-parque-de-rodeios-sao-iniciadas\/#primaryimage"},"thumbnailUrl":"https:\/\/folhapopular.info\/wp-content\/uploads\/2017\/06\/DSCN8563.jpg","datePublished":"2017-06-22T12:00:46+00:00","author":{"@id":"https:\/\/folhapopular.info\/#\/schema\/person\/2814e8a0df7643585a9ca38bc6eb9d4b"},"breadcrumb":{"@id":"https:\/\/folhapopular.info\/index.php\/2017\/06\/22\/obras-no-parque-de-rodeios-sao-iniciadas\/#breadcrumb"},"inLanguage":"pt-BR","potentialAction":[{"@type":"ReadAction","target":["https:\/\/folhapopular.info\/index.php\/2017\/06\/22\/obras-no-parque-de-rodeios-sao-iniciadas\/"]}]},{"@type":"ImageObject","inLanguage":"pt-BR","@id":"https:\/\/folhapopular.info\/index.php\/2017\/06\/22\/obras-no-parque-de-rodeios-sao-iniciadas\/#primaryimage","url":"https:\/\/folhapopular.info\/wp-content\/uploads\/2017\/06\/DSCN8563.jpg","contentUrl":"https:\/\/folhapopular.info\/wp-content\/uploads\/2017\/06\/DSCN8563.jpg","width":3648,"height":2736,"caption":"Obras s\u00e3o realizadas em \u00e1rea do munic\u00edpio utilizada pelo CCT Quer\u00eancia Amada\/ Cr\u00e9dito da foto: Divulga\u00e7\u00e3o"},{"@type":"BreadcrumbList","@id":"https:\/\/folhapopular.info\/index.php\/2017\/06\/22\/obras-no-parque-de-rodeios-sao-iniciadas\/#breadcrumb","itemListElement":[{"@type":"ListItem","position":1,"name":"In\u00edcio","item":"https:\/\/folhapopular.info\/"},{"@type":"ListItem","position":2,"name":"Obras no parque de rodeios s\u00e3o iniciadas"}]},{"@type":"WebSite","@id":"https:\/\/folhapopular.info\/#website","url":"https:\/\/folhapopular.info\/","name":"Folha Popular","description":"Onde voc\u00ea tem vez e voz","potentialAction":[{"@type":"SearchAction","target":{"@type":"EntryPoint","urlTemplate":"https:\/\/folhapopular.info\/?s={search_term_string}"},"query-input":{"@type":"PropertyValueSpecification","valueRequired":true,"valueName":"search_term_string"}}],"inLanguage":"pt-BR"},{"@type":"Person","@id":"https:\/\/folhapopular.info\/#\/schema\/person\/2814e8a0df7643585a9ca38bc6eb9d4b","name":"Reda\u00e7\u00e3o Folha Popular","image":{"@type":"ImageObject","inLanguage":"pt-BR","@id":"https:\/\/folhapopular.info\/wp-content\/uploads\/2026\/04\/Folha-1.webp","url":"https:\/\/folhapopular.info\/wp-content\/uploads\/2026\/04\/Folha-1.webp","contentUrl":"https:\/\/folhapopular.info\/wp-content\/uploads\/2026\/04\/Folha-1.webp","caption":"Reda\u00e7\u00e3o Folha Popular"},"url":"https:\/\/folhapopular.info\/index.php\/author\/redacao\/"}]}},"jetpack_featured_media_url":"https:\/\/folhapopular.info\/wp-content\/uploads\/2017\/06\/DSCN8563.jpg","jetpack_sharing_enabled":true,"amp_enabled":true,"_links":{"self":[{"href":"https:\/\/folhapopular.info\/index.php\/wp-json\/wp\/v2\/posts\/31495","targetHints":{"allow":["GET"]}}],"collection":[{"href":"https:\/\/folhapopular.info\/index.php\/wp-json\/wp\/v2\/posts"}],"about":[{"href":"https:\/\/folhapopular.info\/index.php\/wp-json\/wp\/v2\/types\/post"}],"author":[{"embeddable":true,"href":"https:\/\/folhapopular.info\/index.php\/wp-json\/wp\/v2\/users\/8"}],"replies":[{"embeddable":true,"href":"https:\/\/folhapopular.info\/index.php\/wp-json\/wp\/v2\/comments?post=31495"}],"version-history":[{"count":0,"href":"https:\/\/folhapopular.info\/index.php\/wp-json\/wp\/v2\/posts\/31495\/revisions"}],"wp:featuredmedia":[{"embeddable":true,"href":"https:\/\/folhapopular.info\/index.php\/wp-json\/wp\/v2\/media\/31497"}],"wp:attachment":[{"href":"https:\/\/folhapopular.info\/index.php\/wp-json\/wp\/v2\/media?parent=31495"}],"wp:term":[{"taxonomy":"category","embeddable":true,"href":"https:\/\/folhapopular.info\/index.php\/wp-json\/wp\/v2\/categories?post=31495"},{"taxonomy":"post_tag","embeddable":true,"href":"https:\/\/folhapopular.info\/index.php\/wp-json\/wp\/v2\/tags?post=31495"}],"curies":[{"name":"wp","href":"https:\/\/api.w.org\/{rel}","templated":true}]}}