{"id":32545,"date":"2017-07-16T22:42:37","date_gmt":"2017-07-17T01:42:37","guid":{"rendered":"http:\/\/folhapopular.info\/?p=32545"},"modified":"2017-07-16T22:42:37","modified_gmt":"2017-07-17T01:42:37","slug":"conjunto-instrumental-abriu-o-festival-de-musica-de-teutonia","status":"publish","type":"post","link":"https:\/\/folhapopular.info\/index.php\/2017\/07\/16\/conjunto-instrumental-abriu-o-festival-de-musica-de-teutonia\/","title":{"rendered":"Conjunto Instrumental abriu o Festival de M\u00fasica de Teut\u00f4nia"},"content":{"rendered":"<p>A 3\u00aa edi\u00e7\u00e3o do Festival de M\u00fasica de Teut\u00f4nia foi aberta na noite deste domingo (16\/07), com lota\u00e7\u00e3o m\u00e1xima no audit\u00f3rio da Sicredi Ouro Branco, no Bairro Languiru. O p\u00fablico aplaudiu intensamente o Conjunto Instrumental do Col\u00e9gio Teut\u00f4nia, que apresentou o Repert\u00f3rio Turn\u00ea Europa 2017.<\/p>\n<p>Durante uma hora e meia, os jovens instrumentistas e os professores de m\u00fasica do CT apresentaram arranjos da m\u00fasica popular brasileira, ga\u00facha, samba, alem\u00e3, argentina, sueca e de outras nacionalidades.<\/p>\n<figure id=\"attachment_32557\" aria-describedby=\"caption-attachment-32557\" style=\"width: 696px\" class=\"wp-caption aligncenter\"><img loading=\"lazy\" decoding=\"async\" class=\"size-large wp-image-32557\" src=\"https:\/\/folhapopular.info\/wp-content\/uploads\/2017\/07\/28a19650-0adc-4310-be23-8a2b66069ba4-1024x768.jpg\" alt=\"\" width=\"696\" height=\"522\" srcset=\"https:\/\/folhapopular.info\/wp-content\/uploads\/2017\/07\/28a19650-0adc-4310-be23-8a2b66069ba4-1024x768.jpg 1024w, https:\/\/folhapopular.info\/wp-content\/uploads\/2017\/07\/28a19650-0adc-4310-be23-8a2b66069ba4-300x225.jpg 300w, https:\/\/folhapopular.info\/wp-content\/uploads\/2017\/07\/28a19650-0adc-4310-be23-8a2b66069ba4-768x576.jpg 768w, https:\/\/folhapopular.info\/wp-content\/uploads\/2017\/07\/28a19650-0adc-4310-be23-8a2b66069ba4-80x60.jpg 80w, https:\/\/folhapopular.info\/wp-content\/uploads\/2017\/07\/28a19650-0adc-4310-be23-8a2b66069ba4-265x198.jpg 265w, https:\/\/folhapopular.info\/wp-content\/uploads\/2017\/07\/28a19650-0adc-4310-be23-8a2b66069ba4-696x522.jpg 696w, https:\/\/folhapopular.info\/wp-content\/uploads\/2017\/07\/28a19650-0adc-4310-be23-8a2b66069ba4-1068x801.jpg 1068w, https:\/\/folhapopular.info\/wp-content\/uploads\/2017\/07\/28a19650-0adc-4310-be23-8a2b66069ba4-560x420.jpg 560w, https:\/\/folhapopular.info\/wp-content\/uploads\/2017\/07\/28a19650-0adc-4310-be23-8a2b66069ba4.jpg 1280w\" sizes=\"auto, (max-width: 696px) 100vw, 696px\" \/><figcaption id=\"caption-attachment-32557\" class=\"wp-caption-text\">Conjunto Instrumental do Col\u00e9gio Teut\u00f4nia<\/figcaption><\/figure>\n<p>Antes das \u00faltimas duas m\u00fasicas, o diretor do CT, Jonas R\u00fcckert, se emocionou e precisou pausar seu pronunciamento quando nominava os professores de m\u00fasica do Col\u00e9gio Teut\u00f4nia. &#8220;Eles mostraram que podemos tornar sonhos em realidade&#8221;, deixando nas entrelinhas o agradecimento pelo Festival de M\u00fasica e pela Turn\u00ea Europa.<\/p>\n<p>R\u00fcckert tamb\u00e9m enfatizou a energia positiva que ser\u00e1 emanada nesta semana. &#8220;H\u00e1 previs\u00e3o de frio, mas avisem o S\u00e3o Pedro que em Teut\u00f4nia haver\u00e1 bastante combust\u00edvel para esquentar a semana&#8221;, destacou. Ainda agradeceu \u00e0s fam\u00edlias hospedeiras, que recepcionar\u00e3o os alunos visitantes nesta semana.<\/p>\n<p>O Festival de M\u00fasica de Teut\u00f4nia teve o concerto de abertura na noite de domingo. De segunda a quinta-feira, durante o dia, os jovens musicistas ter\u00e3o oficinas para aperfei\u00e7oamento com 16 renomados professores.<\/p>\n<p>Todas as noites haver\u00e1 uma programa\u00e7\u00e3o art\u00edstica, sempre com in\u00edcio \u00e0s 20 horas, no audit\u00f3rio do Col\u00e9gio Teut\u00f4nia. Nesta segunda-feira (17\/07), Big Band Comunit\u00e1ria da UPF. Ter\u00e7a-feira (18\/07), Renato Borghetti e Quarteto. Quarta-feira (19\/07) haver\u00e1 recital de professores e estudantes. Na quinta-feira (20\/07), concerto de encerramento com a Orquestra do Festival.<\/p>\n<figure id=\"attachment_32556\" aria-describedby=\"caption-attachment-32556\" style=\"width: 696px\" class=\"wp-caption aligncenter\"><img loading=\"lazy\" decoding=\"async\" class=\"size-large wp-image-32556\" src=\"https:\/\/folhapopular.info\/wp-content\/uploads\/2017\/07\/8cb39fc4-35d7-441d-a394-731f9b41de1b-1024x768.jpg\" alt=\"\" width=\"696\" height=\"522\" srcset=\"https:\/\/folhapopular.info\/wp-content\/uploads\/2017\/07\/8cb39fc4-35d7-441d-a394-731f9b41de1b-1024x768.jpg 1024w, https:\/\/folhapopular.info\/wp-content\/uploads\/2017\/07\/8cb39fc4-35d7-441d-a394-731f9b41de1b-300x225.jpg 300w, https:\/\/folhapopular.info\/wp-content\/uploads\/2017\/07\/8cb39fc4-35d7-441d-a394-731f9b41de1b-768x576.jpg 768w, https:\/\/folhapopular.info\/wp-content\/uploads\/2017\/07\/8cb39fc4-35d7-441d-a394-731f9b41de1b-80x60.jpg 80w, https:\/\/folhapopular.info\/wp-content\/uploads\/2017\/07\/8cb39fc4-35d7-441d-a394-731f9b41de1b-265x198.jpg 265w, https:\/\/folhapopular.info\/wp-content\/uploads\/2017\/07\/8cb39fc4-35d7-441d-a394-731f9b41de1b-696x522.jpg 696w, https:\/\/folhapopular.info\/wp-content\/uploads\/2017\/07\/8cb39fc4-35d7-441d-a394-731f9b41de1b-1068x801.jpg 1068w, https:\/\/folhapopular.info\/wp-content\/uploads\/2017\/07\/8cb39fc4-35d7-441d-a394-731f9b41de1b-560x420.jpg 560w, https:\/\/folhapopular.info\/wp-content\/uploads\/2017\/07\/8cb39fc4-35d7-441d-a394-731f9b41de1b.jpg 1280w\" sizes=\"auto, (max-width: 696px) 100vw, 696px\" \/><figcaption id=\"caption-attachment-32556\" class=\"wp-caption-text\">Um total de 16 professores de diferentes instrumentos musicais coordenar\u00e3o oficinas na semana<\/figcaption><\/figure>\n","protected":false},"excerpt":{"rendered":"<p>A 3\u00aa edi\u00e7\u00e3o do Festival de M\u00fasica de Teut\u00f4nia foi aberta na noite deste domingo (16\/07), com lota\u00e7\u00e3o m\u00e1xima no audit\u00f3rio da Sicredi Ouro Branco, no Bairro Languiru. O p\u00fablico aplaudiu intensamente o Conjunto Instrumental do Col\u00e9gio Teut\u00f4nia, que apresentou o Repert\u00f3rio Turn\u00ea Europa 2017. Durante uma hora e meia, os jovens instrumentistas e os [&hellip;]<\/p>\n","protected":false},"author":7,"featured_media":32555,"comment_status":"open","ping_status":"open","sticky":false,"template":"","format":"standard","meta":{"pmpro_default_level":"","_jetpack_memberships_contains_paid_content":false,"footnotes":""},"categories":[2,6],"tags":[447,448,446],"class_list":{"0":"post-32545","1":"post","2":"type-post","3":"status-publish","4":"format-standard","5":"has-post-thumbnail","7":"category-featured","8":"category-inclusive","9":"tag-conjunto-instrumental-do-colegio-teutonia","10":"tag-ct","11":"tag-festival-de-musica-de-teutonia","12":"pmpro-has-access"},"yoast_head":"<!-- This site is optimized with the Yoast SEO plugin v27.5 - https:\/\/yoast.com\/product\/yoast-seo-wordpress\/ -->\n<title>Conjunto Instrumental abriu o Festival de M\u00fasica de Teut\u00f4nia - Folha Popular<\/title>\n<meta name=\"robots\" content=\"index, follow, max-snippet:-1, max-image-preview:large, max-video-preview:-1\" \/>\n<link rel=\"canonical\" href=\"https:\/\/folhapopular.info\/index.php\/2017\/07\/16\/conjunto-instrumental-abriu-o-festival-de-musica-de-teutonia\/\" \/>\n<meta property=\"og:locale\" content=\"pt_BR\" \/>\n<meta property=\"og:type\" content=\"article\" \/>\n<meta property=\"og:title\" content=\"Conjunto Instrumental abriu o Festival de M\u00fasica de Teut\u00f4nia - Folha Popular\" \/>\n<meta property=\"og:description\" content=\"A 3\u00aa edi\u00e7\u00e3o do Festival de M\u00fasica de Teut\u00f4nia foi aberta na noite deste domingo (16\/07), com lota\u00e7\u00e3o m\u00e1xima no audit\u00f3rio da Sicredi Ouro Branco, no Bairro Languiru. O p\u00fablico aplaudiu intensamente o Conjunto Instrumental do Col\u00e9gio Teut\u00f4nia, que apresentou o Repert\u00f3rio Turn\u00ea Europa 2017. Durante uma hora e meia, os jovens instrumentistas e os [&hellip;]\" \/>\n<meta property=\"og:url\" content=\"https:\/\/folhapopular.info\/index.php\/2017\/07\/16\/conjunto-instrumental-abriu-o-festival-de-musica-de-teutonia\/\" \/>\n<meta property=\"og:site_name\" content=\"Folha Popular\" \/>\n<meta property=\"article:published_time\" content=\"2017-07-17T01:42:37+00:00\" \/>\n<meta property=\"og:image\" content=\"https:\/\/folhapopular.info\/wp-content\/uploads\/2017\/07\/80b0bfde-6562-4178-8c36-685b67c8cffe.jpg\" \/>\n\t<meta property=\"og:image:width\" content=\"1280\" \/>\n\t<meta property=\"og:image:height\" content=\"720\" \/>\n\t<meta property=\"og:image:type\" content=\"image\/jpeg\" \/>\n<meta name=\"author\" content=\"Lucas Leandro Brune\" \/>\n<meta name=\"twitter:card\" content=\"summary_large_image\" \/>\n<meta name=\"twitter:label1\" content=\"Escrito por\" \/>\n\t<meta name=\"twitter:data1\" content=\"Lucas Leandro Brune\" \/>\n\t<meta name=\"twitter:label2\" content=\"Est. tempo de leitura\" \/>\n\t<meta name=\"twitter:data2\" content=\"2 minutos\" \/>\n<script type=\"application\/ld+json\" class=\"yoast-schema-graph\">{\"@context\":\"https:\\\/\\\/schema.org\",\"@graph\":[{\"@type\":\"Article\",\"@id\":\"https:\\\/\\\/folhapopular.info\\\/index.php\\\/2017\\\/07\\\/16\\\/conjunto-instrumental-abriu-o-festival-de-musica-de-teutonia\\\/#article\",\"isPartOf\":{\"@id\":\"https:\\\/\\\/folhapopular.info\\\/index.php\\\/2017\\\/07\\\/16\\\/conjunto-instrumental-abriu-o-festival-de-musica-de-teutonia\\\/\"},\"author\":{\"name\":\"Lucas Leandro Brune\",\"@id\":\"https:\\\/\\\/folhapopular.info\\\/#\\\/schema\\\/person\\\/533a15f60cd49e81ab3a90b4ca33cb36\"},\"headline\":\"Conjunto Instrumental abriu o Festival de M\u00fasica de Teut\u00f4nia\",\"datePublished\":\"2017-07-17T01:42:37+00:00\",\"mainEntityOfPage\":{\"@id\":\"https:\\\/\\\/folhapopular.info\\\/index.php\\\/2017\\\/07\\\/16\\\/conjunto-instrumental-abriu-o-festival-de-musica-de-teutonia\\\/\"},\"wordCount\":325,\"commentCount\":0,\"image\":{\"@id\":\"https:\\\/\\\/folhapopular.info\\\/index.php\\\/2017\\\/07\\\/16\\\/conjunto-instrumental-abriu-o-festival-de-musica-de-teutonia\\\/#primaryimage\"},\"thumbnailUrl\":\"https:\\\/\\\/folhapopular.info\\\/wp-content\\\/uploads\\\/2017\\\/07\\\/80b0bfde-6562-4178-8c36-685b67c8cffe.jpg\",\"keywords\":[\"Conjunto Instrumental do Col\u00e9gio Teut\u00f4nia\",\"CT\",\"Festival de M\u00fasica de Teut\u00f4nia\"],\"articleSection\":[\"Destaques\",\"Inclusive\"],\"inLanguage\":\"pt-BR\",\"potentialAction\":[{\"@type\":\"CommentAction\",\"name\":\"Comment\",\"target\":[\"https:\\\/\\\/folhapopular.info\\\/index.php\\\/2017\\\/07\\\/16\\\/conjunto-instrumental-abriu-o-festival-de-musica-de-teutonia\\\/#respond\"]}]},{\"@type\":\"WebPage\",\"@id\":\"https:\\\/\\\/folhapopular.info\\\/index.php\\\/2017\\\/07\\\/16\\\/conjunto-instrumental-abriu-o-festival-de-musica-de-teutonia\\\/\",\"url\":\"https:\\\/\\\/folhapopular.info\\\/index.php\\\/2017\\\/07\\\/16\\\/conjunto-instrumental-abriu-o-festival-de-musica-de-teutonia\\\/\",\"name\":\"Conjunto Instrumental abriu o Festival de M\u00fasica de Teut\u00f4nia - Folha Popular\",\"isPartOf\":{\"@id\":\"https:\\\/\\\/folhapopular.info\\\/#website\"},\"primaryImageOfPage\":{\"@id\":\"https:\\\/\\\/folhapopular.info\\\/index.php\\\/2017\\\/07\\\/16\\\/conjunto-instrumental-abriu-o-festival-de-musica-de-teutonia\\\/#primaryimage\"},\"image\":{\"@id\":\"https:\\\/\\\/folhapopular.info\\\/index.php\\\/2017\\\/07\\\/16\\\/conjunto-instrumental-abriu-o-festival-de-musica-de-teutonia\\\/#primaryimage\"},\"thumbnailUrl\":\"https:\\\/\\\/folhapopular.info\\\/wp-content\\\/uploads\\\/2017\\\/07\\\/80b0bfde-6562-4178-8c36-685b67c8cffe.jpg\",\"datePublished\":\"2017-07-17T01:42:37+00:00\",\"author\":{\"@id\":\"https:\\\/\\\/folhapopular.info\\\/#\\\/schema\\\/person\\\/533a15f60cd49e81ab3a90b4ca33cb36\"},\"breadcrumb\":{\"@id\":\"https:\\\/\\\/folhapopular.info\\\/index.php\\\/2017\\\/07\\\/16\\\/conjunto-instrumental-abriu-o-festival-de-musica-de-teutonia\\\/#breadcrumb\"},\"inLanguage\":\"pt-BR\",\"potentialAction\":[{\"@type\":\"ReadAction\",\"target\":[\"https:\\\/\\\/folhapopular.info\\\/index.php\\\/2017\\\/07\\\/16\\\/conjunto-instrumental-abriu-o-festival-de-musica-de-teutonia\\\/\"]}]},{\"@type\":\"ImageObject\",\"inLanguage\":\"pt-BR\",\"@id\":\"https:\\\/\\\/folhapopular.info\\\/index.php\\\/2017\\\/07\\\/16\\\/conjunto-instrumental-abriu-o-festival-de-musica-de-teutonia\\\/#primaryimage\",\"url\":\"https:\\\/\\\/folhapopular.info\\\/wp-content\\\/uploads\\\/2017\\\/07\\\/80b0bfde-6562-4178-8c36-685b67c8cffe.jpg\",\"contentUrl\":\"https:\\\/\\\/folhapopular.info\\\/wp-content\\\/uploads\\\/2017\\\/07\\\/80b0bfde-6562-4178-8c36-685b67c8cffe.jpg\",\"width\":1280,\"height\":720,\"caption\":\"Conjunto Instrumental do Col\u00e9gio Teut\u00f4nia abriu o 3\u00ba Festival de M\u00fasica\"},{\"@type\":\"BreadcrumbList\",\"@id\":\"https:\\\/\\\/folhapopular.info\\\/index.php\\\/2017\\\/07\\\/16\\\/conjunto-instrumental-abriu-o-festival-de-musica-de-teutonia\\\/#breadcrumb\",\"itemListElement\":[{\"@type\":\"ListItem\",\"position\":1,\"name\":\"In\u00edcio\",\"item\":\"https:\\\/\\\/folhapopular.info\\\/\"},{\"@type\":\"ListItem\",\"position\":2,\"name\":\"Conjunto Instrumental abriu o Festival de M\u00fasica de Teut\u00f4nia\"}]},{\"@type\":\"WebSite\",\"@id\":\"https:\\\/\\\/folhapopular.info\\\/#website\",\"url\":\"https:\\\/\\\/folhapopular.info\\\/\",\"name\":\"Folha Popular\",\"description\":\"Onde voc\u00ea tem vez e voz\",\"potentialAction\":[{\"@type\":\"SearchAction\",\"target\":{\"@type\":\"EntryPoint\",\"urlTemplate\":\"https:\\\/\\\/folhapopular.info\\\/?s={search_term_string}\"},\"query-input\":{\"@type\":\"PropertyValueSpecification\",\"valueRequired\":true,\"valueName\":\"search_term_string\"}}],\"inLanguage\":\"pt-BR\"},{\"@type\":\"Person\",\"@id\":\"https:\\\/\\\/folhapopular.info\\\/#\\\/schema\\\/person\\\/533a15f60cd49e81ab3a90b4ca33cb36\",\"name\":\"Lucas Leandro Brune\",\"image\":{\"@type\":\"ImageObject\",\"inLanguage\":\"pt-BR\",\"@id\":\"https:\\\/\\\/folhapopular.info\\\/wp-content\\\/uploads\\\/2026\\\/04\\\/LUCAS-1-1.webp\",\"url\":\"https:\\\/\\\/folhapopular.info\\\/wp-content\\\/uploads\\\/2026\\\/04\\\/LUCAS-1-1.webp\",\"contentUrl\":\"https:\\\/\\\/folhapopular.info\\\/wp-content\\\/uploads\\\/2026\\\/04\\\/LUCAS-1-1.webp\",\"caption\":\"Lucas Leandro Brune\"},\"description\":\"Jornalista Profissional Diplomado MTB\\\/RS 14.333\",\"url\":\"https:\\\/\\\/folhapopular.info\\\/index.php\\\/author\\\/lucas-brune\\\/\"}]}<\/script>\n<!-- \/ Yoast SEO plugin. -->","yoast_head_json":{"title":"Conjunto Instrumental abriu o Festival de M\u00fasica de Teut\u00f4nia - Folha Popular","robots":{"index":"index","follow":"follow","max-snippet":"max-snippet:-1","max-image-preview":"max-image-preview:large","max-video-preview":"max-video-preview:-1"},"canonical":"https:\/\/folhapopular.info\/index.php\/2017\/07\/16\/conjunto-instrumental-abriu-o-festival-de-musica-de-teutonia\/","og_locale":"pt_BR","og_type":"article","og_title":"Conjunto Instrumental abriu o Festival de M\u00fasica de Teut\u00f4nia - Folha Popular","og_description":"A 3\u00aa edi\u00e7\u00e3o do Festival de M\u00fasica de Teut\u00f4nia foi aberta na noite deste domingo (16\/07), com lota\u00e7\u00e3o m\u00e1xima no audit\u00f3rio da Sicredi Ouro Branco, no Bairro Languiru. O p\u00fablico aplaudiu intensamente o Conjunto Instrumental do Col\u00e9gio Teut\u00f4nia, que apresentou o Repert\u00f3rio Turn\u00ea Europa 2017. Durante uma hora e meia, os jovens instrumentistas e os [&hellip;]","og_url":"https:\/\/folhapopular.info\/index.php\/2017\/07\/16\/conjunto-instrumental-abriu-o-festival-de-musica-de-teutonia\/","og_site_name":"Folha Popular","article_published_time":"2017-07-17T01:42:37+00:00","og_image":[{"width":1280,"height":720,"url":"https:\/\/folhapopular.info\/wp-content\/uploads\/2017\/07\/80b0bfde-6562-4178-8c36-685b67c8cffe.jpg","type":"image\/jpeg"}],"author":"Lucas Leandro Brune","twitter_card":"summary_large_image","twitter_misc":{"Escrito por":"Lucas Leandro Brune","Est. tempo de leitura":"2 minutos"},"schema":{"@context":"https:\/\/schema.org","@graph":[{"@type":"Article","@id":"https:\/\/folhapopular.info\/index.php\/2017\/07\/16\/conjunto-instrumental-abriu-o-festival-de-musica-de-teutonia\/#article","isPartOf":{"@id":"https:\/\/folhapopular.info\/index.php\/2017\/07\/16\/conjunto-instrumental-abriu-o-festival-de-musica-de-teutonia\/"},"author":{"name":"Lucas Leandro Brune","@id":"https:\/\/folhapopular.info\/#\/schema\/person\/533a15f60cd49e81ab3a90b4ca33cb36"},"headline":"Conjunto Instrumental abriu o Festival de M\u00fasica de Teut\u00f4nia","datePublished":"2017-07-17T01:42:37+00:00","mainEntityOfPage":{"@id":"https:\/\/folhapopular.info\/index.php\/2017\/07\/16\/conjunto-instrumental-abriu-o-festival-de-musica-de-teutonia\/"},"wordCount":325,"commentCount":0,"image":{"@id":"https:\/\/folhapopular.info\/index.php\/2017\/07\/16\/conjunto-instrumental-abriu-o-festival-de-musica-de-teutonia\/#primaryimage"},"thumbnailUrl":"https:\/\/folhapopular.info\/wp-content\/uploads\/2017\/07\/80b0bfde-6562-4178-8c36-685b67c8cffe.jpg","keywords":["Conjunto Instrumental do Col\u00e9gio Teut\u00f4nia","CT","Festival de M\u00fasica de Teut\u00f4nia"],"articleSection":["Destaques","Inclusive"],"inLanguage":"pt-BR","potentialAction":[{"@type":"CommentAction","name":"Comment","target":["https:\/\/folhapopular.info\/index.php\/2017\/07\/16\/conjunto-instrumental-abriu-o-festival-de-musica-de-teutonia\/#respond"]}]},{"@type":"WebPage","@id":"https:\/\/folhapopular.info\/index.php\/2017\/07\/16\/conjunto-instrumental-abriu-o-festival-de-musica-de-teutonia\/","url":"https:\/\/folhapopular.info\/index.php\/2017\/07\/16\/conjunto-instrumental-abriu-o-festival-de-musica-de-teutonia\/","name":"Conjunto Instrumental abriu o Festival de M\u00fasica de Teut\u00f4nia - Folha Popular","isPartOf":{"@id":"https:\/\/folhapopular.info\/#website"},"primaryImageOfPage":{"@id":"https:\/\/folhapopular.info\/index.php\/2017\/07\/16\/conjunto-instrumental-abriu-o-festival-de-musica-de-teutonia\/#primaryimage"},"image":{"@id":"https:\/\/folhapopular.info\/index.php\/2017\/07\/16\/conjunto-instrumental-abriu-o-festival-de-musica-de-teutonia\/#primaryimage"},"thumbnailUrl":"https:\/\/folhapopular.info\/wp-content\/uploads\/2017\/07\/80b0bfde-6562-4178-8c36-685b67c8cffe.jpg","datePublished":"2017-07-17T01:42:37+00:00","author":{"@id":"https:\/\/folhapopular.info\/#\/schema\/person\/533a15f60cd49e81ab3a90b4ca33cb36"},"breadcrumb":{"@id":"https:\/\/folhapopular.info\/index.php\/2017\/07\/16\/conjunto-instrumental-abriu-o-festival-de-musica-de-teutonia\/#breadcrumb"},"inLanguage":"pt-BR","potentialAction":[{"@type":"ReadAction","target":["https:\/\/folhapopular.info\/index.php\/2017\/07\/16\/conjunto-instrumental-abriu-o-festival-de-musica-de-teutonia\/"]}]},{"@type":"ImageObject","inLanguage":"pt-BR","@id":"https:\/\/folhapopular.info\/index.php\/2017\/07\/16\/conjunto-instrumental-abriu-o-festival-de-musica-de-teutonia\/#primaryimage","url":"https:\/\/folhapopular.info\/wp-content\/uploads\/2017\/07\/80b0bfde-6562-4178-8c36-685b67c8cffe.jpg","contentUrl":"https:\/\/folhapopular.info\/wp-content\/uploads\/2017\/07\/80b0bfde-6562-4178-8c36-685b67c8cffe.jpg","width":1280,"height":720,"caption":"Conjunto Instrumental do Col\u00e9gio Teut\u00f4nia abriu o 3\u00ba Festival de M\u00fasica"},{"@type":"BreadcrumbList","@id":"https:\/\/folhapopular.info\/index.php\/2017\/07\/16\/conjunto-instrumental-abriu-o-festival-de-musica-de-teutonia\/#breadcrumb","itemListElement":[{"@type":"ListItem","position":1,"name":"In\u00edcio","item":"https:\/\/folhapopular.info\/"},{"@type":"ListItem","position":2,"name":"Conjunto Instrumental abriu o Festival de M\u00fasica de Teut\u00f4nia"}]},{"@type":"WebSite","@id":"https:\/\/folhapopular.info\/#website","url":"https:\/\/folhapopular.info\/","name":"Folha Popular","description":"Onde voc\u00ea tem vez e voz","potentialAction":[{"@type":"SearchAction","target":{"@type":"EntryPoint","urlTemplate":"https:\/\/folhapopular.info\/?s={search_term_string}"},"query-input":{"@type":"PropertyValueSpecification","valueRequired":true,"valueName":"search_term_string"}}],"inLanguage":"pt-BR"},{"@type":"Person","@id":"https:\/\/folhapopular.info\/#\/schema\/person\/533a15f60cd49e81ab3a90b4ca33cb36","name":"Lucas Leandro Brune","image":{"@type":"ImageObject","inLanguage":"pt-BR","@id":"https:\/\/folhapopular.info\/wp-content\/uploads\/2026\/04\/LUCAS-1-1.webp","url":"https:\/\/folhapopular.info\/wp-content\/uploads\/2026\/04\/LUCAS-1-1.webp","contentUrl":"https:\/\/folhapopular.info\/wp-content\/uploads\/2026\/04\/LUCAS-1-1.webp","caption":"Lucas Leandro Brune"},"description":"Jornalista Profissional Diplomado MTB\/RS 14.333","url":"https:\/\/folhapopular.info\/index.php\/author\/lucas-brune\/"}]}},"jetpack_featured_media_url":"https:\/\/folhapopular.info\/wp-content\/uploads\/2017\/07\/80b0bfde-6562-4178-8c36-685b67c8cffe.jpg","jetpack_sharing_enabled":true,"amp_enabled":true,"_links":{"self":[{"href":"https:\/\/folhapopular.info\/index.php\/wp-json\/wp\/v2\/posts\/32545","targetHints":{"allow":["GET"]}}],"collection":[{"href":"https:\/\/folhapopular.info\/index.php\/wp-json\/wp\/v2\/posts"}],"about":[{"href":"https:\/\/folhapopular.info\/index.php\/wp-json\/wp\/v2\/types\/post"}],"author":[{"embeddable":true,"href":"https:\/\/folhapopular.info\/index.php\/wp-json\/wp\/v2\/users\/7"}],"replies":[{"embeddable":true,"href":"https:\/\/folhapopular.info\/index.php\/wp-json\/wp\/v2\/comments?post=32545"}],"version-history":[{"count":0,"href":"https:\/\/folhapopular.info\/index.php\/wp-json\/wp\/v2\/posts\/32545\/revisions"}],"wp:featuredmedia":[{"embeddable":true,"href":"https:\/\/folhapopular.info\/index.php\/wp-json\/wp\/v2\/media\/32555"}],"wp:attachment":[{"href":"https:\/\/folhapopular.info\/index.php\/wp-json\/wp\/v2\/media?parent=32545"}],"wp:term":[{"taxonomy":"category","embeddable":true,"href":"https:\/\/folhapopular.info\/index.php\/wp-json\/wp\/v2\/categories?post=32545"},{"taxonomy":"post_tag","embeddable":true,"href":"https:\/\/folhapopular.info\/index.php\/wp-json\/wp\/v2\/tags?post=32545"}],"curies":[{"name":"wp","href":"https:\/\/api.w.org\/{rel}","templated":true}]}}